{"id":972,"date":"2020-05-31T08:38:50","date_gmt":"2020-05-31T08:38:50","guid":{"rendered":"http:\/\/imkerei-watermeyer.de\/?p=972"},"modified":"2020-05-31T08:38:50","modified_gmt":"2020-05-31T08:38:50","slug":"voegel-in-unserem-garten","status":"publish","type":"post","link":"https:\/\/imkerei-watermeyer.de\/?p=972","title":{"rendered":"V\u00f6gel in unserem Garten"},"content":{"rendered":"\n<p>Heute m\u00f6chten wir euch einmal ein paar Fotos von den V\u00f6geln zeigen, die bei uns im Garten heimisch sind.<\/p>\n\n\n\n<figure class=\"wp-block-image size-large\"><img data-attachment-id=\"938\" data-permalink=\"https:\/\/imkerei-watermeyer.de\/?attachment_id=938\" data-orig-file=\"https:\/\/imkerei-watermeyer.de\/wp-content\/uploads\/2020\/05\/DSC01379-scaled.jpg\" data-orig-size=\"2560,1920\" data-comments-opened=\"1\" data-image-meta=\"{&quot;aperture&quot;:&quot;5.6&quot;,&quot;credit&quot;:&quot;&quot;,&quot;camera&quot;:&quot;DSC-HX400V&quot;,&quot;caption&quot;:&quot;&quot;,&quot;created_timestamp&quot;:&quot;1585397748&quot;,&quot;copyright&quot;:&quot;&quot;,&quot;focal_length&quot;:&quot;135.23&quot;,&quot;iso&quot;:&quot;1000&quot;,&quot;shutter_speed&quot;:&quot;0.004&quot;,&quot;title&quot;:&quot;&quot;,&quot;orientation&quot;:&quot;1&quot;}\" data-image-title=\"DSC01379\" data-image-description=\"\" data-image-caption=\"\" data-medium-file=\"https:\/\/imkerei-watermeyer.de\/wp-content\/uploads\/2020\/05\/DSC01379-300x225.jpg\" data-large-file=\"https:\/\/imkerei-watermeyer.de\/wp-content\/uploads\/2020\/05\/DSC01379-scaled.jpg\" decoding=\"async\" loading=\"lazy\" width=\"2560\" height=\"1920\" src=\"http:\/\/imkerei-watermeyer.de\/wp-content\/uploads\/2020\/05\/DSC01379-scaled.jpg\" alt=\"\" class=\"wp-image-938\" srcset=\"https:\/\/imkerei-watermeyer.de\/wp-content\/uploads\/2020\/05\/DSC01379-scaled.jpg 2560w, https:\/\/imkerei-watermeyer.de\/wp-content\/uploads\/2020\/05\/DSC01379-300x225.jpg 300w, https:\/\/imkerei-watermeyer.de\/wp-content\/uploads\/2020\/05\/DSC01379-768x576.jpg 768w, https:\/\/imkerei-watermeyer.de\/wp-content\/uploads\/2020\/05\/DSC01379-2048x1536.jpg 2048w\" sizes=\"(max-width: 2560px) 100vw, 2560px\" \/><figcaption>Rotkehlchen am Gartenschlauch <\/figcaption><\/figure>\n\n\n\n<p>Wir genie\u00dfen es, bei uns auf dem Balkon zu sitzen und dem Gezwitscher der V\u00f6gel zu lauschen. Von dort aus haben wir einen guten Blick auf die Nistk\u00e4sten, die an unserer Garage angebracht sind.<\/p>\n\n\n\n<p>Die Spatzen haben in diesem Jahr schon 2x Brut darin gro\u00df gezogen.<\/p>\n\n\n\n<figure data-carousel-extra='{\"blog_id\":1,\"permalink\":\"https:\\\/\\\/imkerei-watermeyer.de\\\/?p=972\"}'  class=\"wp-block-gallery columns-3 is-cropped wp-block-gallery-1 is-layout-flex\"><ul class=\"blocks-gallery-grid\"><li class=\"blocks-gallery-item\"><figure><img data-attachment-id=\"947\" data-permalink=\"https:\/\/imkerei-watermeyer.de\/?attachment_id=947\" data-orig-file=\"https:\/\/imkerei-watermeyer.de\/wp-content\/uploads\/2020\/05\/DSC01396-scaled.jpg\" data-orig-size=\"2560,1920\" data-comments-opened=\"1\" data-image-meta=\"{&quot;aperture&quot;:&quot;6.3&quot;,&quot;credit&quot;:&quot;&quot;,&quot;camera&quot;:&quot;DSC-HX400V&quot;,&quot;caption&quot;:&quot;&quot;,&quot;created_timestamp&quot;:&quot;1589797842&quot;,&quot;copyright&quot;:&quot;&quot;,&quot;focal_length&quot;:&quot;170.04&quot;,&quot;iso&quot;:&quot;100&quot;,&quot;shutter_speed&quot;:&quot;0.004&quot;,&quot;title&quot;:&quot;&quot;,&quot;orientation&quot;:&quot;1&quot;}\" data-image-title=\"DSC01396\" data-image-description=\"\" data-image-caption=\"\" data-medium-file=\"https:\/\/imkerei-watermeyer.de\/wp-content\/uploads\/2020\/05\/DSC01396-300x225.jpg\" data-large-file=\"https:\/\/imkerei-watermeyer.de\/wp-content\/uploads\/2020\/05\/DSC01396-scaled.jpg\" decoding=\"async\" loading=\"lazy\" width=\"2560\" height=\"1920\" src=\"http:\/\/imkerei-watermeyer.de\/wp-content\/uploads\/2020\/05\/DSC01396-scaled.jpg\" data-id=\"947\" class=\"wp-image-947\" srcset=\"https:\/\/imkerei-watermeyer.de\/wp-content\/uploads\/2020\/05\/DSC01396-scaled.jpg 2560w, https:\/\/imkerei-watermeyer.de\/wp-content\/uploads\/2020\/05\/DSC01396-300x225.jpg 300w, https:\/\/imkerei-watermeyer.de\/wp-content\/uploads\/2020\/05\/DSC01396-768x576.jpg 768w, https:\/\/imkerei-watermeyer.de\/wp-content\/uploads\/2020\/05\/DSC01396-2048x1536.jpg 2048w\" sizes=\"(max-width: 2560px) 100vw, 2560px\" \/><\/figure><\/li><li class=\"blocks-gallery-item\"><figure><img data-attachment-id=\"946\" data-permalink=\"https:\/\/imkerei-watermeyer.de\/?attachment_id=946\" data-orig-file=\"https:\/\/imkerei-watermeyer.de\/wp-content\/uploads\/2020\/05\/DSC01395-scaled.jpg\" data-orig-size=\"2560,1920\" data-comments-opened=\"1\" data-image-meta=\"{&quot;aperture&quot;:&quot;6.3&quot;,&quot;credit&quot;:&quot;&quot;,&quot;camera&quot;:&quot;DSC-HX400V&quot;,&quot;caption&quot;:&quot;&quot;,&quot;created_timestamp&quot;:&quot;1589797833&quot;,&quot;copyright&quot;:&quot;&quot;,&quot;focal_length&quot;:&quot;170.04&quot;,&quot;iso&quot;:&quot;100&quot;,&quot;shutter_speed&quot;:&quot;0.004&quot;,&quot;title&quot;:&quot;&quot;,&quot;orientation&quot;:&quot;1&quot;}\" data-image-title=\"DSC01395\" data-image-description=\"\" data-image-caption=\"\" data-medium-file=\"https:\/\/imkerei-watermeyer.de\/wp-content\/uploads\/2020\/05\/DSC01395-300x225.jpg\" data-large-file=\"https:\/\/imkerei-watermeyer.de\/wp-content\/uploads\/2020\/05\/DSC01395-scaled.jpg\" decoding=\"async\" loading=\"lazy\" width=\"2560\" height=\"1920\" src=\"http:\/\/imkerei-watermeyer.de\/wp-content\/uploads\/2020\/05\/DSC01395-scaled.jpg\" data-id=\"946\" class=\"wp-image-946\" srcset=\"https:\/\/imkerei-watermeyer.de\/wp-content\/uploads\/2020\/05\/DSC01395-scaled.jpg 2560w, https:\/\/imkerei-watermeyer.de\/wp-content\/uploads\/2020\/05\/DSC01395-300x225.jpg 300w, https:\/\/imkerei-watermeyer.de\/wp-content\/uploads\/2020\/05\/DSC01395-768x576.jpg 768w, https:\/\/imkerei-watermeyer.de\/wp-content\/uploads\/2020\/05\/DSC01395-2048x1536.jpg 2048w\" sizes=\"(max-width: 2560px) 100vw, 2560px\" \/><\/figure><\/li><li class=\"blocks-gallery-item\"><figure><img data-attachment-id=\"945\" data-permalink=\"https:\/\/imkerei-watermeyer.de\/?attachment_id=945\" data-orig-file=\"https:\/\/imkerei-watermeyer.de\/wp-content\/uploads\/2020\/05\/DSC01394-scaled.jpg\" data-orig-size=\"2560,1920\" data-comments-opened=\"1\" data-image-meta=\"{&quot;aperture&quot;:&quot;6.3&quot;,&quot;credit&quot;:&quot;&quot;,&quot;camera&quot;:&quot;DSC-HX400V&quot;,&quot;caption&quot;:&quot;&quot;,&quot;created_timestamp&quot;:&quot;1589797830&quot;,&quot;copyright&quot;:&quot;&quot;,&quot;focal_length&quot;:&quot;170.04&quot;,&quot;iso&quot;:&quot;100&quot;,&quot;shutter_speed&quot;:&quot;0.004&quot;,&quot;title&quot;:&quot;&quot;,&quot;orientation&quot;:&quot;1&quot;}\" data-image-title=\"DSC01394\" data-image-description=\"\" data-image-caption=\"\" data-medium-file=\"https:\/\/imkerei-watermeyer.de\/wp-content\/uploads\/2020\/05\/DSC01394-300x225.jpg\" data-large-file=\"https:\/\/imkerei-watermeyer.de\/wp-content\/uploads\/2020\/05\/DSC01394-scaled.jpg\" decoding=\"async\" loading=\"lazy\" width=\"2560\" height=\"1920\" src=\"http:\/\/imkerei-watermeyer.de\/wp-content\/uploads\/2020\/05\/DSC01394-scaled.jpg\" data-id=\"945\" class=\"wp-image-945\" srcset=\"https:\/\/imkerei-watermeyer.de\/wp-content\/uploads\/2020\/05\/DSC01394-scaled.jpg 2560w, https:\/\/imkerei-watermeyer.de\/wp-content\/uploads\/2020\/05\/DSC01394-300x225.jpg 300w, https:\/\/imkerei-watermeyer.de\/wp-content\/uploads\/2020\/05\/DSC01394-768x576.jpg 768w, https:\/\/imkerei-watermeyer.de\/wp-content\/uploads\/2020\/05\/DSC01394-2048x1536.jpg 2048w\" sizes=\"(max-width: 2560px) 100vw, 2560px\" \/><\/figure><\/li><li class=\"blocks-gallery-item\"><figure><img data-attachment-id=\"944\" data-permalink=\"https:\/\/imkerei-watermeyer.de\/?attachment_id=944\" data-orig-file=\"https:\/\/imkerei-watermeyer.de\/wp-content\/uploads\/2020\/05\/DSC01393-scaled.jpg\" data-orig-size=\"2560,1920\" data-comments-opened=\"1\" data-image-meta=\"{&quot;aperture&quot;:&quot;6.3&quot;,&quot;credit&quot;:&quot;&quot;,&quot;camera&quot;:&quot;DSC-HX400V&quot;,&quot;caption&quot;:&quot;&quot;,&quot;created_timestamp&quot;:&quot;1589797826&quot;,&quot;copyright&quot;:&quot;&quot;,&quot;focal_length&quot;:&quot;170.04&quot;,&quot;iso&quot;:&quot;100&quot;,&quot;shutter_speed&quot;:&quot;0.004&quot;,&quot;title&quot;:&quot;&quot;,&quot;orientation&quot;:&quot;1&quot;}\" data-image-title=\"DSC01393\" data-image-description=\"\" data-image-caption=\"\" data-medium-file=\"https:\/\/imkerei-watermeyer.de\/wp-content\/uploads\/2020\/05\/DSC01393-300x225.jpg\" data-large-file=\"https:\/\/imkerei-watermeyer.de\/wp-content\/uploads\/2020\/05\/DSC01393-scaled.jpg\" decoding=\"async\" loading=\"lazy\" width=\"2560\" height=\"1920\" src=\"http:\/\/imkerei-watermeyer.de\/wp-content\/uploads\/2020\/05\/DSC01393-scaled.jpg\" data-id=\"944\" class=\"wp-image-944\" srcset=\"https:\/\/imkerei-watermeyer.de\/wp-content\/uploads\/2020\/05\/DSC01393-scaled.jpg 2560w, https:\/\/imkerei-watermeyer.de\/wp-content\/uploads\/2020\/05\/DSC01393-300x225.jpg 300w, https:\/\/imkerei-watermeyer.de\/wp-content\/uploads\/2020\/05\/DSC01393-768x576.jpg 768w, https:\/\/imkerei-watermeyer.de\/wp-content\/uploads\/2020\/05\/DSC01393-2048x1536.jpg 2048w\" sizes=\"(max-width: 2560px) 100vw, 2560px\" \/><\/figure><\/li><li class=\"blocks-gallery-item\"><figure><img data-attachment-id=\"943\" data-permalink=\"https:\/\/imkerei-watermeyer.de\/?attachment_id=943\" data-orig-file=\"https:\/\/imkerei-watermeyer.de\/wp-content\/uploads\/2020\/05\/DSC01392-scaled.jpg\" data-orig-size=\"2560,1920\" data-comments-opened=\"1\" data-image-meta=\"{&quot;aperture&quot;:&quot;6.3&quot;,&quot;credit&quot;:&quot;&quot;,&quot;camera&quot;:&quot;DSC-HX400V&quot;,&quot;caption&quot;:&quot;&quot;,&quot;created_timestamp&quot;:&quot;1589797824&quot;,&quot;copyright&quot;:&quot;&quot;,&quot;focal_length&quot;:&quot;170.04&quot;,&quot;iso&quot;:&quot;100&quot;,&quot;shutter_speed&quot;:&quot;0.004&quot;,&quot;title&quot;:&quot;&quot;,&quot;orientation&quot;:&quot;1&quot;}\" data-image-title=\"DSC01392\" data-image-description=\"\" data-image-caption=\"\" data-medium-file=\"https:\/\/imkerei-watermeyer.de\/wp-content\/uploads\/2020\/05\/DSC01392-300x225.jpg\" data-large-file=\"https:\/\/imkerei-watermeyer.de\/wp-content\/uploads\/2020\/05\/DSC01392-scaled.jpg\" decoding=\"async\" loading=\"lazy\" width=\"2560\" height=\"1920\" src=\"http:\/\/imkerei-watermeyer.de\/wp-content\/uploads\/2020\/05\/DSC01392-scaled.jpg\" data-id=\"943\" class=\"wp-image-943\" srcset=\"https:\/\/imkerei-watermeyer.de\/wp-content\/uploads\/2020\/05\/DSC01392-scaled.jpg 2560w, https:\/\/imkerei-watermeyer.de\/wp-content\/uploads\/2020\/05\/DSC01392-300x225.jpg 300w, https:\/\/imkerei-watermeyer.de\/wp-content\/uploads\/2020\/05\/DSC01392-768x576.jpg 768w, https:\/\/imkerei-watermeyer.de\/wp-content\/uploads\/2020\/05\/DSC01392-2048x1536.jpg 2048w\" sizes=\"(max-width: 2560px) 100vw, 2560px\" \/><\/figure><\/li><li class=\"blocks-gallery-item\"><figure><img data-attachment-id=\"942\" data-permalink=\"https:\/\/imkerei-watermeyer.de\/?attachment_id=942\" data-orig-file=\"https:\/\/imkerei-watermeyer.de\/wp-content\/uploads\/2020\/05\/DSC01391-scaled.jpg\" data-orig-size=\"2560,1920\" data-comments-opened=\"1\" data-image-meta=\"{&quot;aperture&quot;:&quot;6.3&quot;,&quot;credit&quot;:&quot;&quot;,&quot;camera&quot;:&quot;DSC-HX400V&quot;,&quot;caption&quot;:&quot;&quot;,&quot;created_timestamp&quot;:&quot;1589797821&quot;,&quot;copyright&quot;:&quot;&quot;,&quot;focal_length&quot;:&quot;170.04&quot;,&quot;iso&quot;:&quot;100&quot;,&quot;shutter_speed&quot;:&quot;0.004&quot;,&quot;title&quot;:&quot;&quot;,&quot;orientation&quot;:&quot;1&quot;}\" data-image-title=\"DSC01391\" data-image-description=\"\" data-image-caption=\"\" data-medium-file=\"https:\/\/imkerei-watermeyer.de\/wp-content\/uploads\/2020\/05\/DSC01391-300x225.jpg\" data-large-file=\"https:\/\/imkerei-watermeyer.de\/wp-content\/uploads\/2020\/05\/DSC01391-scaled.jpg\" decoding=\"async\" loading=\"lazy\" width=\"2560\" height=\"1920\" src=\"http:\/\/imkerei-watermeyer.de\/wp-content\/uploads\/2020\/05\/DSC01391-scaled.jpg\" data-id=\"942\" class=\"wp-image-942\" srcset=\"https:\/\/imkerei-watermeyer.de\/wp-content\/uploads\/2020\/05\/DSC01391-scaled.jpg 2560w, https:\/\/imkerei-watermeyer.de\/wp-content\/uploads\/2020\/05\/DSC01391-300x225.jpg 300w, https:\/\/imkerei-watermeyer.de\/wp-content\/uploads\/2020\/05\/DSC01391-768x576.jpg 768w, https:\/\/imkerei-watermeyer.de\/wp-content\/uploads\/2020\/05\/DSC01391-2048x1536.jpg 2048w\" sizes=\"(max-width: 2560px) 100vw, 2560px\" \/><\/figure><\/li><li class=\"blocks-gallery-item\"><figure><img data-attachment-id=\"941\" data-permalink=\"https:\/\/imkerei-watermeyer.de\/?attachment_id=941\" data-orig-file=\"https:\/\/imkerei-watermeyer.de\/wp-content\/uploads\/2020\/05\/DSC01389-scaled.jpg\" data-orig-size=\"2560,1920\" data-comments-opened=\"1\" data-image-meta=\"{&quot;aperture&quot;:&quot;6.3&quot;,&quot;credit&quot;:&quot;&quot;,&quot;camera&quot;:&quot;DSC-HX400V&quot;,&quot;caption&quot;:&quot;&quot;,&quot;created_timestamp&quot;:&quot;1589797750&quot;,&quot;copyright&quot;:&quot;&quot;,&quot;focal_length&quot;:&quot;215&quot;,&quot;iso&quot;:&quot;125&quot;,&quot;shutter_speed&quot;:&quot;0.003125&quot;,&quot;title&quot;:&quot;&quot;,&quot;orientation&quot;:&quot;1&quot;}\" data-image-title=\"DSC01389\" data-image-description=\"\" data-image-caption=\"\" data-medium-file=\"https:\/\/imkerei-watermeyer.de\/wp-content\/uploads\/2020\/05\/DSC01389-300x225.jpg\" data-large-file=\"https:\/\/imkerei-watermeyer.de\/wp-content\/uploads\/2020\/05\/DSC01389-scaled.jpg\" decoding=\"async\" loading=\"lazy\" width=\"2560\" height=\"1920\" src=\"http:\/\/imkerei-watermeyer.de\/wp-content\/uploads\/2020\/05\/DSC01389-scaled.jpg\" data-id=\"941\" class=\"wp-image-941\" srcset=\"https:\/\/imkerei-watermeyer.de\/wp-content\/uploads\/2020\/05\/DSC01389-scaled.jpg 2560w, https:\/\/imkerei-watermeyer.de\/wp-content\/uploads\/2020\/05\/DSC01389-300x225.jpg 300w, https:\/\/imkerei-watermeyer.de\/wp-content\/uploads\/2020\/05\/DSC01389-768x576.jpg 768w, https:\/\/imkerei-watermeyer.de\/wp-content\/uploads\/2020\/05\/DSC01389-2048x1536.jpg 2048w\" sizes=\"(max-width: 2560px) 100vw, 2560px\" \/><\/figure><\/li><li class=\"blocks-gallery-item\"><figure><img data-attachment-id=\"940\" data-permalink=\"https:\/\/imkerei-watermeyer.de\/?attachment_id=940\" data-orig-file=\"https:\/\/imkerei-watermeyer.de\/wp-content\/uploads\/2020\/05\/DSC01386-scaled.jpg\" data-orig-size=\"2560,1920\" data-comments-opened=\"1\" data-image-meta=\"{&quot;aperture&quot;:&quot;6.3&quot;,&quot;credit&quot;:&quot;&quot;,&quot;camera&quot;:&quot;DSC-HX400V&quot;,&quot;caption&quot;:&quot;&quot;,&quot;created_timestamp&quot;:&quot;1589797718&quot;,&quot;copyright&quot;:&quot;&quot;,&quot;focal_length&quot;:&quot;215&quot;,&quot;iso&quot;:&quot;125&quot;,&quot;shutter_speed&quot;:&quot;0.003125&quot;,&quot;title&quot;:&quot;&quot;,&quot;orientation&quot;:&quot;1&quot;}\" data-image-title=\"DSC01386\" data-image-description=\"\" data-image-caption=\"\" data-medium-file=\"https:\/\/imkerei-watermeyer.de\/wp-content\/uploads\/2020\/05\/DSC01386-300x225.jpg\" data-large-file=\"https:\/\/imkerei-watermeyer.de\/wp-content\/uploads\/2020\/05\/DSC01386-scaled.jpg\" decoding=\"async\" loading=\"lazy\" width=\"2560\" height=\"1920\" src=\"http:\/\/imkerei-watermeyer.de\/wp-content\/uploads\/2020\/05\/DSC01386-scaled.jpg\" data-id=\"940\" class=\"wp-image-940\" srcset=\"https:\/\/imkerei-watermeyer.de\/wp-content\/uploads\/2020\/05\/DSC01386-scaled.jpg 2560w, https:\/\/imkerei-watermeyer.de\/wp-content\/uploads\/2020\/05\/DSC01386-300x225.jpg 300w, https:\/\/imkerei-watermeyer.de\/wp-content\/uploads\/2020\/05\/DSC01386-768x576.jpg 768w, https:\/\/imkerei-watermeyer.de\/wp-content\/uploads\/2020\/05\/DSC01386-2048x1536.jpg 2048w\" sizes=\"(max-width: 2560px) 100vw, 2560px\" \/><\/figure><\/li><\/ul><figcaption class=\"blocks-gallery-caption\">F\u00fctterung bei den Spatzen<\/figcaption><\/figure>\n\n\n\n<p>Passend zu Pfingsten hat sich auch der Heilige Geist, der ja bekanntlich als Taube dargestellt wird, in unserem Garten niedergelassen.<\/p>\n\n\n\n<figure class=\"wp-block-image size-large\"><img data-attachment-id=\"950\" data-permalink=\"https:\/\/imkerei-watermeyer.de\/?attachment_id=950\" data-orig-file=\"https:\/\/imkerei-watermeyer.de\/wp-content\/uploads\/2020\/05\/DSC01409-scaled.jpg\" data-orig-size=\"2560,1920\" data-comments-opened=\"1\" data-image-meta=\"{&quot;aperture&quot;:&quot;4&quot;,&quot;credit&quot;:&quot;&quot;,&quot;camera&quot;:&quot;DSC-HX400V&quot;,&quot;caption&quot;:&quot;&quot;,&quot;created_timestamp&quot;:&quot;1590659390&quot;,&quot;copyright&quot;:&quot;&quot;,&quot;focal_length&quot;:&quot;15.64&quot;,&quot;iso&quot;:&quot;500&quot;,&quot;shutter_speed&quot;:&quot;0.01&quot;,&quot;title&quot;:&quot;&quot;,&quot;orientation&quot;:&quot;1&quot;}\" data-image-title=\"DSC01409\" data-image-description=\"\" data-image-caption=\"\" data-medium-file=\"https:\/\/imkerei-watermeyer.de\/wp-content\/uploads\/2020\/05\/DSC01409-300x225.jpg\" data-large-file=\"https:\/\/imkerei-watermeyer.de\/wp-content\/uploads\/2020\/05\/DSC01409-scaled.jpg\" decoding=\"async\" loading=\"lazy\" width=\"2560\" height=\"1920\" src=\"http:\/\/imkerei-watermeyer.de\/wp-content\/uploads\/2020\/05\/DSC01409-scaled.jpg\" alt=\"\" class=\"wp-image-950\" srcset=\"https:\/\/imkerei-watermeyer.de\/wp-content\/uploads\/2020\/05\/DSC01409-scaled.jpg 2560w, https:\/\/imkerei-watermeyer.de\/wp-content\/uploads\/2020\/05\/DSC01409-300x225.jpg 300w, https:\/\/imkerei-watermeyer.de\/wp-content\/uploads\/2020\/05\/DSC01409-768x576.jpg 768w, https:\/\/imkerei-watermeyer.de\/wp-content\/uploads\/2020\/05\/DSC01409-2048x1536.jpg 2048w\" sizes=\"(max-width: 2560px) 100vw, 2560px\" \/><figcaption>Nistende Taube im Buchenb\u00e4umchen<\/figcaption><\/figure>\n\n\n\n<p>Auch Meisen f\u00fchlen sich auf unserem Grundst\u00fcck wohl und haben hinter unserem Haus gebr\u00fctet.<\/p>\n\n\n\n<figure class=\"wp-block-image size-large\"><img data-attachment-id=\"971\" data-permalink=\"https:\/\/imkerei-watermeyer.de\/?attachment_id=971\" data-orig-file=\"https:\/\/imkerei-watermeyer.de\/wp-content\/uploads\/2020\/05\/DSC01464-scaled.jpg\" data-orig-size=\"2560,1920\" data-comments-opened=\"1\" data-image-meta=\"{&quot;aperture&quot;:&quot;6.3&quot;,&quot;credit&quot;:&quot;&quot;,&quot;camera&quot;:&quot;DSC-HX400V&quot;,&quot;caption&quot;:&quot;&quot;,&quot;created_timestamp&quot;:&quot;1590748614&quot;,&quot;copyright&quot;:&quot;&quot;,&quot;focal_length&quot;:&quot;184.34&quot;,&quot;iso&quot;:&quot;1600&quot;,&quot;shutter_speed&quot;:&quot;0.004&quot;,&quot;title&quot;:&quot;&quot;,&quot;orientation&quot;:&quot;1&quot;}\" data-image-title=\"DSC01464\" data-image-description=\"\" data-image-caption=\"\" data-medium-file=\"https:\/\/imkerei-watermeyer.de\/wp-content\/uploads\/2020\/05\/DSC01464-300x225.jpg\" data-large-file=\"https:\/\/imkerei-watermeyer.de\/wp-content\/uploads\/2020\/05\/DSC01464-scaled.jpg\" decoding=\"async\" src=\"http:\/\/imkerei-watermeyer.de\/wp-content\/uploads\/2020\/05\/DSC01464.jpg\" alt=\"\" class=\"wp-image-971\"\/><figcaption>Fl\u00fcgge gewordene Meise<\/figcaption><\/figure>\n\n\n\n<figure class=\"wp-block-image size-large\"><img data-attachment-id=\"956\" data-permalink=\"https:\/\/imkerei-watermeyer.de\/?attachment_id=956\" data-orig-file=\"https:\/\/imkerei-watermeyer.de\/wp-content\/uploads\/2020\/05\/DSC01430-scaled.jpg\" data-orig-size=\"2560,1920\" data-comments-opened=\"1\" data-image-meta=\"{&quot;aperture&quot;:&quot;6.3&quot;,&quot;credit&quot;:&quot;&quot;,&quot;camera&quot;:&quot;DSC-HX400V&quot;,&quot;caption&quot;:&quot;&quot;,&quot;created_timestamp&quot;:&quot;1590671852&quot;,&quot;copyright&quot;:&quot;&quot;,&quot;focal_length&quot;:&quot;198.96&quot;,&quot;iso&quot;:&quot;80&quot;,&quot;shutter_speed&quot;:&quot;0.00125&quot;,&quot;title&quot;:&quot;&quot;,&quot;orientation&quot;:&quot;1&quot;}\" data-image-title=\"DSC01430\" data-image-description=\"\" data-image-caption=\"\" data-medium-file=\"https:\/\/imkerei-watermeyer.de\/wp-content\/uploads\/2020\/05\/DSC01430-300x225.jpg\" data-large-file=\"https:\/\/imkerei-watermeyer.de\/wp-content\/uploads\/2020\/05\/DSC01430-scaled.jpg\" decoding=\"async\" loading=\"lazy\" width=\"2560\" height=\"1920\" src=\"http:\/\/imkerei-watermeyer.de\/wp-content\/uploads\/2020\/05\/DSC01430-scaled.jpg\" alt=\"\" class=\"wp-image-956\" srcset=\"https:\/\/imkerei-watermeyer.de\/wp-content\/uploads\/2020\/05\/DSC01430-scaled.jpg 2560w, https:\/\/imkerei-watermeyer.de\/wp-content\/uploads\/2020\/05\/DSC01430-300x225.jpg 300w, https:\/\/imkerei-watermeyer.de\/wp-content\/uploads\/2020\/05\/DSC01430-768x576.jpg 768w, https:\/\/imkerei-watermeyer.de\/wp-content\/uploads\/2020\/05\/DSC01430-2048x1536.jpg 2048w\" sizes=\"(max-width: 2560px) 100vw, 2560px\" \/><figcaption>Kohlmeise auf dem Garagenfirst<\/figcaption><\/figure>\n\n\n\n<p>Neben den gezeigten V\u00f6geln sind Amseln, Bachstelzen und sogar ein Zaunk\u00f6nig immer wieder zu Gast in unserem Garten. Die Amseln haben ein sicheres Gesp\u00fcr daf\u00fcr, wann unsere Erdbeeren reif sind und scheinen keine Tomatenpfl\u00e4nzchen zu m\u00f6gen. Zumindest haben sie s\u00e4mtliche selbstbezogenen Pflanzen zerpfl\u00fcckt.<\/p>\n\n\n\n<p>Eine Elster schaut auch hin und wieder vorbei, wenn die Spatzen br\u00fcten, aber in den Nistk\u00e4sten sind die kleinen V\u00f6gelchen sicher vor ihr.<\/p>\n","protected":false},"excerpt":{"rendered":"<p>Heute m\u00f6chten wir euch einmal ein paar Fotos von den V\u00f6geln zeigen, die bei uns im Garten heimisch sind. Wir genie\u00dfen es, bei uns auf dem Balkon zu sitzen und dem Gezwitscher der V\u00f6gel zu lauschen. Von dort aus haben wir einen guten Blick auf die Nistk\u00e4sten, die an unserer [&hellip;]<\/p>\n","protected":false},"author":1,"featured_media":941,"comment_status":"open","ping_status":"open","sticky":false,"template":"","format":"standard","meta":{"jetpack_post_was_ever_published":false,"_jetpack_newsletter_access":"","jetpack_publicize_message":"","jetpack_is_tweetstorm":false,"jetpack_publicize_feature_enabled":true,"jetpack_social_post_already_shared":true,"jetpack_social_options":{"image_generator_settings":{"template":"highway","enabled":false}}},"categories":[163,3,168],"tags":[10,71,15,90,89,170,31,173,171,172,174,169,175],"jetpack_publicize_connections":[],"jetpack_featured_media_url":"https:\/\/imkerei-watermeyer.de\/wp-content\/uploads\/2020\/05\/DSC01389-scaled.jpg","jetpack_sharing_enabled":true,"jetpack_shortlink":"https:\/\/wp.me\/p9uDaz-fG","jetpack_likes_enabled":true,"jetpack-related-posts":[{"id":218,"url":"https:\/\/imkerei-watermeyer.de\/?p=218","url_meta":{"origin":972,"position":0},"title":"Einwintern","author":"Homeraner","date":"August 31, 2015","format":false,"excerpt":"Morgen werden wieder Spekulatius und Dominosteine Einzug in deutsche Superm\u00e4rkte halten und der meteorologische Herbst beginnt. Der Hochsommer verabschiedet sich gerade bei uns mit Blitz und Donner. Doch wir Imker sind schon einen Schritt weiter! Im August stand bei unseren V\u00f6lkern das sogenannte Einwintern auf dem Programm. Zu den Arbeiten\u2026","rel":"","context":"In &quot;Blick ins Volk&quot;","block_context":{"text":"Blick ins Volk","link":"https:\/\/imkerei-watermeyer.de\/?cat=4"},"img":{"alt_text":"","src":"https:\/\/i0.wp.com\/imkerei-watermeyer.de\/wp-content\/uploads\/2015\/08\/IMG_4358-0.jpg?resize=350%2C200&ssl=1","width":350,"height":200,"srcset":"https:\/\/i0.wp.com\/imkerei-watermeyer.de\/wp-content\/uploads\/2015\/08\/IMG_4358-0.jpg?resize=350%2C200&ssl=1 1x, https:\/\/i0.wp.com\/imkerei-watermeyer.de\/wp-content\/uploads\/2015\/08\/IMG_4358-0.jpg?resize=700%2C400&ssl=1 2x, https:\/\/i0.wp.com\/imkerei-watermeyer.de\/wp-content\/uploads\/2015\/08\/IMG_4358-0.jpg?resize=1050%2C600&ssl=1 3x, https:\/\/i0.wp.com\/imkerei-watermeyer.de\/wp-content\/uploads\/2015\/08\/IMG_4358-0.jpg?resize=1400%2C800&ssl=1 4x"},"classes":[]},{"id":334,"url":"https:\/\/imkerei-watermeyer.de\/?p=334","url_meta":{"origin":972,"position":1},"title":"Die erste Bl\u00fcte","author":"Homeraner","date":"August 9, 2016","format":false,"excerpt":"Nachdem wir vor 5 Jahren zweij\u00e4hrige Pflanzen gekauft haben, bl\u00fcht nun die erste samthaarige Stinkesche in unserem Garten. Der lateinische Name lautet Euodia hupehensis. So weit so gut. Die eigentliche Bedeutung f\u00fcr uns Imker zeigt aber die viel nettere Bezeichnung dieser Pflanze - Bienenbaum! Der Bienenbaum bl\u00fcht je nach Sorte\u2026","rel":"","context":"In &quot;Natur&quot;","block_context":{"text":"Natur","link":"https:\/\/imkerei-watermeyer.de\/?cat=3"},"img":{"alt_text":"","src":"https:\/\/i0.wp.com\/imkerei-watermeyer.de\/wp-content\/uploads\/2016\/08\/img_2505.jpg?resize=350%2C200&ssl=1","width":350,"height":200,"srcset":"https:\/\/i0.wp.com\/imkerei-watermeyer.de\/wp-content\/uploads\/2016\/08\/img_2505.jpg?resize=350%2C200&ssl=1 1x, https:\/\/i0.wp.com\/imkerei-watermeyer.de\/wp-content\/uploads\/2016\/08\/img_2505.jpg?resize=700%2C400&ssl=1 2x, https:\/\/i0.wp.com\/imkerei-watermeyer.de\/wp-content\/uploads\/2016\/08\/img_2505.jpg?resize=1050%2C600&ssl=1 3x, https:\/\/i0.wp.com\/imkerei-watermeyer.de\/wp-content\/uploads\/2016\/08\/img_2505.jpg?resize=1400%2C800&ssl=1 4x"},"classes":[]},{"id":121,"url":"https:\/\/imkerei-watermeyer.de\/?p=121","url_meta":{"origin":972,"position":2},"title":"Kastanienbl\u00fcte Teil 1","author":"Homeraner","date":"Mai 5, 2015","format":false,"excerpt":"Die Rosskastanie in unserem Garten ist mittlerweile in voller Bl\u00fcte. Es ist wunderbar abends einfach ruhig unter dem Baum zu stehen und dem Summen der Bienen und Hummeln zu lauschen. Die Rosskastanie ist f\u00fcr uns ein Zeichen, wann bei uns in der Gegend die sogenannte Fr\u00fchtracht vorbei ist und zum\u2026","rel":"","context":"In &quot;Natur&quot;","block_context":{"text":"Natur","link":"https:\/\/imkerei-watermeyer.de\/?cat=3"},"img":{"alt_text":"","src":"https:\/\/i0.wp.com\/imkerei-watermeyer.de\/wp-content\/uploads\/2015\/05\/Rosskastanie-in-Bl\u00c3\u00bcte-e1430851906289-225x300.jpg?resize=350%2C200","width":350,"height":200},"classes":[]},{"id":669,"url":"https:\/\/imkerei-watermeyer.de\/?p=669","url_meta":{"origin":972,"position":3},"title":"Das Insektenhotel","author":"Homeraner","date":"Juli 28, 2019","format":false,"excerpt":"Wie letztens auf unserem Instagram-Account angek\u00fcndigt, haben wir in den Sommerferien zusammen mit den Kindern ein Insektenhotel gebaut. Sicher keine Profi-Variante, sicher gibt es einige Dinge, die verbesserungsw\u00fcrdig w\u00e4ren, aber es ist halt selbstgemacht. Die Idee dazu kam uns bei einem unserer Besuche in Bielefeld bei Inas Eltern. Dort nisten\u2026","rel":"","context":"In &quot;Natur&quot;","block_context":{"text":"Natur","link":"https:\/\/imkerei-watermeyer.de\/?cat=3"},"img":{"alt_text":"","src":"https:\/\/i0.wp.com\/imkerei-watermeyer.de\/wp-content\/uploads\/2019\/07\/dsc00386-e1564310785592.jpg?resize=350%2C200&ssl=1","width":350,"height":200,"srcset":"https:\/\/i0.wp.com\/imkerei-watermeyer.de\/wp-content\/uploads\/2019\/07\/dsc00386-e1564310785592.jpg?resize=350%2C200&ssl=1 1x, https:\/\/i0.wp.com\/imkerei-watermeyer.de\/wp-content\/uploads\/2019\/07\/dsc00386-e1564310785592.jpg?resize=700%2C400&ssl=1 2x, https:\/\/i0.wp.com\/imkerei-watermeyer.de\/wp-content\/uploads\/2019\/07\/dsc00386-e1564310785592.jpg?resize=1050%2C600&ssl=1 3x, https:\/\/i0.wp.com\/imkerei-watermeyer.de\/wp-content\/uploads\/2019\/07\/dsc00386-e1564310785592.jpg?resize=1400%2C800&ssl=1 4x"},"classes":[]},{"id":879,"url":"https:\/\/imkerei-watermeyer.de\/?p=879","url_meta":{"origin":972,"position":4},"title":"Erste Ver\u00e4nderungen im neuen Garten","author":"Homeraner","date":"Mai 3, 2020","format":false,"excerpt":"Nachdem wir Anfang Februar ein neues Zuhause f\u00fcr die Laggenbiene gekauft haben, hat Daniel seine freie Zeit im April dazu genutzt, erste Ver\u00e4nderungen im Garten anzugehen. Vor unseren \u00c4nderungen Am Aufgang zum Haus war ein Beet komplett mit Efeu zugewuchert und Ahorn und Birke hatten sich dort wild ausges\u00e4t. Dieses\u2026","rel":"","context":"In &quot;Garten&quot;","block_context":{"text":"Garten","link":"https:\/\/imkerei-watermeyer.de\/?cat=163"},"img":{"alt_text":"","src":"https:\/\/i0.wp.com\/imkerei-watermeyer.de\/wp-content\/uploads\/2020\/04\/img_7107.jpg?resize=350%2C200&ssl=1","width":350,"height":200,"srcset":"https:\/\/i0.wp.com\/imkerei-watermeyer.de\/wp-content\/uploads\/2020\/04\/img_7107.jpg?resize=350%2C200&ssl=1 1x, https:\/\/i0.wp.com\/imkerei-watermeyer.de\/wp-content\/uploads\/2020\/04\/img_7107.jpg?resize=700%2C400&ssl=1 2x, https:\/\/i0.wp.com\/imkerei-watermeyer.de\/wp-content\/uploads\/2020\/04\/img_7107.jpg?resize=1050%2C600&ssl=1 3x, https:\/\/i0.wp.com\/imkerei-watermeyer.de\/wp-content\/uploads\/2020\/04\/img_7107.jpg?resize=1400%2C800&ssl=1 4x"},"classes":[]},{"id":227,"url":"https:\/\/imkerei-watermeyer.de\/?p=227","url_meta":{"origin":972,"position":5},"title":"Wenn man ihn denn l\u00e4sst,&#8230;","author":"Homeraner","date":"Oktober 25, 2015","format":false,"excerpt":"...bl\u00fcht der Efeu im September\/Oktober. Dann bietet das sonst als lebloses Friedhofskraut bekannte Rankgew\u00e4chs den Bienen eine letzte Nektarnahrung, bevor die lange bl\u00fctenlose Winterzeit beginnt. Da der Efeu aufgrund seines schnellen Wuchses und seiner Verwendung als gr\u00fcne Wand meist Jahr f\u00fcr Jahr zur\u00fcckgeschnitten wird, k\u00f6nnen sich meistens keine Bl\u00fcten bilden.\u2026","rel":"","context":"In &quot;Natur&quot;","block_context":{"text":"Natur","link":"https:\/\/imkerei-watermeyer.de\/?cat=3"},"img":{"alt_text":"","src":"https:\/\/i0.wp.com\/imkerei-watermeyer.de\/wp-content\/uploads\/2015\/10\/IMG_5332-0.jpg?resize=350%2C200&ssl=1","width":350,"height":200,"srcset":"https:\/\/i0.wp.com\/imkerei-watermeyer.de\/wp-content\/uploads\/2015\/10\/IMG_5332-0.jpg?resize=350%2C200&ssl=1 1x, https:\/\/i0.wp.com\/imkerei-watermeyer.de\/wp-content\/uploads\/2015\/10\/IMG_5332-0.jpg?resize=700%2C400&ssl=1 2x, https:\/\/i0.wp.com\/imkerei-watermeyer.de\/wp-content\/uploads\/2015\/10\/IMG_5332-0.jpg?resize=1050%2C600&ssl=1 3x, https:\/\/i0.wp.com\/imkerei-watermeyer.de\/wp-content\/uploads\/2015\/10\/IMG_5332-0.jpg?resize=1400%2C800&ssl=1 4x"},"classes":[]}],"_links":{"self":[{"href":"https:\/\/imkerei-watermeyer.de\/index.php?rest_route=\/wp\/v2\/posts\/972"}],"collection":[{"href":"https:\/\/imkerei-watermeyer.de\/index.php?rest_route=\/wp\/v2\/posts"}],"about":[{"href":"https:\/\/imkerei-watermeyer.de\/index.php?rest_route=\/wp\/v2\/types\/post"}],"author":[{"embeddable":true,"href":"https:\/\/imkerei-watermeyer.de\/index.php?rest_route=\/wp\/v2\/users\/1"}],"replies":[{"embeddable":true,"href":"https:\/\/imkerei-watermeyer.de\/index.php?rest_route=%2Fwp%2Fv2%2Fcomments&post=972"}],"version-history":[{"count":0,"href":"https:\/\/imkerei-watermeyer.de\/index.php?rest_route=\/wp\/v2\/posts\/972\/revisions"}],"wp:featuredmedia":[{"embeddable":true,"href":"https:\/\/imkerei-watermeyer.de\/index.php?rest_route=\/wp\/v2\/media\/941"}],"wp:attachment":[{"href":"https:\/\/imkerei-watermeyer.de\/index.php?rest_route=%2Fwp%2Fv2%2Fmedia&parent=972"}],"wp:term":[{"taxonomy":"category","embeddable":true,"href":"https:\/\/imkerei-watermeyer.de\/index.php?rest_route=%2Fwp%2Fv2%2Fcategories&post=972"},{"taxonomy":"post_tag","embeddable":true,"href":"https:\/\/imkerei-watermeyer.de\/index.php?rest_route=%2Fwp%2Fv2%2Ftags&post=972"}],"curies":[{"name":"wp","href":"https:\/\/api.w.org\/{rel}","templated":true}]}}