{"id":501,"date":"2018-04-17T20:45:28","date_gmt":"2018-04-17T20:45:28","guid":{"rendered":"http:\/\/imkerei-watermeyer.de\/?p=501"},"modified":"2018-04-17T20:45:28","modified_gmt":"2018-04-17T20:45:28","slug":"1-richtig-warme-fruehlingstag","status":"publish","type":"post","link":"https:\/\/imkerei-watermeyer.de\/?p=501","title":{"rendered":"1. richtig warme Fr\u00fchlingstag"},"content":{"rendered":"<p>Heute ist hier im Teutoburger Wald der erste richtig warme Fr\u00fchlingstag mit Temperaturen \u00fcber 20 Grad Celsius.<\/p>\n<p>Nicht nur wir Menschen haben das Bed\u00fcrfnis, bei dem warmen Wetter m\u00f6glichst viel Zeit drau\u00dfen zu verbringen.<\/p>\n<p><img data-attachment-id=\"494\" data-permalink=\"https:\/\/imkerei-watermeyer.de\/?attachment_id=494\" data-orig-file=\"https:\/\/imkerei-watermeyer.de\/wp-content\/uploads\/2018\/04\/img_0730.jpg\" data-orig-size=\"2448,3264\" data-comments-opened=\"1\" data-image-meta=\"{&quot;aperture&quot;:&quot;0&quot;,&quot;credit&quot;:&quot;&quot;,&quot;camera&quot;:&quot;&quot;,&quot;caption&quot;:&quot;&quot;,&quot;created_timestamp&quot;:&quot;0&quot;,&quot;copyright&quot;:&quot;&quot;,&quot;focal_length&quot;:&quot;0&quot;,&quot;iso&quot;:&quot;0&quot;,&quot;shutter_speed&quot;:&quot;0&quot;,&quot;title&quot;:&quot;&quot;,&quot;orientation&quot;:&quot;1&quot;}\" data-image-title=\"img_0730\" data-image-description=\"\" data-image-caption=\"\" data-medium-file=\"https:\/\/imkerei-watermeyer.de\/wp-content\/uploads\/2018\/04\/img_0730-225x300.jpg\" data-large-file=\"https:\/\/imkerei-watermeyer.de\/wp-content\/uploads\/2018\/04\/img_0730-768x1024.jpg\" decoding=\"async\" loading=\"lazy\" src=\"http:\/\/imkerei-watermeyer.de\/wp-content\/uploads\/2018\/04\/img_0730.jpg\" class=\"wp-image-494 size-full\" height=\"3264\" width=\"2448\" srcset=\"https:\/\/imkerei-watermeyer.de\/wp-content\/uploads\/2018\/04\/img_0730.jpg 2448w, https:\/\/imkerei-watermeyer.de\/wp-content\/uploads\/2018\/04\/img_0730-225x300.jpg 225w, https:\/\/imkerei-watermeyer.de\/wp-content\/uploads\/2018\/04\/img_0730-768x1024.jpg 768w\" sizes=\"(max-width: 2448px) 100vw, 2448px\" \/><\/p>\n<p>Auch die Bienen zieht es aus dem Stock raus und flei\u00dfig werden Pollen und Nektar gesammelt.<\/p>\n<a class=\"wp-embedded-video\" href=\"http:\/\/imkerei-watermeyer.de\/wp-content\/uploads\/2018\/04\/img_0734.mov\">http:\/\/imkerei-watermeyer.de\/wp-content\/uploads\/2018\/04\/img_0734.mov<\/a>\n<p>Endlich erwacht die Natur und \u00fcberall beginnt es zu bl\u00fchen.<\/p>\n<p><img data-attachment-id=\"497\" data-permalink=\"https:\/\/imkerei-watermeyer.de\/?attachment_id=497\" data-orig-file=\"https:\/\/imkerei-watermeyer.de\/wp-content\/uploads\/2018\/04\/img_0740-1.jpg\" data-orig-size=\"2448,3264\" data-comments-opened=\"1\" data-image-meta=\"{&quot;aperture&quot;:&quot;0&quot;,&quot;credit&quot;:&quot;&quot;,&quot;camera&quot;:&quot;&quot;,&quot;caption&quot;:&quot;&quot;,&quot;created_timestamp&quot;:&quot;0&quot;,&quot;copyright&quot;:&quot;&quot;,&quot;focal_length&quot;:&quot;0&quot;,&quot;iso&quot;:&quot;0&quot;,&quot;shutter_speed&quot;:&quot;0&quot;,&quot;title&quot;:&quot;&quot;,&quot;orientation&quot;:&quot;1&quot;}\" data-image-title=\"img_0740-1\" data-image-description=\"\" data-image-caption=\"\" data-medium-file=\"https:\/\/imkerei-watermeyer.de\/wp-content\/uploads\/2018\/04\/img_0740-1-225x300.jpg\" data-large-file=\"https:\/\/imkerei-watermeyer.de\/wp-content\/uploads\/2018\/04\/img_0740-1-768x1024.jpg\" decoding=\"async\" loading=\"lazy\" src=\"http:\/\/imkerei-watermeyer.de\/wp-content\/uploads\/2018\/04\/img_0740-1.jpg\" class=\"wp-image-497 size-full\" height=\"3264\" width=\"2448\" srcset=\"https:\/\/imkerei-watermeyer.de\/wp-content\/uploads\/2018\/04\/img_0740-1.jpg 2448w, https:\/\/imkerei-watermeyer.de\/wp-content\/uploads\/2018\/04\/img_0740-1-225x300.jpg 225w, https:\/\/imkerei-watermeyer.de\/wp-content\/uploads\/2018\/04\/img_0740-1-768x1024.jpg 768w\" sizes=\"(max-width: 2448px) 100vw, 2448px\" \/><img data-attachment-id=\"499\" data-permalink=\"https:\/\/imkerei-watermeyer.de\/?attachment_id=499\" data-orig-file=\"https:\/\/imkerei-watermeyer.de\/wp-content\/uploads\/2018\/04\/img_0738.jpg\" data-orig-size=\"2448,3264\" data-comments-opened=\"1\" data-image-meta=\"{&quot;aperture&quot;:&quot;0&quot;,&quot;credit&quot;:&quot;&quot;,&quot;camera&quot;:&quot;&quot;,&quot;caption&quot;:&quot;&quot;,&quot;created_timestamp&quot;:&quot;0&quot;,&quot;copyright&quot;:&quot;&quot;,&quot;focal_length&quot;:&quot;0&quot;,&quot;iso&quot;:&quot;0&quot;,&quot;shutter_speed&quot;:&quot;0&quot;,&quot;title&quot;:&quot;&quot;,&quot;orientation&quot;:&quot;1&quot;}\" data-image-title=\"img_0738\" data-image-description=\"\" data-image-caption=\"\" data-medium-file=\"https:\/\/imkerei-watermeyer.de\/wp-content\/uploads\/2018\/04\/img_0738-225x300.jpg\" data-large-file=\"https:\/\/imkerei-watermeyer.de\/wp-content\/uploads\/2018\/04\/img_0738-768x1024.jpg\" decoding=\"async\" loading=\"lazy\" src=\"http:\/\/imkerei-watermeyer.de\/wp-content\/uploads\/2018\/04\/img_0738.jpg\" class=\"size-full wp-image-499\" height=\"3264\" width=\"2448\" srcset=\"https:\/\/imkerei-watermeyer.de\/wp-content\/uploads\/2018\/04\/img_0738.jpg 2448w, https:\/\/imkerei-watermeyer.de\/wp-content\/uploads\/2018\/04\/img_0738-225x300.jpg 225w, https:\/\/imkerei-watermeyer.de\/wp-content\/uploads\/2018\/04\/img_0738-768x1024.jpg 768w\" sizes=\"(max-width: 2448px) 100vw, 2448px\" \/><img data-attachment-id=\"498\" data-permalink=\"https:\/\/imkerei-watermeyer.de\/?attachment_id=498\" data-orig-file=\"https:\/\/imkerei-watermeyer.de\/wp-content\/uploads\/2018\/04\/img_0732.jpg\" data-orig-size=\"2448,3264\" data-comments-opened=\"1\" data-image-meta=\"{&quot;aperture&quot;:&quot;0&quot;,&quot;credit&quot;:&quot;&quot;,&quot;camera&quot;:&quot;&quot;,&quot;caption&quot;:&quot;&quot;,&quot;created_timestamp&quot;:&quot;0&quot;,&quot;copyright&quot;:&quot;&quot;,&quot;focal_length&quot;:&quot;0&quot;,&quot;iso&quot;:&quot;0&quot;,&quot;shutter_speed&quot;:&quot;0&quot;,&quot;title&quot;:&quot;&quot;,&quot;orientation&quot;:&quot;1&quot;}\" data-image-title=\"img_0732\" data-image-description=\"\" data-image-caption=\"\" data-medium-file=\"https:\/\/imkerei-watermeyer.de\/wp-content\/uploads\/2018\/04\/img_0732-225x300.jpg\" data-large-file=\"https:\/\/imkerei-watermeyer.de\/wp-content\/uploads\/2018\/04\/img_0732-768x1024.jpg\" decoding=\"async\" loading=\"lazy\" src=\"http:\/\/imkerei-watermeyer.de\/wp-content\/uploads\/2018\/04\/img_0732.jpg\" class=\"size-full wp-image-498\" height=\"3264\" width=\"2448\" srcset=\"https:\/\/imkerei-watermeyer.de\/wp-content\/uploads\/2018\/04\/img_0732.jpg 2448w, https:\/\/imkerei-watermeyer.de\/wp-content\/uploads\/2018\/04\/img_0732-225x300.jpg 225w, https:\/\/imkerei-watermeyer.de\/wp-content\/uploads\/2018\/04\/img_0732-768x1024.jpg 768w\" sizes=\"(max-width: 2448px) 100vw, 2448px\" \/><\/p>\n<p>Durch den Umzug meiner Bienen habe ich in diesem Jahr die gro\u00dfe Chance, endlich mal Rapshonig zu ernten. Zumindest stehen meine Bienen direkt neben einem Rapsfeld.<\/p>\n<p><img data-attachment-id=\"500\" data-permalink=\"https:\/\/imkerei-watermeyer.de\/?attachment_id=500\" data-orig-file=\"https:\/\/imkerei-watermeyer.de\/wp-content\/uploads\/2018\/04\/img_0736.jpg\" data-orig-size=\"3264,2448\" data-comments-opened=\"1\" data-image-meta=\"{&quot;aperture&quot;:&quot;0&quot;,&quot;credit&quot;:&quot;&quot;,&quot;camera&quot;:&quot;&quot;,&quot;caption&quot;:&quot;&quot;,&quot;created_timestamp&quot;:&quot;0&quot;,&quot;copyright&quot;:&quot;&quot;,&quot;focal_length&quot;:&quot;0&quot;,&quot;iso&quot;:&quot;0&quot;,&quot;shutter_speed&quot;:&quot;0&quot;,&quot;title&quot;:&quot;&quot;,&quot;orientation&quot;:&quot;1&quot;}\" data-image-title=\"img_0736\" data-image-description=\"\" data-image-caption=\"\" data-medium-file=\"https:\/\/imkerei-watermeyer.de\/wp-content\/uploads\/2018\/04\/img_0736-300x225.jpg\" data-large-file=\"https:\/\/imkerei-watermeyer.de\/wp-content\/uploads\/2018\/04\/img_0736-1024x768.jpg\" decoding=\"async\" loading=\"lazy\" src=\"http:\/\/imkerei-watermeyer.de\/wp-content\/uploads\/2018\/04\/img_0736.jpg\" class=\"wp-image-500 size-full\" height=\"2448\" width=\"3264\" srcset=\"https:\/\/imkerei-watermeyer.de\/wp-content\/uploads\/2018\/04\/img_0736.jpg 3264w, https:\/\/imkerei-watermeyer.de\/wp-content\/uploads\/2018\/04\/img_0736-300x225.jpg 300w, https:\/\/imkerei-watermeyer.de\/wp-content\/uploads\/2018\/04\/img_0736-768x576.jpg 768w, https:\/\/imkerei-watermeyer.de\/wp-content\/uploads\/2018\/04\/img_0736-1024x768.jpg 1024w\" sizes=\"(max-width: 3264px) 100vw, 3264px\" \/><\/p>\n","protected":false},"excerpt":{"rendered":"<p>Heute ist hier im Teutoburger Wald der erste richtig warme Fr\u00fchlingstag mit Temperaturen \u00fcber 20 Grad Celsius. Nicht nur wir Menschen haben das Bed\u00fcrfnis, bei dem warmen Wetter m\u00f6glichst viel Zeit drau\u00dfen zu verbringen. Auch die Bienen zieht es aus dem Stock raus und flei\u00dfig werden Pollen und Nektar gesammelt. [&hellip;]<\/p>\n","protected":false},"author":1,"featured_media":496,"comment_status":"open","ping_status":"open","sticky":false,"template":"","format":"standard","meta":{"jetpack_post_was_ever_published":false,"_jetpack_newsletter_access":"","jetpack_publicize_message":"","jetpack_is_tweetstorm":false,"jetpack_publicize_feature_enabled":true,"jetpack_social_post_already_shared":true,"jetpack_social_options":{"image_generator_settings":{"template":"highway","enabled":false}}},"categories":[2,3],"tags":[44,17,45,31],"jetpack_publicize_connections":[],"jetpack_featured_media_url":"https:\/\/imkerei-watermeyer.de\/wp-content\/uploads\/2018\/04\/img_0740.jpg","jetpack_sharing_enabled":true,"jetpack_shortlink":"https:\/\/wp.me\/p9uDaz-85","jetpack_likes_enabled":true,"jetpack-related-posts":[{"id":438,"url":"https:\/\/imkerei-watermeyer.de\/?p=438","url_meta":{"origin":501,"position":0},"title":"K\u00f6nigin gesichtet","author":"Homeraner","date":"August 2, 2017","format":false,"excerpt":"Am letzten Wochenende habe ich es nach \u00fcber 25 Jahren mal wieder ins LWL-Freilichtmuseum Detmold geschafft. Es war hochinteressant, all die alten H\u00f6fe aus Westfalen und dem Lipperland zu sehen. All die gut durchdachten L\u00f6sungen, die unsere Vorfahren schon vor mehreren hundert Jahren parat hatten. Besonderes Augenmerk habe ich als\u2026","rel":"","context":"In &quot;Bienenbilder&quot;","block_context":{"text":"Bienenbilder","link":"https:\/\/imkerei-watermeyer.de\/?cat=2"},"img":{"alt_text":"","src":"https:\/\/i0.wp.com\/imkerei-watermeyer.de\/wp-content\/uploads\/2017\/08\/img_3375.jpg?resize=350%2C200&ssl=1","width":350,"height":200,"srcset":"https:\/\/i0.wp.com\/imkerei-watermeyer.de\/wp-content\/uploads\/2017\/08\/img_3375.jpg?resize=350%2C200&ssl=1 1x, https:\/\/i0.wp.com\/imkerei-watermeyer.de\/wp-content\/uploads\/2017\/08\/img_3375.jpg?resize=700%2C400&ssl=1 2x, https:\/\/i0.wp.com\/imkerei-watermeyer.de\/wp-content\/uploads\/2017\/08\/img_3375.jpg?resize=1050%2C600&ssl=1 3x, https:\/\/i0.wp.com\/imkerei-watermeyer.de\/wp-content\/uploads\/2017\/08\/img_3375.jpg?resize=1400%2C800&ssl=1 4x"},"classes":[]},{"id":548,"url":"https:\/\/imkerei-watermeyer.de\/?p=548","url_meta":{"origin":501,"position":1},"title":"Das Bienenjahr beginnt","author":"Homeraner","date":"M\u00e4rz 22, 2019","format":false,"excerpt":"Heute hat es das Thermometer bei uns in Laggenbeck fast bis an die 20 Grad Celsius geschafft. Die Natur explodiert f\u00f6rmlich bei dieser warmen Witterung und auch die Bienen werden auch immer aktiver. Beobachtet man die Aktivit\u00e4ten am Flugloch, sind immer wieder auch Bienen mit Pollen an den Beinen zu\u2026","rel":"","context":"In &quot;Bienenbilder&quot;","block_context":{"text":"Bienenbilder","link":"https:\/\/imkerei-watermeyer.de\/?cat=2"},"img":{"alt_text":"","src":"https:\/\/i0.wp.com\/imkerei-watermeyer.de\/wp-content\/uploads\/2019\/03\/img_3628.jpg?resize=350%2C200&ssl=1","width":350,"height":200,"srcset":"https:\/\/i0.wp.com\/imkerei-watermeyer.de\/wp-content\/uploads\/2019\/03\/img_3628.jpg?resize=350%2C200&ssl=1 1x, https:\/\/i0.wp.com\/imkerei-watermeyer.de\/wp-content\/uploads\/2019\/03\/img_3628.jpg?resize=700%2C400&ssl=1 2x, https:\/\/i0.wp.com\/imkerei-watermeyer.de\/wp-content\/uploads\/2019\/03\/img_3628.jpg?resize=1050%2C600&ssl=1 3x, https:\/\/i0.wp.com\/imkerei-watermeyer.de\/wp-content\/uploads\/2019\/03\/img_3628.jpg?resize=1400%2C800&ssl=1 4x"},"classes":[]},{"id":218,"url":"https:\/\/imkerei-watermeyer.de\/?p=218","url_meta":{"origin":501,"position":2},"title":"Einwintern","author":"Homeraner","date":"August 31, 2015","format":false,"excerpt":"Morgen werden wieder Spekulatius und Dominosteine Einzug in deutsche Superm\u00e4rkte halten und der meteorologische Herbst beginnt. Der Hochsommer verabschiedet sich gerade bei uns mit Blitz und Donner. Doch wir Imker sind schon einen Schritt weiter! Im August stand bei unseren V\u00f6lkern das sogenannte Einwintern auf dem Programm. Zu den Arbeiten\u2026","rel":"","context":"In &quot;Blick ins Volk&quot;","block_context":{"text":"Blick ins Volk","link":"https:\/\/imkerei-watermeyer.de\/?cat=4"},"img":{"alt_text":"","src":"https:\/\/i0.wp.com\/imkerei-watermeyer.de\/wp-content\/uploads\/2015\/08\/IMG_4358-0.jpg?resize=350%2C200&ssl=1","width":350,"height":200,"srcset":"https:\/\/i0.wp.com\/imkerei-watermeyer.de\/wp-content\/uploads\/2015\/08\/IMG_4358-0.jpg?resize=350%2C200&ssl=1 1x, https:\/\/i0.wp.com\/imkerei-watermeyer.de\/wp-content\/uploads\/2015\/08\/IMG_4358-0.jpg?resize=700%2C400&ssl=1 2x, https:\/\/i0.wp.com\/imkerei-watermeyer.de\/wp-content\/uploads\/2015\/08\/IMG_4358-0.jpg?resize=1050%2C600&ssl=1 3x, https:\/\/i0.wp.com\/imkerei-watermeyer.de\/wp-content\/uploads\/2015\/08\/IMG_4358-0.jpg?resize=1400%2C800&ssl=1 4x"},"classes":[]},{"id":334,"url":"https:\/\/imkerei-watermeyer.de\/?p=334","url_meta":{"origin":501,"position":3},"title":"Die erste Bl\u00fcte","author":"Homeraner","date":"August 9, 2016","format":false,"excerpt":"Nachdem wir vor 5 Jahren zweij\u00e4hrige Pflanzen gekauft haben, bl\u00fcht nun die erste samthaarige Stinkesche in unserem Garten. Der lateinische Name lautet Euodia hupehensis. So weit so gut. Die eigentliche Bedeutung f\u00fcr uns Imker zeigt aber die viel nettere Bezeichnung dieser Pflanze - Bienenbaum! Der Bienenbaum bl\u00fcht je nach Sorte\u2026","rel":"","context":"In &quot;Natur&quot;","block_context":{"text":"Natur","link":"https:\/\/imkerei-watermeyer.de\/?cat=3"},"img":{"alt_text":"","src":"https:\/\/i0.wp.com\/imkerei-watermeyer.de\/wp-content\/uploads\/2016\/08\/img_2505.jpg?resize=350%2C200&ssl=1","width":350,"height":200,"srcset":"https:\/\/i0.wp.com\/imkerei-watermeyer.de\/wp-content\/uploads\/2016\/08\/img_2505.jpg?resize=350%2C200&ssl=1 1x, https:\/\/i0.wp.com\/imkerei-watermeyer.de\/wp-content\/uploads\/2016\/08\/img_2505.jpg?resize=700%2C400&ssl=1 2x, https:\/\/i0.wp.com\/imkerei-watermeyer.de\/wp-content\/uploads\/2016\/08\/img_2505.jpg?resize=1050%2C600&ssl=1 3x, https:\/\/i0.wp.com\/imkerei-watermeyer.de\/wp-content\/uploads\/2016\/08\/img_2505.jpg?resize=1400%2C800&ssl=1 4x"},"classes":[]},{"id":227,"url":"https:\/\/imkerei-watermeyer.de\/?p=227","url_meta":{"origin":501,"position":4},"title":"Wenn man ihn denn l\u00e4sst,&#8230;","author":"Homeraner","date":"Oktober 25, 2015","format":false,"excerpt":"...bl\u00fcht der Efeu im September\/Oktober. Dann bietet das sonst als lebloses Friedhofskraut bekannte Rankgew\u00e4chs den Bienen eine letzte Nektarnahrung, bevor die lange bl\u00fctenlose Winterzeit beginnt. Da der Efeu aufgrund seines schnellen Wuchses und seiner Verwendung als gr\u00fcne Wand meist Jahr f\u00fcr Jahr zur\u00fcckgeschnitten wird, k\u00f6nnen sich meistens keine Bl\u00fcten bilden.\u2026","rel":"","context":"In &quot;Natur&quot;","block_context":{"text":"Natur","link":"https:\/\/imkerei-watermeyer.de\/?cat=3"},"img":{"alt_text":"","src":"https:\/\/i0.wp.com\/imkerei-watermeyer.de\/wp-content\/uploads\/2015\/10\/IMG_5332-0.jpg?resize=350%2C200&ssl=1","width":350,"height":200,"srcset":"https:\/\/i0.wp.com\/imkerei-watermeyer.de\/wp-content\/uploads\/2015\/10\/IMG_5332-0.jpg?resize=350%2C200&ssl=1 1x, https:\/\/i0.wp.com\/imkerei-watermeyer.de\/wp-content\/uploads\/2015\/10\/IMG_5332-0.jpg?resize=700%2C400&ssl=1 2x, https:\/\/i0.wp.com\/imkerei-watermeyer.de\/wp-content\/uploads\/2015\/10\/IMG_5332-0.jpg?resize=1050%2C600&ssl=1 3x, https:\/\/i0.wp.com\/imkerei-watermeyer.de\/wp-content\/uploads\/2015\/10\/IMG_5332-0.jpg?resize=1400%2C800&ssl=1 4x"},"classes":[]},{"id":236,"url":"https:\/\/imkerei-watermeyer.de\/?p=236","url_meta":{"origin":501,"position":5},"title":"Die gro\u00dfe Cousine\u00a0","author":"Homeraner","date":"November 9, 2015","format":false,"excerpt":"Bienen und Wespen geh\u00f6ren innerhalb der Insekten zur gleichen Gruppe. Beide geh\u00f6ren zur Gruppe der Hautfl\u00fcgler. W\u00e4hrend die Deutsche Wespe und die gemeine Wespe ungef\u00e4hr die Gr\u00f6\u00dfe einer Honigbiene haben und der breiten Bev\u00f6lkerung wegen ihrer ungebetenen Gastbesuche an hochsommerlichen Kaffeetafeln und Grillveranstaltungen bekannt sind, ist deren gro\u00dfe Schwester den\u2026","rel":"","context":"In &quot;Bienenbilder&quot;","block_context":{"text":"Bienenbilder","link":"https:\/\/imkerei-watermeyer.de\/?cat=2"},"img":{"alt_text":"","src":"https:\/\/i0.wp.com\/imkerei-watermeyer.de\/wp-content\/uploads\/2015\/11\/IMG_5331.jpg?resize=350%2C200&ssl=1","width":350,"height":200,"srcset":"https:\/\/i0.wp.com\/imkerei-watermeyer.de\/wp-content\/uploads\/2015\/11\/IMG_5331.jpg?resize=350%2C200&ssl=1 1x, https:\/\/i0.wp.com\/imkerei-watermeyer.de\/wp-content\/uploads\/2015\/11\/IMG_5331.jpg?resize=700%2C400&ssl=1 2x, https:\/\/i0.wp.com\/imkerei-watermeyer.de\/wp-content\/uploads\/2015\/11\/IMG_5331.jpg?resize=1050%2C600&ssl=1 3x, https:\/\/i0.wp.com\/imkerei-watermeyer.de\/wp-content\/uploads\/2015\/11\/IMG_5331.jpg?resize=1400%2C800&ssl=1 4x"},"classes":[]}],"_links":{"self":[{"href":"https:\/\/imkerei-watermeyer.de\/index.php?rest_route=\/wp\/v2\/posts\/501"}],"collection":[{"href":"https:\/\/imkerei-watermeyer.de\/index.php?rest_route=\/wp\/v2\/posts"}],"about":[{"href":"https:\/\/imkerei-watermeyer.de\/index.php?rest_route=\/wp\/v2\/types\/post"}],"author":[{"embeddable":true,"href":"https:\/\/imkerei-watermeyer.de\/index.php?rest_route=\/wp\/v2\/users\/1"}],"replies":[{"embeddable":true,"href":"https:\/\/imkerei-watermeyer.de\/index.php?rest_route=%2Fwp%2Fv2%2Fcomments&post=501"}],"version-history":[{"count":0,"href":"https:\/\/imkerei-watermeyer.de\/index.php?rest_route=\/wp\/v2\/posts\/501\/revisions"}],"wp:featuredmedia":[{"embeddable":true,"href":"https:\/\/imkerei-watermeyer.de\/index.php?rest_route=\/wp\/v2\/media\/496"}],"wp:attachment":[{"href":"https:\/\/imkerei-watermeyer.de\/index.php?rest_route=%2Fwp%2Fv2%2Fmedia&parent=501"}],"wp:term":[{"taxonomy":"category","embeddable":true,"href":"https:\/\/imkerei-watermeyer.de\/index.php?rest_route=%2Fwp%2Fv2%2Fcategories&post=501"},{"taxonomy":"post_tag","embeddable":true,"href":"https:\/\/imkerei-watermeyer.de\/index.php?rest_route=%2Fwp%2Fv2%2Ftags&post=501"}],"curies":[{"name":"wp","href":"https:\/\/api.w.org\/{rel}","templated":true}]}}