{"id":50,"date":"2015-04-26T12:01:17","date_gmt":"2015-04-26T12:01:17","guid":{"rendered":"http:\/\/imkerei-watermeyer.de\/?p=50"},"modified":"2015-04-26T12:09:56","modified_gmt":"2015-04-26T12:09:56","slug":"sonntags-am-flugloch","status":"publish","type":"post","link":"https:\/\/imkerei-watermeyer.de\/?p=50","title":{"rendered":"&#8222;Sonn&#8220;tags am Flugloch"},"content":{"rendered":"<p>An einem sonnigen Tag wie heute herrscht Hochbetrieb vor dem Flugloch der Bienenbeuten. In einem f\u00fcr menschliche Augen im ersten Moment chaotischen Durcheinander kehren Sammlerinnen mit Nektar, Wasser und Pollen heim oder brechen zu neuer Suche auf.<\/p>\n<p>Den Pollen transportieren die Honigbienen an den Hinterbeinen als sogenannte Pollenh\u00f6schen. Die Farbe des eingesammelten Pollen gibt dem Imker einen Hinweis darauf, bei welchen Pflanzen die Biene gesammelt hat.<\/p>\n<p>Der im ersten Bild zu sehende Pollen mit seiner dunkelgelben Farbe, wird zu dieser Jahreszeit bei unseren Bienen h\u00f6chstwahrscheinlich von Apfelb\u00e4umen gesammelt worden sein.<\/p>\n<div id=\"attachment_60\" style=\"width: 310px\" class=\"wp-caption alignnone\"><a href=\"http:\/\/imkerei-watermeyer.de\/wp-content\/uploads\/2015\/04\/PICT1247.jpg\"><img aria-describedby=\"caption-attachment-60\" data-attachment-id=\"60\" data-permalink=\"https:\/\/imkerei-watermeyer.de\/?attachment_id=60\" data-orig-file=\"https:\/\/imkerei-watermeyer.de\/wp-content\/uploads\/2015\/04\/PICT1247.jpg\" data-orig-size=\"2048,1536\" data-comments-opened=\"1\" data-image-meta=\"{&quot;aperture&quot;:&quot;3.5&quot;,&quot;credit&quot;:&quot;&quot;,&quot;camera&quot;:&quot;DiMAGE Z1&quot;,&quot;caption&quot;:&quot;MINOLTA DIGITAL CAMERA&quot;,&quot;created_timestamp&quot;:&quot;1430048493&quot;,&quot;copyright&quot;:&quot;&quot;,&quot;focal_length&quot;:&quot;52&quot;,&quot;iso&quot;:&quot;50&quot;,&quot;shutter_speed&quot;:&quot;0.0015625&quot;,&quot;title&quot;:&quot;MINOLTA DIGITAL CAMERA&quot;,&quot;orientation&quot;:&quot;1&quot;}\" data-image-title=\"Sammlerinnen vor dem Flugloch\" data-image-description=\"\" data-image-caption=\"&lt;p&gt;Heimkehrende Sammlerinnen vor dem Flugloch&lt;\/p&gt;\n\" data-medium-file=\"https:\/\/imkerei-watermeyer.de\/wp-content\/uploads\/2015\/04\/PICT1247-300x225.jpg\" data-large-file=\"https:\/\/imkerei-watermeyer.de\/wp-content\/uploads\/2015\/04\/PICT1247-1024x768.jpg\" decoding=\"async\" loading=\"lazy\" class=\"size-medium wp-image-60\" src=\"http:\/\/imkerei-watermeyer.de\/wp-content\/uploads\/2015\/04\/PICT1247-300x225.jpg\" alt=\"Heimkehrende Sammlerinnen vor dem Flugloch\" width=\"300\" height=\"225\" srcset=\"https:\/\/imkerei-watermeyer.de\/wp-content\/uploads\/2015\/04\/PICT1247-300x225.jpg 300w, https:\/\/imkerei-watermeyer.de\/wp-content\/uploads\/2015\/04\/PICT1247-1024x768.jpg 1024w, https:\/\/imkerei-watermeyer.de\/wp-content\/uploads\/2015\/04\/PICT1247.jpg 2048w\" sizes=\"(max-width: 300px) 100vw, 300px\" \/><\/a><p id=\"caption-attachment-60\" class=\"wp-caption-text\">Heimkehrende Sammlerinnen vor dem Flugloch<\/p><\/div>\n<div id=\"attachment_51\" style=\"width: 310px\" class=\"wp-caption alignnone\"><a href=\"http:\/\/imkerei-watermeyer.de\/wp-content\/uploads\/2015\/04\/PICT1221.jpg\"><img aria-describedby=\"caption-attachment-51\" data-attachment-id=\"51\" data-permalink=\"https:\/\/imkerei-watermeyer.de\/?attachment_id=51\" data-orig-file=\"https:\/\/imkerei-watermeyer.de\/wp-content\/uploads\/2015\/04\/PICT1221.jpg\" data-orig-size=\"2048,1536\" data-comments-opened=\"1\" data-image-meta=\"{&quot;aperture&quot;:&quot;4&quot;,&quot;credit&quot;:&quot;&quot;,&quot;camera&quot;:&quot;DiMAGE Z1&quot;,&quot;caption&quot;:&quot;MINOLTA DIGITAL CAMERA&quot;,&quot;created_timestamp&quot;:&quot;1430044216&quot;,&quot;copyright&quot;:&quot;&quot;,&quot;focal_length&quot;:&quot;19.1&quot;,&quot;iso&quot;:&quot;50&quot;,&quot;shutter_speed&quot;:&quot;0.001&quot;,&quot;title&quot;:&quot;MINOLTA DIGITAL CAMERA&quot;,&quot;orientation&quot;:&quot;1&quot;}\" data-image-title=\"Bienenbeuten\" data-image-description=\"\" data-image-caption=\"&lt;p&gt;2 Bienenbeuten bei uns zuhause.&lt;\/p&gt;\n\" data-medium-file=\"https:\/\/imkerei-watermeyer.de\/wp-content\/uploads\/2015\/04\/PICT1221-300x225.jpg\" data-large-file=\"https:\/\/imkerei-watermeyer.de\/wp-content\/uploads\/2015\/04\/PICT1221-1024x768.jpg\" decoding=\"async\" loading=\"lazy\" class=\"size-medium wp-image-51\" src=\"http:\/\/imkerei-watermeyer.de\/wp-content\/uploads\/2015\/04\/PICT1221-300x225.jpg\" alt=\"2 Bienenbeuten bei uns zuhause.\" width=\"300\" height=\"225\" srcset=\"https:\/\/imkerei-watermeyer.de\/wp-content\/uploads\/2015\/04\/PICT1221-300x225.jpg 300w, https:\/\/imkerei-watermeyer.de\/wp-content\/uploads\/2015\/04\/PICT1221-1024x768.jpg 1024w, https:\/\/imkerei-watermeyer.de\/wp-content\/uploads\/2015\/04\/PICT1221.jpg 2048w\" sizes=\"(max-width: 300px) 100vw, 300px\" \/><\/a><p id=\"caption-attachment-51\" class=\"wp-caption-text\">2 Bienenbeuten bei uns zuhause.<\/p><\/div>\n<p><a href=\"http:\/\/imkerei-watermeyer.de\/wp-content\/uploads\/2015\/04\/PICT1249.mov\">Verkehr am Flugloch<\/a><\/p>\n<p>Auf dem kurzen Video k\u00f6nnt ihr die Bienen am Flugloch einen kurzen Moment beobachten. Das Video ist nicht beschleunigt, sondern gibt das tats\u00e4chliche Tempo der Bienen wieder.<\/p>\n","protected":false},"excerpt":{"rendered":"<p>An einem sonnigen Tag wie heute herrscht Hochbetrieb vor dem Flugloch der Bienenbeuten. In einem f\u00fcr menschliche Augen im ersten Moment chaotischen Durcheinander kehren Sammlerinnen mit Nektar, Wasser und Pollen heim oder brechen zu neuer Suche auf. Den Pollen transportieren die Honigbienen an den Hinterbeinen als sogenannte Pollenh\u00f6schen. Die Farbe [&hellip;]<\/p>\n","protected":false},"author":1,"featured_media":0,"comment_status":"open","ping_status":"open","sticky":false,"template":"","format":"standard","meta":{"jetpack_post_was_ever_published":false,"_jetpack_newsletter_access":"","jetpack_publicize_message":"","jetpack_is_tweetstorm":false,"jetpack_publicize_feature_enabled":true,"jetpack_social_post_already_shared":false,"jetpack_social_options":{"image_generator_settings":{"template":"highway","enabled":false}}},"categories":[2],"tags":[9,10],"jetpack_publicize_connections":[],"jetpack_featured_media_url":"","jetpack_sharing_enabled":true,"jetpack_shortlink":"https:\/\/wp.me\/p9uDaz-O","jetpack_likes_enabled":true,"jetpack-related-posts":[{"id":115,"url":"https:\/\/imkerei-watermeyer.de\/?p=115","url_meta":{"origin":50,"position":0},"title":"Best\u00e4ubte Best\u00e4uberin","author":"Homeraner","date":"Mai 1, 2015","format":false,"excerpt":"Ich habe heute die feiert\u00e4gliche Mittagsruhe genutzt und bin in unserem Garten auf Fotopirsch gegangen. Der dort bl\u00fchende Garten ist derzeit Zielgebiet unserer Bienen. Dort sammeln die flei\u00dfigen Flugbienen reichlich Nektar und die auf dem\u00a0Bild zu sehende Biene Pollen. Bei den beiden Aufnahmen kann man ziemlich gut die sogenannten Pollenh\u00f6schen\u2026","rel":"","context":"In &quot;Anatomie der Biene&quot;","block_context":{"text":"Anatomie der Biene","link":"https:\/\/imkerei-watermeyer.de\/?cat=11"},"img":{"alt_text":"","src":"https:\/\/i0.wp.com\/imkerei-watermeyer.de\/wp-content\/uploads\/2015\/05\/PICT1259-300x225.jpg?resize=350%2C200","width":350,"height":200},"classes":[]},{"id":501,"url":"https:\/\/imkerei-watermeyer.de\/?p=501","url_meta":{"origin":50,"position":1},"title":"1. richtig warme Fr\u00fchlingstag","author":"Homeraner","date":"April 17, 2018","format":false,"excerpt":"Heute ist hier im Teutoburger Wald der erste richtig warme Fr\u00fchlingstag mit Temperaturen \u00fcber 20 Grad Celsius. Nicht nur wir Menschen haben das Bed\u00fcrfnis, bei dem warmen Wetter m\u00f6glichst viel Zeit drau\u00dfen zu verbringen. Auch die Bienen zieht es aus dem Stock raus und flei\u00dfig werden Pollen und Nektar gesammelt.\u2026","rel":"","context":"In &quot;Bienenbilder&quot;","block_context":{"text":"Bienenbilder","link":"https:\/\/imkerei-watermeyer.de\/?cat=2"},"img":{"alt_text":"","src":"https:\/\/i0.wp.com\/imkerei-watermeyer.de\/wp-content\/uploads\/2018\/04\/img_0740.jpg?resize=350%2C200&ssl=1","width":350,"height":200,"srcset":"https:\/\/i0.wp.com\/imkerei-watermeyer.de\/wp-content\/uploads\/2018\/04\/img_0740.jpg?resize=350%2C200&ssl=1 1x, https:\/\/i0.wp.com\/imkerei-watermeyer.de\/wp-content\/uploads\/2018\/04\/img_0740.jpg?resize=700%2C400&ssl=1 2x, https:\/\/i0.wp.com\/imkerei-watermeyer.de\/wp-content\/uploads\/2018\/04\/img_0740.jpg?resize=1050%2C600&ssl=1 3x, https:\/\/i0.wp.com\/imkerei-watermeyer.de\/wp-content\/uploads\/2018\/04\/img_0740.jpg?resize=1400%2C800&ssl=1 4x"},"classes":[]},{"id":548,"url":"https:\/\/imkerei-watermeyer.de\/?p=548","url_meta":{"origin":50,"position":2},"title":"Das Bienenjahr beginnt","author":"Homeraner","date":"M\u00e4rz 22, 2019","format":false,"excerpt":"Heute hat es das Thermometer bei uns in Laggenbeck fast bis an die 20 Grad Celsius geschafft. Die Natur explodiert f\u00f6rmlich bei dieser warmen Witterung und auch die Bienen werden auch immer aktiver. Beobachtet man die Aktivit\u00e4ten am Flugloch, sind immer wieder auch Bienen mit Pollen an den Beinen zu\u2026","rel":"","context":"In &quot;Bienenbilder&quot;","block_context":{"text":"Bienenbilder","link":"https:\/\/imkerei-watermeyer.de\/?cat=2"},"img":{"alt_text":"","src":"https:\/\/i0.wp.com\/imkerei-watermeyer.de\/wp-content\/uploads\/2019\/03\/img_3628.jpg?resize=350%2C200&ssl=1","width":350,"height":200,"srcset":"https:\/\/i0.wp.com\/imkerei-watermeyer.de\/wp-content\/uploads\/2019\/03\/img_3628.jpg?resize=350%2C200&ssl=1 1x, https:\/\/i0.wp.com\/imkerei-watermeyer.de\/wp-content\/uploads\/2019\/03\/img_3628.jpg?resize=700%2C400&ssl=1 2x, https:\/\/i0.wp.com\/imkerei-watermeyer.de\/wp-content\/uploads\/2019\/03\/img_3628.jpg?resize=1050%2C600&ssl=1 3x, https:\/\/i0.wp.com\/imkerei-watermeyer.de\/wp-content\/uploads\/2019\/03\/img_3628.jpg?resize=1400%2C800&ssl=1 4x"},"classes":[]},{"id":251,"url":"https:\/\/imkerei-watermeyer.de\/?p=251","url_meta":{"origin":50,"position":3},"title":"Gezeichnete K\u00f6nigin","author":"Homeraner","date":"Januar 5, 2016","format":false,"excerpt":"\u00a0Inspiriert vom morgigen Dreik\u00f6nigstag m\u00f6chte ich den Artikel mit einem kleinen Suchbild beginnen. Bei all dem Durcheinander und Wirrwarr auf dem R\u00e4hmchen d\u00fcrfte euch in der Bildmitte etwas auffallen.\u00a0 In der Bildmitte ist eine Biene mit einem roten Punkt auf dem R\u00fccken. Diese Biene unterscheidet sich von allen anderen Bienen\u2026","rel":"","context":"In &quot;Anatomie der Biene&quot;","block_context":{"text":"Anatomie der Biene","link":"https:\/\/imkerei-watermeyer.de\/?cat=11"},"img":{"alt_text":"","src":"https:\/\/i0.wp.com\/imkerei-watermeyer.de\/wp-content\/uploads\/2016\/01\/img_2806-3.jpeg?resize=350%2C200&ssl=1","width":350,"height":200,"srcset":"https:\/\/i0.wp.com\/imkerei-watermeyer.de\/wp-content\/uploads\/2016\/01\/img_2806-3.jpeg?resize=350%2C200&ssl=1 1x, https:\/\/i0.wp.com\/imkerei-watermeyer.de\/wp-content\/uploads\/2016\/01\/img_2806-3.jpeg?resize=700%2C400&ssl=1 2x, https:\/\/i0.wp.com\/imkerei-watermeyer.de\/wp-content\/uploads\/2016\/01\/img_2806-3.jpeg?resize=1050%2C600&ssl=1 3x, https:\/\/i0.wp.com\/imkerei-watermeyer.de\/wp-content\/uploads\/2016\/01\/img_2806-3.jpeg?resize=1400%2C800&ssl=1 4x"},"classes":[]},{"id":137,"url":"https:\/\/imkerei-watermeyer.de\/?p=137","url_meta":{"origin":50,"position":4},"title":"Summen und Brummen im Kastanienbaum","author":"Homeraner","date":"Mai 9, 2015","format":false,"excerpt":"Gestern Abend habe ich mir die Zeit genommen und bin an unserem Kastanienbaum auf Fotopirsch gegangen. Das Summen und Brummen klang einfach zu verlockend in meinen Ohren. Viele Bl\u00fcten sind schon von Insekten besucht worden und ihre Mitte hat sich schon rosarot verf\u00e4rbt. Bei genauem Hinsehen kann man sogar auf\u2026","rel":"","context":"In &quot;Bienenbilder&quot;","block_context":{"text":"Bienenbilder","link":"https:\/\/imkerei-watermeyer.de\/?cat=2"},"img":{"alt_text":"","src":"https:\/\/i0.wp.com\/imkerei-watermeyer.de\/wp-content\/uploads\/2015\/05\/PICT1306-300x225.jpg?resize=350%2C200","width":350,"height":200},"classes":[]},{"id":482,"url":"https:\/\/imkerei-watermeyer.de\/?p=482","url_meta":{"origin":50,"position":5},"title":"Die Hasel bl\u00fcht","author":"Homeraner","date":"Januar 9, 2018","format":false,"excerpt":"Auch bei Temperaturen nur knapp \u00fcber dem Gefrierpunkt beginnt nun schon so fr\u00fch im Jahr die Natur zu erwachen. Mit der Haselnuss erbl\u00fcht die Fauna. Bei den Temperaturen von weit unter 10 Grad Celsius sind nat\u00fcrlich noch keine Bienen unterwegs, aber sp\u00e4ter im Jahr, wenn die Temperaturen den Bienenflug erlauben,\u2026","rel":"","context":"In &quot;Natur&quot;","block_context":{"text":"Natur","link":"https:\/\/imkerei-watermeyer.de\/?cat=3"},"img":{"alt_text":"","src":"https:\/\/i0.wp.com\/imkerei-watermeyer.de\/wp-content\/uploads\/2018\/01\/img_0010.jpg?resize=350%2C200&ssl=1","width":350,"height":200,"srcset":"https:\/\/i0.wp.com\/imkerei-watermeyer.de\/wp-content\/uploads\/2018\/01\/img_0010.jpg?resize=350%2C200&ssl=1 1x, https:\/\/i0.wp.com\/imkerei-watermeyer.de\/wp-content\/uploads\/2018\/01\/img_0010.jpg?resize=700%2C400&ssl=1 2x, https:\/\/i0.wp.com\/imkerei-watermeyer.de\/wp-content\/uploads\/2018\/01\/img_0010.jpg?resize=1050%2C600&ssl=1 3x, https:\/\/i0.wp.com\/imkerei-watermeyer.de\/wp-content\/uploads\/2018\/01\/img_0010.jpg?resize=1400%2C800&ssl=1 4x"},"classes":[]}],"_links":{"self":[{"href":"https:\/\/imkerei-watermeyer.de\/index.php?rest_route=\/wp\/v2\/posts\/50"}],"collection":[{"href":"https:\/\/imkerei-watermeyer.de\/index.php?rest_route=\/wp\/v2\/posts"}],"about":[{"href":"https:\/\/imkerei-watermeyer.de\/index.php?rest_route=\/wp\/v2\/types\/post"}],"author":[{"embeddable":true,"href":"https:\/\/imkerei-watermeyer.de\/index.php?rest_route=\/wp\/v2\/users\/1"}],"replies":[{"embeddable":true,"href":"https:\/\/imkerei-watermeyer.de\/index.php?rest_route=%2Fwp%2Fv2%2Fcomments&post=50"}],"version-history":[{"count":4,"href":"https:\/\/imkerei-watermeyer.de\/index.php?rest_route=\/wp\/v2\/posts\/50\/revisions"}],"predecessor-version":[{"id":77,"href":"https:\/\/imkerei-watermeyer.de\/index.php?rest_route=\/wp\/v2\/posts\/50\/revisions\/77"}],"wp:attachment":[{"href":"https:\/\/imkerei-watermeyer.de\/index.php?rest_route=%2Fwp%2Fv2%2Fmedia&parent=50"}],"wp:term":[{"taxonomy":"category","embeddable":true,"href":"https:\/\/imkerei-watermeyer.de\/index.php?rest_route=%2Fwp%2Fv2%2Fcategories&post=50"},{"taxonomy":"post_tag","embeddable":true,"href":"https:\/\/imkerei-watermeyer.de\/index.php?rest_route=%2Fwp%2Fv2%2Ftags&post=50"}],"curies":[{"name":"wp","href":"https:\/\/api.w.org\/{rel}","templated":true}]}}