{"id":996,"date":"2020-06-03T13:16:48","date_gmt":"2020-06-03T13:16:48","guid":{"rendered":"http:\/\/imkerei-watermeyer.de\/?p=996"},"modified":"2020-06-28T09:50:53","modified_gmt":"2020-06-28T09:50:53","slug":"honiglikoer-aus-entdeckelungswachs","status":"publish","type":"post","link":"http:\/\/imkerei-watermeyer.de\/?p=996","title":{"rendered":"Honiglik\u00f6r aus Entdeckelungswachs"},"content":{"rendered":"\n<p>Der Fr\u00fchjahrshonig braucht noch etwas, aber daf\u00fcr ist der Honiglik\u00f6r schon fertig!<br>Er hat ein wundervolles Honigaroma, aber auch ordentlich Bums durch den Wodka!<\/p>\n\n\n\n<p>F\u00fcr den Honiglik\u00f6r haben wir das Entdeckelungswachs, das beim Entdeckeln der Honigwaben anf\u00e4llt, mit Wodka aufgegossen und mit Bio-Zitronen aromatisiert. An dem Entdeckelungswachs haftet n\u00e4mlich noch ordentlich Honig, mit dem wir den Wodka aromatisieren k\u00f6nnen. Die Zitronen dienen dazu, dem Lik\u00f6r eine frische Note zu geben und mit ihrer S\u00e4ure das Honigaroma zu betonen.<\/p>\n\n\n\n<figure class=\"wp-block-image size-large\"><img data-attachment-id=\"991\" data-permalink=\"http:\/\/imkerei-watermeyer.de\/?attachment_id=991\" data-orig-file=\"http:\/\/imkerei-watermeyer.de\/wp-content\/uploads\/2020\/06\/img_7337-scaled.jpg\" data-orig-size=\"1920,2560\" data-comments-opened=\"1\" data-image-meta=\"{&quot;aperture&quot;:&quot;1.8&quot;,&quot;credit&quot;:&quot;&quot;,&quot;camera&quot;:&quot;iPhone XS&quot;,&quot;caption&quot;:&quot;&quot;,&quot;created_timestamp&quot;:&quot;1589968796&quot;,&quot;copyright&quot;:&quot;&quot;,&quot;focal_length&quot;:&quot;4.25&quot;,&quot;iso&quot;:&quot;25&quot;,&quot;shutter_speed&quot;:&quot;0.14285714285714&quot;,&quot;title&quot;:&quot;&quot;,&quot;orientation&quot;:&quot;1&quot;}\" data-image-title=\"img_7337\" data-image-description=\"\" data-image-caption=\"\" data-medium-file=\"http:\/\/imkerei-watermeyer.de\/wp-content\/uploads\/2020\/06\/img_7337-225x300.jpg\" data-large-file=\"http:\/\/imkerei-watermeyer.de\/wp-content\/uploads\/2020\/06\/img_7337-768x1024.jpg\" decoding=\"async\" loading=\"lazy\" width=\"768\" height=\"1024\" src=\"http:\/\/imkerei-watermeyer.de\/wp-content\/uploads\/2020\/06\/img_7337-768x1024.jpg\" alt=\"\" class=\"wp-image-991\" srcset=\"http:\/\/imkerei-watermeyer.de\/wp-content\/uploads\/2020\/06\/img_7337-768x1024.jpg 768w, http:\/\/imkerei-watermeyer.de\/wp-content\/uploads\/2020\/06\/img_7337-225x300.jpg 225w, http:\/\/imkerei-watermeyer.de\/wp-content\/uploads\/2020\/06\/img_7337-1152x1536.jpg 1152w, http:\/\/imkerei-watermeyer.de\/wp-content\/uploads\/2020\/06\/img_7337-1536x2048.jpg 1536w, http:\/\/imkerei-watermeyer.de\/wp-content\/uploads\/2020\/06\/img_7337-1140x1520.jpg 1140w, http:\/\/imkerei-watermeyer.de\/wp-content\/uploads\/2020\/06\/img_7337-scaled.jpg 1920w\" sizes=\"(max-width: 768px) 100vw, 768px\" \/><figcaption>Entdeckelungswachs mit Wodka und Zitronen <\/figcaption><\/figure>\n\n\n\n<p>Nach 14 Tagen haben wir heute den Lik\u00f6r durch ein feines Sieb abgegossen. G\u00fcltiger Versuch w\u00fcrde ein bekannter Grill-Blogger dazu sagen. Es hat funktioniert! Der Lik\u00f6r schmeckt wunderbar intensiv nach Honig.<\/p>\n\n\n\n<p>Da wir nicht alles aus dem Topf trinken wollen, haben wir den Lik\u00f6r noch schnell auf Flaschen abgef\u00fcllt.<\/p>\n\n\n\n<figure class=\"wp-block-image size-large\"><img data-attachment-id=\"994\" data-permalink=\"http:\/\/imkerei-watermeyer.de\/?attachment_id=994\" data-orig-file=\"http:\/\/imkerei-watermeyer.de\/wp-content\/uploads\/2020\/06\/img_7481-2-scaled.jpg\" data-orig-size=\"1920,2560\" data-comments-opened=\"1\" data-image-meta=\"{&quot;aperture&quot;:&quot;1.8&quot;,&quot;credit&quot;:&quot;&quot;,&quot;camera&quot;:&quot;iPhone XS&quot;,&quot;caption&quot;:&quot;&quot;,&quot;created_timestamp&quot;:&quot;1591196888&quot;,&quot;copyright&quot;:&quot;&quot;,&quot;focal_length&quot;:&quot;4.25&quot;,&quot;iso&quot;:&quot;25&quot;,&quot;shutter_speed&quot;:&quot;0.00048192771084337&quot;,&quot;title&quot;:&quot;&quot;,&quot;orientation&quot;:&quot;1&quot;}\" data-image-title=\"img_7481\" data-image-description=\"\" data-image-caption=\"\" data-medium-file=\"http:\/\/imkerei-watermeyer.de\/wp-content\/uploads\/2020\/06\/img_7481-2-225x300.jpg\" data-large-file=\"http:\/\/imkerei-watermeyer.de\/wp-content\/uploads\/2020\/06\/img_7481-2-scaled.jpg\" decoding=\"async\" loading=\"lazy\" width=\"1920\" height=\"2560\" src=\"http:\/\/imkerei-watermeyer.de\/wp-content\/uploads\/2020\/06\/img_7481-2-scaled.jpg\" alt=\"\" class=\"wp-image-994\" srcset=\"http:\/\/imkerei-watermeyer.de\/wp-content\/uploads\/2020\/06\/img_7481-2-scaled.jpg 1920w, http:\/\/imkerei-watermeyer.de\/wp-content\/uploads\/2020\/06\/img_7481-2-225x300.jpg 225w, http:\/\/imkerei-watermeyer.de\/wp-content\/uploads\/2020\/06\/img_7481-2-1152x1536.jpg 1152w, http:\/\/imkerei-watermeyer.de\/wp-content\/uploads\/2020\/06\/img_7481-2-1536x2048.jpg 1536w, http:\/\/imkerei-watermeyer.de\/wp-content\/uploads\/2020\/06\/img_7481-2-1140x1520.jpg 1140w\" sizes=\"(max-width: 1920px) 100vw, 1920px\" \/><figcaption>Unser Honiglik\u00f6r <\/figcaption><\/figure>\n\n\n\n<p>Wir \u00fcberlegen noch, wie wir ihn trinken werden. Gek\u00fchlt mit Rosmarinsirup oder vielleicht zus\u00e4tzlich mit Ingwer aromatisiert? Was w\u00e4ren eure Vorschl\u00e4ge?<\/p>\n\n\n\n<p>Schreibt uns doch bitte eure sommerlichen Vorschl\u00e4ge! Nelke und Zimt kommen zu Weihnachten sicher noch zum Einsatz. \ud83d\ude09<\/p>\n","protected":false},"excerpt":{"rendered":"<p>Der Fr\u00fchjahrshonig braucht noch etwas, aber daf\u00fcr ist der Honiglik\u00f6r schon fertig!Er hat ein wundervolles Honigaroma, aber auch ordentlich Bums durch den Wodka! F\u00fcr den Honiglik\u00f6r haben wir das Entdeckelungswachs, das beim Entdeckeln der Honigwaben anf\u00e4llt, mit Wodka aufgegossen und mit Bio-Zitronen aromatisiert. An dem Entdeckelungswachs haftet n\u00e4mlich noch ordentlich [&hellip;]<\/p>\n","protected":false},"author":1,"featured_media":994,"comment_status":"open","ping_status":"open","sticky":false,"template":"","format":"standard","meta":{"jetpack_post_was_ever_published":false,"_jetpack_newsletter_access":"","jetpack_publicize_message":"","jetpack_is_tweetstorm":false,"jetpack_publicize_feature_enabled":true,"jetpack_social_post_already_shared":true,"jetpack_social_options":{"image_generator_settings":{"template":"highway","enabled":false}}},"categories":[115],"tags":[99,98,112,14,24,177,35,93,95,75,94,90,89,114,87,88,179,180,178],"jetpack_publicize_connections":[],"jetpack_featured_media_url":"http:\/\/imkerei-watermeyer.de\/wp-content\/uploads\/2020\/06\/img_7481-2-scaled.jpg","jetpack_sharing_enabled":true,"jetpack_shortlink":"https:\/\/wp.me\/p9uDaz-g4","jetpack_likes_enabled":true,"jetpack-related-posts":[{"id":689,"url":"http:\/\/imkerei-watermeyer.de\/?p=689","url_meta":{"origin":996,"position":0},"title":"Lavendellik\u00f6r","author":"laggenbiene","date":"August 4, 2019","format":false,"excerpt":"Der Lavendel bl\u00fcht - auch auf unserer Terrasse! Das emsige Treiben auf den Bl\u00fctenst\u00e4nden ist herrlich anzusehen. Ich habe mir diese Woche mal ein kreatives Rezept geschnappt zum \"Verwerten\" der duftenden Bl\u00fcten und einen Lavendellik\u00f6r angesetzt. Hier lest ihr \u00fcber das Rezept.","rel":"","context":"In &quot;Getr\u00e4nke&quot;","block_context":{"text":"Getr\u00e4nke","link":"http:\/\/imkerei-watermeyer.de\/?cat=115"},"img":{"alt_text":"","src":"https:\/\/i0.wp.com\/imkerei-watermeyer.de\/wp-content\/uploads\/2019\/08\/dsc00416.jpg?resize=350%2C200","width":350,"height":200,"srcset":"https:\/\/i0.wp.com\/imkerei-watermeyer.de\/wp-content\/uploads\/2019\/08\/dsc00416.jpg?resize=350%2C200 1x, https:\/\/i0.wp.com\/imkerei-watermeyer.de\/wp-content\/uploads\/2019\/08\/dsc00416.jpg?resize=700%2C400 2x, https:\/\/i0.wp.com\/imkerei-watermeyer.de\/wp-content\/uploads\/2019\/08\/dsc00416.jpg?resize=1050%2C600 3x, https:\/\/i0.wp.com\/imkerei-watermeyer.de\/wp-content\/uploads\/2019\/08\/dsc00416.jpg?resize=1400%2C800 4x"},"classes":[]},{"id":614,"url":"http:\/\/imkerei-watermeyer.de\/?p=614","url_meta":{"origin":996,"position":1},"title":"Aller Anfang ist &#8211; Rosmarin und Knoblauch&#8230;!","author":"laggenbiene","date":"Juli 14, 2019","format":false,"excerpt":"Ein allererster Blogbeitrag ist nicht einfach auszusuchen - muss es \"knallen\"? - muss es tiefgr\u00fcndig sein? - muss es besonders professionell wirken? Nein! Auch wenn man sich das schon vorher immer wie ein Mantra sagt - es dann auch wirklich zu beherzigen, ist die andere Sache... ;-) Es hat mich\u2026","rel":"","context":"In &quot;Kr\u00e4uter und Gew\u00fcrze&quot;","block_context":{"text":"Kr\u00e4uter und Gew\u00fcrze","link":"http:\/\/imkerei-watermeyer.de\/?cat=82"},"img":{"alt_text":"","src":"https:\/\/i0.wp.com\/imkerei-watermeyer.de\/wp-content\/uploads\/2019\/07\/org_dsc00145.jpg?resize=350%2C200","width":350,"height":200,"srcset":"https:\/\/i0.wp.com\/imkerei-watermeyer.de\/wp-content\/uploads\/2019\/07\/org_dsc00145.jpg?resize=350%2C200 1x, https:\/\/i0.wp.com\/imkerei-watermeyer.de\/wp-content\/uploads\/2019\/07\/org_dsc00145.jpg?resize=700%2C400 2x, https:\/\/i0.wp.com\/imkerei-watermeyer.de\/wp-content\/uploads\/2019\/07\/org_dsc00145.jpg?resize=1050%2C600 3x, https:\/\/i0.wp.com\/imkerei-watermeyer.de\/wp-content\/uploads\/2019\/07\/org_dsc00145.jpg?resize=1400%2C800 4x"},"classes":[]},{"id":181,"url":"http:\/\/imkerei-watermeyer.de\/?p=181","url_meta":{"origin":996,"position":2},"title":"Guter Grund!","author":"Homeraner","date":"Juli 2, 2015","format":false,"excerpt":"\u00a0Zugegebenerma\u00dfen gab es in letzter Zeit kaum neue Beitr\u00e4ge auf unserer Seite. Das hatte aber einen sehr guten Grund! Wir waren viel an den Bienen und konnten dabei neues Material f\u00fcr die Homepage und vor allem Honig sammeln! Bei uns Zuhause konnten wir einen ganz besonderen Honig ernten. Unsere Bienen\u2026","rel":"","context":"Mit 1 Kommentar","block_context":{"text":"Mit 1 Kommentar","link":"http:\/\/imkerei-watermeyer.de\/?p=181#comments"},"img":{"alt_text":"","src":"","width":0,"height":0},"classes":[]},{"id":187,"url":"http:\/\/imkerei-watermeyer.de\/?p=187","url_meta":{"origin":996,"position":3},"title":"Schwarmkontrolle &#8211; Wieso die Kippkontrolle nicht reicht!","author":"Homeraner","date":"Juli 6, 2015","format":false,"excerpt":"Bei der Schwarmkontrolle kontrolliert der Imker die unteren 2 Etagen einer Bienenbeute und schaut nach, ob die Bienen sogenannte Weiselzellen gebaut haben oder gerade bauen. In den Weiselzellen ziehen die Bienen neue K\u00f6niginnen heran. Dabei handelt es sich urspr\u00fcnglich genau wie bei einer Arbeiterinnenzelle, um ein normales befruchtetes Ei, welches\u2026","rel":"","context":"In &quot;Blick ins Volk&quot;","block_context":{"text":"Blick ins Volk","link":"http:\/\/imkerei-watermeyer.de\/?cat=4"},"img":{"alt_text":"","src":"https:\/\/i0.wp.com\/imkerei-watermeyer.de\/wp-content\/uploads\/2015\/07\/IMG_2729.jpg?resize=350%2C200","width":350,"height":200,"srcset":"https:\/\/i0.wp.com\/imkerei-watermeyer.de\/wp-content\/uploads\/2015\/07\/IMG_2729.jpg?resize=350%2C200 1x, https:\/\/i0.wp.com\/imkerei-watermeyer.de\/wp-content\/uploads\/2015\/07\/IMG_2729.jpg?resize=700%2C400 2x, https:\/\/i0.wp.com\/imkerei-watermeyer.de\/wp-content\/uploads\/2015\/07\/IMG_2729.jpg?resize=1050%2C600 3x, https:\/\/i0.wp.com\/imkerei-watermeyer.de\/wp-content\/uploads\/2015\/07\/IMG_2729.jpg?resize=1400%2C800 4x"},"classes":[]},{"id":669,"url":"http:\/\/imkerei-watermeyer.de\/?p=669","url_meta":{"origin":996,"position":4},"title":"Das Insektenhotel","author":"Homeraner","date":"Juli 28, 2019","format":false,"excerpt":"Wie letztens auf unserem Instagram-Account angek\u00fcndigt, haben wir in den Sommerferien zusammen mit den Kindern ein Insektenhotel gebaut. Sicher keine Profi-Variante, sicher gibt es einige Dinge, die verbesserungsw\u00fcrdig w\u00e4ren, aber es ist halt selbstgemacht. Die Idee dazu kam uns bei einem unserer Besuche in Bielefeld bei Inas Eltern. Dort nisten\u2026","rel":"","context":"In &quot;Natur&quot;","block_context":{"text":"Natur","link":"http:\/\/imkerei-watermeyer.de\/?cat=3"},"img":{"alt_text":"","src":"https:\/\/i0.wp.com\/imkerei-watermeyer.de\/wp-content\/uploads\/2019\/07\/dsc00386-e1564310785592.jpg?resize=350%2C200","width":350,"height":200,"srcset":"https:\/\/i0.wp.com\/imkerei-watermeyer.de\/wp-content\/uploads\/2019\/07\/dsc00386-e1564310785592.jpg?resize=350%2C200 1x, https:\/\/i0.wp.com\/imkerei-watermeyer.de\/wp-content\/uploads\/2019\/07\/dsc00386-e1564310785592.jpg?resize=700%2C400 2x, https:\/\/i0.wp.com\/imkerei-watermeyer.de\/wp-content\/uploads\/2019\/07\/dsc00386-e1564310785592.jpg?resize=1050%2C600 3x, https:\/\/i0.wp.com\/imkerei-watermeyer.de\/wp-content\/uploads\/2019\/07\/dsc00386-e1564310785592.jpg?resize=1400%2C800 4x"},"classes":[]},{"id":317,"url":"http:\/\/imkerei-watermeyer.de\/?p=317","url_meta":{"origin":996,"position":5},"title":"Unsere Honigsaison beginnt\u00a0","author":"Homeraner","date":"April 17, 2016","format":false,"excerpt":"Heute hat f\u00fcr uns die Honigsaison 2016 begonnen. Da mittlerweile die Obstbl\u00fcte begonnen hat, haben wir heute auf unser Volk zuhause den Honigraum auf die beiden Brutr\u00e4ume drauf gesetzt. Zuerst wird der Deckel und der sogenannte Abdeckfix (die durchsichtige Folie auf dem Brutr\u00e4ume) von den beiden Brutzargen abgenommen.\u00a0 Der Abdeckfix\u2026","rel":"","context":"In &quot;Arbeiten rund ums Volk&quot;","block_context":{"text":"Arbeiten rund ums Volk","link":"http:\/\/imkerei-watermeyer.de\/?cat=47"},"img":{"alt_text":"","src":"https:\/\/i0.wp.com\/imkerei-watermeyer.de\/wp-content\/uploads\/2016\/04\/img_9512-1.jpg?resize=350%2C200","width":350,"height":200,"srcset":"https:\/\/i0.wp.com\/imkerei-watermeyer.de\/wp-content\/uploads\/2016\/04\/img_9512-1.jpg?resize=350%2C200 1x, https:\/\/i0.wp.com\/imkerei-watermeyer.de\/wp-content\/uploads\/2016\/04\/img_9512-1.jpg?resize=700%2C400 2x, https:\/\/i0.wp.com\/imkerei-watermeyer.de\/wp-content\/uploads\/2016\/04\/img_9512-1.jpg?resize=1050%2C600 3x, https:\/\/i0.wp.com\/imkerei-watermeyer.de\/wp-content\/uploads\/2016\/04\/img_9512-1.jpg?resize=1400%2C800 4x"},"classes":[]}],"_links":{"self":[{"href":"http:\/\/imkerei-watermeyer.de\/index.php?rest_route=\/wp\/v2\/posts\/996"}],"collection":[{"href":"http:\/\/imkerei-watermeyer.de\/index.php?rest_route=\/wp\/v2\/posts"}],"about":[{"href":"http:\/\/imkerei-watermeyer.de\/index.php?rest_route=\/wp\/v2\/types\/post"}],"author":[{"embeddable":true,"href":"http:\/\/imkerei-watermeyer.de\/index.php?rest_route=\/wp\/v2\/users\/1"}],"replies":[{"embeddable":true,"href":"http:\/\/imkerei-watermeyer.de\/index.php?rest_route=%2Fwp%2Fv2%2Fcomments&post=996"}],"version-history":[{"count":2,"href":"http:\/\/imkerei-watermeyer.de\/index.php?rest_route=\/wp\/v2\/posts\/996\/revisions"}],"predecessor-version":[{"id":1048,"href":"http:\/\/imkerei-watermeyer.de\/index.php?rest_route=\/wp\/v2\/posts\/996\/revisions\/1048"}],"wp:featuredmedia":[{"embeddable":true,"href":"http:\/\/imkerei-watermeyer.de\/index.php?rest_route=\/wp\/v2\/media\/994"}],"wp:attachment":[{"href":"http:\/\/imkerei-watermeyer.de\/index.php?rest_route=%2Fwp%2Fv2%2Fmedia&parent=996"}],"wp:term":[{"taxonomy":"category","embeddable":true,"href":"http:\/\/imkerei-watermeyer.de\/index.php?rest_route=%2Fwp%2Fv2%2Fcategories&post=996"},{"taxonomy":"post_tag","embeddable":true,"href":"http:\/\/imkerei-watermeyer.de\/index.php?rest_route=%2Fwp%2Fv2%2Ftags&post=996"}],"curies":[{"name":"wp","href":"https:\/\/api.w.org\/{rel}","templated":true}]}}