{"id":932,"date":"2020-05-27T20:06:23","date_gmt":"2020-05-27T20:06:23","guid":{"rendered":"http:\/\/imkerei-watermeyer.de\/?p=932"},"modified":"2020-05-27T22:03:23","modified_gmt":"2020-05-27T22:03:23","slug":"endlich-zeit-zum-hochbeetbau","status":"publish","type":"post","link":"http:\/\/imkerei-watermeyer.de\/?p=932","title":{"rendered":"Endlich Zeit zum Hochbeetbau"},"content":{"rendered":"\n<p>Im April hatte Daniel aufgrund seines Arbeitsplatzwechsels nicht nur Zeit zum Efeu rupfen, er konnte auch endlich daran gehen, die Hochbeete zu bauen.<\/p>\n\n\n\n<p>Lange haben Ina und Daniel \u00fcberlegt, ob sie selber die Materialien f\u00fcr die Hochbeete zusammenstellen sollen oder doch lieber einen Bausatz im Intern bestellen. Beim Blick auf die aufgerufenen Preise und vor allem die dazugeh\u00f6rigen Lieferzeiten der Baus\u00e4tze machte die Entscheidung letzten Endes einfach &#8211; es wird selber zusammengestellt!<\/p>\n\n\n\n<p>W\u00e4hrend im benachbarten Niedersachsen die Baum\u00e4rkte wegen der Corona-Pandemie geschlossen sind, haben die M\u00e4rkte in NRW gl\u00fccklicherweise offen. In Lotte gibt es sogar einen ge\u00f6ffneten Baumarkt mit Zuschnittservice. Also ab ins Internet, Douglasienholz und die restlichen Materialien reservieren.<\/p>\n\n\n\n<p>Am n\u00e4chsten Tag lag die Ware bereit und Daniel konnte sie abholen und die 3m-Bretter direkt zuschneiden lassen. Neben dem Holz kaufte er noch Noppenfolie, M\u00e4usegitter und Schrauben.<\/p>\n\n\n\n<figure class=\"wp-block-image size-large\"><img data-attachment-id=\"877\" data-permalink=\"http:\/\/imkerei-watermeyer.de\/?attachment_id=877\" data-orig-file=\"http:\/\/imkerei-watermeyer.de\/wp-content\/uploads\/2020\/04\/img_6928.jpg\" data-orig-size=\"4032,3024\" data-comments-opened=\"1\" data-image-meta=\"{&quot;aperture&quot;:&quot;1.8&quot;,&quot;credit&quot;:&quot;&quot;,&quot;camera&quot;:&quot;iPhone XS&quot;,&quot;caption&quot;:&quot;&quot;,&quot;created_timestamp&quot;:&quot;1586194699&quot;,&quot;copyright&quot;:&quot;&quot;,&quot;focal_length&quot;:&quot;4.25&quot;,&quot;iso&quot;:&quot;25&quot;,&quot;shutter_speed&quot;:&quot;0.0033333333333333&quot;,&quot;title&quot;:&quot;&quot;,&quot;orientation&quot;:&quot;1&quot;}\" data-image-title=\"img_6928\" data-image-description=\"\" data-image-caption=\"\" data-medium-file=\"http:\/\/imkerei-watermeyer.de\/wp-content\/uploads\/2020\/04\/img_6928-300x225.jpg\" data-large-file=\"http:\/\/imkerei-watermeyer.de\/wp-content\/uploads\/2020\/04\/img_6928-1024x768.jpg\" decoding=\"async\" loading=\"lazy\" width=\"1024\" height=\"768\" src=\"http:\/\/imkerei-watermeyer.de\/wp-content\/uploads\/2020\/04\/img_6928-1024x768.jpg\" alt=\"\" class=\"wp-image-877\" srcset=\"http:\/\/imkerei-watermeyer.de\/wp-content\/uploads\/2020\/04\/img_6928-1024x768.jpg 1024w, http:\/\/imkerei-watermeyer.de\/wp-content\/uploads\/2020\/04\/img_6928-300x225.jpg 300w, http:\/\/imkerei-watermeyer.de\/wp-content\/uploads\/2020\/04\/img_6928-768x576.jpg 768w, http:\/\/imkerei-watermeyer.de\/wp-content\/uploads\/2020\/04\/img_6928-1140x855.jpg 1140w\" sizes=\"(max-width: 1024px) 100vw, 1024px\" \/><figcaption>Das zugeschnittene Holz<\/figcaption><\/figure>\n\n\n\n<p>Zuhause ging es dann ans Schrauben. Daniel hatte sich \u00fcberlegt, erst die L\u00e4ngsseiten der Beete zusammen zu schrauben. Daf\u00fcr legte er 5 Bretter nebeneinander auf drei Latten. Nachdem die Bretter mit Spanngurten zusammengeschnallt wurden, hat er zuerst vorgebohrt und dann die Bretter verschraubt.<\/p>\n\n\n\n<figure class=\"wp-block-image size-large\"><img data-attachment-id=\"872\" data-permalink=\"http:\/\/imkerei-watermeyer.de\/?attachment_id=872\" data-orig-file=\"http:\/\/imkerei-watermeyer.de\/wp-content\/uploads\/2020\/04\/img_6933.jpg\" data-orig-size=\"3024,4032\" data-comments-opened=\"1\" data-image-meta=\"{&quot;aperture&quot;:&quot;1.8&quot;,&quot;credit&quot;:&quot;&quot;,&quot;camera&quot;:&quot;iPhone XS&quot;,&quot;caption&quot;:&quot;&quot;,&quot;created_timestamp&quot;:&quot;1586260166&quot;,&quot;copyright&quot;:&quot;&quot;,&quot;focal_length&quot;:&quot;4.25&quot;,&quot;iso&quot;:&quot;25&quot;,&quot;shutter_speed&quot;:&quot;0.00066093853271646&quot;,&quot;title&quot;:&quot;&quot;,&quot;orientation&quot;:&quot;1&quot;}\" data-image-title=\"img_6933\" data-image-description=\"\" data-image-caption=\"\" data-medium-file=\"http:\/\/imkerei-watermeyer.de\/wp-content\/uploads\/2020\/04\/img_6933-225x300.jpg\" data-large-file=\"http:\/\/imkerei-watermeyer.de\/wp-content\/uploads\/2020\/04\/img_6933-768x1024.jpg\" decoding=\"async\" loading=\"lazy\" width=\"768\" height=\"1024\" src=\"http:\/\/imkerei-watermeyer.de\/wp-content\/uploads\/2020\/04\/img_6933-768x1024.jpg\" alt=\"\" class=\"wp-image-872\" srcset=\"http:\/\/imkerei-watermeyer.de\/wp-content\/uploads\/2020\/04\/img_6933-768x1024.jpg 768w, http:\/\/imkerei-watermeyer.de\/wp-content\/uploads\/2020\/04\/img_6933-225x300.jpg 225w, http:\/\/imkerei-watermeyer.de\/wp-content\/uploads\/2020\/04\/img_6933-1140x1520.jpg 1140w\" sizes=\"(max-width: 768px) 100vw, 768px\" \/><figcaption>Schrauben der Seitenw\u00e4nde <\/figcaption><\/figure>\n\n\n\n<p>Nachdem die Seitenteile fertig waren, wurden die kurzen Bretter als Stirnseiten montiert. Auf die zuk\u00fcnftige Unterseite rollte Ina nun das M\u00e4usegitter aus und Daniel tackerte es w\u00e4hrenddessen fest. Anschlie\u00dfend hat Ina noch das \u00fcberstehende Gitter abgeschnitten.<\/p>\n\n\n\n<figure class=\"wp-block-image size-large\"><img data-attachment-id=\"873\" data-permalink=\"http:\/\/imkerei-watermeyer.de\/?attachment_id=873\" data-orig-file=\"http:\/\/imkerei-watermeyer.de\/wp-content\/uploads\/2020\/04\/img_6938.jpg\" data-orig-size=\"3024,4032\" data-comments-opened=\"1\" data-image-meta=\"{&quot;aperture&quot;:&quot;1.8&quot;,&quot;credit&quot;:&quot;&quot;,&quot;camera&quot;:&quot;iPhone XS&quot;,&quot;caption&quot;:&quot;&quot;,&quot;created_timestamp&quot;:&quot;1586343301&quot;,&quot;copyright&quot;:&quot;&quot;,&quot;focal_length&quot;:&quot;4.25&quot;,&quot;iso&quot;:&quot;25&quot;,&quot;shutter_speed&quot;:&quot;0.00045289855072464&quot;,&quot;title&quot;:&quot;&quot;,&quot;orientation&quot;:&quot;1&quot;}\" data-image-title=\"img_6938\" data-image-description=\"\" data-image-caption=\"\" data-medium-file=\"http:\/\/imkerei-watermeyer.de\/wp-content\/uploads\/2020\/04\/img_6938-225x300.jpg\" data-large-file=\"http:\/\/imkerei-watermeyer.de\/wp-content\/uploads\/2020\/04\/img_6938-768x1024.jpg\" decoding=\"async\" loading=\"lazy\" width=\"768\" height=\"1024\" src=\"http:\/\/imkerei-watermeyer.de\/wp-content\/uploads\/2020\/04\/img_6938-768x1024.jpg\" alt=\"\" class=\"wp-image-873\" srcset=\"http:\/\/imkerei-watermeyer.de\/wp-content\/uploads\/2020\/04\/img_6938-768x1024.jpg 768w, http:\/\/imkerei-watermeyer.de\/wp-content\/uploads\/2020\/04\/img_6938-225x300.jpg 225w, http:\/\/imkerei-watermeyer.de\/wp-content\/uploads\/2020\/04\/img_6938-1140x1520.jpg 1140w\" sizes=\"(max-width: 768px) 100vw, 768px\" \/><figcaption>Grundkonstruktion mit M\u00e4usegitter<\/figcaption><\/figure>\n\n\n\n<p>Nachdem die beiden die Konstruktion gemeinsam gedreht hatten, kam wieder der Tacker zum Einsatz. Dieses Mal wurde die Noppenfolie als Feuchteschutz auf die Innenseiten der Seitenw\u00e4nde aufgebracht. Die Noppenfolie sorgt daf\u00fcr, dass die Seitenw\u00e4nde trocken und vor allem hinterl\u00fcftet bleiben, wenn das Beet sp\u00e4ter bef\u00fcllt wird.<\/p>\n\n\n\n<figure class=\"wp-block-image size-large\"><img data-attachment-id=\"875\" data-permalink=\"http:\/\/imkerei-watermeyer.de\/?attachment_id=875\" data-orig-file=\"http:\/\/imkerei-watermeyer.de\/wp-content\/uploads\/2020\/04\/img_6940.jpg\" data-orig-size=\"3024,4032\" data-comments-opened=\"1\" data-image-meta=\"{&quot;aperture&quot;:&quot;1.8&quot;,&quot;credit&quot;:&quot;&quot;,&quot;camera&quot;:&quot;iPhone XS&quot;,&quot;caption&quot;:&quot;&quot;,&quot;created_timestamp&quot;:&quot;1586348953&quot;,&quot;copyright&quot;:&quot;&quot;,&quot;focal_length&quot;:&quot;4.25&quot;,&quot;iso&quot;:&quot;25&quot;,&quot;shutter_speed&quot;:&quot;0.0081967213114754&quot;,&quot;title&quot;:&quot;&quot;,&quot;orientation&quot;:&quot;1&quot;}\" data-image-title=\"img_6940\" data-image-description=\"\" data-image-caption=\"\" data-medium-file=\"http:\/\/imkerei-watermeyer.de\/wp-content\/uploads\/2020\/04\/img_6940-225x300.jpg\" data-large-file=\"http:\/\/imkerei-watermeyer.de\/wp-content\/uploads\/2020\/04\/img_6940-768x1024.jpg\" decoding=\"async\" loading=\"lazy\" width=\"768\" height=\"1024\" src=\"http:\/\/imkerei-watermeyer.de\/wp-content\/uploads\/2020\/04\/img_6940-768x1024.jpg\" alt=\"\" class=\"wp-image-875\" srcset=\"http:\/\/imkerei-watermeyer.de\/wp-content\/uploads\/2020\/04\/img_6940-768x1024.jpg 768w, http:\/\/imkerei-watermeyer.de\/wp-content\/uploads\/2020\/04\/img_6940-225x300.jpg 225w, http:\/\/imkerei-watermeyer.de\/wp-content\/uploads\/2020\/04\/img_6940-1140x1520.jpg 1140w\" sizes=\"(max-width: 768px) 100vw, 768px\" \/><figcaption>Aufgestelltes Hochbeet mit Noppenfolie vor dem Bef\u00fcllen<\/figcaption><\/figure>\n\n\n\n<p>Damit das Beet sp\u00e4ter nicht direkt auf dem feuchten Boden steht, wurde es an 6 Stellen (dort wo die Latten sind) auf Steinplatten gestellt.<\/p>\n\n\n\n<p>Bevor wir nun mit dem Bef\u00fcllen der Beete beginnen durften, mussten die Beete noch der strengen Abnahme durch Lukas gerecht werden.<\/p>\n\n\n\n<figure class=\"wp-block-image size-large\"><img data-attachment-id=\"871\" data-permalink=\"http:\/\/imkerei-watermeyer.de\/?attachment_id=871\" data-orig-file=\"http:\/\/imkerei-watermeyer.de\/wp-content\/uploads\/2020\/04\/img_6944.jpg\" data-orig-size=\"3024,4032\" data-comments-opened=\"1\" data-image-meta=\"{&quot;aperture&quot;:&quot;1.8&quot;,&quot;credit&quot;:&quot;&quot;,&quot;camera&quot;:&quot;iPhone XS&quot;,&quot;caption&quot;:&quot;&quot;,&quot;created_timestamp&quot;:&quot;1586365588&quot;,&quot;copyright&quot;:&quot;&quot;,&quot;focal_length&quot;:&quot;4.25&quot;,&quot;iso&quot;:&quot;25&quot;,&quot;shutter_speed&quot;:&quot;0.008130081300813&quot;,&quot;title&quot;:&quot;&quot;,&quot;orientation&quot;:&quot;1&quot;}\" data-image-title=\"img_6944\" data-image-description=\"\" data-image-caption=\"\" data-medium-file=\"http:\/\/imkerei-watermeyer.de\/wp-content\/uploads\/2020\/04\/img_6944-225x300.jpg\" data-large-file=\"http:\/\/imkerei-watermeyer.de\/wp-content\/uploads\/2020\/04\/img_6944-768x1024.jpg\" decoding=\"async\" loading=\"lazy\" width=\"768\" height=\"1024\" src=\"http:\/\/imkerei-watermeyer.de\/wp-content\/uploads\/2020\/04\/img_6944-768x1024.jpg\" alt=\"\" class=\"wp-image-871\" srcset=\"http:\/\/imkerei-watermeyer.de\/wp-content\/uploads\/2020\/04\/img_6944-768x1024.jpg 768w, http:\/\/imkerei-watermeyer.de\/wp-content\/uploads\/2020\/04\/img_6944-225x300.jpg 225w, http:\/\/imkerei-watermeyer.de\/wp-content\/uploads\/2020\/04\/img_6944-1140x1520.jpg 1140w\" sizes=\"(max-width: 768px) 100vw, 768px\" \/><figcaption>Lukas bei der Abnahme. Ich messe,&#8230; \ud83d\ude1c<\/figcaption><\/figure>\n\n\n\n<p>Zum Bef\u00fcllen der Beete konnten Ina und Daniel auf den Gr\u00fcnschnitt vom Anlegen des <a rel=\"noopener noreferrer\" href=\"http:\/\/imkerei-watermeyer.de\/?p=879\" target=\"_blank\">Staudenbeets<\/a> zur\u00fcckgreifen. Dieser wurde noch geh\u00e4ckselt und dann als erste Schicht eingebracht.<\/p>\n\n\n\n<figure class=\"wp-block-image size-large\"><img data-attachment-id=\"855\" data-permalink=\"http:\/\/imkerei-watermeyer.de\/?attachment_id=855\" data-orig-file=\"http:\/\/imkerei-watermeyer.de\/wp-content\/uploads\/2020\/04\/img_7034.jpg\" data-orig-size=\"3024,4032\" data-comments-opened=\"1\" data-image-meta=\"{&quot;aperture&quot;:&quot;1.8&quot;,&quot;credit&quot;:&quot;&quot;,&quot;camera&quot;:&quot;iPhone XS&quot;,&quot;caption&quot;:&quot;&quot;,&quot;created_timestamp&quot;:&quot;1586889913&quot;,&quot;copyright&quot;:&quot;&quot;,&quot;focal_length&quot;:&quot;4.25&quot;,&quot;iso&quot;:&quot;50&quot;,&quot;shutter_speed&quot;:&quot;0.0082644628099174&quot;,&quot;title&quot;:&quot;&quot;,&quot;orientation&quot;:&quot;1&quot;}\" data-image-title=\"img_7034\" data-image-description=\"\" data-image-caption=\"\" data-medium-file=\"http:\/\/imkerei-watermeyer.de\/wp-content\/uploads\/2020\/04\/img_7034-225x300.jpg\" data-large-file=\"http:\/\/imkerei-watermeyer.de\/wp-content\/uploads\/2020\/04\/img_7034-768x1024.jpg\" decoding=\"async\" loading=\"lazy\" width=\"768\" height=\"1024\" src=\"http:\/\/imkerei-watermeyer.de\/wp-content\/uploads\/2020\/04\/img_7034-768x1024.jpg\" alt=\"\" class=\"wp-image-855\" srcset=\"http:\/\/imkerei-watermeyer.de\/wp-content\/uploads\/2020\/04\/img_7034-768x1024.jpg 768w, http:\/\/imkerei-watermeyer.de\/wp-content\/uploads\/2020\/04\/img_7034-225x300.jpg 225w, http:\/\/imkerei-watermeyer.de\/wp-content\/uploads\/2020\/04\/img_7034-1140x1520.jpg 1140w\" sizes=\"(max-width: 768px) 100vw, 768px\" \/><figcaption>Beet mit H\u00e4ckselgut und Hochbeetf\u00fcller<\/figcaption><\/figure>\n\n\n\n<p>Als zweite Schicht kam nun Kompostf\u00fcller \u00fcber den geh\u00e4ckselten Gr\u00fcnschnitt und darauf wurden Hornsp\u00e4ne als Langzeitd\u00fcnger verteilt.<\/p>\n\n\n\n<figure class=\"wp-block-image size-large\"><img data-attachment-id=\"857\" data-permalink=\"http:\/\/imkerei-watermeyer.de\/?attachment_id=857\" data-orig-file=\"http:\/\/imkerei-watermeyer.de\/wp-content\/uploads\/2020\/04\/img_7039.jpg\" data-orig-size=\"3024,4032\" data-comments-opened=\"1\" data-image-meta=\"{&quot;aperture&quot;:&quot;1.8&quot;,&quot;credit&quot;:&quot;&quot;,&quot;camera&quot;:&quot;iPhone XS&quot;,&quot;caption&quot;:&quot;&quot;,&quot;created_timestamp&quot;:&quot;1586890397&quot;,&quot;copyright&quot;:&quot;&quot;,&quot;focal_length&quot;:&quot;4.25&quot;,&quot;iso&quot;:&quot;100&quot;,&quot;shutter_speed&quot;:&quot;0.01010101010101&quot;,&quot;title&quot;:&quot;&quot;,&quot;orientation&quot;:&quot;1&quot;}\" data-image-title=\"img_7039\" data-image-description=\"\" data-image-caption=\"\" data-medium-file=\"http:\/\/imkerei-watermeyer.de\/wp-content\/uploads\/2020\/04\/img_7039-225x300.jpg\" data-large-file=\"http:\/\/imkerei-watermeyer.de\/wp-content\/uploads\/2020\/04\/img_7039-768x1024.jpg\" decoding=\"async\" loading=\"lazy\" width=\"768\" height=\"1024\" src=\"http:\/\/imkerei-watermeyer.de\/wp-content\/uploads\/2020\/04\/img_7039-768x1024.jpg\" alt=\"\" class=\"wp-image-857\" srcset=\"http:\/\/imkerei-watermeyer.de\/wp-content\/uploads\/2020\/04\/img_7039-768x1024.jpg 768w, http:\/\/imkerei-watermeyer.de\/wp-content\/uploads\/2020\/04\/img_7039-225x300.jpg 225w, http:\/\/imkerei-watermeyer.de\/wp-content\/uploads\/2020\/04\/img_7039-1140x1520.jpg 1140w\" sizes=\"(max-width: 768px) 100vw, 768px\" \/><figcaption>Hornsp\u00e4ne auf dem Hochbeetf\u00fcller<\/figcaption><\/figure>\n\n\n\n<p>\u00dcber die Hornsp\u00e4ne wurde dann noch Komposterde und Pflanzerde verteilt, auf welche dann noch Bodenaktivator verteilt wurde.<\/p>\n\n\n\n<figure class=\"wp-block-image size-large\"><img data-attachment-id=\"858\" data-permalink=\"http:\/\/imkerei-watermeyer.de\/?attachment_id=858\" data-orig-file=\"http:\/\/imkerei-watermeyer.de\/wp-content\/uploads\/2020\/04\/img_7042.jpg\" data-orig-size=\"3024,4032\" data-comments-opened=\"1\" data-image-meta=\"{&quot;aperture&quot;:&quot;1.8&quot;,&quot;credit&quot;:&quot;&quot;,&quot;camera&quot;:&quot;iPhone XS&quot;,&quot;caption&quot;:&quot;&quot;,&quot;created_timestamp&quot;:&quot;1586890789&quot;,&quot;copyright&quot;:&quot;&quot;,&quot;focal_length&quot;:&quot;4.25&quot;,&quot;iso&quot;:&quot;80&quot;,&quot;shutter_speed&quot;:&quot;0.0082644628099174&quot;,&quot;title&quot;:&quot;&quot;,&quot;orientation&quot;:&quot;1&quot;}\" data-image-title=\"img_7042\" data-image-description=\"\" data-image-caption=\"\" data-medium-file=\"http:\/\/imkerei-watermeyer.de\/wp-content\/uploads\/2020\/04\/img_7042-225x300.jpg\" data-large-file=\"http:\/\/imkerei-watermeyer.de\/wp-content\/uploads\/2020\/04\/img_7042-768x1024.jpg\" decoding=\"async\" loading=\"lazy\" width=\"768\" height=\"1024\" src=\"http:\/\/imkerei-watermeyer.de\/wp-content\/uploads\/2020\/04\/img_7042-768x1024.jpg\" alt=\"\" class=\"wp-image-858\" srcset=\"http:\/\/imkerei-watermeyer.de\/wp-content\/uploads\/2020\/04\/img_7042-768x1024.jpg 768w, http:\/\/imkerei-watermeyer.de\/wp-content\/uploads\/2020\/04\/img_7042-225x300.jpg 225w, http:\/\/imkerei-watermeyer.de\/wp-content\/uploads\/2020\/04\/img_7042-1140x1520.jpg 1140w\" sizes=\"(max-width: 768px) 100vw, 768px\" \/><figcaption>Lukas verteilt den Aktivator <\/figcaption><\/figure>\n\n\n\n<p>Zwischenzeitlich hat Ina beide Beete bepflanzt und flei\u00dfig ges\u00e4t. Jetzt nach den Eisheiligen nehmen die Pflanzen in den Beeten auch so richtig Fahrt auf.<\/p>\n\n\n\n<figure class=\"wp-block-image size-large\"><img data-attachment-id=\"886\" data-permalink=\"http:\/\/imkerei-watermeyer.de\/?attachment_id=886\" data-orig-file=\"http:\/\/imkerei-watermeyer.de\/wp-content\/uploads\/2020\/05\/70bd2eed-d040-46ec-9e0e-6208e75e9fb0-27248-00000abd7a376f4f_-1-scaled.jpg\" data-orig-size=\"1920,2560\" data-comments-opened=\"1\" data-image-meta=\"{&quot;aperture&quot;:&quot;1.8&quot;,&quot;credit&quot;:&quot;&quot;,&quot;camera&quot;:&quot;iPhone XS&quot;,&quot;caption&quot;:&quot;&quot;,&quot;created_timestamp&quot;:&quot;1590609456&quot;,&quot;copyright&quot;:&quot;&quot;,&quot;focal_length&quot;:&quot;4.25&quot;,&quot;iso&quot;:&quot;50&quot;,&quot;shutter_speed&quot;:&quot;0.0081967213114754&quot;,&quot;title&quot;:&quot;&quot;,&quot;orientation&quot;:&quot;1&quot;}\" data-image-title=\"70bd2eed-d040-46ec-9e0e-6208e75e9fb0-27248-00000abd7a376f4f_-1\" data-image-description=\"\" data-image-caption=\"\" data-medium-file=\"http:\/\/imkerei-watermeyer.de\/wp-content\/uploads\/2020\/05\/70bd2eed-d040-46ec-9e0e-6208e75e9fb0-27248-00000abd7a376f4f_-1-225x300.jpg\" data-large-file=\"http:\/\/imkerei-watermeyer.de\/wp-content\/uploads\/2020\/05\/70bd2eed-d040-46ec-9e0e-6208e75e9fb0-27248-00000abd7a376f4f_-1-768x1024.jpg\" decoding=\"async\" loading=\"lazy\" width=\"768\" height=\"1024\" src=\"http:\/\/imkerei-watermeyer.de\/wp-content\/uploads\/2020\/05\/70bd2eed-d040-46ec-9e0e-6208e75e9fb0-27248-00000abd7a376f4f_-1-768x1024.jpg\" alt=\"\" class=\"wp-image-886\" srcset=\"http:\/\/imkerei-watermeyer.de\/wp-content\/uploads\/2020\/05\/70bd2eed-d040-46ec-9e0e-6208e75e9fb0-27248-00000abd7a376f4f_-1-768x1024.jpg 768w, http:\/\/imkerei-watermeyer.de\/wp-content\/uploads\/2020\/05\/70bd2eed-d040-46ec-9e0e-6208e75e9fb0-27248-00000abd7a376f4f_-1-225x300.jpg 225w, http:\/\/imkerei-watermeyer.de\/wp-content\/uploads\/2020\/05\/70bd2eed-d040-46ec-9e0e-6208e75e9fb0-27248-00000abd7a376f4f_-1-1152x1536.jpg 1152w, http:\/\/imkerei-watermeyer.de\/wp-content\/uploads\/2020\/05\/70bd2eed-d040-46ec-9e0e-6208e75e9fb0-27248-00000abd7a376f4f_-1-1536x2048.jpg 1536w, http:\/\/imkerei-watermeyer.de\/wp-content\/uploads\/2020\/05\/70bd2eed-d040-46ec-9e0e-6208e75e9fb0-27248-00000abd7a376f4f_-1-1140x1520.jpg 1140w, http:\/\/imkerei-watermeyer.de\/wp-content\/uploads\/2020\/05\/70bd2eed-d040-46ec-9e0e-6208e75e9fb0-27248-00000abd7a376f4f_-1-scaled.jpg 1920w\" sizes=\"(max-width: 768px) 100vw, 768px\" \/><figcaption>Die bepflanzten Hochbeete <\/figcaption><\/figure>\n\n\n\n<p>Gefallen euch unsere Hochbeete? W\u00fcrdet ihr gerne genauer wissen, welche Materialien wir genau verwendet haben? Dann schreibt uns doch oder hinterlasst einen Kommentar. <\/p>\n<div id=\"geo-post-932\" class=\"geo geo-post\" style=\"display: none\"><span class=\"latitude\">52.2780174<\/span><span class=\"longitude\">7.7769163<\/span><\/div>","protected":false},"excerpt":{"rendered":"<p>Im April hatte Daniel aufgrund seines Arbeitsplatzwechsels nicht nur Zeit zum Efeu rupfen, er konnte auch endlich daran gehen, die Hochbeete zu bauen. Lange haben Ina und Daniel \u00fcberlegt, ob sie selber die Materialien f\u00fcr die Hochbeete zusammenstellen sollen oder doch lieber einen Bausatz im Intern bestellen. Beim Blick auf [&hellip;]<\/p>\n","protected":false},"author":1,"featured_media":886,"comment_status":"open","ping_status":"open","sticky":false,"template":"","format":"standard","meta":{"jetpack_post_was_ever_published":false,"_jetpack_newsletter_access":"","jetpack_publicize_message":"","jetpack_is_tweetstorm":false,"jetpack_publicize_feature_enabled":true,"jetpack_social_post_already_shared":true,"jetpack_social_options":{"image_generator_settings":{"template":"highway","enabled":false}}},"categories":[163],"tags":[112,15,166,90,89,167,88],"jetpack_publicize_connections":[],"jetpack_featured_media_url":"http:\/\/imkerei-watermeyer.de\/wp-content\/uploads\/2020\/05\/70bd2eed-d040-46ec-9e0e-6208e75e9fb0-27248-00000abd7a376f4f_-1-scaled.jpg","jetpack_sharing_enabled":true,"jetpack_shortlink":"https:\/\/wp.me\/p9uDaz-f2","jetpack_likes_enabled":true,"jetpack-related-posts":[{"id":879,"url":"http:\/\/imkerei-watermeyer.de\/?p=879","url_meta":{"origin":932,"position":0},"title":"Erste Ver\u00e4nderungen im neuen Garten","author":"Homeraner","date":"Mai 3, 2020","format":false,"excerpt":"Nachdem wir Anfang Februar ein neues Zuhause f\u00fcr die Laggenbiene gekauft haben, hat Daniel seine freie Zeit im April dazu genutzt, erste Ver\u00e4nderungen im Garten anzugehen. Vor unseren \u00c4nderungen Am Aufgang zum Haus war ein Beet komplett mit Efeu zugewuchert und Ahorn und Birke hatten sich dort wild ausges\u00e4t. Dieses\u2026","rel":"","context":"In &quot;Garten&quot;","block_context":{"text":"Garten","link":"http:\/\/imkerei-watermeyer.de\/?cat=163"},"img":{"alt_text":"","src":"https:\/\/i0.wp.com\/imkerei-watermeyer.de\/wp-content\/uploads\/2020\/04\/img_7107.jpg?resize=350%2C200","width":350,"height":200,"srcset":"https:\/\/i0.wp.com\/imkerei-watermeyer.de\/wp-content\/uploads\/2020\/04\/img_7107.jpg?resize=350%2C200 1x, https:\/\/i0.wp.com\/imkerei-watermeyer.de\/wp-content\/uploads\/2020\/04\/img_7107.jpg?resize=700%2C400 2x, https:\/\/i0.wp.com\/imkerei-watermeyer.de\/wp-content\/uploads\/2020\/04\/img_7107.jpg?resize=1050%2C600 3x, https:\/\/i0.wp.com\/imkerei-watermeyer.de\/wp-content\/uploads\/2020\/04\/img_7107.jpg?resize=1400%2C800 4x"},"classes":[]},{"id":669,"url":"http:\/\/imkerei-watermeyer.de\/?p=669","url_meta":{"origin":932,"position":1},"title":"Das Insektenhotel","author":"Homeraner","date":"Juli 28, 2019","format":false,"excerpt":"Wie letztens auf unserem Instagram-Account angek\u00fcndigt, haben wir in den Sommerferien zusammen mit den Kindern ein Insektenhotel gebaut. Sicher keine Profi-Variante, sicher gibt es einige Dinge, die verbesserungsw\u00fcrdig w\u00e4ren, aber es ist halt selbstgemacht. Die Idee dazu kam uns bei einem unserer Besuche in Bielefeld bei Inas Eltern. Dort nisten\u2026","rel":"","context":"In &quot;Natur&quot;","block_context":{"text":"Natur","link":"http:\/\/imkerei-watermeyer.de\/?cat=3"},"img":{"alt_text":"","src":"https:\/\/i0.wp.com\/imkerei-watermeyer.de\/wp-content\/uploads\/2019\/07\/dsc00386-e1564310785592.jpg?resize=350%2C200","width":350,"height":200,"srcset":"https:\/\/i0.wp.com\/imkerei-watermeyer.de\/wp-content\/uploads\/2019\/07\/dsc00386-e1564310785592.jpg?resize=350%2C200 1x, https:\/\/i0.wp.com\/imkerei-watermeyer.de\/wp-content\/uploads\/2019\/07\/dsc00386-e1564310785592.jpg?resize=700%2C400 2x, https:\/\/i0.wp.com\/imkerei-watermeyer.de\/wp-content\/uploads\/2019\/07\/dsc00386-e1564310785592.jpg?resize=1050%2C600 3x, https:\/\/i0.wp.com\/imkerei-watermeyer.de\/wp-content\/uploads\/2019\/07\/dsc00386-e1564310785592.jpg?resize=1400%2C800 4x"},"classes":[]},{"id":236,"url":"http:\/\/imkerei-watermeyer.de\/?p=236","url_meta":{"origin":932,"position":2},"title":"Die gro\u00dfe Cousine\u00a0","author":"Homeraner","date":"November 9, 2015","format":false,"excerpt":"Bienen und Wespen geh\u00f6ren innerhalb der Insekten zur gleichen Gruppe. Beide geh\u00f6ren zur Gruppe der Hautfl\u00fcgler. W\u00e4hrend die Deutsche Wespe und die gemeine Wespe ungef\u00e4hr die Gr\u00f6\u00dfe einer Honigbiene haben und der breiten Bev\u00f6lkerung wegen ihrer ungebetenen Gastbesuche an hochsommerlichen Kaffeetafeln und Grillveranstaltungen bekannt sind, ist deren gro\u00dfe Schwester den\u2026","rel":"","context":"In &quot;Bienenbilder&quot;","block_context":{"text":"Bienenbilder","link":"http:\/\/imkerei-watermeyer.de\/?cat=2"},"img":{"alt_text":"","src":"https:\/\/i0.wp.com\/imkerei-watermeyer.de\/wp-content\/uploads\/2015\/11\/IMG_5331.jpg?resize=350%2C200","width":350,"height":200,"srcset":"https:\/\/i0.wp.com\/imkerei-watermeyer.de\/wp-content\/uploads\/2015\/11\/IMG_5331.jpg?resize=350%2C200 1x, https:\/\/i0.wp.com\/imkerei-watermeyer.de\/wp-content\/uploads\/2015\/11\/IMG_5331.jpg?resize=700%2C400 2x, https:\/\/i0.wp.com\/imkerei-watermeyer.de\/wp-content\/uploads\/2015\/11\/IMG_5331.jpg?resize=1050%2C600 3x, https:\/\/i0.wp.com\/imkerei-watermeyer.de\/wp-content\/uploads\/2015\/11\/IMG_5331.jpg?resize=1400%2C800 4x"},"classes":[]},{"id":972,"url":"http:\/\/imkerei-watermeyer.de\/?p=972","url_meta":{"origin":932,"position":3},"title":"V\u00f6gel in unserem Garten","author":"Homeraner","date":"Mai 31, 2020","format":false,"excerpt":"Heute m\u00f6chten wir euch einmal ein paar Fotos von den V\u00f6geln zeigen, die bei uns im Garten heimisch sind. Rotkehlchen am Gartenschlauch Wir genie\u00dfen es, bei uns auf dem Balkon zu sitzen und dem Gezwitscher der V\u00f6gel zu lauschen. Von dort aus haben wir einen guten Blick auf die Nistk\u00e4sten,\u2026","rel":"","context":"In &quot;Garten&quot;","block_context":{"text":"Garten","link":"http:\/\/imkerei-watermeyer.de\/?cat=163"},"img":{"alt_text":"","src":"https:\/\/i0.wp.com\/imkerei-watermeyer.de\/wp-content\/uploads\/2020\/05\/DSC01389-scaled.jpg?resize=350%2C200","width":350,"height":200,"srcset":"https:\/\/i0.wp.com\/imkerei-watermeyer.de\/wp-content\/uploads\/2020\/05\/DSC01389-scaled.jpg?resize=350%2C200 1x, https:\/\/i0.wp.com\/imkerei-watermeyer.de\/wp-content\/uploads\/2020\/05\/DSC01389-scaled.jpg?resize=700%2C400 2x, https:\/\/i0.wp.com\/imkerei-watermeyer.de\/wp-content\/uploads\/2020\/05\/DSC01389-scaled.jpg?resize=1050%2C600 3x, https:\/\/i0.wp.com\/imkerei-watermeyer.de\/wp-content\/uploads\/2020\/05\/DSC01389-scaled.jpg?resize=1400%2C800 4x"},"classes":[]},{"id":218,"url":"http:\/\/imkerei-watermeyer.de\/?p=218","url_meta":{"origin":932,"position":4},"title":"Einwintern","author":"Homeraner","date":"August 31, 2015","format":false,"excerpt":"Morgen werden wieder Spekulatius und Dominosteine Einzug in deutsche Superm\u00e4rkte halten und der meteorologische Herbst beginnt. Der Hochsommer verabschiedet sich gerade bei uns mit Blitz und Donner. Doch wir Imker sind schon einen Schritt weiter! Im August stand bei unseren V\u00f6lkern das sogenannte Einwintern auf dem Programm. Zu den Arbeiten\u2026","rel":"","context":"In &quot;Blick ins Volk&quot;","block_context":{"text":"Blick ins Volk","link":"http:\/\/imkerei-watermeyer.de\/?cat=4"},"img":{"alt_text":"","src":"https:\/\/i0.wp.com\/imkerei-watermeyer.de\/wp-content\/uploads\/2015\/08\/IMG_4358-0.jpg?resize=350%2C200","width":350,"height":200,"srcset":"https:\/\/i0.wp.com\/imkerei-watermeyer.de\/wp-content\/uploads\/2015\/08\/IMG_4358-0.jpg?resize=350%2C200 1x, https:\/\/i0.wp.com\/imkerei-watermeyer.de\/wp-content\/uploads\/2015\/08\/IMG_4358-0.jpg?resize=700%2C400 2x, https:\/\/i0.wp.com\/imkerei-watermeyer.de\/wp-content\/uploads\/2015\/08\/IMG_4358-0.jpg?resize=1050%2C600 3x, https:\/\/i0.wp.com\/imkerei-watermeyer.de\/wp-content\/uploads\/2015\/08\/IMG_4358-0.jpg?resize=1400%2C800 4x"},"classes":[]},{"id":1305,"url":"http:\/\/imkerei-watermeyer.de\/?p=1305","url_meta":{"origin":932,"position":5},"title":"Amy und Cees","author":"laggenbiene","date":"Juli 22, 2025","format":false,"excerpt":"Wie in meinem Beitrag \u00fcber unser Ausstellungsjahr 2024 geschrieben, haben wir bei der internationalen Hundeausstellung CACIB Kassel die Z\u00fcchterin Silvia Bayer und ihre H\u00fcndin Amy kennengelernt. Silvia war so angetan von unserem Cees, dass sie diesen unbedingt f\u00fcr den ersten Wurf von Amy als Deckr\u00fcden haben wollte. Amy selber zeigte\u2026","rel":"","context":"In &quot;Gro\u00dfspitze&quot;","block_context":{"text":"Gro\u00dfspitze","link":"http:\/\/imkerei-watermeyer.de\/?cat=192"},"img":{"alt_text":"","src":"https:\/\/i0.wp.com\/imkerei-watermeyer.de\/wp-content\/uploads\/2025\/07\/4935508b-cf53-4634-bad5-78ed7046baae-1.jpg?resize=350%2C200","width":350,"height":200,"srcset":"https:\/\/i0.wp.com\/imkerei-watermeyer.de\/wp-content\/uploads\/2025\/07\/4935508b-cf53-4634-bad5-78ed7046baae-1.jpg?resize=350%2C200 1x, https:\/\/i0.wp.com\/imkerei-watermeyer.de\/wp-content\/uploads\/2025\/07\/4935508b-cf53-4634-bad5-78ed7046baae-1.jpg?resize=700%2C400 2x, https:\/\/i0.wp.com\/imkerei-watermeyer.de\/wp-content\/uploads\/2025\/07\/4935508b-cf53-4634-bad5-78ed7046baae-1.jpg?resize=1050%2C600 3x, https:\/\/i0.wp.com\/imkerei-watermeyer.de\/wp-content\/uploads\/2025\/07\/4935508b-cf53-4634-bad5-78ed7046baae-1.jpg?resize=1400%2C800 4x"},"classes":[]}],"_links":{"self":[{"href":"http:\/\/imkerei-watermeyer.de\/index.php?rest_route=\/wp\/v2\/posts\/932"}],"collection":[{"href":"http:\/\/imkerei-watermeyer.de\/index.php?rest_route=\/wp\/v2\/posts"}],"about":[{"href":"http:\/\/imkerei-watermeyer.de\/index.php?rest_route=\/wp\/v2\/types\/post"}],"author":[{"embeddable":true,"href":"http:\/\/imkerei-watermeyer.de\/index.php?rest_route=\/wp\/v2\/users\/1"}],"replies":[{"embeddable":true,"href":"http:\/\/imkerei-watermeyer.de\/index.php?rest_route=%2Fwp%2Fv2%2Fcomments&post=932"}],"version-history":[{"count":2,"href":"http:\/\/imkerei-watermeyer.de\/index.php?rest_route=\/wp\/v2\/posts\/932\/revisions"}],"predecessor-version":[{"id":934,"href":"http:\/\/imkerei-watermeyer.de\/index.php?rest_route=\/wp\/v2\/posts\/932\/revisions\/934"}],"wp:featuredmedia":[{"embeddable":true,"href":"http:\/\/imkerei-watermeyer.de\/index.php?rest_route=\/wp\/v2\/media\/886"}],"wp:attachment":[{"href":"http:\/\/imkerei-watermeyer.de\/index.php?rest_route=%2Fwp%2Fv2%2Fmedia&parent=932"}],"wp:term":[{"taxonomy":"category","embeddable":true,"href":"http:\/\/imkerei-watermeyer.de\/index.php?rest_route=%2Fwp%2Fv2%2Fcategories&post=932"},{"taxonomy":"post_tag","embeddable":true,"href":"http:\/\/imkerei-watermeyer.de\/index.php?rest_route=%2Fwp%2Fv2%2Ftags&post=932"}],"curies":[{"name":"wp","href":"https:\/\/api.w.org\/{rel}","templated":true}]}}