{"id":879,"date":"2020-05-03T10:14:14","date_gmt":"2020-05-03T10:14:14","guid":{"rendered":"http:\/\/imkerei-watermeyer.de\/?p=879"},"modified":"2020-05-03T10:14:14","modified_gmt":"2020-05-03T10:14:14","slug":"erste-veraenderungen-im-neuen-garten","status":"publish","type":"post","link":"http:\/\/imkerei-watermeyer.de\/?p=879","title":{"rendered":"Erste Ver\u00e4nderungen im neuen Garten"},"content":{"rendered":"\n<p>Nachdem wir Anfang Februar ein neues Zuhause f\u00fcr die Laggenbiene gekauft haben, hat Daniel seine freie Zeit im April dazu genutzt, erste Ver\u00e4nderungen im Garten anzugehen.<\/p>\n\n\n\n<figure class=\"wp-block-image size-large\"><img data-attachment-id=\"869\" data-permalink=\"http:\/\/imkerei-watermeyer.de\/?attachment_id=869\" data-orig-file=\"http:\/\/imkerei-watermeyer.de\/wp-content\/uploads\/2020\/04\/img_7021.jpg\" data-orig-size=\"3024,4032\" data-comments-opened=\"1\" data-image-meta=\"{&quot;aperture&quot;:&quot;1.8&quot;,&quot;credit&quot;:&quot;&quot;,&quot;camera&quot;:&quot;iPhone XS&quot;,&quot;caption&quot;:&quot;&quot;,&quot;created_timestamp&quot;:&quot;1586860378&quot;,&quot;copyright&quot;:&quot;&quot;,&quot;focal_length&quot;:&quot;4.25&quot;,&quot;iso&quot;:&quot;25&quot;,&quot;shutter_speed&quot;:&quot;0.0010482180293501&quot;,&quot;title&quot;:&quot;&quot;,&quot;orientation&quot;:&quot;1&quot;}\" data-image-title=\"img_7021\" data-image-description=\"\" data-image-caption=\"\" data-medium-file=\"http:\/\/imkerei-watermeyer.de\/wp-content\/uploads\/2020\/04\/img_7021-225x300.jpg\" data-large-file=\"http:\/\/imkerei-watermeyer.de\/wp-content\/uploads\/2020\/04\/img_7021-768x1024.jpg\" decoding=\"async\" loading=\"lazy\" width=\"768\" height=\"1024\" src=\"http:\/\/imkerei-watermeyer.de\/wp-content\/uploads\/2020\/04\/img_7021-768x1024.jpg\" alt=\"\" class=\"wp-image-869\" srcset=\"http:\/\/imkerei-watermeyer.de\/wp-content\/uploads\/2020\/04\/img_7021-768x1024.jpg 768w, http:\/\/imkerei-watermeyer.de\/wp-content\/uploads\/2020\/04\/img_7021-225x300.jpg 225w, http:\/\/imkerei-watermeyer.de\/wp-content\/uploads\/2020\/04\/img_7021-1140x1520.jpg 1140w\" sizes=\"(max-width: 768px) 100vw, 768px\" \/><figcaption>Vor unseren \u00c4nderungen<\/figcaption><\/figure>\n\n\n\n<p>Am Aufgang zum Haus war ein Beet komplett mit Efeu zugewuchert und Ahorn und Birke hatten sich dort wild ausges\u00e4t.<\/p>\n\n\n\n<p>Dieses Beet, welches den Blick auf das Haus pr\u00e4gt, wollten wir mit Stauden bepflanzen, damit es dort im Sommer farbenfroh bl\u00fcht und Insekten angezogen werden.<\/p>\n\n\n\n<p>Doch bevor wir auch nur daran denken konnten, Stauden zu pflanzen, musste die Fl\u00e4che von etwa 20-25 qm erstmal frei ger\u00e4umt werden.<\/p>\n\n\n\n<p>H\u00e4tten wir vorher gewusst, wie aufwendig und m\u00fchselig es wird, den Efeu, Farn und all die Birken- und Ahornb\u00e4umchen rauszurei\u00dfen, wir h\u00e4tten es wohl bleiben lassen.<\/p>\n\n\n\n<figure class=\"wp-block-image size-large\"><img data-attachment-id=\"863\" data-permalink=\"http:\/\/imkerei-watermeyer.de\/?attachment_id=863\" data-orig-file=\"http:\/\/imkerei-watermeyer.de\/wp-content\/uploads\/2020\/04\/img_7016.jpg\" data-orig-size=\"3024,4032\" data-comments-opened=\"1\" data-image-meta=\"{&quot;aperture&quot;:&quot;1.8&quot;,&quot;credit&quot;:&quot;&quot;,&quot;camera&quot;:&quot;iPhone XS&quot;,&quot;caption&quot;:&quot;&quot;,&quot;created_timestamp&quot;:&quot;1586713360&quot;,&quot;copyright&quot;:&quot;&quot;,&quot;focal_length&quot;:&quot;4.25&quot;,&quot;iso&quot;:&quot;25&quot;,&quot;shutter_speed&quot;:&quot;0.008130081300813&quot;,&quot;title&quot;:&quot;&quot;,&quot;orientation&quot;:&quot;1&quot;}\" data-image-title=\"img_7016\" data-image-description=\"\" data-image-caption=\"\" data-medium-file=\"http:\/\/imkerei-watermeyer.de\/wp-content\/uploads\/2020\/04\/img_7016-225x300.jpg\" data-large-file=\"http:\/\/imkerei-watermeyer.de\/wp-content\/uploads\/2020\/04\/img_7016-768x1024.jpg\" decoding=\"async\" loading=\"lazy\" width=\"768\" height=\"1024\" src=\"http:\/\/imkerei-watermeyer.de\/wp-content\/uploads\/2020\/04\/img_7016-768x1024.jpg\" alt=\"\" class=\"wp-image-863\" srcset=\"http:\/\/imkerei-watermeyer.de\/wp-content\/uploads\/2020\/04\/img_7016-768x1024.jpg 768w, http:\/\/imkerei-watermeyer.de\/wp-content\/uploads\/2020\/04\/img_7016-225x300.jpg 225w, http:\/\/imkerei-watermeyer.de\/wp-content\/uploads\/2020\/04\/img_7016-1140x1520.jpg 1140w\" sizes=\"(max-width: 768px) 100vw, 768px\" \/><figcaption>Der Anfang ist gemacht<\/figcaption><\/figure>\n\n\n\n<figure class=\"wp-block-image size-large\"><img data-attachment-id=\"868\" data-permalink=\"http:\/\/imkerei-watermeyer.de\/?attachment_id=868\" data-orig-file=\"http:\/\/imkerei-watermeyer.de\/wp-content\/uploads\/2020\/04\/img_7023.jpg\" data-orig-size=\"4032,3024\" data-comments-opened=\"1\" data-image-meta=\"{&quot;aperture&quot;:&quot;1.8&quot;,&quot;credit&quot;:&quot;&quot;,&quot;camera&quot;:&quot;iPhone XS&quot;,&quot;caption&quot;:&quot;&quot;,&quot;created_timestamp&quot;:&quot;1586860403&quot;,&quot;copyright&quot;:&quot;&quot;,&quot;focal_length&quot;:&quot;4.25&quot;,&quot;iso&quot;:&quot;25&quot;,&quot;shutter_speed&quot;:&quot;0.0014749262536873&quot;,&quot;title&quot;:&quot;&quot;,&quot;orientation&quot;:&quot;1&quot;}\" data-image-title=\"img_7023\" data-image-description=\"\" data-image-caption=\"\" data-medium-file=\"http:\/\/imkerei-watermeyer.de\/wp-content\/uploads\/2020\/04\/img_7023-300x225.jpg\" data-large-file=\"http:\/\/imkerei-watermeyer.de\/wp-content\/uploads\/2020\/04\/img_7023-1024x768.jpg\" decoding=\"async\" loading=\"lazy\" width=\"1024\" height=\"768\" src=\"http:\/\/imkerei-watermeyer.de\/wp-content\/uploads\/2020\/04\/img_7023-1024x768.jpg\" alt=\"\" class=\"wp-image-868\" srcset=\"http:\/\/imkerei-watermeyer.de\/wp-content\/uploads\/2020\/04\/img_7023-1024x768.jpg 1024w, http:\/\/imkerei-watermeyer.de\/wp-content\/uploads\/2020\/04\/img_7023-300x225.jpg 300w, http:\/\/imkerei-watermeyer.de\/wp-content\/uploads\/2020\/04\/img_7023-768x576.jpg 768w, http:\/\/imkerei-watermeyer.de\/wp-content\/uploads\/2020\/04\/img_7023-1140x855.jpg 1140w\" sizes=\"(max-width: 1024px) 100vw, 1024px\" \/><figcaption>Weiter geht\u2019s <\/figcaption><\/figure>\n\n\n\n<p>Anfangs geht es noch recht z\u00fcgig, aber je mehr oberfl\u00e4chlicher Efeu rausgerissen ist, desto offensichtlicher wird, dass die Erde nahezu komplett mit bis zu 2 Finger dicke Wurzeln vom Efeu durchzogen ist. Gl\u00fccklicherweise hat Ina dank Corona auch mehr Zeit f\u00fcr die Gartenarbeit zuhause und kann Daniel tatkr\u00e4ftig unterst\u00fctzen. So k\u00f6nnen die beiden sich gegenseitig immer wieder motivieren, wenn einer aufgeben m\u00f6chte, weil der Efeu schon f\u00fcr Alptr\u00e4ume sorgt.<\/p>\n\n\n\n<p>Neben dem Efeu m\u00fcssen wir auch noch die beiden Buchenb\u00fcsche\/-b\u00e4umchen stutzen. Da wir kein schweres Ger\u00e4t haben, um die Wurzel rauszuziehen, lassen wir Stutzen stehen, die wir noch einkerben, damit die Stumpfe schneller verrotten.<\/p>\n\n\n\n<figure class=\"wp-block-image size-large\"><img data-attachment-id=\"865\" data-permalink=\"http:\/\/imkerei-watermeyer.de\/?attachment_id=865\" data-orig-file=\"http:\/\/imkerei-watermeyer.de\/wp-content\/uploads\/2020\/04\/img_7086.jpg\" data-orig-size=\"3024,4032\" data-comments-opened=\"1\" data-image-meta=\"{&quot;aperture&quot;:&quot;1.8&quot;,&quot;credit&quot;:&quot;&quot;,&quot;camera&quot;:&quot;iPhone XS&quot;,&quot;caption&quot;:&quot;&quot;,&quot;created_timestamp&quot;:&quot;1587230431&quot;,&quot;copyright&quot;:&quot;&quot;,&quot;focal_length&quot;:&quot;4.25&quot;,&quot;iso&quot;:&quot;50&quot;,&quot;shutter_speed&quot;:&quot;0.0082644628099174&quot;,&quot;title&quot;:&quot;&quot;,&quot;orientation&quot;:&quot;1&quot;}\" data-image-title=\"img_7086\" data-image-description=\"\" data-image-caption=\"\" data-medium-file=\"http:\/\/imkerei-watermeyer.de\/wp-content\/uploads\/2020\/04\/img_7086-225x300.jpg\" data-large-file=\"http:\/\/imkerei-watermeyer.de\/wp-content\/uploads\/2020\/04\/img_7086-768x1024.jpg\" decoding=\"async\" loading=\"lazy\" width=\"768\" height=\"1024\" src=\"http:\/\/imkerei-watermeyer.de\/wp-content\/uploads\/2020\/04\/img_7086-768x1024.jpg\" alt=\"\" class=\"wp-image-865\" srcset=\"http:\/\/imkerei-watermeyer.de\/wp-content\/uploads\/2020\/04\/img_7086-768x1024.jpg 768w, http:\/\/imkerei-watermeyer.de\/wp-content\/uploads\/2020\/04\/img_7086-225x300.jpg 225w, http:\/\/imkerei-watermeyer.de\/wp-content\/uploads\/2020\/04\/img_7086-1140x1520.jpg 1140w\" sizes=\"(max-width: 768px) 100vw, 768px\" \/><figcaption>Die Buchen sind gestutzt und das oberfl\u00e4chliche Efeu ist weg. Jetzt noch umgraben.<\/figcaption><\/figure>\n\n\n\n<p>Um die Efeuwurzeln m\u00f6glichst gr\u00fcndlich zu beseitigen, gr\u00e4bt Daniel die Fl\u00e4che anschlie\u00dfend noch um und Ina harkt die Fl\u00e4che gerade und sortiert dabei die restlichen Wurzeln aus.<\/p>\n\n\n\n<figure class=\"wp-block-image size-large\"><img data-attachment-id=\"861\" data-permalink=\"http:\/\/imkerei-watermeyer.de\/?attachment_id=861\" data-orig-file=\"http:\/\/imkerei-watermeyer.de\/wp-content\/uploads\/2020\/04\/936f28ce-19e5-4cbc-935f-00ebf6ff6ac8.jpg\" data-orig-size=\"2160,3840\" data-comments-opened=\"1\" data-image-meta=\"{&quot;aperture&quot;:&quot;1.8&quot;,&quot;credit&quot;:&quot;&quot;,&quot;camera&quot;:&quot;iPhone XS&quot;,&quot;caption&quot;:&quot;&quot;,&quot;created_timestamp&quot;:&quot;1587309346&quot;,&quot;copyright&quot;:&quot;&quot;,&quot;focal_length&quot;:&quot;4.25&quot;,&quot;iso&quot;:&quot;25&quot;,&quot;shutter_speed&quot;:&quot;0.0009000900090009&quot;,&quot;title&quot;:&quot;&quot;,&quot;orientation&quot;:&quot;1&quot;}\" data-image-title=\"936f28ce-19e5-4cbc-935f-00ebf6ff6ac8\" data-image-description=\"\" data-image-caption=\"\" data-medium-file=\"http:\/\/imkerei-watermeyer.de\/wp-content\/uploads\/2020\/04\/936f28ce-19e5-4cbc-935f-00ebf6ff6ac8-169x300.jpg\" data-large-file=\"http:\/\/imkerei-watermeyer.de\/wp-content\/uploads\/2020\/04\/936f28ce-19e5-4cbc-935f-00ebf6ff6ac8-576x1024.jpg\" decoding=\"async\" loading=\"lazy\" width=\"576\" height=\"1024\" src=\"http:\/\/imkerei-watermeyer.de\/wp-content\/uploads\/2020\/04\/936f28ce-19e5-4cbc-935f-00ebf6ff6ac8-576x1024.jpg\" alt=\"\" class=\"wp-image-861\" srcset=\"http:\/\/imkerei-watermeyer.de\/wp-content\/uploads\/2020\/04\/936f28ce-19e5-4cbc-935f-00ebf6ff6ac8-576x1024.jpg 576w, http:\/\/imkerei-watermeyer.de\/wp-content\/uploads\/2020\/04\/936f28ce-19e5-4cbc-935f-00ebf6ff6ac8-169x300.jpg 169w, http:\/\/imkerei-watermeyer.de\/wp-content\/uploads\/2020\/04\/936f28ce-19e5-4cbc-935f-00ebf6ff6ac8-768x1365.jpg 768w, http:\/\/imkerei-watermeyer.de\/wp-content\/uploads\/2020\/04\/936f28ce-19e5-4cbc-935f-00ebf6ff6ac8-1140x2027.jpg 1140w\" sizes=\"(max-width: 576px) 100vw, 576px\" \/><figcaption>Das Beet ist vorbereitet. Die Stauden k\u00f6nnen kommen!<\/figcaption><\/figure>\n\n\n\n<p>ENDLICH! Der Efeu ist raus. Daf\u00fcr muss Daniel jetzt seine Handgelenke schonen. Bei Stauden Stade in Borken suchen wir w\u00e4hrenddessen passende Stauden f\u00fcr die Fl\u00e4che raus. Diese bestellen wir per Mail und k\u00f6nnen diese 2 Tage sp\u00e4ter abholen.<\/p>\n\n\n\n<figure class=\"wp-block-image size-large\"><img data-attachment-id=\"852\" data-permalink=\"http:\/\/imkerei-watermeyer.de\/?attachment_id=852\" data-orig-file=\"http:\/\/imkerei-watermeyer.de\/wp-content\/uploads\/2020\/04\/img_7056.jpg\" data-orig-size=\"3024,4032\" data-comments-opened=\"1\" data-image-meta=\"{&quot;aperture&quot;:&quot;1.8&quot;,&quot;credit&quot;:&quot;&quot;,&quot;camera&quot;:&quot;iPhone XS&quot;,&quot;caption&quot;:&quot;&quot;,&quot;created_timestamp&quot;:&quot;1587116194&quot;,&quot;copyright&quot;:&quot;&quot;,&quot;focal_length&quot;:&quot;4.25&quot;,&quot;iso&quot;:&quot;40&quot;,&quot;shutter_speed&quot;:&quot;0.0082644628099174&quot;,&quot;title&quot;:&quot;&quot;,&quot;orientation&quot;:&quot;1&quot;}\" data-image-title=\"img_7056\" data-image-description=\"\" data-image-caption=\"\" data-medium-file=\"http:\/\/imkerei-watermeyer.de\/wp-content\/uploads\/2020\/04\/img_7056-225x300.jpg\" data-large-file=\"http:\/\/imkerei-watermeyer.de\/wp-content\/uploads\/2020\/04\/img_7056-768x1024.jpg\" decoding=\"async\" loading=\"lazy\" width=\"768\" height=\"1024\" src=\"http:\/\/imkerei-watermeyer.de\/wp-content\/uploads\/2020\/04\/img_7056-768x1024.jpg\" alt=\"\" class=\"wp-image-852\" srcset=\"http:\/\/imkerei-watermeyer.de\/wp-content\/uploads\/2020\/04\/img_7056-768x1024.jpg 768w, http:\/\/imkerei-watermeyer.de\/wp-content\/uploads\/2020\/04\/img_7056-225x300.jpg 225w, http:\/\/imkerei-watermeyer.de\/wp-content\/uploads\/2020\/04\/img_7056-1140x1520.jpg 1140w\" sizes=\"(max-width: 768px) 100vw, 768px\" \/><figcaption>140 Stauden &#8211; das Auto ist voll<\/figcaption><\/figure>\n\n\n\n<p>140 Pflanzen haben wir gekauft. Etwa 7 Pflanzen pro Quadratmeter sollen es gem\u00e4\u00df der fachkundigen Beratung der G\u00e4rtner sein, damit die Fl\u00e4che sp\u00e4ter dicht bewachsen ist.<\/p>\n\n\n\n<figure class=\"wp-block-image size-large\"><img data-attachment-id=\"878\" data-permalink=\"http:\/\/imkerei-watermeyer.de\/?attachment_id=878\" data-orig-file=\"http:\/\/imkerei-watermeyer.de\/wp-content\/uploads\/2020\/05\/d6feb626-dc4c-4654-816a-f218bb547893.jpg\" data-orig-size=\"1024,895\" data-comments-opened=\"1\" data-image-meta=\"{&quot;aperture&quot;:&quot;0&quot;,&quot;credit&quot;:&quot;&quot;,&quot;camera&quot;:&quot;&quot;,&quot;caption&quot;:&quot;&quot;,&quot;created_timestamp&quot;:&quot;0&quot;,&quot;copyright&quot;:&quot;&quot;,&quot;focal_length&quot;:&quot;0&quot;,&quot;iso&quot;:&quot;0&quot;,&quot;shutter_speed&quot;:&quot;0&quot;,&quot;title&quot;:&quot;&quot;,&quot;orientation&quot;:&quot;1&quot;}\" data-image-title=\"d6feb626-dc4c-4654-816a-f218bb547893\" data-image-description=\"\" data-image-caption=\"\" data-medium-file=\"http:\/\/imkerei-watermeyer.de\/wp-content\/uploads\/2020\/05\/d6feb626-dc4c-4654-816a-f218bb547893-300x262.jpg\" data-large-file=\"http:\/\/imkerei-watermeyer.de\/wp-content\/uploads\/2020\/05\/d6feb626-dc4c-4654-816a-f218bb547893-1024x895.jpg\" decoding=\"async\" loading=\"lazy\" width=\"1024\" height=\"895\" src=\"http:\/\/imkerei-watermeyer.de\/wp-content\/uploads\/2020\/05\/d6feb626-dc4c-4654-816a-f218bb547893-1024x895.jpg\" alt=\"\" class=\"wp-image-878\" srcset=\"http:\/\/imkerei-watermeyer.de\/wp-content\/uploads\/2020\/05\/d6feb626-dc4c-4654-816a-f218bb547893.jpg 1024w, http:\/\/imkerei-watermeyer.de\/wp-content\/uploads\/2020\/05\/d6feb626-dc4c-4654-816a-f218bb547893-300x262.jpg 300w, http:\/\/imkerei-watermeyer.de\/wp-content\/uploads\/2020\/05\/d6feb626-dc4c-4654-816a-f218bb547893-768x671.jpg 768w\" sizes=\"(max-width: 1024px) 100vw, 1024px\" \/><figcaption>Unsere Staudenbestellung<\/figcaption><\/figure>\n\n\n\n<p>Vorne im Beet sollen flachere Bodendecker stehen. Dahinter ordnen wir mittelhohe Stauden an und vor den B\u00fcschen oben im Beet noch h\u00f6her wachsende Pflanzen. Au\u00dferdem haben wir noch 3 Sommerflieder (Schmetterlingsstrauch) in der letzten Reihe angeordnet.<\/p>\n\n\n\n<figure class=\"wp-block-image size-large\"><img data-attachment-id=\"866\" data-permalink=\"http:\/\/imkerei-watermeyer.de\/?attachment_id=866\" data-orig-file=\"http:\/\/imkerei-watermeyer.de\/wp-content\/uploads\/2020\/04\/img_7093.jpg\" data-orig-size=\"4032,3024\" data-comments-opened=\"1\" data-image-meta=\"{&quot;aperture&quot;:&quot;1.8&quot;,&quot;credit&quot;:&quot;&quot;,&quot;camera&quot;:&quot;iPhone XS&quot;,&quot;caption&quot;:&quot;&quot;,&quot;created_timestamp&quot;:&quot;1587311934&quot;,&quot;copyright&quot;:&quot;&quot;,&quot;focal_length&quot;:&quot;4.25&quot;,&quot;iso&quot;:&quot;25&quot;,&quot;shutter_speed&quot;:&quot;0.0009794319294809&quot;,&quot;title&quot;:&quot;&quot;,&quot;orientation&quot;:&quot;1&quot;}\" data-image-title=\"img_7093\" data-image-description=\"\" data-image-caption=\"\" data-medium-file=\"http:\/\/imkerei-watermeyer.de\/wp-content\/uploads\/2020\/04\/img_7093-300x225.jpg\" data-large-file=\"http:\/\/imkerei-watermeyer.de\/wp-content\/uploads\/2020\/04\/img_7093-1024x768.jpg\" decoding=\"async\" loading=\"lazy\" width=\"1024\" height=\"768\" src=\"http:\/\/imkerei-watermeyer.de\/wp-content\/uploads\/2020\/04\/img_7093-1024x768.jpg\" alt=\"\" class=\"wp-image-866\" srcset=\"http:\/\/imkerei-watermeyer.de\/wp-content\/uploads\/2020\/04\/img_7093-1024x768.jpg 1024w, http:\/\/imkerei-watermeyer.de\/wp-content\/uploads\/2020\/04\/img_7093-300x225.jpg 300w, http:\/\/imkerei-watermeyer.de\/wp-content\/uploads\/2020\/04\/img_7093-768x576.jpg 768w, http:\/\/imkerei-watermeyer.de\/wp-content\/uploads\/2020\/04\/img_7093-1140x855.jpg 1140w\" sizes=\"(max-width: 1024px) 100vw, 1024px\" \/><figcaption>Die Stauden werden auf das Beet verteilt.<\/figcaption><\/figure>\n\n\n\n<p>Da der Boden im Beet lehmig und steinig ist, werden die Pflanzen in Pflanzl\u00f6cher mit Pflanzerde, Hornsp\u00e4nen als Langzeitd\u00fcnger und Bodenaktivator gepflanzt.<\/p>\n\n\n\n<figure class=\"wp-block-image size-large\"><img data-attachment-id=\"859\" data-permalink=\"http:\/\/imkerei-watermeyer.de\/?attachment_id=859\" data-orig-file=\"http:\/\/imkerei-watermeyer.de\/wp-content\/uploads\/2020\/04\/img_7094.jpg\" data-orig-size=\"3024,4032\" data-comments-opened=\"1\" data-image-meta=\"{&quot;aperture&quot;:&quot;1.8&quot;,&quot;credit&quot;:&quot;&quot;,&quot;camera&quot;:&quot;iPhone XS&quot;,&quot;caption&quot;:&quot;&quot;,&quot;created_timestamp&quot;:&quot;1587312524&quot;,&quot;copyright&quot;:&quot;&quot;,&quot;focal_length&quot;:&quot;4.25&quot;,&quot;iso&quot;:&quot;40&quot;,&quot;shutter_speed&quot;:&quot;0.0082644628099174&quot;,&quot;title&quot;:&quot;&quot;,&quot;orientation&quot;:&quot;1&quot;}\" data-image-title=\"img_7094\" data-image-description=\"\" data-image-caption=\"\" data-medium-file=\"http:\/\/imkerei-watermeyer.de\/wp-content\/uploads\/2020\/04\/img_7094-225x300.jpg\" data-large-file=\"http:\/\/imkerei-watermeyer.de\/wp-content\/uploads\/2020\/04\/img_7094-768x1024.jpg\" decoding=\"async\" loading=\"lazy\" width=\"768\" height=\"1024\" src=\"http:\/\/imkerei-watermeyer.de\/wp-content\/uploads\/2020\/04\/img_7094-768x1024.jpg\" alt=\"\" class=\"wp-image-859\" srcset=\"http:\/\/imkerei-watermeyer.de\/wp-content\/uploads\/2020\/04\/img_7094-768x1024.jpg 768w, http:\/\/imkerei-watermeyer.de\/wp-content\/uploads\/2020\/04\/img_7094-225x300.jpg 225w, http:\/\/imkerei-watermeyer.de\/wp-content\/uploads\/2020\/04\/img_7094-1140x1520.jpg 1140w\" sizes=\"(max-width: 768px) 100vw, 768px\" \/><figcaption>Jede Staude kommt in ein Pflanzloch mit Pflanzenerde, Hornsp\u00e4nen und Bodenaktovator.<\/figcaption><\/figure>\n\n\n\n<p>Nachdem wir alle Pflanzen eingebuddelt haben, haben wir den Boden dazwischen noch mit Mulch bedeckt, um Unkraut, evtl. Efeureste zu unterdr\u00fccken und den Boden vor zu schnellen Austrocknen zu sch\u00fctzen.<\/p>\n\n\n\n<figure class=\"wp-block-image size-large\"><img data-attachment-id=\"870\" data-permalink=\"http:\/\/imkerei-watermeyer.de\/?attachment_id=870\" data-orig-file=\"http:\/\/imkerei-watermeyer.de\/wp-content\/uploads\/2020\/04\/img_7107.jpg\" data-orig-size=\"4032,3024\" data-comments-opened=\"1\" data-image-meta=\"{&quot;aperture&quot;:&quot;1.8&quot;,&quot;credit&quot;:&quot;&quot;,&quot;camera&quot;:&quot;iPhone XS&quot;,&quot;caption&quot;:&quot;&quot;,&quot;created_timestamp&quot;:&quot;1587484680&quot;,&quot;copyright&quot;:&quot;&quot;,&quot;focal_length&quot;:&quot;4.25&quot;,&quot;iso&quot;:&quot;25&quot;,&quot;shutter_speed&quot;:&quot;0.0014064697609001&quot;,&quot;title&quot;:&quot;&quot;,&quot;orientation&quot;:&quot;1&quot;}\" data-image-title=\"img_7107\" data-image-description=\"\" data-image-caption=\"\" data-medium-file=\"http:\/\/imkerei-watermeyer.de\/wp-content\/uploads\/2020\/04\/img_7107-300x225.jpg\" data-large-file=\"http:\/\/imkerei-watermeyer.de\/wp-content\/uploads\/2020\/04\/img_7107-1024x768.jpg\" decoding=\"async\" loading=\"lazy\" width=\"4032\" height=\"3024\" src=\"http:\/\/imkerei-watermeyer.de\/wp-content\/uploads\/2020\/04\/img_7107.jpg\" alt=\"\" class=\"wp-image-870\" srcset=\"http:\/\/imkerei-watermeyer.de\/wp-content\/uploads\/2020\/04\/img_7107.jpg 4032w, http:\/\/imkerei-watermeyer.de\/wp-content\/uploads\/2020\/04\/img_7107-300x225.jpg 300w, http:\/\/imkerei-watermeyer.de\/wp-content\/uploads\/2020\/04\/img_7107-768x576.jpg 768w, http:\/\/imkerei-watermeyer.de\/wp-content\/uploads\/2020\/04\/img_7107-1024x768.jpg 1024w, http:\/\/imkerei-watermeyer.de\/wp-content\/uploads\/2020\/04\/img_7107-1140x855.jpg 1140w\" sizes=\"(max-width: 4032px) 100vw, 4032px\" \/><figcaption>FERTIG! Die Stauden sind eingepflanzt und wir haben noch Rindenmulch um die Pflanzen verteilt.<\/figcaption><\/figure>\n\n\n\n<p>Jetzt m\u00fcssen wir noch regelm\u00e4\u00dfig gie\u00dfen und im Sommer k\u00f6nnen wir uns dann hoffentlich an einem bl\u00fchenden Staudenbeet erfreuen.<\/p>\n<div id=\"geo-post-879\" class=\"geo geo-post\" style=\"display: none\"><span class=\"latitude\">52.27796<\/span><span class=\"longitude\">7.77683<\/span><\/div>","protected":false},"excerpt":{"rendered":"<p>Nachdem wir Anfang Februar ein neues Zuhause f\u00fcr die Laggenbiene gekauft haben, hat Daniel seine freie Zeit im April dazu genutzt, erste Ver\u00e4nderungen im Garten anzugehen. Am Aufgang zum Haus war ein Beet komplett mit Efeu zugewuchert und Ahorn und Birke hatten sich dort wild ausges\u00e4t. Dieses Beet, welches den [&hellip;]<\/p>\n","protected":false},"author":1,"featured_media":870,"comment_status":"open","ping_status":"open","sticky":false,"template":"","format":"standard","meta":{"jetpack_post_was_ever_published":false,"_jetpack_newsletter_access":"","jetpack_publicize_message":"","jetpack_is_tweetstorm":false,"jetpack_publicize_feature_enabled":true,"jetpack_social_post_already_shared":true,"jetpack_social_options":{"image_generator_settings":{"template":"highway","enabled":false}}},"categories":[163],"tags":[30,15,165,164],"jetpack_publicize_connections":[],"jetpack_featured_media_url":"http:\/\/imkerei-watermeyer.de\/wp-content\/uploads\/2020\/04\/img_7107.jpg","jetpack_sharing_enabled":true,"jetpack_shortlink":"https:\/\/wp.me\/p9uDaz-eb","jetpack_likes_enabled":true,"jetpack-related-posts":[{"id":227,"url":"http:\/\/imkerei-watermeyer.de\/?p=227","url_meta":{"origin":879,"position":0},"title":"Wenn man ihn denn l\u00e4sst,&#8230;","author":"Homeraner","date":"Oktober 25, 2015","format":false,"excerpt":"...bl\u00fcht der Efeu im September\/Oktober. Dann bietet das sonst als lebloses Friedhofskraut bekannte Rankgew\u00e4chs den Bienen eine letzte Nektarnahrung, bevor die lange bl\u00fctenlose Winterzeit beginnt. Da der Efeu aufgrund seines schnellen Wuchses und seiner Verwendung als gr\u00fcne Wand meist Jahr f\u00fcr Jahr zur\u00fcckgeschnitten wird, k\u00f6nnen sich meistens keine Bl\u00fcten bilden.\u2026","rel":"","context":"In &quot;Natur&quot;","block_context":{"text":"Natur","link":"http:\/\/imkerei-watermeyer.de\/?cat=3"},"img":{"alt_text":"","src":"https:\/\/i0.wp.com\/imkerei-watermeyer.de\/wp-content\/uploads\/2015\/10\/IMG_5332-0.jpg?resize=350%2C200","width":350,"height":200,"srcset":"https:\/\/i0.wp.com\/imkerei-watermeyer.de\/wp-content\/uploads\/2015\/10\/IMG_5332-0.jpg?resize=350%2C200 1x, https:\/\/i0.wp.com\/imkerei-watermeyer.de\/wp-content\/uploads\/2015\/10\/IMG_5332-0.jpg?resize=700%2C400 2x, https:\/\/i0.wp.com\/imkerei-watermeyer.de\/wp-content\/uploads\/2015\/10\/IMG_5332-0.jpg?resize=1050%2C600 3x, https:\/\/i0.wp.com\/imkerei-watermeyer.de\/wp-content\/uploads\/2015\/10\/IMG_5332-0.jpg?resize=1400%2C800 4x"},"classes":[]},{"id":932,"url":"http:\/\/imkerei-watermeyer.de\/?p=932","url_meta":{"origin":879,"position":1},"title":"Endlich Zeit zum Hochbeetbau","author":"Homeraner","date":"Mai 27, 2020","format":false,"excerpt":"Im April hatte Daniel aufgrund seines Arbeitsplatzwechsels nicht nur Zeit zum Efeu rupfen, er konnte auch endlich daran gehen, die Hochbeete zu bauen. Lange haben Ina und Daniel \u00fcberlegt, ob sie selber die Materialien f\u00fcr die Hochbeete zusammenstellen sollen oder doch lieber einen Bausatz im Intern bestellen. Beim Blick auf\u2026","rel":"","context":"In &quot;Garten&quot;","block_context":{"text":"Garten","link":"http:\/\/imkerei-watermeyer.de\/?cat=163"},"img":{"alt_text":"","src":"https:\/\/i0.wp.com\/imkerei-watermeyer.de\/wp-content\/uploads\/2020\/05\/70bd2eed-d040-46ec-9e0e-6208e75e9fb0-27248-00000abd7a376f4f_-1-scaled.jpg?resize=350%2C200","width":350,"height":200,"srcset":"https:\/\/i0.wp.com\/imkerei-watermeyer.de\/wp-content\/uploads\/2020\/05\/70bd2eed-d040-46ec-9e0e-6208e75e9fb0-27248-00000abd7a376f4f_-1-scaled.jpg?resize=350%2C200 1x, https:\/\/i0.wp.com\/imkerei-watermeyer.de\/wp-content\/uploads\/2020\/05\/70bd2eed-d040-46ec-9e0e-6208e75e9fb0-27248-00000abd7a376f4f_-1-scaled.jpg?resize=700%2C400 2x, https:\/\/i0.wp.com\/imkerei-watermeyer.de\/wp-content\/uploads\/2020\/05\/70bd2eed-d040-46ec-9e0e-6208e75e9fb0-27248-00000abd7a376f4f_-1-scaled.jpg?resize=1050%2C600 3x, https:\/\/i0.wp.com\/imkerei-watermeyer.de\/wp-content\/uploads\/2020\/05\/70bd2eed-d040-46ec-9e0e-6208e75e9fb0-27248-00000abd7a376f4f_-1-scaled.jpg?resize=1400%2C800 4x"},"classes":[]},{"id":972,"url":"http:\/\/imkerei-watermeyer.de\/?p=972","url_meta":{"origin":879,"position":2},"title":"V\u00f6gel in unserem Garten","author":"Homeraner","date":"Mai 31, 2020","format":false,"excerpt":"Heute m\u00f6chten wir euch einmal ein paar Fotos von den V\u00f6geln zeigen, die bei uns im Garten heimisch sind. Rotkehlchen am Gartenschlauch Wir genie\u00dfen es, bei uns auf dem Balkon zu sitzen und dem Gezwitscher der V\u00f6gel zu lauschen. Von dort aus haben wir einen guten Blick auf die Nistk\u00e4sten,\u2026","rel":"","context":"In &quot;Garten&quot;","block_context":{"text":"Garten","link":"http:\/\/imkerei-watermeyer.de\/?cat=163"},"img":{"alt_text":"","src":"https:\/\/i0.wp.com\/imkerei-watermeyer.de\/wp-content\/uploads\/2020\/05\/DSC01389-scaled.jpg?resize=350%2C200","width":350,"height":200,"srcset":"https:\/\/i0.wp.com\/imkerei-watermeyer.de\/wp-content\/uploads\/2020\/05\/DSC01389-scaled.jpg?resize=350%2C200 1x, https:\/\/i0.wp.com\/imkerei-watermeyer.de\/wp-content\/uploads\/2020\/05\/DSC01389-scaled.jpg?resize=700%2C400 2x, https:\/\/i0.wp.com\/imkerei-watermeyer.de\/wp-content\/uploads\/2020\/05\/DSC01389-scaled.jpg?resize=1050%2C600 3x, https:\/\/i0.wp.com\/imkerei-watermeyer.de\/wp-content\/uploads\/2020\/05\/DSC01389-scaled.jpg?resize=1400%2C800 4x"},"classes":[]},{"id":669,"url":"http:\/\/imkerei-watermeyer.de\/?p=669","url_meta":{"origin":879,"position":3},"title":"Das Insektenhotel","author":"Homeraner","date":"Juli 28, 2019","format":false,"excerpt":"Wie letztens auf unserem Instagram-Account angek\u00fcndigt, haben wir in den Sommerferien zusammen mit den Kindern ein Insektenhotel gebaut. Sicher keine Profi-Variante, sicher gibt es einige Dinge, die verbesserungsw\u00fcrdig w\u00e4ren, aber es ist halt selbstgemacht. Die Idee dazu kam uns bei einem unserer Besuche in Bielefeld bei Inas Eltern. Dort nisten\u2026","rel":"","context":"In &quot;Natur&quot;","block_context":{"text":"Natur","link":"http:\/\/imkerei-watermeyer.de\/?cat=3"},"img":{"alt_text":"","src":"https:\/\/i0.wp.com\/imkerei-watermeyer.de\/wp-content\/uploads\/2019\/07\/dsc00386-e1564310785592.jpg?resize=350%2C200","width":350,"height":200,"srcset":"https:\/\/i0.wp.com\/imkerei-watermeyer.de\/wp-content\/uploads\/2019\/07\/dsc00386-e1564310785592.jpg?resize=350%2C200 1x, https:\/\/i0.wp.com\/imkerei-watermeyer.de\/wp-content\/uploads\/2019\/07\/dsc00386-e1564310785592.jpg?resize=700%2C400 2x, https:\/\/i0.wp.com\/imkerei-watermeyer.de\/wp-content\/uploads\/2019\/07\/dsc00386-e1564310785592.jpg?resize=1050%2C600 3x, https:\/\/i0.wp.com\/imkerei-watermeyer.de\/wp-content\/uploads\/2019\/07\/dsc00386-e1564310785592.jpg?resize=1400%2C800 4x"},"classes":[]},{"id":236,"url":"http:\/\/imkerei-watermeyer.de\/?p=236","url_meta":{"origin":879,"position":4},"title":"Die gro\u00dfe Cousine\u00a0","author":"Homeraner","date":"November 9, 2015","format":false,"excerpt":"Bienen und Wespen geh\u00f6ren innerhalb der Insekten zur gleichen Gruppe. Beide geh\u00f6ren zur Gruppe der Hautfl\u00fcgler. W\u00e4hrend die Deutsche Wespe und die gemeine Wespe ungef\u00e4hr die Gr\u00f6\u00dfe einer Honigbiene haben und der breiten Bev\u00f6lkerung wegen ihrer ungebetenen Gastbesuche an hochsommerlichen Kaffeetafeln und Grillveranstaltungen bekannt sind, ist deren gro\u00dfe Schwester den\u2026","rel":"","context":"In &quot;Bienenbilder&quot;","block_context":{"text":"Bienenbilder","link":"http:\/\/imkerei-watermeyer.de\/?cat=2"},"img":{"alt_text":"","src":"https:\/\/i0.wp.com\/imkerei-watermeyer.de\/wp-content\/uploads\/2015\/11\/IMG_5331.jpg?resize=350%2C200","width":350,"height":200,"srcset":"https:\/\/i0.wp.com\/imkerei-watermeyer.de\/wp-content\/uploads\/2015\/11\/IMG_5331.jpg?resize=350%2C200 1x, https:\/\/i0.wp.com\/imkerei-watermeyer.de\/wp-content\/uploads\/2015\/11\/IMG_5331.jpg?resize=700%2C400 2x, https:\/\/i0.wp.com\/imkerei-watermeyer.de\/wp-content\/uploads\/2015\/11\/IMG_5331.jpg?resize=1050%2C600 3x, https:\/\/i0.wp.com\/imkerei-watermeyer.de\/wp-content\/uploads\/2015\/11\/IMG_5331.jpg?resize=1400%2C800 4x"},"classes":[]},{"id":334,"url":"http:\/\/imkerei-watermeyer.de\/?p=334","url_meta":{"origin":879,"position":5},"title":"Die erste Bl\u00fcte","author":"Homeraner","date":"August 9, 2016","format":false,"excerpt":"Nachdem wir vor 5 Jahren zweij\u00e4hrige Pflanzen gekauft haben, bl\u00fcht nun die erste samthaarige Stinkesche in unserem Garten. Der lateinische Name lautet Euodia hupehensis. So weit so gut. Die eigentliche Bedeutung f\u00fcr uns Imker zeigt aber die viel nettere Bezeichnung dieser Pflanze - Bienenbaum! Der Bienenbaum bl\u00fcht je nach Sorte\u2026","rel":"","context":"In &quot;Natur&quot;","block_context":{"text":"Natur","link":"http:\/\/imkerei-watermeyer.de\/?cat=3"},"img":{"alt_text":"","src":"https:\/\/i0.wp.com\/imkerei-watermeyer.de\/wp-content\/uploads\/2016\/08\/img_2505.jpg?resize=350%2C200","width":350,"height":200,"srcset":"https:\/\/i0.wp.com\/imkerei-watermeyer.de\/wp-content\/uploads\/2016\/08\/img_2505.jpg?resize=350%2C200 1x, https:\/\/i0.wp.com\/imkerei-watermeyer.de\/wp-content\/uploads\/2016\/08\/img_2505.jpg?resize=700%2C400 2x, https:\/\/i0.wp.com\/imkerei-watermeyer.de\/wp-content\/uploads\/2016\/08\/img_2505.jpg?resize=1050%2C600 3x, https:\/\/i0.wp.com\/imkerei-watermeyer.de\/wp-content\/uploads\/2016\/08\/img_2505.jpg?resize=1400%2C800 4x"},"classes":[]}],"_links":{"self":[{"href":"http:\/\/imkerei-watermeyer.de\/index.php?rest_route=\/wp\/v2\/posts\/879"}],"collection":[{"href":"http:\/\/imkerei-watermeyer.de\/index.php?rest_route=\/wp\/v2\/posts"}],"about":[{"href":"http:\/\/imkerei-watermeyer.de\/index.php?rest_route=\/wp\/v2\/types\/post"}],"author":[{"embeddable":true,"href":"http:\/\/imkerei-watermeyer.de\/index.php?rest_route=\/wp\/v2\/users\/1"}],"replies":[{"embeddable":true,"href":"http:\/\/imkerei-watermeyer.de\/index.php?rest_route=%2Fwp%2Fv2%2Fcomments&post=879"}],"version-history":[{"count":0,"href":"http:\/\/imkerei-watermeyer.de\/index.php?rest_route=\/wp\/v2\/posts\/879\/revisions"}],"wp:featuredmedia":[{"embeddable":true,"href":"http:\/\/imkerei-watermeyer.de\/index.php?rest_route=\/wp\/v2\/media\/870"}],"wp:attachment":[{"href":"http:\/\/imkerei-watermeyer.de\/index.php?rest_route=%2Fwp%2Fv2%2Fmedia&parent=879"}],"wp:term":[{"taxonomy":"category","embeddable":true,"href":"http:\/\/imkerei-watermeyer.de\/index.php?rest_route=%2Fwp%2Fv2%2Fcategories&post=879"},{"taxonomy":"post_tag","embeddable":true,"href":"http:\/\/imkerei-watermeyer.de\/index.php?rest_route=%2Fwp%2Fv2%2Ftags&post=879"}],"curies":[{"name":"wp","href":"https:\/\/api.w.org\/{rel}","templated":true}]}}