{"id":832,"date":"2019-09-15T16:08:49","date_gmt":"2019-09-15T16:08:49","guid":{"rendered":"http:\/\/imkerei-watermeyer.de\/?p=832"},"modified":"2019-09-15T18:37:42","modified_gmt":"2019-09-15T18:37:42","slug":"wandern-mit-muensterlandblick","status":"publish","type":"post","link":"http:\/\/imkerei-watermeyer.de\/?p=832","title":{"rendered":"Wandern mit M\u00fcnsterlandblick"},"content":{"rendered":"\n<p>Gestern haben wir mal wieder das sch\u00f6ne Wetter ausgenutzt und sind eine kleine Runde durch den Teutoburger Wald gewandert. Nachdem wir letztens am &#8222;Nassen Dreieck&#8220; unterwegs waren (den Bericht dazu findet ihr <a href=\"http:\/\/imkerei-watermeyer.de\/?p=708\">hier.<\/a>), wollten wir das gute Licht und die klare Aussicht ausnutzen, um unseren Blick \u00fcber das M\u00fcnsterland schweifen zu lassen.<\/p>\n\n\n\n<p>Also haben wir am Samstagmorgen Tee gekocht, ein paar Brote geschmiert und sind los. Als Startpunkt haben wir uns den Wanderparkplatz &#8222;M\u00fcnsterlandblick&#8220; in Tecklenburg ausgesucht.  Dieser bietet einen hervorragenden Ausblick auf das M\u00fcnsterland, den wir auch direkt erst genossen haben, bevor wir zur Wanderung gestartet sind.<\/p>\n\n\n\n<figure class=\"wp-block-image\"><img data-attachment-id=\"786\" data-permalink=\"http:\/\/imkerei-watermeyer.de\/?attachment_id=786\" data-orig-file=\"http:\/\/imkerei-watermeyer.de\/wp-content\/uploads\/2019\/09\/dsc00828.jpg\" data-orig-size=\"5184,3888\" data-comments-opened=\"1\" data-image-meta=\"{&quot;aperture&quot;:&quot;5.6&quot;,&quot;credit&quot;:&quot;&quot;,&quot;camera&quot;:&quot;DSC-HX400V&quot;,&quot;caption&quot;:&quot;&quot;,&quot;created_timestamp&quot;:&quot;1568451665&quot;,&quot;copyright&quot;:&quot;&quot;,&quot;focal_length&quot;:&quot;140.16&quot;,&quot;iso&quot;:&quot;160&quot;,&quot;shutter_speed&quot;:&quot;0.004&quot;,&quot;title&quot;:&quot;&quot;,&quot;orientation&quot;:&quot;1&quot;}\" data-image-title=\"M\u00fcnsterlandblick &#8211; Blick auf M\u00fcnster\" data-image-description=\"&lt;p&gt;M\u00fcnsterlandblick &#8211; Blick auf M\u00fcnster&lt;\/p&gt;\n\" data-image-caption=\"&lt;p&gt;M\u00fcnsterlandblick &#8211; Blick auf M\u00fcnster&lt;\/p&gt;\n\" data-medium-file=\"http:\/\/imkerei-watermeyer.de\/wp-content\/uploads\/2019\/09\/dsc00828-300x225.jpg\" data-large-file=\"http:\/\/imkerei-watermeyer.de\/wp-content\/uploads\/2019\/09\/dsc00828-1024x768.jpg\" decoding=\"async\" loading=\"lazy\" width=\"1024\" height=\"768\" src=\"http:\/\/imkerei-watermeyer.de\/wp-content\/uploads\/2019\/09\/dsc00828-1024x768.jpg\" alt=\"\" class=\"wp-image-786\" srcset=\"http:\/\/imkerei-watermeyer.de\/wp-content\/uploads\/2019\/09\/dsc00828-1024x768.jpg 1024w, http:\/\/imkerei-watermeyer.de\/wp-content\/uploads\/2019\/09\/dsc00828-300x225.jpg 300w, http:\/\/imkerei-watermeyer.de\/wp-content\/uploads\/2019\/09\/dsc00828-768x576.jpg 768w, http:\/\/imkerei-watermeyer.de\/wp-content\/uploads\/2019\/09\/dsc00828-1140x855.jpg 1140w\" sizes=\"(max-width: 1024px) 100vw, 1024px\" \/><figcaption>M\u00fcnsterlandblick &#8211; Blick auf M\u00fcnster<\/figcaption><\/figure>\n\n\n\n<p>Der erste H\u00f6hepunkt unserer Wanderung wartete schon nach nur 100 Metern auf uns. Direkt an der Stra\u00dfe ins Stadtzentrum von Tecklenburg liegt eine Felsformation, die Hexenk\u00fcche genannt wird. Diese beeindruckenden Felsen kann man auf eigene Gefahr erklimmen und dort auf der Bank auf dem Gipfel eine Rast genie\u00dfen. Da wir gerade aber erst gestartet waren,  sind wir von der Hexenk\u00fcche aus weiter in den Wald in Richtung S\u00fcden gewandert.<\/p>\n\n\n\n<ul data-carousel-extra='{\"blog_id\":1,\"permalink\":\"http:\\\/\\\/imkerei-watermeyer.de\\\/?p=832\"}'  class=\"wp-block-gallery columns-3 is-cropped wp-block-gallery-1 is-layout-flex\"><li class=\"blocks-gallery-item\"><figure><img data-attachment-id=\"801\" data-permalink=\"http:\/\/imkerei-watermeyer.de\/?attachment_id=801\" data-orig-file=\"http:\/\/imkerei-watermeyer.de\/wp-content\/uploads\/2019\/09\/dsc00782.jpg\" data-orig-size=\"5184,3888\" data-comments-opened=\"1\" data-image-meta=\"{&quot;aperture&quot;:&quot;2.8&quot;,&quot;credit&quot;:&quot;&quot;,&quot;camera&quot;:&quot;DSC-HX400V&quot;,&quot;caption&quot;:&quot;&quot;,&quot;created_timestamp&quot;:&quot;1568449173&quot;,&quot;copyright&quot;:&quot;&quot;,&quot;focal_length&quot;:&quot;4.3&quot;,&quot;iso&quot;:&quot;125&quot;,&quot;shutter_speed&quot;:&quot;0.033333333333333&quot;,&quot;title&quot;:&quot;&quot;,&quot;orientation&quot;:&quot;1&quot;}\" data-image-title=\"Hexenk\u00fcche in Tecklenburg &#8211; Schild an der Stra\u00dfe\" data-image-description=\"&lt;p&gt;Hexenk\u00fcche in Tecklenburg &#8211; Schild an der Stra\u00dfe&lt;\/p&gt;\n\" data-image-caption=\"&lt;p&gt;Hexenk\u00fcche in Tecklenburg &#8211; Schild an der Stra\u00dfe&lt;\/p&gt;\n\" data-medium-file=\"http:\/\/imkerei-watermeyer.de\/wp-content\/uploads\/2019\/09\/dsc00782-300x225.jpg\" data-large-file=\"http:\/\/imkerei-watermeyer.de\/wp-content\/uploads\/2019\/09\/dsc00782-1024x768.jpg\" decoding=\"async\" loading=\"lazy\" width=\"1024\" height=\"768\" src=\"http:\/\/imkerei-watermeyer.de\/wp-content\/uploads\/2019\/09\/dsc00782-1024x768.jpg\" alt=\"\" data-id=\"801\" data-link=\"http:\/\/imkerei-watermeyer.de\/?attachment_id=801\" class=\"wp-image-801\" srcset=\"http:\/\/imkerei-watermeyer.de\/wp-content\/uploads\/2019\/09\/dsc00782-1024x768.jpg 1024w, http:\/\/imkerei-watermeyer.de\/wp-content\/uploads\/2019\/09\/dsc00782-300x225.jpg 300w, http:\/\/imkerei-watermeyer.de\/wp-content\/uploads\/2019\/09\/dsc00782-768x576.jpg 768w, http:\/\/imkerei-watermeyer.de\/wp-content\/uploads\/2019\/09\/dsc00782-1140x855.jpg 1140w\" sizes=\"(max-width: 1024px) 100vw, 1024px\" \/><figcaption>Hexenk\u00fcche in Tecklenburg &#8211; Schild an der Stra\u00dfe<\/figcaption><\/figure><\/li><li class=\"blocks-gallery-item\"><figure><img data-attachment-id=\"803\" data-permalink=\"http:\/\/imkerei-watermeyer.de\/?attachment_id=803\" data-orig-file=\"http:\/\/imkerei-watermeyer.de\/wp-content\/uploads\/2019\/09\/dsc00787.jpg\" data-orig-size=\"5184,3888\" data-comments-opened=\"1\" data-image-meta=\"{&quot;aperture&quot;:&quot;3.2&quot;,&quot;credit&quot;:&quot;&quot;,&quot;camera&quot;:&quot;DSC-HX400V&quot;,&quot;caption&quot;:&quot;&quot;,&quot;created_timestamp&quot;:&quot;1568449232&quot;,&quot;copyright&quot;:&quot;&quot;,&quot;focal_length&quot;:&quot;6.11&quot;,&quot;iso&quot;:&quot;80&quot;,&quot;shutter_speed&quot;:&quot;0.025&quot;,&quot;title&quot;:&quot;&quot;,&quot;orientation&quot;:&quot;1&quot;}\" data-image-title=\"Hexenk\u00fcche In Tecklenburg\" data-image-description=\"&lt;p&gt;Hexenk\u00fcche In Tecklenburg&lt;\/p&gt;\n\" data-image-caption=\"&lt;p&gt;Hexenk\u00fcche In Tecklenburg&lt;\/p&gt;\n\" data-medium-file=\"http:\/\/imkerei-watermeyer.de\/wp-content\/uploads\/2019\/09\/dsc00787-300x225.jpg\" data-large-file=\"http:\/\/imkerei-watermeyer.de\/wp-content\/uploads\/2019\/09\/dsc00787-1024x768.jpg\" decoding=\"async\" loading=\"lazy\" width=\"1024\" height=\"768\" src=\"http:\/\/imkerei-watermeyer.de\/wp-content\/uploads\/2019\/09\/dsc00787-1024x768.jpg\" alt=\"\" data-id=\"803\" data-link=\"http:\/\/imkerei-watermeyer.de\/?attachment_id=803\" class=\"wp-image-803\" srcset=\"http:\/\/imkerei-watermeyer.de\/wp-content\/uploads\/2019\/09\/dsc00787-1024x768.jpg 1024w, http:\/\/imkerei-watermeyer.de\/wp-content\/uploads\/2019\/09\/dsc00787-300x225.jpg 300w, http:\/\/imkerei-watermeyer.de\/wp-content\/uploads\/2019\/09\/dsc00787-768x576.jpg 768w, http:\/\/imkerei-watermeyer.de\/wp-content\/uploads\/2019\/09\/dsc00787-1140x855.jpg 1140w\" sizes=\"(max-width: 1024px) 100vw, 1024px\" \/><figcaption>Hexenk\u00fcche In Tecklenburg<\/figcaption><\/figure><\/li><li class=\"blocks-gallery-item\"><figure><img data-attachment-id=\"822\" data-permalink=\"http:\/\/imkerei-watermeyer.de\/?attachment_id=822\" data-orig-file=\"http:\/\/imkerei-watermeyer.de\/wp-content\/uploads\/2019\/09\/dsc00791-1-1.jpg\" data-orig-size=\"5184,3888\" data-comments-opened=\"1\" data-image-meta=\"{&quot;aperture&quot;:&quot;3.2&quot;,&quot;credit&quot;:&quot;&quot;,&quot;camera&quot;:&quot;DSC-HX400V&quot;,&quot;caption&quot;:&quot;&quot;,&quot;created_timestamp&quot;:&quot;1568449315&quot;,&quot;copyright&quot;:&quot;&quot;,&quot;focal_length&quot;:&quot;5.97&quot;,&quot;iso&quot;:&quot;100&quot;,&quot;shutter_speed&quot;:&quot;0.025&quot;,&quot;title&quot;:&quot;&quot;,&quot;orientation&quot;:&quot;1&quot;}\" data-image-title=\"Hexenk\u00fcche &#8211; Bank auf dem Gipfel\" data-image-description=\"&lt;p&gt;Hexenk\u00fcche &#8211; Bank auf dem Gipfel&lt;\/p&gt;\n\" data-image-caption=\"&lt;p&gt;Hexenk\u00fcche &#8211; Bank auf dem Gipfel&lt;\/p&gt;\n\" data-medium-file=\"http:\/\/imkerei-watermeyer.de\/wp-content\/uploads\/2019\/09\/dsc00791-1-1-300x225.jpg\" data-large-file=\"http:\/\/imkerei-watermeyer.de\/wp-content\/uploads\/2019\/09\/dsc00791-1-1-1024x768.jpg\" decoding=\"async\" loading=\"lazy\" width=\"1024\" height=\"768\" src=\"http:\/\/imkerei-watermeyer.de\/wp-content\/uploads\/2019\/09\/dsc00791-1-1-1024x768.jpg\" alt=\"\" data-id=\"822\" data-link=\"http:\/\/imkerei-watermeyer.de\/?attachment_id=822\" class=\"wp-image-822\" srcset=\"http:\/\/imkerei-watermeyer.de\/wp-content\/uploads\/2019\/09\/dsc00791-1-1-1024x768.jpg 1024w, http:\/\/imkerei-watermeyer.de\/wp-content\/uploads\/2019\/09\/dsc00791-1-1-300x225.jpg 300w, http:\/\/imkerei-watermeyer.de\/wp-content\/uploads\/2019\/09\/dsc00791-1-1-768x576.jpg 768w, http:\/\/imkerei-watermeyer.de\/wp-content\/uploads\/2019\/09\/dsc00791-1-1-1140x855.jpg 1140w\" sizes=\"(max-width: 1024px) 100vw, 1024px\" \/><figcaption>Hexenk\u00fcche &#8211; Bank auf dem Gipfel<\/figcaption><\/figure><\/li><li class=\"blocks-gallery-item\"><figure><img data-attachment-id=\"808\" data-permalink=\"http:\/\/imkerei-watermeyer.de\/?attachment_id=808\" data-orig-file=\"http:\/\/imkerei-watermeyer.de\/wp-content\/uploads\/2019\/09\/dsc00795-1.jpg\" data-orig-size=\"5184,3888\" data-comments-opened=\"1\" data-image-meta=\"{&quot;aperture&quot;:&quot;2.8&quot;,&quot;credit&quot;:&quot;&quot;,&quot;camera&quot;:&quot;DSC-HX400V&quot;,&quot;caption&quot;:&quot;&quot;,&quot;created_timestamp&quot;:&quot;1568449457&quot;,&quot;copyright&quot;:&quot;&quot;,&quot;focal_length&quot;:&quot;4.3&quot;,&quot;iso&quot;:&quot;1000&quot;,&quot;shutter_speed&quot;:&quot;0.033333333333333&quot;,&quot;title&quot;:&quot;&quot;,&quot;orientation&quot;:&quot;1&quot;}\" data-image-title=\"Hexenk\u00fcche &#8211; Loch in der Felsformation\" data-image-description=\"&lt;p&gt;Hexenk\u00fcche &#8211; Loch in der Felsformation&lt;\/p&gt;\n\" data-image-caption=\"&lt;p&gt;Hexenk\u00fcche &#8211; Loch in der Felsformation&lt;\/p&gt;\n\" data-medium-file=\"http:\/\/imkerei-watermeyer.de\/wp-content\/uploads\/2019\/09\/dsc00795-1-300x225.jpg\" data-large-file=\"http:\/\/imkerei-watermeyer.de\/wp-content\/uploads\/2019\/09\/dsc00795-1-1024x768.jpg\" decoding=\"async\" loading=\"lazy\" width=\"1024\" height=\"768\" src=\"http:\/\/imkerei-watermeyer.de\/wp-content\/uploads\/2019\/09\/dsc00795-1-1024x768.jpg\" alt=\"\" data-id=\"808\" data-link=\"http:\/\/imkerei-watermeyer.de\/?attachment_id=808\" class=\"wp-image-808\" srcset=\"http:\/\/imkerei-watermeyer.de\/wp-content\/uploads\/2019\/09\/dsc00795-1-1024x768.jpg 1024w, http:\/\/imkerei-watermeyer.de\/wp-content\/uploads\/2019\/09\/dsc00795-1-300x225.jpg 300w, http:\/\/imkerei-watermeyer.de\/wp-content\/uploads\/2019\/09\/dsc00795-1-768x576.jpg 768w, http:\/\/imkerei-watermeyer.de\/wp-content\/uploads\/2019\/09\/dsc00795-1-1140x855.jpg 1140w\" sizes=\"(max-width: 1024px) 100vw, 1024px\" \/><figcaption>Hexenk\u00fcche &#8211; Loch in der Felsformation<\/figcaption><\/figure><\/li><li class=\"blocks-gallery-item\"><figure><img data-attachment-id=\"800\" data-permalink=\"http:\/\/imkerei-watermeyer.de\/?attachment_id=800\" data-orig-file=\"http:\/\/imkerei-watermeyer.de\/wp-content\/uploads\/2019\/09\/dsc00792-e1568566342829.jpg\" data-orig-size=\"3888,5184\" data-comments-opened=\"1\" data-image-meta=\"{&quot;aperture&quot;:&quot;3.2&quot;,&quot;credit&quot;:&quot;&quot;,&quot;camera&quot;:&quot;DSC-HX400V&quot;,&quot;caption&quot;:&quot;&quot;,&quot;created_timestamp&quot;:&quot;1568449337&quot;,&quot;copyright&quot;:&quot;&quot;,&quot;focal_length&quot;:&quot;5.97&quot;,&quot;iso&quot;:&quot;80&quot;,&quot;shutter_speed&quot;:&quot;0.025&quot;,&quot;title&quot;:&quot;&quot;,&quot;orientation&quot;:&quot;8&quot;}\" data-image-title=\"Hexenk\u00fcche &#8211; Birke auf dem Gipfel\" data-image-description=\"&lt;p&gt;Hexenk\u00fcche &#8211; Birke auf dem Gipfel&lt;\/p&gt;\n\" data-image-caption=\"&lt;p&gt;Hexenk\u00fcche &#8211; Birke auf dem Gipfel&lt;\/p&gt;\n\" data-medium-file=\"http:\/\/imkerei-watermeyer.de\/wp-content\/uploads\/2019\/09\/dsc00792-e1568566342829-225x300.jpg\" data-large-file=\"http:\/\/imkerei-watermeyer.de\/wp-content\/uploads\/2019\/09\/dsc00792-e1568566342829-768x1024.jpg\" decoding=\"async\" loading=\"lazy\" width=\"768\" height=\"1024\" src=\"http:\/\/imkerei-watermeyer.de\/wp-content\/uploads\/2019\/09\/dsc00792-e1568566342829-768x1024.jpg\" alt=\"\" data-id=\"800\" data-link=\"http:\/\/imkerei-watermeyer.de\/?attachment_id=800\" class=\"wp-image-800\" srcset=\"http:\/\/imkerei-watermeyer.de\/wp-content\/uploads\/2019\/09\/dsc00792-e1568566342829-768x1024.jpg 768w, http:\/\/imkerei-watermeyer.de\/wp-content\/uploads\/2019\/09\/dsc00792-e1568566342829-225x300.jpg 225w, http:\/\/imkerei-watermeyer.de\/wp-content\/uploads\/2019\/09\/dsc00792-e1568566342829-1140x1520.jpg 1140w\" sizes=\"(max-width: 768px) 100vw, 768px\" \/><figcaption>Hexenk\u00fcche &#8211; Birke auf dem Gipfel<\/figcaption><\/figure><\/li><li class=\"blocks-gallery-item\"><figure><img data-attachment-id=\"797\" data-permalink=\"http:\/\/imkerei-watermeyer.de\/?attachment_id=797\" data-orig-file=\"http:\/\/imkerei-watermeyer.de\/wp-content\/uploads\/2019\/09\/dsc00798-e1568566203115.jpg\" data-orig-size=\"3888,5184\" data-comments-opened=\"1\" data-image-meta=\"{&quot;aperture&quot;:&quot;2.8&quot;,&quot;credit&quot;:&quot;&quot;,&quot;camera&quot;:&quot;DSC-HX400V&quot;,&quot;caption&quot;:&quot;&quot;,&quot;created_timestamp&quot;:&quot;1568449519&quot;,&quot;copyright&quot;:&quot;&quot;,&quot;focal_length&quot;:&quot;4.3&quot;,&quot;iso&quot;:&quot;320&quot;,&quot;shutter_speed&quot;:&quot;0.033333333333333&quot;,&quot;title&quot;:&quot;&quot;,&quot;orientation&quot;:&quot;8&quot;}\" data-image-title=\"Hexenk\u00fcche &#8211; Blick zum Gipfel\" data-image-description=\"&lt;p&gt;Hexenk\u00fcche &#8211; Blick zum Gipfel&lt;\/p&gt;\n\" data-image-caption=\"&lt;p&gt;Hexenk\u00fcche &#8211; Blick zum Gipfel&lt;\/p&gt;\n\" data-medium-file=\"http:\/\/imkerei-watermeyer.de\/wp-content\/uploads\/2019\/09\/dsc00798-e1568566203115-225x300.jpg\" data-large-file=\"http:\/\/imkerei-watermeyer.de\/wp-content\/uploads\/2019\/09\/dsc00798-e1568566203115-768x1024.jpg\" decoding=\"async\" loading=\"lazy\" width=\"768\" height=\"1024\" src=\"http:\/\/imkerei-watermeyer.de\/wp-content\/uploads\/2019\/09\/dsc00798-e1568566203115-768x1024.jpg\" alt=\"\" data-id=\"797\" data-link=\"http:\/\/imkerei-watermeyer.de\/?attachment_id=797\" class=\"wp-image-797\" srcset=\"http:\/\/imkerei-watermeyer.de\/wp-content\/uploads\/2019\/09\/dsc00798-e1568566203115-768x1024.jpg 768w, http:\/\/imkerei-watermeyer.de\/wp-content\/uploads\/2019\/09\/dsc00798-e1568566203115-225x300.jpg 225w, http:\/\/imkerei-watermeyer.de\/wp-content\/uploads\/2019\/09\/dsc00798-e1568566203115-1140x1520.jpg 1140w\" sizes=\"(max-width: 768px) 100vw, 768px\" \/><figcaption>Hexenk\u00fcche &#8211; Blick zum Gipfel<\/figcaption><\/figure><\/li><\/ul>\n\n\n\n<p>Durch den Wald &#8211; keine Ahnung, ob das der angedachte Weg gewesen ist,  sind wir runter zur Bahnhofsstra\u00dfe gewandert. Auf dem Weg dahin haben wir diesen alten Bolzplatz (?) gefunden:<\/p>\n\n\n\n<figure class=\"wp-block-image\"><img data-attachment-id=\"805\" data-permalink=\"http:\/\/imkerei-watermeyer.de\/?attachment_id=805\" data-orig-file=\"http:\/\/imkerei-watermeyer.de\/wp-content\/uploads\/2019\/09\/dsc00810.jpg\" data-orig-size=\"5184,3888\" data-comments-opened=\"1\" data-image-meta=\"{&quot;aperture&quot;:&quot;2.8&quot;,&quot;credit&quot;:&quot;&quot;,&quot;camera&quot;:&quot;DSC-HX400V&quot;,&quot;caption&quot;:&quot;&quot;,&quot;created_timestamp&quot;:&quot;1568450060&quot;,&quot;copyright&quot;:&quot;&quot;,&quot;focal_length&quot;:&quot;4.3&quot;,&quot;iso&quot;:&quot;800&quot;,&quot;shutter_speed&quot;:&quot;0.033333333333333&quot;,&quot;title&quot;:&quot;&quot;,&quot;orientation&quot;:&quot;1&quot;}\" data-image-title=\"Tecklenburg &#8211; Bolzplatz im Wald\" data-image-description=\"&lt;p&gt;Tecklenburg &#8211; Bolzplatz im Wald&lt;\/p&gt;\n\" data-image-caption=\"&lt;p&gt;Tecklenburg &#8211; Bolzplatz im Wald&lt;\/p&gt;\n\" data-medium-file=\"http:\/\/imkerei-watermeyer.de\/wp-content\/uploads\/2019\/09\/dsc00810-300x225.jpg\" data-large-file=\"http:\/\/imkerei-watermeyer.de\/wp-content\/uploads\/2019\/09\/dsc00810-1024x768.jpg\" decoding=\"async\" loading=\"lazy\" width=\"1024\" height=\"768\" src=\"http:\/\/imkerei-watermeyer.de\/wp-content\/uploads\/2019\/09\/dsc00810-1024x768.jpg\" alt=\"\" class=\"wp-image-805\" srcset=\"http:\/\/imkerei-watermeyer.de\/wp-content\/uploads\/2019\/09\/dsc00810-1024x768.jpg 1024w, http:\/\/imkerei-watermeyer.de\/wp-content\/uploads\/2019\/09\/dsc00810-300x225.jpg 300w, http:\/\/imkerei-watermeyer.de\/wp-content\/uploads\/2019\/09\/dsc00810-768x576.jpg 768w, http:\/\/imkerei-watermeyer.de\/wp-content\/uploads\/2019\/09\/dsc00810-1140x855.jpg 1140w\" sizes=\"(max-width: 1024px) 100vw, 1024px\" \/><figcaption>Tecklenburg &#8211; Bolzplatz im Wald<\/figcaption><\/figure>\n\n\n\n<p>An der Bahnhofstra\u00dfe angekommen, f\u00fchrte unser Weg an dem alten Tecklenburger Bahnhof und einem herrlichen Sonnenblumenfeld vorbei wieder in den Wald in Richtung Rolands-Grab.<\/p>\n\n\n\n<ul data-carousel-extra='{\"blog_id\":1,\"permalink\":\"http:\\\/\\\/imkerei-watermeyer.de\\\/?p=832\"}'  class=\"wp-block-gallery columns-2 is-cropped wp-block-gallery-3 is-layout-flex\"><li class=\"blocks-gallery-item\"><figure><img data-attachment-id=\"790\" data-permalink=\"http:\/\/imkerei-watermeyer.de\/?attachment_id=790\" data-orig-file=\"http:\/\/imkerei-watermeyer.de\/wp-content\/uploads\/2019\/09\/dsc00815.jpg\" data-orig-size=\"5184,3888\" data-comments-opened=\"1\" data-image-meta=\"{&quot;aperture&quot;:&quot;3.2&quot;,&quot;credit&quot;:&quot;&quot;,&quot;camera&quot;:&quot;DSC-HX400V&quot;,&quot;caption&quot;:&quot;&quot;,&quot;created_timestamp&quot;:&quot;1568450831&quot;,&quot;copyright&quot;:&quot;&quot;,&quot;focal_length&quot;:&quot;4.3&quot;,&quot;iso&quot;:&quot;80&quot;,&quot;shutter_speed&quot;:&quot;0.005&quot;,&quot;title&quot;:&quot;&quot;,&quot;orientation&quot;:&quot;1&quot;}\" data-image-title=\"Bahnhof Tecklenburg\" data-image-description=\"&lt;p&gt;Bahnhof Tecklenburg&lt;\/p&gt;\n\" data-image-caption=\"&lt;p&gt;Bahnhof Tecklenburg&lt;\/p&gt;\n\" data-medium-file=\"http:\/\/imkerei-watermeyer.de\/wp-content\/uploads\/2019\/09\/dsc00815-300x225.jpg\" data-large-file=\"http:\/\/imkerei-watermeyer.de\/wp-content\/uploads\/2019\/09\/dsc00815-1024x768.jpg\" decoding=\"async\" loading=\"lazy\" width=\"1024\" height=\"768\" src=\"http:\/\/imkerei-watermeyer.de\/wp-content\/uploads\/2019\/09\/dsc00815-1024x768.jpg\" alt=\"\" data-id=\"790\" data-link=\"http:\/\/imkerei-watermeyer.de\/?attachment_id=790\" class=\"wp-image-790\" srcset=\"http:\/\/imkerei-watermeyer.de\/wp-content\/uploads\/2019\/09\/dsc00815-1024x768.jpg 1024w, http:\/\/imkerei-watermeyer.de\/wp-content\/uploads\/2019\/09\/dsc00815-300x225.jpg 300w, http:\/\/imkerei-watermeyer.de\/wp-content\/uploads\/2019\/09\/dsc00815-768x576.jpg 768w, http:\/\/imkerei-watermeyer.de\/wp-content\/uploads\/2019\/09\/dsc00815-1140x855.jpg 1140w\" sizes=\"(max-width: 1024px) 100vw, 1024px\" \/><figcaption>Bahnhof Tecklenburg<\/figcaption><\/figure><\/li><li class=\"blocks-gallery-item\"><figure><img data-attachment-id=\"804\" data-permalink=\"http:\/\/imkerei-watermeyer.de\/?attachment_id=804\" data-orig-file=\"http:\/\/imkerei-watermeyer.de\/wp-content\/uploads\/2019\/09\/dsc00812.jpg\" data-orig-size=\"5184,3888\" data-comments-opened=\"1\" data-image-meta=\"{&quot;aperture&quot;:&quot;5&quot;,&quot;credit&quot;:&quot;&quot;,&quot;camera&quot;:&quot;DSC-HX400V&quot;,&quot;caption&quot;:&quot;&quot;,&quot;created_timestamp&quot;:&quot;1568450779&quot;,&quot;copyright&quot;:&quot;&quot;,&quot;focal_length&quot;:&quot;57.99&quot;,&quot;iso&quot;:&quot;100&quot;,&quot;shutter_speed&quot;:&quot;0.004&quot;,&quot;title&quot;:&quot;&quot;,&quot;orientation&quot;:&quot;1&quot;}\" data-image-title=\"Sonnenblumenfeld am Bahnhof in Tecklenburg\" data-image-description=\"&lt;p&gt;Sonnenblumenfeld am Bahnhof in Tecklenburg&lt;\/p&gt;\n\" data-image-caption=\"&lt;p&gt;Sonnenblumenfeld am Bahnhof in Tecklenburg&lt;\/p&gt;\n\" data-medium-file=\"http:\/\/imkerei-watermeyer.de\/wp-content\/uploads\/2019\/09\/dsc00812-300x225.jpg\" data-large-file=\"http:\/\/imkerei-watermeyer.de\/wp-content\/uploads\/2019\/09\/dsc00812-1024x768.jpg\" decoding=\"async\" loading=\"lazy\" width=\"1024\" height=\"768\" src=\"http:\/\/imkerei-watermeyer.de\/wp-content\/uploads\/2019\/09\/dsc00812-1024x768.jpg\" alt=\"\" data-id=\"804\" data-link=\"http:\/\/imkerei-watermeyer.de\/?attachment_id=804\" class=\"wp-image-804\" srcset=\"http:\/\/imkerei-watermeyer.de\/wp-content\/uploads\/2019\/09\/dsc00812-1024x768.jpg 1024w, http:\/\/imkerei-watermeyer.de\/wp-content\/uploads\/2019\/09\/dsc00812-300x225.jpg 300w, http:\/\/imkerei-watermeyer.de\/wp-content\/uploads\/2019\/09\/dsc00812-768x576.jpg 768w, http:\/\/imkerei-watermeyer.de\/wp-content\/uploads\/2019\/09\/dsc00812-1140x855.jpg 1140w\" sizes=\"(max-width: 1024px) 100vw, 1024px\" \/><figcaption>Sonnenblumenfeld am Bahnhof in Tecklenburg<\/figcaption><\/figure><\/li><\/ul>\n\n\n\n<p>Wie Ina schon richtig erkannt hatte, auf dem Weg runter zum Bahnhof: Die H\u00f6henmeter, die wir gerade runter gewandert waren, ging es nun wieder bergauf. Immer wieder \u00f6ffnete sich der Wald, so dass wir vom S\u00fcdhang aus Ausblick um Ausblick auf das M\u00fcnsterland genie\u00dfen konnten. <\/p>\n\n\n\n<p>Auf den Lichtungen war noch Tau an den Wildblumen, als wir dort vorbeikamen. Man merkt halt doch, dass wir mittlerweile herbstliche Temperraturen am Morgen haben.<\/p>\n\n\n\n<p>Weiter ging es den Hang hinauf, bis wir an dem Rolands-Grab ankamen. Bei dieser in den Stein gehauenen Kammer soll es sich fr\u00fcher um eine Grabst\u00e4tte gehandelt haben.  Heute ist sie allerdings weniger spektakul\u00e4r als der Ausblick, der uns oben auf dem Kamm des Teutoburger Waldes erwartete.<\/p>\n\n\n\n<ul data-carousel-extra='{\"blog_id\":1,\"permalink\":\"http:\\\/\\\/imkerei-watermeyer.de\\\/?p=832\"}'  class=\"wp-block-gallery columns-3 is-cropped wp-block-gallery-5 is-layout-flex\"><li class=\"blocks-gallery-item\"><figure><img data-attachment-id=\"795\" data-permalink=\"http:\/\/imkerei-watermeyer.de\/?attachment_id=795\" data-orig-file=\"http:\/\/imkerei-watermeyer.de\/wp-content\/uploads\/2019\/09\/dsc00834-e1568567928484.jpg\" data-orig-size=\"3888,5184\" data-comments-opened=\"1\" data-image-meta=\"{&quot;aperture&quot;:&quot;4&quot;,&quot;credit&quot;:&quot;&quot;,&quot;camera&quot;:&quot;DSC-HX400V&quot;,&quot;caption&quot;:&quot;&quot;,&quot;created_timestamp&quot;:&quot;1568452261&quot;,&quot;copyright&quot;:&quot;&quot;,&quot;focal_length&quot;:&quot;17.3&quot;,&quot;iso&quot;:&quot;80&quot;,&quot;shutter_speed&quot;:&quot;0.005&quot;,&quot;title&quot;:&quot;&quot;,&quot;orientation&quot;:&quot;8&quot;}\" data-image-title=\"Tecklenburg &#8211; Blick durch den Wald am S\u00fcdhang\" data-image-description=\"&lt;p&gt;Tecklenburg &#8211; Blick durch den Wald am S\u00fcdhang&lt;\/p&gt;\n\" data-image-caption=\"&lt;p&gt;Tecklenburg &#8211; Blick durch den Wald am S\u00fcdhang&lt;\/p&gt;\n\" data-medium-file=\"http:\/\/imkerei-watermeyer.de\/wp-content\/uploads\/2019\/09\/dsc00834-e1568567928484-225x300.jpg\" data-large-file=\"http:\/\/imkerei-watermeyer.de\/wp-content\/uploads\/2019\/09\/dsc00834-e1568567928484-768x1024.jpg\" decoding=\"async\" loading=\"lazy\" width=\"768\" height=\"1024\" src=\"http:\/\/imkerei-watermeyer.de\/wp-content\/uploads\/2019\/09\/dsc00834-e1568567928484-768x1024.jpg\" alt=\"\" data-id=\"795\" data-link=\"http:\/\/imkerei-watermeyer.de\/?attachment_id=795\" class=\"wp-image-795\" srcset=\"http:\/\/imkerei-watermeyer.de\/wp-content\/uploads\/2019\/09\/dsc00834-e1568567928484-768x1024.jpg 768w, http:\/\/imkerei-watermeyer.de\/wp-content\/uploads\/2019\/09\/dsc00834-e1568567928484-225x300.jpg 225w, http:\/\/imkerei-watermeyer.de\/wp-content\/uploads\/2019\/09\/dsc00834-e1568567928484-1140x1520.jpg 1140w\" sizes=\"(max-width: 768px) 100vw, 768px\" \/><figcaption>Tecklenburg &#8211; Blick durch den Wald am S\u00fcdhang<\/figcaption><\/figure><\/li><li class=\"blocks-gallery-item\"><figure><img data-attachment-id=\"793\" data-permalink=\"http:\/\/imkerei-watermeyer.de\/?attachment_id=793\" data-orig-file=\"http:\/\/imkerei-watermeyer.de\/wp-content\/uploads\/2019\/09\/dsc00825.jpg\" data-orig-size=\"5184,3888\" data-comments-opened=\"1\" data-image-meta=\"{&quot;aperture&quot;:&quot;5&quot;,&quot;credit&quot;:&quot;&quot;,&quot;camera&quot;:&quot;DSC-HX400V&quot;,&quot;caption&quot;:&quot;&quot;,&quot;created_timestamp&quot;:&quot;1568451359&quot;,&quot;copyright&quot;:&quot;&quot;,&quot;focal_length&quot;:&quot;55.62&quot;,&quot;iso&quot;:&quot;800&quot;,&quot;shutter_speed&quot;:&quot;0.004&quot;,&quot;title&quot;:&quot;&quot;,&quot;orientation&quot;:&quot;1&quot;}\" data-image-title=\"Tautropfen an Wildblumen\" data-image-description=\"&lt;p&gt;Tautropfen an Wildblumen&lt;\/p&gt;\n\" data-image-caption=\"&lt;p&gt;Tautropfen an Wildblumen&lt;\/p&gt;\n\" data-medium-file=\"http:\/\/imkerei-watermeyer.de\/wp-content\/uploads\/2019\/09\/dsc00825-300x225.jpg\" data-large-file=\"http:\/\/imkerei-watermeyer.de\/wp-content\/uploads\/2019\/09\/dsc00825-1024x768.jpg\" decoding=\"async\" loading=\"lazy\" width=\"1024\" height=\"768\" src=\"http:\/\/imkerei-watermeyer.de\/wp-content\/uploads\/2019\/09\/dsc00825-1024x768.jpg\" alt=\"\" data-id=\"793\" data-link=\"http:\/\/imkerei-watermeyer.de\/?attachment_id=793\" class=\"wp-image-793\" srcset=\"http:\/\/imkerei-watermeyer.de\/wp-content\/uploads\/2019\/09\/dsc00825-1024x768.jpg 1024w, http:\/\/imkerei-watermeyer.de\/wp-content\/uploads\/2019\/09\/dsc00825-300x225.jpg 300w, http:\/\/imkerei-watermeyer.de\/wp-content\/uploads\/2019\/09\/dsc00825-768x576.jpg 768w, http:\/\/imkerei-watermeyer.de\/wp-content\/uploads\/2019\/09\/dsc00825-1140x855.jpg 1140w\" sizes=\"(max-width: 1024px) 100vw, 1024px\" \/><figcaption>Tautropfen an Wildblumen<\/figcaption><\/figure><\/li><li class=\"blocks-gallery-item\"><figure><img data-attachment-id=\"798\" data-permalink=\"http:\/\/imkerei-watermeyer.de\/?attachment_id=798\" data-orig-file=\"http:\/\/imkerei-watermeyer.de\/wp-content\/uploads\/2019\/09\/dsc00837.jpg\" data-orig-size=\"5184,3888\" data-comments-opened=\"1\" data-image-meta=\"{&quot;aperture&quot;:&quot;3.2&quot;,&quot;credit&quot;:&quot;&quot;,&quot;camera&quot;:&quot;DSC-HX400V&quot;,&quot;caption&quot;:&quot;&quot;,&quot;created_timestamp&quot;:&quot;1568452518&quot;,&quot;copyright&quot;:&quot;&quot;,&quot;focal_length&quot;:&quot;7.11&quot;,&quot;iso&quot;:&quot;1250&quot;,&quot;shutter_speed&quot;:&quot;0.025&quot;,&quot;title&quot;:&quot;&quot;,&quot;orientation&quot;:&quot;1&quot;}\" data-image-title=\"Rolands-Grab\" data-image-description=\"&lt;p&gt;Rolands-Grab&lt;\/p&gt;\n\" data-image-caption=\"&lt;p&gt;Rolands-Grab&lt;\/p&gt;\n\" data-medium-file=\"http:\/\/imkerei-watermeyer.de\/wp-content\/uploads\/2019\/09\/dsc00837-300x225.jpg\" data-large-file=\"http:\/\/imkerei-watermeyer.de\/wp-content\/uploads\/2019\/09\/dsc00837-1024x768.jpg\" decoding=\"async\" loading=\"lazy\" width=\"1024\" height=\"768\" src=\"http:\/\/imkerei-watermeyer.de\/wp-content\/uploads\/2019\/09\/dsc00837-1024x768.jpg\" alt=\"\" data-id=\"798\" data-link=\"http:\/\/imkerei-watermeyer.de\/?attachment_id=798\" class=\"wp-image-798\" srcset=\"http:\/\/imkerei-watermeyer.de\/wp-content\/uploads\/2019\/09\/dsc00837-1024x768.jpg 1024w, http:\/\/imkerei-watermeyer.de\/wp-content\/uploads\/2019\/09\/dsc00837-300x225.jpg 300w, http:\/\/imkerei-watermeyer.de\/wp-content\/uploads\/2019\/09\/dsc00837-768x576.jpg 768w, http:\/\/imkerei-watermeyer.de\/wp-content\/uploads\/2019\/09\/dsc00837-1140x855.jpg 1140w\" sizes=\"(max-width: 1024px) 100vw, 1024px\" \/><figcaption>Rolands-Grab<\/figcaption><\/figure><\/li><\/ul>\n\n\n\n<p>Oben auf dem Kamm angekommen, \u00f6ffnete sich der Wald in Richtung Norden und gab den Blick auf unsere neue Heimat Laggenbeck frei. Au\u00dferdem hatten wir von dort einen herrlichen Blick auf das Kraftwerk in Ibbenb\u00fcren.  Es mag befremdlich f\u00fcr Au\u00dfenstehende sein, dass wir uns immer wieder freuen, das Kraftwerk zu sehen, aber es ist immer wieder sch\u00f6n, diese Landmarke zu sehen, wenn wir von S\u00fcden oder Westen aus nach Hause kommen. <\/p>\n\n\n\n<ul data-carousel-extra='{\"blog_id\":1,\"permalink\":\"http:\\\/\\\/imkerei-watermeyer.de\\\/?p=832\"}'  class=\"wp-block-gallery columns-2 is-cropped wp-block-gallery-7 is-layout-flex\"><li class=\"blocks-gallery-item\"><figure><img data-attachment-id=\"788\" data-permalink=\"http:\/\/imkerei-watermeyer.de\/?attachment_id=788\" data-orig-file=\"http:\/\/imkerei-watermeyer.de\/wp-content\/uploads\/2019\/09\/dsc00843.jpg\" data-orig-size=\"5184,3888\" data-comments-opened=\"1\" data-image-meta=\"{&quot;aperture&quot;:&quot;5&quot;,&quot;credit&quot;:&quot;&quot;,&quot;camera&quot;:&quot;DSC-HX400V&quot;,&quot;caption&quot;:&quot;&quot;,&quot;created_timestamp&quot;:&quot;1568452985&quot;,&quot;copyright&quot;:&quot;&quot;,&quot;focal_length&quot;:&quot;53.33&quot;,&quot;iso&quot;:&quot;80&quot;,&quot;shutter_speed&quot;:&quot;0.0025&quot;,&quot;title&quot;:&quot;&quot;,&quot;orientation&quot;:&quot;1&quot;}\" data-image-title=\"Blick vom Kamm des Teutoburger Waldes auf Laggenbeck\" data-image-description=\"&lt;p&gt;Blick vom Kamm des Teutoburger Waldes auf Laggenbeck&lt;\/p&gt;\n\" data-image-caption=\"&lt;p&gt;Blick vom Kamm des Teutoburger Waldes auf Laggenbeck&lt;\/p&gt;\n\" data-medium-file=\"http:\/\/imkerei-watermeyer.de\/wp-content\/uploads\/2019\/09\/dsc00843-300x225.jpg\" data-large-file=\"http:\/\/imkerei-watermeyer.de\/wp-content\/uploads\/2019\/09\/dsc00843-1024x768.jpg\" decoding=\"async\" loading=\"lazy\" width=\"1024\" height=\"768\" src=\"http:\/\/imkerei-watermeyer.de\/wp-content\/uploads\/2019\/09\/dsc00843-1024x768.jpg\" alt=\"\" data-id=\"788\" data-link=\"http:\/\/imkerei-watermeyer.de\/?attachment_id=788\" class=\"wp-image-788\" srcset=\"http:\/\/imkerei-watermeyer.de\/wp-content\/uploads\/2019\/09\/dsc00843-1024x768.jpg 1024w, http:\/\/imkerei-watermeyer.de\/wp-content\/uploads\/2019\/09\/dsc00843-300x225.jpg 300w, http:\/\/imkerei-watermeyer.de\/wp-content\/uploads\/2019\/09\/dsc00843-768x576.jpg 768w, http:\/\/imkerei-watermeyer.de\/wp-content\/uploads\/2019\/09\/dsc00843-1140x855.jpg 1140w\" sizes=\"(max-width: 1024px) 100vw, 1024px\" \/><figcaption>Blick vom Kamm des Teutoburger Waldes auf Laggenbeck<\/figcaption><\/figure><\/li><li class=\"blocks-gallery-item\"><figure><img data-attachment-id=\"787\" data-permalink=\"http:\/\/imkerei-watermeyer.de\/?attachment_id=787\" data-orig-file=\"http:\/\/imkerei-watermeyer.de\/wp-content\/uploads\/2019\/09\/dsc00846.jpg\" data-orig-size=\"5184,3888\" data-comments-opened=\"1\" data-image-meta=\"{&quot;aperture&quot;:&quot;4.5&quot;,&quot;credit&quot;:&quot;&quot;,&quot;camera&quot;:&quot;DSC-HX400V&quot;,&quot;caption&quot;:&quot;&quot;,&quot;created_timestamp&quot;:&quot;1568453051&quot;,&quot;copyright&quot;:&quot;&quot;,&quot;focal_length&quot;:&quot;29.44&quot;,&quot;iso&quot;:&quot;80&quot;,&quot;shutter_speed&quot;:&quot;0.002&quot;,&quot;title&quot;:&quot;&quot;,&quot;orientation&quot;:&quot;1&quot;}\" data-image-title=\"Blick von Tecklenburg aufs Ibbenb\u00fcrener Kraftwerk\" data-image-description=\"&lt;p&gt;Blick von Tecklenburg aufs Ibbenb\u00fcrener Kraftwerk&lt;\/p&gt;\n\" data-image-caption=\"&lt;p&gt;Blick von Tecklenburg aufs Ibbenb\u00fcrener Kraftwerk&lt;\/p&gt;\n\" data-medium-file=\"http:\/\/imkerei-watermeyer.de\/wp-content\/uploads\/2019\/09\/dsc00846-300x225.jpg\" data-large-file=\"http:\/\/imkerei-watermeyer.de\/wp-content\/uploads\/2019\/09\/dsc00846-1024x768.jpg\" decoding=\"async\" loading=\"lazy\" width=\"1024\" height=\"768\" src=\"http:\/\/imkerei-watermeyer.de\/wp-content\/uploads\/2019\/09\/dsc00846-1024x768.jpg\" alt=\"\" data-id=\"787\" data-link=\"http:\/\/imkerei-watermeyer.de\/?attachment_id=787\" class=\"wp-image-787\" srcset=\"http:\/\/imkerei-watermeyer.de\/wp-content\/uploads\/2019\/09\/dsc00846-1024x768.jpg 1024w, http:\/\/imkerei-watermeyer.de\/wp-content\/uploads\/2019\/09\/dsc00846-300x225.jpg 300w, http:\/\/imkerei-watermeyer.de\/wp-content\/uploads\/2019\/09\/dsc00846-768x576.jpg 768w, http:\/\/imkerei-watermeyer.de\/wp-content\/uploads\/2019\/09\/dsc00846-1140x855.jpg 1140w\" sizes=\"(max-width: 1024px) 100vw, 1024px\" \/><figcaption>Blick von Tecklenburg aufs Ibbenb\u00fcrener Kraftwerk<\/figcaption><\/figure><\/li><\/ul>\n\n\n\n<p>Auf dem Kamm entlang ging es dann wieder rein nach Tecklenburg. Am Orsteingang kamen wir dann am <a href=\"https:\/\/de.wikipedia.org\/wiki\/Bismarckturm_(Tecklenburg)\">Bismarckturm<\/a> vorbei. Dort haben wir dann nach knapp 2 Stunden Wanderung eine kurze Rast eingelegt und gefr\u00fchst\u00fcckt. Dieser zu Ehren des Eisernen Kanzlers erbaute Aussichtsturm wurde auf dem Stumpf einer ehemaligen Windm\u00fchle errichtet.<\/p>\n\n\n\n<figure class=\"wp-block-image\"><img data-attachment-id=\"812\" data-permalink=\"http:\/\/imkerei-watermeyer.de\/?attachment_id=812\" data-orig-file=\"http:\/\/imkerei-watermeyer.de\/wp-content\/uploads\/2019\/09\/dsc00849-1-e1568565893850.jpg\" data-orig-size=\"3888,5184\" data-comments-opened=\"1\" data-image-meta=\"{&quot;aperture&quot;:&quot;3.2&quot;,&quot;credit&quot;:&quot;&quot;,&quot;camera&quot;:&quot;DSC-HX400V&quot;,&quot;caption&quot;:&quot;&quot;,&quot;created_timestamp&quot;:&quot;1568453450&quot;,&quot;copyright&quot;:&quot;&quot;,&quot;focal_length&quot;:&quot;5.67&quot;,&quot;iso&quot;:&quot;80&quot;,&quot;shutter_speed&quot;:&quot;0.002&quot;,&quot;title&quot;:&quot;&quot;,&quot;orientation&quot;:&quot;8&quot;}\" data-image-title=\"Tecklenburg &#8211; Bismarckturm\" data-image-description=\"&lt;p&gt;Tecklenburg &#8211; Bismarckturm&lt;\/p&gt;\n\" data-image-caption=\"&lt;p&gt;Tecklenburg &#8211; Bismarckturm&lt;\/p&gt;\n\" data-medium-file=\"http:\/\/imkerei-watermeyer.de\/wp-content\/uploads\/2019\/09\/dsc00849-1-e1568565893850-225x300.jpg\" data-large-file=\"http:\/\/imkerei-watermeyer.de\/wp-content\/uploads\/2019\/09\/dsc00849-1-e1568565893850-768x1024.jpg\" decoding=\"async\" loading=\"lazy\" width=\"768\" height=\"1024\" src=\"http:\/\/imkerei-watermeyer.de\/wp-content\/uploads\/2019\/09\/dsc00849-1-e1568565893850-768x1024.jpg\" alt=\"\" class=\"wp-image-812\" srcset=\"http:\/\/imkerei-watermeyer.de\/wp-content\/uploads\/2019\/09\/dsc00849-1-e1568565893850-768x1024.jpg 768w, http:\/\/imkerei-watermeyer.de\/wp-content\/uploads\/2019\/09\/dsc00849-1-e1568565893850-225x300.jpg 225w, http:\/\/imkerei-watermeyer.de\/wp-content\/uploads\/2019\/09\/dsc00849-1-e1568565893850-1140x1520.jpg 1140w\" sizes=\"(max-width: 768px) 100vw, 768px\" \/><figcaption>Tecklenburg &#8211; Bismarckturm<\/figcaption><\/figure>\n\n\n\n<p>Zur\u00fcck am Parkplatz M\u00fcnsterlandblick haben wir noch einmal die wunderbare Aussicht auf die Parklandschaft des M\u00fcnsterlands genossen.  Die Bettent\u00fcrme der Universit\u00e4tsklinik in M\u00fcnster sind dabei eine eindrucksvolle Marke zur Orientierung. Wir sind uns nicht ganz sicher, aber bei gutem Wetter soll man von hier aus sogar das Kraftwerk in Hamm sehen k\u00f6nnen.<\/p>\n\n\n\n<p>Sollte euch unser Bericht gefallen haben, w\u00fcrden wir uns freuen, wenn ihr unseren Beitrag teilt oder uns bei Instagram oder Facebook ein &#8222;Gef\u00e4llt mir&#8220; da lasst. Wenn ihr wisst, wie die Blumen hei\u00dfen, an denen die Tautropfen h\u00e4ngen, dann schreibt uns doch bitte eine Nachricht dazu. Habt ihr Anregungen oder \u00c4nderungsvorschl\u00e4ge? Nur zu! Wir freuen uns \u00fcber euer Feedback!<\/p>\n\n\n\n<figure class=\"wp-block-image\"><img data-attachment-id=\"791\" data-permalink=\"http:\/\/imkerei-watermeyer.de\/?attachment_id=791\" data-orig-file=\"http:\/\/imkerei-watermeyer.de\/wp-content\/uploads\/2019\/09\/dsc00856.jpg\" data-orig-size=\"5184,3888\" data-comments-opened=\"1\" data-image-meta=\"{&quot;aperture&quot;:&quot;3.2&quot;,&quot;credit&quot;:&quot;&quot;,&quot;camera&quot;:&quot;DSC-HX400V&quot;,&quot;caption&quot;:&quot;&quot;,&quot;created_timestamp&quot;:&quot;1568455424&quot;,&quot;copyright&quot;:&quot;&quot;,&quot;focal_length&quot;:&quot;5.24&quot;,&quot;iso&quot;:&quot;80&quot;,&quot;shutter_speed&quot;:&quot;0.002&quot;,&quot;title&quot;:&quot;&quot;,&quot;orientation&quot;:&quot;1&quot;}\" data-image-title=\"Blick aufs M\u00fcnsterland vom Parkplatz M\u00fcnsterlandblick aus\" data-image-description=\"&lt;p&gt;Blick aufs M\u00fcnsterland vom Parkplatz M\u00fcnsterlandblick aus&lt;\/p&gt;\n\" data-image-caption=\"&lt;p&gt;Blick aufs M\u00fcnsterland vom Parkplatz M\u00fcnsterlandblick aus&lt;\/p&gt;\n\" data-medium-file=\"http:\/\/imkerei-watermeyer.de\/wp-content\/uploads\/2019\/09\/dsc00856-300x225.jpg\" data-large-file=\"http:\/\/imkerei-watermeyer.de\/wp-content\/uploads\/2019\/09\/dsc00856-1024x768.jpg\" decoding=\"async\" loading=\"lazy\" width=\"1024\" height=\"768\" src=\"http:\/\/imkerei-watermeyer.de\/wp-content\/uploads\/2019\/09\/dsc00856-1024x768.jpg\" alt=\"\" class=\"wp-image-791\" srcset=\"http:\/\/imkerei-watermeyer.de\/wp-content\/uploads\/2019\/09\/dsc00856-1024x768.jpg 1024w, http:\/\/imkerei-watermeyer.de\/wp-content\/uploads\/2019\/09\/dsc00856-300x225.jpg 300w, http:\/\/imkerei-watermeyer.de\/wp-content\/uploads\/2019\/09\/dsc00856-768x576.jpg 768w, http:\/\/imkerei-watermeyer.de\/wp-content\/uploads\/2019\/09\/dsc00856-1140x855.jpg 1140w\" sizes=\"(max-width: 1024px) 100vw, 1024px\" \/><figcaption>Blick aufs M\u00fcnsterland vom Parkplatz M\u00fcnsterlandblick aus<\/figcaption><\/figure>\n","protected":false},"excerpt":{"rendered":"<p>Wir waren wieder wandern! Dieses mal ging es mit herrlichen Blick \u00fcbers M\u00fcnsterland an den S\u00fcdhang von Tecklenburg. Den ganzen Bericht findet ihr unter: http:\/\/imkerei-watermeyer.de\/?p=832<\/p>\n","protected":false},"author":1,"featured_media":791,"comment_status":"open","ping_status":"open","sticky":false,"template":"","format":"standard","meta":{"jetpack_post_was_ever_published":false,"_jetpack_newsletter_access":"","jetpack_publicize_message":"","jetpack_is_tweetstorm":false,"jetpack_publicize_feature_enabled":true,"jetpack_social_post_already_shared":true,"jetpack_social_options":{"image_generator_settings":{"template":"highway","enabled":false}}},"categories":[117],"tags":[134,90,89,127,137,161,109,111,139],"jetpack_publicize_connections":[],"jetpack_featured_media_url":"http:\/\/imkerei-watermeyer.de\/wp-content\/uploads\/2019\/09\/dsc00856.jpg","jetpack_sharing_enabled":true,"jetpack_shortlink":"https:\/\/wp.me\/p9uDaz-dq","jetpack_likes_enabled":true,"jetpack-related-posts":[{"id":708,"url":"http:\/\/imkerei-watermeyer.de\/?p=708","url_meta":{"origin":832,"position":0},"title":"Das Nasse Dreieck &#8211; Wandern im Teutoburger Wald","author":"Homeraner","date":"August 11, 2019","format":false,"excerpt":"Wie wir in unserem \"\u00dcber Uns\"-Bereich geschrieben haben, genie\u00dfen wir es, unseren Rucksack mit Proviant zu packen, die Wanderschuhe anzuziehen und dann im Teutoburger Wald eine Runde zu wandern. Wir sind ja beide keine Ur-Laggenbecker. W\u00e4hrend ich aus dem flachen Westm\u00fcnsterland stamme, kommt Ina ja immerhin aus dem \u00f6stlichen Teil\u2026","rel":"","context":"In &quot;Natur&quot;","block_context":{"text":"Natur","link":"http:\/\/imkerei-watermeyer.de\/?cat=3"},"img":{"alt_text":"","src":"https:\/\/i0.wp.com\/imkerei-watermeyer.de\/wp-content\/uploads\/2019\/08\/dsc00505.jpg?resize=350%2C200","width":350,"height":200,"srcset":"https:\/\/i0.wp.com\/imkerei-watermeyer.de\/wp-content\/uploads\/2019\/08\/dsc00505.jpg?resize=350%2C200 1x, https:\/\/i0.wp.com\/imkerei-watermeyer.de\/wp-content\/uploads\/2019\/08\/dsc00505.jpg?resize=700%2C400 2x, https:\/\/i0.wp.com\/imkerei-watermeyer.de\/wp-content\/uploads\/2019\/08\/dsc00505.jpg?resize=1050%2C600 3x, https:\/\/i0.wp.com\/imkerei-watermeyer.de\/wp-content\/uploads\/2019\/08\/dsc00505.jpg?resize=1400%2C800 4x"},"classes":[]},{"id":669,"url":"http:\/\/imkerei-watermeyer.de\/?p=669","url_meta":{"origin":832,"position":1},"title":"Das Insektenhotel","author":"Homeraner","date":"Juli 28, 2019","format":false,"excerpt":"Wie letztens auf unserem Instagram-Account angek\u00fcndigt, haben wir in den Sommerferien zusammen mit den Kindern ein Insektenhotel gebaut. Sicher keine Profi-Variante, sicher gibt es einige Dinge, die verbesserungsw\u00fcrdig w\u00e4ren, aber es ist halt selbstgemacht. Die Idee dazu kam uns bei einem unserer Besuche in Bielefeld bei Inas Eltern. Dort nisten\u2026","rel":"","context":"In &quot;Natur&quot;","block_context":{"text":"Natur","link":"http:\/\/imkerei-watermeyer.de\/?cat=3"},"img":{"alt_text":"","src":"https:\/\/i0.wp.com\/imkerei-watermeyer.de\/wp-content\/uploads\/2019\/07\/dsc00386-e1564310785592.jpg?resize=350%2C200","width":350,"height":200,"srcset":"https:\/\/i0.wp.com\/imkerei-watermeyer.de\/wp-content\/uploads\/2019\/07\/dsc00386-e1564310785592.jpg?resize=350%2C200 1x, https:\/\/i0.wp.com\/imkerei-watermeyer.de\/wp-content\/uploads\/2019\/07\/dsc00386-e1564310785592.jpg?resize=700%2C400 2x, https:\/\/i0.wp.com\/imkerei-watermeyer.de\/wp-content\/uploads\/2019\/07\/dsc00386-e1564310785592.jpg?resize=1050%2C600 3x, https:\/\/i0.wp.com\/imkerei-watermeyer.de\/wp-content\/uploads\/2019\/07\/dsc00386-e1564310785592.jpg?resize=1400%2C800 4x"},"classes":[]},{"id":218,"url":"http:\/\/imkerei-watermeyer.de\/?p=218","url_meta":{"origin":832,"position":2},"title":"Einwintern","author":"Homeraner","date":"August 31, 2015","format":false,"excerpt":"Morgen werden wieder Spekulatius und Dominosteine Einzug in deutsche Superm\u00e4rkte halten und der meteorologische Herbst beginnt. Der Hochsommer verabschiedet sich gerade bei uns mit Blitz und Donner. Doch wir Imker sind schon einen Schritt weiter! Im August stand bei unseren V\u00f6lkern das sogenannte Einwintern auf dem Programm. Zu den Arbeiten\u2026","rel":"","context":"In &quot;Blick ins Volk&quot;","block_context":{"text":"Blick ins Volk","link":"http:\/\/imkerei-watermeyer.de\/?cat=4"},"img":{"alt_text":"","src":"https:\/\/i0.wp.com\/imkerei-watermeyer.de\/wp-content\/uploads\/2015\/08\/IMG_4358-0.jpg?resize=350%2C200","width":350,"height":200,"srcset":"https:\/\/i0.wp.com\/imkerei-watermeyer.de\/wp-content\/uploads\/2015\/08\/IMG_4358-0.jpg?resize=350%2C200 1x, https:\/\/i0.wp.com\/imkerei-watermeyer.de\/wp-content\/uploads\/2015\/08\/IMG_4358-0.jpg?resize=700%2C400 2x, https:\/\/i0.wp.com\/imkerei-watermeyer.de\/wp-content\/uploads\/2015\/08\/IMG_4358-0.jpg?resize=1050%2C600 3x, https:\/\/i0.wp.com\/imkerei-watermeyer.de\/wp-content\/uploads\/2015\/08\/IMG_4358-0.jpg?resize=1400%2C800 4x"},"classes":[]},{"id":879,"url":"http:\/\/imkerei-watermeyer.de\/?p=879","url_meta":{"origin":832,"position":3},"title":"Erste Ver\u00e4nderungen im neuen Garten","author":"Homeraner","date":"Mai 3, 2020","format":false,"excerpt":"Nachdem wir Anfang Februar ein neues Zuhause f\u00fcr die Laggenbiene gekauft haben, hat Daniel seine freie Zeit im April dazu genutzt, erste Ver\u00e4nderungen im Garten anzugehen. Vor unseren \u00c4nderungen Am Aufgang zum Haus war ein Beet komplett mit Efeu zugewuchert und Ahorn und Birke hatten sich dort wild ausges\u00e4t. Dieses\u2026","rel":"","context":"In &quot;Garten&quot;","block_context":{"text":"Garten","link":"http:\/\/imkerei-watermeyer.de\/?cat=163"},"img":{"alt_text":"","src":"https:\/\/i0.wp.com\/imkerei-watermeyer.de\/wp-content\/uploads\/2020\/04\/img_7107.jpg?resize=350%2C200","width":350,"height":200,"srcset":"https:\/\/i0.wp.com\/imkerei-watermeyer.de\/wp-content\/uploads\/2020\/04\/img_7107.jpg?resize=350%2C200 1x, https:\/\/i0.wp.com\/imkerei-watermeyer.de\/wp-content\/uploads\/2020\/04\/img_7107.jpg?resize=700%2C400 2x, https:\/\/i0.wp.com\/imkerei-watermeyer.de\/wp-content\/uploads\/2020\/04\/img_7107.jpg?resize=1050%2C600 3x, https:\/\/i0.wp.com\/imkerei-watermeyer.de\/wp-content\/uploads\/2020\/04\/img_7107.jpg?resize=1400%2C800 4x"},"classes":[]},{"id":655,"url":"http:\/\/imkerei-watermeyer.de\/?p=655","url_meta":{"origin":832,"position":4},"title":"Honigernte &#8211; Sp\u00e4ttracht","author":"Homeraner","date":"Juli 21, 2019","format":false,"excerpt":"Am letzten Mittwoch konnten wir wieder Honig ernten. W\u00e4hrend der Lindenbl\u00fcte konnten die Bienen so einiges an Nektar eintragen und in M\u00fcnster-Amelsb\u00fcren haben sie sich auch flei\u00dfig an der dort angelegten Blumenwiese bedient. Biene in der Wildblumenwiese Die Bienen haben das k\u00e4ltere Wetter der Tage zuvor genutzt und haben den\u2026","rel":"","context":"In &quot;Bienenbilder&quot;","block_context":{"text":"Bienenbilder","link":"http:\/\/imkerei-watermeyer.de\/?cat=2"},"img":{"alt_text":"","src":"https:\/\/i0.wp.com\/imkerei-watermeyer.de\/wp-content\/uploads\/2019\/07\/dsc00166-5.jpg?resize=350%2C200","width":350,"height":200,"srcset":"https:\/\/i0.wp.com\/imkerei-watermeyer.de\/wp-content\/uploads\/2019\/07\/dsc00166-5.jpg?resize=350%2C200 1x, https:\/\/i0.wp.com\/imkerei-watermeyer.de\/wp-content\/uploads\/2019\/07\/dsc00166-5.jpg?resize=700%2C400 2x, https:\/\/i0.wp.com\/imkerei-watermeyer.de\/wp-content\/uploads\/2019\/07\/dsc00166-5.jpg?resize=1050%2C600 3x, https:\/\/i0.wp.com\/imkerei-watermeyer.de\/wp-content\/uploads\/2019\/07\/dsc00166-5.jpg?resize=1400%2C800 4x"},"classes":[]},{"id":187,"url":"http:\/\/imkerei-watermeyer.de\/?p=187","url_meta":{"origin":832,"position":5},"title":"Schwarmkontrolle &#8211; Wieso die Kippkontrolle nicht reicht!","author":"Homeraner","date":"Juli 6, 2015","format":false,"excerpt":"Bei der Schwarmkontrolle kontrolliert der Imker die unteren 2 Etagen einer Bienenbeute und schaut nach, ob die Bienen sogenannte Weiselzellen gebaut haben oder gerade bauen. In den Weiselzellen ziehen die Bienen neue K\u00f6niginnen heran. Dabei handelt es sich urspr\u00fcnglich genau wie bei einer Arbeiterinnenzelle, um ein normales befruchtetes Ei, welches\u2026","rel":"","context":"In &quot;Blick ins Volk&quot;","block_context":{"text":"Blick ins Volk","link":"http:\/\/imkerei-watermeyer.de\/?cat=4"},"img":{"alt_text":"","src":"https:\/\/i0.wp.com\/imkerei-watermeyer.de\/wp-content\/uploads\/2015\/07\/IMG_2729.jpg?resize=350%2C200","width":350,"height":200,"srcset":"https:\/\/i0.wp.com\/imkerei-watermeyer.de\/wp-content\/uploads\/2015\/07\/IMG_2729.jpg?resize=350%2C200 1x, https:\/\/i0.wp.com\/imkerei-watermeyer.de\/wp-content\/uploads\/2015\/07\/IMG_2729.jpg?resize=700%2C400 2x, https:\/\/i0.wp.com\/imkerei-watermeyer.de\/wp-content\/uploads\/2015\/07\/IMG_2729.jpg?resize=1050%2C600 3x, https:\/\/i0.wp.com\/imkerei-watermeyer.de\/wp-content\/uploads\/2015\/07\/IMG_2729.jpg?resize=1400%2C800 4x"},"classes":[]}],"_links":{"self":[{"href":"http:\/\/imkerei-watermeyer.de\/index.php?rest_route=\/wp\/v2\/posts\/832"}],"collection":[{"href":"http:\/\/imkerei-watermeyer.de\/index.php?rest_route=\/wp\/v2\/posts"}],"about":[{"href":"http:\/\/imkerei-watermeyer.de\/index.php?rest_route=\/wp\/v2\/types\/post"}],"author":[{"embeddable":true,"href":"http:\/\/imkerei-watermeyer.de\/index.php?rest_route=\/wp\/v2\/users\/1"}],"replies":[{"embeddable":true,"href":"http:\/\/imkerei-watermeyer.de\/index.php?rest_route=%2Fwp%2Fv2%2Fcomments&post=832"}],"version-history":[{"count":6,"href":"http:\/\/imkerei-watermeyer.de\/index.php?rest_route=\/wp\/v2\/posts\/832\/revisions"}],"predecessor-version":[{"id":845,"href":"http:\/\/imkerei-watermeyer.de\/index.php?rest_route=\/wp\/v2\/posts\/832\/revisions\/845"}],"wp:featuredmedia":[{"embeddable":true,"href":"http:\/\/imkerei-watermeyer.de\/index.php?rest_route=\/wp\/v2\/media\/791"}],"wp:attachment":[{"href":"http:\/\/imkerei-watermeyer.de\/index.php?rest_route=%2Fwp%2Fv2%2Fmedia&parent=832"}],"wp:term":[{"taxonomy":"category","embeddable":true,"href":"http:\/\/imkerei-watermeyer.de\/index.php?rest_route=%2Fwp%2Fv2%2Fcategories&post=832"},{"taxonomy":"post_tag","embeddable":true,"href":"http:\/\/imkerei-watermeyer.de\/index.php?rest_route=%2Fwp%2Fv2%2Ftags&post=832"}],"curies":[{"name":"wp","href":"https:\/\/api.w.org\/{rel}","templated":true}]}}