{"id":766,"date":"2019-09-01T19:07:12","date_gmt":"2019-09-01T19:07:12","guid":{"rendered":"http:\/\/imkerei-watermeyer.de\/?p=766"},"modified":"2019-09-01T19:07:15","modified_gmt":"2019-09-01T19:07:15","slug":"bienenwachs-als-allrounder-natuerliche-selbstgemachte-lippenpflege","status":"publish","type":"post","link":"http:\/\/imkerei-watermeyer.de\/?p=766","title":{"rendered":"Bienenwachs als Allrounder &#8211; nat\u00fcrliche, selbstgemachte Lippenpflege!"},"content":{"rendered":"\n<p>Bekannterma\u00dfen k\u00f6nnen wir von Bienen nicht nur Honig bekommen. Auch das Bienenwachs hat f\u00fcr uns viele wichtige Eigenschaften, die wir nutzen k\u00f6nnen. Es ist der Baustoff des Volkes f\u00fcr die Brut und die Speicherung des Honigs. Kerzen aus Bienenwachs kennt jeder, aber wusstet ihr, dass man mit Bienenwachs auch Schuhe impr\u00e4gnieren kann? Au\u00dferdem ist Wachs auch eine tolle Basis f\u00fcr Kosmetik nat\u00fcrlichen Ursprungs. Ich habe mir \u00fcberlegt, das selbst mal auszuprobieren. <\/p>\n\n\n\n<p>Damit habe ich absolutes Neuland betreten, denn au\u00dfer vielleicht mit einer Quarkmaske f\u00fcr das Gesicht hatte ich vorher noch keine Erfahrung mit selbstgemachter Hautpflege. Aber es hat sich so gelohnt! Und noch dazu war es wirklich einfach und auch nicht unverh\u00e4ltnism\u00e4\u00dfig teuer, im Gegenteil, es ist sogar echt eine g\u00fcnstige Alternative! Seid gespannt&#8230; heute kochen wir &#8211; eine nat\u00fcrliche Lippenpflege!!!<\/p>\n\n\n\n<p>Wir selbst nutzen das Wachs aus den Waben unserer Bienen nicht weiter. Deshalb habe ich Bienenwachs in Pelletform gekauft. Das kann man sehr gut dosieren. Wie ich gelernt habe bei der Zubereitung &#8211; es kommt auf genaue Mengenangaben an, und man sollte sehr genau arbeiten! Au\u00dferdem war es mir bei den Zutaten wichtig, dass alles Bioqualit\u00e4t hat. Wenn schon, denn schon quasi. Nein, mal im Ernst, man m\u00f6chte sich die Pflege ja bewusst selbst herstellen, da geh\u00f6rt finde ich etwas Bewusstsein f\u00fcr die Herkunft der einzelnen Komponenten auch dazu! Ich hatte \u00fcberlegt, f\u00fcr das Lippenbalsam kleine Dosen zu verwenden, habe da aber leider derzeit nicht die Optimall\u00f6sung im Handel gefunden. Da waren mir die Dosen etwas zu gro\u00df f\u00fcr die einzelnen Portionen. Wenn ihr Tipps dazu habt, immer her damit! Also gibt es bei mir Lippenstifth\u00fclsen aus Plastik &#8211; aus dem Internet.<\/p>\n\n\n\n<h3 class=\"wp-block-heading\">Zutaten f\u00fcr <strong>selbstgemachte<\/strong>n Lippenbalsam ( ca 15-20 Lippenstifte)<\/h3>\n\n\n\n<figure class=\"wp-block-image\"><img data-attachment-id=\"776\" data-permalink=\"http:\/\/imkerei-watermeyer.de\/?attachment_id=776\" data-orig-file=\"http:\/\/imkerei-watermeyer.de\/wp-content\/uploads\/2019\/09\/dsc00685-1.jpg\" data-orig-size=\"5184,3888\" data-comments-opened=\"1\" data-image-meta=\"{&quot;aperture&quot;:&quot;2.8&quot;,&quot;credit&quot;:&quot;&quot;,&quot;camera&quot;:&quot;DSC-HX400V&quot;,&quot;caption&quot;:&quot;&quot;,&quot;created_timestamp&quot;:&quot;1567259919&quot;,&quot;copyright&quot;:&quot;&quot;,&quot;focal_length&quot;:&quot;4.3&quot;,&quot;iso&quot;:&quot;160&quot;,&quot;shutter_speed&quot;:&quot;0.033333333333333&quot;,&quot;title&quot;:&quot;&quot;,&quot;orientation&quot;:&quot;1&quot;}\" data-image-title=\"dsc00685-1\" data-image-description=\"\" data-image-caption=\"\" data-medium-file=\"http:\/\/imkerei-watermeyer.de\/wp-content\/uploads\/2019\/09\/dsc00685-1-300x225.jpg\" data-large-file=\"http:\/\/imkerei-watermeyer.de\/wp-content\/uploads\/2019\/09\/dsc00685-1-1024x768.jpg\" decoding=\"async\" loading=\"lazy\" width=\"5184\" height=\"3888\" src=\"http:\/\/imkerei-watermeyer.de\/wp-content\/uploads\/2019\/09\/dsc00685-1.jpg\" alt=\"\" class=\"wp-image-776\" srcset=\"http:\/\/imkerei-watermeyer.de\/wp-content\/uploads\/2019\/09\/dsc00685-1.jpg 5184w, http:\/\/imkerei-watermeyer.de\/wp-content\/uploads\/2019\/09\/dsc00685-1-300x225.jpg 300w, http:\/\/imkerei-watermeyer.de\/wp-content\/uploads\/2019\/09\/dsc00685-1-768x576.jpg 768w, http:\/\/imkerei-watermeyer.de\/wp-content\/uploads\/2019\/09\/dsc00685-1-1024x768.jpg 1024w, http:\/\/imkerei-watermeyer.de\/wp-content\/uploads\/2019\/09\/dsc00685-1-1140x855.jpg 1140w\" sizes=\"(max-width: 5184px) 100vw, 5184px\" \/><figcaption>Mehr als diese 5 Zutaten braucht es nicht f\u00fcr den Lippenbalsam <\/figcaption><\/figure>\n\n\n\n<ul><li>20g gelbes Bienenwachs ( in Pelletform am besten abzumessen)<\/li><li>20g unraffinierte\/nat\u00fcrliche Kakaobutter <\/li><li>45g Sonnenblumen\u00f6l<\/li><li>5g Lanolin<\/li><li>2g Vitamin-E-\u00d6l<\/li><\/ul>\n\n\n\n<h3 class=\"wp-block-heading\"><strong>Zubereitung<\/strong> des <strong>Lippenbalsam<\/strong>s<\/h3>\n\n\n\n<figure class=\"wp-block-image\"><img data-attachment-id=\"777\" data-permalink=\"http:\/\/imkerei-watermeyer.de\/?attachment_id=777\" data-orig-file=\"http:\/\/imkerei-watermeyer.de\/wp-content\/uploads\/2019\/09\/dsc00688-1.jpg\" data-orig-size=\"5184,3888\" data-comments-opened=\"1\" data-image-meta=\"{&quot;aperture&quot;:&quot;2.8&quot;,&quot;credit&quot;:&quot;&quot;,&quot;camera&quot;:&quot;DSC-HX400V&quot;,&quot;caption&quot;:&quot;&quot;,&quot;created_timestamp&quot;:&quot;1567260321&quot;,&quot;copyright&quot;:&quot;&quot;,&quot;focal_length&quot;:&quot;4.3&quot;,&quot;iso&quot;:&quot;500&quot;,&quot;shutter_speed&quot;:&quot;0.033333333333333&quot;,&quot;title&quot;:&quot;&quot;,&quot;orientation&quot;:&quot;1&quot;}\" data-image-title=\"dsc00688-1\" data-image-description=\"\" data-image-caption=\"\" data-medium-file=\"http:\/\/imkerei-watermeyer.de\/wp-content\/uploads\/2019\/09\/dsc00688-1-300x225.jpg\" data-large-file=\"http:\/\/imkerei-watermeyer.de\/wp-content\/uploads\/2019\/09\/dsc00688-1-1024x768.jpg\" decoding=\"async\" loading=\"lazy\" width=\"5184\" height=\"3888\" src=\"http:\/\/imkerei-watermeyer.de\/wp-content\/uploads\/2019\/09\/dsc00688-1.jpg\" alt=\"\" class=\"wp-image-777\" srcset=\"http:\/\/imkerei-watermeyer.de\/wp-content\/uploads\/2019\/09\/dsc00688-1.jpg 5184w, http:\/\/imkerei-watermeyer.de\/wp-content\/uploads\/2019\/09\/dsc00688-1-300x225.jpg 300w, http:\/\/imkerei-watermeyer.de\/wp-content\/uploads\/2019\/09\/dsc00688-1-768x576.jpg 768w, http:\/\/imkerei-watermeyer.de\/wp-content\/uploads\/2019\/09\/dsc00688-1-1024x768.jpg 1024w, http:\/\/imkerei-watermeyer.de\/wp-content\/uploads\/2019\/09\/dsc00688-1-1140x855.jpg 1140w\" sizes=\"(max-width: 5184px) 100vw, 5184px\" \/><figcaption>Zubereitung im Wasserbad <\/figcaption><\/figure>\n\n\n\n<p>Alle Zutaten kann man zun\u00e4chst einzeln abwiegen. Dann wird Bienenwachs, Kakaobutter, Sonnenblumen\u00f6l und Lanolin zusammen in einer hitzebest\u00e4ndigen Sch\u00fcssel im Wasserbad solange erw\u00e4rmt, bis alle festen Zutaten geschmolzen sind und sich eine homogene fl\u00fcssige Masse gebildet hat, dabei darf gern ger\u00fchrt werden. Dann die Sch\u00fcssel aus dem Wasserbad nehmen. Erst jetzt kommt das Vitamin-E-\u00d6l hinzu, umr\u00fchren &#8211; fertig! Die hei\u00dfe Mischung muss nun schnell in die leeren Lippenstifth\u00fclsen gef\u00fcllt werden, da sie schnell fest wird. Man kann die Sch\u00fcssel immer mal wieder kurz ins Wasserbad stellen, bis alles eingef\u00fcllt ist. Et voil\u00e0 &#8211; schon ist die selbstgemachte Kosmetik fertig! Und das auf Vorrat und zum Verschenken&#8230;<\/p>\n\n\n\n<figure class=\"wp-block-image\"><img data-attachment-id=\"772\" data-permalink=\"http:\/\/imkerei-watermeyer.de\/?attachment_id=772\" data-orig-file=\"http:\/\/imkerei-watermeyer.de\/wp-content\/uploads\/2019\/09\/dsc00691.jpg\" data-orig-size=\"5184,3888\" data-comments-opened=\"1\" data-image-meta=\"{&quot;aperture&quot;:&quot;2.8&quot;,&quot;credit&quot;:&quot;&quot;,&quot;camera&quot;:&quot;DSC-HX400V&quot;,&quot;caption&quot;:&quot;&quot;,&quot;created_timestamp&quot;:&quot;1567260721&quot;,&quot;copyright&quot;:&quot;&quot;,&quot;focal_length&quot;:&quot;4.3&quot;,&quot;iso&quot;:&quot;800&quot;,&quot;shutter_speed&quot;:&quot;0.033333333333333&quot;,&quot;title&quot;:&quot;&quot;,&quot;orientation&quot;:&quot;1&quot;}\" data-image-title=\"dsc00691\" data-image-description=\"\" data-image-caption=\"\" data-medium-file=\"http:\/\/imkerei-watermeyer.de\/wp-content\/uploads\/2019\/09\/dsc00691-300x225.jpg\" data-large-file=\"http:\/\/imkerei-watermeyer.de\/wp-content\/uploads\/2019\/09\/dsc00691-1024x768.jpg\" decoding=\"async\" loading=\"lazy\" width=\"5184\" height=\"3888\" src=\"http:\/\/imkerei-watermeyer.de\/wp-content\/uploads\/2019\/09\/dsc00691.jpg\" alt=\"\" class=\"wp-image-772\" srcset=\"http:\/\/imkerei-watermeyer.de\/wp-content\/uploads\/2019\/09\/dsc00691.jpg 5184w, http:\/\/imkerei-watermeyer.de\/wp-content\/uploads\/2019\/09\/dsc00691-300x225.jpg 300w, http:\/\/imkerei-watermeyer.de\/wp-content\/uploads\/2019\/09\/dsc00691-768x576.jpg 768w, http:\/\/imkerei-watermeyer.de\/wp-content\/uploads\/2019\/09\/dsc00691-1024x768.jpg 1024w, http:\/\/imkerei-watermeyer.de\/wp-content\/uploads\/2019\/09\/dsc00691-1140x855.jpg 1140w\" sizes=\"(max-width: 5184px) 100vw, 5184px\" \/><figcaption>Nun fehlt nur das Vitamin E noch<\/figcaption><\/figure>\n\n\n\n<p>Dies ist ein Basisrezept quasi ohne Eigenduft. Dazu kann man gemeinsam mit dem Vitamin-E-\u00d6l auch \u00e4therische \u00d6le in Lebensmittelqualit\u00e4t geben, zum Beispiel Zitrusd\u00fcfte, Minze, etc. Alternativ kann man auch mal Oliven\u00f6l ausprobieren, welches schon einen eigenen Duft mitbringt und eine tolle Pflegewirkung hat.<\/p>\n\n\n\n<figure class=\"wp-block-image\"><img data-attachment-id=\"770\" data-permalink=\"http:\/\/imkerei-watermeyer.de\/?attachment_id=770\" data-orig-file=\"http:\/\/imkerei-watermeyer.de\/wp-content\/uploads\/2019\/09\/dsc00693.jpg\" data-orig-size=\"5184,3888\" data-comments-opened=\"1\" data-image-meta=\"{&quot;aperture&quot;:&quot;2.8&quot;,&quot;credit&quot;:&quot;&quot;,&quot;camera&quot;:&quot;DSC-HX400V&quot;,&quot;caption&quot;:&quot;&quot;,&quot;created_timestamp&quot;:&quot;1567263953&quot;,&quot;copyright&quot;:&quot;&quot;,&quot;focal_length&quot;:&quot;4.3&quot;,&quot;iso&quot;:&quot;200&quot;,&quot;shutter_speed&quot;:&quot;0.033333333333333&quot;,&quot;title&quot;:&quot;&quot;,&quot;orientation&quot;:&quot;1&quot;}\" data-image-title=\"dsc00693\" data-image-description=\"\" data-image-caption=\"\" data-medium-file=\"http:\/\/imkerei-watermeyer.de\/wp-content\/uploads\/2019\/09\/dsc00693-300x225.jpg\" data-large-file=\"http:\/\/imkerei-watermeyer.de\/wp-content\/uploads\/2019\/09\/dsc00693-1024x768.jpg\" decoding=\"async\" loading=\"lazy\" width=\"5184\" height=\"3888\" src=\"http:\/\/imkerei-watermeyer.de\/wp-content\/uploads\/2019\/09\/dsc00693.jpg\" alt=\"\" class=\"wp-image-770\" srcset=\"http:\/\/imkerei-watermeyer.de\/wp-content\/uploads\/2019\/09\/dsc00693.jpg 5184w, http:\/\/imkerei-watermeyer.de\/wp-content\/uploads\/2019\/09\/dsc00693-300x225.jpg 300w, http:\/\/imkerei-watermeyer.de\/wp-content\/uploads\/2019\/09\/dsc00693-768x576.jpg 768w, http:\/\/imkerei-watermeyer.de\/wp-content\/uploads\/2019\/09\/dsc00693-1024x768.jpg 1024w, http:\/\/imkerei-watermeyer.de\/wp-content\/uploads\/2019\/09\/dsc00693-1140x855.jpg 1140w\" sizes=\"(max-width: 5184px) 100vw, 5184px\" \/><figcaption>Selbstgemachtes Lippenbalsam<\/figcaption><\/figure>\n\n\n\n<p>Das Lippenbalsam wird sch\u00f6n fest, riecht nicht, ist geschmacksneutral und bleibt finde ich auch sehr lange auf den Lippen bestehen und pflegt sie sp\u00fcrbar ohne sich auf den Lippen fettig anzuf\u00fchlen. Damit ist es f\u00fcr mich ein Pflege-Allrounder f\u00fcr Kinder, Frauen&#8230; und sogar M\u00e4nner \ud83d\ude09 Ich bin echt begeistert und stolz auf mich \ud83d\ude09<\/p>\n\n\n\n<p>P. S.: Das verwendete Geschirr solltet ihr danach erst grob vom Wachs befreien, damit m\u00f6glichst keins mit in den Ausguss kommt. Die Reinigung danach klappt am besten mit sehr hei\u00dfem Wasser. Die Sch\u00fcsseln etc. solltet ihr dann aber nicht mehr zur Lebensmittelzubereitung nehmen, sondern sie f\u00fcr die n\u00e4chste Creme oder \u00e4hnliches zu Seite stellen.<\/p>\n\n\n\n<p>Wenn euch dieser Beitrag gefallen hat, dann hinterlasst doch bitte einen wohlwollenden Kommentar und dr\u00fcckt auf \u201egef\u00e4llt mir\u201c oder noch besser: teilt diese Seite mit anderen Leuten, die das auch interessieren k\u00f6nnte!<\/p>\n","protected":false},"excerpt":{"rendered":"<p>Das war eine spannende Erfahrung! Selbstgemachtes Lippenbalsam mit Bienenwachs und aus nur 5 nat\u00fcrlichen Zutaten ganz einfach hergestellt! Ich bin wahnsinnig stolz auf mich und begeistert vom Ergebnis \ud83d\ude09 Das kinderleichte Rezept findet ihr auf unserem Laggenbiene-Blog &#8211; LINK in der Bio <\/p>\n","protected":false},"author":3,"featured_media":778,"comment_status":"open","ping_status":"open","sticky":false,"template":"","format":"standard","meta":{"jetpack_post_was_ever_published":false,"_jetpack_newsletter_access":"","jetpack_publicize_message":"","jetpack_is_tweetstorm":false,"jetpack_publicize_feature_enabled":true,"jetpack_social_post_already_shared":true,"jetpack_social_options":{"image_generator_settings":{"template":"highway","enabled":false}}},"categories":[150,104,149,81,151],"tags":[152],"jetpack_publicize_connections":[],"jetpack_featured_media_url":"http:\/\/imkerei-watermeyer.de\/wp-content\/uploads\/2019\/09\/dsc00693-1.jpg","jetpack_sharing_enabled":true,"jetpack_shortlink":"https:\/\/wp.me\/p9uDaz-cm","jetpack_likes_enabled":true,"jetpack-related-posts":[{"id":150,"url":"http:\/\/imkerei-watermeyer.de\/?p=150","url_meta":{"origin":766,"position":0},"title":"Biene zum Anfassen","author":"Homeraner","date":"Mai 13, 2015","format":false,"excerpt":"Heute war ich mal wieder an unseren Bienen.\u00a0Die Kontrolle der Drohnenr\u00e4hmchen und der Schwarmneigung standen an - und nat\u00fcrlich wirft man dabei auch schon einmal einen Blick in die oberste Etage der Beute, um zu kontrollieren, ob schon Honig eingetragen wurde. Zu den Drohnenr\u00e4hmchen werde ich die Tage noch einen\u2026","rel":"","context":"In &quot;Anatomie der Biene&quot;","block_context":{"text":"Anatomie der Biene","link":"http:\/\/imkerei-watermeyer.de\/?cat=11"},"img":{"alt_text":"","src":"https:\/\/i0.wp.com\/imkerei-watermeyer.de\/wp-content\/uploads\/2015\/05\/IMG_2130-300x225.jpg?resize=350%2C200","width":350,"height":200},"classes":[]},{"id":87,"url":"http:\/\/imkerei-watermeyer.de\/?p=87","url_meta":{"origin":766,"position":1},"title":"Ableger und Schw\u00e4rme","author":"Homeraner","date":"April 29, 2015","format":false,"excerpt":"Gestern hatten wir Versammlung von unserem \u00f6rtlichen Imkerverein. Neben all den organisatorischen Dingen, die im Vereinsleben in Deutschland so \u00fcblich sind, standen auch noch imkerspezifische Organisation und Erfahrungsaustausch auf der Tagesordnung. Zur imkerspezifischen Organisation geh\u00f6rt zu dieser Jahreszeit zum Beispiel, dass die gemeinschaftliche Milchs\u00e4urebestellung abgestimmt wird. Mit Milchs\u00e4ure werden die\u2026","rel":"","context":"In &quot;Bienenbilder&quot;","block_context":{"text":"Bienenbilder","link":"http:\/\/imkerei-watermeyer.de\/?cat=2"},"img":{"alt_text":"","src":"https:\/\/i0.wp.com\/imkerei-watermeyer.de\/wp-content\/uploads\/2015\/04\/e8f9d297c5c9ea878af2b96c6d0aa4b2-300x225.jpg?resize=350%2C200","width":350,"height":200},"classes":[]},{"id":348,"url":"http:\/\/imkerei-watermeyer.de\/?p=348","url_meta":{"origin":766,"position":2},"title":"Neues Etikett &#8211; Raesfelder Wabenquell","author":"Homeraner","date":"M\u00e4rz 17, 2017","format":false,"excerpt":"Schon lange war ich ungl\u00fccklich mit den auf dem Markt verf\u00fcgbaren Honigetiketten und das meiner Meinung nach zu biedere Etikett des Deutschen Imkerbunds kam f\u00fcr mich aufgrund seiner mangelnden Aussagekraft auch nicht in Frage. Ich wollte ein Etikett, dass die herausragenden Eigenschaften des Naturproduktes Imkerhonig widerspiegelt. Das Edle und Hochwertige.\u2026","rel":"","context":"In &quot;Honig-Vermarktung&quot;","block_context":{"text":"Honig-Vermarktung","link":"http:\/\/imkerei-watermeyer.de\/?cat=33"},"img":{"alt_text":"","src":"https:\/\/i0.wp.com\/imkerei-watermeyer.de\/wp-content\/uploads\/2017\/03\/Etikett.jpg?resize=350%2C200","width":350,"height":200,"srcset":"https:\/\/i0.wp.com\/imkerei-watermeyer.de\/wp-content\/uploads\/2017\/03\/Etikett.jpg?resize=350%2C200 1x, https:\/\/i0.wp.com\/imkerei-watermeyer.de\/wp-content\/uploads\/2017\/03\/Etikett.jpg?resize=700%2C400 2x, https:\/\/i0.wp.com\/imkerei-watermeyer.de\/wp-content\/uploads\/2017\/03\/Etikett.jpg?resize=1050%2C600 3x, https:\/\/i0.wp.com\/imkerei-watermeyer.de\/wp-content\/uploads\/2017\/03\/Etikett.jpg?resize=1400%2C800 4x"},"classes":[]},{"id":328,"url":"http:\/\/imkerei-watermeyer.de\/?p=328","url_meta":{"origin":766,"position":3},"title":"Lindenbl\u00fcte","author":"Homeraner","date":"Juni 30, 2016","format":false,"excerpt":"Derzeit steht eine der wichtigsten Trachtpflanzen f\u00fcr die Bienen in voller Bl\u00fcte. Die Linde. Das folgende Bild habe ich an der A2 an der Rastst\u00e4tte Bottrop aufgenommen als endlich mal wieder die Sonne raus kam. Reiner Lindenhonig aus dem Nektar der Bl\u00fcten ist ein sehr heller, kaum kristallisierender Honig und\u2026","rel":"","context":"In &quot;Bienenbilder&quot;","block_context":{"text":"Bienenbilder","link":"http:\/\/imkerei-watermeyer.de\/?cat=2"},"img":{"alt_text":"","src":"https:\/\/i0.wp.com\/imkerei-watermeyer.de\/wp-content\/uploads\/2016\/06\/img_1337.jpg?resize=350%2C200","width":350,"height":200,"srcset":"https:\/\/i0.wp.com\/imkerei-watermeyer.de\/wp-content\/uploads\/2016\/06\/img_1337.jpg?resize=350%2C200 1x, https:\/\/i0.wp.com\/imkerei-watermeyer.de\/wp-content\/uploads\/2016\/06\/img_1337.jpg?resize=700%2C400 2x, https:\/\/i0.wp.com\/imkerei-watermeyer.de\/wp-content\/uploads\/2016\/06\/img_1337.jpg?resize=1050%2C600 3x, https:\/\/i0.wp.com\/imkerei-watermeyer.de\/wp-content\/uploads\/2016\/06\/img_1337.jpg?resize=1400%2C800 4x"},"classes":[]},{"id":153,"url":"http:\/\/imkerei-watermeyer.de\/?p=153","url_meta":{"origin":766,"position":4},"title":"Vatertag bei den Bienen","author":"Homeraner","date":"Mai 14, 2015","format":false,"excerpt":"Zugegebenerma\u00dfen sind die Bilder, die ich euch heute vorstelle, schon gestern entstanden. Auf den Bildern k\u00f6nnt ihr beobachten, wie Drohnenbrut schl\u00fcpft. Waben mit Drohnenbrut erkennt ihr daran, dass die Waben mit einem Buckel verdeckelt sind, w\u00e4hrend die Waben mit Arbeiterinnenbrut glatt verdeckelt ist. Au\u00dferdem sind die Waben f\u00fcr die Drohnen\u2026","rel":"","context":"In &quot;Bienenbilder&quot;","block_context":{"text":"Bienenbilder","link":"http:\/\/imkerei-watermeyer.de\/?cat=2"},"img":{"alt_text":"","src":"https:\/\/i0.wp.com\/imkerei-watermeyer.de\/wp-content\/uploads\/2015\/05\/IMG_2124-300x225.jpg?resize=350%2C200","width":350,"height":200},"classes":[]},{"id":1289,"url":"http:\/\/imkerei-watermeyer.de\/?p=1289","url_meta":{"origin":766,"position":5},"title":"Titel \u00fcber Titel","author":"laggenbiene","date":"Juli 21, 2025","format":false,"excerpt":"Ich habe keine Ahnung, was mich dabei geritten hat, in 2024 mit Cees und C\u00e4sar an so vielen Ausstellungen teilzunehmen. In Kassel im Januar war ich noch alleine mit Cees. Es war eine erfolgreiche Ausstellung f\u00fcr uns. Cees wurde Best Of Breed und vor allem haben wir Silvia Bayer mit\u2026","rel":"","context":"In &quot;Ausstellungen&quot;","block_context":{"text":"Ausstellungen","link":"http:\/\/imkerei-watermeyer.de\/?cat=213"},"img":{"alt_text":"","src":"https:\/\/i0.wp.com\/imkerei-watermeyer.de\/wp-content\/uploads\/2025\/07\/img_6658.jpg?resize=350%2C200","width":350,"height":200,"srcset":"https:\/\/i0.wp.com\/imkerei-watermeyer.de\/wp-content\/uploads\/2025\/07\/img_6658.jpg?resize=350%2C200 1x, https:\/\/i0.wp.com\/imkerei-watermeyer.de\/wp-content\/uploads\/2025\/07\/img_6658.jpg?resize=700%2C400 2x, https:\/\/i0.wp.com\/imkerei-watermeyer.de\/wp-content\/uploads\/2025\/07\/img_6658.jpg?resize=1050%2C600 3x, https:\/\/i0.wp.com\/imkerei-watermeyer.de\/wp-content\/uploads\/2025\/07\/img_6658.jpg?resize=1400%2C800 4x"},"classes":[]}],"_links":{"self":[{"href":"http:\/\/imkerei-watermeyer.de\/index.php?rest_route=\/wp\/v2\/posts\/766"}],"collection":[{"href":"http:\/\/imkerei-watermeyer.de\/index.php?rest_route=\/wp\/v2\/posts"}],"about":[{"href":"http:\/\/imkerei-watermeyer.de\/index.php?rest_route=\/wp\/v2\/types\/post"}],"author":[{"embeddable":true,"href":"http:\/\/imkerei-watermeyer.de\/index.php?rest_route=\/wp\/v2\/users\/3"}],"replies":[{"embeddable":true,"href":"http:\/\/imkerei-watermeyer.de\/index.php?rest_route=%2Fwp%2Fv2%2Fcomments&post=766"}],"version-history":[{"count":6,"href":"http:\/\/imkerei-watermeyer.de\/index.php?rest_route=\/wp\/v2\/posts\/766\/revisions"}],"predecessor-version":[{"id":780,"href":"http:\/\/imkerei-watermeyer.de\/index.php?rest_route=\/wp\/v2\/posts\/766\/revisions\/780"}],"wp:featuredmedia":[{"embeddable":true,"href":"http:\/\/imkerei-watermeyer.de\/index.php?rest_route=\/wp\/v2\/media\/778"}],"wp:attachment":[{"href":"http:\/\/imkerei-watermeyer.de\/index.php?rest_route=%2Fwp%2Fv2%2Fmedia&parent=766"}],"wp:term":[{"taxonomy":"category","embeddable":true,"href":"http:\/\/imkerei-watermeyer.de\/index.php?rest_route=%2Fwp%2Fv2%2Fcategories&post=766"},{"taxonomy":"post_tag","embeddable":true,"href":"http:\/\/imkerei-watermeyer.de\/index.php?rest_route=%2Fwp%2Fv2%2Ftags&post=766"}],"curies":[{"name":"wp","href":"https:\/\/api.w.org\/{rel}","templated":true}]}}