{"id":708,"date":"2019-08-11T08:14:00","date_gmt":"2019-08-11T08:14:00","guid":{"rendered":"http:\/\/imkerei-watermeyer.de\/?p=708"},"modified":"2019-08-11T12:25:26","modified_gmt":"2019-08-11T12:25:26","slug":"das-nasse-dreieck-wandern-im-teutoburger-wald","status":"publish","type":"post","link":"http:\/\/imkerei-watermeyer.de\/?p=708","title":{"rendered":"Das Nasse Dreieck &#8211; Wandern im Teutoburger Wald"},"content":{"rendered":"\n<p>Wie wir in unserem &#8222;\u00dcber Uns&#8220;-Bereich geschrieben haben, genie\u00dfen wir es, unseren Rucksack mit Proviant zu packen, die Wanderschuhe anzuziehen und dann im Teutoburger Wald eine Runde zu wandern.<\/p>\n\n\n\n<p>Wir sind ja beide keine Ur-Laggenbecker. W\u00e4hrend ich aus dem flachen Westm\u00fcnsterland stamme, kommt Ina ja immerhin aus dem \u00f6stlichen Teil des Teutoburger Waldes. F\u00fcr mich war der Teutoburger Wald immer die Gegend rund um Detmold und das Herrmanns-Denkmal. Das der Teutoburger Wald aber schon viel weiter westlich kurz hinter Rheine schon beginnt, ahnte ich nicht. Selbst als ich irgendwann einmal die braunen Schilder an der Autobahn A30 wahrnahm, die auf das touristische Highlight &#8222;Teutoburger Wald&#8220; hinweisen, war mir nicht wirklich bewusst, dass der Teutoburger Wald schon so weit westlich beginnt.<\/p>\n\n\n\n<p>Seit 2017 nun wohnen wir hier in Laggenbeck mitten im Teutoburger Wald. Eine malerische Landschaft mit herrlichen Ausblicken auf das angrenzende flache M\u00fcnsterland. Nachdem wir unsere ersten Wanderungen im angrenzenden Bocketal unternommen hatten und auch schon an den <a href=\"https:\/\/de.wikipedia.org\/wiki\/D%C3%B6renther_Klippen\">D\u00f6renther Klippen<\/a> unterwegs waren, haben wir uns vorgenommen, auch einmal am &#8222;Nassen Dreieck&#8220; bei H\u00f6rstel wandern zu gehen.<\/p>\n\n\n\n<p>Das sogenannte &#8222;<a href=\"https:\/\/de.wikipedia.org\/wiki\/Nasses_Dreieck\">Nasse Dreieck<\/a>&#8220; befindet sich unmittelbar an der Autobahnabfahrt H\u00f6rstel an der A30 am westlichen Ausl\u00e4ufer des Teutoburger Waldes und hat seinen Namen von dem dortigen Wasserstra\u00dfendreieck, welches aus dem <a href=\"https:\/\/de.wikipedia.org\/wiki\/Dortmund-Ems-Kanal\">Dortmund-Ems-Kanal <\/a>und dem dort beginnenden <a href=\"https:\/\/de.wikipedia.org\/wiki\/Mittellandkanal#Bau_und_Geschichte\">Mittellandkanal<\/a> gebildet wird.  F\u00fcr die Binnenschifffahrt stellt dieses Dreieck einen der bedeutendsten Verkehrsknotenpunkte dar. Es ist die Verbindung von den Wasserwegen des Ruhrgebietes hin zu den Wasserwegen Mitteldeutschlands bis hin zu den Wasserstra\u00dfen Osteuropas.<\/p>\n\n\n\n<p>Gestern Morgen nun haben wir endlich unsere Absicht in die Tat umgesetzt und sind nach dem Fr\u00fchst\u00fcck losgezogen. Mit dem Auto sind wir bis zum Wanderparkplatz an der Stra\u00dfe Am Teutohang unweit des Denkmals zur M\u00f6llers-Br\u00fccke gefahren.<\/p>\n\n\n\n<figure class=\"wp-block-image\"><img data-attachment-id=\"734\" data-permalink=\"http:\/\/imkerei-watermeyer.de\/?attachment_id=734\" data-orig-file=\"http:\/\/imkerei-watermeyer.de\/wp-content\/uploads\/2019\/08\/img_5117-e1565512407948.jpg\" data-orig-size=\"2448,3264\" data-comments-opened=\"1\" data-image-meta=\"{&quot;aperture&quot;:&quot;2.2&quot;,&quot;credit&quot;:&quot;&quot;,&quot;camera&quot;:&quot;iPhone 6&quot;,&quot;caption&quot;:&quot;&quot;,&quot;created_timestamp&quot;:&quot;1565431998&quot;,&quot;copyright&quot;:&quot;&quot;,&quot;focal_length&quot;:&quot;4.15&quot;,&quot;iso&quot;:&quot;32&quot;,&quot;shutter_speed&quot;:&quot;0.00050505050505051&quot;,&quot;title&quot;:&quot;&quot;,&quot;orientation&quot;:&quot;6&quot;}\" data-image-title=\"Denkmal M\u00f6llers-Br\u00fccke\" data-image-description=\"\" data-image-caption=\"&lt;p&gt;Denkmal M\u00f6llers-Br\u00fccke am Nassen Dreieck&lt;\/p&gt;\n\" data-medium-file=\"http:\/\/imkerei-watermeyer.de\/wp-content\/uploads\/2019\/08\/img_5117-e1565512407948-225x300.jpg\" data-large-file=\"http:\/\/imkerei-watermeyer.de\/wp-content\/uploads\/2019\/08\/img_5117-e1565512407948-768x1024.jpg\" decoding=\"async\" loading=\"lazy\" width=\"768\" height=\"1024\" src=\"http:\/\/imkerei-watermeyer.de\/wp-content\/uploads\/2019\/08\/img_5117-e1565512407948-768x1024.jpg\" alt=\"\" class=\"wp-image-734\" srcset=\"http:\/\/imkerei-watermeyer.de\/wp-content\/uploads\/2019\/08\/img_5117-e1565512407948-768x1024.jpg 768w, http:\/\/imkerei-watermeyer.de\/wp-content\/uploads\/2019\/08\/img_5117-e1565512407948-225x300.jpg 225w, http:\/\/imkerei-watermeyer.de\/wp-content\/uploads\/2019\/08\/img_5117-e1565512407948-1140x1520.jpg 1140w\" sizes=\"(max-width: 768px) 100vw, 768px\" \/><figcaption>Denkmal M\u00f6llers-Br\u00fccke am Nassen Dreieck<\/figcaption><\/figure>\n\n\n\n<p>Von dort aus sind wir \u00fcber die Stra\u00dfe r\u00fcber und in den Teutoburger Wald hinein gestartet. Der sehr schmale und augenscheinlich nur selten begangene Weg f\u00fchrte in westliche Richtung in Richtung des Kanal-Dreiecks. <\/p>\n\n\n\n<figure class=\"wp-block-image\"><img data-attachment-id=\"735\" data-permalink=\"http:\/\/imkerei-watermeyer.de\/?attachment_id=735\" data-orig-file=\"http:\/\/imkerei-watermeyer.de\/wp-content\/uploads\/2019\/08\/img_5118-e1565512706439.jpg\" data-orig-size=\"2448,3264\" data-comments-opened=\"1\" data-image-meta=\"{&quot;aperture&quot;:&quot;2.2&quot;,&quot;credit&quot;:&quot;&quot;,&quot;camera&quot;:&quot;iPhone 6&quot;,&quot;caption&quot;:&quot;&quot;,&quot;created_timestamp&quot;:&quot;1565432267&quot;,&quot;copyright&quot;:&quot;&quot;,&quot;focal_length&quot;:&quot;4.15&quot;,&quot;iso&quot;:&quot;32&quot;,&quot;shutter_speed&quot;:&quot;0.0086206896551724&quot;,&quot;title&quot;:&quot;&quot;,&quot;orientation&quot;:&quot;6&quot;}\" data-image-title=\"Weg zum Nassen Dreieck\" data-image-description=\"\" data-image-caption=\"&lt;p&gt;Unser Einstieg in den Herrmannsweg in Richtung Nasses Dreieck&lt;\/p&gt;\n\" data-medium-file=\"http:\/\/imkerei-watermeyer.de\/wp-content\/uploads\/2019\/08\/img_5118-e1565512706439-225x300.jpg\" data-large-file=\"http:\/\/imkerei-watermeyer.de\/wp-content\/uploads\/2019\/08\/img_5118-e1565512706439-768x1024.jpg\" decoding=\"async\" loading=\"lazy\" width=\"768\" height=\"1024\" src=\"http:\/\/imkerei-watermeyer.de\/wp-content\/uploads\/2019\/08\/img_5118-e1565512706439-768x1024.jpg\" alt=\"\" class=\"wp-image-735\" srcset=\"http:\/\/imkerei-watermeyer.de\/wp-content\/uploads\/2019\/08\/img_5118-e1565512706439-768x1024.jpg 768w, http:\/\/imkerei-watermeyer.de\/wp-content\/uploads\/2019\/08\/img_5118-e1565512706439-225x300.jpg 225w, http:\/\/imkerei-watermeyer.de\/wp-content\/uploads\/2019\/08\/img_5118-e1565512706439-1140x1520.jpg 1140w\" sizes=\"(max-width: 768px) 100vw, 768px\" \/><figcaption>Unser Einstieg in den Herrmannsweg in Richtung Nasses Dreieck<\/figcaption><\/figure>\n\n\n\n<p>Oberhalb der Wasserwege gibt es einen herrlichen Ausblick, der die Sicht in Richtung westliches M\u00fcnsterland \u00f6ffnet und auch der Kirchturm der <a href=\"https:\/\/de.wikipedia.org\/wiki\/St.-Antonius-Basilika_(Rheine)\">St. Antonius-Basilika in Rheine<\/a> war zu sehen. \u00dcber den dort angebrachten Terra-Vista-Infopunkt kann man mithilfe des QR-Codes und dem Smartphone noch einiges mehr \u00fcber den Ausblick erfahren.<\/p>\n\n\n\n<ul data-carousel-extra='{\"blog_id\":1,\"permalink\":\"http:\\\/\\\/imkerei-watermeyer.de\\\/?p=708\"}'  class=\"wp-block-gallery columns-3 is-cropped wp-block-gallery-1 is-layout-flex\"><li class=\"blocks-gallery-item\"><figure><img data-attachment-id=\"717\" data-permalink=\"http:\/\/imkerei-watermeyer.de\/?attachment_id=717\" data-orig-file=\"http:\/\/imkerei-watermeyer.de\/wp-content\/uploads\/2019\/08\/dsc00498.jpg\" data-orig-size=\"5184,3888\" data-comments-opened=\"1\" data-image-meta=\"{&quot;aperture&quot;:&quot;3.5&quot;,&quot;credit&quot;:&quot;&quot;,&quot;camera&quot;:&quot;DSC-HX400V&quot;,&quot;caption&quot;:&quot;&quot;,&quot;created_timestamp&quot;:&quot;1565433085&quot;,&quot;copyright&quot;:&quot;&quot;,&quot;focal_length&quot;:&quot;12.22&quot;,&quot;iso&quot;:&quot;80&quot;,&quot;shutter_speed&quot;:&quot;0.0025&quot;,&quot;title&quot;:&quot;&quot;,&quot;orientation&quot;:&quot;1&quot;}\" data-image-title=\"Terra-Vista-Infopunkt\" data-image-description=\"\" data-image-caption=\"&lt;p&gt;Terra-Vista-Infopunkt am Ausblick oberhalb des Nassen Dreiecks&lt;\/p&gt;\n\" data-medium-file=\"http:\/\/imkerei-watermeyer.de\/wp-content\/uploads\/2019\/08\/dsc00498-300x225.jpg\" data-large-file=\"http:\/\/imkerei-watermeyer.de\/wp-content\/uploads\/2019\/08\/dsc00498-1024x768.jpg\" decoding=\"async\" loading=\"lazy\" width=\"1024\" height=\"768\" src=\"http:\/\/imkerei-watermeyer.de\/wp-content\/uploads\/2019\/08\/dsc00498-1024x768.jpg\" alt=\"\" data-id=\"717\" data-link=\"http:\/\/imkerei-watermeyer.de\/?attachment_id=717\" class=\"wp-image-717\" srcset=\"http:\/\/imkerei-watermeyer.de\/wp-content\/uploads\/2019\/08\/dsc00498-1024x768.jpg 1024w, http:\/\/imkerei-watermeyer.de\/wp-content\/uploads\/2019\/08\/dsc00498-300x225.jpg 300w, http:\/\/imkerei-watermeyer.de\/wp-content\/uploads\/2019\/08\/dsc00498-768x576.jpg 768w, http:\/\/imkerei-watermeyer.de\/wp-content\/uploads\/2019\/08\/dsc00498-1140x855.jpg 1140w\" sizes=\"(max-width: 1024px) 100vw, 1024px\" \/><figcaption>Terra-Vista-Infopunkt am Ausblick oberhalb des Nassen Dreiecks<\/figcaption><\/figure><\/li><li class=\"blocks-gallery-item\"><figure><img data-attachment-id=\"715\" data-permalink=\"http:\/\/imkerei-watermeyer.de\/?attachment_id=715\" data-orig-file=\"http:\/\/imkerei-watermeyer.de\/wp-content\/uploads\/2019\/08\/dsc00542.jpg\" data-orig-size=\"5184,3888\" data-comments-opened=\"1\" data-image-meta=\"{&quot;aperture&quot;:&quot;5&quot;,&quot;credit&quot;:&quot;&quot;,&quot;camera&quot;:&quot;DSC-HX400V&quot;,&quot;caption&quot;:&quot;&quot;,&quot;created_timestamp&quot;:&quot;1565439742&quot;,&quot;copyright&quot;:&quot;&quot;,&quot;focal_length&quot;:&quot;60.5&quot;,&quot;iso&quot;:&quot;80&quot;,&quot;shutter_speed&quot;:&quot;0.0025&quot;,&quot;title&quot;:&quot;&quot;,&quot;orientation&quot;:&quot;1&quot;}\" data-image-title=\"Blick auf Rheine\" data-image-description=\"\" data-image-caption=\"&lt;p&gt;Blick in Richtung Rheine vom Aussichtspunk Nasses Dreieck&lt;\/p&gt;\n\" data-medium-file=\"http:\/\/imkerei-watermeyer.de\/wp-content\/uploads\/2019\/08\/dsc00542-300x225.jpg\" data-large-file=\"http:\/\/imkerei-watermeyer.de\/wp-content\/uploads\/2019\/08\/dsc00542-1024x768.jpg\" decoding=\"async\" loading=\"lazy\" width=\"1024\" height=\"768\" src=\"http:\/\/imkerei-watermeyer.de\/wp-content\/uploads\/2019\/08\/dsc00542-1024x768.jpg\" alt=\"\" data-id=\"715\" data-link=\"http:\/\/imkerei-watermeyer.de\/?attachment_id=715\" class=\"wp-image-715\" srcset=\"http:\/\/imkerei-watermeyer.de\/wp-content\/uploads\/2019\/08\/dsc00542-1024x768.jpg 1024w, http:\/\/imkerei-watermeyer.de\/wp-content\/uploads\/2019\/08\/dsc00542-300x225.jpg 300w, http:\/\/imkerei-watermeyer.de\/wp-content\/uploads\/2019\/08\/dsc00542-768x576.jpg 768w, http:\/\/imkerei-watermeyer.de\/wp-content\/uploads\/2019\/08\/dsc00542-1140x855.jpg 1140w\" sizes=\"(max-width: 1024px) 100vw, 1024px\" \/><figcaption>Blick in Richtung Rheine vom Aussichtspunk Nasses Dreieck<\/figcaption><\/figure><\/li><li class=\"blocks-gallery-item\"><figure><img data-attachment-id=\"726\" data-permalink=\"http:\/\/imkerei-watermeyer.de\/?attachment_id=726\" data-orig-file=\"http:\/\/imkerei-watermeyer.de\/wp-content\/uploads\/2019\/08\/dsc00499-e1565513955276.jpg\" data-orig-size=\"3888,5184\" data-comments-opened=\"1\" data-image-meta=\"{&quot;aperture&quot;:&quot;3.2&quot;,&quot;credit&quot;:&quot;&quot;,&quot;camera&quot;:&quot;DSC-HX400V&quot;,&quot;caption&quot;:&quot;&quot;,&quot;created_timestamp&quot;:&quot;1565433095&quot;,&quot;copyright&quot;:&quot;&quot;,&quot;focal_length&quot;:&quot;5.11&quot;,&quot;iso&quot;:&quot;80&quot;,&quot;shutter_speed&quot;:&quot;0.01&quot;,&quot;title&quot;:&quot;&quot;,&quot;orientation&quot;:&quot;8&quot;}\" data-image-title=\"Friedenskreuz am Aussichtspunkt Nasses Dreieck\" data-image-description=\"\" data-image-caption=\"&lt;p&gt;Friedenskreuz am Aussichtspunkt oberhalb des Nassen Dreiecks&lt;\/p&gt;\n\" data-medium-file=\"http:\/\/imkerei-watermeyer.de\/wp-content\/uploads\/2019\/08\/dsc00499-e1565513955276-225x300.jpg\" data-large-file=\"http:\/\/imkerei-watermeyer.de\/wp-content\/uploads\/2019\/08\/dsc00499-e1565513955276-768x1024.jpg\" decoding=\"async\" loading=\"lazy\" width=\"768\" height=\"1024\" src=\"http:\/\/imkerei-watermeyer.de\/wp-content\/uploads\/2019\/08\/dsc00499-e1565513955276-768x1024.jpg\" alt=\"\" data-id=\"726\" data-link=\"http:\/\/imkerei-watermeyer.de\/?attachment_id=726\" class=\"wp-image-726\" srcset=\"http:\/\/imkerei-watermeyer.de\/wp-content\/uploads\/2019\/08\/dsc00499-e1565513955276-768x1024.jpg 768w, http:\/\/imkerei-watermeyer.de\/wp-content\/uploads\/2019\/08\/dsc00499-e1565513955276-225x300.jpg 225w, http:\/\/imkerei-watermeyer.de\/wp-content\/uploads\/2019\/08\/dsc00499-e1565513955276-1140x1520.jpg 1140w\" sizes=\"(max-width: 768px) 100vw, 768px\" \/><figcaption>Friedenskreuz am Aussichtspunkt oberhalb des Nassen Dreiecks<\/figcaption><\/figure><\/li><li class=\"blocks-gallery-item\"><figure><img data-attachment-id=\"724\" data-permalink=\"http:\/\/imkerei-watermeyer.de\/?attachment_id=724\" data-orig-file=\"http:\/\/imkerei-watermeyer.de\/wp-content\/uploads\/2019\/08\/dsc00505.jpg\" data-orig-size=\"5184,3888\" data-comments-opened=\"1\" data-image-meta=\"{&quot;aperture&quot;:&quot;4&quot;,&quot;credit&quot;:&quot;&quot;,&quot;camera&quot;:&quot;DSC-HX400V&quot;,&quot;caption&quot;:&quot;&quot;,&quot;created_timestamp&quot;:&quot;1565433192&quot;,&quot;copyright&quot;:&quot;&quot;,&quot;focal_length&quot;:&quot;17.9&quot;,&quot;iso&quot;:&quot;80&quot;,&quot;shutter_speed&quot;:&quot;0.002&quot;,&quot;title&quot;:&quot;&quot;,&quot;orientation&quot;:&quot;1&quot;}\" data-image-title=\"Das Nasse Dreieck\" data-image-description=\"\" data-image-caption=\"&lt;p&gt;Blick vom Aussichtspunkt oberhalb auf das Nasse Dreieck&lt;\/p&gt;\n\" data-medium-file=\"http:\/\/imkerei-watermeyer.de\/wp-content\/uploads\/2019\/08\/dsc00505-300x225.jpg\" data-large-file=\"http:\/\/imkerei-watermeyer.de\/wp-content\/uploads\/2019\/08\/dsc00505-1024x768.jpg\" decoding=\"async\" loading=\"lazy\" width=\"1024\" height=\"768\" src=\"http:\/\/imkerei-watermeyer.de\/wp-content\/uploads\/2019\/08\/dsc00505-1024x768.jpg\" alt=\"\" data-id=\"724\" data-link=\"http:\/\/imkerei-watermeyer.de\/?attachment_id=724\" class=\"wp-image-724\" srcset=\"http:\/\/imkerei-watermeyer.de\/wp-content\/uploads\/2019\/08\/dsc00505-1024x768.jpg 1024w, http:\/\/imkerei-watermeyer.de\/wp-content\/uploads\/2019\/08\/dsc00505-300x225.jpg 300w, http:\/\/imkerei-watermeyer.de\/wp-content\/uploads\/2019\/08\/dsc00505-768x576.jpg 768w, http:\/\/imkerei-watermeyer.de\/wp-content\/uploads\/2019\/08\/dsc00505-1140x855.jpg 1140w\" sizes=\"(max-width: 1024px) 100vw, 1024px\" \/><figcaption>Blick vom Aussichtspunkt oberhalb auf das Nasse Dreieck<\/figcaption><\/figure><\/li><\/ul>\n\n\n\n<p>Da wir einen Rundkurs gehen wollten, f\u00fchrte unser weiterer Weg von dort aus in \u00f6stliche Richtung am Hang der H\u00fcgel entlang. <\/p>\n\n\n\n<figure class=\"wp-block-image\"><img data-attachment-id=\"732\" data-permalink=\"http:\/\/imkerei-watermeyer.de\/?attachment_id=732\" data-orig-file=\"http:\/\/imkerei-watermeyer.de\/wp-content\/uploads\/2019\/08\/image.png\" data-orig-size=\"868,691\" data-comments-opened=\"1\" data-image-meta=\"{&quot;aperture&quot;:&quot;0&quot;,&quot;credit&quot;:&quot;&quot;,&quot;camera&quot;:&quot;&quot;,&quot;caption&quot;:&quot;&quot;,&quot;created_timestamp&quot;:&quot;0&quot;,&quot;copyright&quot;:&quot;&quot;,&quot;focal_length&quot;:&quot;0&quot;,&quot;iso&quot;:&quot;0&quot;,&quot;shutter_speed&quot;:&quot;0&quot;,&quot;title&quot;:&quot;&quot;,&quot;orientation&quot;:&quot;0&quot;}\" data-image-title=\"Karte unserer Wanderung am Nassen Dreieck\" data-image-description=\"\" data-image-caption=\"&lt;p&gt;\u00dcbersichtskarte der von uns genutzten App Komoot mit der von uns zur\u00fcckgelegten Strecke&lt;\/p&gt;\n\" data-medium-file=\"http:\/\/imkerei-watermeyer.de\/wp-content\/uploads\/2019\/08\/image-300x239.png\" data-large-file=\"http:\/\/imkerei-watermeyer.de\/wp-content\/uploads\/2019\/08\/image.png\" decoding=\"async\" loading=\"lazy\" width=\"868\" height=\"691\" src=\"http:\/\/imkerei-watermeyer.de\/wp-content\/uploads\/2019\/08\/image.png\" alt=\"\" class=\"wp-image-732\" srcset=\"http:\/\/imkerei-watermeyer.de\/wp-content\/uploads\/2019\/08\/image.png 868w, http:\/\/imkerei-watermeyer.de\/wp-content\/uploads\/2019\/08\/image-300x239.png 300w, http:\/\/imkerei-watermeyer.de\/wp-content\/uploads\/2019\/08\/image-768x611.png 768w\" sizes=\"(max-width: 868px) 100vw, 868px\" \/><figcaption> <a href=\"https:\/\/www.komoot.de\/tour\/85119114?ref=itd#previewMap\">https:\/\/www.komoot.de\/tour\/85119114?ref=itd#previewMap<\/a> <\/figcaption><\/figure>\n\n\n\n<p>Nach einem Schlenker nach Norden f\u00fchrte der Weg dann \u00fcber den Klosterweg nach S\u00fcden zum zweiten Aussichtspunkt dieser Wanderung. Dieser Aussichtspunkt tr\u00e4gt sinnigerweise den Namen &#8222;Sch\u00f6ne Aussicht&#8220; und wird liebevoll von den ortsans\u00e4ssigen Heimatvereinen gepflegt. Auf deren Internetpr\u00e4senz kann man so einiges \u00fcber die Geschichte dieses Ortes lesen:  <a href=\"http:\/\/www.heimatvereine-hoerstel.de\/schoene-aussicht.html\">http:\/\/www.heimatvereine-hoerstel.de\/schoene-aussicht.html<\/a> <\/p>\n\n\n\n<p>Wie am Aussichtspunkt oberhalb des &#8222;Nassen Dreiecks&#8220; gibt es auch hier einen Terra-Vista-Infopunkt.<\/p>\n\n\n\n<ul data-carousel-extra='{\"blog_id\":1,\"permalink\":\"http:\\\/\\\/imkerei-watermeyer.de\\\/?p=708\"}'  class=\"wp-block-gallery columns-3 is-cropped wp-block-gallery-3 is-layout-flex\"><li class=\"blocks-gallery-item\"><figure><img data-attachment-id=\"722\" data-permalink=\"http:\/\/imkerei-watermeyer.de\/?attachment_id=722\" data-orig-file=\"http:\/\/imkerei-watermeyer.de\/wp-content\/uploads\/2019\/08\/dsc00533.jpg\" data-orig-size=\"5184,3888\" data-comments-opened=\"1\" data-image-meta=\"{&quot;aperture&quot;:&quot;3.2&quot;,&quot;credit&quot;:&quot;&quot;,&quot;camera&quot;:&quot;DSC-HX400V&quot;,&quot;caption&quot;:&quot;&quot;,&quot;created_timestamp&quot;:&quot;1565439588&quot;,&quot;copyright&quot;:&quot;&quot;,&quot;focal_length&quot;:&quot;4.3&quot;,&quot;iso&quot;:&quot;80&quot;,&quot;shutter_speed&quot;:&quot;0.0015625&quot;,&quot;title&quot;:&quot;&quot;,&quot;orientation&quot;:&quot;1&quot;}\" data-image-title=\"Aussichtspunkt Sch\u00f6ne Aussicht\" data-image-description=\"\" data-image-caption=\"&lt;p&gt;Der Aussichtspunkt Sch\u00f6ne Aussicht oberhalb von Riesenbeck&lt;\/p&gt;\n\" data-medium-file=\"http:\/\/imkerei-watermeyer.de\/wp-content\/uploads\/2019\/08\/dsc00533-300x225.jpg\" data-large-file=\"http:\/\/imkerei-watermeyer.de\/wp-content\/uploads\/2019\/08\/dsc00533-1024x768.jpg\" decoding=\"async\" loading=\"lazy\" width=\"1024\" height=\"768\" src=\"http:\/\/imkerei-watermeyer.de\/wp-content\/uploads\/2019\/08\/dsc00533-1024x768.jpg\" alt=\"\" data-id=\"722\" data-link=\"http:\/\/imkerei-watermeyer.de\/?attachment_id=722\" class=\"wp-image-722\" srcset=\"http:\/\/imkerei-watermeyer.de\/wp-content\/uploads\/2019\/08\/dsc00533-1024x768.jpg 1024w, http:\/\/imkerei-watermeyer.de\/wp-content\/uploads\/2019\/08\/dsc00533-300x225.jpg 300w, http:\/\/imkerei-watermeyer.de\/wp-content\/uploads\/2019\/08\/dsc00533-768x576.jpg 768w, http:\/\/imkerei-watermeyer.de\/wp-content\/uploads\/2019\/08\/dsc00533-1140x855.jpg 1140w\" sizes=\"(max-width: 1024px) 100vw, 1024px\" \/><figcaption>Der Aussichtspunkt &#8222;Sch\u00f6ne Aussicht&#8220;<\/figcaption><\/figure><\/li><li class=\"blocks-gallery-item\"><figure><img data-attachment-id=\"720\" data-permalink=\"http:\/\/imkerei-watermeyer.de\/?attachment_id=720\" data-orig-file=\"http:\/\/imkerei-watermeyer.de\/wp-content\/uploads\/2019\/08\/dsc00534.jpg\" data-orig-size=\"5184,3888\" data-comments-opened=\"1\" data-image-meta=\"{&quot;aperture&quot;:&quot;3.2&quot;,&quot;credit&quot;:&quot;&quot;,&quot;camera&quot;:&quot;DSC-HX400V&quot;,&quot;caption&quot;:&quot;&quot;,&quot;created_timestamp&quot;:&quot;1565439612&quot;,&quot;copyright&quot;:&quot;&quot;,&quot;focal_length&quot;:&quot;4.3&quot;,&quot;iso&quot;:&quot;80&quot;,&quot;shutter_speed&quot;:&quot;0.0015625&quot;,&quot;title&quot;:&quot;&quot;,&quot;orientation&quot;:&quot;1&quot;}\" data-image-title=\"Richtungsweiser am Aussichtspunkt Sch\u00f6ne Aussicht\" data-image-description=\"\" data-image-caption=\"&lt;p&gt;Richtungsweiser am Aussichtspunkt Sch\u00f6ne Aussicht&lt;\/p&gt;\n\" data-medium-file=\"http:\/\/imkerei-watermeyer.de\/wp-content\/uploads\/2019\/08\/dsc00534-300x225.jpg\" data-large-file=\"http:\/\/imkerei-watermeyer.de\/wp-content\/uploads\/2019\/08\/dsc00534-1024x768.jpg\" decoding=\"async\" loading=\"lazy\" width=\"1024\" height=\"768\" src=\"http:\/\/imkerei-watermeyer.de\/wp-content\/uploads\/2019\/08\/dsc00534-1024x768.jpg\" alt=\"\" data-id=\"720\" data-link=\"http:\/\/imkerei-watermeyer.de\/?attachment_id=720\" class=\"wp-image-720\" srcset=\"http:\/\/imkerei-watermeyer.de\/wp-content\/uploads\/2019\/08\/dsc00534-1024x768.jpg 1024w, http:\/\/imkerei-watermeyer.de\/wp-content\/uploads\/2019\/08\/dsc00534-300x225.jpg 300w, http:\/\/imkerei-watermeyer.de\/wp-content\/uploads\/2019\/08\/dsc00534-768x576.jpg 768w, http:\/\/imkerei-watermeyer.de\/wp-content\/uploads\/2019\/08\/dsc00534-1140x855.jpg 1140w\" sizes=\"(max-width: 1024px) 100vw, 1024px\" \/><figcaption>Richtungsweiser am Aussichtspunkt &#8222;Sch\u00f6ne Aussicht&#8220;<\/figcaption><\/figure><\/li><li class=\"blocks-gallery-item\"><figure><img data-attachment-id=\"710\" data-permalink=\"http:\/\/imkerei-watermeyer.de\/?attachment_id=710\" data-orig-file=\"http:\/\/imkerei-watermeyer.de\/wp-content\/uploads\/2019\/08\/dsc00543.jpg\" data-orig-size=\"5184,3888\" data-comments-opened=\"1\" data-image-meta=\"{&quot;aperture&quot;:&quot;5&quot;,&quot;credit&quot;:&quot;&quot;,&quot;camera&quot;:&quot;DSC-HX400V&quot;,&quot;caption&quot;:&quot;&quot;,&quot;created_timestamp&quot;:&quot;1565439755&quot;,&quot;copyright&quot;:&quot;&quot;,&quot;focal_length&quot;:&quot;60.5&quot;,&quot;iso&quot;:&quot;80&quot;,&quot;shutter_speed&quot;:&quot;0.0025&quot;,&quot;title&quot;:&quot;&quot;,&quot;orientation&quot;:&quot;1&quot;}\" data-image-title=\"Blick in Richtung M\u00fcnster\" data-image-description=\"\" data-image-caption=\"&lt;p&gt;Blick in Richtung M\u00fcnster vom Aussichtspunkt Sch\u00f6ne Aussicht. In der Bildmitte die beiden Bettent\u00fcrme der Uniklinik&lt;\/p&gt;\n\" data-medium-file=\"http:\/\/imkerei-watermeyer.de\/wp-content\/uploads\/2019\/08\/dsc00543-300x225.jpg\" data-large-file=\"http:\/\/imkerei-watermeyer.de\/wp-content\/uploads\/2019\/08\/dsc00543-1024x768.jpg\" decoding=\"async\" loading=\"lazy\" width=\"1024\" height=\"768\" src=\"http:\/\/imkerei-watermeyer.de\/wp-content\/uploads\/2019\/08\/dsc00543-1024x768.jpg\" alt=\"\" data-id=\"710\" data-link=\"http:\/\/imkerei-watermeyer.de\/?attachment_id=710\" class=\"wp-image-710\" srcset=\"http:\/\/imkerei-watermeyer.de\/wp-content\/uploads\/2019\/08\/dsc00543-1024x768.jpg 1024w, http:\/\/imkerei-watermeyer.de\/wp-content\/uploads\/2019\/08\/dsc00543-300x225.jpg 300w, http:\/\/imkerei-watermeyer.de\/wp-content\/uploads\/2019\/08\/dsc00543-768x576.jpg 768w, http:\/\/imkerei-watermeyer.de\/wp-content\/uploads\/2019\/08\/dsc00543-1140x855.jpg 1140w\" sizes=\"(max-width: 1024px) 100vw, 1024px\" \/><figcaption>Blick vom Aussichtspunkt &#8222;Sch\u00f6ne Aussicht&#8220; in Richtung M\u00fcnster. Zwischen den Windr\u00e4dern sind die Bettent\u00fcrme der Uniklinik zu sehen.<\/figcaption><\/figure><\/li><\/ul>\n\n\n\n<p>Vom Aussichtspunkt aus wanderten wir den mit 256 Stufen versehenen Weg nach unten nach Riesenbeck, da wir noch etwas am Kanal lang wandern wollten.  Unten angekommen gingen wir daher an der Stra\u00dfe Am Teutohang entlang und kamen wieder zum Dortmund-Ems-Kanal.<\/p>\n\n\n\n<figure class=\"wp-block-image\"><img data-attachment-id=\"721\" data-permalink=\"http:\/\/imkerei-watermeyer.de\/?attachment_id=721\" data-orig-file=\"http:\/\/imkerei-watermeyer.de\/wp-content\/uploads\/2019\/08\/dsc00551.jpg\" data-orig-size=\"5184,3888\" data-comments-opened=\"1\" data-image-meta=\"{&quot;aperture&quot;:&quot;3.2&quot;,&quot;credit&quot;:&quot;&quot;,&quot;camera&quot;:&quot;DSC-HX400V&quot;,&quot;caption&quot;:&quot;&quot;,&quot;created_timestamp&quot;:&quot;1565441391&quot;,&quot;copyright&quot;:&quot;&quot;,&quot;focal_length&quot;:&quot;5.67&quot;,&quot;iso&quot;:&quot;80&quot;,&quot;shutter_speed&quot;:&quot;0.0025&quot;,&quot;title&quot;:&quot;&quot;,&quot;orientation&quot;:&quot;1&quot;}\" data-image-title=\"Schiff auf dem Dortmund-Ems-Kanal\" data-image-description=\"\" data-image-caption=\"&lt;p&gt;Schiff auf dem Dortmund-Ems-Kanal&lt;\/p&gt;\n\" data-medium-file=\"http:\/\/imkerei-watermeyer.de\/wp-content\/uploads\/2019\/08\/dsc00551-300x225.jpg\" data-large-file=\"http:\/\/imkerei-watermeyer.de\/wp-content\/uploads\/2019\/08\/dsc00551-1024x768.jpg\" decoding=\"async\" loading=\"lazy\" width=\"1024\" height=\"768\" src=\"http:\/\/imkerei-watermeyer.de\/wp-content\/uploads\/2019\/08\/dsc00551-1024x768.jpg\" alt=\"\" class=\"wp-image-721\" srcset=\"http:\/\/imkerei-watermeyer.de\/wp-content\/uploads\/2019\/08\/dsc00551-1024x768.jpg 1024w, http:\/\/imkerei-watermeyer.de\/wp-content\/uploads\/2019\/08\/dsc00551-300x225.jpg 300w, http:\/\/imkerei-watermeyer.de\/wp-content\/uploads\/2019\/08\/dsc00551-768x576.jpg 768w, http:\/\/imkerei-watermeyer.de\/wp-content\/uploads\/2019\/08\/dsc00551-1140x855.jpg 1140w\" sizes=\"(max-width: 1024px) 100vw, 1024px\" \/><figcaption>Schiff auf dem Dortmund-Ems-Kanal<\/figcaption><\/figure>\n\n\n\n<p>Am Kanal entlang kamen wir wieder zum Auto zur\u00fcck. Da wir uns noch die Fu\u00dfg\u00e4ngerbr\u00fccke und die alte Schleuse am Dortmund-Ems-Kanal anschauen wollten, wechselten wir mit dem Auto auf die andere Kanalseite und gingen dort wieder an den Kanal.<\/p>\n\n\n\n<p>Die flache Stahl-Konstruktion der alten Fu\u00dfg\u00e4ngerbr\u00fccke ist wirklich imposant und ich pers\u00f6nlich f\u00fchlte mich hier direkt an das Computerspiel <a href=\"https:\/\/de.wikipedia.org\/wiki\/Bridge_Builder\">Bridge Builder<\/a>  aus meiner Studienzeit erinnert.<\/p>\n\n\n\n<ul data-carousel-extra='{\"blog_id\":1,\"permalink\":\"http:\\\/\\\/imkerei-watermeyer.de\\\/?p=708\"}'  class=\"wp-block-gallery columns-2 is-cropped wp-block-gallery-5 is-layout-flex\"><li class=\"blocks-gallery-item\"><figure><img data-attachment-id=\"716\" data-permalink=\"http:\/\/imkerei-watermeyer.de\/?attachment_id=716\" data-orig-file=\"http:\/\/imkerei-watermeyer.de\/wp-content\/uploads\/2019\/08\/dsc00574-e1565513844671.jpg\" data-orig-size=\"3888,5184\" data-comments-opened=\"1\" data-image-meta=\"{&quot;aperture&quot;:&quot;4&quot;,&quot;credit&quot;:&quot;&quot;,&quot;camera&quot;:&quot;DSC-HX400V&quot;,&quot;caption&quot;:&quot;&quot;,&quot;created_timestamp&quot;:&quot;1565442866&quot;,&quot;copyright&quot;:&quot;&quot;,&quot;focal_length&quot;:&quot;15.64&quot;,&quot;iso&quot;:&quot;80&quot;,&quot;shutter_speed&quot;:&quot;0.002&quot;,&quot;title&quot;:&quot;&quot;,&quot;orientation&quot;:&quot;8&quot;}\" data-image-title=\"Alte Fu\u00dfg\u00e4ngerbr\u00fccke Dortmund-Ems-Kanal\" data-image-description=\"\" data-image-caption=\"&lt;p&gt;Alte Fu\u00dfg\u00e4ngerbr\u00fccke \u00fcber den Dortmund-Ems-Kanal&lt;\/p&gt;\n\" data-medium-file=\"http:\/\/imkerei-watermeyer.de\/wp-content\/uploads\/2019\/08\/dsc00574-e1565513844671-225x300.jpg\" data-large-file=\"http:\/\/imkerei-watermeyer.de\/wp-content\/uploads\/2019\/08\/dsc00574-e1565513844671-768x1024.jpg\" decoding=\"async\" loading=\"lazy\" width=\"768\" height=\"1024\" src=\"http:\/\/imkerei-watermeyer.de\/wp-content\/uploads\/2019\/08\/dsc00574-e1565513844671-768x1024.jpg\" alt=\"\" data-id=\"716\" data-link=\"http:\/\/imkerei-watermeyer.de\/?attachment_id=716\" class=\"wp-image-716\" srcset=\"http:\/\/imkerei-watermeyer.de\/wp-content\/uploads\/2019\/08\/dsc00574-e1565513844671-768x1024.jpg 768w, http:\/\/imkerei-watermeyer.de\/wp-content\/uploads\/2019\/08\/dsc00574-e1565513844671-225x300.jpg 225w, http:\/\/imkerei-watermeyer.de\/wp-content\/uploads\/2019\/08\/dsc00574-e1565513844671-1140x1520.jpg 1140w\" sizes=\"(max-width: 768px) 100vw, 768px\" \/><figcaption>Alte Fu\u00dfg\u00e4ngerbr\u00fccke \u00fcber den Dortmund-Ems-Kanal<\/figcaption><\/figure><\/li><li class=\"blocks-gallery-item\"><figure><img data-attachment-id=\"714\" data-permalink=\"http:\/\/imkerei-watermeyer.de\/?attachment_id=714\" data-orig-file=\"http:\/\/imkerei-watermeyer.de\/wp-content\/uploads\/2019\/08\/dsc00576-e1565513682699.jpg\" data-orig-size=\"3888,5184\" data-comments-opened=\"1\" data-image-meta=\"{&quot;aperture&quot;:&quot;3.2&quot;,&quot;credit&quot;:&quot;&quot;,&quot;camera&quot;:&quot;DSC-HX400V&quot;,&quot;caption&quot;:&quot;&quot;,&quot;created_timestamp&quot;:&quot;1565442970&quot;,&quot;copyright&quot;:&quot;&quot;,&quot;focal_length&quot;:&quot;4.3&quot;,&quot;iso&quot;:&quot;80&quot;,&quot;shutter_speed&quot;:&quot;0.002&quot;,&quot;title&quot;:&quot;&quot;,&quot;orientation&quot;:&quot;8&quot;}\" data-image-title=\"Alte Fu\u00dfg\u00e4ngerbr\u00fccke Dortmund-Ems-Kanal\" data-image-description=\"\" data-image-caption=\"&lt;p&gt;Alte Fu\u00dfg\u00e4ngerbr\u00fccke \u00fcber den Dortmund-Ems-Kanal&lt;\/p&gt;\n\" data-medium-file=\"http:\/\/imkerei-watermeyer.de\/wp-content\/uploads\/2019\/08\/dsc00576-e1565513682699-225x300.jpg\" data-large-file=\"http:\/\/imkerei-watermeyer.de\/wp-content\/uploads\/2019\/08\/dsc00576-e1565513682699-768x1024.jpg\" decoding=\"async\" loading=\"lazy\" width=\"768\" height=\"1024\" src=\"http:\/\/imkerei-watermeyer.de\/wp-content\/uploads\/2019\/08\/dsc00576-e1565513682699-768x1024.jpg\" alt=\"\" data-id=\"714\" data-link=\"http:\/\/imkerei-watermeyer.de\/?attachment_id=714\" class=\"wp-image-714\" srcset=\"http:\/\/imkerei-watermeyer.de\/wp-content\/uploads\/2019\/08\/dsc00576-e1565513682699-768x1024.jpg 768w, http:\/\/imkerei-watermeyer.de\/wp-content\/uploads\/2019\/08\/dsc00576-e1565513682699-225x300.jpg 225w, http:\/\/imkerei-watermeyer.de\/wp-content\/uploads\/2019\/08\/dsc00576-e1565513682699-1140x1520.jpg 1140w\" sizes=\"(max-width: 768px) 100vw, 768px\" \/><figcaption>Alte Fu\u00dfg\u00e4ngerbr\u00fccke \u00fcber den Dortmund-Ems-Kanal<\/figcaption><\/figure><\/li><\/ul>\n\n\n\n<p>Auf dem R\u00fcckweg nach Laggenbeck sind wir dann noch im <a href=\"https:\/\/de.wikipedia.org\/wiki\/Kloster_Gravenhorst\">Kloster Gravenhorst<\/a> eingekehrt. Denn neben der Ruhe im Kopf schenkt einem eine Wanderung durch den Teutoburger Wald vor allem auch noch eines &#8211; Appetit ;-)!<\/p>\n\n\n\n<figure class=\"wp-block-image\"><img data-attachment-id=\"737\" data-permalink=\"http:\/\/imkerei-watermeyer.de\/?attachment_id=737\" data-orig-file=\"http:\/\/imkerei-watermeyer.de\/wp-content\/uploads\/2019\/08\/img_5123.jpg\" data-orig-size=\"3264,2448\" data-comments-opened=\"1\" data-image-meta=\"{&quot;aperture&quot;:&quot;2.2&quot;,&quot;credit&quot;:&quot;&quot;,&quot;camera&quot;:&quot;iPhone 6&quot;,&quot;caption&quot;:&quot;&quot;,&quot;created_timestamp&quot;:&quot;1565443858&quot;,&quot;copyright&quot;:&quot;&quot;,&quot;focal_length&quot;:&quot;4.15&quot;,&quot;iso&quot;:&quot;32&quot;,&quot;shutter_speed&quot;:&quot;0.00075815011372252&quot;,&quot;title&quot;:&quot;&quot;,&quot;orientation&quot;:&quot;1&quot;}\" data-image-title=\"Kloster Gravenhorst\" data-image-description=\"\" data-image-caption=\"&lt;p&gt;Kloster Gravenhorst&lt;\/p&gt;\n\" data-medium-file=\"http:\/\/imkerei-watermeyer.de\/wp-content\/uploads\/2019\/08\/img_5123-300x225.jpg\" data-large-file=\"http:\/\/imkerei-watermeyer.de\/wp-content\/uploads\/2019\/08\/img_5123-1024x768.jpg\" decoding=\"async\" loading=\"lazy\" width=\"1024\" height=\"768\" src=\"http:\/\/imkerei-watermeyer.de\/wp-content\/uploads\/2019\/08\/img_5123-1024x768.jpg\" alt=\"\" class=\"wp-image-737\" srcset=\"http:\/\/imkerei-watermeyer.de\/wp-content\/uploads\/2019\/08\/img_5123-1024x768.jpg 1024w, http:\/\/imkerei-watermeyer.de\/wp-content\/uploads\/2019\/08\/img_5123-300x225.jpg 300w, http:\/\/imkerei-watermeyer.de\/wp-content\/uploads\/2019\/08\/img_5123-768x576.jpg 768w, http:\/\/imkerei-watermeyer.de\/wp-content\/uploads\/2019\/08\/img_5123-1140x855.jpg 1140w\" sizes=\"(max-width: 1024px) 100vw, 1024px\" \/><figcaption>Kloster Gravenhorst<\/figcaption><\/figure>\n\n\n\n<p>Hier unsere Bildergalerie zur Wanderung am Nassen Dreieck:<\/p>\n\n\n\n<ul data-carousel-extra='{\"blog_id\":1,\"permalink\":\"http:\\\/\\\/imkerei-watermeyer.de\\\/?p=708\"}'  class=\"wp-block-gallery columns-3 is-cropped wp-block-gallery-7 is-layout-flex\"><li class=\"blocks-gallery-item\"><figure><img data-attachment-id=\"734\" data-permalink=\"http:\/\/imkerei-watermeyer.de\/?attachment_id=734\" data-orig-file=\"http:\/\/imkerei-watermeyer.de\/wp-content\/uploads\/2019\/08\/img_5117-e1565512407948.jpg\" data-orig-size=\"2448,3264\" data-comments-opened=\"1\" data-image-meta=\"{&quot;aperture&quot;:&quot;2.2&quot;,&quot;credit&quot;:&quot;&quot;,&quot;camera&quot;:&quot;iPhone 6&quot;,&quot;caption&quot;:&quot;&quot;,&quot;created_timestamp&quot;:&quot;1565431998&quot;,&quot;copyright&quot;:&quot;&quot;,&quot;focal_length&quot;:&quot;4.15&quot;,&quot;iso&quot;:&quot;32&quot;,&quot;shutter_speed&quot;:&quot;0.00050505050505051&quot;,&quot;title&quot;:&quot;&quot;,&quot;orientation&quot;:&quot;6&quot;}\" data-image-title=\"Denkmal M\u00f6llers-Br\u00fccke\" data-image-description=\"\" data-image-caption=\"&lt;p&gt;Denkmal M\u00f6llers-Br\u00fccke am Nassen Dreieck&lt;\/p&gt;\n\" data-medium-file=\"http:\/\/imkerei-watermeyer.de\/wp-content\/uploads\/2019\/08\/img_5117-e1565512407948-225x300.jpg\" data-large-file=\"http:\/\/imkerei-watermeyer.de\/wp-content\/uploads\/2019\/08\/img_5117-e1565512407948-768x1024.jpg\" decoding=\"async\" loading=\"lazy\" width=\"768\" height=\"1024\" src=\"http:\/\/imkerei-watermeyer.de\/wp-content\/uploads\/2019\/08\/img_5117-e1565512407948-768x1024.jpg\" alt=\"\" data-id=\"734\" data-link=\"http:\/\/imkerei-watermeyer.de\/?attachment_id=734\" class=\"wp-image-734\" srcset=\"http:\/\/imkerei-watermeyer.de\/wp-content\/uploads\/2019\/08\/img_5117-e1565512407948-768x1024.jpg 768w, http:\/\/imkerei-watermeyer.de\/wp-content\/uploads\/2019\/08\/img_5117-e1565512407948-225x300.jpg 225w, http:\/\/imkerei-watermeyer.de\/wp-content\/uploads\/2019\/08\/img_5117-e1565512407948-1140x1520.jpg 1140w\" sizes=\"(max-width: 768px) 100vw, 768px\" \/><figcaption>Denkmal M\u00f6llers-Br\u00fccke am Nassen Dreieck<\/figcaption><\/figure><\/li><li class=\"blocks-gallery-item\"><figure><img data-attachment-id=\"735\" data-permalink=\"http:\/\/imkerei-watermeyer.de\/?attachment_id=735\" data-orig-file=\"http:\/\/imkerei-watermeyer.de\/wp-content\/uploads\/2019\/08\/img_5118-e1565512706439.jpg\" data-orig-size=\"2448,3264\" data-comments-opened=\"1\" data-image-meta=\"{&quot;aperture&quot;:&quot;2.2&quot;,&quot;credit&quot;:&quot;&quot;,&quot;camera&quot;:&quot;iPhone 6&quot;,&quot;caption&quot;:&quot;&quot;,&quot;created_timestamp&quot;:&quot;1565432267&quot;,&quot;copyright&quot;:&quot;&quot;,&quot;focal_length&quot;:&quot;4.15&quot;,&quot;iso&quot;:&quot;32&quot;,&quot;shutter_speed&quot;:&quot;0.0086206896551724&quot;,&quot;title&quot;:&quot;&quot;,&quot;orientation&quot;:&quot;6&quot;}\" data-image-title=\"Weg zum Nassen Dreieck\" data-image-description=\"\" data-image-caption=\"&lt;p&gt;Unser Einstieg in den Herrmannsweg in Richtung Nasses Dreieck&lt;\/p&gt;\n\" data-medium-file=\"http:\/\/imkerei-watermeyer.de\/wp-content\/uploads\/2019\/08\/img_5118-e1565512706439-225x300.jpg\" data-large-file=\"http:\/\/imkerei-watermeyer.de\/wp-content\/uploads\/2019\/08\/img_5118-e1565512706439-768x1024.jpg\" decoding=\"async\" loading=\"lazy\" width=\"768\" height=\"1024\" src=\"http:\/\/imkerei-watermeyer.de\/wp-content\/uploads\/2019\/08\/img_5118-e1565512706439-768x1024.jpg\" alt=\"\" data-id=\"735\" data-link=\"http:\/\/imkerei-watermeyer.de\/?attachment_id=735\" class=\"wp-image-735\" srcset=\"http:\/\/imkerei-watermeyer.de\/wp-content\/uploads\/2019\/08\/img_5118-e1565512706439-768x1024.jpg 768w, http:\/\/imkerei-watermeyer.de\/wp-content\/uploads\/2019\/08\/img_5118-e1565512706439-225x300.jpg 225w, http:\/\/imkerei-watermeyer.de\/wp-content\/uploads\/2019\/08\/img_5118-e1565512706439-1140x1520.jpg 1140w\" sizes=\"(max-width: 768px) 100vw, 768px\" \/><figcaption>Unser Einstieg in den Herrmannsweg in Richtung Nasses Dreieck<\/figcaption><\/figure><\/li><li class=\"blocks-gallery-item\"><figure><img data-attachment-id=\"724\" data-permalink=\"http:\/\/imkerei-watermeyer.de\/?attachment_id=724\" data-orig-file=\"http:\/\/imkerei-watermeyer.de\/wp-content\/uploads\/2019\/08\/dsc00505.jpg\" data-orig-size=\"5184,3888\" data-comments-opened=\"1\" data-image-meta=\"{&quot;aperture&quot;:&quot;4&quot;,&quot;credit&quot;:&quot;&quot;,&quot;camera&quot;:&quot;DSC-HX400V&quot;,&quot;caption&quot;:&quot;&quot;,&quot;created_timestamp&quot;:&quot;1565433192&quot;,&quot;copyright&quot;:&quot;&quot;,&quot;focal_length&quot;:&quot;17.9&quot;,&quot;iso&quot;:&quot;80&quot;,&quot;shutter_speed&quot;:&quot;0.002&quot;,&quot;title&quot;:&quot;&quot;,&quot;orientation&quot;:&quot;1&quot;}\" data-image-title=\"Das Nasse Dreieck\" data-image-description=\"\" data-image-caption=\"&lt;p&gt;Blick vom Aussichtspunkt oberhalb auf das Nasse Dreieck&lt;\/p&gt;\n\" data-medium-file=\"http:\/\/imkerei-watermeyer.de\/wp-content\/uploads\/2019\/08\/dsc00505-300x225.jpg\" data-large-file=\"http:\/\/imkerei-watermeyer.de\/wp-content\/uploads\/2019\/08\/dsc00505-1024x768.jpg\" decoding=\"async\" loading=\"lazy\" width=\"1024\" height=\"768\" src=\"http:\/\/imkerei-watermeyer.de\/wp-content\/uploads\/2019\/08\/dsc00505-1024x768.jpg\" alt=\"\" data-id=\"724\" data-link=\"http:\/\/imkerei-watermeyer.de\/?attachment_id=724\" class=\"wp-image-724\" srcset=\"http:\/\/imkerei-watermeyer.de\/wp-content\/uploads\/2019\/08\/dsc00505-1024x768.jpg 1024w, http:\/\/imkerei-watermeyer.de\/wp-content\/uploads\/2019\/08\/dsc00505-300x225.jpg 300w, http:\/\/imkerei-watermeyer.de\/wp-content\/uploads\/2019\/08\/dsc00505-768x576.jpg 768w, http:\/\/imkerei-watermeyer.de\/wp-content\/uploads\/2019\/08\/dsc00505-1140x855.jpg 1140w\" sizes=\"(max-width: 1024px) 100vw, 1024px\" \/><figcaption>Blick vom Aussichtspunkt oberhalb auf das Nasse Dreieck<\/figcaption><\/figure><\/li><li class=\"blocks-gallery-item\"><figure><img data-attachment-id=\"726\" data-permalink=\"http:\/\/imkerei-watermeyer.de\/?attachment_id=726\" data-orig-file=\"http:\/\/imkerei-watermeyer.de\/wp-content\/uploads\/2019\/08\/dsc00499-e1565513955276.jpg\" data-orig-size=\"3888,5184\" data-comments-opened=\"1\" data-image-meta=\"{&quot;aperture&quot;:&quot;3.2&quot;,&quot;credit&quot;:&quot;&quot;,&quot;camera&quot;:&quot;DSC-HX400V&quot;,&quot;caption&quot;:&quot;&quot;,&quot;created_timestamp&quot;:&quot;1565433095&quot;,&quot;copyright&quot;:&quot;&quot;,&quot;focal_length&quot;:&quot;5.11&quot;,&quot;iso&quot;:&quot;80&quot;,&quot;shutter_speed&quot;:&quot;0.01&quot;,&quot;title&quot;:&quot;&quot;,&quot;orientation&quot;:&quot;8&quot;}\" data-image-title=\"Friedenskreuz am Aussichtspunkt Nasses Dreieck\" data-image-description=\"\" data-image-caption=\"&lt;p&gt;Friedenskreuz am Aussichtspunkt oberhalb des Nassen Dreiecks&lt;\/p&gt;\n\" data-medium-file=\"http:\/\/imkerei-watermeyer.de\/wp-content\/uploads\/2019\/08\/dsc00499-e1565513955276-225x300.jpg\" data-large-file=\"http:\/\/imkerei-watermeyer.de\/wp-content\/uploads\/2019\/08\/dsc00499-e1565513955276-768x1024.jpg\" decoding=\"async\" loading=\"lazy\" width=\"768\" height=\"1024\" src=\"http:\/\/imkerei-watermeyer.de\/wp-content\/uploads\/2019\/08\/dsc00499-e1565513955276-768x1024.jpg\" alt=\"\" data-id=\"726\" data-link=\"http:\/\/imkerei-watermeyer.de\/?attachment_id=726\" class=\"wp-image-726\" srcset=\"http:\/\/imkerei-watermeyer.de\/wp-content\/uploads\/2019\/08\/dsc00499-e1565513955276-768x1024.jpg 768w, http:\/\/imkerei-watermeyer.de\/wp-content\/uploads\/2019\/08\/dsc00499-e1565513955276-225x300.jpg 225w, http:\/\/imkerei-watermeyer.de\/wp-content\/uploads\/2019\/08\/dsc00499-e1565513955276-1140x1520.jpg 1140w\" sizes=\"(max-width: 768px) 100vw, 768px\" \/><figcaption>Friedenskreuz am Aussichtspunkt oberhalb des Nassen Dreiecks<\/figcaption><\/figure><\/li><li class=\"blocks-gallery-item\"><figure><img data-attachment-id=\"715\" data-permalink=\"http:\/\/imkerei-watermeyer.de\/?attachment_id=715\" data-orig-file=\"http:\/\/imkerei-watermeyer.de\/wp-content\/uploads\/2019\/08\/dsc00542.jpg\" data-orig-size=\"5184,3888\" data-comments-opened=\"1\" data-image-meta=\"{&quot;aperture&quot;:&quot;5&quot;,&quot;credit&quot;:&quot;&quot;,&quot;camera&quot;:&quot;DSC-HX400V&quot;,&quot;caption&quot;:&quot;&quot;,&quot;created_timestamp&quot;:&quot;1565439742&quot;,&quot;copyright&quot;:&quot;&quot;,&quot;focal_length&quot;:&quot;60.5&quot;,&quot;iso&quot;:&quot;80&quot;,&quot;shutter_speed&quot;:&quot;0.0025&quot;,&quot;title&quot;:&quot;&quot;,&quot;orientation&quot;:&quot;1&quot;}\" data-image-title=\"Blick auf Rheine\" data-image-description=\"\" data-image-caption=\"&lt;p&gt;Blick in Richtung Rheine vom Aussichtspunk Nasses Dreieck&lt;\/p&gt;\n\" data-medium-file=\"http:\/\/imkerei-watermeyer.de\/wp-content\/uploads\/2019\/08\/dsc00542-300x225.jpg\" data-large-file=\"http:\/\/imkerei-watermeyer.de\/wp-content\/uploads\/2019\/08\/dsc00542-1024x768.jpg\" decoding=\"async\" loading=\"lazy\" width=\"1024\" height=\"768\" src=\"http:\/\/imkerei-watermeyer.de\/wp-content\/uploads\/2019\/08\/dsc00542-1024x768.jpg\" alt=\"\" data-id=\"715\" data-link=\"http:\/\/imkerei-watermeyer.de\/?attachment_id=715\" class=\"wp-image-715\" srcset=\"http:\/\/imkerei-watermeyer.de\/wp-content\/uploads\/2019\/08\/dsc00542-1024x768.jpg 1024w, http:\/\/imkerei-watermeyer.de\/wp-content\/uploads\/2019\/08\/dsc00542-300x225.jpg 300w, http:\/\/imkerei-watermeyer.de\/wp-content\/uploads\/2019\/08\/dsc00542-768x576.jpg 768w, http:\/\/imkerei-watermeyer.de\/wp-content\/uploads\/2019\/08\/dsc00542-1140x855.jpg 1140w\" sizes=\"(max-width: 1024px) 100vw, 1024px\" \/><figcaption>Blick in Richtung Rheine vom Aussichtspunk Nasses Dreieck<\/figcaption><\/figure><\/li><li class=\"blocks-gallery-item\"><figure><img data-attachment-id=\"717\" data-permalink=\"http:\/\/imkerei-watermeyer.de\/?attachment_id=717\" data-orig-file=\"http:\/\/imkerei-watermeyer.de\/wp-content\/uploads\/2019\/08\/dsc00498.jpg\" data-orig-size=\"5184,3888\" data-comments-opened=\"1\" data-image-meta=\"{&quot;aperture&quot;:&quot;3.5&quot;,&quot;credit&quot;:&quot;&quot;,&quot;camera&quot;:&quot;DSC-HX400V&quot;,&quot;caption&quot;:&quot;&quot;,&quot;created_timestamp&quot;:&quot;1565433085&quot;,&quot;copyright&quot;:&quot;&quot;,&quot;focal_length&quot;:&quot;12.22&quot;,&quot;iso&quot;:&quot;80&quot;,&quot;shutter_speed&quot;:&quot;0.0025&quot;,&quot;title&quot;:&quot;&quot;,&quot;orientation&quot;:&quot;1&quot;}\" data-image-title=\"Terra-Vista-Infopunkt\" data-image-description=\"\" data-image-caption=\"&lt;p&gt;Terra-Vista-Infopunkt am Ausblick oberhalb des Nassen Dreiecks&lt;\/p&gt;\n\" data-medium-file=\"http:\/\/imkerei-watermeyer.de\/wp-content\/uploads\/2019\/08\/dsc00498-300x225.jpg\" data-large-file=\"http:\/\/imkerei-watermeyer.de\/wp-content\/uploads\/2019\/08\/dsc00498-1024x768.jpg\" decoding=\"async\" loading=\"lazy\" width=\"1024\" height=\"768\" src=\"http:\/\/imkerei-watermeyer.de\/wp-content\/uploads\/2019\/08\/dsc00498-1024x768.jpg\" alt=\"\" data-id=\"717\" data-link=\"http:\/\/imkerei-watermeyer.de\/?attachment_id=717\" class=\"wp-image-717\" srcset=\"http:\/\/imkerei-watermeyer.de\/wp-content\/uploads\/2019\/08\/dsc00498-1024x768.jpg 1024w, http:\/\/imkerei-watermeyer.de\/wp-content\/uploads\/2019\/08\/dsc00498-300x225.jpg 300w, http:\/\/imkerei-watermeyer.de\/wp-content\/uploads\/2019\/08\/dsc00498-768x576.jpg 768w, http:\/\/imkerei-watermeyer.de\/wp-content\/uploads\/2019\/08\/dsc00498-1140x855.jpg 1140w\" sizes=\"(max-width: 1024px) 100vw, 1024px\" \/><figcaption>Terra-Vista-Infopunkt am Ausblick oberhalb des Nassen Dreiecks<\/figcaption><\/figure><\/li><li class=\"blocks-gallery-item\"><figure><img data-attachment-id=\"725\" data-permalink=\"http:\/\/imkerei-watermeyer.de\/?attachment_id=725\" data-orig-file=\"http:\/\/imkerei-watermeyer.de\/wp-content\/uploads\/2019\/08\/dsc00509.jpg\" data-orig-size=\"5184,3888\" data-comments-opened=\"1\" data-image-meta=\"{&quot;aperture&quot;:&quot;4&quot;,&quot;credit&quot;:&quot;&quot;,&quot;camera&quot;:&quot;DSC-HX400V&quot;,&quot;caption&quot;:&quot;&quot;,&quot;created_timestamp&quot;:&quot;1565433464&quot;,&quot;copyright&quot;:&quot;&quot;,&quot;focal_length&quot;:&quot;15.13&quot;,&quot;iso&quot;:&quot;640&quot;,&quot;shutter_speed&quot;:&quot;0.01&quot;,&quot;title&quot;:&quot;&quot;,&quot;orientation&quot;:&quot;1&quot;}\" data-image-title=\"Wegweiser in Richtung Herrmannsweg\" data-image-description=\"\" data-image-caption=\"&lt;p&gt;Wegweiser in Richtung Herrmannsweg&lt;\/p&gt;\n\" data-medium-file=\"http:\/\/imkerei-watermeyer.de\/wp-content\/uploads\/2019\/08\/dsc00509-300x225.jpg\" data-large-file=\"http:\/\/imkerei-watermeyer.de\/wp-content\/uploads\/2019\/08\/dsc00509-1024x768.jpg\" decoding=\"async\" loading=\"lazy\" width=\"1024\" height=\"768\" src=\"http:\/\/imkerei-watermeyer.de\/wp-content\/uploads\/2019\/08\/dsc00509-1024x768.jpg\" alt=\"\" data-id=\"725\" data-link=\"http:\/\/imkerei-watermeyer.de\/?attachment_id=725\" class=\"wp-image-725\" srcset=\"http:\/\/imkerei-watermeyer.de\/wp-content\/uploads\/2019\/08\/dsc00509-1024x768.jpg 1024w, http:\/\/imkerei-watermeyer.de\/wp-content\/uploads\/2019\/08\/dsc00509-300x225.jpg 300w, http:\/\/imkerei-watermeyer.de\/wp-content\/uploads\/2019\/08\/dsc00509-768x576.jpg 768w, http:\/\/imkerei-watermeyer.de\/wp-content\/uploads\/2019\/08\/dsc00509-1140x855.jpg 1140w\" sizes=\"(max-width: 1024px) 100vw, 1024px\" \/><figcaption>Wegweiser in Richtung Herrmannsweg<\/figcaption><\/figure><\/li><li class=\"blocks-gallery-item\"><figure><img data-attachment-id=\"727\" data-permalink=\"http:\/\/imkerei-watermeyer.de\/?attachment_id=727\" data-orig-file=\"http:\/\/imkerei-watermeyer.de\/wp-content\/uploads\/2019\/08\/dsc00522.jpg\" data-orig-size=\"5184,3888\" data-comments-opened=\"1\" data-image-meta=\"{&quot;aperture&quot;:&quot;4&quot;,&quot;credit&quot;:&quot;&quot;,&quot;camera&quot;:&quot;DSC-HX400V&quot;,&quot;caption&quot;:&quot;&quot;,&quot;created_timestamp&quot;:&quot;1565436696&quot;,&quot;copyright&quot;:&quot;&quot;,&quot;focal_length&quot;:&quot;13.76&quot;,&quot;iso&quot;:&quot;320&quot;,&quot;shutter_speed&quot;:&quot;0.0125&quot;,&quot;title&quot;:&quot;&quot;,&quot;orientation&quot;:&quot;1&quot;}\" data-image-title=\"Wegmarke am Klosterweg\" data-image-description=\"\" data-image-caption=\"&lt;p&gt;Wegmarke am Klosterweg zwischen Riesenbeck und Gravenhorst&lt;\/p&gt;\n\" data-medium-file=\"http:\/\/imkerei-watermeyer.de\/wp-content\/uploads\/2019\/08\/dsc00522-300x225.jpg\" data-large-file=\"http:\/\/imkerei-watermeyer.de\/wp-content\/uploads\/2019\/08\/dsc00522-1024x768.jpg\" decoding=\"async\" loading=\"lazy\" width=\"1024\" height=\"768\" src=\"http:\/\/imkerei-watermeyer.de\/wp-content\/uploads\/2019\/08\/dsc00522-1024x768.jpg\" alt=\"\" data-id=\"727\" data-link=\"http:\/\/imkerei-watermeyer.de\/?attachment_id=727\" class=\"wp-image-727\" srcset=\"http:\/\/imkerei-watermeyer.de\/wp-content\/uploads\/2019\/08\/dsc00522-1024x768.jpg 1024w, http:\/\/imkerei-watermeyer.de\/wp-content\/uploads\/2019\/08\/dsc00522-300x225.jpg 300w, http:\/\/imkerei-watermeyer.de\/wp-content\/uploads\/2019\/08\/dsc00522-768x576.jpg 768w, http:\/\/imkerei-watermeyer.de\/wp-content\/uploads\/2019\/08\/dsc00522-1140x855.jpg 1140w\" sizes=\"(max-width: 1024px) 100vw, 1024px\" \/><figcaption>Wegmarke am Klosterweg zwischen Riesenbeck und Gravenhorst<\/figcaption><\/figure><\/li><li class=\"blocks-gallery-item\"><figure><img data-attachment-id=\"729\" data-permalink=\"http:\/\/imkerei-watermeyer.de\/?attachment_id=729\" data-orig-file=\"http:\/\/imkerei-watermeyer.de\/wp-content\/uploads\/2019\/08\/dsc00527-e1565514105361.jpg\" data-orig-size=\"3888,5184\" data-comments-opened=\"1\" data-image-meta=\"{&quot;aperture&quot;:&quot;3.2&quot;,&quot;credit&quot;:&quot;&quot;,&quot;camera&quot;:&quot;DSC-HX400V&quot;,&quot;caption&quot;:&quot;&quot;,&quot;created_timestamp&quot;:&quot;1565437219&quot;,&quot;copyright&quot;:&quot;&quot;,&quot;focal_length&quot;:&quot;7.47&quot;,&quot;iso&quot;:&quot;80&quot;,&quot;shutter_speed&quot;:&quot;0.01&quot;,&quot;title&quot;:&quot;&quot;,&quot;orientation&quot;:&quot;6&quot;}\" data-image-title=\"Kiefernwald am Klosterweg\" data-image-description=\"\" data-image-caption=\"&lt;p&gt;Kiefernwald am Klosterweg&lt;\/p&gt;\n\" data-medium-file=\"http:\/\/imkerei-watermeyer.de\/wp-content\/uploads\/2019\/08\/dsc00527-e1565514105361-225x300.jpg\" data-large-file=\"http:\/\/imkerei-watermeyer.de\/wp-content\/uploads\/2019\/08\/dsc00527-e1565514105361-768x1024.jpg\" decoding=\"async\" loading=\"lazy\" width=\"768\" height=\"1024\" src=\"http:\/\/imkerei-watermeyer.de\/wp-content\/uploads\/2019\/08\/dsc00527-e1565514105361-768x1024.jpg\" alt=\"\" data-id=\"729\" data-link=\"http:\/\/imkerei-watermeyer.de\/?attachment_id=729\" class=\"wp-image-729\" srcset=\"http:\/\/imkerei-watermeyer.de\/wp-content\/uploads\/2019\/08\/dsc00527-e1565514105361-768x1024.jpg 768w, http:\/\/imkerei-watermeyer.de\/wp-content\/uploads\/2019\/08\/dsc00527-e1565514105361-225x300.jpg 225w, http:\/\/imkerei-watermeyer.de\/wp-content\/uploads\/2019\/08\/dsc00527-e1565514105361-1140x1520.jpg 1140w\" sizes=\"(max-width: 768px) 100vw, 768px\" \/><figcaption>Kiefernwald am Klosterweg<\/figcaption><\/figure><\/li><li class=\"blocks-gallery-item\"><figure><img data-attachment-id=\"723\" data-permalink=\"http:\/\/imkerei-watermeyer.de\/?attachment_id=723\" data-orig-file=\"http:\/\/imkerei-watermeyer.de\/wp-content\/uploads\/2019\/08\/dsc00528.jpg\" data-orig-size=\"5184,3888\" data-comments-opened=\"1\" data-image-meta=\"{&quot;aperture&quot;:&quot;3.2&quot;,&quot;credit&quot;:&quot;&quot;,&quot;camera&quot;:&quot;DSC-HX400V&quot;,&quot;caption&quot;:&quot;&quot;,&quot;created_timestamp&quot;:&quot;1565438336&quot;,&quot;copyright&quot;:&quot;&quot;,&quot;focal_length&quot;:&quot;4.3&quot;,&quot;iso&quot;:&quot;80&quot;,&quot;shutter_speed&quot;:&quot;0.008&quot;,&quot;title&quot;:&quot;&quot;,&quot;orientation&quot;:&quot;1&quot;}\" data-image-title=\"Gedenkkreuz am Wegesrand\" data-image-description=\"\" data-image-caption=\"&lt;p&gt;Gedenkkreuz am Wegesrand&lt;\/p&gt;\n\" data-medium-file=\"http:\/\/imkerei-watermeyer.de\/wp-content\/uploads\/2019\/08\/dsc00528-300x225.jpg\" data-large-file=\"http:\/\/imkerei-watermeyer.de\/wp-content\/uploads\/2019\/08\/dsc00528-1024x768.jpg\" decoding=\"async\" loading=\"lazy\" width=\"1024\" height=\"768\" src=\"http:\/\/imkerei-watermeyer.de\/wp-content\/uploads\/2019\/08\/dsc00528-1024x768.jpg\" alt=\"\" data-id=\"723\" data-link=\"http:\/\/imkerei-watermeyer.de\/?attachment_id=723\" class=\"wp-image-723\" srcset=\"http:\/\/imkerei-watermeyer.de\/wp-content\/uploads\/2019\/08\/dsc00528-1024x768.jpg 1024w, http:\/\/imkerei-watermeyer.de\/wp-content\/uploads\/2019\/08\/dsc00528-300x225.jpg 300w, http:\/\/imkerei-watermeyer.de\/wp-content\/uploads\/2019\/08\/dsc00528-768x576.jpg 768w, http:\/\/imkerei-watermeyer.de\/wp-content\/uploads\/2019\/08\/dsc00528-1140x855.jpg 1140w\" sizes=\"(max-width: 1024px) 100vw, 1024px\" \/><figcaption>Gedenkkreuz am Wegesrand<\/figcaption><\/figure><\/li><li class=\"blocks-gallery-item\"><figure><img data-attachment-id=\"722\" data-permalink=\"http:\/\/imkerei-watermeyer.de\/?attachment_id=722\" data-orig-file=\"http:\/\/imkerei-watermeyer.de\/wp-content\/uploads\/2019\/08\/dsc00533.jpg\" data-orig-size=\"5184,3888\" data-comments-opened=\"1\" data-image-meta=\"{&quot;aperture&quot;:&quot;3.2&quot;,&quot;credit&quot;:&quot;&quot;,&quot;camera&quot;:&quot;DSC-HX400V&quot;,&quot;caption&quot;:&quot;&quot;,&quot;created_timestamp&quot;:&quot;1565439588&quot;,&quot;copyright&quot;:&quot;&quot;,&quot;focal_length&quot;:&quot;4.3&quot;,&quot;iso&quot;:&quot;80&quot;,&quot;shutter_speed&quot;:&quot;0.0015625&quot;,&quot;title&quot;:&quot;&quot;,&quot;orientation&quot;:&quot;1&quot;}\" data-image-title=\"Aussichtspunkt Sch\u00f6ne Aussicht\" data-image-description=\"\" data-image-caption=\"&lt;p&gt;Der Aussichtspunkt Sch\u00f6ne Aussicht oberhalb von Riesenbeck&lt;\/p&gt;\n\" data-medium-file=\"http:\/\/imkerei-watermeyer.de\/wp-content\/uploads\/2019\/08\/dsc00533-300x225.jpg\" data-large-file=\"http:\/\/imkerei-watermeyer.de\/wp-content\/uploads\/2019\/08\/dsc00533-1024x768.jpg\" decoding=\"async\" loading=\"lazy\" width=\"1024\" height=\"768\" src=\"http:\/\/imkerei-watermeyer.de\/wp-content\/uploads\/2019\/08\/dsc00533-1024x768.jpg\" alt=\"\" data-id=\"722\" data-link=\"http:\/\/imkerei-watermeyer.de\/?attachment_id=722\" class=\"wp-image-722\" srcset=\"http:\/\/imkerei-watermeyer.de\/wp-content\/uploads\/2019\/08\/dsc00533-1024x768.jpg 1024w, http:\/\/imkerei-watermeyer.de\/wp-content\/uploads\/2019\/08\/dsc00533-300x225.jpg 300w, http:\/\/imkerei-watermeyer.de\/wp-content\/uploads\/2019\/08\/dsc00533-768x576.jpg 768w, http:\/\/imkerei-watermeyer.de\/wp-content\/uploads\/2019\/08\/dsc00533-1140x855.jpg 1140w\" sizes=\"(max-width: 1024px) 100vw, 1024px\" \/><figcaption>Der Aussichtspunkt Sch\u00f6ne Aussicht oberhalb von Riesenbeck<\/figcaption><\/figure><\/li><li class=\"blocks-gallery-item\"><figure><img data-attachment-id=\"720\" data-permalink=\"http:\/\/imkerei-watermeyer.de\/?attachment_id=720\" data-orig-file=\"http:\/\/imkerei-watermeyer.de\/wp-content\/uploads\/2019\/08\/dsc00534.jpg\" data-orig-size=\"5184,3888\" data-comments-opened=\"1\" data-image-meta=\"{&quot;aperture&quot;:&quot;3.2&quot;,&quot;credit&quot;:&quot;&quot;,&quot;camera&quot;:&quot;DSC-HX400V&quot;,&quot;caption&quot;:&quot;&quot;,&quot;created_timestamp&quot;:&quot;1565439612&quot;,&quot;copyright&quot;:&quot;&quot;,&quot;focal_length&quot;:&quot;4.3&quot;,&quot;iso&quot;:&quot;80&quot;,&quot;shutter_speed&quot;:&quot;0.0015625&quot;,&quot;title&quot;:&quot;&quot;,&quot;orientation&quot;:&quot;1&quot;}\" data-image-title=\"Richtungsweiser am Aussichtspunkt Sch\u00f6ne Aussicht\" data-image-description=\"\" data-image-caption=\"&lt;p&gt;Richtungsweiser am Aussichtspunkt Sch\u00f6ne Aussicht&lt;\/p&gt;\n\" data-medium-file=\"http:\/\/imkerei-watermeyer.de\/wp-content\/uploads\/2019\/08\/dsc00534-300x225.jpg\" data-large-file=\"http:\/\/imkerei-watermeyer.de\/wp-content\/uploads\/2019\/08\/dsc00534-1024x768.jpg\" decoding=\"async\" loading=\"lazy\" width=\"1024\" height=\"768\" src=\"http:\/\/imkerei-watermeyer.de\/wp-content\/uploads\/2019\/08\/dsc00534-1024x768.jpg\" alt=\"\" data-id=\"720\" data-link=\"http:\/\/imkerei-watermeyer.de\/?attachment_id=720\" class=\"wp-image-720\" srcset=\"http:\/\/imkerei-watermeyer.de\/wp-content\/uploads\/2019\/08\/dsc00534-1024x768.jpg 1024w, http:\/\/imkerei-watermeyer.de\/wp-content\/uploads\/2019\/08\/dsc00534-300x225.jpg 300w, http:\/\/imkerei-watermeyer.de\/wp-content\/uploads\/2019\/08\/dsc00534-768x576.jpg 768w, http:\/\/imkerei-watermeyer.de\/wp-content\/uploads\/2019\/08\/dsc00534-1140x855.jpg 1140w\" sizes=\"(max-width: 1024px) 100vw, 1024px\" \/><figcaption>Richtungsweiser am Aussichtspunkt Sch\u00f6ne Aussicht<\/figcaption><\/figure><\/li><li class=\"blocks-gallery-item\"><figure><img data-attachment-id=\"710\" data-permalink=\"http:\/\/imkerei-watermeyer.de\/?attachment_id=710\" data-orig-file=\"http:\/\/imkerei-watermeyer.de\/wp-content\/uploads\/2019\/08\/dsc00543.jpg\" data-orig-size=\"5184,3888\" data-comments-opened=\"1\" data-image-meta=\"{&quot;aperture&quot;:&quot;5&quot;,&quot;credit&quot;:&quot;&quot;,&quot;camera&quot;:&quot;DSC-HX400V&quot;,&quot;caption&quot;:&quot;&quot;,&quot;created_timestamp&quot;:&quot;1565439755&quot;,&quot;copyright&quot;:&quot;&quot;,&quot;focal_length&quot;:&quot;60.5&quot;,&quot;iso&quot;:&quot;80&quot;,&quot;shutter_speed&quot;:&quot;0.0025&quot;,&quot;title&quot;:&quot;&quot;,&quot;orientation&quot;:&quot;1&quot;}\" data-image-title=\"Blick in Richtung M\u00fcnster\" data-image-description=\"\" data-image-caption=\"&lt;p&gt;Blick in Richtung M\u00fcnster vom Aussichtspunkt Sch\u00f6ne Aussicht. In der Bildmitte die beiden Bettent\u00fcrme der Uniklinik&lt;\/p&gt;\n\" data-medium-file=\"http:\/\/imkerei-watermeyer.de\/wp-content\/uploads\/2019\/08\/dsc00543-300x225.jpg\" data-large-file=\"http:\/\/imkerei-watermeyer.de\/wp-content\/uploads\/2019\/08\/dsc00543-1024x768.jpg\" decoding=\"async\" loading=\"lazy\" width=\"1024\" height=\"768\" src=\"http:\/\/imkerei-watermeyer.de\/wp-content\/uploads\/2019\/08\/dsc00543-1024x768.jpg\" alt=\"\" data-id=\"710\" data-link=\"http:\/\/imkerei-watermeyer.de\/?attachment_id=710\" class=\"wp-image-710\" srcset=\"http:\/\/imkerei-watermeyer.de\/wp-content\/uploads\/2019\/08\/dsc00543-1024x768.jpg 1024w, http:\/\/imkerei-watermeyer.de\/wp-content\/uploads\/2019\/08\/dsc00543-300x225.jpg 300w, http:\/\/imkerei-watermeyer.de\/wp-content\/uploads\/2019\/08\/dsc00543-768x576.jpg 768w, http:\/\/imkerei-watermeyer.de\/wp-content\/uploads\/2019\/08\/dsc00543-1140x855.jpg 1140w\" sizes=\"(max-width: 1024px) 100vw, 1024px\" \/><figcaption>Blick in Richtung M\u00fcnster vom Aussichtspunkt Sch\u00f6ne Aussicht. In der Bildmitte die beiden Bettent\u00fcrme der Uniklinik<\/figcaption><\/figure><\/li><li class=\"blocks-gallery-item\"><figure><img data-attachment-id=\"718\" data-permalink=\"http:\/\/imkerei-watermeyer.de\/?attachment_id=718\" data-orig-file=\"http:\/\/imkerei-watermeyer.de\/wp-content\/uploads\/2019\/08\/dsc00548.jpg\" data-orig-size=\"5184,3888\" data-comments-opened=\"1\" data-image-meta=\"{&quot;aperture&quot;:&quot;3.2&quot;,&quot;credit&quot;:&quot;&quot;,&quot;camera&quot;:&quot;DSC-HX400V&quot;,&quot;caption&quot;:&quot;&quot;,&quot;created_timestamp&quot;:&quot;1565440328&quot;,&quot;copyright&quot;:&quot;&quot;,&quot;focal_length&quot;:&quot;7.65&quot;,&quot;iso&quot;:&quot;500&quot;,&quot;shutter_speed&quot;:&quot;0.02&quot;,&quot;title&quot;:&quot;&quot;,&quot;orientation&quot;:&quot;1&quot;}\" data-image-title=\"Prozessionsstation Sch\u00f6ne Aussicht\" data-image-description=\"\" data-image-caption=\"&lt;p&gt;Prozessionsstation unterhalb des Aussichtspunktes Sch\u00f6ne Aussicht&lt;\/p&gt;\n\" data-medium-file=\"http:\/\/imkerei-watermeyer.de\/wp-content\/uploads\/2019\/08\/dsc00548-300x225.jpg\" data-large-file=\"http:\/\/imkerei-watermeyer.de\/wp-content\/uploads\/2019\/08\/dsc00548-1024x768.jpg\" decoding=\"async\" loading=\"lazy\" width=\"1024\" height=\"768\" src=\"http:\/\/imkerei-watermeyer.de\/wp-content\/uploads\/2019\/08\/dsc00548-1024x768.jpg\" alt=\"\" data-id=\"718\" data-link=\"http:\/\/imkerei-watermeyer.de\/?attachment_id=718\" class=\"wp-image-718\" srcset=\"http:\/\/imkerei-watermeyer.de\/wp-content\/uploads\/2019\/08\/dsc00548-1024x768.jpg 1024w, http:\/\/imkerei-watermeyer.de\/wp-content\/uploads\/2019\/08\/dsc00548-300x225.jpg 300w, http:\/\/imkerei-watermeyer.de\/wp-content\/uploads\/2019\/08\/dsc00548-768x576.jpg 768w, http:\/\/imkerei-watermeyer.de\/wp-content\/uploads\/2019\/08\/dsc00548-1140x855.jpg 1140w\" sizes=\"(max-width: 1024px) 100vw, 1024px\" \/><figcaption>Prozessionsstation unterhalb des Aussichtspunktes Sch\u00f6ne Aussicht<\/figcaption><\/figure><\/li><li class=\"blocks-gallery-item\"><figure><img data-attachment-id=\"719\" data-permalink=\"http:\/\/imkerei-watermeyer.de\/?attachment_id=719\" data-orig-file=\"http:\/\/imkerei-watermeyer.de\/wp-content\/uploads\/2019\/08\/dsc00549.jpg\" data-orig-size=\"5184,3888\" data-comments-opened=\"1\" data-image-meta=\"{&quot;aperture&quot;:&quot;3.2&quot;,&quot;credit&quot;:&quot;&quot;,&quot;camera&quot;:&quot;DSC-HX400V&quot;,&quot;caption&quot;:&quot;&quot;,&quot;created_timestamp&quot;:&quot;1565440469&quot;,&quot;copyright&quot;:&quot;&quot;,&quot;focal_length&quot;:&quot;4.3&quot;,&quot;iso&quot;:&quot;80&quot;,&quot;shutter_speed&quot;:&quot;0.0008&quot;,&quot;title&quot;:&quot;&quot;,&quot;orientation&quot;:&quot;1&quot;}\" data-image-title=\"Wanderkarte Sch\u00f6ne Aussicht\" data-image-description=\"\" data-image-caption=\"&lt;p&gt;Wanderkarte unterhalb des Aussichtspunkt Sch\u00f6ne Aussicht&lt;\/p&gt;\n\" data-medium-file=\"http:\/\/imkerei-watermeyer.de\/wp-content\/uploads\/2019\/08\/dsc00549-300x225.jpg\" data-large-file=\"http:\/\/imkerei-watermeyer.de\/wp-content\/uploads\/2019\/08\/dsc00549-1024x768.jpg\" decoding=\"async\" loading=\"lazy\" width=\"1024\" height=\"768\" src=\"http:\/\/imkerei-watermeyer.de\/wp-content\/uploads\/2019\/08\/dsc00549-1024x768.jpg\" alt=\"\" data-id=\"719\" data-link=\"http:\/\/imkerei-watermeyer.de\/?attachment_id=719\" class=\"wp-image-719\" srcset=\"http:\/\/imkerei-watermeyer.de\/wp-content\/uploads\/2019\/08\/dsc00549-1024x768.jpg 1024w, http:\/\/imkerei-watermeyer.de\/wp-content\/uploads\/2019\/08\/dsc00549-300x225.jpg 300w, http:\/\/imkerei-watermeyer.de\/wp-content\/uploads\/2019\/08\/dsc00549-768x576.jpg 768w, http:\/\/imkerei-watermeyer.de\/wp-content\/uploads\/2019\/08\/dsc00549-1140x855.jpg 1140w\" sizes=\"(max-width: 1024px) 100vw, 1024px\" \/><figcaption>Wanderkarte unterhalb des Aussichtspunkt Sch\u00f6ne Aussicht<\/figcaption><\/figure><\/li><li class=\"blocks-gallery-item\"><figure><img data-attachment-id=\"721\" data-permalink=\"http:\/\/imkerei-watermeyer.de\/?attachment_id=721\" data-orig-file=\"http:\/\/imkerei-watermeyer.de\/wp-content\/uploads\/2019\/08\/dsc00551.jpg\" data-orig-size=\"5184,3888\" data-comments-opened=\"1\" data-image-meta=\"{&quot;aperture&quot;:&quot;3.2&quot;,&quot;credit&quot;:&quot;&quot;,&quot;camera&quot;:&quot;DSC-HX400V&quot;,&quot;caption&quot;:&quot;&quot;,&quot;created_timestamp&quot;:&quot;1565441391&quot;,&quot;copyright&quot;:&quot;&quot;,&quot;focal_length&quot;:&quot;5.67&quot;,&quot;iso&quot;:&quot;80&quot;,&quot;shutter_speed&quot;:&quot;0.0025&quot;,&quot;title&quot;:&quot;&quot;,&quot;orientation&quot;:&quot;1&quot;}\" data-image-title=\"Schiff auf dem Dortmund-Ems-Kanal\" data-image-description=\"\" data-image-caption=\"&lt;p&gt;Schiff auf dem Dortmund-Ems-Kanal&lt;\/p&gt;\n\" data-medium-file=\"http:\/\/imkerei-watermeyer.de\/wp-content\/uploads\/2019\/08\/dsc00551-300x225.jpg\" data-large-file=\"http:\/\/imkerei-watermeyer.de\/wp-content\/uploads\/2019\/08\/dsc00551-1024x768.jpg\" decoding=\"async\" loading=\"lazy\" width=\"1024\" height=\"768\" src=\"http:\/\/imkerei-watermeyer.de\/wp-content\/uploads\/2019\/08\/dsc00551-1024x768.jpg\" alt=\"\" data-id=\"721\" data-link=\"http:\/\/imkerei-watermeyer.de\/?attachment_id=721\" class=\"wp-image-721\" srcset=\"http:\/\/imkerei-watermeyer.de\/wp-content\/uploads\/2019\/08\/dsc00551-1024x768.jpg 1024w, http:\/\/imkerei-watermeyer.de\/wp-content\/uploads\/2019\/08\/dsc00551-300x225.jpg 300w, http:\/\/imkerei-watermeyer.de\/wp-content\/uploads\/2019\/08\/dsc00551-768x576.jpg 768w, http:\/\/imkerei-watermeyer.de\/wp-content\/uploads\/2019\/08\/dsc00551-1140x855.jpg 1140w\" sizes=\"(max-width: 1024px) 100vw, 1024px\" \/><figcaption>Schiff auf dem Dortmund-Ems-Kanal<\/figcaption><\/figure><\/li><li class=\"blocks-gallery-item\"><figure><img data-attachment-id=\"716\" data-permalink=\"http:\/\/imkerei-watermeyer.de\/?attachment_id=716\" data-orig-file=\"http:\/\/imkerei-watermeyer.de\/wp-content\/uploads\/2019\/08\/dsc00574-e1565513844671.jpg\" data-orig-size=\"3888,5184\" data-comments-opened=\"1\" data-image-meta=\"{&quot;aperture&quot;:&quot;4&quot;,&quot;credit&quot;:&quot;&quot;,&quot;camera&quot;:&quot;DSC-HX400V&quot;,&quot;caption&quot;:&quot;&quot;,&quot;created_timestamp&quot;:&quot;1565442866&quot;,&quot;copyright&quot;:&quot;&quot;,&quot;focal_length&quot;:&quot;15.64&quot;,&quot;iso&quot;:&quot;80&quot;,&quot;shutter_speed&quot;:&quot;0.002&quot;,&quot;title&quot;:&quot;&quot;,&quot;orientation&quot;:&quot;8&quot;}\" data-image-title=\"Alte Fu\u00dfg\u00e4ngerbr\u00fccke Dortmund-Ems-Kanal\" data-image-description=\"\" data-image-caption=\"&lt;p&gt;Alte Fu\u00dfg\u00e4ngerbr\u00fccke \u00fcber den Dortmund-Ems-Kanal&lt;\/p&gt;\n\" data-medium-file=\"http:\/\/imkerei-watermeyer.de\/wp-content\/uploads\/2019\/08\/dsc00574-e1565513844671-225x300.jpg\" data-large-file=\"http:\/\/imkerei-watermeyer.de\/wp-content\/uploads\/2019\/08\/dsc00574-e1565513844671-768x1024.jpg\" decoding=\"async\" loading=\"lazy\" width=\"768\" height=\"1024\" src=\"http:\/\/imkerei-watermeyer.de\/wp-content\/uploads\/2019\/08\/dsc00574-e1565513844671-768x1024.jpg\" alt=\"\" data-id=\"716\" data-link=\"http:\/\/imkerei-watermeyer.de\/?attachment_id=716\" class=\"wp-image-716\" srcset=\"http:\/\/imkerei-watermeyer.de\/wp-content\/uploads\/2019\/08\/dsc00574-e1565513844671-768x1024.jpg 768w, http:\/\/imkerei-watermeyer.de\/wp-content\/uploads\/2019\/08\/dsc00574-e1565513844671-225x300.jpg 225w, http:\/\/imkerei-watermeyer.de\/wp-content\/uploads\/2019\/08\/dsc00574-e1565513844671-1140x1520.jpg 1140w\" sizes=\"(max-width: 768px) 100vw, 768px\" \/><figcaption>Alte Fu\u00dfg\u00e4ngerbr\u00fccke \u00fcber den Dortmund-Ems-Kanal<\/figcaption><\/figure><\/li><li class=\"blocks-gallery-item\"><figure><img data-attachment-id=\"714\" data-permalink=\"http:\/\/imkerei-watermeyer.de\/?attachment_id=714\" data-orig-file=\"http:\/\/imkerei-watermeyer.de\/wp-content\/uploads\/2019\/08\/dsc00576-e1565513682699.jpg\" data-orig-size=\"3888,5184\" data-comments-opened=\"1\" data-image-meta=\"{&quot;aperture&quot;:&quot;3.2&quot;,&quot;credit&quot;:&quot;&quot;,&quot;camera&quot;:&quot;DSC-HX400V&quot;,&quot;caption&quot;:&quot;&quot;,&quot;created_timestamp&quot;:&quot;1565442970&quot;,&quot;copyright&quot;:&quot;&quot;,&quot;focal_length&quot;:&quot;4.3&quot;,&quot;iso&quot;:&quot;80&quot;,&quot;shutter_speed&quot;:&quot;0.002&quot;,&quot;title&quot;:&quot;&quot;,&quot;orientation&quot;:&quot;8&quot;}\" data-image-title=\"Alte Fu\u00dfg\u00e4ngerbr\u00fccke Dortmund-Ems-Kanal\" data-image-description=\"\" data-image-caption=\"&lt;p&gt;Alte Fu\u00dfg\u00e4ngerbr\u00fccke \u00fcber den Dortmund-Ems-Kanal&lt;\/p&gt;\n\" data-medium-file=\"http:\/\/imkerei-watermeyer.de\/wp-content\/uploads\/2019\/08\/dsc00576-e1565513682699-225x300.jpg\" data-large-file=\"http:\/\/imkerei-watermeyer.de\/wp-content\/uploads\/2019\/08\/dsc00576-e1565513682699-768x1024.jpg\" decoding=\"async\" loading=\"lazy\" width=\"768\" height=\"1024\" src=\"http:\/\/imkerei-watermeyer.de\/wp-content\/uploads\/2019\/08\/dsc00576-e1565513682699-768x1024.jpg\" alt=\"\" data-id=\"714\" data-link=\"http:\/\/imkerei-watermeyer.de\/?attachment_id=714\" class=\"wp-image-714\" srcset=\"http:\/\/imkerei-watermeyer.de\/wp-content\/uploads\/2019\/08\/dsc00576-e1565513682699-768x1024.jpg 768w, http:\/\/imkerei-watermeyer.de\/wp-content\/uploads\/2019\/08\/dsc00576-e1565513682699-225x300.jpg 225w, http:\/\/imkerei-watermeyer.de\/wp-content\/uploads\/2019\/08\/dsc00576-e1565513682699-1140x1520.jpg 1140w\" sizes=\"(max-width: 768px) 100vw, 768px\" \/><figcaption>Alte Fu\u00dfg\u00e4ngerbr\u00fccke \u00fcber den Dortmund-Ems-Kanal<\/figcaption><\/figure><\/li><li class=\"blocks-gallery-item\"><figure><img data-attachment-id=\"737\" data-permalink=\"http:\/\/imkerei-watermeyer.de\/?attachment_id=737\" data-orig-file=\"http:\/\/imkerei-watermeyer.de\/wp-content\/uploads\/2019\/08\/img_5123.jpg\" data-orig-size=\"3264,2448\" data-comments-opened=\"1\" data-image-meta=\"{&quot;aperture&quot;:&quot;2.2&quot;,&quot;credit&quot;:&quot;&quot;,&quot;camera&quot;:&quot;iPhone 6&quot;,&quot;caption&quot;:&quot;&quot;,&quot;created_timestamp&quot;:&quot;1565443858&quot;,&quot;copyright&quot;:&quot;&quot;,&quot;focal_length&quot;:&quot;4.15&quot;,&quot;iso&quot;:&quot;32&quot;,&quot;shutter_speed&quot;:&quot;0.00075815011372252&quot;,&quot;title&quot;:&quot;&quot;,&quot;orientation&quot;:&quot;1&quot;}\" data-image-title=\"Kloster Gravenhorst\" data-image-description=\"\" data-image-caption=\"&lt;p&gt;Kloster Gravenhorst&lt;\/p&gt;\n\" data-medium-file=\"http:\/\/imkerei-watermeyer.de\/wp-content\/uploads\/2019\/08\/img_5123-300x225.jpg\" data-large-file=\"http:\/\/imkerei-watermeyer.de\/wp-content\/uploads\/2019\/08\/img_5123-1024x768.jpg\" decoding=\"async\" loading=\"lazy\" width=\"1024\" height=\"768\" src=\"http:\/\/imkerei-watermeyer.de\/wp-content\/uploads\/2019\/08\/img_5123-1024x768.jpg\" alt=\"\" data-id=\"737\" data-link=\"http:\/\/imkerei-watermeyer.de\/?attachment_id=737\" class=\"wp-image-737\" srcset=\"http:\/\/imkerei-watermeyer.de\/wp-content\/uploads\/2019\/08\/img_5123-1024x768.jpg 1024w, http:\/\/imkerei-watermeyer.de\/wp-content\/uploads\/2019\/08\/img_5123-300x225.jpg 300w, http:\/\/imkerei-watermeyer.de\/wp-content\/uploads\/2019\/08\/img_5123-768x576.jpg 768w, http:\/\/imkerei-watermeyer.de\/wp-content\/uploads\/2019\/08\/img_5123-1140x855.jpg 1140w\" sizes=\"(max-width: 1024px) 100vw, 1024px\" \/><figcaption>Kloster Gravenhorst<\/figcaption><\/figure><\/li><\/ul>\n\n\n\n<p>Wie immer w\u00fcrden wir uns \u00fcber konstruktive Kritik freuen. Seid ihr selber schon mal am Nassen Dreieck gewandert? Welche Wanderung im Teutoburger Wald k\u00f6nnte ihr uns empfehlen?<\/p>\n\n\n\n<p>Hat euch unser Bericht gefallen, dann hinterlasst uns doch bitte einen wohlwollenden Kommentar und dr\u00fcckt f\u00fcr uns den &#8222;gef\u00e4llt mir&#8220;-Button oder noch besser: Teilt diese Seite mit anderen Leuten, die das auch interessieren k\u00f6nnte.  <\/p>\n","protected":false},"excerpt":{"rendered":"<p>Wie wir in unserem &#8222;\u00dcber Uns&#8220;-Bereich geschrieben haben, genie\u00dfen wir es, unseren Rucksack mit Proviant zu packen, die Wanderschuhe anzuziehen und dann im Teutoburger Wald eine Runde zu wandern. Wir sind ja beide keine Ur-Laggenbecker. W\u00e4hrend ich aus dem flachen Westm\u00fcnsterland stamme, kommt Ina ja immerhin aus dem \u00f6stlichen Teil [&hellip;]<\/p>\n","protected":false},"author":1,"featured_media":724,"comment_status":"open","ping_status":"open","sticky":false,"template":"","format":"standard","meta":{"jetpack_post_was_ever_published":false,"_jetpack_newsletter_access":"","jetpack_publicize_message":"","jetpack_is_tweetstorm":false,"jetpack_publicize_feature_enabled":true,"jetpack_social_post_already_shared":true,"jetpack_social_options":{"image_generator_settings":{"template":"highway","enabled":false}}},"categories":[3,116,117],"tags":[134,146,145,136,143,144,125,131,119,118,141,130,128,132,90,89,124,92,127,133,123,137,138,142,148,129,122,135,126,109,147,110,111,120,121,140,139],"jetpack_publicize_connections":[],"jetpack_featured_media_url":"http:\/\/imkerei-watermeyer.de\/wp-content\/uploads\/2019\/08\/dsc00505.jpg","jetpack_sharing_enabled":true,"jetpack_shortlink":"https:\/\/wp.me\/p9uDaz-bq","jetpack_likes_enabled":true,"jetpack-related-posts":[{"id":832,"url":"http:\/\/imkerei-watermeyer.de\/?p=832","url_meta":{"origin":708,"position":0},"title":"Wandern mit M\u00fcnsterlandblick","author":"Homeraner","date":"September 15, 2019","format":false,"excerpt":"Wir waren wieder wandern! Dieses mal ging es mit herrlichen Blick \u00fcbers M\u00fcnsterland an den S\u00fcdhang von Tecklenburg. Den ganzen Bericht findet ihr unter: http:\/\/imkerei-watermeyer.de\/?p=832","rel":"","context":"In &quot;Wandern&quot;","block_context":{"text":"Wandern","link":"http:\/\/imkerei-watermeyer.de\/?cat=117"},"img":{"alt_text":"","src":"https:\/\/i0.wp.com\/imkerei-watermeyer.de\/wp-content\/uploads\/2019\/09\/dsc00856.jpg?resize=350%2C200","width":350,"height":200,"srcset":"https:\/\/i0.wp.com\/imkerei-watermeyer.de\/wp-content\/uploads\/2019\/09\/dsc00856.jpg?resize=350%2C200 1x, https:\/\/i0.wp.com\/imkerei-watermeyer.de\/wp-content\/uploads\/2019\/09\/dsc00856.jpg?resize=700%2C400 2x, https:\/\/i0.wp.com\/imkerei-watermeyer.de\/wp-content\/uploads\/2019\/09\/dsc00856.jpg?resize=1050%2C600 3x, https:\/\/i0.wp.com\/imkerei-watermeyer.de\/wp-content\/uploads\/2019\/09\/dsc00856.jpg?resize=1400%2C800 4x"},"classes":[]},{"id":1140,"url":"http:\/\/imkerei-watermeyer.de\/?p=1140","url_meta":{"origin":708,"position":1},"title":"Baumwipfelpfad Bad Iburg","author":"Homeraner","date":"Juli 22, 2021","format":false,"excerpt":"Nachdem das Wetter an den letzten Tagen den Teutoburger Wald in den Teutoburger Regenwald verwandelt hatte, sollte es endlich ein paar Stunden (relativ) trocken bleiben. Diese Gelegenheit wollten wir uns nicht entgehen lassen und sind mit den Kindern losgezogen, um drau\u00dfen etwas zu unternehmen. Seit der Landesgartenschau 2018 gibt es\u2026","rel":"","context":"In &quot;Familienausflug&quot;","block_context":{"text":"Familienausflug","link":"http:\/\/imkerei-watermeyer.de\/?cat=181"},"img":{"alt_text":"","src":"https:\/\/i0.wp.com\/imkerei-watermeyer.de\/wp-content\/uploads\/2021\/07\/dsc02459-1-1-scaled.jpg?resize=350%2C200","width":350,"height":200,"srcset":"https:\/\/i0.wp.com\/imkerei-watermeyer.de\/wp-content\/uploads\/2021\/07\/dsc02459-1-1-scaled.jpg?resize=350%2C200 1x, https:\/\/i0.wp.com\/imkerei-watermeyer.de\/wp-content\/uploads\/2021\/07\/dsc02459-1-1-scaled.jpg?resize=700%2C400 2x, https:\/\/i0.wp.com\/imkerei-watermeyer.de\/wp-content\/uploads\/2021\/07\/dsc02459-1-1-scaled.jpg?resize=1050%2C600 3x, https:\/\/i0.wp.com\/imkerei-watermeyer.de\/wp-content\/uploads\/2021\/07\/dsc02459-1-1-scaled.jpg?resize=1400%2C800 4x"},"classes":[]},{"id":501,"url":"http:\/\/imkerei-watermeyer.de\/?p=501","url_meta":{"origin":708,"position":2},"title":"1. richtig warme Fr\u00fchlingstag","author":"Homeraner","date":"April 17, 2018","format":false,"excerpt":"Heute ist hier im Teutoburger Wald der erste richtig warme Fr\u00fchlingstag mit Temperaturen \u00fcber 20 Grad Celsius. Nicht nur wir Menschen haben das Bed\u00fcrfnis, bei dem warmen Wetter m\u00f6glichst viel Zeit drau\u00dfen zu verbringen. Auch die Bienen zieht es aus dem Stock raus und flei\u00dfig werden Pollen und Nektar gesammelt.\u2026","rel":"","context":"In &quot;Bienenbilder&quot;","block_context":{"text":"Bienenbilder","link":"http:\/\/imkerei-watermeyer.de\/?cat=2"},"img":{"alt_text":"","src":"https:\/\/i0.wp.com\/imkerei-watermeyer.de\/wp-content\/uploads\/2018\/04\/img_0740.jpg?resize=350%2C200","width":350,"height":200,"srcset":"https:\/\/i0.wp.com\/imkerei-watermeyer.de\/wp-content\/uploads\/2018\/04\/img_0740.jpg?resize=350%2C200 1x, https:\/\/i0.wp.com\/imkerei-watermeyer.de\/wp-content\/uploads\/2018\/04\/img_0740.jpg?resize=700%2C400 2x, https:\/\/i0.wp.com\/imkerei-watermeyer.de\/wp-content\/uploads\/2018\/04\/img_0740.jpg?resize=1050%2C600 3x, https:\/\/i0.wp.com\/imkerei-watermeyer.de\/wp-content\/uploads\/2018\/04\/img_0740.jpg?resize=1400%2C800 4x"},"classes":[]},{"id":470,"url":"http:\/\/imkerei-watermeyer.de\/?p=470","url_meta":{"origin":708,"position":3},"title":"Umzug","author":"Homeraner","date":"Dezember 25, 2017","format":false,"excerpt":"In 2017 hat sich vieles in meinem Leben ge\u00e4ndert und so kam es, dass ich im Fr\u00fchjahr ins Tecklenburger Land gezogen bin. Zum Gl\u00fcck hatte mich eine Schulfreundin aus M\u00fcnster gefragt, ob ich nicht Bienen bei ihr hinstellen k\u00f6nnte, denn so hatte ich die ben\u00f6tigten Untersuchungen und Papiere fr\u00fchzeitig in\u2026","rel":"","context":"In &quot;Arbeiten rund ums Volk&quot;","block_context":{"text":"Arbeiten rund ums Volk","link":"http:\/\/imkerei-watermeyer.de\/?cat=47"},"img":{"alt_text":"","src":"https:\/\/i0.wp.com\/imkerei-watermeyer.de\/wp-content\/uploads\/2017\/12\/img_5993.jpg?resize=350%2C200","width":350,"height":200,"srcset":"https:\/\/i0.wp.com\/imkerei-watermeyer.de\/wp-content\/uploads\/2017\/12\/img_5993.jpg?resize=350%2C200 1x, https:\/\/i0.wp.com\/imkerei-watermeyer.de\/wp-content\/uploads\/2017\/12\/img_5993.jpg?resize=700%2C400 2x, https:\/\/i0.wp.com\/imkerei-watermeyer.de\/wp-content\/uploads\/2017\/12\/img_5993.jpg?resize=1050%2C600 3x, https:\/\/i0.wp.com\/imkerei-watermeyer.de\/wp-content\/uploads\/2017\/12\/img_5993.jpg?resize=1400%2C800 4x"},"classes":[]},{"id":972,"url":"http:\/\/imkerei-watermeyer.de\/?p=972","url_meta":{"origin":708,"position":4},"title":"V\u00f6gel in unserem Garten","author":"Homeraner","date":"Mai 31, 2020","format":false,"excerpt":"Heute m\u00f6chten wir euch einmal ein paar Fotos von den V\u00f6geln zeigen, die bei uns im Garten heimisch sind. Rotkehlchen am Gartenschlauch Wir genie\u00dfen es, bei uns auf dem Balkon zu sitzen und dem Gezwitscher der V\u00f6gel zu lauschen. Von dort aus haben wir einen guten Blick auf die Nistk\u00e4sten,\u2026","rel":"","context":"In &quot;Garten&quot;","block_context":{"text":"Garten","link":"http:\/\/imkerei-watermeyer.de\/?cat=163"},"img":{"alt_text":"","src":"https:\/\/i0.wp.com\/imkerei-watermeyer.de\/wp-content\/uploads\/2020\/05\/DSC01389-scaled.jpg?resize=350%2C200","width":350,"height":200,"srcset":"https:\/\/i0.wp.com\/imkerei-watermeyer.de\/wp-content\/uploads\/2020\/05\/DSC01389-scaled.jpg?resize=350%2C200 1x, https:\/\/i0.wp.com\/imkerei-watermeyer.de\/wp-content\/uploads\/2020\/05\/DSC01389-scaled.jpg?resize=700%2C400 2x, https:\/\/i0.wp.com\/imkerei-watermeyer.de\/wp-content\/uploads\/2020\/05\/DSC01389-scaled.jpg?resize=1050%2C600 3x, https:\/\/i0.wp.com\/imkerei-watermeyer.de\/wp-content\/uploads\/2020\/05\/DSC01389-scaled.jpg?resize=1400%2C800 4x"},"classes":[]},{"id":996,"url":"http:\/\/imkerei-watermeyer.de\/?p=996","url_meta":{"origin":708,"position":5},"title":"Honiglik\u00f6r aus Entdeckelungswachs","author":"Homeraner","date":"Juni 3, 2020","format":false,"excerpt":"Der Fr\u00fchjahrshonig braucht noch etwas, aber daf\u00fcr ist der Honiglik\u00f6r schon fertig!Er hat ein wundervolles Honigaroma, aber auch ordentlich Bums durch den Wodka! F\u00fcr den Honiglik\u00f6r haben wir das Entdeckelungswachs, das beim Entdeckeln der Honigwaben anf\u00e4llt, mit Wodka aufgegossen und mit Bio-Zitronen aromatisiert. An dem Entdeckelungswachs haftet n\u00e4mlich noch ordentlich\u2026","rel":"","context":"In &quot;Getr\u00e4nke&quot;","block_context":{"text":"Getr\u00e4nke","link":"http:\/\/imkerei-watermeyer.de\/?cat=115"},"img":{"alt_text":"","src":"https:\/\/i0.wp.com\/imkerei-watermeyer.de\/wp-content\/uploads\/2020\/06\/img_7481-2-scaled.jpg?resize=350%2C200","width":350,"height":200,"srcset":"https:\/\/i0.wp.com\/imkerei-watermeyer.de\/wp-content\/uploads\/2020\/06\/img_7481-2-scaled.jpg?resize=350%2C200 1x, https:\/\/i0.wp.com\/imkerei-watermeyer.de\/wp-content\/uploads\/2020\/06\/img_7481-2-scaled.jpg?resize=700%2C400 2x, https:\/\/i0.wp.com\/imkerei-watermeyer.de\/wp-content\/uploads\/2020\/06\/img_7481-2-scaled.jpg?resize=1050%2C600 3x, https:\/\/i0.wp.com\/imkerei-watermeyer.de\/wp-content\/uploads\/2020\/06\/img_7481-2-scaled.jpg?resize=1400%2C800 4x"},"classes":[]}],"_links":{"self":[{"href":"http:\/\/imkerei-watermeyer.de\/index.php?rest_route=\/wp\/v2\/posts\/708"}],"collection":[{"href":"http:\/\/imkerei-watermeyer.de\/index.php?rest_route=\/wp\/v2\/posts"}],"about":[{"href":"http:\/\/imkerei-watermeyer.de\/index.php?rest_route=\/wp\/v2\/types\/post"}],"author":[{"embeddable":true,"href":"http:\/\/imkerei-watermeyer.de\/index.php?rest_route=\/wp\/v2\/users\/1"}],"replies":[{"embeddable":true,"href":"http:\/\/imkerei-watermeyer.de\/index.php?rest_route=%2Fwp%2Fv2%2Fcomments&post=708"}],"version-history":[{"count":7,"href":"http:\/\/imkerei-watermeyer.de\/index.php?rest_route=\/wp\/v2\/posts\/708\/revisions"}],"predecessor-version":[{"id":745,"href":"http:\/\/imkerei-watermeyer.de\/index.php?rest_route=\/wp\/v2\/posts\/708\/revisions\/745"}],"wp:featuredmedia":[{"embeddable":true,"href":"http:\/\/imkerei-watermeyer.de\/index.php?rest_route=\/wp\/v2\/media\/724"}],"wp:attachment":[{"href":"http:\/\/imkerei-watermeyer.de\/index.php?rest_route=%2Fwp%2Fv2%2Fmedia&parent=708"}],"wp:term":[{"taxonomy":"category","embeddable":true,"href":"http:\/\/imkerei-watermeyer.de\/index.php?rest_route=%2Fwp%2Fv2%2Fcategories&post=708"},{"taxonomy":"post_tag","embeddable":true,"href":"http:\/\/imkerei-watermeyer.de\/index.php?rest_route=%2Fwp%2Fv2%2Ftags&post=708"}],"curies":[{"name":"wp","href":"https:\/\/api.w.org\/{rel}","templated":true}]}}