{"id":669,"date":"2019-07-28T08:37:19","date_gmt":"2019-07-28T08:37:19","guid":{"rendered":"http:\/\/imkerei-watermeyer.de\/?p=669"},"modified":"2019-07-28T10:48:42","modified_gmt":"2019-07-28T10:48:42","slug":"das-insektenhotel","status":"publish","type":"post","link":"http:\/\/imkerei-watermeyer.de\/?p=669","title":{"rendered":"Das Insektenhotel"},"content":{"rendered":"\n<p>Wie letztens auf unserem Instagram-Account angek\u00fcndigt, haben wir in den Sommerferien zusammen mit den Kindern ein Insektenhotel gebaut. Sicher keine Profi-Variante, sicher gibt es einige Dinge, die verbesserungsw\u00fcrdig w\u00e4ren, aber es ist halt selbstgemacht.<\/p>\n\n\n\n<p>Die Idee dazu kam uns bei einem unserer Besuche in Bielefeld bei Inas Eltern. Dort nisten sich Jahr f\u00fcr Jahr Wildbienen in die Bambusst\u00e4be der Balkonumz\u00e4unung ein und da in diesem Jahr einige Elemente sturmbedingt erneuert werden mussten, standen uns ein paar dickere Bambusst\u00e4be als Startkapital zur Verf\u00fcgung. Zuhause hatten wir auch noch ein paar d\u00fcnnere St\u00e4be und so war die Idee geboren, ein Insektenhotel mit Bambusst\u00e4ben als Brutm\u00f6glichkeiten f\u00fcr Wildbienen zu bauen.<\/p>\n\n\n\n<p>Wir haben im Internet recherchiert und uns dort Videos mit Bauanleitungen angeschaut. Au\u00dferdem gab es dort jede Menge teils sehr widerspr\u00fcchliche Tipps und Hinweise.  Am Ende waren wir uns aber einig, dass wir eine einfache Konstruktion aus einfachen Materialien w\u00e4hlen wollen, die mehr Wert auf Funktion als auf Optik legen soll. <\/p>\n\n\n\n<p>Also auf in den Baumarkt und schauen, welches Material dort so zur Verf\u00fcgung steht. In der Holzabteilung angekommen, in die es uns eigentlich sonst nie verschl\u00e4gt, waren wir erstmal erschlagen von den M\u00f6glichkeiten, die sich dort boten. Also irrten wir zuerst in den G\u00e4ngen umher und mussten unsere Idee auf Umsetzbarkeit mit den vorhandenen Materialien hinterfragen. <\/p>\n\n\n\n<p>Mit welchen Brettern w\u00e4re eine m\u00f6glichst verschnittfreie Umsetzung m\u00f6glich? Welches Material w\u00e4re m\u00f6glichst witterungsbest\u00e4ndig? Und vor allem, welches Material kann verbaut werden, ohne irgendwelches Spezialwerkzeug anzuschaffen?<\/p>\n\n\n\n<p>Wir haben uns dann dazu entschlossen, Leimholz f\u00fcr die R\u00fcckwand und die Au\u00dfenw\u00e4nde zu benutzen. Dieses m\u00fcssten wir zwar erst noch mit einem Anstrich vor der Witterung sch\u00fctzen, aber da wir sowieso noch Lein\u00f6lfirnis vom Anstrich unserer ersten Holz-Bienen-Kiste \u00fcbrig hatten, war das kein Hindernis.<\/p>\n\n\n\n<p>Zur Verst\u00e4rkung der Konstruktion und um dort sp\u00e4ter verschieden gro\u00dfe Brutl\u00f6cher reinbohren zu k\u00f6nnen, haben wir massive Kanth\u00f6lzer aus Buchenholz genommen. Und um die Konstruktion sp\u00e4ter am Gartenzaun aufh\u00e4ngen zu k\u00f6nnen, verwenden wir eine Leiste ebenfalls aus Buchen-Massivholz.<\/p>\n\n\n\n<p>Also eben nochmal skizziert, wie gro\u00df und wie lang jedes Bauteil werden soll und auf zum kostenlosen Zuschnitt-Service im Baumarkt. Nach kurzer R\u00fccksprache mit dem dortigen Mitarbeiter, was man denn geschnitten haben m\u00f6chte und wozu wir es brauchen, gab er uns noch ein paar nette Tipps und innerhalb k\u00fcrzester Zeit war das Holz f\u00fcr uns zurecht geschnitten.<\/p>\n\n\n\n<figure class=\"wp-block-image\"><img data-attachment-id=\"679\" data-permalink=\"http:\/\/imkerei-watermeyer.de\/?attachment_id=679\" data-orig-file=\"http:\/\/imkerei-watermeyer.de\/wp-content\/uploads\/2019\/07\/IMG-4850-1-e1564306907445.jpg\" data-orig-size=\"2448,3264\" data-comments-opened=\"1\" data-image-meta=\"{&quot;aperture&quot;:&quot;2.2&quot;,&quot;credit&quot;:&quot;&quot;,&quot;camera&quot;:&quot;iPhone 6&quot;,&quot;caption&quot;:&quot;&quot;,&quot;created_timestamp&quot;:&quot;1563214391&quot;,&quot;copyright&quot;:&quot;&quot;,&quot;focal_length&quot;:&quot;4.15&quot;,&quot;iso&quot;:&quot;32&quot;,&quot;shutter_speed&quot;:&quot;0.0021978021978022&quot;,&quot;title&quot;:&quot;&quot;,&quot;orientation&quot;:&quot;6&quot;}\" data-image-title=\"IMG-4850 (1)\" data-image-description=\"\" data-image-caption=\"&lt;p&gt;Baumaterial f\u00fcr das Insektenhotel&lt;\/p&gt;\n\" data-medium-file=\"http:\/\/imkerei-watermeyer.de\/wp-content\/uploads\/2019\/07\/IMG-4850-1-e1564306907445-225x300.jpg\" data-large-file=\"http:\/\/imkerei-watermeyer.de\/wp-content\/uploads\/2019\/07\/IMG-4850-1-e1564306907445-768x1024.jpg\" decoding=\"async\" loading=\"lazy\" width=\"768\" height=\"1024\" src=\"http:\/\/imkerei-watermeyer.de\/wp-content\/uploads\/2019\/07\/IMG-4850-1-e1564306907445-768x1024.jpg\" alt=\"\" class=\"wp-image-679\" srcset=\"http:\/\/imkerei-watermeyer.de\/wp-content\/uploads\/2019\/07\/IMG-4850-1-e1564306907445-768x1024.jpg 768w, http:\/\/imkerei-watermeyer.de\/wp-content\/uploads\/2019\/07\/IMG-4850-1-e1564306907445-225x300.jpg 225w, http:\/\/imkerei-watermeyer.de\/wp-content\/uploads\/2019\/07\/IMG-4850-1-e1564306907445-1140x1520.jpg 1140w\" sizes=\"(max-width: 768px) 100vw, 768px\" \/><figcaption>Baumaterial f\u00fcr das Insektenhotel<\/figcaption><\/figure>\n\n\n\n<p>Wieder zuhause angekommen, haben wir dann die Leimholzbretter auf den der Witterung ausgesetzten Seite mit Lein\u00f6l angestrichen. <\/p>\n\n\n\n<figure class=\"wp-block-image\"><img data-attachment-id=\"682\" data-permalink=\"http:\/\/imkerei-watermeyer.de\/?attachment_id=682\" data-orig-file=\"http:\/\/imkerei-watermeyer.de\/wp-content\/uploads\/2019\/07\/20190717_1203221848226993954077748.jpg\" data-orig-size=\"3024,4032\" data-comments-opened=\"1\" data-image-meta=\"{&quot;aperture&quot;:&quot;0&quot;,&quot;credit&quot;:&quot;&quot;,&quot;camera&quot;:&quot;&quot;,&quot;caption&quot;:&quot;&quot;,&quot;created_timestamp&quot;:&quot;0&quot;,&quot;copyright&quot;:&quot;&quot;,&quot;focal_length&quot;:&quot;0&quot;,&quot;iso&quot;:&quot;0&quot;,&quot;shutter_speed&quot;:&quot;0&quot;,&quot;title&quot;:&quot;&quot;,&quot;orientation&quot;:&quot;0&quot;}\" data-image-title=\"20190717_1203221848226993954077748.jpg\" data-image-description=\"\" data-image-caption=\"&lt;p&gt;Streichen der Leimholzbretter f\u00fcr die Au\u00dfenw\u00e4nde&lt;\/p&gt;\n\" data-medium-file=\"http:\/\/imkerei-watermeyer.de\/wp-content\/uploads\/2019\/07\/20190717_1203221848226993954077748-225x300.jpg\" data-large-file=\"http:\/\/imkerei-watermeyer.de\/wp-content\/uploads\/2019\/07\/20190717_1203221848226993954077748-768x1024.jpg\" decoding=\"async\" loading=\"lazy\" width=\"768\" height=\"1024\" src=\"http:\/\/imkerei-watermeyer.de\/wp-content\/uploads\/2019\/07\/20190717_1203221848226993954077748-768x1024.jpg\" alt=\"\" class=\"wp-image-682\" srcset=\"http:\/\/imkerei-watermeyer.de\/wp-content\/uploads\/2019\/07\/20190717_1203221848226993954077748-768x1024.jpg 768w, http:\/\/imkerei-watermeyer.de\/wp-content\/uploads\/2019\/07\/20190717_1203221848226993954077748-225x300.jpg 225w, http:\/\/imkerei-watermeyer.de\/wp-content\/uploads\/2019\/07\/20190717_1203221848226993954077748-1140x1520.jpg 1140w\" sizes=\"(max-width: 768px) 100vw, 768px\" \/><figcaption>Streichen der Leimholzbretter f\u00fcr die Au\u00dfenw\u00e4nde (der Tisch musst auch gestrichen werden)<\/figcaption><\/figure>\n\n\n\n<p>Am n\u00e4chsten Tag konnten wir dann die Bretter auf der R\u00fcckwand festschrauben und zur besseren Stabilit\u00e4t haben wir diese auch noch untereinander und mit den Kanth\u00f6lzern verschraubt. Obwohl wir jedes Schraubenloch vorgebohrt haben, ist uns an einem Brett noch eine Ecke weg geplatzt, weil wir nicht auf den Verlauf der Fasern im Holz geachtet haben.<\/p>\n\n\n\n<p>An der R\u00fcckwand haben wir die Leiste befestigt, an der nachher die Konstruktion aufgehangen werden soll. <\/p>\n\n\n\n<figure class=\"wp-block-image\"><img data-attachment-id=\"674\" data-permalink=\"http:\/\/imkerei-watermeyer.de\/?attachment_id=674\" data-orig-file=\"http:\/\/imkerei-watermeyer.de\/wp-content\/uploads\/2019\/07\/dsc00208.jpg\" data-orig-size=\"5184,3888\" data-comments-opened=\"1\" data-image-meta=\"{&quot;aperture&quot;:&quot;3.2&quot;,&quot;credit&quot;:&quot;&quot;,&quot;camera&quot;:&quot;DSC-HX400V&quot;,&quot;caption&quot;:&quot;&quot;,&quot;created_timestamp&quot;:&quot;1563542116&quot;,&quot;copyright&quot;:&quot;&quot;,&quot;focal_length&quot;:&quot;4.3&quot;,&quot;iso&quot;:&quot;80&quot;,&quot;shutter_speed&quot;:&quot;0.001&quot;,&quot;title&quot;:&quot;&quot;,&quot;orientation&quot;:&quot;1&quot;}\" data-image-title=\"dsc00208\" data-image-description=\"&lt;p&gt;Anschrauben der Aufh\u00e4ngeleiste&lt;\/p&gt;\n\" data-image-caption=\"&lt;p&gt;Anschrauben der Befestigungsleiste&lt;\/p&gt;\n\" data-medium-file=\"http:\/\/imkerei-watermeyer.de\/wp-content\/uploads\/2019\/07\/dsc00208-300x225.jpg\" data-large-file=\"http:\/\/imkerei-watermeyer.de\/wp-content\/uploads\/2019\/07\/dsc00208-1024x768.jpg\" decoding=\"async\" loading=\"lazy\" width=\"1024\" height=\"768\" src=\"http:\/\/imkerei-watermeyer.de\/wp-content\/uploads\/2019\/07\/dsc00208-1024x768.jpg\" alt=\"\" class=\"wp-image-674\" srcset=\"http:\/\/imkerei-watermeyer.de\/wp-content\/uploads\/2019\/07\/dsc00208-1024x768.jpg 1024w, http:\/\/imkerei-watermeyer.de\/wp-content\/uploads\/2019\/07\/dsc00208-300x225.jpg 300w, http:\/\/imkerei-watermeyer.de\/wp-content\/uploads\/2019\/07\/dsc00208-768x576.jpg 768w, http:\/\/imkerei-watermeyer.de\/wp-content\/uploads\/2019\/07\/dsc00208-1140x855.jpg 1140w\" sizes=\"(max-width: 1024px) 100vw, 1024px\" \/><\/figure>\n\n\n\n<p>In die Kanth\u00f6lzer haben wir dann Brutl\u00f6cher gebohrt, was sich mit einem Akkuschrauber bei dem massiven Holz als gar nicht so einfach rausgestellt hat.  Deshalb ist auch ein Loch etwas oval geworden. Aber wir sind nun mal keine Profis und haben keine Standbohrmaschine zur Verf\u00fcgung. <\/p>\n\n\n\n<figure class=\"wp-block-image\"><img data-attachment-id=\"678\" data-permalink=\"http:\/\/imkerei-watermeyer.de\/?attachment_id=678\" data-orig-file=\"http:\/\/imkerei-watermeyer.de\/wp-content\/uploads\/2019\/07\/dsc00212.jpg\" data-orig-size=\"5184,3888\" data-comments-opened=\"1\" data-image-meta=\"{&quot;aperture&quot;:&quot;3.5&quot;,&quot;credit&quot;:&quot;&quot;,&quot;camera&quot;:&quot;DSC-HX400V&quot;,&quot;caption&quot;:&quot;&quot;,&quot;created_timestamp&quot;:&quot;1563543737&quot;,&quot;copyright&quot;:&quot;&quot;,&quot;focal_length&quot;:&quot;9.53&quot;,&quot;iso&quot;:&quot;80&quot;,&quot;shutter_speed&quot;:&quot;0.0015625&quot;,&quot;title&quot;:&quot;&quot;,&quot;orientation&quot;:&quot;1&quot;}\" data-image-title=\"dsc00212\" data-image-description=\"&lt;p&gt;Grundkonstruktion des Insektenhotels&lt;\/p&gt;\n\" data-image-caption=\"&lt;p&gt;Grundkonstruktion des Insektenhotels&lt;\/p&gt;\n\" data-medium-file=\"http:\/\/imkerei-watermeyer.de\/wp-content\/uploads\/2019\/07\/dsc00212-300x225.jpg\" data-large-file=\"http:\/\/imkerei-watermeyer.de\/wp-content\/uploads\/2019\/07\/dsc00212-1024x768.jpg\" decoding=\"async\" loading=\"lazy\" width=\"1024\" height=\"768\" src=\"http:\/\/imkerei-watermeyer.de\/wp-content\/uploads\/2019\/07\/dsc00212-1024x768.jpg\" alt=\"\" class=\"wp-image-678\" srcset=\"http:\/\/imkerei-watermeyer.de\/wp-content\/uploads\/2019\/07\/dsc00212-1024x768.jpg 1024w, http:\/\/imkerei-watermeyer.de\/wp-content\/uploads\/2019\/07\/dsc00212-300x225.jpg 300w, http:\/\/imkerei-watermeyer.de\/wp-content\/uploads\/2019\/07\/dsc00212-768x576.jpg 768w, http:\/\/imkerei-watermeyer.de\/wp-content\/uploads\/2019\/07\/dsc00212-1140x855.jpg 1140w\" sizes=\"(max-width: 1024px) 100vw, 1024px\" \/><figcaption>Grundkonstruktion des Insektenhotels mit gebohrten Brutl\u00f6chern<\/figcaption><\/figure>\n\n\n\n<p>Dann ging es daran, dass eigentliche Nistmaterial vorzubereiten. Dazu haben wir die verschieden dicken Bambusst\u00e4be in m\u00f6glichst gleich lange R\u00f6hren zers\u00e4gt und das darin befindliche Mark mit dem Bohrer bzw. einem Zahnstocher entfernt.<\/p>\n\n\n\n<p>Die einzelnen St\u00e4be haben wir anschlie\u00dfend mit Hei\u00dfkleber auf der R\u00fcckwand festgeklebt. Unglaublich, wie viele Meter Bambusst\u00e4be wir zers\u00e4gen mussten, um die eigentlich gar nicht so gro\u00dfe Grundfl\u00e4che von ~0,028m\u00b2 vollst\u00e4ndig auszuf\u00fcllen. Am Ende waren es wohl ungef\u00e4hr 30m, die wir in passende St\u00fccke ges\u00e4gt haben.<\/p>\n\n\n\n<figure class=\"wp-block-image\"><img data-attachment-id=\"673\" data-permalink=\"http:\/\/imkerei-watermeyer.de\/?attachment_id=673\" data-orig-file=\"http:\/\/imkerei-watermeyer.de\/wp-content\/uploads\/2019\/07\/dsc00214.jpg\" data-orig-size=\"5184,3888\" data-comments-opened=\"1\" data-image-meta=\"{&quot;aperture&quot;:&quot;2.8&quot;,&quot;credit&quot;:&quot;&quot;,&quot;camera&quot;:&quot;DSC-HX400V&quot;,&quot;caption&quot;:&quot;&quot;,&quot;created_timestamp&quot;:&quot;1563552145&quot;,&quot;copyright&quot;:&quot;&quot;,&quot;focal_length&quot;:&quot;4.3&quot;,&quot;iso&quot;:&quot;800&quot;,&quot;shutter_speed&quot;:&quot;0.033333333333333&quot;,&quot;title&quot;:&quot;&quot;,&quot;orientation&quot;:&quot;1&quot;}\" data-image-title=\"dsc00214\" data-image-description=\"\" data-image-caption=\"&lt;p&gt;Einkleben der Bambusr\u00f6hren in die Grundkonstruktion&lt;\/p&gt;\n\" data-medium-file=\"http:\/\/imkerei-watermeyer.de\/wp-content\/uploads\/2019\/07\/dsc00214-300x225.jpg\" data-large-file=\"http:\/\/imkerei-watermeyer.de\/wp-content\/uploads\/2019\/07\/dsc00214-1024x768.jpg\" decoding=\"async\" loading=\"lazy\" width=\"1024\" height=\"768\" src=\"http:\/\/imkerei-watermeyer.de\/wp-content\/uploads\/2019\/07\/dsc00214-1024x768.jpg\" alt=\"\" class=\"wp-image-673\" srcset=\"http:\/\/imkerei-watermeyer.de\/wp-content\/uploads\/2019\/07\/dsc00214-1024x768.jpg 1024w, http:\/\/imkerei-watermeyer.de\/wp-content\/uploads\/2019\/07\/dsc00214-300x225.jpg 300w, http:\/\/imkerei-watermeyer.de\/wp-content\/uploads\/2019\/07\/dsc00214-768x576.jpg 768w, http:\/\/imkerei-watermeyer.de\/wp-content\/uploads\/2019\/07\/dsc00214-1140x855.jpg 1140w\" sizes=\"(max-width: 1024px) 100vw, 1024px\" \/><figcaption>Einkleben der einzelnen Bambusr\u00f6hren in die Grundkonstruktion<\/figcaption><\/figure>\n\n\n\n<p>Nachdem aber schlie\u00dflich auch das geschafft war, haben wir nun das Insektenhotel in unserem kleinen Garten (sprich auf unserer Terrasse) aufgehangen. Dazu haben wir einen relativ wind- und regengesch\u00fctzten Standort mit S\u00fcdausrichtung gew\u00e4hlt. Vielleicht haben wir ja noch Gl\u00fcck und es ziehen bereit in diesem Jahr die ersten Mieter ein.<\/p>\n\n\n\n<figure class=\"wp-block-image\"><img data-attachment-id=\"686\" data-permalink=\"http:\/\/imkerei-watermeyer.de\/?attachment_id=686\" data-orig-file=\"http:\/\/imkerei-watermeyer.de\/wp-content\/uploads\/2019\/07\/dsc00386-e1564310785592.jpg\" data-orig-size=\"3888,5184\" data-comments-opened=\"1\" data-image-meta=\"{&quot;aperture&quot;:&quot;3.2&quot;,&quot;credit&quot;:&quot;&quot;,&quot;camera&quot;:&quot;DSC-HX400V&quot;,&quot;caption&quot;:&quot;&quot;,&quot;created_timestamp&quot;:&quot;1564317482&quot;,&quot;copyright&quot;:&quot;&quot;,&quot;focal_length&quot;:&quot;5.38&quot;,&quot;iso&quot;:&quot;80&quot;,&quot;shutter_speed&quot;:&quot;0.000625&quot;,&quot;title&quot;:&quot;&quot;,&quot;orientation&quot;:&quot;8&quot;}\" data-image-title=\"Fertiges Insektenhotel\" data-image-description=\"&lt;p&gt;Das fertige Insektenhotel&lt;\/p&gt;\n\" data-image-caption=\"&lt;p&gt;Das fertige Insektenhotel&lt;\/p&gt;\n\" data-medium-file=\"http:\/\/imkerei-watermeyer.de\/wp-content\/uploads\/2019\/07\/dsc00386-e1564310785592-225x300.jpg\" data-large-file=\"http:\/\/imkerei-watermeyer.de\/wp-content\/uploads\/2019\/07\/dsc00386-e1564310785592-768x1024.jpg\" decoding=\"async\" loading=\"lazy\" width=\"768\" height=\"1024\" src=\"http:\/\/imkerei-watermeyer.de\/wp-content\/uploads\/2019\/07\/dsc00386-e1564310785592-768x1024.jpg\" alt=\"\" class=\"wp-image-686\" srcset=\"http:\/\/imkerei-watermeyer.de\/wp-content\/uploads\/2019\/07\/dsc00386-e1564310785592-768x1024.jpg 768w, http:\/\/imkerei-watermeyer.de\/wp-content\/uploads\/2019\/07\/dsc00386-e1564310785592-225x300.jpg 225w, http:\/\/imkerei-watermeyer.de\/wp-content\/uploads\/2019\/07\/dsc00386-e1564310785592-1140x1520.jpg 1140w\" sizes=\"(max-width: 768px) 100vw, 768px\" \/><figcaption>Das fertige Insektenhotel<\/figcaption><\/figure>\n\n\n\n<ul data-carousel-extra='{\"blog_id\":1,\"permalink\":\"http:\\\/\\\/imkerei-watermeyer.de\\\/?p=669\"}'  class=\"wp-block-gallery columns-3 is-cropped wp-block-gallery-1 is-layout-flex\"><li class=\"blocks-gallery-item\"><figure><img data-attachment-id=\"679\" data-permalink=\"http:\/\/imkerei-watermeyer.de\/?attachment_id=679\" data-orig-file=\"http:\/\/imkerei-watermeyer.de\/wp-content\/uploads\/2019\/07\/IMG-4850-1-e1564306907445.jpg\" data-orig-size=\"2448,3264\" data-comments-opened=\"1\" data-image-meta=\"{&quot;aperture&quot;:&quot;2.2&quot;,&quot;credit&quot;:&quot;&quot;,&quot;camera&quot;:&quot;iPhone 6&quot;,&quot;caption&quot;:&quot;&quot;,&quot;created_timestamp&quot;:&quot;1563214391&quot;,&quot;copyright&quot;:&quot;&quot;,&quot;focal_length&quot;:&quot;4.15&quot;,&quot;iso&quot;:&quot;32&quot;,&quot;shutter_speed&quot;:&quot;0.0021978021978022&quot;,&quot;title&quot;:&quot;&quot;,&quot;orientation&quot;:&quot;6&quot;}\" data-image-title=\"IMG-4850 (1)\" data-image-description=\"\" data-image-caption=\"&lt;p&gt;Baumaterial f\u00fcr das Insektenhotel&lt;\/p&gt;\n\" data-medium-file=\"http:\/\/imkerei-watermeyer.de\/wp-content\/uploads\/2019\/07\/IMG-4850-1-e1564306907445-225x300.jpg\" data-large-file=\"http:\/\/imkerei-watermeyer.de\/wp-content\/uploads\/2019\/07\/IMG-4850-1-e1564306907445-768x1024.jpg\" decoding=\"async\" loading=\"lazy\" width=\"768\" height=\"1024\" src=\"http:\/\/imkerei-watermeyer.de\/wp-content\/uploads\/2019\/07\/IMG-4850-1-e1564306907445-768x1024.jpg\" alt=\"\" data-id=\"679\" data-link=\"http:\/\/imkerei-watermeyer.de\/?attachment_id=679\" class=\"wp-image-679\" srcset=\"http:\/\/imkerei-watermeyer.de\/wp-content\/uploads\/2019\/07\/IMG-4850-1-e1564306907445-768x1024.jpg 768w, http:\/\/imkerei-watermeyer.de\/wp-content\/uploads\/2019\/07\/IMG-4850-1-e1564306907445-225x300.jpg 225w, http:\/\/imkerei-watermeyer.de\/wp-content\/uploads\/2019\/07\/IMG-4850-1-e1564306907445-1140x1520.jpg 1140w\" sizes=\"(max-width: 768px) 100vw, 768px\" \/><figcaption>Baumaterial f\u00fcr das Insektenhotel<\/figcaption><\/figure><\/li><li class=\"blocks-gallery-item\"><figure><img data-attachment-id=\"682\" data-permalink=\"http:\/\/imkerei-watermeyer.de\/?attachment_id=682\" data-orig-file=\"http:\/\/imkerei-watermeyer.de\/wp-content\/uploads\/2019\/07\/20190717_1203221848226993954077748.jpg\" data-orig-size=\"3024,4032\" data-comments-opened=\"1\" data-image-meta=\"{&quot;aperture&quot;:&quot;0&quot;,&quot;credit&quot;:&quot;&quot;,&quot;camera&quot;:&quot;&quot;,&quot;caption&quot;:&quot;&quot;,&quot;created_timestamp&quot;:&quot;0&quot;,&quot;copyright&quot;:&quot;&quot;,&quot;focal_length&quot;:&quot;0&quot;,&quot;iso&quot;:&quot;0&quot;,&quot;shutter_speed&quot;:&quot;0&quot;,&quot;title&quot;:&quot;&quot;,&quot;orientation&quot;:&quot;0&quot;}\" data-image-title=\"20190717_1203221848226993954077748.jpg\" data-image-description=\"\" data-image-caption=\"&lt;p&gt;Streichen der Leimholzbretter f\u00fcr die Au\u00dfenw\u00e4nde&lt;\/p&gt;\n\" data-medium-file=\"http:\/\/imkerei-watermeyer.de\/wp-content\/uploads\/2019\/07\/20190717_1203221848226993954077748-225x300.jpg\" data-large-file=\"http:\/\/imkerei-watermeyer.de\/wp-content\/uploads\/2019\/07\/20190717_1203221848226993954077748-768x1024.jpg\" decoding=\"async\" loading=\"lazy\" width=\"768\" height=\"1024\" src=\"http:\/\/imkerei-watermeyer.de\/wp-content\/uploads\/2019\/07\/20190717_1203221848226993954077748-768x1024.jpg\" alt=\"\" data-id=\"682\" data-link=\"http:\/\/imkerei-watermeyer.de\/?attachment_id=682\" class=\"wp-image-682\" srcset=\"http:\/\/imkerei-watermeyer.de\/wp-content\/uploads\/2019\/07\/20190717_1203221848226993954077748-768x1024.jpg 768w, http:\/\/imkerei-watermeyer.de\/wp-content\/uploads\/2019\/07\/20190717_1203221848226993954077748-225x300.jpg 225w, http:\/\/imkerei-watermeyer.de\/wp-content\/uploads\/2019\/07\/20190717_1203221848226993954077748-1140x1520.jpg 1140w\" sizes=\"(max-width: 768px) 100vw, 768px\" \/><figcaption>Streichen der Leimholzbretter f\u00fcr die Au\u00dfenw\u00e4nde<\/figcaption><\/figure><\/li><li class=\"blocks-gallery-item\"><figure><img data-attachment-id=\"674\" data-permalink=\"http:\/\/imkerei-watermeyer.de\/?attachment_id=674\" data-orig-file=\"http:\/\/imkerei-watermeyer.de\/wp-content\/uploads\/2019\/07\/dsc00208.jpg\" data-orig-size=\"5184,3888\" data-comments-opened=\"1\" data-image-meta=\"{&quot;aperture&quot;:&quot;3.2&quot;,&quot;credit&quot;:&quot;&quot;,&quot;camera&quot;:&quot;DSC-HX400V&quot;,&quot;caption&quot;:&quot;&quot;,&quot;created_timestamp&quot;:&quot;1563542116&quot;,&quot;copyright&quot;:&quot;&quot;,&quot;focal_length&quot;:&quot;4.3&quot;,&quot;iso&quot;:&quot;80&quot;,&quot;shutter_speed&quot;:&quot;0.001&quot;,&quot;title&quot;:&quot;&quot;,&quot;orientation&quot;:&quot;1&quot;}\" data-image-title=\"dsc00208\" data-image-description=\"&lt;p&gt;Anschrauben der Aufh\u00e4ngeleiste&lt;\/p&gt;\n\" data-image-caption=\"&lt;p&gt;Anschrauben der Befestigungsleiste&lt;\/p&gt;\n\" data-medium-file=\"http:\/\/imkerei-watermeyer.de\/wp-content\/uploads\/2019\/07\/dsc00208-300x225.jpg\" data-large-file=\"http:\/\/imkerei-watermeyer.de\/wp-content\/uploads\/2019\/07\/dsc00208-1024x768.jpg\" decoding=\"async\" loading=\"lazy\" width=\"1024\" height=\"768\" src=\"http:\/\/imkerei-watermeyer.de\/wp-content\/uploads\/2019\/07\/dsc00208-1024x768.jpg\" alt=\"\" data-id=\"674\" data-link=\"http:\/\/imkerei-watermeyer.de\/?attachment_id=674\" class=\"wp-image-674\" srcset=\"http:\/\/imkerei-watermeyer.de\/wp-content\/uploads\/2019\/07\/dsc00208-1024x768.jpg 1024w, http:\/\/imkerei-watermeyer.de\/wp-content\/uploads\/2019\/07\/dsc00208-300x225.jpg 300w, http:\/\/imkerei-watermeyer.de\/wp-content\/uploads\/2019\/07\/dsc00208-768x576.jpg 768w, http:\/\/imkerei-watermeyer.de\/wp-content\/uploads\/2019\/07\/dsc00208-1140x855.jpg 1140w\" sizes=\"(max-width: 1024px) 100vw, 1024px\" \/><figcaption>Anschrauben der Befestigungsleiste<\/figcaption><\/figure><\/li><li class=\"blocks-gallery-item\"><figure><img data-attachment-id=\"678\" data-permalink=\"http:\/\/imkerei-watermeyer.de\/?attachment_id=678\" data-orig-file=\"http:\/\/imkerei-watermeyer.de\/wp-content\/uploads\/2019\/07\/dsc00212.jpg\" data-orig-size=\"5184,3888\" data-comments-opened=\"1\" data-image-meta=\"{&quot;aperture&quot;:&quot;3.5&quot;,&quot;credit&quot;:&quot;&quot;,&quot;camera&quot;:&quot;DSC-HX400V&quot;,&quot;caption&quot;:&quot;&quot;,&quot;created_timestamp&quot;:&quot;1563543737&quot;,&quot;copyright&quot;:&quot;&quot;,&quot;focal_length&quot;:&quot;9.53&quot;,&quot;iso&quot;:&quot;80&quot;,&quot;shutter_speed&quot;:&quot;0.0015625&quot;,&quot;title&quot;:&quot;&quot;,&quot;orientation&quot;:&quot;1&quot;}\" data-image-title=\"dsc00212\" data-image-description=\"&lt;p&gt;Grundkonstruktion des Insektenhotels&lt;\/p&gt;\n\" data-image-caption=\"&lt;p&gt;Grundkonstruktion des Insektenhotels&lt;\/p&gt;\n\" data-medium-file=\"http:\/\/imkerei-watermeyer.de\/wp-content\/uploads\/2019\/07\/dsc00212-300x225.jpg\" data-large-file=\"http:\/\/imkerei-watermeyer.de\/wp-content\/uploads\/2019\/07\/dsc00212-1024x768.jpg\" decoding=\"async\" loading=\"lazy\" width=\"1024\" height=\"768\" src=\"http:\/\/imkerei-watermeyer.de\/wp-content\/uploads\/2019\/07\/dsc00212-1024x768.jpg\" alt=\"\" data-id=\"678\" data-link=\"http:\/\/imkerei-watermeyer.de\/?attachment_id=678\" class=\"wp-image-678\" srcset=\"http:\/\/imkerei-watermeyer.de\/wp-content\/uploads\/2019\/07\/dsc00212-1024x768.jpg 1024w, http:\/\/imkerei-watermeyer.de\/wp-content\/uploads\/2019\/07\/dsc00212-300x225.jpg 300w, http:\/\/imkerei-watermeyer.de\/wp-content\/uploads\/2019\/07\/dsc00212-768x576.jpg 768w, http:\/\/imkerei-watermeyer.de\/wp-content\/uploads\/2019\/07\/dsc00212-1140x855.jpg 1140w\" sizes=\"(max-width: 1024px) 100vw, 1024px\" \/><figcaption>Grundkonstruktion des Insektenhotels<\/figcaption><\/figure><\/li><li class=\"blocks-gallery-item\"><figure><img data-attachment-id=\"673\" data-permalink=\"http:\/\/imkerei-watermeyer.de\/?attachment_id=673\" data-orig-file=\"http:\/\/imkerei-watermeyer.de\/wp-content\/uploads\/2019\/07\/dsc00214.jpg\" data-orig-size=\"5184,3888\" data-comments-opened=\"1\" data-image-meta=\"{&quot;aperture&quot;:&quot;2.8&quot;,&quot;credit&quot;:&quot;&quot;,&quot;camera&quot;:&quot;DSC-HX400V&quot;,&quot;caption&quot;:&quot;&quot;,&quot;created_timestamp&quot;:&quot;1563552145&quot;,&quot;copyright&quot;:&quot;&quot;,&quot;focal_length&quot;:&quot;4.3&quot;,&quot;iso&quot;:&quot;800&quot;,&quot;shutter_speed&quot;:&quot;0.033333333333333&quot;,&quot;title&quot;:&quot;&quot;,&quot;orientation&quot;:&quot;1&quot;}\" data-image-title=\"dsc00214\" data-image-description=\"\" data-image-caption=\"&lt;p&gt;Einkleben der Bambusr\u00f6hren in die Grundkonstruktion&lt;\/p&gt;\n\" data-medium-file=\"http:\/\/imkerei-watermeyer.de\/wp-content\/uploads\/2019\/07\/dsc00214-300x225.jpg\" data-large-file=\"http:\/\/imkerei-watermeyer.de\/wp-content\/uploads\/2019\/07\/dsc00214-1024x768.jpg\" decoding=\"async\" loading=\"lazy\" width=\"1024\" height=\"768\" src=\"http:\/\/imkerei-watermeyer.de\/wp-content\/uploads\/2019\/07\/dsc00214-1024x768.jpg\" alt=\"\" data-id=\"673\" data-link=\"http:\/\/imkerei-watermeyer.de\/?attachment_id=673\" class=\"wp-image-673\" srcset=\"http:\/\/imkerei-watermeyer.de\/wp-content\/uploads\/2019\/07\/dsc00214-1024x768.jpg 1024w, http:\/\/imkerei-watermeyer.de\/wp-content\/uploads\/2019\/07\/dsc00214-300x225.jpg 300w, http:\/\/imkerei-watermeyer.de\/wp-content\/uploads\/2019\/07\/dsc00214-768x576.jpg 768w, http:\/\/imkerei-watermeyer.de\/wp-content\/uploads\/2019\/07\/dsc00214-1140x855.jpg 1140w\" sizes=\"(max-width: 1024px) 100vw, 1024px\" \/><figcaption>Einkleben der Bambusr\u00f6hren in die Grundkonstruktion<\/figcaption><\/figure><\/li><li class=\"blocks-gallery-item\"><figure><img data-attachment-id=\"686\" data-permalink=\"http:\/\/imkerei-watermeyer.de\/?attachment_id=686\" data-orig-file=\"http:\/\/imkerei-watermeyer.de\/wp-content\/uploads\/2019\/07\/dsc00386-e1564310785592.jpg\" data-orig-size=\"3888,5184\" data-comments-opened=\"1\" data-image-meta=\"{&quot;aperture&quot;:&quot;3.2&quot;,&quot;credit&quot;:&quot;&quot;,&quot;camera&quot;:&quot;DSC-HX400V&quot;,&quot;caption&quot;:&quot;&quot;,&quot;created_timestamp&quot;:&quot;1564317482&quot;,&quot;copyright&quot;:&quot;&quot;,&quot;focal_length&quot;:&quot;5.38&quot;,&quot;iso&quot;:&quot;80&quot;,&quot;shutter_speed&quot;:&quot;0.000625&quot;,&quot;title&quot;:&quot;&quot;,&quot;orientation&quot;:&quot;8&quot;}\" data-image-title=\"Fertiges Insektenhotel\" data-image-description=\"&lt;p&gt;Das fertige Insektenhotel&lt;\/p&gt;\n\" data-image-caption=\"&lt;p&gt;Das fertige Insektenhotel&lt;\/p&gt;\n\" data-medium-file=\"http:\/\/imkerei-watermeyer.de\/wp-content\/uploads\/2019\/07\/dsc00386-e1564310785592-225x300.jpg\" data-large-file=\"http:\/\/imkerei-watermeyer.de\/wp-content\/uploads\/2019\/07\/dsc00386-e1564310785592-768x1024.jpg\" decoding=\"async\" loading=\"lazy\" width=\"768\" height=\"1024\" src=\"http:\/\/imkerei-watermeyer.de\/wp-content\/uploads\/2019\/07\/dsc00386-e1564310785592-768x1024.jpg\" alt=\"\" data-id=\"686\" data-link=\"http:\/\/imkerei-watermeyer.de\/?attachment_id=686\" class=\"wp-image-686\" srcset=\"http:\/\/imkerei-watermeyer.de\/wp-content\/uploads\/2019\/07\/dsc00386-e1564310785592-768x1024.jpg 768w, http:\/\/imkerei-watermeyer.de\/wp-content\/uploads\/2019\/07\/dsc00386-e1564310785592-225x300.jpg 225w, http:\/\/imkerei-watermeyer.de\/wp-content\/uploads\/2019\/07\/dsc00386-e1564310785592-1140x1520.jpg 1140w\" sizes=\"(max-width: 768px) 100vw, 768px\" \/><figcaption>Das fertige Insektenhotel<\/figcaption><\/figure><\/li><\/ul>\n\n\n\n<p>Wie immer w\u00fcrden wir uns \u00fcber konstruktive Kritik freuen. Was w\u00fcrdet ihr anders machen oder was habt ihr anders gemacht, als ihr selber ein Insektenhotel gebaut habt? Hat euch unser Bericht gefallen, dann hinterlasst uns doch bitte einen wohlwollenden Kommentar und dr\u00fcckt f\u00fcr uns den &#8222;gef\u00e4llt mir&#8220;-Button oder noch besser: Teilt diese Seite mit anderen Leuten, die das auch interessieren k\u00f6nnte.<\/p>\n","protected":false},"excerpt":{"rendered":"<p>Wie letztens auf unserem Instagram-Account angek\u00fcndigt, haben wir in den Sommerferien zusammen mit den Kindern ein Insektenhotel gebaut. Sicher keine Profi-Variante, sicher gibt es einige Dinge, die verbesserungsw\u00fcrdig w\u00e4ren, aber es ist halt selbstgemacht. Die Idee dazu kam uns bei einem unserer Besuche in Bielefeld bei Inas Eltern. Dort nisten [&hellip;]<\/p>\n","protected":false},"author":1,"featured_media":686,"comment_status":"open","ping_status":"open","sticky":false,"template":"","format":"standard","meta":{"jetpack_post_was_ever_published":false,"_jetpack_newsletter_access":"","jetpack_publicize_message":"","jetpack_is_tweetstorm":false,"jetpack_publicize_feature_enabled":true,"jetpack_social_post_already_shared":true,"jetpack_social_options":{"image_generator_settings":{"template":"highway","enabled":false}}},"categories":[3],"tags":[29,106,112,15,96,105,90,89,88,108,109,110,111,107],"jetpack_publicize_connections":[],"jetpack_featured_media_url":"http:\/\/imkerei-watermeyer.de\/wp-content\/uploads\/2019\/07\/dsc00386-e1564310785592.jpg","jetpack_sharing_enabled":true,"jetpack_shortlink":"https:\/\/wp.me\/p9uDaz-aN","jetpack_likes_enabled":true,"jetpack-related-posts":[{"id":614,"url":"http:\/\/imkerei-watermeyer.de\/?p=614","url_meta":{"origin":669,"position":0},"title":"Aller Anfang ist &#8211; Rosmarin und Knoblauch&#8230;!","author":"laggenbiene","date":"Juli 14, 2019","format":false,"excerpt":"Ein allererster Blogbeitrag ist nicht einfach auszusuchen - muss es \"knallen\"? - muss es tiefgr\u00fcndig sein? - muss es besonders professionell wirken? Nein! Auch wenn man sich das schon vorher immer wie ein Mantra sagt - es dann auch wirklich zu beherzigen, ist die andere Sache... ;-) Es hat mich\u2026","rel":"","context":"In &quot;Kr\u00e4uter und Gew\u00fcrze&quot;","block_context":{"text":"Kr\u00e4uter und Gew\u00fcrze","link":"http:\/\/imkerei-watermeyer.de\/?cat=82"},"img":{"alt_text":"","src":"https:\/\/i0.wp.com\/imkerei-watermeyer.de\/wp-content\/uploads\/2019\/07\/org_dsc00145.jpg?resize=350%2C200","width":350,"height":200,"srcset":"https:\/\/i0.wp.com\/imkerei-watermeyer.de\/wp-content\/uploads\/2019\/07\/org_dsc00145.jpg?resize=350%2C200 1x, https:\/\/i0.wp.com\/imkerei-watermeyer.de\/wp-content\/uploads\/2019\/07\/org_dsc00145.jpg?resize=700%2C400 2x, https:\/\/i0.wp.com\/imkerei-watermeyer.de\/wp-content\/uploads\/2019\/07\/org_dsc00145.jpg?resize=1050%2C600 3x, https:\/\/i0.wp.com\/imkerei-watermeyer.de\/wp-content\/uploads\/2019\/07\/org_dsc00145.jpg?resize=1400%2C800 4x"},"classes":[]},{"id":972,"url":"http:\/\/imkerei-watermeyer.de\/?p=972","url_meta":{"origin":669,"position":1},"title":"V\u00f6gel in unserem Garten","author":"Homeraner","date":"Mai 31, 2020","format":false,"excerpt":"Heute m\u00f6chten wir euch einmal ein paar Fotos von den V\u00f6geln zeigen, die bei uns im Garten heimisch sind. Rotkehlchen am Gartenschlauch Wir genie\u00dfen es, bei uns auf dem Balkon zu sitzen und dem Gezwitscher der V\u00f6gel zu lauschen. Von dort aus haben wir einen guten Blick auf die Nistk\u00e4sten,\u2026","rel":"","context":"In &quot;Garten&quot;","block_context":{"text":"Garten","link":"http:\/\/imkerei-watermeyer.de\/?cat=163"},"img":{"alt_text":"","src":"https:\/\/i0.wp.com\/imkerei-watermeyer.de\/wp-content\/uploads\/2020\/05\/DSC01389-scaled.jpg?resize=350%2C200","width":350,"height":200,"srcset":"https:\/\/i0.wp.com\/imkerei-watermeyer.de\/wp-content\/uploads\/2020\/05\/DSC01389-scaled.jpg?resize=350%2C200 1x, https:\/\/i0.wp.com\/imkerei-watermeyer.de\/wp-content\/uploads\/2020\/05\/DSC01389-scaled.jpg?resize=700%2C400 2x, https:\/\/i0.wp.com\/imkerei-watermeyer.de\/wp-content\/uploads\/2020\/05\/DSC01389-scaled.jpg?resize=1050%2C600 3x, https:\/\/i0.wp.com\/imkerei-watermeyer.de\/wp-content\/uploads\/2020\/05\/DSC01389-scaled.jpg?resize=1400%2C800 4x"},"classes":[]},{"id":996,"url":"http:\/\/imkerei-watermeyer.de\/?p=996","url_meta":{"origin":669,"position":2},"title":"Honiglik\u00f6r aus Entdeckelungswachs","author":"Homeraner","date":"Juni 3, 2020","format":false,"excerpt":"Der Fr\u00fchjahrshonig braucht noch etwas, aber daf\u00fcr ist der Honiglik\u00f6r schon fertig!Er hat ein wundervolles Honigaroma, aber auch ordentlich Bums durch den Wodka! F\u00fcr den Honiglik\u00f6r haben wir das Entdeckelungswachs, das beim Entdeckeln der Honigwaben anf\u00e4llt, mit Wodka aufgegossen und mit Bio-Zitronen aromatisiert. An dem Entdeckelungswachs haftet n\u00e4mlich noch ordentlich\u2026","rel":"","context":"In &quot;Getr\u00e4nke&quot;","block_context":{"text":"Getr\u00e4nke","link":"http:\/\/imkerei-watermeyer.de\/?cat=115"},"img":{"alt_text":"","src":"https:\/\/i0.wp.com\/imkerei-watermeyer.de\/wp-content\/uploads\/2020\/06\/img_7481-2-scaled.jpg?resize=350%2C200","width":350,"height":200,"srcset":"https:\/\/i0.wp.com\/imkerei-watermeyer.de\/wp-content\/uploads\/2020\/06\/img_7481-2-scaled.jpg?resize=350%2C200 1x, https:\/\/i0.wp.com\/imkerei-watermeyer.de\/wp-content\/uploads\/2020\/06\/img_7481-2-scaled.jpg?resize=700%2C400 2x, https:\/\/i0.wp.com\/imkerei-watermeyer.de\/wp-content\/uploads\/2020\/06\/img_7481-2-scaled.jpg?resize=1050%2C600 3x, https:\/\/i0.wp.com\/imkerei-watermeyer.de\/wp-content\/uploads\/2020\/06\/img_7481-2-scaled.jpg?resize=1400%2C800 4x"},"classes":[]},{"id":689,"url":"http:\/\/imkerei-watermeyer.de\/?p=689","url_meta":{"origin":669,"position":3},"title":"Lavendellik\u00f6r","author":"laggenbiene","date":"August 4, 2019","format":false,"excerpt":"Der Lavendel bl\u00fcht - auch auf unserer Terrasse! Das emsige Treiben auf den Bl\u00fctenst\u00e4nden ist herrlich anzusehen. Ich habe mir diese Woche mal ein kreatives Rezept geschnappt zum \"Verwerten\" der duftenden Bl\u00fcten und einen Lavendellik\u00f6r angesetzt. Hier lest ihr \u00fcber das Rezept.","rel":"","context":"In &quot;Getr\u00e4nke&quot;","block_context":{"text":"Getr\u00e4nke","link":"http:\/\/imkerei-watermeyer.de\/?cat=115"},"img":{"alt_text":"","src":"https:\/\/i0.wp.com\/imkerei-watermeyer.de\/wp-content\/uploads\/2019\/08\/dsc00416.jpg?resize=350%2C200","width":350,"height":200,"srcset":"https:\/\/i0.wp.com\/imkerei-watermeyer.de\/wp-content\/uploads\/2019\/08\/dsc00416.jpg?resize=350%2C200 1x, https:\/\/i0.wp.com\/imkerei-watermeyer.de\/wp-content\/uploads\/2019\/08\/dsc00416.jpg?resize=700%2C400 2x, https:\/\/i0.wp.com\/imkerei-watermeyer.de\/wp-content\/uploads\/2019\/08\/dsc00416.jpg?resize=1050%2C600 3x, https:\/\/i0.wp.com\/imkerei-watermeyer.de\/wp-content\/uploads\/2019\/08\/dsc00416.jpg?resize=1400%2C800 4x"},"classes":[]},{"id":218,"url":"http:\/\/imkerei-watermeyer.de\/?p=218","url_meta":{"origin":669,"position":4},"title":"Einwintern","author":"Homeraner","date":"August 31, 2015","format":false,"excerpt":"Morgen werden wieder Spekulatius und Dominosteine Einzug in deutsche Superm\u00e4rkte halten und der meteorologische Herbst beginnt. Der Hochsommer verabschiedet sich gerade bei uns mit Blitz und Donner. Doch wir Imker sind schon einen Schritt weiter! Im August stand bei unseren V\u00f6lkern das sogenannte Einwintern auf dem Programm. Zu den Arbeiten\u2026","rel":"","context":"In &quot;Blick ins Volk&quot;","block_context":{"text":"Blick ins Volk","link":"http:\/\/imkerei-watermeyer.de\/?cat=4"},"img":{"alt_text":"","src":"https:\/\/i0.wp.com\/imkerei-watermeyer.de\/wp-content\/uploads\/2015\/08\/IMG_4358-0.jpg?resize=350%2C200","width":350,"height":200,"srcset":"https:\/\/i0.wp.com\/imkerei-watermeyer.de\/wp-content\/uploads\/2015\/08\/IMG_4358-0.jpg?resize=350%2C200 1x, https:\/\/i0.wp.com\/imkerei-watermeyer.de\/wp-content\/uploads\/2015\/08\/IMG_4358-0.jpg?resize=700%2C400 2x, https:\/\/i0.wp.com\/imkerei-watermeyer.de\/wp-content\/uploads\/2015\/08\/IMG_4358-0.jpg?resize=1050%2C600 3x, https:\/\/i0.wp.com\/imkerei-watermeyer.de\/wp-content\/uploads\/2015\/08\/IMG_4358-0.jpg?resize=1400%2C800 4x"},"classes":[]},{"id":213,"url":"http:\/\/imkerei-watermeyer.de\/?p=213","url_meta":{"origin":669,"position":5},"title":"Die Sonne(nblume) lacht","author":"Homeraner","date":"August 13, 2015","format":false,"excerpt":"\u00dcblicherweise werden die Bienen nach der letzten Ernte im Juli f\u00fcr den Winter vorbereitet. Das hei\u00dft, dass die Bienenv\u00f6lker nach der Lindenbl\u00fcte mit Ameisens\u00e4ure gegen die Varroamilbe behandelt werden und ihr Winterfutter als Ausgleich f\u00fcr den entnommenen Honig bekommen. Bei unseren V\u00f6lkern bei uns zuhause warten wir allerdings noch aus\u2026","rel":"","context":"In &quot;Bienenbilder&quot;","block_context":{"text":"Bienenbilder","link":"http:\/\/imkerei-watermeyer.de\/?cat=2"},"img":{"alt_text":"","src":"https:\/\/i0.wp.com\/imkerei-watermeyer.de\/wp-content\/uploads\/2015\/08\/IMG_4103-0.jpg?resize=350%2C200","width":350,"height":200,"srcset":"https:\/\/i0.wp.com\/imkerei-watermeyer.de\/wp-content\/uploads\/2015\/08\/IMG_4103-0.jpg?resize=350%2C200 1x, https:\/\/i0.wp.com\/imkerei-watermeyer.de\/wp-content\/uploads\/2015\/08\/IMG_4103-0.jpg?resize=700%2C400 2x, https:\/\/i0.wp.com\/imkerei-watermeyer.de\/wp-content\/uploads\/2015\/08\/IMG_4103-0.jpg?resize=1050%2C600 3x, https:\/\/i0.wp.com\/imkerei-watermeyer.de\/wp-content\/uploads\/2015\/08\/IMG_4103-0.jpg?resize=1400%2C800 4x"},"classes":[]}],"_links":{"self":[{"href":"http:\/\/imkerei-watermeyer.de\/index.php?rest_route=\/wp\/v2\/posts\/669"}],"collection":[{"href":"http:\/\/imkerei-watermeyer.de\/index.php?rest_route=\/wp\/v2\/posts"}],"about":[{"href":"http:\/\/imkerei-watermeyer.de\/index.php?rest_route=\/wp\/v2\/types\/post"}],"author":[{"embeddable":true,"href":"http:\/\/imkerei-watermeyer.de\/index.php?rest_route=\/wp\/v2\/users\/1"}],"replies":[{"embeddable":true,"href":"http:\/\/imkerei-watermeyer.de\/index.php?rest_route=%2Fwp%2Fv2%2Fcomments&post=669"}],"version-history":[{"count":5,"href":"http:\/\/imkerei-watermeyer.de\/index.php?rest_route=\/wp\/v2\/posts\/669\/revisions"}],"predecessor-version":[{"id":688,"href":"http:\/\/imkerei-watermeyer.de\/index.php?rest_route=\/wp\/v2\/posts\/669\/revisions\/688"}],"wp:featuredmedia":[{"embeddable":true,"href":"http:\/\/imkerei-watermeyer.de\/index.php?rest_route=\/wp\/v2\/media\/686"}],"wp:attachment":[{"href":"http:\/\/imkerei-watermeyer.de\/index.php?rest_route=%2Fwp%2Fv2%2Fmedia&parent=669"}],"wp:term":[{"taxonomy":"category","embeddable":true,"href":"http:\/\/imkerei-watermeyer.de\/index.php?rest_route=%2Fwp%2Fv2%2Fcategories&post=669"},{"taxonomy":"post_tag","embeddable":true,"href":"http:\/\/imkerei-watermeyer.de\/index.php?rest_route=%2Fwp%2Fv2%2Ftags&post=669"}],"curies":[{"name":"wp","href":"https:\/\/api.w.org\/{rel}","templated":true}]}}