{"id":655,"date":"2019-07-21T06:00:10","date_gmt":"2019-07-21T06:00:10","guid":{"rendered":"http:\/\/imkerei-watermeyer.de\/?p=655"},"modified":"2019-07-21T10:21:03","modified_gmt":"2019-07-21T10:21:03","slug":"honigernte-spaettracht","status":"publish","type":"post","link":"http:\/\/imkerei-watermeyer.de\/?p=655","title":{"rendered":"Honigernte &#8211; Sp\u00e4ttracht"},"content":{"rendered":"\n<p>Am letzten Mittwoch konnten wir wieder Honig ernten.  W\u00e4hrend der Lindenbl\u00fcte konnten die Bienen so einiges an Nektar eintragen und in M\u00fcnster-Amelsb\u00fcren haben sie sich auch flei\u00dfig an der dort angelegten Blumenwiese bedient.<\/p>\n\n\n\n<figure class=\"wp-block-image\"><img data-attachment-id=\"659\" data-permalink=\"http:\/\/imkerei-watermeyer.de\/?attachment_id=659\" data-orig-file=\"http:\/\/imkerei-watermeyer.de\/wp-content\/uploads\/2019\/07\/20190718_192957_1-e1563697541211.jpg\" data-orig-size=\"2124,2832\" data-comments-opened=\"1\" data-image-meta=\"{&quot;aperture&quot;:&quot;1.7&quot;,&quot;credit&quot;:&quot;&quot;,&quot;camera&quot;:&quot;SM-A750FN&quot;,&quot;caption&quot;:&quot;&quot;,&quot;created_timestamp&quot;:&quot;1563478197&quot;,&quot;copyright&quot;:&quot;&quot;,&quot;focal_length&quot;:&quot;3.93&quot;,&quot;iso&quot;:&quot;40&quot;,&quot;shutter_speed&quot;:&quot;0.0058479532163743&quot;,&quot;title&quot;:&quot;&quot;,&quot;orientation&quot;:&quot;1&quot;}\" data-image-title=\"20190718_192957_1\" data-image-description=\"\" data-image-caption=\"\" data-medium-file=\"http:\/\/imkerei-watermeyer.de\/wp-content\/uploads\/2019\/07\/20190718_192957_1-e1563697541211-225x300.jpg\" data-large-file=\"http:\/\/imkerei-watermeyer.de\/wp-content\/uploads\/2019\/07\/20190718_192957_1-e1563697541211-768x1024.jpg\" decoding=\"async\" loading=\"lazy\" width=\"768\" height=\"1024\" src=\"http:\/\/imkerei-watermeyer.de\/wp-content\/uploads\/2019\/07\/20190718_192957_1-e1563697541211-768x1024.jpg\" alt=\"\" class=\"wp-image-659\" srcset=\"http:\/\/imkerei-watermeyer.de\/wp-content\/uploads\/2019\/07\/20190718_192957_1-e1563697541211-768x1024.jpg 768w, http:\/\/imkerei-watermeyer.de\/wp-content\/uploads\/2019\/07\/20190718_192957_1-e1563697541211-225x300.jpg 225w, http:\/\/imkerei-watermeyer.de\/wp-content\/uploads\/2019\/07\/20190718_192957_1-e1563697541211-1140x1520.jpg 1140w\" sizes=\"(max-width: 768px) 100vw, 768px\" \/><figcaption>Biene in der Wildblumenwiese<\/figcaption><\/figure>\n\n\n\n<p>Die Bienen haben das k\u00e4ltere Wetter der Tage zuvor genutzt und haben den eingetragenen Nektar zu Honig weiterverarbeitet. Sie trocknen den Nektar und wenn der Wassergehalt gering genug ist, verdeckeln die Bienen die vollen Honigwaben mit einem Wachsdeckel.<\/p>\n\n\n\n<figure class=\"wp-block-image\"><img data-attachment-id=\"641\" data-permalink=\"http:\/\/imkerei-watermeyer.de\/?attachment_id=641\" data-orig-file=\"http:\/\/imkerei-watermeyer.de\/wp-content\/uploads\/2019\/07\/dsc00163-1.jpg\" data-orig-size=\"5184,3888\" data-comments-opened=\"1\" data-image-meta=\"{&quot;aperture&quot;:&quot;2.8&quot;,&quot;credit&quot;:&quot;&quot;,&quot;camera&quot;:&quot;DSC-HX400V&quot;,&quot;caption&quot;:&quot;&quot;,&quot;created_timestamp&quot;:&quot;1563389487&quot;,&quot;copyright&quot;:&quot;&quot;,&quot;focal_length&quot;:&quot;4.3&quot;,&quot;iso&quot;:&quot;80&quot;,&quot;shutter_speed&quot;:&quot;0.033333333333333&quot;,&quot;title&quot;:&quot;&quot;,&quot;orientation&quot;:&quot;1&quot;}\" data-image-title=\"dsc00163\" data-image-description=\"\" data-image-caption=\"\" data-medium-file=\"http:\/\/imkerei-watermeyer.de\/wp-content\/uploads\/2019\/07\/dsc00163-1-300x225.jpg\" data-large-file=\"http:\/\/imkerei-watermeyer.de\/wp-content\/uploads\/2019\/07\/dsc00163-1-1024x768.jpg\" decoding=\"async\" loading=\"lazy\" width=\"1024\" height=\"768\" src=\"http:\/\/imkerei-watermeyer.de\/wp-content\/uploads\/2019\/07\/dsc00163-1-1024x768.jpg\" alt=\"\" class=\"wp-image-641\" srcset=\"http:\/\/imkerei-watermeyer.de\/wp-content\/uploads\/2019\/07\/dsc00163-1-1024x768.jpg 1024w, http:\/\/imkerei-watermeyer.de\/wp-content\/uploads\/2019\/07\/dsc00163-1-300x225.jpg 300w, http:\/\/imkerei-watermeyer.de\/wp-content\/uploads\/2019\/07\/dsc00163-1-768x576.jpg 768w, http:\/\/imkerei-watermeyer.de\/wp-content\/uploads\/2019\/07\/dsc00163-1-1140x855.jpg 1140w\" sizes=\"(max-width: 1024px) 100vw, 1024px\" \/><figcaption>R\u00e4hmchen mit verdeckelten Honigwaben<\/figcaption><\/figure>\n\n\n\n<p>Diese Wachsdeckel m\u00fcssen zuerst entfernt werden, bevor der Honig aus den Waben raus geschleudert werden kann. Daf\u00fcr nutzen wir eine Entdeckelungsgabel. Mit den Stiften der Gabel gehen wir unter die Wachsdeckel und heben sie von den Waben ab. Wie das geht, seht ihr in folgendem Video:<\/p>\n\n\n\n<figure class=\"wp-block-video\"><video controls src=\"http:\/\/imkerei-watermeyer.de\/wp-content\/uploads\/2019\/07\/joined-video-8c65d02fc057445b9b11c3bacb3526a4.mp4\"><\/video><figcaption>Entdeckeln von Honigwaben mit einer Entdeckelungswabe<\/figcaption><\/figure>\n\n\n\n<p>Die R\u00e4hmchen mit den entdeckelten Honigwaben werden dann in die Honigschleuder gestellt und mit Hilfe der Zentrifugalkraft wird dort der Honig aus den Waben geschleudert.<\/p>\n\n\n\n<figure class=\"wp-block-video\"><video controls src=\"http:\/\/imkerei-watermeyer.de\/wp-content\/uploads\/2019\/07\/img_4868.mov\"><\/video><figcaption>Honigr\u00e4hmchen in der Honigschleuder<\/figcaption><\/figure>\n\n\n\n<p>Wir benutzen \u00fcbrigens eine 4-Waben-Tangential-Schleuder. Das bedeutet, dass wir 4 Waben gleichzeitig in die Schleuder stellen k\u00f6nnen. Die R\u00e4hmchen sind dabei parallel zur Au\u00dfenwand angeordnet.  Wir m\u00fcssen dabei darauf achten, dass die gegen\u00fcberliegenden R\u00e4hmchen m\u00f6glichst gleich schwer sind, damit es keine Unwucht gibt, wenn die R\u00e4hmchen geschleudert werden.<\/p>\n\n\n\n<p>Und wenn dann der Honig aus den R\u00e4hmchen gegen die Wand der Schleuder zentrifugiert wurde, der Honig runtergelaufen ist und sich am Boden gesammelt hat, kann der Ablasshahn ge\u00f6ffnet werden und der Honig flie\u00dft aus der Schleuder \u00fcber ein grobes und ein feines Sieb in einen Eimer. Honig nach den Regeln des Deutschen Imkerbundes wird \u00fcbrigens nur gesiebt und niemals gefiltert! Ganz im Gegensatz zum Mischhonig unbekannter Herkunft (aus EG- und Nicht-EG-L\u00e4nder)! <\/p>\n\n\n\n<figure class=\"wp-block-image\"><img data-attachment-id=\"649\" data-permalink=\"http:\/\/imkerei-watermeyer.de\/?attachment_id=649\" data-orig-file=\"http:\/\/imkerei-watermeyer.de\/wp-content\/uploads\/2019\/07\/dsc00166-5.jpg\" data-orig-size=\"5184,3888\" data-comments-opened=\"1\" data-image-meta=\"{&quot;aperture&quot;:&quot;2.8&quot;,&quot;credit&quot;:&quot;&quot;,&quot;camera&quot;:&quot;DSC-HX400V&quot;,&quot;caption&quot;:&quot;&quot;,&quot;created_timestamp&quot;:&quot;1563391409&quot;,&quot;copyright&quot;:&quot;&quot;,&quot;focal_length&quot;:&quot;4.3&quot;,&quot;iso&quot;:&quot;125&quot;,&quot;shutter_speed&quot;:&quot;0.033333333333333&quot;,&quot;title&quot;:&quot;&quot;,&quot;orientation&quot;:&quot;1&quot;}\" data-image-title=\"dsc00166\" data-image-description=\"\" data-image-caption=\"\" data-medium-file=\"http:\/\/imkerei-watermeyer.de\/wp-content\/uploads\/2019\/07\/dsc00166-5-300x225.jpg\" data-large-file=\"http:\/\/imkerei-watermeyer.de\/wp-content\/uploads\/2019\/07\/dsc00166-5-1024x768.jpg\" decoding=\"async\" loading=\"lazy\" width=\"1024\" height=\"768\" src=\"http:\/\/imkerei-watermeyer.de\/wp-content\/uploads\/2019\/07\/dsc00166-5-1024x768.jpg\" alt=\"\" class=\"wp-image-649\" srcset=\"http:\/\/imkerei-watermeyer.de\/wp-content\/uploads\/2019\/07\/dsc00166-5-1024x768.jpg 1024w, http:\/\/imkerei-watermeyer.de\/wp-content\/uploads\/2019\/07\/dsc00166-5-300x225.jpg 300w, http:\/\/imkerei-watermeyer.de\/wp-content\/uploads\/2019\/07\/dsc00166-5-768x576.jpg 768w, http:\/\/imkerei-watermeyer.de\/wp-content\/uploads\/2019\/07\/dsc00166-5-1140x855.jpg 1140w\" sizes=\"(max-width: 1024px) 100vw, 1024px\" \/><figcaption>Honig flie\u00dft aus der Schleuder auf die Siebe<\/figcaption><\/figure>\n\n\n\n<p>Diesmal ist der Honig ziemlich hell und sehr fl\u00fcssig. Das und nat\u00fcrlich die Jahreszeit deuten darauf hin, dass ziemlich viel Lindenbl\u00fcten-Nektar in diesem Honig enthalten ist.<\/p>\n\n\n\n<p>Wir hoffen, wir konnten euch wieder etwas \u00fcber unser Hobby Imkerei vermitteln. Sollte euch der Beitrag gefallen haben, freuen wir uns nat\u00fcrlich \u00fcber jeden Kommentar. Schreibt uns, wenn ihr Fragen habt oder mehr wissen wollt! Und ansonsten gilt nat\u00fcrlich wieder: Bitte teilt unseren Beitrag oder &#8222;liked&#8220; unseren Beitrag \ud83d\ude09 <\/p>\n","protected":false},"excerpt":{"rendered":"<p>Am letzten Mittwoch konnten wir wieder Honig ernten. W\u00e4hrend der Lindenbl\u00fcte konnten die Bienen so einiges an Nektar eintragen und in M\u00fcnster-Amelsb\u00fcren haben sie sich auch flei\u00dfig an der dort angelegten Blumenwiese bedient. Die Bienen haben das k\u00e4ltere Wetter der Tage zuvor genutzt und haben den eingetragenen Nektar zu Honig [&hellip;]<\/p>\n","protected":false},"author":1,"featured_media":649,"comment_status":"open","ping_status":"open","sticky":false,"template":"","format":"standard","meta":{"jetpack_post_was_ever_published":false,"_jetpack_newsletter_access":"","jetpack_publicize_message":"","jetpack_is_tweetstorm":false,"jetpack_publicize_feature_enabled":true,"jetpack_social_post_already_shared":true,"jetpack_social_options":{"image_generator_settings":{"template":"highway","enabled":false}}},"categories":[2,104,3],"tags":[91,99,98,29,25,101,97,93,95,96,94,90,89,100,92,102,103],"jetpack_publicize_connections":[],"jetpack_featured_media_url":"http:\/\/imkerei-watermeyer.de\/wp-content\/uploads\/2019\/07\/dsc00166-5.jpg","jetpack_sharing_enabled":true,"jetpack_shortlink":"https:\/\/wp.me\/p9uDaz-az","jetpack_likes_enabled":true,"jetpack-related-posts":[{"id":213,"url":"http:\/\/imkerei-watermeyer.de\/?p=213","url_meta":{"origin":655,"position":0},"title":"Die Sonne(nblume) lacht","author":"Homeraner","date":"August 13, 2015","format":false,"excerpt":"\u00dcblicherweise werden die Bienen nach der letzten Ernte im Juli f\u00fcr den Winter vorbereitet. Das hei\u00dft, dass die Bienenv\u00f6lker nach der Lindenbl\u00fcte mit Ameisens\u00e4ure gegen die Varroamilbe behandelt werden und ihr Winterfutter als Ausgleich f\u00fcr den entnommenen Honig bekommen. Bei unseren V\u00f6lkern bei uns zuhause warten wir allerdings noch aus\u2026","rel":"","context":"In &quot;Bienenbilder&quot;","block_context":{"text":"Bienenbilder","link":"http:\/\/imkerei-watermeyer.de\/?cat=2"},"img":{"alt_text":"","src":"https:\/\/i0.wp.com\/imkerei-watermeyer.de\/wp-content\/uploads\/2015\/08\/IMG_4103-0.jpg?resize=350%2C200","width":350,"height":200,"srcset":"https:\/\/i0.wp.com\/imkerei-watermeyer.de\/wp-content\/uploads\/2015\/08\/IMG_4103-0.jpg?resize=350%2C200 1x, https:\/\/i0.wp.com\/imkerei-watermeyer.de\/wp-content\/uploads\/2015\/08\/IMG_4103-0.jpg?resize=700%2C400 2x, https:\/\/i0.wp.com\/imkerei-watermeyer.de\/wp-content\/uploads\/2015\/08\/IMG_4103-0.jpg?resize=1050%2C600 3x, https:\/\/i0.wp.com\/imkerei-watermeyer.de\/wp-content\/uploads\/2015\/08\/IMG_4103-0.jpg?resize=1400%2C800 4x"},"classes":[]},{"id":150,"url":"http:\/\/imkerei-watermeyer.de\/?p=150","url_meta":{"origin":655,"position":1},"title":"Biene zum Anfassen","author":"Homeraner","date":"Mai 13, 2015","format":false,"excerpt":"Heute war ich mal wieder an unseren Bienen.\u00a0Die Kontrolle der Drohnenr\u00e4hmchen und der Schwarmneigung standen an - und nat\u00fcrlich wirft man dabei auch schon einmal einen Blick in die oberste Etage der Beute, um zu kontrollieren, ob schon Honig eingetragen wurde. Zu den Drohnenr\u00e4hmchen werde ich die Tage noch einen\u2026","rel":"","context":"In &quot;Anatomie der Biene&quot;","block_context":{"text":"Anatomie der Biene","link":"http:\/\/imkerei-watermeyer.de\/?cat=11"},"img":{"alt_text":"","src":"https:\/\/i0.wp.com\/imkerei-watermeyer.de\/wp-content\/uploads\/2015\/05\/IMG_2130-300x225.jpg?resize=350%2C200","width":350,"height":200},"classes":[]},{"id":206,"url":"http:\/\/imkerei-watermeyer.de\/?p=206","url_meta":{"origin":655,"position":2},"title":"Sonntags in der K\u00fcrbisbl\u00fcte\u00a0","author":"Homeraner","date":"August 9, 2015","format":false,"excerpt":"Heute Morgen haben wir einen kleinen Sonntagssonnenscheinspaziergang durch unseren Garten gemacht. Unter anderem haben wir dabei unsere K\u00fcrbispflanze inspiziert. \u00dcblicherweise findet man ja immer nur eine Biene je Bl\u00fcte. Das hat allerdings nichts damit zu tun, dass Bienen egoistisch w\u00e4ren und keine andere Biene neben sich dulden w\u00fcrden! Es ist\u2026","rel":"","context":"In &quot;Bienenbilder&quot;","block_context":{"text":"Bienenbilder","link":"http:\/\/imkerei-watermeyer.de\/?cat=2"},"img":{"alt_text":"","src":"https:\/\/i0.wp.com\/imkerei-watermeyer.de\/wp-content\/uploads\/2015\/08\/IMG_3974.jpg?resize=350%2C200","width":350,"height":200,"srcset":"https:\/\/i0.wp.com\/imkerei-watermeyer.de\/wp-content\/uploads\/2015\/08\/IMG_3974.jpg?resize=350%2C200 1x, https:\/\/i0.wp.com\/imkerei-watermeyer.de\/wp-content\/uploads\/2015\/08\/IMG_3974.jpg?resize=700%2C400 2x, https:\/\/i0.wp.com\/imkerei-watermeyer.de\/wp-content\/uploads\/2015\/08\/IMG_3974.jpg?resize=1050%2C600 3x, https:\/\/i0.wp.com\/imkerei-watermeyer.de\/wp-content\/uploads\/2015\/08\/IMG_3974.jpg?resize=1400%2C800 4x"},"classes":[]},{"id":181,"url":"http:\/\/imkerei-watermeyer.de\/?p=181","url_meta":{"origin":655,"position":3},"title":"Guter Grund!","author":"Homeraner","date":"Juli 2, 2015","format":false,"excerpt":"\u00a0Zugegebenerma\u00dfen gab es in letzter Zeit kaum neue Beitr\u00e4ge auf unserer Seite. Das hatte aber einen sehr guten Grund! Wir waren viel an den Bienen und konnten dabei neues Material f\u00fcr die Homepage und vor allem Honig sammeln! Bei uns Zuhause konnten wir einen ganz besonderen Honig ernten. Unsere Bienen\u2026","rel":"","context":"Mit 1 Kommentar","block_context":{"text":"Mit 1 Kommentar","link":"http:\/\/imkerei-watermeyer.de\/?p=181#comments"},"img":{"alt_text":"","src":"","width":0,"height":0},"classes":[]},{"id":506,"url":"http:\/\/imkerei-watermeyer.de\/?p=506","url_meta":{"origin":655,"position":4},"title":"Zum ersten Mal Rapshonig?","author":"Homeraner","date":"Mai 1, 2018","format":false,"excerpt":"Nachdem meine Bienen und ich im letzten Jahr umgezogen sind, k\u00f6nnte ich in diesem Jahr zum ersten Mal Rapshonig ernten. Meine Bienen in M\u00fcnster stehen direkt neben einem Rapsfeld. Da stehen die Chancen nicht schlecht, dass ich zum ersten Mal einen Sortenhonig haben werde. Die Bienen tragen jedenfalls schon flei\u00dfig\u2026","rel":"","context":"In &quot;Arbeiten rund ums Volk&quot;","block_context":{"text":"Arbeiten rund ums Volk","link":"http:\/\/imkerei-watermeyer.de\/?cat=47"},"img":{"alt_text":"","src":"https:\/\/i0.wp.com\/imkerei-watermeyer.de\/wp-content\/uploads\/2018\/05\/img_0869.jpg?resize=350%2C200","width":350,"height":200,"srcset":"https:\/\/i0.wp.com\/imkerei-watermeyer.de\/wp-content\/uploads\/2018\/05\/img_0869.jpg?resize=350%2C200 1x, https:\/\/i0.wp.com\/imkerei-watermeyer.de\/wp-content\/uploads\/2018\/05\/img_0869.jpg?resize=700%2C400 2x, https:\/\/i0.wp.com\/imkerei-watermeyer.de\/wp-content\/uploads\/2018\/05\/img_0869.jpg?resize=1050%2C600 3x, https:\/\/i0.wp.com\/imkerei-watermeyer.de\/wp-content\/uploads\/2018\/05\/img_0869.jpg?resize=1400%2C800 4x"},"classes":[]},{"id":328,"url":"http:\/\/imkerei-watermeyer.de\/?p=328","url_meta":{"origin":655,"position":5},"title":"Lindenbl\u00fcte","author":"Homeraner","date":"Juni 30, 2016","format":false,"excerpt":"Derzeit steht eine der wichtigsten Trachtpflanzen f\u00fcr die Bienen in voller Bl\u00fcte. Die Linde. Das folgende Bild habe ich an der A2 an der Rastst\u00e4tte Bottrop aufgenommen als endlich mal wieder die Sonne raus kam. Reiner Lindenhonig aus dem Nektar der Bl\u00fcten ist ein sehr heller, kaum kristallisierender Honig und\u2026","rel":"","context":"In &quot;Bienenbilder&quot;","block_context":{"text":"Bienenbilder","link":"http:\/\/imkerei-watermeyer.de\/?cat=2"},"img":{"alt_text":"","src":"https:\/\/i0.wp.com\/imkerei-watermeyer.de\/wp-content\/uploads\/2016\/06\/img_1337.jpg?resize=350%2C200","width":350,"height":200,"srcset":"https:\/\/i0.wp.com\/imkerei-watermeyer.de\/wp-content\/uploads\/2016\/06\/img_1337.jpg?resize=350%2C200 1x, https:\/\/i0.wp.com\/imkerei-watermeyer.de\/wp-content\/uploads\/2016\/06\/img_1337.jpg?resize=700%2C400 2x, https:\/\/i0.wp.com\/imkerei-watermeyer.de\/wp-content\/uploads\/2016\/06\/img_1337.jpg?resize=1050%2C600 3x, https:\/\/i0.wp.com\/imkerei-watermeyer.de\/wp-content\/uploads\/2016\/06\/img_1337.jpg?resize=1400%2C800 4x"},"classes":[]}],"_links":{"self":[{"href":"http:\/\/imkerei-watermeyer.de\/index.php?rest_route=\/wp\/v2\/posts\/655"}],"collection":[{"href":"http:\/\/imkerei-watermeyer.de\/index.php?rest_route=\/wp\/v2\/posts"}],"about":[{"href":"http:\/\/imkerei-watermeyer.de\/index.php?rest_route=\/wp\/v2\/types\/post"}],"author":[{"embeddable":true,"href":"http:\/\/imkerei-watermeyer.de\/index.php?rest_route=\/wp\/v2\/users\/1"}],"replies":[{"embeddable":true,"href":"http:\/\/imkerei-watermeyer.de\/index.php?rest_route=%2Fwp%2Fv2%2Fcomments&post=655"}],"version-history":[{"count":2,"href":"http:\/\/imkerei-watermeyer.de\/index.php?rest_route=\/wp\/v2\/posts\/655\/revisions"}],"predecessor-version":[{"id":665,"href":"http:\/\/imkerei-watermeyer.de\/index.php?rest_route=\/wp\/v2\/posts\/655\/revisions\/665"}],"wp:featuredmedia":[{"embeddable":true,"href":"http:\/\/imkerei-watermeyer.de\/index.php?rest_route=\/wp\/v2\/media\/649"}],"wp:attachment":[{"href":"http:\/\/imkerei-watermeyer.de\/index.php?rest_route=%2Fwp%2Fv2%2Fmedia&parent=655"}],"wp:term":[{"taxonomy":"category","embeddable":true,"href":"http:\/\/imkerei-watermeyer.de\/index.php?rest_route=%2Fwp%2Fv2%2Fcategories&post=655"},{"taxonomy":"post_tag","embeddable":true,"href":"http:\/\/imkerei-watermeyer.de\/index.php?rest_route=%2Fwp%2Fv2%2Ftags&post=655"}],"curies":[{"name":"wp","href":"https:\/\/api.w.org\/{rel}","templated":true}]}}