{"id":614,"date":"2019-07-14T10:00:39","date_gmt":"2019-07-14T10:00:39","guid":{"rendered":"http:\/\/imkerei-watermeyer.de\/?p=614"},"modified":"2019-07-14T10:06:37","modified_gmt":"2019-07-14T10:06:37","slug":"aller-anfang-ist-rosmarin-und-knoblauch","status":"publish","type":"post","link":"http:\/\/imkerei-watermeyer.de\/?p=614","title":{"rendered":"Aller Anfang ist &#8211; Rosmarin und Knoblauch&#8230;!"},"content":{"rendered":"\n<p>Ein allererster Blogbeitrag ist nicht einfach auszusuchen &#8211; muss es &#8222;knallen&#8220;? &#8211; muss es tiefgr\u00fcndig sein? &#8211; muss es besonders professionell wirken? Nein! <\/p>\n\n\n\n<p>Auch wenn man sich das schon vorher immer wie ein Mantra sagt &#8211; es dann auch wirklich zu beherzigen, ist die andere Sache&#8230; \ud83d\ude09 Es hat mich schon einige n\u00e4chtliche Gedanken gekostet. Einige Dinge habe ich wieder verworfen, viele Karteikarten mit Brainstorming-Ideen f\u00fcr n\u00e4chste Blogeintr\u00e4ge sind aber auch dabei heraus gekommen. Und doch hat der Zufall entschieden, was hier als Erstes auf die Seite kommt. <\/p>\n\n\n\n<p>Spontan beim Fr\u00fchst\u00fcck ist uns die Idee gekommen, dass wir sowieso mit dem Rosmarin aus dem Terrassenhochbeet was anstellen m\u00fcssen. Viel zu schade ist er, um ihn einfach so dort welken zu lassen. Au\u00dferdem haben wir immer das Problem gehabt, dass frischer Knoblauch bei uns ein Schattendasein in der Zwiebelkiste f\u00fchrt und dann bald auch nicht mehr ganz so frisch ist. Da haben wir vor einiger Zeit eine tolle L\u00f6sung gefunden, ihn l\u00e4nger frisch und haltbar zu machen. <\/p>\n\n\n\n<p>Langer Rede kurzer Sinn &#8211; ihr d\u00fcrft euch an einem spontanen Rezept f\u00fcr Rosmarin-Knoblauch-Honig-Butter erfreuen und an in \u00d6l eingelegtem Knoblauch zum Haltbar machen!<\/p>\n\n\n\n<p class=\"has-medium-font-size\"><strong>Rosmarin-Knoblauch-Honig-Butter<\/strong><\/p>\n\n\n\n<p><strong>Zutaten:<\/strong><\/p>\n\n\n\n<figure class=\"wp-block-image\"><img data-attachment-id=\"621\" data-permalink=\"http:\/\/imkerei-watermeyer.de\/?attachment_id=621\" data-orig-file=\"http:\/\/imkerei-watermeyer.de\/wp-content\/uploads\/2019\/07\/org_dsc00145.jpg\" data-orig-size=\"5184,3888\" data-comments-opened=\"1\" data-image-meta=\"{&quot;aperture&quot;:&quot;3.2&quot;,&quot;credit&quot;:&quot;&quot;,&quot;camera&quot;:&quot;DSC-HX400V&quot;,&quot;caption&quot;:&quot;&quot;,&quot;created_timestamp&quot;:&quot;1563097421&quot;,&quot;copyright&quot;:&quot;&quot;,&quot;focal_length&quot;:&quot;5.67&quot;,&quot;iso&quot;:&quot;640&quot;,&quot;shutter_speed&quot;:&quot;0.025&quot;,&quot;title&quot;:&quot;&quot;,&quot;orientation&quot;:&quot;1&quot;}\" data-image-title=\"org_dsc00145\" data-image-description=\"\" data-image-caption=\"\" data-medium-file=\"http:\/\/imkerei-watermeyer.de\/wp-content\/uploads\/2019\/07\/org_dsc00145-300x225.jpg\" data-large-file=\"http:\/\/imkerei-watermeyer.de\/wp-content\/uploads\/2019\/07\/org_dsc00145-1024x768.jpg\" decoding=\"async\" loading=\"lazy\" width=\"5184\" height=\"3888\" src=\"http:\/\/imkerei-watermeyer.de\/wp-content\/uploads\/2019\/07\/org_dsc00145.jpg\" alt=\"\" class=\"wp-image-621\" srcset=\"http:\/\/imkerei-watermeyer.de\/wp-content\/uploads\/2019\/07\/org_dsc00145.jpg 5184w, http:\/\/imkerei-watermeyer.de\/wp-content\/uploads\/2019\/07\/org_dsc00145-300x225.jpg 300w, http:\/\/imkerei-watermeyer.de\/wp-content\/uploads\/2019\/07\/org_dsc00145-768x576.jpg 768w, http:\/\/imkerei-watermeyer.de\/wp-content\/uploads\/2019\/07\/org_dsc00145-1024x768.jpg 1024w, http:\/\/imkerei-watermeyer.de\/wp-content\/uploads\/2019\/07\/org_dsc00145-1140x855.jpg 1140w\" sizes=\"(max-width: 5184px) 100vw, 5184px\" \/><\/figure>\n\n\n\n<ul><li>250g weiche Butter<\/li><li>1El gehackter, frischer Rosmarin<\/li><li>1 TL Honig (nat\u00fcrlich von unserem eigenen Honig) <\/li><li>4 Knoblauchzehen, gepresst<\/li><li>2 EL Oliven\u00f6l<\/li><li>Salz, Pfeffer<\/li><li>Saft einer halben Limette<\/li><\/ul>\n\n\n\n<p>Die weiche Butter wird mit dem gehackten Rosmarin, dem Knoblauch, Honig und \u00d6l vermischt. Das klappt am besten mit einer Gabel. Wenn die Butter nicht ganz weich ist, der Honig sehr fest kristallisiert oder ihr die Knoblauchst\u00fcckchen nicht m\u00f6gt, k\u00f6nnt ihr auch alles mit dem P\u00fcrierstab vermengen. Den Rosmarin w\u00fcrde ich dann allerdings sp\u00e4ter dazu tun, f\u00fcr die Optik ;-). Dann wird mit Salz und Pfeffer nach Geschmack abgeschmeckt. Ich bin ein Fan von frisch gemahlenem, schwarzen Pfeffer. Beim Abschmecken musste dann auf jeden Fall noch etwas S\u00e4ure dazu. Im K\u00fchlschrank hatte ich noch eine halbe Limette, daher kam der Saft dieser dazu. Alles gut vermischen, fertig. <\/p>\n\n\n\n<figure class=\"wp-block-image\"><img data-attachment-id=\"617\" data-permalink=\"http:\/\/imkerei-watermeyer.de\/?attachment_id=617\" data-orig-file=\"http:\/\/imkerei-watermeyer.de\/wp-content\/uploads\/2019\/07\/org_dsc00152.jpg\" data-orig-size=\"5184,3888\" data-comments-opened=\"1\" data-image-meta=\"{&quot;aperture&quot;:&quot;2.8&quot;,&quot;credit&quot;:&quot;&quot;,&quot;camera&quot;:&quot;DSC-HX400V&quot;,&quot;caption&quot;:&quot;&quot;,&quot;created_timestamp&quot;:&quot;1563098135&quot;,&quot;copyright&quot;:&quot;&quot;,&quot;focal_length&quot;:&quot;4.3&quot;,&quot;iso&quot;:&quot;80&quot;,&quot;shutter_speed&quot;:&quot;0.033333333333333&quot;,&quot;title&quot;:&quot;&quot;,&quot;orientation&quot;:&quot;1&quot;}\" data-image-title=\"org_dsc00152\" data-image-description=\"\" data-image-caption=\"\" data-medium-file=\"http:\/\/imkerei-watermeyer.de\/wp-content\/uploads\/2019\/07\/org_dsc00152-300x225.jpg\" data-large-file=\"http:\/\/imkerei-watermeyer.de\/wp-content\/uploads\/2019\/07\/org_dsc00152-1024x768.jpg\" decoding=\"async\" loading=\"lazy\" width=\"5184\" height=\"3888\" src=\"http:\/\/imkerei-watermeyer.de\/wp-content\/uploads\/2019\/07\/org_dsc00152.jpg\" alt=\"\" class=\"wp-image-617\" srcset=\"http:\/\/imkerei-watermeyer.de\/wp-content\/uploads\/2019\/07\/org_dsc00152.jpg 5184w, http:\/\/imkerei-watermeyer.de\/wp-content\/uploads\/2019\/07\/org_dsc00152-300x225.jpg 300w, http:\/\/imkerei-watermeyer.de\/wp-content\/uploads\/2019\/07\/org_dsc00152-768x576.jpg 768w, http:\/\/imkerei-watermeyer.de\/wp-content\/uploads\/2019\/07\/org_dsc00152-1024x768.jpg 1024w, http:\/\/imkerei-watermeyer.de\/wp-content\/uploads\/2019\/07\/org_dsc00152-1140x855.jpg 1140w\" sizes=\"(max-width: 5184px) 100vw, 5184px\" \/><\/figure>\n\n\n\n<figure class=\"wp-block-image\"><img data-attachment-id=\"619\" data-permalink=\"http:\/\/imkerei-watermeyer.de\/?attachment_id=619\" data-orig-file=\"http:\/\/imkerei-watermeyer.de\/wp-content\/uploads\/2019\/07\/org_dsc00155.jpg\" data-orig-size=\"5184,3888\" data-comments-opened=\"1\" data-image-meta=\"{&quot;aperture&quot;:&quot;2.8&quot;,&quot;credit&quot;:&quot;&quot;,&quot;camera&quot;:&quot;DSC-HX400V&quot;,&quot;caption&quot;:&quot;&quot;,&quot;created_timestamp&quot;:&quot;1563098346&quot;,&quot;copyright&quot;:&quot;&quot;,&quot;focal_length&quot;:&quot;5.38&quot;,&quot;iso&quot;:&quot;80&quot;,&quot;shutter_speed&quot;:&quot;0.033333333333333&quot;,&quot;title&quot;:&quot;&quot;,&quot;orientation&quot;:&quot;1&quot;}\" data-image-title=\"org_dsc00155\" data-image-description=\"\" data-image-caption=\"\" data-medium-file=\"http:\/\/imkerei-watermeyer.de\/wp-content\/uploads\/2019\/07\/org_dsc00155-300x225.jpg\" data-large-file=\"http:\/\/imkerei-watermeyer.de\/wp-content\/uploads\/2019\/07\/org_dsc00155-1024x768.jpg\" decoding=\"async\" loading=\"lazy\" width=\"5184\" height=\"3888\" src=\"http:\/\/imkerei-watermeyer.de\/wp-content\/uploads\/2019\/07\/org_dsc00155.jpg\" alt=\"\" class=\"wp-image-619\" srcset=\"http:\/\/imkerei-watermeyer.de\/wp-content\/uploads\/2019\/07\/org_dsc00155.jpg 5184w, http:\/\/imkerei-watermeyer.de\/wp-content\/uploads\/2019\/07\/org_dsc00155-300x225.jpg 300w, http:\/\/imkerei-watermeyer.de\/wp-content\/uploads\/2019\/07\/org_dsc00155-768x576.jpg 768w, http:\/\/imkerei-watermeyer.de\/wp-content\/uploads\/2019\/07\/org_dsc00155-1024x768.jpg 1024w, http:\/\/imkerei-watermeyer.de\/wp-content\/uploads\/2019\/07\/org_dsc00155-1140x855.jpg 1140w\" sizes=\"(max-width: 5184px) 100vw, 5184px\" \/><\/figure>\n\n\n\n<p>Die Butter kann man dann nat\u00fcrlich direkt f\u00fcr den Grilllabend in ein Sch\u00e4lchen f\u00fcllen. Oder man stellt sie in einer Frischhaltedose in den K\u00fchlschrank oder friert sie ein. Achtung, fr\u00fch genug raus nehmen damit die Butter streichbar ist! Ich habe mich dazu entschlossen, sie direkt in Portionsgr\u00f6\u00dfen einzufrieren. Das geht prima in einer Eisw\u00fcrfelform. <\/p>\n\n\n\n<figure class=\"wp-block-image\"><img data-attachment-id=\"620\" data-permalink=\"http:\/\/imkerei-watermeyer.de\/?attachment_id=620\" data-orig-file=\"http:\/\/imkerei-watermeyer.de\/wp-content\/uploads\/2019\/07\/org_dsc00156.jpg\" data-orig-size=\"5184,3888\" data-comments-opened=\"1\" data-image-meta=\"{&quot;aperture&quot;:&quot;2.8&quot;,&quot;credit&quot;:&quot;&quot;,&quot;camera&quot;:&quot;DSC-HX400V&quot;,&quot;caption&quot;:&quot;&quot;,&quot;created_timestamp&quot;:&quot;1563099029&quot;,&quot;copyright&quot;:&quot;&quot;,&quot;focal_length&quot;:&quot;4.3&quot;,&quot;iso&quot;:&quot;80&quot;,&quot;shutter_speed&quot;:&quot;0.033333333333333&quot;,&quot;title&quot;:&quot;&quot;,&quot;orientation&quot;:&quot;1&quot;}\" data-image-title=\"org_dsc00156\" data-image-description=\"\" data-image-caption=\"\" data-medium-file=\"http:\/\/imkerei-watermeyer.de\/wp-content\/uploads\/2019\/07\/org_dsc00156-300x225.jpg\" data-large-file=\"http:\/\/imkerei-watermeyer.de\/wp-content\/uploads\/2019\/07\/org_dsc00156-1024x768.jpg\" decoding=\"async\" loading=\"lazy\" width=\"5184\" height=\"3888\" src=\"http:\/\/imkerei-watermeyer.de\/wp-content\/uploads\/2019\/07\/org_dsc00156.jpg\" alt=\"\" class=\"wp-image-620\" srcset=\"http:\/\/imkerei-watermeyer.de\/wp-content\/uploads\/2019\/07\/org_dsc00156.jpg 5184w, http:\/\/imkerei-watermeyer.de\/wp-content\/uploads\/2019\/07\/org_dsc00156-300x225.jpg 300w, http:\/\/imkerei-watermeyer.de\/wp-content\/uploads\/2019\/07\/org_dsc00156-768x576.jpg 768w, http:\/\/imkerei-watermeyer.de\/wp-content\/uploads\/2019\/07\/org_dsc00156-1024x768.jpg 1024w, http:\/\/imkerei-watermeyer.de\/wp-content\/uploads\/2019\/07\/org_dsc00156-1140x855.jpg 1140w\" sizes=\"(max-width: 5184px) 100vw, 5184px\" \/><\/figure>\n\n\n\n<!--more-->\n\n\n\n<!--more-->\n\n\n\n<p class=\"has-medium-font-size\"><strong>Eingelegter Knoblauch in \u00d6l<\/strong><\/p>\n\n\n\n<figure class=\"wp-block-image\"><img data-attachment-id=\"616\" data-permalink=\"http:\/\/imkerei-watermeyer.de\/?attachment_id=616\" data-orig-file=\"http:\/\/imkerei-watermeyer.de\/wp-content\/uploads\/2019\/07\/org_dsc00162.jpg\" data-orig-size=\"5184,3888\" data-comments-opened=\"1\" data-image-meta=\"{&quot;aperture&quot;:&quot;2.8&quot;,&quot;credit&quot;:&quot;&quot;,&quot;camera&quot;:&quot;DSC-HX400V&quot;,&quot;caption&quot;:&quot;&quot;,&quot;created_timestamp&quot;:&quot;1563100685&quot;,&quot;copyright&quot;:&quot;&quot;,&quot;focal_length&quot;:&quot;4.3&quot;,&quot;iso&quot;:&quot;80&quot;,&quot;shutter_speed&quot;:&quot;0.033333333333333&quot;,&quot;title&quot;:&quot;&quot;,&quot;orientation&quot;:&quot;1&quot;}\" data-image-title=\"org_dsc00162\" data-image-description=\"\" data-image-caption=\"\" data-medium-file=\"http:\/\/imkerei-watermeyer.de\/wp-content\/uploads\/2019\/07\/org_dsc00162-300x225.jpg\" data-large-file=\"http:\/\/imkerei-watermeyer.de\/wp-content\/uploads\/2019\/07\/org_dsc00162-1024x768.jpg\" decoding=\"async\" loading=\"lazy\" width=\"5184\" height=\"3888\" src=\"http:\/\/imkerei-watermeyer.de\/wp-content\/uploads\/2019\/07\/org_dsc00162.jpg\" alt=\"\" class=\"wp-image-616\" srcset=\"http:\/\/imkerei-watermeyer.de\/wp-content\/uploads\/2019\/07\/org_dsc00162.jpg 5184w, http:\/\/imkerei-watermeyer.de\/wp-content\/uploads\/2019\/07\/org_dsc00162-300x225.jpg 300w, http:\/\/imkerei-watermeyer.de\/wp-content\/uploads\/2019\/07\/org_dsc00162-768x576.jpg 768w, http:\/\/imkerei-watermeyer.de\/wp-content\/uploads\/2019\/07\/org_dsc00162-1024x768.jpg 1024w, http:\/\/imkerei-watermeyer.de\/wp-content\/uploads\/2019\/07\/org_dsc00162-1140x855.jpg 1140w\" sizes=\"(max-width: 5184px) 100vw, 5184px\" \/><\/figure>\n\n\n\n<p>Dies ist ein Rezept, um den Knoblauch l\u00e4nger frisch und geschmacksintensiv zu halten. Bei uns funktioniert das super. Im K\u00fchlschrank ist er so sicher 3 Monate haltbar. So genau kann ich das nicht sagen, denn seitdem wir denn frischen Knoblauch so verarbeiten, um ihn immer griffbereit zu haben, hat sich auch unser Knoblauchkonsum deutlich gesteigert.  <\/p>\n\n\n\n<p><strong>Zutaten:<\/strong><\/p>\n\n\n\n<ul><li>Knoblauch, soviel wie da ist und verarbeiten werden muss<\/li><li>Oliven\u00f6l, soviel, dass die Knoblauchzehen in Topf und Glas nachher bedeckt sind<\/li><li>ggf. Kr\u00e4uter und Gew\u00fcrze nach Bedarf zum Aromatisieren<\/li><\/ul>\n\n\n\n<p>Die Knoblauchknollen werden dazu in einzelne Zehen getrennt und gesch\u00e4lt. In einem Topf wird der Knoblauch mit Oliven\u00f6l aufgegossen, so dass er bedeckt ist. Wir aromatisieren gern noch etwas. Der Rosmarin blieb eben von der Kr\u00e4uterbutter \u00fcbrig und passt prima dazu. Die getrockneten Chilischoten sind aus dem letzten Sommer. Im Topf wird alles erw\u00e4rmt, bis im \u00d6l gerade so Blasen aufsteigen, dann ca. 2min auf kleiner Stufe ziehen lassen, den Herd ausstellen und nochmal 10min im Topf durchziehen und abk\u00fchlen lassen. Die Knoblauchzehen kann man dann mit dem \u00d6l und den Gew\u00fcrzen zusammen in ein Schraubglas f\u00fcllen (nat\u00fcrlich sauber und hei\u00df ausgesp\u00fclt). Nach dem vollst\u00e4ndigen Abk\u00fchlen h\u00e4lt sich dann der Knoblauch Wochen bis Monate im K\u00fchlschrank und ist praktisch portionierbar. Die Zehen sind auch nicht zu weich, sondern lassen alles mit sich machen. Sehr praktisch! Das \u00d6l ist durch sein Knoblauch-Kr\u00e4uter-Chili-Aroma auch vielseitig verwendbar zum Salat, anbraten, einlegen&#8230; da fallen euch bestimmt genauso wie uns viele sch\u00f6ne Ideen ein! <\/p>\n\n\n\n<figure class=\"wp-block-image\"><img data-attachment-id=\"622\" data-permalink=\"http:\/\/imkerei-watermeyer.de\/?attachment_id=622\" data-orig-file=\"http:\/\/imkerei-watermeyer.de\/wp-content\/uploads\/2019\/07\/org_dsc00160.jpg\" data-orig-size=\"5184,3888\" data-comments-opened=\"1\" data-image-meta=\"{&quot;aperture&quot;:&quot;2.8&quot;,&quot;credit&quot;:&quot;&quot;,&quot;camera&quot;:&quot;DSC-HX400V&quot;,&quot;caption&quot;:&quot;&quot;,&quot;created_timestamp&quot;:&quot;1563099629&quot;,&quot;copyright&quot;:&quot;&quot;,&quot;focal_length&quot;:&quot;5.38&quot;,&quot;iso&quot;:&quot;80&quot;,&quot;shutter_speed&quot;:&quot;0.033333333333333&quot;,&quot;title&quot;:&quot;&quot;,&quot;orientation&quot;:&quot;1&quot;}\" data-image-title=\"org_dsc00160\" data-image-description=\"\" data-image-caption=\"\" data-medium-file=\"http:\/\/imkerei-watermeyer.de\/wp-content\/uploads\/2019\/07\/org_dsc00160-300x225.jpg\" data-large-file=\"http:\/\/imkerei-watermeyer.de\/wp-content\/uploads\/2019\/07\/org_dsc00160-1024x768.jpg\" decoding=\"async\" loading=\"lazy\" width=\"5184\" height=\"3888\" src=\"http:\/\/imkerei-watermeyer.de\/wp-content\/uploads\/2019\/07\/org_dsc00160.jpg\" alt=\"\" class=\"wp-image-622\" srcset=\"http:\/\/imkerei-watermeyer.de\/wp-content\/uploads\/2019\/07\/org_dsc00160.jpg 5184w, http:\/\/imkerei-watermeyer.de\/wp-content\/uploads\/2019\/07\/org_dsc00160-300x225.jpg 300w, http:\/\/imkerei-watermeyer.de\/wp-content\/uploads\/2019\/07\/org_dsc00160-768x576.jpg 768w, http:\/\/imkerei-watermeyer.de\/wp-content\/uploads\/2019\/07\/org_dsc00160-1024x768.jpg 1024w, http:\/\/imkerei-watermeyer.de\/wp-content\/uploads\/2019\/07\/org_dsc00160-1140x855.jpg 1140w\" sizes=\"(max-width: 5184px) 100vw, 5184px\" \/><\/figure>\n\n\n\n<figure class=\"wp-block-image\"><img data-attachment-id=\"618\" data-permalink=\"http:\/\/imkerei-watermeyer.de\/?attachment_id=618\" data-orig-file=\"http:\/\/imkerei-watermeyer.de\/wp-content\/uploads\/2019\/07\/org_dsc00161.jpg\" data-orig-size=\"5184,3888\" data-comments-opened=\"1\" data-image-meta=\"{&quot;aperture&quot;:&quot;2.8&quot;,&quot;credit&quot;:&quot;&quot;,&quot;camera&quot;:&quot;DSC-HX400V&quot;,&quot;caption&quot;:&quot;&quot;,&quot;created_timestamp&quot;:&quot;1563099951&quot;,&quot;copyright&quot;:&quot;&quot;,&quot;focal_length&quot;:&quot;4.3&quot;,&quot;iso&quot;:&quot;100&quot;,&quot;shutter_speed&quot;:&quot;0.033333333333333&quot;,&quot;title&quot;:&quot;&quot;,&quot;orientation&quot;:&quot;1&quot;}\" data-image-title=\"org_dsc00161\" data-image-description=\"\" data-image-caption=\"\" data-medium-file=\"http:\/\/imkerei-watermeyer.de\/wp-content\/uploads\/2019\/07\/org_dsc00161-300x225.jpg\" data-large-file=\"http:\/\/imkerei-watermeyer.de\/wp-content\/uploads\/2019\/07\/org_dsc00161-1024x768.jpg\" decoding=\"async\" loading=\"lazy\" width=\"5184\" height=\"3888\" src=\"http:\/\/imkerei-watermeyer.de\/wp-content\/uploads\/2019\/07\/org_dsc00161.jpg\" alt=\"\" class=\"wp-image-618\" srcset=\"http:\/\/imkerei-watermeyer.de\/wp-content\/uploads\/2019\/07\/org_dsc00161.jpg 5184w, http:\/\/imkerei-watermeyer.de\/wp-content\/uploads\/2019\/07\/org_dsc00161-300x225.jpg 300w, http:\/\/imkerei-watermeyer.de\/wp-content\/uploads\/2019\/07\/org_dsc00161-768x576.jpg 768w, http:\/\/imkerei-watermeyer.de\/wp-content\/uploads\/2019\/07\/org_dsc00161-1024x768.jpg 1024w, http:\/\/imkerei-watermeyer.de\/wp-content\/uploads\/2019\/07\/org_dsc00161-1140x855.jpg 1140w\" sizes=\"(max-width: 5184px) 100vw, 5184px\" \/><\/figure>\n\n\n\n<p>Wir hoffen, dass wir euch mit diesen zwei Rezepten ein wenig Anregungen geben konnten. Wir freuen uns \u00fcber jeden wohlwollenden Kommentar und wenn ihr der Meinung seid, dass dieser Beitrag auch noch andere interessieren k\u00f6nnte, dann d\u00fcrft ihr ihn nat\u00fcrlich auch &#8222;liken&#8220; und teilen. \ud83d\ude09 <\/p>\n\n\n\n<p><\/p>\n<div id=\"geo-post-614\" class=\"geo geo-post\" style=\"display: none\"><span class=\"latitude\">52.261821<\/span><span class=\"longitude\">7.789989<\/span><\/div>","protected":false},"excerpt":{"rendered":"<p>Ein allererster Blogbeitrag ist nicht einfach auszusuchen &#8211; muss es &#8222;knallen&#8220;? &#8211; muss es tiefgr\u00fcndig sein? &#8211; muss es besonders professionell wirken? Nein! Auch wenn man sich das schon vorher immer wie ein Mantra sagt &#8211; es dann auch wirklich zu beherzigen, ist die andere Sache&#8230; \ud83d\ude09 Es hat mich [&hellip;]<\/p>\n","protected":false},"author":3,"featured_media":621,"comment_status":"open","ping_status":"open","sticky":false,"template":"","format":"standard","meta":{"jetpack_post_was_ever_published":false,"_jetpack_newsletter_access":"","jetpack_publicize_message":"","jetpack_is_tweetstorm":false,"jetpack_publicize_feature_enabled":true,"jetpack_social_post_already_shared":true,"jetpack_social_options":{"image_generator_settings":{"template":"highway","enabled":false}}},"categories":[82,81],"tags":[86,24,83,85,87,84,88],"jetpack_publicize_connections":[],"jetpack_featured_media_url":"http:\/\/imkerei-watermeyer.de\/wp-content\/uploads\/2019\/07\/org_dsc00145.jpg","jetpack_sharing_enabled":true,"jetpack_shortlink":"https:\/\/wp.me\/p9uDaz-9U","jetpack_likes_enabled":true,"jetpack-related-posts":[{"id":750,"url":"http:\/\/imkerei-watermeyer.de\/?p=750","url_meta":{"origin":614,"position":0},"title":"Selbstgemachter Rosmarinsirup &#8211; ein Klassiker","author":"laggenbiene","date":"August 25, 2019","format":false,"excerpt":"Jeder hat seine Lieblingsrezepte... zu meinen geh\u00f6rt unter anderen Rosmarinsirup. Rosmarin ist eines der Gew\u00e4chse, welches bei mir sehr zuverl\u00e4ssig und unkompliziert den Winter \u00fcbersteht. Daher ist dieser bei uns immer in rauen Mengen frisch vorhanden. Neben den \"\u00fcblichen Verwertungsmethoden\" wie Trocknen, Kr\u00e4utersalz, Kr\u00e4uter\u00f6l und so weiter, mag ich gerne\u2026","rel":"","context":"In &quot;Getr\u00e4nke&quot;","block_context":{"text":"Getr\u00e4nke","link":"http:\/\/imkerei-watermeyer.de\/?cat=115"},"img":{"alt_text":"","src":"https:\/\/i0.wp.com\/imkerei-watermeyer.de\/wp-content\/uploads\/2019\/08\/dsc00671.jpg?resize=350%2C200","width":350,"height":200,"srcset":"https:\/\/i0.wp.com\/imkerei-watermeyer.de\/wp-content\/uploads\/2019\/08\/dsc00671.jpg?resize=350%2C200 1x, https:\/\/i0.wp.com\/imkerei-watermeyer.de\/wp-content\/uploads\/2019\/08\/dsc00671.jpg?resize=700%2C400 2x, https:\/\/i0.wp.com\/imkerei-watermeyer.de\/wp-content\/uploads\/2019\/08\/dsc00671.jpg?resize=1050%2C600 3x, https:\/\/i0.wp.com\/imkerei-watermeyer.de\/wp-content\/uploads\/2019\/08\/dsc00671.jpg?resize=1400%2C800 4x"},"classes":[]},{"id":689,"url":"http:\/\/imkerei-watermeyer.de\/?p=689","url_meta":{"origin":614,"position":1},"title":"Lavendellik\u00f6r","author":"laggenbiene","date":"August 4, 2019","format":false,"excerpt":"Der Lavendel bl\u00fcht - auch auf unserer Terrasse! Das emsige Treiben auf den Bl\u00fctenst\u00e4nden ist herrlich anzusehen. Ich habe mir diese Woche mal ein kreatives Rezept geschnappt zum \"Verwerten\" der duftenden Bl\u00fcten und einen Lavendellik\u00f6r angesetzt. Hier lest ihr \u00fcber das Rezept.","rel":"","context":"In &quot;Getr\u00e4nke&quot;","block_context":{"text":"Getr\u00e4nke","link":"http:\/\/imkerei-watermeyer.de\/?cat=115"},"img":{"alt_text":"","src":"https:\/\/i0.wp.com\/imkerei-watermeyer.de\/wp-content\/uploads\/2019\/08\/dsc00416.jpg?resize=350%2C200","width":350,"height":200,"srcset":"https:\/\/i0.wp.com\/imkerei-watermeyer.de\/wp-content\/uploads\/2019\/08\/dsc00416.jpg?resize=350%2C200 1x, https:\/\/i0.wp.com\/imkerei-watermeyer.de\/wp-content\/uploads\/2019\/08\/dsc00416.jpg?resize=700%2C400 2x, https:\/\/i0.wp.com\/imkerei-watermeyer.de\/wp-content\/uploads\/2019\/08\/dsc00416.jpg?resize=1050%2C600 3x, https:\/\/i0.wp.com\/imkerei-watermeyer.de\/wp-content\/uploads\/2019\/08\/dsc00416.jpg?resize=1400%2C800 4x"},"classes":[]},{"id":766,"url":"http:\/\/imkerei-watermeyer.de\/?p=766","url_meta":{"origin":614,"position":2},"title":"Bienenwachs als Allrounder &#8211; nat\u00fcrliche, selbstgemachte Lippenpflege!","author":"laggenbiene","date":"September 1, 2019","format":false,"excerpt":"Das war eine spannende Erfahrung! Selbstgemachtes Lippenbalsam mit Bienenwachs und aus nur 5 nat\u00fcrlichen Zutaten ganz einfach hergestellt! Ich bin wahnsinnig stolz auf mich und begeistert vom Ergebnis ;-) Das kinderleichte Rezept findet ihr auf unserem Laggenbiene-Blog - LINK in der Bio","rel":"","context":"In &quot;Bienenprodukte&quot;","block_context":{"text":"Bienenprodukte","link":"http:\/\/imkerei-watermeyer.de\/?cat=150"},"img":{"alt_text":"","src":"https:\/\/i0.wp.com\/imkerei-watermeyer.de\/wp-content\/uploads\/2019\/09\/dsc00693-1.jpg?resize=350%2C200","width":350,"height":200,"srcset":"https:\/\/i0.wp.com\/imkerei-watermeyer.de\/wp-content\/uploads\/2019\/09\/dsc00693-1.jpg?resize=350%2C200 1x, https:\/\/i0.wp.com\/imkerei-watermeyer.de\/wp-content\/uploads\/2019\/09\/dsc00693-1.jpg?resize=700%2C400 2x, https:\/\/i0.wp.com\/imkerei-watermeyer.de\/wp-content\/uploads\/2019\/09\/dsc00693-1.jpg?resize=1050%2C600 3x, https:\/\/i0.wp.com\/imkerei-watermeyer.de\/wp-content\/uploads\/2019\/09\/dsc00693-1.jpg?resize=1400%2C800 4x"},"classes":[]},{"id":1197,"url":"http:\/\/imkerei-watermeyer.de\/?p=1197","url_meta":{"origin":614,"position":3},"title":"It\u2019s a long way\u2026","author":"Homeraner","date":"Mai 31, 2022","format":false,"excerpt":"Es ist wirklich ein langer Weg gewesen, aber jetzt ist es endlich geschafft. Cees hat seine Zuchtzulassung im Verein f\u00fcr Deutsche Spitze erhalten. Das bedeutet, dass er zuk\u00fcnftig zum Erhalt dieser alten, vom Aussterben bedrohten Haustierrasse als Deckr\u00fcde beitragen darf. Vorab, der Besitzer muss nat\u00fcrlich Mitglied im Verein f\u00fcr Deutsche\u2026","rel":"","context":"In &quot;Gro\u00dfspitze&quot;","block_context":{"text":"Gro\u00dfspitze","link":"http:\/\/imkerei-watermeyer.de\/?cat=192"},"img":{"alt_text":"","src":"https:\/\/i0.wp.com\/imkerei-watermeyer.de\/wp-content\/uploads\/2022\/05\/img_6947-scaled.jpg?resize=350%2C200","width":350,"height":200,"srcset":"https:\/\/i0.wp.com\/imkerei-watermeyer.de\/wp-content\/uploads\/2022\/05\/img_6947-scaled.jpg?resize=350%2C200 1x, https:\/\/i0.wp.com\/imkerei-watermeyer.de\/wp-content\/uploads\/2022\/05\/img_6947-scaled.jpg?resize=700%2C400 2x, https:\/\/i0.wp.com\/imkerei-watermeyer.de\/wp-content\/uploads\/2022\/05\/img_6947-scaled.jpg?resize=1050%2C600 3x, https:\/\/i0.wp.com\/imkerei-watermeyer.de\/wp-content\/uploads\/2022\/05\/img_6947-scaled.jpg?resize=1400%2C800 4x"},"classes":[]},{"id":996,"url":"http:\/\/imkerei-watermeyer.de\/?p=996","url_meta":{"origin":614,"position":4},"title":"Honiglik\u00f6r aus Entdeckelungswachs","author":"Homeraner","date":"Juni 3, 2020","format":false,"excerpt":"Der Fr\u00fchjahrshonig braucht noch etwas, aber daf\u00fcr ist der Honiglik\u00f6r schon fertig!Er hat ein wundervolles Honigaroma, aber auch ordentlich Bums durch den Wodka! F\u00fcr den Honiglik\u00f6r haben wir das Entdeckelungswachs, das beim Entdeckeln der Honigwaben anf\u00e4llt, mit Wodka aufgegossen und mit Bio-Zitronen aromatisiert. An dem Entdeckelungswachs haftet n\u00e4mlich noch ordentlich\u2026","rel":"","context":"In &quot;Getr\u00e4nke&quot;","block_context":{"text":"Getr\u00e4nke","link":"http:\/\/imkerei-watermeyer.de\/?cat=115"},"img":{"alt_text":"","src":"https:\/\/i0.wp.com\/imkerei-watermeyer.de\/wp-content\/uploads\/2020\/06\/img_7481-2-scaled.jpg?resize=350%2C200","width":350,"height":200,"srcset":"https:\/\/i0.wp.com\/imkerei-watermeyer.de\/wp-content\/uploads\/2020\/06\/img_7481-2-scaled.jpg?resize=350%2C200 1x, https:\/\/i0.wp.com\/imkerei-watermeyer.de\/wp-content\/uploads\/2020\/06\/img_7481-2-scaled.jpg?resize=700%2C400 2x, https:\/\/i0.wp.com\/imkerei-watermeyer.de\/wp-content\/uploads\/2020\/06\/img_7481-2-scaled.jpg?resize=1050%2C600 3x, https:\/\/i0.wp.com\/imkerei-watermeyer.de\/wp-content\/uploads\/2020\/06\/img_7481-2-scaled.jpg?resize=1400%2C800 4x"},"classes":[]},{"id":206,"url":"http:\/\/imkerei-watermeyer.de\/?p=206","url_meta":{"origin":614,"position":5},"title":"Sonntags in der K\u00fcrbisbl\u00fcte\u00a0","author":"Homeraner","date":"August 9, 2015","format":false,"excerpt":"Heute Morgen haben wir einen kleinen Sonntagssonnenscheinspaziergang durch unseren Garten gemacht. Unter anderem haben wir dabei unsere K\u00fcrbispflanze inspiziert. \u00dcblicherweise findet man ja immer nur eine Biene je Bl\u00fcte. Das hat allerdings nichts damit zu tun, dass Bienen egoistisch w\u00e4ren und keine andere Biene neben sich dulden w\u00fcrden! Es ist\u2026","rel":"","context":"In &quot;Bienenbilder&quot;","block_context":{"text":"Bienenbilder","link":"http:\/\/imkerei-watermeyer.de\/?cat=2"},"img":{"alt_text":"","src":"https:\/\/i0.wp.com\/imkerei-watermeyer.de\/wp-content\/uploads\/2015\/08\/IMG_3974.jpg?resize=350%2C200","width":350,"height":200,"srcset":"https:\/\/i0.wp.com\/imkerei-watermeyer.de\/wp-content\/uploads\/2015\/08\/IMG_3974.jpg?resize=350%2C200 1x, https:\/\/i0.wp.com\/imkerei-watermeyer.de\/wp-content\/uploads\/2015\/08\/IMG_3974.jpg?resize=700%2C400 2x, https:\/\/i0.wp.com\/imkerei-watermeyer.de\/wp-content\/uploads\/2015\/08\/IMG_3974.jpg?resize=1050%2C600 3x, https:\/\/i0.wp.com\/imkerei-watermeyer.de\/wp-content\/uploads\/2015\/08\/IMG_3974.jpg?resize=1400%2C800 4x"},"classes":[]}],"_links":{"self":[{"href":"http:\/\/imkerei-watermeyer.de\/index.php?rest_route=\/wp\/v2\/posts\/614"}],"collection":[{"href":"http:\/\/imkerei-watermeyer.de\/index.php?rest_route=\/wp\/v2\/posts"}],"about":[{"href":"http:\/\/imkerei-watermeyer.de\/index.php?rest_route=\/wp\/v2\/types\/post"}],"author":[{"embeddable":true,"href":"http:\/\/imkerei-watermeyer.de\/index.php?rest_route=\/wp\/v2\/users\/3"}],"replies":[{"embeddable":true,"href":"http:\/\/imkerei-watermeyer.de\/index.php?rest_route=%2Fwp%2Fv2%2Fcomments&post=614"}],"version-history":[{"count":2,"href":"http:\/\/imkerei-watermeyer.de\/index.php?rest_route=\/wp\/v2\/posts\/614\/revisions"}],"predecessor-version":[{"id":624,"href":"http:\/\/imkerei-watermeyer.de\/index.php?rest_route=\/wp\/v2\/posts\/614\/revisions\/624"}],"wp:featuredmedia":[{"embeddable":true,"href":"http:\/\/imkerei-watermeyer.de\/index.php?rest_route=\/wp\/v2\/media\/621"}],"wp:attachment":[{"href":"http:\/\/imkerei-watermeyer.de\/index.php?rest_route=%2Fwp%2Fv2%2Fmedia&parent=614"}],"wp:term":[{"taxonomy":"category","embeddable":true,"href":"http:\/\/imkerei-watermeyer.de\/index.php?rest_route=%2Fwp%2Fv2%2Fcategories&post=614"},{"taxonomy":"post_tag","embeddable":true,"href":"http:\/\/imkerei-watermeyer.de\/index.php?rest_route=%2Fwp%2Fv2%2Ftags&post=614"}],"curies":[{"name":"wp","href":"https:\/\/api.w.org\/{rel}","templated":true}]}}