{"id":563,"date":"2019-07-08T19:23:42","date_gmt":"2019-07-08T19:23:42","guid":{"rendered":"http:\/\/imkerei-watermeyer.de\/?p=563"},"modified":"2019-07-13T07:59:36","modified_gmt":"2019-07-13T07:59:36","slug":"neustart","status":"publish","type":"post","link":"http:\/\/imkerei-watermeyer.de\/?p=563","title":{"rendered":"Neustart"},"content":{"rendered":"<p>Hier \u00e4ndert sich gerade so einiges \ud83d\ude09<\/p>\n<p><img data-attachment-id=\"600\" data-permalink=\"http:\/\/imkerei-watermeyer.de\/?attachment_id=600\" data-orig-file=\"http:\/\/imkerei-watermeyer.de\/wp-content\/uploads\/2019\/07\/giphy.gif\" data-orig-size=\"480,270\" data-comments-opened=\"1\" data-image-meta=\"{&quot;aperture&quot;:&quot;0&quot;,&quot;credit&quot;:&quot;&quot;,&quot;camera&quot;:&quot;&quot;,&quot;caption&quot;:&quot;&quot;,&quot;created_timestamp&quot;:&quot;0&quot;,&quot;copyright&quot;:&quot;&quot;,&quot;focal_length&quot;:&quot;0&quot;,&quot;iso&quot;:&quot;0&quot;,&quot;shutter_speed&quot;:&quot;0&quot;,&quot;title&quot;:&quot;&quot;,&quot;orientation&quot;:&quot;0&quot;}\" data-image-title=\"giphy\" data-image-description=\"\" data-image-caption=\"\" data-medium-file=\"http:\/\/imkerei-watermeyer.de\/wp-content\/uploads\/2019\/07\/giphy-300x169.gif\" data-large-file=\"http:\/\/imkerei-watermeyer.de\/wp-content\/uploads\/2019\/07\/giphy.gif\" decoding=\"async\" loading=\"lazy\" src=\"http:\/\/imkerei-watermeyer.de\/wp-content\/uploads\/2019\/07\/giphy.gif\" class=\"size-full wp-image-600\" width=\"480\" height=\"270\"><\/p>\n","protected":false},"excerpt":{"rendered":"<p>Hier \u00e4ndert sich gerade so einiges \ud83d\ude09<\/p>\n","protected":false},"author":1,"featured_media":505,"comment_status":"open","ping_status":"open","sticky":false,"template":"","format":"standard","meta":{"jetpack_post_was_ever_published":false,"_jetpack_newsletter_access":"","jetpack_publicize_message":"Neustart","jetpack_is_tweetstorm":false,"jetpack_publicize_feature_enabled":true,"jetpack_social_post_already_shared":true,"jetpack_social_options":{"image_generator_settings":{"template":"highway","enabled":false}}},"categories":[1],"tags":[],"jetpack_publicize_connections":[],"jetpack_featured_media_url":"http:\/\/imkerei-watermeyer.de\/wp-content\/uploads\/2018\/05\/img_0869.jpg","jetpack_sharing_enabled":true,"jetpack_shortlink":"https:\/\/wp.me\/s9uDaz-neustart","jetpack_likes_enabled":true,"jetpack-related-posts":[{"id":191,"url":"http:\/\/imkerei-watermeyer.de\/?p=191","url_meta":{"origin":563,"position":0},"title":"Warum kein Sortenhonig?","author":"Homeraner","date":"Juli 18, 2015","format":false,"excerpt":"Ihr habt doch sicherlich schon einmal etwas von Lindenhonig, Kastanienhonig oder Rapshonig geh\u00f6rt oder? Das sind Bezeichnungen f\u00fcr sogenannte Sortenhonige. Ein Sortenhonig ist ein Honig, der nach einer bestimmten Tracht (Nektarquelle) benannt ist und von der Besonderheit dieses Nektars gepr\u00e4gt ist. Da sich der Kunde unter diesen Bezeichnungen etwas genaues\u2026","rel":"","context":"In &quot;Blick ins Volk&quot;","block_context":{"text":"Blick ins Volk","link":"http:\/\/imkerei-watermeyer.de\/?cat=4"},"img":{"alt_text":"","src":"https:\/\/i0.wp.com\/imkerei-watermeyer.de\/wp-content\/uploads\/2015\/07\/IMG_3287-0.jpg?resize=350%2C200","width":350,"height":200,"srcset":"https:\/\/i0.wp.com\/imkerei-watermeyer.de\/wp-content\/uploads\/2015\/07\/IMG_3287-0.jpg?resize=350%2C200 1x, https:\/\/i0.wp.com\/imkerei-watermeyer.de\/wp-content\/uploads\/2015\/07\/IMG_3287-0.jpg?resize=700%2C400 2x, https:\/\/i0.wp.com\/imkerei-watermeyer.de\/wp-content\/uploads\/2015\/07\/IMG_3287-0.jpg?resize=1050%2C600 3x, https:\/\/i0.wp.com\/imkerei-watermeyer.de\/wp-content\/uploads\/2015\/07\/IMG_3287-0.jpg?resize=1400%2C800 4x"},"classes":[]},{"id":458,"url":"http:\/\/imkerei-watermeyer.de\/?p=458","url_meta":{"origin":563,"position":1},"title":"Winterbehandlung","author":"Homeraner","date":"Dezember 19, 2017","format":false,"excerpt":"Die Temperaturen in diesem Dezember waren endlich mal wieder nach meinem Geschmack! Nicht, dass ich die Temperaturen rund um den Gefrierpunkt sonderlich mag, aber die Bienen kommen bei diesen Temperaturen zur Ruhe und sammeln sich in einer Traube, um sich gegenseitig zu w\u00e4rmen. Auf dem folgenden Bild habe ich versucht,\u2026","rel":"","context":"In &quot;Arbeiten rund ums Volk&quot;","block_context":{"text":"Arbeiten rund ums Volk","link":"http:\/\/imkerei-watermeyer.de\/?cat=47"},"img":{"alt_text":"","src":"https:\/\/i0.wp.com\/imkerei-watermeyer.de\/wp-content\/uploads\/2017\/12\/img_5926.jpg?resize=350%2C200","width":350,"height":200,"srcset":"https:\/\/i0.wp.com\/imkerei-watermeyer.de\/wp-content\/uploads\/2017\/12\/img_5926.jpg?resize=350%2C200 1x, https:\/\/i0.wp.com\/imkerei-watermeyer.de\/wp-content\/uploads\/2017\/12\/img_5926.jpg?resize=700%2C400 2x, https:\/\/i0.wp.com\/imkerei-watermeyer.de\/wp-content\/uploads\/2017\/12\/img_5926.jpg?resize=1050%2C600 3x, https:\/\/i0.wp.com\/imkerei-watermeyer.de\/wp-content\/uploads\/2017\/12\/img_5926.jpg?resize=1400%2C800 4x"},"classes":[]},{"id":1277,"url":"http:\/\/imkerei-watermeyer.de\/?p=1277","url_meta":{"origin":563,"position":2},"title":"Update Imkerei","author":"laggenbiene","date":"Juni 10, 2024","format":false,"excerpt":"In unserer Imkerei hat sich seit dem letzten Jahr einiges getan. Die Bienenv\u00f6lker sind Ende 2023 nach Amelsb\u00fcren zu Daniels Trauzeugin Petra aufs Land gezogen. Der Umzug wurde n\u00f6tig, da Daniel aufgrund seines beruflichen Stresses Unterst\u00fctzung bei den Bienen ben\u00f6tigte. Petra interessierte sich eh schon f\u00fcrs Imkern und so war\u2026","rel":"","context":"In &quot;Imkereibeitr\u00e4ge&quot;","block_context":{"text":"Imkereibeitr\u00e4ge","link":"http:\/\/imkerei-watermeyer.de\/?cat=104"},"img":{"alt_text":"","src":"https:\/\/i0.wp.com\/imkerei-watermeyer.de\/wp-content\/uploads\/2024\/06\/0ef752fe-7856-4d75-83c5-12b5d6df4312-1.jpg?resize=350%2C200","width":350,"height":200,"srcset":"https:\/\/i0.wp.com\/imkerei-watermeyer.de\/wp-content\/uploads\/2024\/06\/0ef752fe-7856-4d75-83c5-12b5d6df4312-1.jpg?resize=350%2C200 1x, https:\/\/i0.wp.com\/imkerei-watermeyer.de\/wp-content\/uploads\/2024\/06\/0ef752fe-7856-4d75-83c5-12b5d6df4312-1.jpg?resize=700%2C400 2x"},"classes":[]},{"id":345,"url":"http:\/\/imkerei-watermeyer.de\/?p=345","url_meta":{"origin":563,"position":3},"title":"Hochbetrieb im Efeu\u00a0","author":"Homeraner","date":"Oktober 1, 2016","format":false,"excerpt":"Wie im letzten Jahr bin ich auch nun wieder fasziniert, wie viele Bienen und andere Insekten durch den bl\u00fchenden Efeu angelockt werden. Bei angenehmen 16 Grad Celsius, Sonnenschein und kaum vorhandenen Wind herrscht reges Treiben an den Efeubl\u00fcten: \u200b\u200b \u200b \u200b\u200b Auf der sehr gut gemachten Internetseite\u00a0Die Honigmacher\u00a0k\u00f6nnt ihr neben\u2026","rel":"","context":"In &quot;Bienenbilder&quot;","block_context":{"text":"Bienenbilder","link":"http:\/\/imkerei-watermeyer.de\/?cat=2"},"img":{"alt_text":"","src":"https:\/\/i0.wp.com\/imkerei-watermeyer.de\/wp-content\/uploads\/2016\/10\/img_4474.jpg?resize=350%2C200","width":350,"height":200,"srcset":"https:\/\/i0.wp.com\/imkerei-watermeyer.de\/wp-content\/uploads\/2016\/10\/img_4474.jpg?resize=350%2C200 1x, https:\/\/i0.wp.com\/imkerei-watermeyer.de\/wp-content\/uploads\/2016\/10\/img_4474.jpg?resize=700%2C400 2x, https:\/\/i0.wp.com\/imkerei-watermeyer.de\/wp-content\/uploads\/2016\/10\/img_4474.jpg?resize=1050%2C600 3x, https:\/\/i0.wp.com\/imkerei-watermeyer.de\/wp-content\/uploads\/2016\/10\/img_4474.jpg?resize=1400%2C800 4x"},"classes":[]},{"id":832,"url":"http:\/\/imkerei-watermeyer.de\/?p=832","url_meta":{"origin":563,"position":4},"title":"Wandern mit M\u00fcnsterlandblick","author":"Homeraner","date":"September 15, 2019","format":false,"excerpt":"Wir waren wieder wandern! Dieses mal ging es mit herrlichen Blick \u00fcbers M\u00fcnsterland an den S\u00fcdhang von Tecklenburg. Den ganzen Bericht findet ihr unter: http:\/\/imkerei-watermeyer.de\/?p=832","rel":"","context":"In &quot;Wandern&quot;","block_context":{"text":"Wandern","link":"http:\/\/imkerei-watermeyer.de\/?cat=117"},"img":{"alt_text":"","src":"https:\/\/i0.wp.com\/imkerei-watermeyer.de\/wp-content\/uploads\/2019\/09\/dsc00856.jpg?resize=350%2C200","width":350,"height":200,"srcset":"https:\/\/i0.wp.com\/imkerei-watermeyer.de\/wp-content\/uploads\/2019\/09\/dsc00856.jpg?resize=350%2C200 1x, https:\/\/i0.wp.com\/imkerei-watermeyer.de\/wp-content\/uploads\/2019\/09\/dsc00856.jpg?resize=700%2C400 2x, https:\/\/i0.wp.com\/imkerei-watermeyer.de\/wp-content\/uploads\/2019\/09\/dsc00856.jpg?resize=1050%2C600 3x, https:\/\/i0.wp.com\/imkerei-watermeyer.de\/wp-content\/uploads\/2019\/09\/dsc00856.jpg?resize=1400%2C800 4x"},"classes":[]},{"id":689,"url":"http:\/\/imkerei-watermeyer.de\/?p=689","url_meta":{"origin":563,"position":5},"title":"Lavendellik\u00f6r","author":"laggenbiene","date":"August 4, 2019","format":false,"excerpt":"Der Lavendel bl\u00fcht - auch auf unserer Terrasse! Das emsige Treiben auf den Bl\u00fctenst\u00e4nden ist herrlich anzusehen. Ich habe mir diese Woche mal ein kreatives Rezept geschnappt zum \"Verwerten\" der duftenden Bl\u00fcten und einen Lavendellik\u00f6r angesetzt. Hier lest ihr \u00fcber das Rezept.","rel":"","context":"In &quot;Getr\u00e4nke&quot;","block_context":{"text":"Getr\u00e4nke","link":"http:\/\/imkerei-watermeyer.de\/?cat=115"},"img":{"alt_text":"","src":"https:\/\/i0.wp.com\/imkerei-watermeyer.de\/wp-content\/uploads\/2019\/08\/dsc00416.jpg?resize=350%2C200","width":350,"height":200,"srcset":"https:\/\/i0.wp.com\/imkerei-watermeyer.de\/wp-content\/uploads\/2019\/08\/dsc00416.jpg?resize=350%2C200 1x, https:\/\/i0.wp.com\/imkerei-watermeyer.de\/wp-content\/uploads\/2019\/08\/dsc00416.jpg?resize=700%2C400 2x, https:\/\/i0.wp.com\/imkerei-watermeyer.de\/wp-content\/uploads\/2019\/08\/dsc00416.jpg?resize=1050%2C600 3x, https:\/\/i0.wp.com\/imkerei-watermeyer.de\/wp-content\/uploads\/2019\/08\/dsc00416.jpg?resize=1400%2C800 4x"},"classes":[]}],"_links":{"self":[{"href":"http:\/\/imkerei-watermeyer.de\/index.php?rest_route=\/wp\/v2\/posts\/563"}],"collection":[{"href":"http:\/\/imkerei-watermeyer.de\/index.php?rest_route=\/wp\/v2\/posts"}],"about":[{"href":"http:\/\/imkerei-watermeyer.de\/index.php?rest_route=\/wp\/v2\/types\/post"}],"author":[{"embeddable":true,"href":"http:\/\/imkerei-watermeyer.de\/index.php?rest_route=\/wp\/v2\/users\/1"}],"replies":[{"embeddable":true,"href":"http:\/\/imkerei-watermeyer.de\/index.php?rest_route=%2Fwp%2Fv2%2Fcomments&post=563"}],"version-history":[{"count":2,"href":"http:\/\/imkerei-watermeyer.de\/index.php?rest_route=\/wp\/v2\/posts\/563\/revisions"}],"predecessor-version":[{"id":601,"href":"http:\/\/imkerei-watermeyer.de\/index.php?rest_route=\/wp\/v2\/posts\/563\/revisions\/601"}],"wp:featuredmedia":[{"embeddable":true,"href":"http:\/\/imkerei-watermeyer.de\/index.php?rest_route=\/wp\/v2\/media\/505"}],"wp:attachment":[{"href":"http:\/\/imkerei-watermeyer.de\/index.php?rest_route=%2Fwp%2Fv2%2Fmedia&parent=563"}],"wp:term":[{"taxonomy":"category","embeddable":true,"href":"http:\/\/imkerei-watermeyer.de\/index.php?rest_route=%2Fwp%2Fv2%2Fcategories&post=563"},{"taxonomy":"post_tag","embeddable":true,"href":"http:\/\/imkerei-watermeyer.de\/index.php?rest_route=%2Fwp%2Fv2%2Ftags&post=563"}],"curies":[{"name":"wp","href":"https:\/\/api.w.org\/{rel}","templated":true}]}}