{"id":534,"date":"2018-05-10T10:05:36","date_gmt":"2018-05-10T10:05:36","guid":{"rendered":"http:\/\/imkerei-watermeyer.de\/?p=534"},"modified":"2018-05-10T10:05:36","modified_gmt":"2018-05-10T10:05:36","slug":"die-erste-honigernte-2018","status":"publish","type":"post","link":"http:\/\/imkerei-watermeyer.de\/?p=534","title":{"rendered":"Die erste Honigernte 2018"},"content":{"rendered":"<p>Heute konnte ich den ersten Honig 2018 schleudern. Nachdem ich gestern die R\u00e4hmchen bei den Bienen herausgeholt hatte, folgten heute noch ein paar Arbeitsschritte, bevor der Honig flie\u00dfen konnte.<\/p>\n<p>1. Das Entdeckeln<\/p>\n<p>Dabei werden mit einer Gabel die Wachsdeckel von den Waben mit dem fertigen Honig entfernt:<\/p>\n<p><img data-attachment-id=\"527\" data-permalink=\"http:\/\/imkerei-watermeyer.de\/?attachment_id=527\" data-orig-file=\"http:\/\/imkerei-watermeyer.de\/wp-content\/uploads\/2018\/05\/img_1068-2.jpg\" data-orig-size=\"3264,2448\" data-comments-opened=\"1\" data-image-meta=\"{&quot;aperture&quot;:&quot;0&quot;,&quot;credit&quot;:&quot;&quot;,&quot;camera&quot;:&quot;&quot;,&quot;caption&quot;:&quot;&quot;,&quot;created_timestamp&quot;:&quot;0&quot;,&quot;copyright&quot;:&quot;&quot;,&quot;focal_length&quot;:&quot;0&quot;,&quot;iso&quot;:&quot;0&quot;,&quot;shutter_speed&quot;:&quot;0&quot;,&quot;title&quot;:&quot;&quot;,&quot;orientation&quot;:&quot;1&quot;}\" data-image-title=\"img_1068-2\" data-image-description=\"\" data-image-caption=\"\" data-medium-file=\"http:\/\/imkerei-watermeyer.de\/wp-content\/uploads\/2018\/05\/img_1068-2-300x225.jpg\" data-large-file=\"http:\/\/imkerei-watermeyer.de\/wp-content\/uploads\/2018\/05\/img_1068-2-1024x768.jpg\" decoding=\"async\" loading=\"lazy\" src=\"http:\/\/imkerei-watermeyer.de\/wp-content\/uploads\/2018\/05\/img_1068-2.jpg\" class=\"wp-image-527 size-full\" height=\"2448\" width=\"3264\" srcset=\"http:\/\/imkerei-watermeyer.de\/wp-content\/uploads\/2018\/05\/img_1068-2.jpg 3264w, http:\/\/imkerei-watermeyer.de\/wp-content\/uploads\/2018\/05\/img_1068-2-300x225.jpg 300w, http:\/\/imkerei-watermeyer.de\/wp-content\/uploads\/2018\/05\/img_1068-2-768x576.jpg 768w, http:\/\/imkerei-watermeyer.de\/wp-content\/uploads\/2018\/05\/img_1068-2-1024x768.jpg 1024w\" sizes=\"(max-width: 3264px) 100vw, 3264px\" \/>Honigr\u00e4hmchen mit verdeckelten Waben<\/p>\n<p><img data-attachment-id=\"528\" data-permalink=\"http:\/\/imkerei-watermeyer.de\/?attachment_id=528\" data-orig-file=\"http:\/\/imkerei-watermeyer.de\/wp-content\/uploads\/2018\/05\/img_1067-1.jpg\" data-orig-size=\"2448,3264\" data-comments-opened=\"1\" data-image-meta=\"{&quot;aperture&quot;:&quot;0&quot;,&quot;credit&quot;:&quot;&quot;,&quot;camera&quot;:&quot;&quot;,&quot;caption&quot;:&quot;&quot;,&quot;created_timestamp&quot;:&quot;0&quot;,&quot;copyright&quot;:&quot;&quot;,&quot;focal_length&quot;:&quot;0&quot;,&quot;iso&quot;:&quot;0&quot;,&quot;shutter_speed&quot;:&quot;0&quot;,&quot;title&quot;:&quot;&quot;,&quot;orientation&quot;:&quot;1&quot;}\" data-image-title=\"img_1067-1\" data-image-description=\"\" data-image-caption=\"\" data-medium-file=\"http:\/\/imkerei-watermeyer.de\/wp-content\/uploads\/2018\/05\/img_1067-1-225x300.jpg\" data-large-file=\"http:\/\/imkerei-watermeyer.de\/wp-content\/uploads\/2018\/05\/img_1067-1-768x1024.jpg\" decoding=\"async\" loading=\"lazy\" src=\"http:\/\/imkerei-watermeyer.de\/wp-content\/uploads\/2018\/05\/img_1067-1.jpg\" class=\"size-full wp-image-528\" height=\"3264\" width=\"2448\" srcset=\"http:\/\/imkerei-watermeyer.de\/wp-content\/uploads\/2018\/05\/img_1067-1.jpg 2448w, http:\/\/imkerei-watermeyer.de\/wp-content\/uploads\/2018\/05\/img_1067-1-225x300.jpg 225w, http:\/\/imkerei-watermeyer.de\/wp-content\/uploads\/2018\/05\/img_1067-1-768x1024.jpg 768w\" sizes=\"(max-width: 2448px) 100vw, 2448px\" \/>Entfernen der Wachsdeckel mit der Entdeckelungsgabel<\/p>\n<p><img data-attachment-id=\"529\" data-permalink=\"http:\/\/imkerei-watermeyer.de\/?attachment_id=529\" data-orig-file=\"http:\/\/imkerei-watermeyer.de\/wp-content\/uploads\/2018\/05\/img_1064-1.jpg\" data-orig-size=\"3264,2448\" data-comments-opened=\"1\" data-image-meta=\"{&quot;aperture&quot;:&quot;0&quot;,&quot;credit&quot;:&quot;&quot;,&quot;camera&quot;:&quot;&quot;,&quot;caption&quot;:&quot;&quot;,&quot;created_timestamp&quot;:&quot;0&quot;,&quot;copyright&quot;:&quot;&quot;,&quot;focal_length&quot;:&quot;0&quot;,&quot;iso&quot;:&quot;0&quot;,&quot;shutter_speed&quot;:&quot;0&quot;,&quot;title&quot;:&quot;&quot;,&quot;orientation&quot;:&quot;1&quot;}\" data-image-title=\"img_1064-1\" data-image-description=\"\" data-image-caption=\"\" data-medium-file=\"http:\/\/imkerei-watermeyer.de\/wp-content\/uploads\/2018\/05\/img_1064-1-300x225.jpg\" data-large-file=\"http:\/\/imkerei-watermeyer.de\/wp-content\/uploads\/2018\/05\/img_1064-1-1024x768.jpg\" decoding=\"async\" loading=\"lazy\" src=\"http:\/\/imkerei-watermeyer.de\/wp-content\/uploads\/2018\/05\/img_1064-1.jpg\" class=\"size-full wp-image-529\" height=\"2448\" width=\"3264\" srcset=\"http:\/\/imkerei-watermeyer.de\/wp-content\/uploads\/2018\/05\/img_1064-1.jpg 3264w, http:\/\/imkerei-watermeyer.de\/wp-content\/uploads\/2018\/05\/img_1064-1-300x225.jpg 300w, http:\/\/imkerei-watermeyer.de\/wp-content\/uploads\/2018\/05\/img_1064-1-768x576.jpg 768w, http:\/\/imkerei-watermeyer.de\/wp-content\/uploads\/2018\/05\/img_1064-1-1024x768.jpg 1024w\" sizes=\"(max-width: 3264px) 100vw, 3264px\" \/>Fertig entdeckeltes Honigr\u00e4hmchen<\/p>\n<p>2. Das Schleudern<\/p>\n<p>Dabei wird mit Hilfe der Zentrifugalkraft der Honig aus den Waben gegen die Wand der Honigschleuder geworfen, l\u00e4uft an der Wand hinunter und kann dann unten gezapft werden.<\/p>\n<p><img data-attachment-id=\"531\" data-permalink=\"http:\/\/imkerei-watermeyer.de\/?attachment_id=531\" data-orig-file=\"http:\/\/imkerei-watermeyer.de\/wp-content\/uploads\/2018\/05\/img_1070-2.jpg\" data-orig-size=\"3264,2448\" data-comments-opened=\"1\" data-image-meta=\"{&quot;aperture&quot;:&quot;0&quot;,&quot;credit&quot;:&quot;&quot;,&quot;camera&quot;:&quot;&quot;,&quot;caption&quot;:&quot;&quot;,&quot;created_timestamp&quot;:&quot;0&quot;,&quot;copyright&quot;:&quot;&quot;,&quot;focal_length&quot;:&quot;0&quot;,&quot;iso&quot;:&quot;0&quot;,&quot;shutter_speed&quot;:&quot;0&quot;,&quot;title&quot;:&quot;&quot;,&quot;orientation&quot;:&quot;1&quot;}\" data-image-title=\"img_1070-2\" data-image-description=\"\" data-image-caption=\"\" data-medium-file=\"http:\/\/imkerei-watermeyer.de\/wp-content\/uploads\/2018\/05\/img_1070-2-300x225.jpg\" data-large-file=\"http:\/\/imkerei-watermeyer.de\/wp-content\/uploads\/2018\/05\/img_1070-2-1024x768.jpg\" decoding=\"async\" loading=\"lazy\" src=\"http:\/\/imkerei-watermeyer.de\/wp-content\/uploads\/2018\/05\/img_1070-2.jpg\" class=\"wp-image-531 size-full\" height=\"2448\" width=\"3264\" srcset=\"http:\/\/imkerei-watermeyer.de\/wp-content\/uploads\/2018\/05\/img_1070-2.jpg 3264w, http:\/\/imkerei-watermeyer.de\/wp-content\/uploads\/2018\/05\/img_1070-2-300x225.jpg 300w, http:\/\/imkerei-watermeyer.de\/wp-content\/uploads\/2018\/05\/img_1070-2-768x576.jpg 768w, http:\/\/imkerei-watermeyer.de\/wp-content\/uploads\/2018\/05\/img_1070-2-1024x768.jpg 1024w\" sizes=\"(max-width: 3264px) 100vw, 3264px\" \/>Honigr\u00e4hmchen in der Schleuder<\/p>\n<p>3. Das Zapfen und Sieben<\/p>\n<p>Am Ende des Schleudervorgangs kann dann der Honig aus der Schleuder abgezapft werden. Um Verunreinigungen wie zum Beispiel Wachsreste zu entfernen, wird der Honig \u00fcber 2 in Reihe angeordnete, feiner werdende Siebe gesiebt. Und zwar gesiebt und nicht gefiltert! Honig nach den Vorgaben des Deutschen Imkerbunds darf nicht gefiltert werden, da wertvolle Bestandteile wie Pollen im Honig verbleiben sollen. Ein wichtiger Unterschied zur industriellen Einheits-Massenware.<\/p>\n<p><div style=\"width: 640px;\" class=\"wp-video\"><!--[if lt IE 9]><script>document.createElement('video');<\/script><![endif]-->\n<video class=\"wp-video-shortcode\" id=\"video-534-1\" width=\"640\" height=\"360\" preload=\"metadata\" controls=\"controls\"><source type=\"video\/mp4\" src=\"http:\/\/imkerei-watermeyer.de\/wp-content\/uploads\/2018\/05\/img_1074-1.mp4?_=1\" \/><a href=\"http:\/\/imkerei-watermeyer.de\/wp-content\/uploads\/2018\/05\/img_1074-1.mp4\">http:\/\/imkerei-watermeyer.de\/wp-content\/uploads\/2018\/05\/img_1074-1.mp4<\/a><\/video><\/div>\u00d6ffnen des Zapfhahns an der Honigschleuder<\/p>\n<div id=\"geo-post-534\" class=\"geo geo-post\" style=\"display: none\"><span class=\"latitude\">52.2598202<\/span><span class=\"longitude\">7.7898743<\/span><\/div>","protected":false},"excerpt":{"rendered":"<p>Heute konnte ich den ersten Honig 2018 schleudern. Nachdem ich gestern die R\u00e4hmchen bei den Bienen herausgeholt hatte, folgten heute noch ein paar Arbeitsschritte, bevor der Honig flie\u00dfen konnte. 1. Das Entdeckeln Dabei werden mit einer Gabel die Wachsdeckel von den Waben mit dem fertigen Honig entfernt: Honigr\u00e4hmchen mit verdeckelten [&hellip;]<\/p>\n","protected":false},"author":1,"featured_media":533,"comment_status":"open","ping_status":"open","sticky":false,"template":"","format":"standard","meta":{"jetpack_post_was_ever_published":false,"_jetpack_newsletter_access":"","jetpack_publicize_message":"","jetpack_is_tweetstorm":false,"jetpack_publicize_feature_enabled":true,"jetpack_social_post_already_shared":true,"jetpack_social_options":{"image_generator_settings":{"template":"highway","enabled":false}}},"categories":[47,33],"tags":[74,24,75,67],"jetpack_publicize_connections":[],"jetpack_featured_media_url":"http:\/\/imkerei-watermeyer.de\/wp-content\/uploads\/2018\/05\/5b72911e-6824-4434-a637-05b4e8ce633a.jpg","jetpack_sharing_enabled":true,"jetpack_shortlink":"https:\/\/wp.me\/p9uDaz-8C","jetpack_likes_enabled":true,"jetpack-related-posts":[{"id":169,"url":"http:\/\/imkerei-watermeyer.de\/?p=169","url_meta":{"origin":534,"position":0},"title":"Der erste Honig 2015","author":"Homeraner","date":"Juni 1, 2015","format":false,"excerpt":"Heute war es endlich soweit. Wir konnten heute den ersten Honig ernten und schleudern. Um den Honig ernten zu k\u00f6nnen, muss er trocken genug sein. Wenn der Honig trocken genug ist, spritzt er nicht mehr aus den Zellen, wenn man das R\u00e4hmchen sch\u00fcttelt, bzw. die Bienen verdeckeln die Honigzellen. Bevor\u2026","rel":"","context":"\u00c4hnlicher Beitrag","block_context":{"text":"\u00c4hnlicher Beitrag","link":""},"img":{"alt_text":"","src":"","width":0,"height":0},"classes":[]},{"id":655,"url":"http:\/\/imkerei-watermeyer.de\/?p=655","url_meta":{"origin":534,"position":1},"title":"Honigernte &#8211; Sp\u00e4ttracht","author":"Homeraner","date":"Juli 21, 2019","format":false,"excerpt":"Am letzten Mittwoch konnten wir wieder Honig ernten. W\u00e4hrend der Lindenbl\u00fcte konnten die Bienen so einiges an Nektar eintragen und in M\u00fcnster-Amelsb\u00fcren haben sie sich auch flei\u00dfig an der dort angelegten Blumenwiese bedient. Biene in der Wildblumenwiese Die Bienen haben das k\u00e4ltere Wetter der Tage zuvor genutzt und haben den\u2026","rel":"","context":"In &quot;Bienenbilder&quot;","block_context":{"text":"Bienenbilder","link":"http:\/\/imkerei-watermeyer.de\/?cat=2"},"img":{"alt_text":"","src":"https:\/\/i0.wp.com\/imkerei-watermeyer.de\/wp-content\/uploads\/2019\/07\/dsc00166-5.jpg?resize=350%2C200","width":350,"height":200,"srcset":"https:\/\/i0.wp.com\/imkerei-watermeyer.de\/wp-content\/uploads\/2019\/07\/dsc00166-5.jpg?resize=350%2C200 1x, https:\/\/i0.wp.com\/imkerei-watermeyer.de\/wp-content\/uploads\/2019\/07\/dsc00166-5.jpg?resize=700%2C400 2x, https:\/\/i0.wp.com\/imkerei-watermeyer.de\/wp-content\/uploads\/2019\/07\/dsc00166-5.jpg?resize=1050%2C600 3x, https:\/\/i0.wp.com\/imkerei-watermeyer.de\/wp-content\/uploads\/2019\/07\/dsc00166-5.jpg?resize=1400%2C800 4x"},"classes":[]},{"id":159,"url":"http:\/\/imkerei-watermeyer.de\/?p=159","url_meta":{"origin":534,"position":2},"title":"Es dauert nicht mehr lang","author":"Homeraner","date":"Mai 21, 2015","format":false,"excerpt":"\u00a0Am letzten Donnerstag hatte ich unsere V\u00f6lker durchgeschaut und insbesondere ein Auge in die Honigr\u00e4ume geworfen. Bei einem Volk sah es schon recht vielversprechend aus und ein Gro\u00dfteil der R\u00e4hmchen im Honigraum war schon zur H\u00e4lfte verdeckelt.\u00a0 Das bedeutet, dass der Honig in den Waben reif ist und bevorratet werden\u2026","rel":"","context":"\u00c4hnlicher Beitrag","block_context":{"text":"\u00c4hnlicher Beitrag","link":""},"img":{"alt_text":"","src":"","width":0,"height":0},"classes":[]},{"id":317,"url":"http:\/\/imkerei-watermeyer.de\/?p=317","url_meta":{"origin":534,"position":3},"title":"Unsere Honigsaison beginnt\u00a0","author":"Homeraner","date":"April 17, 2016","format":false,"excerpt":"Heute hat f\u00fcr uns die Honigsaison 2016 begonnen. Da mittlerweile die Obstbl\u00fcte begonnen hat, haben wir heute auf unser Volk zuhause den Honigraum auf die beiden Brutr\u00e4ume drauf gesetzt. Zuerst wird der Deckel und der sogenannte Abdeckfix (die durchsichtige Folie auf dem Brutr\u00e4ume) von den beiden Brutzargen abgenommen.\u00a0 Der Abdeckfix\u2026","rel":"","context":"In &quot;Arbeiten rund ums Volk&quot;","block_context":{"text":"Arbeiten rund ums Volk","link":"http:\/\/imkerei-watermeyer.de\/?cat=47"},"img":{"alt_text":"","src":"https:\/\/i0.wp.com\/imkerei-watermeyer.de\/wp-content\/uploads\/2016\/04\/img_9512-1.jpg?resize=350%2C200","width":350,"height":200,"srcset":"https:\/\/i0.wp.com\/imkerei-watermeyer.de\/wp-content\/uploads\/2016\/04\/img_9512-1.jpg?resize=350%2C200 1x, https:\/\/i0.wp.com\/imkerei-watermeyer.de\/wp-content\/uploads\/2016\/04\/img_9512-1.jpg?resize=700%2C400 2x, https:\/\/i0.wp.com\/imkerei-watermeyer.de\/wp-content\/uploads\/2016\/04\/img_9512-1.jpg?resize=1050%2C600 3x, https:\/\/i0.wp.com\/imkerei-watermeyer.de\/wp-content\/uploads\/2016\/04\/img_9512-1.jpg?resize=1400%2C800 4x"},"classes":[]},{"id":413,"url":"http:\/\/imkerei-watermeyer.de\/?p=413","url_meta":{"origin":534,"position":4},"title":"Der erste Honig 2017","author":"Homeraner","date":"Juni 11, 2017","format":false,"excerpt":"Am Pfingstwochenende war es doch noch so weit! Eigentlich hatte ich schon gar nicht mehr damit gerechnet, als ich 2 Wochen zuvor feststellen musste, dass mehr Honig verbraucht als gesammelt wurde. Die dann folgenden 2 Wochen mit warmen sonnigen Wetter waren dann aber so g\u00fcnstig f\u00fcr die Bienen, dass ich\u2026","rel":"","context":"In &quot;Honig-Vermarktung&quot;","block_context":{"text":"Honig-Vermarktung","link":"http:\/\/imkerei-watermeyer.de\/?cat=33"},"img":{"alt_text":"","src":"https:\/\/i0.wp.com\/imkerei-watermeyer.de\/wp-content\/uploads\/2017\/06\/img_1989-1.jpg?resize=350%2C200","width":350,"height":200,"srcset":"https:\/\/i0.wp.com\/imkerei-watermeyer.de\/wp-content\/uploads\/2017\/06\/img_1989-1.jpg?resize=350%2C200 1x, https:\/\/i0.wp.com\/imkerei-watermeyer.de\/wp-content\/uploads\/2017\/06\/img_1989-1.jpg?resize=700%2C400 2x, https:\/\/i0.wp.com\/imkerei-watermeyer.de\/wp-content\/uploads\/2017\/06\/img_1989-1.jpg?resize=1050%2C600 3x, https:\/\/i0.wp.com\/imkerei-watermeyer.de\/wp-content\/uploads\/2017\/06\/img_1989-1.jpg?resize=1400%2C800 4x"},"classes":[]},{"id":1277,"url":"http:\/\/imkerei-watermeyer.de\/?p=1277","url_meta":{"origin":534,"position":5},"title":"Update Imkerei","author":"laggenbiene","date":"Juni 10, 2024","format":false,"excerpt":"In unserer Imkerei hat sich seit dem letzten Jahr einiges getan. Die Bienenv\u00f6lker sind Ende 2023 nach Amelsb\u00fcren zu Daniels Trauzeugin Petra aufs Land gezogen. Der Umzug wurde n\u00f6tig, da Daniel aufgrund seines beruflichen Stresses Unterst\u00fctzung bei den Bienen ben\u00f6tigte. Petra interessierte sich eh schon f\u00fcrs Imkern und so war\u2026","rel":"","context":"In &quot;Imkereibeitr\u00e4ge&quot;","block_context":{"text":"Imkereibeitr\u00e4ge","link":"http:\/\/imkerei-watermeyer.de\/?cat=104"},"img":{"alt_text":"","src":"https:\/\/i0.wp.com\/imkerei-watermeyer.de\/wp-content\/uploads\/2024\/06\/0ef752fe-7856-4d75-83c5-12b5d6df4312-1.jpg?resize=350%2C200","width":350,"height":200,"srcset":"https:\/\/i0.wp.com\/imkerei-watermeyer.de\/wp-content\/uploads\/2024\/06\/0ef752fe-7856-4d75-83c5-12b5d6df4312-1.jpg?resize=350%2C200 1x, https:\/\/i0.wp.com\/imkerei-watermeyer.de\/wp-content\/uploads\/2024\/06\/0ef752fe-7856-4d75-83c5-12b5d6df4312-1.jpg?resize=700%2C400 2x"},"classes":[]}],"_links":{"self":[{"href":"http:\/\/imkerei-watermeyer.de\/index.php?rest_route=\/wp\/v2\/posts\/534"}],"collection":[{"href":"http:\/\/imkerei-watermeyer.de\/index.php?rest_route=\/wp\/v2\/posts"}],"about":[{"href":"http:\/\/imkerei-watermeyer.de\/index.php?rest_route=\/wp\/v2\/types\/post"}],"author":[{"embeddable":true,"href":"http:\/\/imkerei-watermeyer.de\/index.php?rest_route=\/wp\/v2\/users\/1"}],"replies":[{"embeddable":true,"href":"http:\/\/imkerei-watermeyer.de\/index.php?rest_route=%2Fwp%2Fv2%2Fcomments&post=534"}],"version-history":[{"count":0,"href":"http:\/\/imkerei-watermeyer.de\/index.php?rest_route=\/wp\/v2\/posts\/534\/revisions"}],"wp:featuredmedia":[{"embeddable":true,"href":"http:\/\/imkerei-watermeyer.de\/index.php?rest_route=\/wp\/v2\/media\/533"}],"wp:attachment":[{"href":"http:\/\/imkerei-watermeyer.de\/index.php?rest_route=%2Fwp%2Fv2%2Fmedia&parent=534"}],"wp:term":[{"taxonomy":"category","embeddable":true,"href":"http:\/\/imkerei-watermeyer.de\/index.php?rest_route=%2Fwp%2Fv2%2Fcategories&post=534"},{"taxonomy":"post_tag","embeddable":true,"href":"http:\/\/imkerei-watermeyer.de\/index.php?rest_route=%2Fwp%2Fv2%2Ftags&post=534"}],"curies":[{"name":"wp","href":"https:\/\/api.w.org\/{rel}","templated":true}]}}