{"id":506,"date":"2018-05-01T08:07:13","date_gmt":"2018-05-01T08:07:13","guid":{"rendered":"http:\/\/imkerei-watermeyer.de\/?p=506"},"modified":"2018-05-01T08:34:30","modified_gmt":"2018-05-01T08:34:30","slug":"zum-ersten-mal-rapshonig","status":"publish","type":"post","link":"http:\/\/imkerei-watermeyer.de\/?p=506","title":{"rendered":"Zum ersten Mal Rapshonig?"},"content":{"rendered":"<p>Nachdem meine Bienen und ich im letzten Jahr umgezogen sind, k\u00f6nnte ich in diesem Jahr zum ersten Mal Rapshonig ernten.<\/p>\n<p>Meine Bienen in M\u00fcnster stehen direkt neben einem Rapsfeld.<\/p>\n<p><img data-attachment-id=\"509\" data-permalink=\"http:\/\/imkerei-watermeyer.de\/?attachment_id=509\" data-orig-file=\"http:\/\/imkerei-watermeyer.de\/wp-content\/uploads\/2018\/05\/img_0856-2.jpg\" data-orig-size=\"3264,2448\" data-comments-opened=\"1\" data-image-meta=\"{&quot;aperture&quot;:&quot;0&quot;,&quot;credit&quot;:&quot;&quot;,&quot;camera&quot;:&quot;&quot;,&quot;caption&quot;:&quot;&quot;,&quot;created_timestamp&quot;:&quot;0&quot;,&quot;copyright&quot;:&quot;&quot;,&quot;focal_length&quot;:&quot;0&quot;,&quot;iso&quot;:&quot;0&quot;,&quot;shutter_speed&quot;:&quot;0&quot;,&quot;title&quot;:&quot;&quot;,&quot;orientation&quot;:&quot;1&quot;}\" data-image-title=\"img_0856-2\" data-image-description=\"\" data-image-caption=\"\" data-medium-file=\"http:\/\/imkerei-watermeyer.de\/wp-content\/uploads\/2018\/05\/img_0856-2-300x225.jpg\" data-large-file=\"http:\/\/imkerei-watermeyer.de\/wp-content\/uploads\/2018\/05\/img_0856-2-1024x768.jpg\" decoding=\"async\" loading=\"lazy\" src=\"http:\/\/imkerei-watermeyer.de\/wp-content\/uploads\/2018\/05\/img_0856-2.jpg\" class=\"wp-image-509 size-full\" height=\"2448\" width=\"3264\" srcset=\"http:\/\/imkerei-watermeyer.de\/wp-content\/uploads\/2018\/05\/img_0856-2.jpg 3264w, http:\/\/imkerei-watermeyer.de\/wp-content\/uploads\/2018\/05\/img_0856-2-300x225.jpg 300w, http:\/\/imkerei-watermeyer.de\/wp-content\/uploads\/2018\/05\/img_0856-2-768x576.jpg 768w, http:\/\/imkerei-watermeyer.de\/wp-content\/uploads\/2018\/05\/img_0856-2-1024x768.jpg 1024w\" sizes=\"(max-width: 3264px) 100vw, 3264px\" \/><\/p>\n<p>Da stehen die Chancen nicht schlecht, dass ich zum ersten Mal einen Sortenhonig haben werde.<\/p>\n<p>Die Bienen tragen jedenfalls schon flei\u00dfig ein.<\/p>\n<p><img data-attachment-id=\"518\" data-permalink=\"http:\/\/imkerei-watermeyer.de\/?attachment_id=518\" data-orig-file=\"http:\/\/imkerei-watermeyer.de\/wp-content\/uploads\/2018\/05\/img_0854.jpg\" data-orig-size=\"2448,3264\" data-comments-opened=\"1\" data-image-meta=\"{&quot;aperture&quot;:&quot;0&quot;,&quot;credit&quot;:&quot;&quot;,&quot;camera&quot;:&quot;&quot;,&quot;caption&quot;:&quot;&quot;,&quot;created_timestamp&quot;:&quot;0&quot;,&quot;copyright&quot;:&quot;&quot;,&quot;focal_length&quot;:&quot;0&quot;,&quot;iso&quot;:&quot;0&quot;,&quot;shutter_speed&quot;:&quot;0&quot;,&quot;title&quot;:&quot;&quot;,&quot;orientation&quot;:&quot;1&quot;}\" data-image-title=\"img_0854\" data-image-description=\"\" data-image-caption=\"\" data-medium-file=\"http:\/\/imkerei-watermeyer.de\/wp-content\/uploads\/2018\/05\/img_0854-225x300.jpg\" data-large-file=\"http:\/\/imkerei-watermeyer.de\/wp-content\/uploads\/2018\/05\/img_0854-768x1024.jpg\" decoding=\"async\" loading=\"lazy\" src=\"http:\/\/imkerei-watermeyer.de\/wp-content\/uploads\/2018\/05\/img_0854.jpg\" class=\"wp-image-518 size-full\" height=\"3264\" width=\"2448\" srcset=\"http:\/\/imkerei-watermeyer.de\/wp-content\/uploads\/2018\/05\/img_0854.jpg 2448w, http:\/\/imkerei-watermeyer.de\/wp-content\/uploads\/2018\/05\/img_0854-225x300.jpg 225w, http:\/\/imkerei-watermeyer.de\/wp-content\/uploads\/2018\/05\/img_0854-768x1024.jpg 768w\" sizes=\"(max-width: 2448px) 100vw, 2448px\" \/><\/p>\n<p>Und hier noch ein Foto von mir bei der Arbeit.<\/p>\n<p><img data-attachment-id=\"504\" data-permalink=\"http:\/\/imkerei-watermeyer.de\/?attachment_id=504\" data-orig-file=\"http:\/\/imkerei-watermeyer.de\/wp-content\/uploads\/2018\/05\/img_0853.jpg\" data-orig-size=\"2448,3264\" data-comments-opened=\"1\" data-image-meta=\"{&quot;aperture&quot;:&quot;0&quot;,&quot;credit&quot;:&quot;&quot;,&quot;camera&quot;:&quot;&quot;,&quot;caption&quot;:&quot;&quot;,&quot;created_timestamp&quot;:&quot;0&quot;,&quot;copyright&quot;:&quot;&quot;,&quot;focal_length&quot;:&quot;0&quot;,&quot;iso&quot;:&quot;0&quot;,&quot;shutter_speed&quot;:&quot;0&quot;,&quot;title&quot;:&quot;&quot;,&quot;orientation&quot;:&quot;1&quot;}\" data-image-title=\"img_0853\" data-image-description=\"\" data-image-caption=\"\" data-medium-file=\"http:\/\/imkerei-watermeyer.de\/wp-content\/uploads\/2018\/05\/img_0853-225x300.jpg\" data-large-file=\"http:\/\/imkerei-watermeyer.de\/wp-content\/uploads\/2018\/05\/img_0853-768x1024.jpg\" decoding=\"async\" loading=\"lazy\" src=\"http:\/\/imkerei-watermeyer.de\/wp-content\/uploads\/2018\/05\/img_0853.jpg\" class=\"wp-image-504 size-full\" height=\"3264\" width=\"2448\" srcset=\"http:\/\/imkerei-watermeyer.de\/wp-content\/uploads\/2018\/05\/img_0853.jpg 2448w, http:\/\/imkerei-watermeyer.de\/wp-content\/uploads\/2018\/05\/img_0853-225x300.jpg 225w, http:\/\/imkerei-watermeyer.de\/wp-content\/uploads\/2018\/05\/img_0853-768x1024.jpg 768w\" sizes=\"(max-width: 2448px) 100vw, 2448px\" \/><\/p>\n","protected":false},"excerpt":{"rendered":"<p>Nachdem meine Bienen und ich im letzten Jahr umgezogen sind, k\u00f6nnte ich in diesem Jahr zum ersten Mal Rapshonig ernten. Meine Bienen in M\u00fcnster stehen direkt neben einem Rapsfeld. Da stehen die Chancen nicht schlecht, dass ich zum ersten Mal einen Sortenhonig haben werde. Die Bienen tragen jedenfalls schon flei\u00dfig [&hellip;]<\/p>\n","protected":false},"author":1,"featured_media":505,"comment_status":"open","ping_status":"open","sticky":false,"template":"","format":"standard","meta":{"jetpack_post_was_ever_published":false,"_jetpack_newsletter_access":"","jetpack_publicize_message":"","jetpack_is_tweetstorm":false,"jetpack_publicize_feature_enabled":true,"jetpack_social_post_already_shared":true,"jetpack_social_options":{"image_generator_settings":{"template":"highway","enabled":false}}},"categories":[47,2,4,33],"tags":[29,24,73],"jetpack_publicize_connections":[],"jetpack_featured_media_url":"http:\/\/imkerei-watermeyer.de\/wp-content\/uploads\/2018\/05\/img_0869.jpg","jetpack_sharing_enabled":true,"jetpack_shortlink":"https:\/\/wp.me\/p9uDaz-8a","jetpack_likes_enabled":true,"jetpack-related-posts":[{"id":365,"url":"http:\/\/imkerei-watermeyer.de\/?p=365","url_meta":{"origin":506,"position":0},"title":"Honigraum aufsetzen","author":"Homeraner","date":"April 23, 2017","format":false,"excerpt":"Nachdem ich eine erste Durchsicht gewagt hatte, habe ich mich p\u00fcnktlich zur Kirschbl\u00fcte dazu entschlossen, den Honigraum auf das Volk bei uns zuhause aufzusetzen. Die Kirschbl\u00fcte zeigt den Zeitpunkt an, zu dem die erste nutzbare Tracht (ausreichende Nektarmenge) f\u00fcr die Bienen durch die Obstbl\u00fcte zur Verf\u00fcgung steht. In diesem Jahr\u2026","rel":"","context":"In &quot;Arbeiten rund ums Volk&quot;","block_context":{"text":"Arbeiten rund ums Volk","link":"http:\/\/imkerei-watermeyer.de\/?cat=47"},"img":{"alt_text":"","src":"https:\/\/i0.wp.com\/imkerei-watermeyer.de\/wp-content\/uploads\/2017\/04\/IMG_0456-e1492930499373.jpg?resize=350%2C200","width":350,"height":200,"srcset":"https:\/\/i0.wp.com\/imkerei-watermeyer.de\/wp-content\/uploads\/2017\/04\/IMG_0456-e1492930499373.jpg?resize=350%2C200 1x, https:\/\/i0.wp.com\/imkerei-watermeyer.de\/wp-content\/uploads\/2017\/04\/IMG_0456-e1492930499373.jpg?resize=700%2C400 2x, https:\/\/i0.wp.com\/imkerei-watermeyer.de\/wp-content\/uploads\/2017\/04\/IMG_0456-e1492930499373.jpg?resize=1050%2C600 3x, https:\/\/i0.wp.com\/imkerei-watermeyer.de\/wp-content\/uploads\/2017\/04\/IMG_0456-e1492930499373.jpg?resize=1400%2C800 4x"},"classes":[]},{"id":218,"url":"http:\/\/imkerei-watermeyer.de\/?p=218","url_meta":{"origin":506,"position":1},"title":"Einwintern","author":"Homeraner","date":"August 31, 2015","format":false,"excerpt":"Morgen werden wieder Spekulatius und Dominosteine Einzug in deutsche Superm\u00e4rkte halten und der meteorologische Herbst beginnt. Der Hochsommer verabschiedet sich gerade bei uns mit Blitz und Donner. Doch wir Imker sind schon einen Schritt weiter! Im August stand bei unseren V\u00f6lkern das sogenannte Einwintern auf dem Programm. Zu den Arbeiten\u2026","rel":"","context":"In &quot;Blick ins Volk&quot;","block_context":{"text":"Blick ins Volk","link":"http:\/\/imkerei-watermeyer.de\/?cat=4"},"img":{"alt_text":"","src":"https:\/\/i0.wp.com\/imkerei-watermeyer.de\/wp-content\/uploads\/2015\/08\/IMG_4358-0.jpg?resize=350%2C200","width":350,"height":200,"srcset":"https:\/\/i0.wp.com\/imkerei-watermeyer.de\/wp-content\/uploads\/2015\/08\/IMG_4358-0.jpg?resize=350%2C200 1x, https:\/\/i0.wp.com\/imkerei-watermeyer.de\/wp-content\/uploads\/2015\/08\/IMG_4358-0.jpg?resize=700%2C400 2x, https:\/\/i0.wp.com\/imkerei-watermeyer.de\/wp-content\/uploads\/2015\/08\/IMG_4358-0.jpg?resize=1050%2C600 3x, https:\/\/i0.wp.com\/imkerei-watermeyer.de\/wp-content\/uploads\/2015\/08\/IMG_4358-0.jpg?resize=1400%2C800 4x"},"classes":[]},{"id":150,"url":"http:\/\/imkerei-watermeyer.de\/?p=150","url_meta":{"origin":506,"position":2},"title":"Biene zum Anfassen","author":"Homeraner","date":"Mai 13, 2015","format":false,"excerpt":"Heute war ich mal wieder an unseren Bienen.\u00a0Die Kontrolle der Drohnenr\u00e4hmchen und der Schwarmneigung standen an - und nat\u00fcrlich wirft man dabei auch schon einmal einen Blick in die oberste Etage der Beute, um zu kontrollieren, ob schon Honig eingetragen wurde. Zu den Drohnenr\u00e4hmchen werde ich die Tage noch einen\u2026","rel":"","context":"In &quot;Anatomie der Biene&quot;","block_context":{"text":"Anatomie der Biene","link":"http:\/\/imkerei-watermeyer.de\/?cat=11"},"img":{"alt_text":"","src":"https:\/\/i0.wp.com\/imkerei-watermeyer.de\/wp-content\/uploads\/2015\/05\/IMG_2130-300x225.jpg?resize=350%2C200","width":350,"height":200},"classes":[]},{"id":534,"url":"http:\/\/imkerei-watermeyer.de\/?p=534","url_meta":{"origin":506,"position":3},"title":"Die erste Honigernte 2018","author":"Homeraner","date":"Mai 10, 2018","format":false,"excerpt":"Heute konnte ich den ersten Honig 2018 schleudern. Nachdem ich gestern die R\u00e4hmchen bei den Bienen herausgeholt hatte, folgten heute noch ein paar Arbeitsschritte, bevor der Honig flie\u00dfen konnte. 1. Das Entdeckeln Dabei werden mit einer Gabel die Wachsdeckel von den Waben mit dem fertigen Honig entfernt: Honigr\u00e4hmchen mit verdeckelten\u2026","rel":"","context":"In &quot;Arbeiten rund ums Volk&quot;","block_context":{"text":"Arbeiten rund ums Volk","link":"http:\/\/imkerei-watermeyer.de\/?cat=47"},"img":{"alt_text":"","src":"https:\/\/i0.wp.com\/imkerei-watermeyer.de\/wp-content\/uploads\/2018\/05\/5b72911e-6824-4434-a637-05b4e8ce633a.jpg?resize=350%2C200","width":350,"height":200,"srcset":"https:\/\/i0.wp.com\/imkerei-watermeyer.de\/wp-content\/uploads\/2018\/05\/5b72911e-6824-4434-a637-05b4e8ce633a.jpg?resize=350%2C200 1x, https:\/\/i0.wp.com\/imkerei-watermeyer.de\/wp-content\/uploads\/2018\/05\/5b72911e-6824-4434-a637-05b4e8ce633a.jpg?resize=700%2C400 2x, https:\/\/i0.wp.com\/imkerei-watermeyer.de\/wp-content\/uploads\/2018\/05\/5b72911e-6824-4434-a637-05b4e8ce633a.jpg?resize=1050%2C600 3x, https:\/\/i0.wp.com\/imkerei-watermeyer.de\/wp-content\/uploads\/2018\/05\/5b72911e-6824-4434-a637-05b4e8ce633a.jpg?resize=1400%2C800 4x"},"classes":[]},{"id":121,"url":"http:\/\/imkerei-watermeyer.de\/?p=121","url_meta":{"origin":506,"position":4},"title":"Kastanienbl\u00fcte Teil 1","author":"Homeraner","date":"Mai 5, 2015","format":false,"excerpt":"Die Rosskastanie in unserem Garten ist mittlerweile in voller Bl\u00fcte. Es ist wunderbar abends einfach ruhig unter dem Baum zu stehen und dem Summen der Bienen und Hummeln zu lauschen. Die Rosskastanie ist f\u00fcr uns ein Zeichen, wann bei uns in der Gegend die sogenannte Fr\u00fchtracht vorbei ist und zum\u2026","rel":"","context":"In &quot;Natur&quot;","block_context":{"text":"Natur","link":"http:\/\/imkerei-watermeyer.de\/?cat=3"},"img":{"alt_text":"","src":"https:\/\/i0.wp.com\/imkerei-watermeyer.de\/wp-content\/uploads\/2015\/05\/Rosskastanie-in-Bl\u00c3\u00bcte-e1430851906289-225x300.jpg?resize=350%2C200","width":350,"height":200},"classes":[]},{"id":169,"url":"http:\/\/imkerei-watermeyer.de\/?p=169","url_meta":{"origin":506,"position":5},"title":"Der erste Honig 2015","author":"Homeraner","date":"Juni 1, 2015","format":false,"excerpt":"Heute war es endlich soweit. Wir konnten heute den ersten Honig ernten und schleudern. Um den Honig ernten zu k\u00f6nnen, muss er trocken genug sein. Wenn der Honig trocken genug ist, spritzt er nicht mehr aus den Zellen, wenn man das R\u00e4hmchen sch\u00fcttelt, bzw. die Bienen verdeckeln die Honigzellen. Bevor\u2026","rel":"","context":"\u00c4hnlicher Beitrag","block_context":{"text":"\u00c4hnlicher Beitrag","link":""},"img":{"alt_text":"","src":"","width":0,"height":0},"classes":[]}],"_links":{"self":[{"href":"http:\/\/imkerei-watermeyer.de\/index.php?rest_route=\/wp\/v2\/posts\/506"}],"collection":[{"href":"http:\/\/imkerei-watermeyer.de\/index.php?rest_route=\/wp\/v2\/posts"}],"about":[{"href":"http:\/\/imkerei-watermeyer.de\/index.php?rest_route=\/wp\/v2\/types\/post"}],"author":[{"embeddable":true,"href":"http:\/\/imkerei-watermeyer.de\/index.php?rest_route=\/wp\/v2\/users\/1"}],"replies":[{"embeddable":true,"href":"http:\/\/imkerei-watermeyer.de\/index.php?rest_route=%2Fwp%2Fv2%2Fcomments&post=506"}],"version-history":[{"count":6,"href":"http:\/\/imkerei-watermeyer.de\/index.php?rest_route=\/wp\/v2\/posts\/506\/revisions"}],"predecessor-version":[{"id":519,"href":"http:\/\/imkerei-watermeyer.de\/index.php?rest_route=\/wp\/v2\/posts\/506\/revisions\/519"}],"wp:featuredmedia":[{"embeddable":true,"href":"http:\/\/imkerei-watermeyer.de\/index.php?rest_route=\/wp\/v2\/media\/505"}],"wp:attachment":[{"href":"http:\/\/imkerei-watermeyer.de\/index.php?rest_route=%2Fwp%2Fv2%2Fmedia&parent=506"}],"wp:term":[{"taxonomy":"category","embeddable":true,"href":"http:\/\/imkerei-watermeyer.de\/index.php?rest_route=%2Fwp%2Fv2%2Fcategories&post=506"},{"taxonomy":"post_tag","embeddable":true,"href":"http:\/\/imkerei-watermeyer.de\/index.php?rest_route=%2Fwp%2Fv2%2Ftags&post=506"}],"curies":[{"name":"wp","href":"https:\/\/api.w.org\/{rel}","templated":true}]}}