{"id":490,"date":"2018-02-24T08:43:26","date_gmt":"2018-02-24T08:43:26","guid":{"rendered":"http:\/\/imkerei-watermeyer.de\/?p=490"},"modified":"2018-02-24T08:43:26","modified_gmt":"2018-02-24T08:43:26","slug":"nachfuettern","status":"publish","type":"post","link":"http:\/\/imkerei-watermeyer.de\/?p=490","title":{"rendered":"Nachf\u00fcttern"},"content":{"rendered":"<p>Der Winter wird dieses Jahr seinem Namen gerecht und h\u00e4lt uns hier an den westlichen Ausl\u00e4ufern des Teutoburger Waldes immer noch mit Minusgraden im Griff.<\/p>\n<p>Die Bienenv\u00f6lker haben allerdings in ihren Kisten schon das neue Bienenjahr eingel\u00e4utet und die K\u00f6niginnen sind in Eilage gegangen. Das hei\u00dft, dass nun wieder neue Bienen herangezogen werden und die V\u00f6lker wieder wachsen. Damit ihnen daf\u00fcr genug Energie zur Verf\u00fcgung steht, muss kontrolliert werden, ob noch gen\u00fcgend Futter in den V\u00f6lkern ist.<\/p>\n<p>Da ich auf Nummer sicher gehen m\u00f6chte, habe ich heute Futtersirup angemischt, um damit meine V\u00f6lker nachzuf\u00fcttern. Der Futtersirup besteht aus Zucker und Wasser im Verh\u00e4ltnis 3:2.<\/p>\n<p><img decoding=\"async\" src=\"http:\/\/imkerei-watermeyer.de\/wp-content\/uploads\/2018\/02\/img_0334.jpg\" class=\"size-full\"><\/p>\n<p>Diesen Sirup f\u00fclle ich in Futterr\u00e4hmchen, die ich in die Bienenkisten gehangen habe. In die Fl\u00fcssigkeit kommt zus\u00e4tzlich Stroh als Ausstiegshilfe f\u00fcr die Bienen, damit keine im Sirup ertrinkt.<\/p>\n<p><img decoding=\"async\" src=\"http:\/\/imkerei-watermeyer.de\/wp-content\/uploads\/2018\/02\/img_0335.jpg\" class=\"size-full\"><\/p>\n<p>Wenn die Temperaturen demn\u00e4chst hoffentlich die 10Grad-Celsius-Grenze \u00fcberschreiten werden, werden die Bienen wieder ausfliegen und selber Futter sammeln k\u00f6nnen.<\/p>\n<p>Ich bin da guter Hoffnung, dass die neuen Standorte ihren Teil dazu beitragen werden.<\/p>\n","protected":false},"excerpt":{"rendered":"<p>Der Winter wird dieses Jahr seinem Namen gerecht und h\u00e4lt uns hier an den westlichen Ausl\u00e4ufern des Teutoburger Waldes immer noch mit Minusgraden im Griff. Die Bienenv\u00f6lker haben allerdings in ihren Kisten schon das neue Bienenjahr eingel\u00e4utet und die K\u00f6niginnen sind in Eilage gegangen. Das hei\u00dft, dass nun wieder neue [&hellip;]<\/p>\n","protected":false},"author":1,"featured_media":488,"comment_status":"open","ping_status":"open","sticky":false,"template":"","format":"standard","meta":{"jetpack_post_was_ever_published":false,"_jetpack_newsletter_access":"","jetpack_publicize_message":"","jetpack_is_tweetstorm":false,"jetpack_publicize_feature_enabled":true,"jetpack_social_post_already_shared":true,"jetpack_social_options":{"image_generator_settings":{"template":"highway","enabled":false}}},"categories":[47],"tags":[71,72,41],"jetpack_publicize_connections":[],"jetpack_featured_media_url":"http:\/\/imkerei-watermeyer.de\/wp-content\/uploads\/2018\/02\/img_0335.jpg","jetpack_sharing_enabled":true,"jetpack_shortlink":"https:\/\/wp.me\/p9uDaz-7U","jetpack_likes_enabled":true,"jetpack-related-posts":[{"id":257,"url":"http:\/\/imkerei-watermeyer.de\/?p=257","url_meta":{"origin":490,"position":0},"title":"Lieber sp\u00e4t, als gar nicht &#8211; die Winterbehandlung","author":"Homeraner","date":"Februar 3, 2016","format":false,"excerpt":"Gerade noch rechtzeitig konnten wir noch die fr\u00fcher angedachte Winterbehandlung der Bienenv\u00f6lker gegen die Varroamilbe durchf\u00fchren. Damit die Behandlung sinnvoll durchgef\u00fchrt werden kann, soll das Volk ohne Brut sein und in Winterruhe traubenf\u00f6rmig eng beieinander sitzen. Dies ist allerdings nur bei konstanten Temperaturen unter 5 Grad Celsius der Fall. Ab\u2026","rel":"","context":"In &quot;Blick ins Volk&quot;","block_context":{"text":"Blick ins Volk","link":"http:\/\/imkerei-watermeyer.de\/?cat=4"},"img":{"alt_text":"","src":"","width":0,"height":0},"classes":[]},{"id":556,"url":"http:\/\/imkerei-watermeyer.de\/?p=556","url_meta":{"origin":490,"position":1},"title":"Zuwachs und Reisetag","author":"Homeraner","date":"April 9, 2019","format":false,"excerpt":"Manchmal macht man sich ja vollkommen unn\u00f6tig Sorgen und so war es auch bei mir letzte Nacht. Die halbe Nacht habe ich mir schlaflos Gedanken gemacht, ob heute alles klappen w\u00fcrde. Nach langer Vorbereitung war es heute Morgen n\u00e4mlich endlich so weit und ich konnte Bienenv\u00f6lker an meinem Wunschstandort aufstellen.\u2026","rel":"","context":"In &quot;Arbeiten rund ums Volk&quot;","block_context":{"text":"Arbeiten rund ums Volk","link":"http:\/\/imkerei-watermeyer.de\/?cat=47"},"img":{"alt_text":"","src":"https:\/\/i0.wp.com\/imkerei-watermeyer.de\/wp-content\/uploads\/2019\/04\/img_3716.jpg?resize=350%2C200","width":350,"height":200,"srcset":"https:\/\/i0.wp.com\/imkerei-watermeyer.de\/wp-content\/uploads\/2019\/04\/img_3716.jpg?resize=350%2C200 1x, https:\/\/i0.wp.com\/imkerei-watermeyer.de\/wp-content\/uploads\/2019\/04\/img_3716.jpg?resize=700%2C400 2x, https:\/\/i0.wp.com\/imkerei-watermeyer.de\/wp-content\/uploads\/2019\/04\/img_3716.jpg?resize=1050%2C600 3x, https:\/\/i0.wp.com\/imkerei-watermeyer.de\/wp-content\/uploads\/2019\/04\/img_3716.jpg?resize=1400%2C800 4x"},"classes":[]},{"id":218,"url":"http:\/\/imkerei-watermeyer.de\/?p=218","url_meta":{"origin":490,"position":2},"title":"Einwintern","author":"Homeraner","date":"August 31, 2015","format":false,"excerpt":"Morgen werden wieder Spekulatius und Dominosteine Einzug in deutsche Superm\u00e4rkte halten und der meteorologische Herbst beginnt. Der Hochsommer verabschiedet sich gerade bei uns mit Blitz und Donner. Doch wir Imker sind schon einen Schritt weiter! Im August stand bei unseren V\u00f6lkern das sogenannte Einwintern auf dem Programm. Zu den Arbeiten\u2026","rel":"","context":"In &quot;Blick ins Volk&quot;","block_context":{"text":"Blick ins Volk","link":"http:\/\/imkerei-watermeyer.de\/?cat=4"},"img":{"alt_text":"","src":"https:\/\/i0.wp.com\/imkerei-watermeyer.de\/wp-content\/uploads\/2015\/08\/IMG_4358-0.jpg?resize=350%2C200","width":350,"height":200,"srcset":"https:\/\/i0.wp.com\/imkerei-watermeyer.de\/wp-content\/uploads\/2015\/08\/IMG_4358-0.jpg?resize=350%2C200 1x, https:\/\/i0.wp.com\/imkerei-watermeyer.de\/wp-content\/uploads\/2015\/08\/IMG_4358-0.jpg?resize=700%2C400 2x, https:\/\/i0.wp.com\/imkerei-watermeyer.de\/wp-content\/uploads\/2015\/08\/IMG_4358-0.jpg?resize=1050%2C600 3x, https:\/\/i0.wp.com\/imkerei-watermeyer.de\/wp-content\/uploads\/2015\/08\/IMG_4358-0.jpg?resize=1400%2C800 4x"},"classes":[]},{"id":87,"url":"http:\/\/imkerei-watermeyer.de\/?p=87","url_meta":{"origin":490,"position":3},"title":"Ableger und Schw\u00e4rme","author":"Homeraner","date":"April 29, 2015","format":false,"excerpt":"Gestern hatten wir Versammlung von unserem \u00f6rtlichen Imkerverein. Neben all den organisatorischen Dingen, die im Vereinsleben in Deutschland so \u00fcblich sind, standen auch noch imkerspezifische Organisation und Erfahrungsaustausch auf der Tagesordnung. Zur imkerspezifischen Organisation geh\u00f6rt zu dieser Jahreszeit zum Beispiel, dass die gemeinschaftliche Milchs\u00e4urebestellung abgestimmt wird. Mit Milchs\u00e4ure werden die\u2026","rel":"","context":"In &quot;Bienenbilder&quot;","block_context":{"text":"Bienenbilder","link":"http:\/\/imkerei-watermeyer.de\/?cat=2"},"img":{"alt_text":"","src":"https:\/\/i0.wp.com\/imkerei-watermeyer.de\/wp-content\/uploads\/2015\/04\/e8f9d297c5c9ea878af2b96c6d0aa4b2-300x225.jpg?resize=350%2C200","width":350,"height":200},"classes":[]},{"id":150,"url":"http:\/\/imkerei-watermeyer.de\/?p=150","url_meta":{"origin":490,"position":4},"title":"Biene zum Anfassen","author":"Homeraner","date":"Mai 13, 2015","format":false,"excerpt":"Heute war ich mal wieder an unseren Bienen.\u00a0Die Kontrolle der Drohnenr\u00e4hmchen und der Schwarmneigung standen an - und nat\u00fcrlich wirft man dabei auch schon einmal einen Blick in die oberste Etage der Beute, um zu kontrollieren, ob schon Honig eingetragen wurde. Zu den Drohnenr\u00e4hmchen werde ich die Tage noch einen\u2026","rel":"","context":"In &quot;Anatomie der Biene&quot;","block_context":{"text":"Anatomie der Biene","link":"http:\/\/imkerei-watermeyer.de\/?cat=11"},"img":{"alt_text":"","src":"https:\/\/i0.wp.com\/imkerei-watermeyer.de\/wp-content\/uploads\/2015\/05\/IMG_2130-300x225.jpg?resize=350%2C200","width":350,"height":200},"classes":[]},{"id":1289,"url":"http:\/\/imkerei-watermeyer.de\/?p=1289","url_meta":{"origin":490,"position":5},"title":"Titel \u00fcber Titel","author":"laggenbiene","date":"Juli 21, 2025","format":false,"excerpt":"Ich habe keine Ahnung, was mich dabei geritten hat, in 2024 mit Cees und C\u00e4sar an so vielen Ausstellungen teilzunehmen. In Kassel im Januar war ich noch alleine mit Cees. Es war eine erfolgreiche Ausstellung f\u00fcr uns. Cees wurde Best Of Breed und vor allem haben wir Silvia Bayer mit\u2026","rel":"","context":"In &quot;Ausstellungen&quot;","block_context":{"text":"Ausstellungen","link":"http:\/\/imkerei-watermeyer.de\/?cat=213"},"img":{"alt_text":"","src":"https:\/\/i0.wp.com\/imkerei-watermeyer.de\/wp-content\/uploads\/2025\/07\/img_6658.jpg?resize=350%2C200","width":350,"height":200,"srcset":"https:\/\/i0.wp.com\/imkerei-watermeyer.de\/wp-content\/uploads\/2025\/07\/img_6658.jpg?resize=350%2C200 1x, https:\/\/i0.wp.com\/imkerei-watermeyer.de\/wp-content\/uploads\/2025\/07\/img_6658.jpg?resize=700%2C400 2x, https:\/\/i0.wp.com\/imkerei-watermeyer.de\/wp-content\/uploads\/2025\/07\/img_6658.jpg?resize=1050%2C600 3x, https:\/\/i0.wp.com\/imkerei-watermeyer.de\/wp-content\/uploads\/2025\/07\/img_6658.jpg?resize=1400%2C800 4x"},"classes":[]}],"_links":{"self":[{"href":"http:\/\/imkerei-watermeyer.de\/index.php?rest_route=\/wp\/v2\/posts\/490"}],"collection":[{"href":"http:\/\/imkerei-watermeyer.de\/index.php?rest_route=\/wp\/v2\/posts"}],"about":[{"href":"http:\/\/imkerei-watermeyer.de\/index.php?rest_route=\/wp\/v2\/types\/post"}],"author":[{"embeddable":true,"href":"http:\/\/imkerei-watermeyer.de\/index.php?rest_route=\/wp\/v2\/users\/1"}],"replies":[{"embeddable":true,"href":"http:\/\/imkerei-watermeyer.de\/index.php?rest_route=%2Fwp%2Fv2%2Fcomments&post=490"}],"version-history":[{"count":0,"href":"http:\/\/imkerei-watermeyer.de\/index.php?rest_route=\/wp\/v2\/posts\/490\/revisions"}],"wp:featuredmedia":[{"embeddable":true,"href":"http:\/\/imkerei-watermeyer.de\/index.php?rest_route=\/wp\/v2\/media\/488"}],"wp:attachment":[{"href":"http:\/\/imkerei-watermeyer.de\/index.php?rest_route=%2Fwp%2Fv2%2Fmedia&parent=490"}],"wp:term":[{"taxonomy":"category","embeddable":true,"href":"http:\/\/imkerei-watermeyer.de\/index.php?rest_route=%2Fwp%2Fv2%2Fcategories&post=490"},{"taxonomy":"post_tag","embeddable":true,"href":"http:\/\/imkerei-watermeyer.de\/index.php?rest_route=%2Fwp%2Fv2%2Ftags&post=490"}],"curies":[{"name":"wp","href":"https:\/\/api.w.org\/{rel}","templated":true}]}}