{"id":485,"date":"2018-01-20T09:37:24","date_gmt":"2018-01-20T09:37:24","guid":{"rendered":"http:\/\/imkerei-watermeyer.de\/?p=485"},"modified":"2018-01-20T10:57:20","modified_gmt":"2018-01-20T10:57:20","slug":"after-the-storm","status":"publish","type":"post","link":"http:\/\/imkerei-watermeyer.de\/?p=485","title":{"rendered":"After the storm"},"content":{"rendered":"<p>Am letzten Donnerstag zog mit Spitzengeschwindigkeiten von bis zu 130km\/h das Sturmtief Friederike \u00fcber das Tecklenburger Land und Ibbenb\u00fcren hinweg.<\/p>\n<p>B\u00e4ume knickten um, D\u00e4cher wurden besch\u00e4digt und ganz in der N\u00e4he meines Arbeitsplatzes zerlegte es sogar eine Hochspannungs-Oberleitung, so dass die BAB30 vollgesperrt werden musste.<\/p>\n<p><img decoding=\"async\" loading=\"lazy\" src=\"http:\/\/imkerei-watermeyer.de\/wp-content\/uploads\/2018\/01\/a0e1de05-5ef1-411e-a8b2-b7fd2393aec8.jpg\" class=\"wp-image-483 size-full\" height=\"1482\" width=\"750\"><\/p>\n<p>WDR-Staumeldung vom 18.01.2018<\/p>\n<p>Nat\u00fcrlich machte ich mir da Sorgen, dass meine Bienenk\u00e4sten durch den Sturm umgeworfen werden k\u00f6nnten oder anderen Schaden nehmen w\u00fcrden. Aber scheinbar hatte ich sie gut genug gesichert und die Bienen haben den Sturm gut \u00fcberstanden.<\/p>\n<p><img data-attachment-id=\"484\" data-permalink=\"http:\/\/imkerei-watermeyer.de\/?attachment_id=484\" data-orig-file=\"http:\/\/imkerei-watermeyer.de\/wp-content\/uploads\/2018\/01\/img_0007.jpg\" data-orig-size=\"4032,3024\" data-comments-opened=\"1\" data-image-meta=\"{&quot;aperture&quot;:&quot;0&quot;,&quot;credit&quot;:&quot;&quot;,&quot;camera&quot;:&quot;&quot;,&quot;caption&quot;:&quot;&quot;,&quot;created_timestamp&quot;:&quot;0&quot;,&quot;copyright&quot;:&quot;&quot;,&quot;focal_length&quot;:&quot;0&quot;,&quot;iso&quot;:&quot;0&quot;,&quot;shutter_speed&quot;:&quot;0&quot;,&quot;title&quot;:&quot;&quot;,&quot;orientation&quot;:&quot;1&quot;}\" data-image-title=\"img_0007\" data-image-description=\"\" data-image-caption=\"\" data-medium-file=\"http:\/\/imkerei-watermeyer.de\/wp-content\/uploads\/2018\/01\/img_0007-300x225.jpg\" data-large-file=\"http:\/\/imkerei-watermeyer.de\/wp-content\/uploads\/2018\/01\/img_0007-1024x768.jpg\" decoding=\"async\" loading=\"lazy\" src=\"http:\/\/imkerei-watermeyer.de\/wp-content\/uploads\/2018\/01\/img_0007.jpg\" class=\"wp-image-484 size-full\" height=\"3024\" width=\"4032\" srcset=\"http:\/\/imkerei-watermeyer.de\/wp-content\/uploads\/2018\/01\/img_0007.jpg 4032w, http:\/\/imkerei-watermeyer.de\/wp-content\/uploads\/2018\/01\/img_0007-300x225.jpg 300w, http:\/\/imkerei-watermeyer.de\/wp-content\/uploads\/2018\/01\/img_0007-768x576.jpg 768w, http:\/\/imkerei-watermeyer.de\/wp-content\/uploads\/2018\/01\/img_0007-1024x768.jpg 1024w\" sizes=\"(max-width: 4032px) 100vw, 4032px\" \/>Bienenbeute mit Sturmsicherung<\/p>\n<p>p.s. Das Foto entstand schon vor dem Sturm unmittelbar nach dem Aufstellen der Beute. Die Ausflugsperre ist nat\u00fcrlich schon entfernt ;-)!<\/p>\n","protected":false},"excerpt":{"rendered":"<p>Am letzten Donnerstag zog mit Spitzengeschwindigkeiten von bis zu 130km\/h das Sturmtief Friederike \u00fcber das Tecklenburger Land und Ibbenb\u00fcren hinweg. B\u00e4ume knickten um, D\u00e4cher wurden besch\u00e4digt und ganz in der N\u00e4he meines Arbeitsplatzes zerlegte es sogar eine Hochspannungs-Oberleitung, so dass die BAB30 vollgesperrt werden musste. WDR-Staumeldung vom 18.01.2018 Nat\u00fcrlich machte [&hellip;]<\/p>\n","protected":false},"author":1,"featured_media":484,"comment_status":"open","ping_status":"open","sticky":false,"template":"","format":"standard","meta":{"jetpack_post_was_ever_published":false,"_jetpack_newsletter_access":"","jetpack_publicize_message":"","jetpack_is_tweetstorm":false,"jetpack_publicize_feature_enabled":true,"jetpack_social_post_already_shared":true,"jetpack_social_options":{"image_generator_settings":{"template":"highway","enabled":false}}},"categories":[3],"tags":[9,70],"jetpack_publicize_connections":[],"jetpack_featured_media_url":"http:\/\/imkerei-watermeyer.de\/wp-content\/uploads\/2018\/01\/img_0007.jpg","jetpack_sharing_enabled":true,"jetpack_shortlink":"https:\/\/wp.me\/p9uDaz-7P","jetpack_likes_enabled":true,"jetpack-related-posts":[{"id":1305,"url":"http:\/\/imkerei-watermeyer.de\/?p=1305","url_meta":{"origin":485,"position":0},"title":"Amy und Cees","author":"laggenbiene","date":"Juli 22, 2025","format":false,"excerpt":"Wie in meinem Beitrag \u00fcber unser Ausstellungsjahr 2024 geschrieben, haben wir bei der internationalen Hundeausstellung CACIB Kassel die Z\u00fcchterin Silvia Bayer und ihre H\u00fcndin Amy kennengelernt. Silvia war so angetan von unserem Cees, dass sie diesen unbedingt f\u00fcr den ersten Wurf von Amy als Deckr\u00fcden haben wollte. Amy selber zeigte\u2026","rel":"","context":"In &quot;Gro\u00dfspitze&quot;","block_context":{"text":"Gro\u00dfspitze","link":"http:\/\/imkerei-watermeyer.de\/?cat=192"},"img":{"alt_text":"","src":"https:\/\/i0.wp.com\/imkerei-watermeyer.de\/wp-content\/uploads\/2025\/07\/4935508b-cf53-4634-bad5-78ed7046baae-1.jpg?resize=350%2C200","width":350,"height":200,"srcset":"https:\/\/i0.wp.com\/imkerei-watermeyer.de\/wp-content\/uploads\/2025\/07\/4935508b-cf53-4634-bad5-78ed7046baae-1.jpg?resize=350%2C200 1x, https:\/\/i0.wp.com\/imkerei-watermeyer.de\/wp-content\/uploads\/2025\/07\/4935508b-cf53-4634-bad5-78ed7046baae-1.jpg?resize=700%2C400 2x, https:\/\/i0.wp.com\/imkerei-watermeyer.de\/wp-content\/uploads\/2025\/07\/4935508b-cf53-4634-bad5-78ed7046baae-1.jpg?resize=1050%2C600 3x, https:\/\/i0.wp.com\/imkerei-watermeyer.de\/wp-content\/uploads\/2025\/07\/4935508b-cf53-4634-bad5-78ed7046baae-1.jpg?resize=1400%2C800 4x"},"classes":[]},{"id":153,"url":"http:\/\/imkerei-watermeyer.de\/?p=153","url_meta":{"origin":485,"position":1},"title":"Vatertag bei den Bienen","author":"Homeraner","date":"Mai 14, 2015","format":false,"excerpt":"Zugegebenerma\u00dfen sind die Bilder, die ich euch heute vorstelle, schon gestern entstanden. Auf den Bildern k\u00f6nnt ihr beobachten, wie Drohnenbrut schl\u00fcpft. Waben mit Drohnenbrut erkennt ihr daran, dass die Waben mit einem Buckel verdeckelt sind, w\u00e4hrend die Waben mit Arbeiterinnenbrut glatt verdeckelt ist. Au\u00dferdem sind die Waben f\u00fcr die Drohnen\u2026","rel":"","context":"In &quot;Bienenbilder&quot;","block_context":{"text":"Bienenbilder","link":"http:\/\/imkerei-watermeyer.de\/?cat=2"},"img":{"alt_text":"","src":"https:\/\/i0.wp.com\/imkerei-watermeyer.de\/wp-content\/uploads\/2015\/05\/IMG_2124-300x225.jpg?resize=350%2C200","width":350,"height":200},"classes":[]},{"id":1197,"url":"http:\/\/imkerei-watermeyer.de\/?p=1197","url_meta":{"origin":485,"position":2},"title":"It\u2019s a long way\u2026","author":"Homeraner","date":"Mai 31, 2022","format":false,"excerpt":"Es ist wirklich ein langer Weg gewesen, aber jetzt ist es endlich geschafft. Cees hat seine Zuchtzulassung im Verein f\u00fcr Deutsche Spitze erhalten. Das bedeutet, dass er zuk\u00fcnftig zum Erhalt dieser alten, vom Aussterben bedrohten Haustierrasse als Deckr\u00fcde beitragen darf. Vorab, der Besitzer muss nat\u00fcrlich Mitglied im Verein f\u00fcr Deutsche\u2026","rel":"","context":"In &quot;Gro\u00dfspitze&quot;","block_context":{"text":"Gro\u00dfspitze","link":"http:\/\/imkerei-watermeyer.de\/?cat=192"},"img":{"alt_text":"","src":"https:\/\/i0.wp.com\/imkerei-watermeyer.de\/wp-content\/uploads\/2022\/05\/img_6947-scaled.jpg?resize=350%2C200","width":350,"height":200,"srcset":"https:\/\/i0.wp.com\/imkerei-watermeyer.de\/wp-content\/uploads\/2022\/05\/img_6947-scaled.jpg?resize=350%2C200 1x, https:\/\/i0.wp.com\/imkerei-watermeyer.de\/wp-content\/uploads\/2022\/05\/img_6947-scaled.jpg?resize=700%2C400 2x, https:\/\/i0.wp.com\/imkerei-watermeyer.de\/wp-content\/uploads\/2022\/05\/img_6947-scaled.jpg?resize=1050%2C600 3x, https:\/\/i0.wp.com\/imkerei-watermeyer.de\/wp-content\/uploads\/2022\/05\/img_6947-scaled.jpg?resize=1400%2C800 4x"},"classes":[]},{"id":614,"url":"http:\/\/imkerei-watermeyer.de\/?p=614","url_meta":{"origin":485,"position":3},"title":"Aller Anfang ist &#8211; Rosmarin und Knoblauch&#8230;!","author":"laggenbiene","date":"Juli 14, 2019","format":false,"excerpt":"Ein allererster Blogbeitrag ist nicht einfach auszusuchen - muss es \"knallen\"? - muss es tiefgr\u00fcndig sein? - muss es besonders professionell wirken? Nein! Auch wenn man sich das schon vorher immer wie ein Mantra sagt - es dann auch wirklich zu beherzigen, ist die andere Sache... ;-) Es hat mich\u2026","rel":"","context":"In &quot;Kr\u00e4uter und Gew\u00fcrze&quot;","block_context":{"text":"Kr\u00e4uter und Gew\u00fcrze","link":"http:\/\/imkerei-watermeyer.de\/?cat=82"},"img":{"alt_text":"","src":"https:\/\/i0.wp.com\/imkerei-watermeyer.de\/wp-content\/uploads\/2019\/07\/org_dsc00145.jpg?resize=350%2C200","width":350,"height":200,"srcset":"https:\/\/i0.wp.com\/imkerei-watermeyer.de\/wp-content\/uploads\/2019\/07\/org_dsc00145.jpg?resize=350%2C200 1x, https:\/\/i0.wp.com\/imkerei-watermeyer.de\/wp-content\/uploads\/2019\/07\/org_dsc00145.jpg?resize=700%2C400 2x, https:\/\/i0.wp.com\/imkerei-watermeyer.de\/wp-content\/uploads\/2019\/07\/org_dsc00145.jpg?resize=1050%2C600 3x, https:\/\/i0.wp.com\/imkerei-watermeyer.de\/wp-content\/uploads\/2019\/07\/org_dsc00145.jpg?resize=1400%2C800 4x"},"classes":[]},{"id":150,"url":"http:\/\/imkerei-watermeyer.de\/?p=150","url_meta":{"origin":485,"position":4},"title":"Biene zum Anfassen","author":"Homeraner","date":"Mai 13, 2015","format":false,"excerpt":"Heute war ich mal wieder an unseren Bienen.\u00a0Die Kontrolle der Drohnenr\u00e4hmchen und der Schwarmneigung standen an - und nat\u00fcrlich wirft man dabei auch schon einmal einen Blick in die oberste Etage der Beute, um zu kontrollieren, ob schon Honig eingetragen wurde. Zu den Drohnenr\u00e4hmchen werde ich die Tage noch einen\u2026","rel":"","context":"In &quot;Anatomie der Biene&quot;","block_context":{"text":"Anatomie der Biene","link":"http:\/\/imkerei-watermeyer.de\/?cat=11"},"img":{"alt_text":"","src":"https:\/\/i0.wp.com\/imkerei-watermeyer.de\/wp-content\/uploads\/2015\/05\/IMG_2130-300x225.jpg?resize=350%2C200","width":350,"height":200},"classes":[]},{"id":689,"url":"http:\/\/imkerei-watermeyer.de\/?p=689","url_meta":{"origin":485,"position":5},"title":"Lavendellik\u00f6r","author":"laggenbiene","date":"August 4, 2019","format":false,"excerpt":"Der Lavendel bl\u00fcht - auch auf unserer Terrasse! Das emsige Treiben auf den Bl\u00fctenst\u00e4nden ist herrlich anzusehen. Ich habe mir diese Woche mal ein kreatives Rezept geschnappt zum \"Verwerten\" der duftenden Bl\u00fcten und einen Lavendellik\u00f6r angesetzt. Hier lest ihr \u00fcber das Rezept.","rel":"","context":"In &quot;Getr\u00e4nke&quot;","block_context":{"text":"Getr\u00e4nke","link":"http:\/\/imkerei-watermeyer.de\/?cat=115"},"img":{"alt_text":"","src":"https:\/\/i0.wp.com\/imkerei-watermeyer.de\/wp-content\/uploads\/2019\/08\/dsc00416.jpg?resize=350%2C200","width":350,"height":200,"srcset":"https:\/\/i0.wp.com\/imkerei-watermeyer.de\/wp-content\/uploads\/2019\/08\/dsc00416.jpg?resize=350%2C200 1x, https:\/\/i0.wp.com\/imkerei-watermeyer.de\/wp-content\/uploads\/2019\/08\/dsc00416.jpg?resize=700%2C400 2x, https:\/\/i0.wp.com\/imkerei-watermeyer.de\/wp-content\/uploads\/2019\/08\/dsc00416.jpg?resize=1050%2C600 3x, https:\/\/i0.wp.com\/imkerei-watermeyer.de\/wp-content\/uploads\/2019\/08\/dsc00416.jpg?resize=1400%2C800 4x"},"classes":[]}],"_links":{"self":[{"href":"http:\/\/imkerei-watermeyer.de\/index.php?rest_route=\/wp\/v2\/posts\/485"}],"collection":[{"href":"http:\/\/imkerei-watermeyer.de\/index.php?rest_route=\/wp\/v2\/posts"}],"about":[{"href":"http:\/\/imkerei-watermeyer.de\/index.php?rest_route=\/wp\/v2\/types\/post"}],"author":[{"embeddable":true,"href":"http:\/\/imkerei-watermeyer.de\/index.php?rest_route=\/wp\/v2\/users\/1"}],"replies":[{"embeddable":true,"href":"http:\/\/imkerei-watermeyer.de\/index.php?rest_route=%2Fwp%2Fv2%2Fcomments&post=485"}],"version-history":[{"count":1,"href":"http:\/\/imkerei-watermeyer.de\/index.php?rest_route=\/wp\/v2\/posts\/485\/revisions"}],"predecessor-version":[{"id":486,"href":"http:\/\/imkerei-watermeyer.de\/index.php?rest_route=\/wp\/v2\/posts\/485\/revisions\/486"}],"wp:featuredmedia":[{"embeddable":true,"href":"http:\/\/imkerei-watermeyer.de\/index.php?rest_route=\/wp\/v2\/media\/484"}],"wp:attachment":[{"href":"http:\/\/imkerei-watermeyer.de\/index.php?rest_route=%2Fwp%2Fv2%2Fmedia&parent=485"}],"wp:term":[{"taxonomy":"category","embeddable":true,"href":"http:\/\/imkerei-watermeyer.de\/index.php?rest_route=%2Fwp%2Fv2%2Fcategories&post=485"},{"taxonomy":"post_tag","embeddable":true,"href":"http:\/\/imkerei-watermeyer.de\/index.php?rest_route=%2Fwp%2Fv2%2Ftags&post=485"}],"curies":[{"name":"wp","href":"https:\/\/api.w.org\/{rel}","templated":true}]}}