{"id":482,"date":"2018-01-09T19:37:22","date_gmt":"2018-01-09T19:37:22","guid":{"rendered":"http:\/\/imkerei-watermeyer.de\/?p=482"},"modified":"2018-01-09T19:37:22","modified_gmt":"2018-01-09T19:37:22","slug":"die-hasel-blueht","status":"publish","type":"post","link":"http:\/\/imkerei-watermeyer.de\/?p=482","title":{"rendered":"Die Hasel bl\u00fcht"},"content":{"rendered":"<p>Auch bei Temperaturen nur knapp \u00fcber dem Gefrierpunkt beginnt nun schon so fr\u00fch im Jahr die Natur zu erwachen.  Mit der Haselnuss erbl\u00fcht die Fauna.<\/p>\n<p>Bei den Temperaturen von weit unter 10 Grad Celsius sind nat\u00fcrlich noch keine Bienen unterwegs, aber sp\u00e4ter im Jahr, wenn die Temperaturen den Bienenflug erlauben, bietet die Haselnuss zumindest etwas Pollen.<\/p>\n<p><img data-attachment-id=\"481\" data-permalink=\"http:\/\/imkerei-watermeyer.de\/?attachment_id=481\" data-orig-file=\"http:\/\/imkerei-watermeyer.de\/wp-content\/uploads\/2018\/01\/img_0010-1.jpg\" data-orig-size=\"2448,3264\" data-comments-opened=\"1\" data-image-meta=\"{&quot;aperture&quot;:&quot;0&quot;,&quot;credit&quot;:&quot;&quot;,&quot;camera&quot;:&quot;&quot;,&quot;caption&quot;:&quot;&quot;,&quot;created_timestamp&quot;:&quot;0&quot;,&quot;copyright&quot;:&quot;&quot;,&quot;focal_length&quot;:&quot;0&quot;,&quot;iso&quot;:&quot;0&quot;,&quot;shutter_speed&quot;:&quot;0&quot;,&quot;title&quot;:&quot;&quot;,&quot;orientation&quot;:&quot;1&quot;}\" data-image-title=\"img_0010-1\" data-image-description=\"\" data-image-caption=\"\" data-medium-file=\"http:\/\/imkerei-watermeyer.de\/wp-content\/uploads\/2018\/01\/img_0010-1-225x300.jpg\" data-large-file=\"http:\/\/imkerei-watermeyer.de\/wp-content\/uploads\/2018\/01\/img_0010-1-768x1024.jpg\" decoding=\"async\" loading=\"lazy\" src=\"http:\/\/imkerei-watermeyer.de\/wp-content\/uploads\/2018\/01\/img_0010-1.jpg\" class=\"wp-image-481 size-full\" height=\"3264\" width=\"2448\" srcset=\"http:\/\/imkerei-watermeyer.de\/wp-content\/uploads\/2018\/01\/img_0010-1.jpg 2448w, http:\/\/imkerei-watermeyer.de\/wp-content\/uploads\/2018\/01\/img_0010-1-225x300.jpg 225w, http:\/\/imkerei-watermeyer.de\/wp-content\/uploads\/2018\/01\/img_0010-1-768x1024.jpg 768w\" sizes=\"(max-width: 2448px) 100vw, 2448px\" \/><\/p>\n<p>Bl\u00fchende Haselnuss<\/p>\n","protected":false},"excerpt":{"rendered":"<p>Auch bei Temperaturen nur knapp \u00fcber dem Gefrierpunkt beginnt nun schon so fr\u00fch im Jahr die Natur zu erwachen. Mit der Haselnuss erbl\u00fcht die Fauna. Bei den Temperaturen von weit unter 10 Grad Celsius sind nat\u00fcrlich noch keine Bienen unterwegs, aber sp\u00e4ter im Jahr, wenn die Temperaturen den Bienenflug erlauben, [&hellip;]<\/p>\n","protected":false},"author":1,"featured_media":480,"comment_status":"open","ping_status":"open","sticky":false,"template":"","format":"standard","meta":{"jetpack_post_was_ever_published":false,"_jetpack_newsletter_access":"","jetpack_publicize_message":"","jetpack_is_tweetstorm":false,"jetpack_publicize_feature_enabled":true,"jetpack_social_post_already_shared":true,"jetpack_social_options":{"image_generator_settings":{"template":"highway","enabled":false}}},"categories":[3],"tags":[17,31,7],"jetpack_publicize_connections":[],"jetpack_featured_media_url":"http:\/\/imkerei-watermeyer.de\/wp-content\/uploads\/2018\/01\/img_0010.jpg","jetpack_sharing_enabled":true,"jetpack_shortlink":"https:\/\/wp.me\/p9uDaz-7M","jetpack_likes_enabled":true,"jetpack-related-posts":[{"id":501,"url":"http:\/\/imkerei-watermeyer.de\/?p=501","url_meta":{"origin":482,"position":0},"title":"1. richtig warme Fr\u00fchlingstag","author":"Homeraner","date":"April 17, 2018","format":false,"excerpt":"Heute ist hier im Teutoburger Wald der erste richtig warme Fr\u00fchlingstag mit Temperaturen \u00fcber 20 Grad Celsius. Nicht nur wir Menschen haben das Bed\u00fcrfnis, bei dem warmen Wetter m\u00f6glichst viel Zeit drau\u00dfen zu verbringen. Auch die Bienen zieht es aus dem Stock raus und flei\u00dfig werden Pollen und Nektar gesammelt.\u2026","rel":"","context":"In &quot;Bienenbilder&quot;","block_context":{"text":"Bienenbilder","link":"http:\/\/imkerei-watermeyer.de\/?cat=2"},"img":{"alt_text":"","src":"https:\/\/i0.wp.com\/imkerei-watermeyer.de\/wp-content\/uploads\/2018\/04\/img_0740.jpg?resize=350%2C200","width":350,"height":200,"srcset":"https:\/\/i0.wp.com\/imkerei-watermeyer.de\/wp-content\/uploads\/2018\/04\/img_0740.jpg?resize=350%2C200 1x, https:\/\/i0.wp.com\/imkerei-watermeyer.de\/wp-content\/uploads\/2018\/04\/img_0740.jpg?resize=700%2C400 2x, https:\/\/i0.wp.com\/imkerei-watermeyer.de\/wp-content\/uploads\/2018\/04\/img_0740.jpg?resize=1050%2C600 3x, https:\/\/i0.wp.com\/imkerei-watermeyer.de\/wp-content\/uploads\/2018\/04\/img_0740.jpg?resize=1400%2C800 4x"},"classes":[]},{"id":548,"url":"http:\/\/imkerei-watermeyer.de\/?p=548","url_meta":{"origin":482,"position":1},"title":"Das Bienenjahr beginnt","author":"Homeraner","date":"M\u00e4rz 22, 2019","format":false,"excerpt":"Heute hat es das Thermometer bei uns in Laggenbeck fast bis an die 20 Grad Celsius geschafft. Die Natur explodiert f\u00f6rmlich bei dieser warmen Witterung und auch die Bienen werden auch immer aktiver. Beobachtet man die Aktivit\u00e4ten am Flugloch, sind immer wieder auch Bienen mit Pollen an den Beinen zu\u2026","rel":"","context":"In &quot;Bienenbilder&quot;","block_context":{"text":"Bienenbilder","link":"http:\/\/imkerei-watermeyer.de\/?cat=2"},"img":{"alt_text":"","src":"https:\/\/i0.wp.com\/imkerei-watermeyer.de\/wp-content\/uploads\/2019\/03\/img_3628.jpg?resize=350%2C200","width":350,"height":200,"srcset":"https:\/\/i0.wp.com\/imkerei-watermeyer.de\/wp-content\/uploads\/2019\/03\/img_3628.jpg?resize=350%2C200 1x, https:\/\/i0.wp.com\/imkerei-watermeyer.de\/wp-content\/uploads\/2019\/03\/img_3628.jpg?resize=700%2C400 2x, https:\/\/i0.wp.com\/imkerei-watermeyer.de\/wp-content\/uploads\/2019\/03\/img_3628.jpg?resize=1050%2C600 3x, https:\/\/i0.wp.com\/imkerei-watermeyer.de\/wp-content\/uploads\/2019\/03\/img_3628.jpg?resize=1400%2C800 4x"},"classes":[]},{"id":213,"url":"http:\/\/imkerei-watermeyer.de\/?p=213","url_meta":{"origin":482,"position":2},"title":"Die Sonne(nblume) lacht","author":"Homeraner","date":"August 13, 2015","format":false,"excerpt":"\u00dcblicherweise werden die Bienen nach der letzten Ernte im Juli f\u00fcr den Winter vorbereitet. Das hei\u00dft, dass die Bienenv\u00f6lker nach der Lindenbl\u00fcte mit Ameisens\u00e4ure gegen die Varroamilbe behandelt werden und ihr Winterfutter als Ausgleich f\u00fcr den entnommenen Honig bekommen. Bei unseren V\u00f6lkern bei uns zuhause warten wir allerdings noch aus\u2026","rel":"","context":"In &quot;Bienenbilder&quot;","block_context":{"text":"Bienenbilder","link":"http:\/\/imkerei-watermeyer.de\/?cat=2"},"img":{"alt_text":"","src":"https:\/\/i0.wp.com\/imkerei-watermeyer.de\/wp-content\/uploads\/2015\/08\/IMG_4103-0.jpg?resize=350%2C200","width":350,"height":200,"srcset":"https:\/\/i0.wp.com\/imkerei-watermeyer.de\/wp-content\/uploads\/2015\/08\/IMG_4103-0.jpg?resize=350%2C200 1x, https:\/\/i0.wp.com\/imkerei-watermeyer.de\/wp-content\/uploads\/2015\/08\/IMG_4103-0.jpg?resize=700%2C400 2x, https:\/\/i0.wp.com\/imkerei-watermeyer.de\/wp-content\/uploads\/2015\/08\/IMG_4103-0.jpg?resize=1050%2C600 3x, https:\/\/i0.wp.com\/imkerei-watermeyer.de\/wp-content\/uploads\/2015\/08\/IMG_4103-0.jpg?resize=1400%2C800 4x"},"classes":[]},{"id":345,"url":"http:\/\/imkerei-watermeyer.de\/?p=345","url_meta":{"origin":482,"position":3},"title":"Hochbetrieb im Efeu\u00a0","author":"Homeraner","date":"Oktober 1, 2016","format":false,"excerpt":"Wie im letzten Jahr bin ich auch nun wieder fasziniert, wie viele Bienen und andere Insekten durch den bl\u00fchenden Efeu angelockt werden. Bei angenehmen 16 Grad Celsius, Sonnenschein und kaum vorhandenen Wind herrscht reges Treiben an den Efeubl\u00fcten: \u200b\u200b \u200b \u200b\u200b Auf der sehr gut gemachten Internetseite\u00a0Die Honigmacher\u00a0k\u00f6nnt ihr neben\u2026","rel":"","context":"In &quot;Bienenbilder&quot;","block_context":{"text":"Bienenbilder","link":"http:\/\/imkerei-watermeyer.de\/?cat=2"},"img":{"alt_text":"","src":"https:\/\/i0.wp.com\/imkerei-watermeyer.de\/wp-content\/uploads\/2016\/10\/img_4474.jpg?resize=350%2C200","width":350,"height":200,"srcset":"https:\/\/i0.wp.com\/imkerei-watermeyer.de\/wp-content\/uploads\/2016\/10\/img_4474.jpg?resize=350%2C200 1x, https:\/\/i0.wp.com\/imkerei-watermeyer.de\/wp-content\/uploads\/2016\/10\/img_4474.jpg?resize=700%2C400 2x, https:\/\/i0.wp.com\/imkerei-watermeyer.de\/wp-content\/uploads\/2016\/10\/img_4474.jpg?resize=1050%2C600 3x, https:\/\/i0.wp.com\/imkerei-watermeyer.de\/wp-content\/uploads\/2016\/10\/img_4474.jpg?resize=1400%2C800 4x"},"classes":[]},{"id":227,"url":"http:\/\/imkerei-watermeyer.de\/?p=227","url_meta":{"origin":482,"position":4},"title":"Wenn man ihn denn l\u00e4sst,&#8230;","author":"Homeraner","date":"Oktober 25, 2015","format":false,"excerpt":"...bl\u00fcht der Efeu im September\/Oktober. Dann bietet das sonst als lebloses Friedhofskraut bekannte Rankgew\u00e4chs den Bienen eine letzte Nektarnahrung, bevor die lange bl\u00fctenlose Winterzeit beginnt. Da der Efeu aufgrund seines schnellen Wuchses und seiner Verwendung als gr\u00fcne Wand meist Jahr f\u00fcr Jahr zur\u00fcckgeschnitten wird, k\u00f6nnen sich meistens keine Bl\u00fcten bilden.\u2026","rel":"","context":"In &quot;Natur&quot;","block_context":{"text":"Natur","link":"http:\/\/imkerei-watermeyer.de\/?cat=3"},"img":{"alt_text":"","src":"https:\/\/i0.wp.com\/imkerei-watermeyer.de\/wp-content\/uploads\/2015\/10\/IMG_5332-0.jpg?resize=350%2C200","width":350,"height":200,"srcset":"https:\/\/i0.wp.com\/imkerei-watermeyer.de\/wp-content\/uploads\/2015\/10\/IMG_5332-0.jpg?resize=350%2C200 1x, https:\/\/i0.wp.com\/imkerei-watermeyer.de\/wp-content\/uploads\/2015\/10\/IMG_5332-0.jpg?resize=700%2C400 2x, https:\/\/i0.wp.com\/imkerei-watermeyer.de\/wp-content\/uploads\/2015\/10\/IMG_5332-0.jpg?resize=1050%2C600 3x, https:\/\/i0.wp.com\/imkerei-watermeyer.de\/wp-content\/uploads\/2015\/10\/IMG_5332-0.jpg?resize=1400%2C800 4x"},"classes":[]},{"id":458,"url":"http:\/\/imkerei-watermeyer.de\/?p=458","url_meta":{"origin":482,"position":5},"title":"Winterbehandlung","author":"Homeraner","date":"Dezember 19, 2017","format":false,"excerpt":"Die Temperaturen in diesem Dezember waren endlich mal wieder nach meinem Geschmack! Nicht, dass ich die Temperaturen rund um den Gefrierpunkt sonderlich mag, aber die Bienen kommen bei diesen Temperaturen zur Ruhe und sammeln sich in einer Traube, um sich gegenseitig zu w\u00e4rmen. Auf dem folgenden Bild habe ich versucht,\u2026","rel":"","context":"In &quot;Arbeiten rund ums Volk&quot;","block_context":{"text":"Arbeiten rund ums Volk","link":"http:\/\/imkerei-watermeyer.de\/?cat=47"},"img":{"alt_text":"","src":"https:\/\/i0.wp.com\/imkerei-watermeyer.de\/wp-content\/uploads\/2017\/12\/img_5926.jpg?resize=350%2C200","width":350,"height":200,"srcset":"https:\/\/i0.wp.com\/imkerei-watermeyer.de\/wp-content\/uploads\/2017\/12\/img_5926.jpg?resize=350%2C200 1x, https:\/\/i0.wp.com\/imkerei-watermeyer.de\/wp-content\/uploads\/2017\/12\/img_5926.jpg?resize=700%2C400 2x, https:\/\/i0.wp.com\/imkerei-watermeyer.de\/wp-content\/uploads\/2017\/12\/img_5926.jpg?resize=1050%2C600 3x, https:\/\/i0.wp.com\/imkerei-watermeyer.de\/wp-content\/uploads\/2017\/12\/img_5926.jpg?resize=1400%2C800 4x"},"classes":[]}],"_links":{"self":[{"href":"http:\/\/imkerei-watermeyer.de\/index.php?rest_route=\/wp\/v2\/posts\/482"}],"collection":[{"href":"http:\/\/imkerei-watermeyer.de\/index.php?rest_route=\/wp\/v2\/posts"}],"about":[{"href":"http:\/\/imkerei-watermeyer.de\/index.php?rest_route=\/wp\/v2\/types\/post"}],"author":[{"embeddable":true,"href":"http:\/\/imkerei-watermeyer.de\/index.php?rest_route=\/wp\/v2\/users\/1"}],"replies":[{"embeddable":true,"href":"http:\/\/imkerei-watermeyer.de\/index.php?rest_route=%2Fwp%2Fv2%2Fcomments&post=482"}],"version-history":[{"count":0,"href":"http:\/\/imkerei-watermeyer.de\/index.php?rest_route=\/wp\/v2\/posts\/482\/revisions"}],"wp:featuredmedia":[{"embeddable":true,"href":"http:\/\/imkerei-watermeyer.de\/index.php?rest_route=\/wp\/v2\/media\/480"}],"wp:attachment":[{"href":"http:\/\/imkerei-watermeyer.de\/index.php?rest_route=%2Fwp%2Fv2%2Fmedia&parent=482"}],"wp:term":[{"taxonomy":"category","embeddable":true,"href":"http:\/\/imkerei-watermeyer.de\/index.php?rest_route=%2Fwp%2Fv2%2Fcategories&post=482"},{"taxonomy":"post_tag","embeddable":true,"href":"http:\/\/imkerei-watermeyer.de\/index.php?rest_route=%2Fwp%2Fv2%2Ftags&post=482"}],"curies":[{"name":"wp","href":"https:\/\/api.w.org\/{rel}","templated":true}]}}