{"id":470,"date":"2017-12-25T05:30:49","date_gmt":"2017-12-25T05:30:49","guid":{"rendered":"http:\/\/imkerei-watermeyer.de\/?p=470"},"modified":"2017-12-25T06:00:22","modified_gmt":"2017-12-25T06:00:22","slug":"umzug","status":"publish","type":"post","link":"http:\/\/imkerei-watermeyer.de\/?p=470","title":{"rendered":"Umzug"},"content":{"rendered":"<p>In 2017 hat sich vieles in meinem Leben ge\u00e4ndert und so kam es, dass ich im Fr\u00fchjahr ins Tecklenburger Land gezogen bin.<\/p>\n<p>Zum Gl\u00fcck hatte mich eine Schulfreundin aus M\u00fcnster gefragt, ob ich nicht Bienen bei ihr hinstellen k\u00f6nnte, denn so hatte ich die ben\u00f6tigten Untersuchungen und Papiere fr\u00fchzeitig in diesem Jahr besorgt. Ohne zu ahnen, wie umfangreich die Ver\u00e4nderungen in meinem Leben sein werden.<\/p>\n<p>Nachdem ich also im Juni das erste Volk nach M\u00fcnster bringen konnte, blieb das 2. Volk erst noch in Raesfeld und nun im Dezember konnte ich dieses endlich in meine neue Heimat nach Laggenbeck holen.<\/p>\n<p>Hier in den Ausl\u00e4ufern des Teutoburger Waldes bzw. auf der Streuobstwiese meiner Schulfreundin in M\u00fcnster hoffe ich, dass die Bienen mehr Nektar finden k\u00f6nnen, als in der von intensiver Landwirtschaft mit Mais und Gerste gepr\u00e4gten alten Heimat.<\/p>\n<p><img data-attachment-id=\"473\" data-permalink=\"http:\/\/imkerei-watermeyer.de\/?attachment_id=473\" data-orig-file=\"http:\/\/imkerei-watermeyer.de\/wp-content\/uploads\/2017\/12\/img_5537-1.jpg\" data-orig-size=\"4032,3024\" data-comments-opened=\"1\" data-image-meta=\"{&quot;aperture&quot;:&quot;0&quot;,&quot;credit&quot;:&quot;&quot;,&quot;camera&quot;:&quot;&quot;,&quot;caption&quot;:&quot;&quot;,&quot;created_timestamp&quot;:&quot;0&quot;,&quot;copyright&quot;:&quot;&quot;,&quot;focal_length&quot;:&quot;0&quot;,&quot;iso&quot;:&quot;0&quot;,&quot;shutter_speed&quot;:&quot;0&quot;,&quot;title&quot;:&quot;&quot;,&quot;orientation&quot;:&quot;1&quot;}\" data-image-title=\"img_5537-1.jpg\" data-image-description=\"\" data-image-caption=\"\" data-medium-file=\"http:\/\/imkerei-watermeyer.de\/wp-content\/uploads\/2017\/12\/img_5537-1-300x225.jpg\" data-large-file=\"http:\/\/imkerei-watermeyer.de\/wp-content\/uploads\/2017\/12\/img_5537-1-1024x768.jpg\" decoding=\"async\" loading=\"lazy\" src=\"http:\/\/imkerei-watermeyer.de\/wp-content\/uploads\/2017\/12\/img_5537-1.jpg\" class=\"size-medium wp-image-473\" height=\"3024\" width=\"4032\" srcset=\"http:\/\/imkerei-watermeyer.de\/wp-content\/uploads\/2017\/12\/img_5537-1.jpg 4032w, http:\/\/imkerei-watermeyer.de\/wp-content\/uploads\/2017\/12\/img_5537-1-300x225.jpg 300w, http:\/\/imkerei-watermeyer.de\/wp-content\/uploads\/2017\/12\/img_5537-1-768x576.jpg 768w, http:\/\/imkerei-watermeyer.de\/wp-content\/uploads\/2017\/12\/img_5537-1-1024x768.jpg 1024w\" sizes=\"(max-width: 4032px) 100vw, 4032px\" \/><\/p>\n<p>Blick auf die neue Heimat Laggenbeck<\/p>\n<div id=\"geo-post-470\" class=\"geo geo-post\" style=\"display: none\"><span class=\"latitude\">52.261821<\/span><span class=\"longitude\">7.789989<\/span><\/div>","protected":false},"excerpt":{"rendered":"<p>In 2017 hat sich vieles in meinem Leben ge\u00e4ndert und so kam es, dass ich im Fr\u00fchjahr ins Tecklenburger Land gezogen bin. Zum Gl\u00fcck hatte mich eine Schulfreundin aus M\u00fcnster gefragt, ob ich nicht Bienen bei ihr hinstellen k\u00f6nnte, denn so hatte ich die ben\u00f6tigten Untersuchungen und Papiere fr\u00fchzeitig in [&hellip;]<\/p>\n","protected":false},"author":1,"featured_media":468,"comment_status":"open","ping_status":"open","sticky":false,"template":"","format":"standard","meta":{"jetpack_post_was_ever_published":false,"_jetpack_newsletter_access":"","jetpack_publicize_message":"","jetpack_is_tweetstorm":false,"jetpack_publicize_feature_enabled":true,"jetpack_social_post_already_shared":true,"jetpack_social_options":{"image_generator_settings":{"template":"highway","enabled":false}}},"categories":[47,3],"tags":[46,60,61,31],"jetpack_publicize_connections":[],"jetpack_featured_media_url":"http:\/\/imkerei-watermeyer.de\/wp-content\/uploads\/2017\/12\/img_5993.jpg","jetpack_sharing_enabled":true,"jetpack_shortlink":"https:\/\/wp.me\/s9uDaz-umzug","jetpack_likes_enabled":true,"jetpack-related-posts":[{"id":556,"url":"http:\/\/imkerei-watermeyer.de\/?p=556","url_meta":{"origin":470,"position":0},"title":"Zuwachs und Reisetag","author":"Homeraner","date":"April 9, 2019","format":false,"excerpt":"Manchmal macht man sich ja vollkommen unn\u00f6tig Sorgen und so war es auch bei mir letzte Nacht. Die halbe Nacht habe ich mir schlaflos Gedanken gemacht, ob heute alles klappen w\u00fcrde. Nach langer Vorbereitung war es heute Morgen n\u00e4mlich endlich so weit und ich konnte Bienenv\u00f6lker an meinem Wunschstandort aufstellen.\u2026","rel":"","context":"In &quot;Arbeiten rund ums Volk&quot;","block_context":{"text":"Arbeiten rund ums Volk","link":"http:\/\/imkerei-watermeyer.de\/?cat=47"},"img":{"alt_text":"","src":"https:\/\/i0.wp.com\/imkerei-watermeyer.de\/wp-content\/uploads\/2019\/04\/img_3716.jpg?resize=350%2C200","width":350,"height":200,"srcset":"https:\/\/i0.wp.com\/imkerei-watermeyer.de\/wp-content\/uploads\/2019\/04\/img_3716.jpg?resize=350%2C200 1x, https:\/\/i0.wp.com\/imkerei-watermeyer.de\/wp-content\/uploads\/2019\/04\/img_3716.jpg?resize=700%2C400 2x, https:\/\/i0.wp.com\/imkerei-watermeyer.de\/wp-content\/uploads\/2019\/04\/img_3716.jpg?resize=1050%2C600 3x, https:\/\/i0.wp.com\/imkerei-watermeyer.de\/wp-content\/uploads\/2019\/04\/img_3716.jpg?resize=1400%2C800 4x"},"classes":[]},{"id":506,"url":"http:\/\/imkerei-watermeyer.de\/?p=506","url_meta":{"origin":470,"position":1},"title":"Zum ersten Mal Rapshonig?","author":"Homeraner","date":"Mai 1, 2018","format":false,"excerpt":"Nachdem meine Bienen und ich im letzten Jahr umgezogen sind, k\u00f6nnte ich in diesem Jahr zum ersten Mal Rapshonig ernten. Meine Bienen in M\u00fcnster stehen direkt neben einem Rapsfeld. Da stehen die Chancen nicht schlecht, dass ich zum ersten Mal einen Sortenhonig haben werde. Die Bienen tragen jedenfalls schon flei\u00dfig\u2026","rel":"","context":"In &quot;Arbeiten rund ums Volk&quot;","block_context":{"text":"Arbeiten rund ums Volk","link":"http:\/\/imkerei-watermeyer.de\/?cat=47"},"img":{"alt_text":"","src":"https:\/\/i0.wp.com\/imkerei-watermeyer.de\/wp-content\/uploads\/2018\/05\/img_0869.jpg?resize=350%2C200","width":350,"height":200,"srcset":"https:\/\/i0.wp.com\/imkerei-watermeyer.de\/wp-content\/uploads\/2018\/05\/img_0869.jpg?resize=350%2C200 1x, https:\/\/i0.wp.com\/imkerei-watermeyer.de\/wp-content\/uploads\/2018\/05\/img_0869.jpg?resize=700%2C400 2x, https:\/\/i0.wp.com\/imkerei-watermeyer.de\/wp-content\/uploads\/2018\/05\/img_0869.jpg?resize=1050%2C600 3x, https:\/\/i0.wp.com\/imkerei-watermeyer.de\/wp-content\/uploads\/2018\/05\/img_0869.jpg?resize=1400%2C800 4x"},"classes":[]},{"id":438,"url":"http:\/\/imkerei-watermeyer.de\/?p=438","url_meta":{"origin":470,"position":2},"title":"K\u00f6nigin gesichtet","author":"Homeraner","date":"August 2, 2017","format":false,"excerpt":"Am letzten Wochenende habe ich es nach \u00fcber 25 Jahren mal wieder ins LWL-Freilichtmuseum Detmold geschafft. Es war hochinteressant, all die alten H\u00f6fe aus Westfalen und dem Lipperland zu sehen. All die gut durchdachten L\u00f6sungen, die unsere Vorfahren schon vor mehreren hundert Jahren parat hatten. Besonderes Augenmerk habe ich als\u2026","rel":"","context":"In &quot;Bienenbilder&quot;","block_context":{"text":"Bienenbilder","link":"http:\/\/imkerei-watermeyer.de\/?cat=2"},"img":{"alt_text":"","src":"https:\/\/i0.wp.com\/imkerei-watermeyer.de\/wp-content\/uploads\/2017\/08\/img_3375.jpg?resize=350%2C200","width":350,"height":200,"srcset":"https:\/\/i0.wp.com\/imkerei-watermeyer.de\/wp-content\/uploads\/2017\/08\/img_3375.jpg?resize=350%2C200 1x, https:\/\/i0.wp.com\/imkerei-watermeyer.de\/wp-content\/uploads\/2017\/08\/img_3375.jpg?resize=700%2C400 2x, https:\/\/i0.wp.com\/imkerei-watermeyer.de\/wp-content\/uploads\/2017\/08\/img_3375.jpg?resize=1050%2C600 3x, https:\/\/i0.wp.com\/imkerei-watermeyer.de\/wp-content\/uploads\/2017\/08\/img_3375.jpg?resize=1400%2C800 4x"},"classes":[]},{"id":365,"url":"http:\/\/imkerei-watermeyer.de\/?p=365","url_meta":{"origin":470,"position":3},"title":"Honigraum aufsetzen","author":"Homeraner","date":"April 23, 2017","format":false,"excerpt":"Nachdem ich eine erste Durchsicht gewagt hatte, habe ich mich p\u00fcnktlich zur Kirschbl\u00fcte dazu entschlossen, den Honigraum auf das Volk bei uns zuhause aufzusetzen. Die Kirschbl\u00fcte zeigt den Zeitpunkt an, zu dem die erste nutzbare Tracht (ausreichende Nektarmenge) f\u00fcr die Bienen durch die Obstbl\u00fcte zur Verf\u00fcgung steht. In diesem Jahr\u2026","rel":"","context":"In &quot;Arbeiten rund ums Volk&quot;","block_context":{"text":"Arbeiten rund ums Volk","link":"http:\/\/imkerei-watermeyer.de\/?cat=47"},"img":{"alt_text":"","src":"https:\/\/i0.wp.com\/imkerei-watermeyer.de\/wp-content\/uploads\/2017\/04\/IMG_0456-e1492930499373.jpg?resize=350%2C200","width":350,"height":200,"srcset":"https:\/\/i0.wp.com\/imkerei-watermeyer.de\/wp-content\/uploads\/2017\/04\/IMG_0456-e1492930499373.jpg?resize=350%2C200 1x, https:\/\/i0.wp.com\/imkerei-watermeyer.de\/wp-content\/uploads\/2017\/04\/IMG_0456-e1492930499373.jpg?resize=700%2C400 2x, https:\/\/i0.wp.com\/imkerei-watermeyer.de\/wp-content\/uploads\/2017\/04\/IMG_0456-e1492930499373.jpg?resize=1050%2C600 3x, https:\/\/i0.wp.com\/imkerei-watermeyer.de\/wp-content\/uploads\/2017\/04\/IMG_0456-e1492930499373.jpg?resize=1400%2C800 4x"},"classes":[]},{"id":159,"url":"http:\/\/imkerei-watermeyer.de\/?p=159","url_meta":{"origin":470,"position":4},"title":"Es dauert nicht mehr lang","author":"Homeraner","date":"Mai 21, 2015","format":false,"excerpt":"\u00a0Am letzten Donnerstag hatte ich unsere V\u00f6lker durchgeschaut und insbesondere ein Auge in die Honigr\u00e4ume geworfen. Bei einem Volk sah es schon recht vielversprechend aus und ein Gro\u00dfteil der R\u00e4hmchen im Honigraum war schon zur H\u00e4lfte verdeckelt.\u00a0 Das bedeutet, dass der Honig in den Waben reif ist und bevorratet werden\u2026","rel":"","context":"\u00c4hnlicher Beitrag","block_context":{"text":"\u00c4hnlicher Beitrag","link":""},"img":{"alt_text":"","src":"","width":0,"height":0},"classes":[]},{"id":458,"url":"http:\/\/imkerei-watermeyer.de\/?p=458","url_meta":{"origin":470,"position":5},"title":"Winterbehandlung","author":"Homeraner","date":"Dezember 19, 2017","format":false,"excerpt":"Die Temperaturen in diesem Dezember waren endlich mal wieder nach meinem Geschmack! Nicht, dass ich die Temperaturen rund um den Gefrierpunkt sonderlich mag, aber die Bienen kommen bei diesen Temperaturen zur Ruhe und sammeln sich in einer Traube, um sich gegenseitig zu w\u00e4rmen. Auf dem folgenden Bild habe ich versucht,\u2026","rel":"","context":"In &quot;Arbeiten rund ums Volk&quot;","block_context":{"text":"Arbeiten rund ums Volk","link":"http:\/\/imkerei-watermeyer.de\/?cat=47"},"img":{"alt_text":"","src":"https:\/\/i0.wp.com\/imkerei-watermeyer.de\/wp-content\/uploads\/2017\/12\/img_5926.jpg?resize=350%2C200","width":350,"height":200,"srcset":"https:\/\/i0.wp.com\/imkerei-watermeyer.de\/wp-content\/uploads\/2017\/12\/img_5926.jpg?resize=350%2C200 1x, https:\/\/i0.wp.com\/imkerei-watermeyer.de\/wp-content\/uploads\/2017\/12\/img_5926.jpg?resize=700%2C400 2x, https:\/\/i0.wp.com\/imkerei-watermeyer.de\/wp-content\/uploads\/2017\/12\/img_5926.jpg?resize=1050%2C600 3x, https:\/\/i0.wp.com\/imkerei-watermeyer.de\/wp-content\/uploads\/2017\/12\/img_5926.jpg?resize=1400%2C800 4x"},"classes":[]}],"_links":{"self":[{"href":"http:\/\/imkerei-watermeyer.de\/index.php?rest_route=\/wp\/v2\/posts\/470"}],"collection":[{"href":"http:\/\/imkerei-watermeyer.de\/index.php?rest_route=\/wp\/v2\/posts"}],"about":[{"href":"http:\/\/imkerei-watermeyer.de\/index.php?rest_route=\/wp\/v2\/types\/post"}],"author":[{"embeddable":true,"href":"http:\/\/imkerei-watermeyer.de\/index.php?rest_route=\/wp\/v2\/users\/1"}],"replies":[{"embeddable":true,"href":"http:\/\/imkerei-watermeyer.de\/index.php?rest_route=%2Fwp%2Fv2%2Fcomments&post=470"}],"version-history":[{"count":4,"href":"http:\/\/imkerei-watermeyer.de\/index.php?rest_route=\/wp\/v2\/posts\/470\/revisions"}],"predecessor-version":[{"id":475,"href":"http:\/\/imkerei-watermeyer.de\/index.php?rest_route=\/wp\/v2\/posts\/470\/revisions\/475"}],"wp:featuredmedia":[{"embeddable":true,"href":"http:\/\/imkerei-watermeyer.de\/index.php?rest_route=\/wp\/v2\/media\/468"}],"wp:attachment":[{"href":"http:\/\/imkerei-watermeyer.de\/index.php?rest_route=%2Fwp%2Fv2%2Fmedia&parent=470"}],"wp:term":[{"taxonomy":"category","embeddable":true,"href":"http:\/\/imkerei-watermeyer.de\/index.php?rest_route=%2Fwp%2Fv2%2Fcategories&post=470"},{"taxonomy":"post_tag","embeddable":true,"href":"http:\/\/imkerei-watermeyer.de\/index.php?rest_route=%2Fwp%2Fv2%2Ftags&post=470"}],"curies":[{"name":"wp","href":"https:\/\/api.w.org\/{rel}","templated":true}]}}