{"id":449,"date":"2017-08-05T10:58:26","date_gmt":"2017-08-05T10:58:26","guid":{"rendered":"http:\/\/imkerei-watermeyer.de\/?p=449"},"modified":"2017-08-05T10:58:47","modified_gmt":"2017-08-05T10:58:47","slug":"honigernte-die-2","status":"publish","type":"post","link":"http:\/\/imkerei-watermeyer.de\/?p=449","title":{"rendered":"Honigernte die 2."},"content":{"rendered":"<p>Am Mittwoch habe ich mit der 2. Honigernte begonnen. Dank der sch\u00f6nen Blumenwiese bei meiner Schulfreundin konnten die Bienen trotz der schlechten Lindentracht noch etwas Honig einsammeln.<\/p>\n<p><div id=\"attachment_446\" style=\"width: 4042px\" class=\"wp-caption alignnone\"><a href=\"http:\/\/imkerei-watermeyer.de\/wp-content\/uploads\/2017\/08\/img_3568.jpg\"><img aria-describedby=\"caption-attachment-446\" data-attachment-id=\"446\" data-permalink=\"http:\/\/imkerei-watermeyer.de\/?attachment_id=446\" data-orig-file=\"http:\/\/imkerei-watermeyer.de\/wp-content\/uploads\/2017\/08\/img_3568.jpg\" data-orig-size=\"4032,3024\" data-comments-opened=\"1\" data-image-meta=\"{&quot;aperture&quot;:&quot;1.8&quot;,&quot;credit&quot;:&quot;&quot;,&quot;camera&quot;:&quot;iPhone 7&quot;,&quot;caption&quot;:&quot;&quot;,&quot;created_timestamp&quot;:&quot;1501678610&quot;,&quot;copyright&quot;:&quot;&quot;,&quot;focal_length&quot;:&quot;3.99&quot;,&quot;iso&quot;:&quot;20&quot;,&quot;shutter_speed&quot;:&quot;0.00077279752704791&quot;,&quot;title&quot;:&quot;&quot;,&quot;orientation&quot;:&quot;1&quot;}\" data-image-title=\"img_3568.jpg\" data-image-description=\"\" data-image-caption=\"\" data-medium-file=\"http:\/\/imkerei-watermeyer.de\/wp-content\/uploads\/2017\/08\/img_3568-300x225.jpg\" data-large-file=\"http:\/\/imkerei-watermeyer.de\/wp-content\/uploads\/2017\/08\/img_3568-1024x768.jpg\" decoding=\"async\" loading=\"lazy\" width=\"4032\" height=\"3024\" alt=\"\" src=\"http:\/\/imkerei-watermeyer.de\/wp-content\/uploads\/2017\/08\/img_3568.jpg\" title=\"\" class=\"size-full wp-image-446\" srcset=\"http:\/\/imkerei-watermeyer.de\/wp-content\/uploads\/2017\/08\/img_3568.jpg 4032w, http:\/\/imkerei-watermeyer.de\/wp-content\/uploads\/2017\/08\/img_3568-300x225.jpg 300w, http:\/\/imkerei-watermeyer.de\/wp-content\/uploads\/2017\/08\/img_3568-768x576.jpg 768w, http:\/\/imkerei-watermeyer.de\/wp-content\/uploads\/2017\/08\/img_3568-1024x768.jpg 1024w\" sizes=\"(max-width: 4032px) 100vw, 4032px\" \/><\/a><p id=\"caption-attachment-446\" class=\"wp-caption-text\">Blumenwiese<\/p><\/div><br \/>\nMorgen werde ich noch in Raesfeld ernten und dann wird geschleudert.<\/p>\n<p>Ich rechne mit etwa 20kg Honig. Nicht all zu viel, aber besser als das Katastrophenjahr 2016 mit dem Isselhochwasser.<\/p>\n<p>Im Moment bl\u00fcht es noch in zahlreichen G\u00e4rten, so dass die Bienen auch hier noch f\u00fcndig werden k\u00f6nnen.<\/p>\n<div id=\"attachment_447\" style=\"width: 3034px\" class=\"wp-caption alignnone\"><a href=\"http:\/\/imkerei-watermeyer.de\/wp-content\/uploads\/2017\/08\/img_3567.jpg\"><img aria-describedby=\"caption-attachment-447\" data-attachment-id=\"447\" data-permalink=\"http:\/\/imkerei-watermeyer.de\/?attachment_id=447\" data-orig-file=\"http:\/\/imkerei-watermeyer.de\/wp-content\/uploads\/2017\/08\/img_3567.jpg\" data-orig-size=\"3024,4032\" data-comments-opened=\"1\" data-image-meta=\"{&quot;aperture&quot;:&quot;1.8&quot;,&quot;credit&quot;:&quot;&quot;,&quot;camera&quot;:&quot;iPhone 7&quot;,&quot;caption&quot;:&quot;&quot;,&quot;created_timestamp&quot;:&quot;1501678498&quot;,&quot;copyright&quot;:&quot;&quot;,&quot;focal_length&quot;:&quot;3.99&quot;,&quot;iso&quot;:&quot;20&quot;,&quot;shutter_speed&quot;:&quot;0.00073099415204678&quot;,&quot;title&quot;:&quot;&quot;,&quot;orientation&quot;:&quot;1&quot;}\" data-image-title=\"img_3567.jpg\" data-image-description=\"\" data-image-caption=\"\" data-medium-file=\"http:\/\/imkerei-watermeyer.de\/wp-content\/uploads\/2017\/08\/img_3567-225x300.jpg\" data-large-file=\"http:\/\/imkerei-watermeyer.de\/wp-content\/uploads\/2017\/08\/img_3567-768x1024.jpg\" decoding=\"async\" loading=\"lazy\" width=\"3024\" height=\"4032\" alt=\"\" src=\"http:\/\/imkerei-watermeyer.de\/wp-content\/uploads\/2017\/08\/img_3567.jpg\" title=\"\" class=\"size-full wp-image-447\" srcset=\"http:\/\/imkerei-watermeyer.de\/wp-content\/uploads\/2017\/08\/img_3567.jpg 3024w, http:\/\/imkerei-watermeyer.de\/wp-content\/uploads\/2017\/08\/img_3567-225x300.jpg 225w, http:\/\/imkerei-watermeyer.de\/wp-content\/uploads\/2017\/08\/img_3567-768x1024.jpg 768w\" sizes=\"(max-width: 3024px) 100vw, 3024px\" \/><\/a><p id=\"caption-attachment-447\" class=\"wp-caption-text\">Biene auf Ringelblume<\/p><\/div>\n<p>Da ansonsten aber kaum noch etwas bl\u00fcht, habe ich nach der Honigernte direkt mit dem Einwintern (F\u00fcttern) begonnen.<\/p>\n<div id=\"attachment_448\" style=\"width: 3034px\" class=\"wp-caption alignnone\"><a href=\"http:\/\/imkerei-watermeyer.de\/wp-content\/uploads\/2017\/08\/img_3570.jpg\"><img aria-describedby=\"caption-attachment-448\" data-attachment-id=\"448\" data-permalink=\"http:\/\/imkerei-watermeyer.de\/?attachment_id=448\" data-orig-file=\"http:\/\/imkerei-watermeyer.de\/wp-content\/uploads\/2017\/08\/img_3570.jpg\" data-orig-size=\"3024,4032\" data-comments-opened=\"1\" data-image-meta=\"{&quot;aperture&quot;:&quot;1.8&quot;,&quot;credit&quot;:&quot;&quot;,&quot;camera&quot;:&quot;iPhone 7&quot;,&quot;caption&quot;:&quot;&quot;,&quot;created_timestamp&quot;:&quot;1501680719&quot;,&quot;copyright&quot;:&quot;&quot;,&quot;focal_length&quot;:&quot;3.99&quot;,&quot;iso&quot;:&quot;20&quot;,&quot;shutter_speed&quot;:&quot;0.00040700040700041&quot;,&quot;title&quot;:&quot;&quot;,&quot;orientation&quot;:&quot;1&quot;}\" data-image-title=\"img_3570.jpg\" data-image-description=\"\" data-image-caption=\"\" data-medium-file=\"http:\/\/imkerei-watermeyer.de\/wp-content\/uploads\/2017\/08\/img_3570-225x300.jpg\" data-large-file=\"http:\/\/imkerei-watermeyer.de\/wp-content\/uploads\/2017\/08\/img_3570-768x1024.jpg\" decoding=\"async\" loading=\"lazy\" width=\"3024\" height=\"4032\" alt=\"\" src=\"http:\/\/imkerei-watermeyer.de\/wp-content\/uploads\/2017\/08\/img_3570.jpg\" title=\"\" class=\"size-full wp-image-448\" srcset=\"http:\/\/imkerei-watermeyer.de\/wp-content\/uploads\/2017\/08\/img_3570.jpg 3024w, http:\/\/imkerei-watermeyer.de\/wp-content\/uploads\/2017\/08\/img_3570-225x300.jpg 225w, http:\/\/imkerei-watermeyer.de\/wp-content\/uploads\/2017\/08\/img_3570-768x1024.jpg 768w\" sizes=\"(max-width: 3024px) 100vw, 3024px\" \/><\/a><p id=\"caption-attachment-448\" class=\"wp-caption-text\">Futterteigklotz<\/p><\/div>\n<p>Ich nutze dazu bei meinen Wirtschaftsv\u00f6lkern 15kg-Futterteigkl\u00f6tze.<\/p>\n","protected":false},"excerpt":{"rendered":"<p>Am Mittwoch habe ich mit der 2. Honigernte begonnen. Dank der sch\u00f6nen Blumenwiese bei meiner Schulfreundin konnten die Bienen trotz der schlechten Lindentracht noch etwas Honig einsammeln. Morgen werde ich noch in Raesfeld ernten und dann wird geschleudert. Ich rechne mit etwa 20kg Honig. Nicht all zu viel, aber besser [&hellip;]<\/p>\n","protected":false},"author":1,"featured_media":446,"comment_status":"open","ping_status":"open","sticky":false,"template":"","format":"standard","meta":{"jetpack_post_was_ever_published":false,"_jetpack_newsletter_access":"","jetpack_publicize_message":"","jetpack_is_tweetstorm":false,"jetpack_publicize_feature_enabled":true,"jetpack_social_post_already_shared":false,"jetpack_social_options":{"image_generator_settings":{"template":"highway","enabled":false}}},"categories":[47,2,3],"tags":[],"jetpack_publicize_connections":[],"jetpack_featured_media_url":"http:\/\/imkerei-watermeyer.de\/wp-content\/uploads\/2017\/08\/img_3568.jpg","jetpack_sharing_enabled":true,"jetpack_shortlink":"https:\/\/wp.me\/p9uDaz-7f","jetpack_likes_enabled":true,"jetpack-related-posts":[{"id":534,"url":"http:\/\/imkerei-watermeyer.de\/?p=534","url_meta":{"origin":449,"position":0},"title":"Die erste Honigernte 2018","author":"Homeraner","date":"Mai 10, 2018","format":false,"excerpt":"Heute konnte ich den ersten Honig 2018 schleudern. Nachdem ich gestern die R\u00e4hmchen bei den Bienen herausgeholt hatte, folgten heute noch ein paar Arbeitsschritte, bevor der Honig flie\u00dfen konnte. 1. Das Entdeckeln Dabei werden mit einer Gabel die Wachsdeckel von den Waben mit dem fertigen Honig entfernt: Honigr\u00e4hmchen mit verdeckelten\u2026","rel":"","context":"In &quot;Arbeiten rund ums Volk&quot;","block_context":{"text":"Arbeiten rund ums Volk","link":"http:\/\/imkerei-watermeyer.de\/?cat=47"},"img":{"alt_text":"","src":"https:\/\/i0.wp.com\/imkerei-watermeyer.de\/wp-content\/uploads\/2018\/05\/5b72911e-6824-4434-a637-05b4e8ce633a.jpg?resize=350%2C200","width":350,"height":200,"srcset":"https:\/\/i0.wp.com\/imkerei-watermeyer.de\/wp-content\/uploads\/2018\/05\/5b72911e-6824-4434-a637-05b4e8ce633a.jpg?resize=350%2C200 1x, https:\/\/i0.wp.com\/imkerei-watermeyer.de\/wp-content\/uploads\/2018\/05\/5b72911e-6824-4434-a637-05b4e8ce633a.jpg?resize=700%2C400 2x, https:\/\/i0.wp.com\/imkerei-watermeyer.de\/wp-content\/uploads\/2018\/05\/5b72911e-6824-4434-a637-05b4e8ce633a.jpg?resize=1050%2C600 3x, https:\/\/i0.wp.com\/imkerei-watermeyer.de\/wp-content\/uploads\/2018\/05\/5b72911e-6824-4434-a637-05b4e8ce633a.jpg?resize=1400%2C800 4x"},"classes":[]},{"id":1277,"url":"http:\/\/imkerei-watermeyer.de\/?p=1277","url_meta":{"origin":449,"position":1},"title":"Update Imkerei","author":"laggenbiene","date":"Juni 10, 2024","format":false,"excerpt":"In unserer Imkerei hat sich seit dem letzten Jahr einiges getan. Die Bienenv\u00f6lker sind Ende 2023 nach Amelsb\u00fcren zu Daniels Trauzeugin Petra aufs Land gezogen. Der Umzug wurde n\u00f6tig, da Daniel aufgrund seines beruflichen Stresses Unterst\u00fctzung bei den Bienen ben\u00f6tigte. Petra interessierte sich eh schon f\u00fcrs Imkern und so war\u2026","rel":"","context":"In &quot;Imkereibeitr\u00e4ge&quot;","block_context":{"text":"Imkereibeitr\u00e4ge","link":"http:\/\/imkerei-watermeyer.de\/?cat=104"},"img":{"alt_text":"","src":"https:\/\/i0.wp.com\/imkerei-watermeyer.de\/wp-content\/uploads\/2024\/06\/0ef752fe-7856-4d75-83c5-12b5d6df4312-1.jpg?resize=350%2C200","width":350,"height":200,"srcset":"https:\/\/i0.wp.com\/imkerei-watermeyer.de\/wp-content\/uploads\/2024\/06\/0ef752fe-7856-4d75-83c5-12b5d6df4312-1.jpg?resize=350%2C200 1x, https:\/\/i0.wp.com\/imkerei-watermeyer.de\/wp-content\/uploads\/2024\/06\/0ef752fe-7856-4d75-83c5-12b5d6df4312-1.jpg?resize=700%2C400 2x"},"classes":[]},{"id":413,"url":"http:\/\/imkerei-watermeyer.de\/?p=413","url_meta":{"origin":449,"position":2},"title":"Der erste Honig 2017","author":"Homeraner","date":"Juni 11, 2017","format":false,"excerpt":"Am Pfingstwochenende war es doch noch so weit! Eigentlich hatte ich schon gar nicht mehr damit gerechnet, als ich 2 Wochen zuvor feststellen musste, dass mehr Honig verbraucht als gesammelt wurde. Die dann folgenden 2 Wochen mit warmen sonnigen Wetter waren dann aber so g\u00fcnstig f\u00fcr die Bienen, dass ich\u2026","rel":"","context":"In &quot;Honig-Vermarktung&quot;","block_context":{"text":"Honig-Vermarktung","link":"http:\/\/imkerei-watermeyer.de\/?cat=33"},"img":{"alt_text":"","src":"https:\/\/i0.wp.com\/imkerei-watermeyer.de\/wp-content\/uploads\/2017\/06\/img_1989-1.jpg?resize=350%2C200","width":350,"height":200,"srcset":"https:\/\/i0.wp.com\/imkerei-watermeyer.de\/wp-content\/uploads\/2017\/06\/img_1989-1.jpg?resize=350%2C200 1x, https:\/\/i0.wp.com\/imkerei-watermeyer.de\/wp-content\/uploads\/2017\/06\/img_1989-1.jpg?resize=700%2C400 2x, https:\/\/i0.wp.com\/imkerei-watermeyer.de\/wp-content\/uploads\/2017\/06\/img_1989-1.jpg?resize=1050%2C600 3x, https:\/\/i0.wp.com\/imkerei-watermeyer.de\/wp-content\/uploads\/2017\/06\/img_1989-1.jpg?resize=1400%2C800 4x"},"classes":[]},{"id":159,"url":"http:\/\/imkerei-watermeyer.de\/?p=159","url_meta":{"origin":449,"position":3},"title":"Es dauert nicht mehr lang","author":"Homeraner","date":"Mai 21, 2015","format":false,"excerpt":"\u00a0Am letzten Donnerstag hatte ich unsere V\u00f6lker durchgeschaut und insbesondere ein Auge in die Honigr\u00e4ume geworfen. Bei einem Volk sah es schon recht vielversprechend aus und ein Gro\u00dfteil der R\u00e4hmchen im Honigraum war schon zur H\u00e4lfte verdeckelt.\u00a0 Das bedeutet, dass der Honig in den Waben reif ist und bevorratet werden\u2026","rel":"","context":"\u00c4hnlicher Beitrag","block_context":{"text":"\u00c4hnlicher Beitrag","link":""},"img":{"alt_text":"","src":"","width":0,"height":0},"classes":[]},{"id":655,"url":"http:\/\/imkerei-watermeyer.de\/?p=655","url_meta":{"origin":449,"position":4},"title":"Honigernte &#8211; Sp\u00e4ttracht","author":"Homeraner","date":"Juli 21, 2019","format":false,"excerpt":"Am letzten Mittwoch konnten wir wieder Honig ernten. W\u00e4hrend der Lindenbl\u00fcte konnten die Bienen so einiges an Nektar eintragen und in M\u00fcnster-Amelsb\u00fcren haben sie sich auch flei\u00dfig an der dort angelegten Blumenwiese bedient. Biene in der Wildblumenwiese Die Bienen haben das k\u00e4ltere Wetter der Tage zuvor genutzt und haben den\u2026","rel":"","context":"In &quot;Bienenbilder&quot;","block_context":{"text":"Bienenbilder","link":"http:\/\/imkerei-watermeyer.de\/?cat=2"},"img":{"alt_text":"","src":"https:\/\/i0.wp.com\/imkerei-watermeyer.de\/wp-content\/uploads\/2019\/07\/dsc00166-5.jpg?resize=350%2C200","width":350,"height":200,"srcset":"https:\/\/i0.wp.com\/imkerei-watermeyer.de\/wp-content\/uploads\/2019\/07\/dsc00166-5.jpg?resize=350%2C200 1x, https:\/\/i0.wp.com\/imkerei-watermeyer.de\/wp-content\/uploads\/2019\/07\/dsc00166-5.jpg?resize=700%2C400 2x, https:\/\/i0.wp.com\/imkerei-watermeyer.de\/wp-content\/uploads\/2019\/07\/dsc00166-5.jpg?resize=1050%2C600 3x, https:\/\/i0.wp.com\/imkerei-watermeyer.de\/wp-content\/uploads\/2019\/07\/dsc00166-5.jpg?resize=1400%2C800 4x"},"classes":[]},{"id":506,"url":"http:\/\/imkerei-watermeyer.de\/?p=506","url_meta":{"origin":449,"position":5},"title":"Zum ersten Mal Rapshonig?","author":"Homeraner","date":"Mai 1, 2018","format":false,"excerpt":"Nachdem meine Bienen und ich im letzten Jahr umgezogen sind, k\u00f6nnte ich in diesem Jahr zum ersten Mal Rapshonig ernten. Meine Bienen in M\u00fcnster stehen direkt neben einem Rapsfeld. Da stehen die Chancen nicht schlecht, dass ich zum ersten Mal einen Sortenhonig haben werde. Die Bienen tragen jedenfalls schon flei\u00dfig\u2026","rel":"","context":"In &quot;Arbeiten rund ums Volk&quot;","block_context":{"text":"Arbeiten rund ums Volk","link":"http:\/\/imkerei-watermeyer.de\/?cat=47"},"img":{"alt_text":"","src":"https:\/\/i0.wp.com\/imkerei-watermeyer.de\/wp-content\/uploads\/2018\/05\/img_0869.jpg?resize=350%2C200","width":350,"height":200,"srcset":"https:\/\/i0.wp.com\/imkerei-watermeyer.de\/wp-content\/uploads\/2018\/05\/img_0869.jpg?resize=350%2C200 1x, https:\/\/i0.wp.com\/imkerei-watermeyer.de\/wp-content\/uploads\/2018\/05\/img_0869.jpg?resize=700%2C400 2x, https:\/\/i0.wp.com\/imkerei-watermeyer.de\/wp-content\/uploads\/2018\/05\/img_0869.jpg?resize=1050%2C600 3x, https:\/\/i0.wp.com\/imkerei-watermeyer.de\/wp-content\/uploads\/2018\/05\/img_0869.jpg?resize=1400%2C800 4x"},"classes":[]}],"_links":{"self":[{"href":"http:\/\/imkerei-watermeyer.de\/index.php?rest_route=\/wp\/v2\/posts\/449"}],"collection":[{"href":"http:\/\/imkerei-watermeyer.de\/index.php?rest_route=\/wp\/v2\/posts"}],"about":[{"href":"http:\/\/imkerei-watermeyer.de\/index.php?rest_route=\/wp\/v2\/types\/post"}],"author":[{"embeddable":true,"href":"http:\/\/imkerei-watermeyer.de\/index.php?rest_route=\/wp\/v2\/users\/1"}],"replies":[{"embeddable":true,"href":"http:\/\/imkerei-watermeyer.de\/index.php?rest_route=%2Fwp%2Fv2%2Fcomments&post=449"}],"version-history":[{"count":2,"href":"http:\/\/imkerei-watermeyer.de\/index.php?rest_route=\/wp\/v2\/posts\/449\/revisions"}],"predecessor-version":[{"id":451,"href":"http:\/\/imkerei-watermeyer.de\/index.php?rest_route=\/wp\/v2\/posts\/449\/revisions\/451"}],"wp:featuredmedia":[{"embeddable":true,"href":"http:\/\/imkerei-watermeyer.de\/index.php?rest_route=\/wp\/v2\/media\/446"}],"wp:attachment":[{"href":"http:\/\/imkerei-watermeyer.de\/index.php?rest_route=%2Fwp%2Fv2%2Fmedia&parent=449"}],"wp:term":[{"taxonomy":"category","embeddable":true,"href":"http:\/\/imkerei-watermeyer.de\/index.php?rest_route=%2Fwp%2Fv2%2Fcategories&post=449"},{"taxonomy":"post_tag","embeddable":true,"href":"http:\/\/imkerei-watermeyer.de\/index.php?rest_route=%2Fwp%2Fv2%2Ftags&post=449"}],"curies":[{"name":"wp","href":"https:\/\/api.w.org\/{rel}","templated":true}]}}