{"id":434,"date":"2017-07-12T15:28:59","date_gmt":"2017-07-12T15:28:59","guid":{"rendered":"http:\/\/imkerei-watermeyer.de\/?p=434"},"modified":"2017-07-12T15:29:00","modified_gmt":"2017-07-12T15:29:00","slug":"jetzt-auch-auf-youtube","status":"publish","type":"post","link":"http:\/\/imkerei-watermeyer.de\/?p=434","title":{"rendered":"Jetzt auch auf YouTube"},"content":{"rendered":"<p>Da ich hier nicht vern\u00fcnftig Videos hochladen kann, habe ich mir nun ein YouTube-Konto zugelegt, damit ich auch den Leuten ohne Facebook meine Videos zeigen kann.<\/p>\n<p>Einfach den folgenden Link klicken und ihr gelangt zum Video:<\/p>\n<p><a href=\"https:\/\/youtu.be\/lGGMNmVJVo4\">Bienen im Naturzoo Rheine <\/a><\/p>\n","protected":false},"excerpt":{"rendered":"<p>Da ich hier nicht vern\u00fcnftig Videos hochladen kann, habe ich mir nun ein YouTube-Konto zugelegt, damit ich auch den Leuten ohne Facebook meine Videos zeigen kann. Einfach den folgenden Link klicken und ihr gelangt zum Video: Bienen im Naturzoo Rheine<\/p>\n","protected":false},"author":1,"featured_media":436,"comment_status":"open","ping_status":"open","sticky":false,"template":"","format":"standard","meta":{"jetpack_post_was_ever_published":false,"_jetpack_newsletter_access":"","jetpack_publicize_message":"","jetpack_is_tweetstorm":false,"jetpack_publicize_feature_enabled":true,"jetpack_social_post_already_shared":false,"jetpack_social_options":{"image_generator_settings":{"template":"highway","enabled":false}}},"categories":[2,3,69],"tags":[25,63,56],"jetpack_publicize_connections":[],"jetpack_featured_media_url":"http:\/\/imkerei-watermeyer.de\/wp-content\/uploads\/2017\/07\/img_3122.jpg","jetpack_sharing_enabled":true,"jetpack_shortlink":"https:\/\/wp.me\/p9uDaz-70","jetpack_likes_enabled":true,"jetpack-related-posts":[{"id":87,"url":"http:\/\/imkerei-watermeyer.de\/?p=87","url_meta":{"origin":434,"position":0},"title":"Ableger und Schw\u00e4rme","author":"Homeraner","date":"April 29, 2015","format":false,"excerpt":"Gestern hatten wir Versammlung von unserem \u00f6rtlichen Imkerverein. Neben all den organisatorischen Dingen, die im Vereinsleben in Deutschland so \u00fcblich sind, standen auch noch imkerspezifische Organisation und Erfahrungsaustausch auf der Tagesordnung. Zur imkerspezifischen Organisation geh\u00f6rt zu dieser Jahreszeit zum Beispiel, dass die gemeinschaftliche Milchs\u00e4urebestellung abgestimmt wird. Mit Milchs\u00e4ure werden die\u2026","rel":"","context":"In &quot;Bienenbilder&quot;","block_context":{"text":"Bienenbilder","link":"http:\/\/imkerei-watermeyer.de\/?cat=2"},"img":{"alt_text":"","src":"https:\/\/i0.wp.com\/imkerei-watermeyer.de\/wp-content\/uploads\/2015\/04\/e8f9d297c5c9ea878af2b96c6d0aa4b2-300x225.jpg?resize=350%2C200","width":350,"height":200},"classes":[]},{"id":766,"url":"http:\/\/imkerei-watermeyer.de\/?p=766","url_meta":{"origin":434,"position":1},"title":"Bienenwachs als Allrounder &#8211; nat\u00fcrliche, selbstgemachte Lippenpflege!","author":"laggenbiene","date":"September 1, 2019","format":false,"excerpt":"Das war eine spannende Erfahrung! Selbstgemachtes Lippenbalsam mit Bienenwachs und aus nur 5 nat\u00fcrlichen Zutaten ganz einfach hergestellt! Ich bin wahnsinnig stolz auf mich und begeistert vom Ergebnis ;-) Das kinderleichte Rezept findet ihr auf unserem Laggenbiene-Blog - LINK in der Bio","rel":"","context":"In &quot;Bienenprodukte&quot;","block_context":{"text":"Bienenprodukte","link":"http:\/\/imkerei-watermeyer.de\/?cat=150"},"img":{"alt_text":"","src":"https:\/\/i0.wp.com\/imkerei-watermeyer.de\/wp-content\/uploads\/2019\/09\/dsc00693-1.jpg?resize=350%2C200","width":350,"height":200,"srcset":"https:\/\/i0.wp.com\/imkerei-watermeyer.de\/wp-content\/uploads\/2019\/09\/dsc00693-1.jpg?resize=350%2C200 1x, https:\/\/i0.wp.com\/imkerei-watermeyer.de\/wp-content\/uploads\/2019\/09\/dsc00693-1.jpg?resize=700%2C400 2x, https:\/\/i0.wp.com\/imkerei-watermeyer.de\/wp-content\/uploads\/2019\/09\/dsc00693-1.jpg?resize=1050%2C600 3x, https:\/\/i0.wp.com\/imkerei-watermeyer.de\/wp-content\/uploads\/2019\/09\/dsc00693-1.jpg?resize=1400%2C800 4x"},"classes":[]},{"id":345,"url":"http:\/\/imkerei-watermeyer.de\/?p=345","url_meta":{"origin":434,"position":2},"title":"Hochbetrieb im Efeu\u00a0","author":"Homeraner","date":"Oktober 1, 2016","format":false,"excerpt":"Wie im letzten Jahr bin ich auch nun wieder fasziniert, wie viele Bienen und andere Insekten durch den bl\u00fchenden Efeu angelockt werden. Bei angenehmen 16 Grad Celsius, Sonnenschein und kaum vorhandenen Wind herrscht reges Treiben an den Efeubl\u00fcten: \u200b\u200b \u200b \u200b\u200b Auf der sehr gut gemachten Internetseite\u00a0Die Honigmacher\u00a0k\u00f6nnt ihr neben\u2026","rel":"","context":"In &quot;Bienenbilder&quot;","block_context":{"text":"Bienenbilder","link":"http:\/\/imkerei-watermeyer.de\/?cat=2"},"img":{"alt_text":"","src":"https:\/\/i0.wp.com\/imkerei-watermeyer.de\/wp-content\/uploads\/2016\/10\/img_4474.jpg?resize=350%2C200","width":350,"height":200,"srcset":"https:\/\/i0.wp.com\/imkerei-watermeyer.de\/wp-content\/uploads\/2016\/10\/img_4474.jpg?resize=350%2C200 1x, https:\/\/i0.wp.com\/imkerei-watermeyer.de\/wp-content\/uploads\/2016\/10\/img_4474.jpg?resize=700%2C400 2x, https:\/\/i0.wp.com\/imkerei-watermeyer.de\/wp-content\/uploads\/2016\/10\/img_4474.jpg?resize=1050%2C600 3x, https:\/\/i0.wp.com\/imkerei-watermeyer.de\/wp-content\/uploads\/2016\/10\/img_4474.jpg?resize=1400%2C800 4x"},"classes":[]},{"id":438,"url":"http:\/\/imkerei-watermeyer.de\/?p=438","url_meta":{"origin":434,"position":3},"title":"K\u00f6nigin gesichtet","author":"Homeraner","date":"August 2, 2017","format":false,"excerpt":"Am letzten Wochenende habe ich es nach \u00fcber 25 Jahren mal wieder ins LWL-Freilichtmuseum Detmold geschafft. Es war hochinteressant, all die alten H\u00f6fe aus Westfalen und dem Lipperland zu sehen. All die gut durchdachten L\u00f6sungen, die unsere Vorfahren schon vor mehreren hundert Jahren parat hatten. Besonderes Augenmerk habe ich als\u2026","rel":"","context":"In &quot;Bienenbilder&quot;","block_context":{"text":"Bienenbilder","link":"http:\/\/imkerei-watermeyer.de\/?cat=2"},"img":{"alt_text":"","src":"https:\/\/i0.wp.com\/imkerei-watermeyer.de\/wp-content\/uploads\/2017\/08\/img_3375.jpg?resize=350%2C200","width":350,"height":200,"srcset":"https:\/\/i0.wp.com\/imkerei-watermeyer.de\/wp-content\/uploads\/2017\/08\/img_3375.jpg?resize=350%2C200 1x, https:\/\/i0.wp.com\/imkerei-watermeyer.de\/wp-content\/uploads\/2017\/08\/img_3375.jpg?resize=700%2C400 2x, https:\/\/i0.wp.com\/imkerei-watermeyer.de\/wp-content\/uploads\/2017\/08\/img_3375.jpg?resize=1050%2C600 3x, https:\/\/i0.wp.com\/imkerei-watermeyer.de\/wp-content\/uploads\/2017\/08\/img_3375.jpg?resize=1400%2C800 4x"},"classes":[]},{"id":548,"url":"http:\/\/imkerei-watermeyer.de\/?p=548","url_meta":{"origin":434,"position":4},"title":"Das Bienenjahr beginnt","author":"Homeraner","date":"M\u00e4rz 22, 2019","format":false,"excerpt":"Heute hat es das Thermometer bei uns in Laggenbeck fast bis an die 20 Grad Celsius geschafft. Die Natur explodiert f\u00f6rmlich bei dieser warmen Witterung und auch die Bienen werden auch immer aktiver. Beobachtet man die Aktivit\u00e4ten am Flugloch, sind immer wieder auch Bienen mit Pollen an den Beinen zu\u2026","rel":"","context":"In &quot;Bienenbilder&quot;","block_context":{"text":"Bienenbilder","link":"http:\/\/imkerei-watermeyer.de\/?cat=2"},"img":{"alt_text":"","src":"https:\/\/i0.wp.com\/imkerei-watermeyer.de\/wp-content\/uploads\/2019\/03\/img_3628.jpg?resize=350%2C200","width":350,"height":200,"srcset":"https:\/\/i0.wp.com\/imkerei-watermeyer.de\/wp-content\/uploads\/2019\/03\/img_3628.jpg?resize=350%2C200 1x, https:\/\/i0.wp.com\/imkerei-watermeyer.de\/wp-content\/uploads\/2019\/03\/img_3628.jpg?resize=700%2C400 2x, https:\/\/i0.wp.com\/imkerei-watermeyer.de\/wp-content\/uploads\/2019\/03\/img_3628.jpg?resize=1050%2C600 3x, https:\/\/i0.wp.com\/imkerei-watermeyer.de\/wp-content\/uploads\/2019\/03\/img_3628.jpg?resize=1400%2C800 4x"},"classes":[]},{"id":455,"url":"http:\/\/imkerei-watermeyer.de\/?p=455","url_meta":{"origin":434,"position":5},"title":"So unterschiedlich kann Honig sein","author":"Homeraner","date":"August 7, 2017","format":false,"excerpt":"Es mag ein \"Vorteil\" der industriellen Produktion sein, dass die meisten Lebensmittel heutzutage immer gleich schmecken und standardisiert sind. Auch auf den Honig bekannter Marken trifft dies zu.\u00a0 Was f\u00fcr die einen ein unabdingbarer Vorteil ist, ist f\u00fcr andere einfach nur langweilig. Wer sich darauf einlassen m\u00f6chte, dass zum Beispiel\u2026","rel":"","context":"In &quot;Honig-Vermarktung&quot;","block_context":{"text":"Honig-Vermarktung","link":"http:\/\/imkerei-watermeyer.de\/?cat=33"},"img":{"alt_text":"","src":"https:\/\/i0.wp.com\/imkerei-watermeyer.de\/wp-content\/uploads\/2017\/08\/img_3628.jpg?resize=350%2C200","width":350,"height":200,"srcset":"https:\/\/i0.wp.com\/imkerei-watermeyer.de\/wp-content\/uploads\/2017\/08\/img_3628.jpg?resize=350%2C200 1x, https:\/\/i0.wp.com\/imkerei-watermeyer.de\/wp-content\/uploads\/2017\/08\/img_3628.jpg?resize=700%2C400 2x"},"classes":[]}],"_links":{"self":[{"href":"http:\/\/imkerei-watermeyer.de\/index.php?rest_route=\/wp\/v2\/posts\/434"}],"collection":[{"href":"http:\/\/imkerei-watermeyer.de\/index.php?rest_route=\/wp\/v2\/posts"}],"about":[{"href":"http:\/\/imkerei-watermeyer.de\/index.php?rest_route=\/wp\/v2\/types\/post"}],"author":[{"embeddable":true,"href":"http:\/\/imkerei-watermeyer.de\/index.php?rest_route=\/wp\/v2\/users\/1"}],"replies":[{"embeddable":true,"href":"http:\/\/imkerei-watermeyer.de\/index.php?rest_route=%2Fwp%2Fv2%2Fcomments&post=434"}],"version-history":[{"count":2,"href":"http:\/\/imkerei-watermeyer.de\/index.php?rest_route=\/wp\/v2\/posts\/434\/revisions"}],"predecessor-version":[{"id":437,"href":"http:\/\/imkerei-watermeyer.de\/index.php?rest_route=\/wp\/v2\/posts\/434\/revisions\/437"}],"wp:featuredmedia":[{"embeddable":true,"href":"http:\/\/imkerei-watermeyer.de\/index.php?rest_route=\/wp\/v2\/media\/436"}],"wp:attachment":[{"href":"http:\/\/imkerei-watermeyer.de\/index.php?rest_route=%2Fwp%2Fv2%2Fmedia&parent=434"}],"wp:term":[{"taxonomy":"category","embeddable":true,"href":"http:\/\/imkerei-watermeyer.de\/index.php?rest_route=%2Fwp%2Fv2%2Fcategories&post=434"},{"taxonomy":"post_tag","embeddable":true,"href":"http:\/\/imkerei-watermeyer.de\/index.php?rest_route=%2Fwp%2Fv2%2Ftags&post=434"}],"curies":[{"name":"wp","href":"https:\/\/api.w.org\/{rel}","templated":true}]}}