{"id":413,"date":"2017-06-11T20:15:16","date_gmt":"2017-06-11T20:15:16","guid":{"rendered":"http:\/\/imkerei-watermeyer.de\/?p=413"},"modified":"2017-06-12T19:48:31","modified_gmt":"2017-06-12T19:48:31","slug":"der-erste-honig-2017","status":"publish","type":"post","link":"http:\/\/imkerei-watermeyer.de\/?p=413","title":{"rendered":"Der erste Honig 2017"},"content":{"rendered":"<p>Am Pfingstwochenende war es doch noch so weit! Eigentlich hatte ich schon gar nicht mehr damit gerechnet, als ich 2 Wochen zuvor feststellen musste, dass mehr Honig verbraucht als gesammelt wurde.<\/p>\n<p>Die dann folgenden 2 Wochen mit warmen sonnigen Wetter waren dann aber so g\u00fcnstig f\u00fcr die Bienen, dass ich bei der Durchsicht an Pfingstsonntag gen\u00fcgend erntereifen Honig vorfand.<\/p>\n<p><div id=\"attachment_415\" style=\"width: 3034px\" class=\"wp-caption alignnone\"><a href=\"http:\/\/imkerei-watermeyer.de\/wp-content\/uploads\/2017\/06\/img_1948-1.jpg\"><img aria-describedby=\"caption-attachment-415\" data-attachment-id=\"415\" data-permalink=\"http:\/\/imkerei-watermeyer.de\/?attachment_id=415\" data-orig-file=\"http:\/\/imkerei-watermeyer.de\/wp-content\/uploads\/2017\/06\/img_1948-1.jpg\" data-orig-size=\"3024,4032\" data-comments-opened=\"1\" data-image-meta=\"{&quot;aperture&quot;:&quot;1.8&quot;,&quot;credit&quot;:&quot;&quot;,&quot;camera&quot;:&quot;iPhone 7&quot;,&quot;caption&quot;:&quot;&quot;,&quot;created_timestamp&quot;:&quot;1496581144&quot;,&quot;copyright&quot;:&quot;&quot;,&quot;focal_length&quot;:&quot;3.99&quot;,&quot;iso&quot;:&quot;20&quot;,&quot;shutter_speed&quot;:&quot;0.0023201856148492&quot;,&quot;title&quot;:&quot;&quot;,&quot;orientation&quot;:&quot;1&quot;}\" data-image-title=\"img_1948-1.jpg\" data-image-description=\"\" data-image-caption=\"\" data-medium-file=\"http:\/\/imkerei-watermeyer.de\/wp-content\/uploads\/2017\/06\/img_1948-1-225x300.jpg\" data-large-file=\"http:\/\/imkerei-watermeyer.de\/wp-content\/uploads\/2017\/06\/img_1948-1-768x1024.jpg\" decoding=\"async\" loading=\"lazy\" width=\"3024\" height=\"4032\" alt=\"\" src=\"http:\/\/imkerei-watermeyer.de\/wp-content\/uploads\/2017\/06\/img_1948-1.jpg\" title=\"\" class=\"size-full wp-image-415\" srcset=\"http:\/\/imkerei-watermeyer.de\/wp-content\/uploads\/2017\/06\/img_1948-1.jpg 3024w, http:\/\/imkerei-watermeyer.de\/wp-content\/uploads\/2017\/06\/img_1948-1-225x300.jpg 225w, http:\/\/imkerei-watermeyer.de\/wp-content\/uploads\/2017\/06\/img_1948-1-768x1024.jpg 768w\" sizes=\"(max-width: 3024px) 100vw, 3024px\" \/><\/a><p id=\"caption-attachment-415\" class=\"wp-caption-text\">Erntereifes Honigr\u00e4hmchen<\/p><\/div>Also wurde die urspr\u00fcngliche Planung f\u00fcr Pfingstmontag \u00fcber den Haufen geworfen und der Honig geerntet bevor er wieder verbraucht werden w\u00fcrde.<\/p>\n<p><div id=\"attachment_418\" style=\"width: 2106px\" class=\"wp-caption alignnone\"><a href=\"http:\/\/imkerei-watermeyer.de\/wp-content\/uploads\/2017\/06\/img_1980-1.jpg\"><img aria-describedby=\"caption-attachment-418\" data-attachment-id=\"418\" data-permalink=\"http:\/\/imkerei-watermeyer.de\/?attachment_id=418\" data-orig-file=\"http:\/\/imkerei-watermeyer.de\/wp-content\/uploads\/2017\/06\/img_1980-1.jpg\" data-orig-size=\"2096,3724\" data-comments-opened=\"1\" data-image-meta=\"{&quot;aperture&quot;:&quot;0&quot;,&quot;credit&quot;:&quot;&quot;,&quot;camera&quot;:&quot;&quot;,&quot;caption&quot;:&quot;&quot;,&quot;created_timestamp&quot;:&quot;0&quot;,&quot;copyright&quot;:&quot;&quot;,&quot;focal_length&quot;:&quot;0&quot;,&quot;iso&quot;:&quot;0&quot;,&quot;shutter_speed&quot;:&quot;0&quot;,&quot;title&quot;:&quot;&quot;,&quot;orientation&quot;:&quot;1&quot;}\" data-image-title=\"img_1980-1.jpg\" data-image-description=\"\" data-image-caption=\"\" data-medium-file=\"http:\/\/imkerei-watermeyer.de\/wp-content\/uploads\/2017\/06\/img_1980-1-169x300.jpg\" data-large-file=\"http:\/\/imkerei-watermeyer.de\/wp-content\/uploads\/2017\/06\/img_1980-1-576x1024.jpg\" decoding=\"async\" loading=\"lazy\" width=\"2096\" height=\"3724\" alt=\"\" src=\"http:\/\/imkerei-watermeyer.de\/wp-content\/uploads\/2017\/06\/img_1980-1.jpg\" title=\"\" class=\"size-full wp-image-418\" srcset=\"http:\/\/imkerei-watermeyer.de\/wp-content\/uploads\/2017\/06\/img_1980-1.jpg 2096w, http:\/\/imkerei-watermeyer.de\/wp-content\/uploads\/2017\/06\/img_1980-1-169x300.jpg 169w, http:\/\/imkerei-watermeyer.de\/wp-content\/uploads\/2017\/06\/img_1980-1-768x1365.jpg 768w, http:\/\/imkerei-watermeyer.de\/wp-content\/uploads\/2017\/06\/img_1980-1-576x1024.jpg 576w\" sizes=\"(max-width: 2096px) 100vw, 2096px\" \/><\/a><p id=\"caption-attachment-418\" class=\"wp-caption-text\">Entdeckeln der Honigwaben<\/p><\/div><div id=\"attachment_420\" style=\"width: 3034px\" class=\"wp-caption alignnone\"><a href=\"http:\/\/imkerei-watermeyer.de\/wp-content\/uploads\/2017\/06\/img_1982-2.jpg\"><img aria-describedby=\"caption-attachment-420\" data-attachment-id=\"420\" data-permalink=\"http:\/\/imkerei-watermeyer.de\/?attachment_id=420\" data-orig-file=\"http:\/\/imkerei-watermeyer.de\/wp-content\/uploads\/2017\/06\/img_1982-2.jpg\" data-orig-size=\"3024,4032\" data-comments-opened=\"1\" data-image-meta=\"{&quot;aperture&quot;:&quot;1.8&quot;,&quot;credit&quot;:&quot;&quot;,&quot;camera&quot;:&quot;iPhone 7&quot;,&quot;caption&quot;:&quot;&quot;,&quot;created_timestamp&quot;:&quot;1496667958&quot;,&quot;copyright&quot;:&quot;&quot;,&quot;focal_length&quot;:&quot;3.99&quot;,&quot;iso&quot;:&quot;80&quot;,&quot;shutter_speed&quot;:&quot;0.058823529411765&quot;,&quot;title&quot;:&quot;&quot;,&quot;orientation&quot;:&quot;1&quot;}\" data-image-title=\"img_1982-2.jpg\" data-image-description=\"\" data-image-caption=\"\" data-medium-file=\"http:\/\/imkerei-watermeyer.de\/wp-content\/uploads\/2017\/06\/img_1982-2-225x300.jpg\" data-large-file=\"http:\/\/imkerei-watermeyer.de\/wp-content\/uploads\/2017\/06\/img_1982-2-768x1024.jpg\" decoding=\"async\" loading=\"lazy\" width=\"3024\" height=\"4032\" alt=\"\" src=\"http:\/\/imkerei-watermeyer.de\/wp-content\/uploads\/2017\/06\/img_1982-2.jpg\" title=\"\" class=\"size-full wp-image-420\" srcset=\"http:\/\/imkerei-watermeyer.de\/wp-content\/uploads\/2017\/06\/img_1982-2.jpg 3024w, http:\/\/imkerei-watermeyer.de\/wp-content\/uploads\/2017\/06\/img_1982-2-225x300.jpg 225w, http:\/\/imkerei-watermeyer.de\/wp-content\/uploads\/2017\/06\/img_1982-2-768x1024.jpg 768w\" sizes=\"(max-width: 3024px) 100vw, 3024px\" \/><\/a><p id=\"caption-attachment-420\" class=\"wp-caption-text\">Honigr\u00e4hmchen in der Schleuder<\/p><\/div>Nach dem Entdeckeln der Honigwaben und dem Ausschleudern der Honigr\u00e4hmchen war es dann endlich so weit:<\/p>\n<p>Der erste Honig 2017!<\/p>\n<p><div id=\"attachment_422\" style=\"width: 2106px\" class=\"wp-caption alignnone\"><a href=\"http:\/\/imkerei-watermeyer.de\/wp-content\/uploads\/2017\/06\/img_1986-1.jpg\"><img aria-describedby=\"caption-attachment-422\" data-attachment-id=\"422\" data-permalink=\"http:\/\/imkerei-watermeyer.de\/?attachment_id=422\" data-orig-file=\"http:\/\/imkerei-watermeyer.de\/wp-content\/uploads\/2017\/06\/img_1986-1.jpg\" data-orig-size=\"2096,3724\" data-comments-opened=\"1\" data-image-meta=\"{&quot;aperture&quot;:&quot;0&quot;,&quot;credit&quot;:&quot;&quot;,&quot;camera&quot;:&quot;&quot;,&quot;caption&quot;:&quot;&quot;,&quot;created_timestamp&quot;:&quot;0&quot;,&quot;copyright&quot;:&quot;&quot;,&quot;focal_length&quot;:&quot;0&quot;,&quot;iso&quot;:&quot;0&quot;,&quot;shutter_speed&quot;:&quot;0&quot;,&quot;title&quot;:&quot;&quot;,&quot;orientation&quot;:&quot;1&quot;}\" data-image-title=\"img_1986-1.jpg\" data-image-description=\"\" data-image-caption=\"\" data-medium-file=\"http:\/\/imkerei-watermeyer.de\/wp-content\/uploads\/2017\/06\/img_1986-1-169x300.jpg\" data-large-file=\"http:\/\/imkerei-watermeyer.de\/wp-content\/uploads\/2017\/06\/img_1986-1-576x1024.jpg\" decoding=\"async\" loading=\"lazy\" width=\"2096\" height=\"3724\" alt=\"\" src=\"http:\/\/imkerei-watermeyer.de\/wp-content\/uploads\/2017\/06\/img_1986-1.jpg\" title=\"\" class=\"size-full wp-image-422\" srcset=\"http:\/\/imkerei-watermeyer.de\/wp-content\/uploads\/2017\/06\/img_1986-1.jpg 2096w, http:\/\/imkerei-watermeyer.de\/wp-content\/uploads\/2017\/06\/img_1986-1-169x300.jpg 169w, http:\/\/imkerei-watermeyer.de\/wp-content\/uploads\/2017\/06\/img_1986-1-768x1365.jpg 768w, http:\/\/imkerei-watermeyer.de\/wp-content\/uploads\/2017\/06\/img_1986-1-576x1024.jpg 576w\" sizes=\"(max-width: 2096px) 100vw, 2096px\" \/><\/a><p id=\"caption-attachment-422\" class=\"wp-caption-text\">Geschleuderter Honig l\u00e4uft auf das Feinsieb<\/p><\/div><br \/>\nIn diesem Jahr ist die Fr\u00fchtracht extrem dunkel und kr\u00e4ftig im Geschmack. Das spricht f\u00fcr einen gewissen Honigtauanteil im Honig.<\/p>\n<p><div id=\"attachment_423\" style=\"width: 3034px\" class=\"wp-caption alignnone\"><a href=\"http:\/\/imkerei-watermeyer.de\/wp-content\/uploads\/2017\/06\/img_1989-1.jpg\"><img aria-describedby=\"caption-attachment-423\" data-attachment-id=\"423\" data-permalink=\"http:\/\/imkerei-watermeyer.de\/?attachment_id=423\" data-orig-file=\"http:\/\/imkerei-watermeyer.de\/wp-content\/uploads\/2017\/06\/img_1989-1.jpg\" data-orig-size=\"3024,4032\" data-comments-opened=\"1\" data-image-meta=\"{&quot;aperture&quot;:&quot;1.8&quot;,&quot;credit&quot;:&quot;&quot;,&quot;camera&quot;:&quot;iPhone 7&quot;,&quot;caption&quot;:&quot;&quot;,&quot;created_timestamp&quot;:&quot;1496680673&quot;,&quot;copyright&quot;:&quot;&quot;,&quot;focal_length&quot;:&quot;3.99&quot;,&quot;iso&quot;:&quot;25&quot;,&quot;shutter_speed&quot;:&quot;0.03030303030303&quot;,&quot;title&quot;:&quot;&quot;,&quot;orientation&quot;:&quot;1&quot;}\" data-image-title=\"img_1989-1.jpg\" data-image-description=\"\" data-image-caption=\"\" data-medium-file=\"http:\/\/imkerei-watermeyer.de\/wp-content\/uploads\/2017\/06\/img_1989-1-225x300.jpg\" data-large-file=\"http:\/\/imkerei-watermeyer.de\/wp-content\/uploads\/2017\/06\/img_1989-1-768x1024.jpg\" decoding=\"async\" loading=\"lazy\" width=\"3024\" height=\"4032\" alt=\"\" src=\"http:\/\/imkerei-watermeyer.de\/wp-content\/uploads\/2017\/06\/img_1989-1.jpg\" title=\"\" class=\"size-full wp-image-423\" srcset=\"http:\/\/imkerei-watermeyer.de\/wp-content\/uploads\/2017\/06\/img_1989-1.jpg 3024w, http:\/\/imkerei-watermeyer.de\/wp-content\/uploads\/2017\/06\/img_1989-1-225x300.jpg 225w, http:\/\/imkerei-watermeyer.de\/wp-content\/uploads\/2017\/06\/img_1989-1-768x1024.jpg 768w\" sizes=\"(max-width: 3024px) 100vw, 3024px\" \/><\/a><p id=\"caption-attachment-423\" class=\"wp-caption-text\">Abf\u00fcllen des gesiebten Honigs in Eimer<\/p><\/div><br \/>\nEs gibt also wieder frischen Honig!<\/p>\n","protected":false},"excerpt":{"rendered":"<p>Am Pfingstwochenende war es doch noch so weit! Eigentlich hatte ich schon gar nicht mehr damit gerechnet, als ich 2 Wochen zuvor feststellen musste, dass mehr Honig verbraucht als gesammelt wurde. Die dann folgenden 2 Wochen mit warmen sonnigen Wetter waren dann aber so g\u00fcnstig f\u00fcr die Bienen, dass ich [&hellip;]<\/p>\n","protected":false},"author":1,"featured_media":0,"comment_status":"open","ping_status":"open","sticky":false,"template":"","format":"standard","meta":{"jetpack_post_was_ever_published":false,"_jetpack_newsletter_access":"","jetpack_publicize_message":"","jetpack_is_tweetstorm":false,"jetpack_publicize_feature_enabled":true,"jetpack_social_post_already_shared":false,"jetpack_social_options":{"image_generator_settings":{"template":"highway","enabled":false}}},"categories":[33],"tags":[24,67],"jetpack_publicize_connections":[],"jetpack_featured_media_url":"","jetpack_sharing_enabled":true,"jetpack_shortlink":"https:\/\/wp.me\/p9uDaz-6F","jetpack_likes_enabled":true,"jetpack-related-posts":[{"id":614,"url":"http:\/\/imkerei-watermeyer.de\/?p=614","url_meta":{"origin":413,"position":0},"title":"Aller Anfang ist &#8211; Rosmarin und Knoblauch&#8230;!","author":"laggenbiene","date":"Juli 14, 2019","format":false,"excerpt":"Ein allererster Blogbeitrag ist nicht einfach auszusuchen - muss es \"knallen\"? - muss es tiefgr\u00fcndig sein? - muss es besonders professionell wirken? Nein! Auch wenn man sich das schon vorher immer wie ein Mantra sagt - es dann auch wirklich zu beherzigen, ist die andere Sache... ;-) Es hat mich\u2026","rel":"","context":"In &quot;Kr\u00e4uter und Gew\u00fcrze&quot;","block_context":{"text":"Kr\u00e4uter und Gew\u00fcrze","link":"http:\/\/imkerei-watermeyer.de\/?cat=82"},"img":{"alt_text":"","src":"https:\/\/i0.wp.com\/imkerei-watermeyer.de\/wp-content\/uploads\/2019\/07\/org_dsc00145.jpg?resize=350%2C200","width":350,"height":200,"srcset":"https:\/\/i0.wp.com\/imkerei-watermeyer.de\/wp-content\/uploads\/2019\/07\/org_dsc00145.jpg?resize=350%2C200 1x, https:\/\/i0.wp.com\/imkerei-watermeyer.de\/wp-content\/uploads\/2019\/07\/org_dsc00145.jpg?resize=700%2C400 2x, https:\/\/i0.wp.com\/imkerei-watermeyer.de\/wp-content\/uploads\/2019\/07\/org_dsc00145.jpg?resize=1050%2C600 3x, https:\/\/i0.wp.com\/imkerei-watermeyer.de\/wp-content\/uploads\/2019\/07\/org_dsc00145.jpg?resize=1400%2C800 4x"},"classes":[]},{"id":455,"url":"http:\/\/imkerei-watermeyer.de\/?p=455","url_meta":{"origin":413,"position":1},"title":"So unterschiedlich kann Honig sein","author":"Homeraner","date":"August 7, 2017","format":false,"excerpt":"Es mag ein \"Vorteil\" der industriellen Produktion sein, dass die meisten Lebensmittel heutzutage immer gleich schmecken und standardisiert sind. Auch auf den Honig bekannter Marken trifft dies zu.\u00a0 Was f\u00fcr die einen ein unabdingbarer Vorteil ist, ist f\u00fcr andere einfach nur langweilig. Wer sich darauf einlassen m\u00f6chte, dass zum Beispiel\u2026","rel":"","context":"In &quot;Honig-Vermarktung&quot;","block_context":{"text":"Honig-Vermarktung","link":"http:\/\/imkerei-watermeyer.de\/?cat=33"},"img":{"alt_text":"","src":"https:\/\/i0.wp.com\/imkerei-watermeyer.de\/wp-content\/uploads\/2017\/08\/img_3628.jpg?resize=350%2C200","width":350,"height":200,"srcset":"https:\/\/i0.wp.com\/imkerei-watermeyer.de\/wp-content\/uploads\/2017\/08\/img_3628.jpg?resize=350%2C200 1x, https:\/\/i0.wp.com\/imkerei-watermeyer.de\/wp-content\/uploads\/2017\/08\/img_3628.jpg?resize=700%2C400 2x"},"classes":[]},{"id":1277,"url":"http:\/\/imkerei-watermeyer.de\/?p=1277","url_meta":{"origin":413,"position":2},"title":"Update Imkerei","author":"laggenbiene","date":"Juni 10, 2024","format":false,"excerpt":"In unserer Imkerei hat sich seit dem letzten Jahr einiges getan. Die Bienenv\u00f6lker sind Ende 2023 nach Amelsb\u00fcren zu Daniels Trauzeugin Petra aufs Land gezogen. Der Umzug wurde n\u00f6tig, da Daniel aufgrund seines beruflichen Stresses Unterst\u00fctzung bei den Bienen ben\u00f6tigte. Petra interessierte sich eh schon f\u00fcrs Imkern und so war\u2026","rel":"","context":"In &quot;Imkereibeitr\u00e4ge&quot;","block_context":{"text":"Imkereibeitr\u00e4ge","link":"http:\/\/imkerei-watermeyer.de\/?cat=104"},"img":{"alt_text":"","src":"https:\/\/i0.wp.com\/imkerei-watermeyer.de\/wp-content\/uploads\/2024\/06\/0ef752fe-7856-4d75-83c5-12b5d6df4312-1.jpg?resize=350%2C200","width":350,"height":200,"srcset":"https:\/\/i0.wp.com\/imkerei-watermeyer.de\/wp-content\/uploads\/2024\/06\/0ef752fe-7856-4d75-83c5-12b5d6df4312-1.jpg?resize=350%2C200 1x, https:\/\/i0.wp.com\/imkerei-watermeyer.de\/wp-content\/uploads\/2024\/06\/0ef752fe-7856-4d75-83c5-12b5d6df4312-1.jpg?resize=700%2C400 2x"},"classes":[]},{"id":655,"url":"http:\/\/imkerei-watermeyer.de\/?p=655","url_meta":{"origin":413,"position":3},"title":"Honigernte &#8211; Sp\u00e4ttracht","author":"Homeraner","date":"Juli 21, 2019","format":false,"excerpt":"Am letzten Mittwoch konnten wir wieder Honig ernten. W\u00e4hrend der Lindenbl\u00fcte konnten die Bienen so einiges an Nektar eintragen und in M\u00fcnster-Amelsb\u00fcren haben sie sich auch flei\u00dfig an der dort angelegten Blumenwiese bedient. Biene in der Wildblumenwiese Die Bienen haben das k\u00e4ltere Wetter der Tage zuvor genutzt und haben den\u2026","rel":"","context":"In &quot;Bienenbilder&quot;","block_context":{"text":"Bienenbilder","link":"http:\/\/imkerei-watermeyer.de\/?cat=2"},"img":{"alt_text":"","src":"https:\/\/i0.wp.com\/imkerei-watermeyer.de\/wp-content\/uploads\/2019\/07\/dsc00166-5.jpg?resize=350%2C200","width":350,"height":200,"srcset":"https:\/\/i0.wp.com\/imkerei-watermeyer.de\/wp-content\/uploads\/2019\/07\/dsc00166-5.jpg?resize=350%2C200 1x, https:\/\/i0.wp.com\/imkerei-watermeyer.de\/wp-content\/uploads\/2019\/07\/dsc00166-5.jpg?resize=700%2C400 2x, https:\/\/i0.wp.com\/imkerei-watermeyer.de\/wp-content\/uploads\/2019\/07\/dsc00166-5.jpg?resize=1050%2C600 3x, https:\/\/i0.wp.com\/imkerei-watermeyer.de\/wp-content\/uploads\/2019\/07\/dsc00166-5.jpg?resize=1400%2C800 4x"},"classes":[]},{"id":159,"url":"http:\/\/imkerei-watermeyer.de\/?p=159","url_meta":{"origin":413,"position":4},"title":"Es dauert nicht mehr lang","author":"Homeraner","date":"Mai 21, 2015","format":false,"excerpt":"\u00a0Am letzten Donnerstag hatte ich unsere V\u00f6lker durchgeschaut und insbesondere ein Auge in die Honigr\u00e4ume geworfen. Bei einem Volk sah es schon recht vielversprechend aus und ein Gro\u00dfteil der R\u00e4hmchen im Honigraum war schon zur H\u00e4lfte verdeckelt.\u00a0 Das bedeutet, dass der Honig in den Waben reif ist und bevorratet werden\u2026","rel":"","context":"\u00c4hnlicher Beitrag","block_context":{"text":"\u00c4hnlicher Beitrag","link":""},"img":{"alt_text":"","src":"","width":0,"height":0},"classes":[]},{"id":348,"url":"http:\/\/imkerei-watermeyer.de\/?p=348","url_meta":{"origin":413,"position":5},"title":"Neues Etikett &#8211; Raesfelder Wabenquell","author":"Homeraner","date":"M\u00e4rz 17, 2017","format":false,"excerpt":"Schon lange war ich ungl\u00fccklich mit den auf dem Markt verf\u00fcgbaren Honigetiketten und das meiner Meinung nach zu biedere Etikett des Deutschen Imkerbunds kam f\u00fcr mich aufgrund seiner mangelnden Aussagekraft auch nicht in Frage. Ich wollte ein Etikett, dass die herausragenden Eigenschaften des Naturproduktes Imkerhonig widerspiegelt. Das Edle und Hochwertige.\u2026","rel":"","context":"In &quot;Honig-Vermarktung&quot;","block_context":{"text":"Honig-Vermarktung","link":"http:\/\/imkerei-watermeyer.de\/?cat=33"},"img":{"alt_text":"","src":"https:\/\/i0.wp.com\/imkerei-watermeyer.de\/wp-content\/uploads\/2017\/03\/Etikett.jpg?resize=350%2C200","width":350,"height":200,"srcset":"https:\/\/i0.wp.com\/imkerei-watermeyer.de\/wp-content\/uploads\/2017\/03\/Etikett.jpg?resize=350%2C200 1x, https:\/\/i0.wp.com\/imkerei-watermeyer.de\/wp-content\/uploads\/2017\/03\/Etikett.jpg?resize=700%2C400 2x, https:\/\/i0.wp.com\/imkerei-watermeyer.de\/wp-content\/uploads\/2017\/03\/Etikett.jpg?resize=1050%2C600 3x, https:\/\/i0.wp.com\/imkerei-watermeyer.de\/wp-content\/uploads\/2017\/03\/Etikett.jpg?resize=1400%2C800 4x"},"classes":[]}],"_links":{"self":[{"href":"http:\/\/imkerei-watermeyer.de\/index.php?rest_route=\/wp\/v2\/posts\/413"}],"collection":[{"href":"http:\/\/imkerei-watermeyer.de\/index.php?rest_route=\/wp\/v2\/posts"}],"about":[{"href":"http:\/\/imkerei-watermeyer.de\/index.php?rest_route=\/wp\/v2\/types\/post"}],"author":[{"embeddable":true,"href":"http:\/\/imkerei-watermeyer.de\/index.php?rest_route=\/wp\/v2\/users\/1"}],"replies":[{"embeddable":true,"href":"http:\/\/imkerei-watermeyer.de\/index.php?rest_route=%2Fwp%2Fv2%2Fcomments&post=413"}],"version-history":[{"count":6,"href":"http:\/\/imkerei-watermeyer.de\/index.php?rest_route=\/wp\/v2\/posts\/413\/revisions"}],"predecessor-version":[{"id":425,"href":"http:\/\/imkerei-watermeyer.de\/index.php?rest_route=\/wp\/v2\/posts\/413\/revisions\/425"}],"wp:attachment":[{"href":"http:\/\/imkerei-watermeyer.de\/index.php?rest_route=%2Fwp%2Fv2%2Fmedia&parent=413"}],"wp:term":[{"taxonomy":"category","embeddable":true,"href":"http:\/\/imkerei-watermeyer.de\/index.php?rest_route=%2Fwp%2Fv2%2Fcategories&post=413"},{"taxonomy":"post_tag","embeddable":true,"href":"http:\/\/imkerei-watermeyer.de\/index.php?rest_route=%2Fwp%2Fv2%2Ftags&post=413"}],"curies":[{"name":"wp","href":"https:\/\/api.w.org\/{rel}","templated":true}]}}