{"id":403,"date":"2017-05-21T10:08:54","date_gmt":"2017-05-21T10:08:54","guid":{"rendered":"http:\/\/imkerei-watermeyer.de\/?p=403"},"modified":"2017-05-21T10:08:54","modified_gmt":"2017-05-21T10:08:54","slug":"wenn-der-schnittlauch-bluehen-darf","status":"publish","type":"post","link":"http:\/\/imkerei-watermeyer.de\/?p=403","title":{"rendered":"Wenn der Schnittlauch bl\u00fchen darf"},"content":{"rendered":"<p>Wenn der Schnittlauch bl\u00fchen darf, sind seine Bl\u00fcten ein gro\u00dfer Magnet f\u00fcr die Bienen!<\/p>\n<p>Es w\u00e4re also sehr sch\u00f6n, wenn ihr in euren Kr\u00e4uterg\u00e4rten den Schnittlauch ruhig einmal bis zur Bl\u00fcte kommen lassen w\u00fcrdet! Dann das Gesumme und Gebrumme anschauen zu k\u00f6nnen, lohnt sich!<\/p>\n<p>Hier ein paar Bilder zum Beweis, die ich heute Morgen spontan im Kr\u00e4uterbeet geknipst habe:<\/p>\n<p><a href=\"http:\/\/imkerei-watermeyer.de\/wp-content\/uploads\/2017\/05\/img_1731-1.jpg\"><img data-attachment-id=\"399\" data-permalink=\"http:\/\/imkerei-watermeyer.de\/?attachment_id=399\" data-orig-file=\"http:\/\/imkerei-watermeyer.de\/wp-content\/uploads\/2017\/05\/img_1731-1.jpg\" data-orig-size=\"3024,4032\" data-comments-opened=\"1\" data-image-meta=\"{&quot;aperture&quot;:&quot;1.8&quot;,&quot;credit&quot;:&quot;&quot;,&quot;camera&quot;:&quot;iPhone 7&quot;,&quot;caption&quot;:&quot;&quot;,&quot;created_timestamp&quot;:&quot;1495362363&quot;,&quot;copyright&quot;:&quot;&quot;,&quot;focal_length&quot;:&quot;3.99&quot;,&quot;iso&quot;:&quot;20&quot;,&quot;shutter_speed&quot;:&quot;0.0011695906432749&quot;,&quot;title&quot;:&quot;&quot;,&quot;orientation&quot;:&quot;1&quot;}\" data-image-title=\"img_1731-1.jpg\" data-image-description=\"\" data-image-caption=\"\" data-medium-file=\"http:\/\/imkerei-watermeyer.de\/wp-content\/uploads\/2017\/05\/img_1731-1-225x300.jpg\" data-large-file=\"http:\/\/imkerei-watermeyer.de\/wp-content\/uploads\/2017\/05\/img_1731-1-768x1024.jpg\" decoding=\"async\" loading=\"lazy\" src=\"http:\/\/imkerei-watermeyer.de\/wp-content\/uploads\/2017\/05\/img_1731-1.jpg\" alt=\"\" width=\"3024\" height=\"4032\" class=\"alignnone size-full wp-image-399\" srcset=\"http:\/\/imkerei-watermeyer.de\/wp-content\/uploads\/2017\/05\/img_1731-1.jpg 3024w, http:\/\/imkerei-watermeyer.de\/wp-content\/uploads\/2017\/05\/img_1731-1-225x300.jpg 225w, http:\/\/imkerei-watermeyer.de\/wp-content\/uploads\/2017\/05\/img_1731-1-768x1024.jpg 768w\" sizes=\"(max-width: 3024px) 100vw, 3024px\" \/><\/a><a href=\"http:\/\/imkerei-watermeyer.de\/wp-content\/uploads\/2017\/05\/img_1730.jpg\"><img data-attachment-id=\"400\" data-permalink=\"http:\/\/imkerei-watermeyer.de\/?attachment_id=400\" data-orig-file=\"http:\/\/imkerei-watermeyer.de\/wp-content\/uploads\/2017\/05\/img_1730.jpg\" data-orig-size=\"3024,4032\" data-comments-opened=\"1\" data-image-meta=\"{&quot;aperture&quot;:&quot;1.8&quot;,&quot;credit&quot;:&quot;&quot;,&quot;camera&quot;:&quot;iPhone 7&quot;,&quot;caption&quot;:&quot;&quot;,&quot;created_timestamp&quot;:&quot;1495362362&quot;,&quot;copyright&quot;:&quot;&quot;,&quot;focal_length&quot;:&quot;3.99&quot;,&quot;iso&quot;:&quot;20&quot;,&quot;shutter_speed&quot;:&quot;0.0013157894736842&quot;,&quot;title&quot;:&quot;&quot;,&quot;orientation&quot;:&quot;1&quot;}\" data-image-title=\"img_1730.jpg\" data-image-description=\"\" data-image-caption=\"\" data-medium-file=\"http:\/\/imkerei-watermeyer.de\/wp-content\/uploads\/2017\/05\/img_1730-225x300.jpg\" data-large-file=\"http:\/\/imkerei-watermeyer.de\/wp-content\/uploads\/2017\/05\/img_1730-768x1024.jpg\" decoding=\"async\" loading=\"lazy\" src=\"http:\/\/imkerei-watermeyer.de\/wp-content\/uploads\/2017\/05\/img_1730.jpg\" alt=\"\" width=\"3024\" height=\"4032\" class=\"alignnone size-full wp-image-400\" srcset=\"http:\/\/imkerei-watermeyer.de\/wp-content\/uploads\/2017\/05\/img_1730.jpg 3024w, http:\/\/imkerei-watermeyer.de\/wp-content\/uploads\/2017\/05\/img_1730-225x300.jpg 225w, http:\/\/imkerei-watermeyer.de\/wp-content\/uploads\/2017\/05\/img_1730-768x1024.jpg 768w\" sizes=\"(max-width: 3024px) 100vw, 3024px\" \/><\/a><a href=\"http:\/\/imkerei-watermeyer.de\/wp-content\/uploads\/2017\/05\/img_1728.jpg\"><img data-attachment-id=\"402\" data-permalink=\"http:\/\/imkerei-watermeyer.de\/?attachment_id=402\" data-orig-file=\"http:\/\/imkerei-watermeyer.de\/wp-content\/uploads\/2017\/05\/img_1728.jpg\" data-orig-size=\"3024,4032\" data-comments-opened=\"1\" data-image-meta=\"{&quot;aperture&quot;:&quot;1.8&quot;,&quot;credit&quot;:&quot;&quot;,&quot;camera&quot;:&quot;iPhone 7&quot;,&quot;caption&quot;:&quot;&quot;,&quot;created_timestamp&quot;:&quot;1495362357&quot;,&quot;copyright&quot;:&quot;&quot;,&quot;focal_length&quot;:&quot;3.99&quot;,&quot;iso&quot;:&quot;20&quot;,&quot;shutter_speed&quot;:&quot;0.0010548523206751&quot;,&quot;title&quot;:&quot;&quot;,&quot;orientation&quot;:&quot;1&quot;}\" data-image-title=\"img_1728.jpg\" data-image-description=\"\" data-image-caption=\"\" data-medium-file=\"http:\/\/imkerei-watermeyer.de\/wp-content\/uploads\/2017\/05\/img_1728-225x300.jpg\" data-large-file=\"http:\/\/imkerei-watermeyer.de\/wp-content\/uploads\/2017\/05\/img_1728-768x1024.jpg\" decoding=\"async\" loading=\"lazy\" src=\"http:\/\/imkerei-watermeyer.de\/wp-content\/uploads\/2017\/05\/img_1728.jpg\" alt=\"\" width=\"3024\" height=\"4032\" class=\"alignnone size-full wp-image-402\" srcset=\"http:\/\/imkerei-watermeyer.de\/wp-content\/uploads\/2017\/05\/img_1728.jpg 3024w, http:\/\/imkerei-watermeyer.de\/wp-content\/uploads\/2017\/05\/img_1728-225x300.jpg 225w, http:\/\/imkerei-watermeyer.de\/wp-content\/uploads\/2017\/05\/img_1728-768x1024.jpg 768w\" sizes=\"(max-width: 3024px) 100vw, 3024px\" \/><\/a><a href=\"http:\/\/imkerei-watermeyer.de\/wp-content\/uploads\/2017\/05\/img_1727.jpg\"><img data-attachment-id=\"401\" data-permalink=\"http:\/\/imkerei-watermeyer.de\/?attachment_id=401\" data-orig-file=\"http:\/\/imkerei-watermeyer.de\/wp-content\/uploads\/2017\/05\/img_1727.jpg\" data-orig-size=\"3024,4032\" data-comments-opened=\"1\" data-image-meta=\"{&quot;aperture&quot;:&quot;1.8&quot;,&quot;credit&quot;:&quot;&quot;,&quot;camera&quot;:&quot;iPhone 7&quot;,&quot;caption&quot;:&quot;&quot;,&quot;created_timestamp&quot;:&quot;1495362352&quot;,&quot;copyright&quot;:&quot;&quot;,&quot;focal_length&quot;:&quot;3.99&quot;,&quot;iso&quot;:&quot;20&quot;,&quot;shutter_speed&quot;:&quot;0.00089766606822262&quot;,&quot;title&quot;:&quot;&quot;,&quot;orientation&quot;:&quot;1&quot;}\" data-image-title=\"img_1727.jpg\" data-image-description=\"\" data-image-caption=\"\" data-medium-file=\"http:\/\/imkerei-watermeyer.de\/wp-content\/uploads\/2017\/05\/img_1727-225x300.jpg\" data-large-file=\"http:\/\/imkerei-watermeyer.de\/wp-content\/uploads\/2017\/05\/img_1727-768x1024.jpg\" decoding=\"async\" loading=\"lazy\" src=\"http:\/\/imkerei-watermeyer.de\/wp-content\/uploads\/2017\/05\/img_1727.jpg\" alt=\"\" width=\"3024\" height=\"4032\" class=\"alignnone size-full wp-image-401\" srcset=\"http:\/\/imkerei-watermeyer.de\/wp-content\/uploads\/2017\/05\/img_1727.jpg 3024w, http:\/\/imkerei-watermeyer.de\/wp-content\/uploads\/2017\/05\/img_1727-225x300.jpg 225w, http:\/\/imkerei-watermeyer.de\/wp-content\/uploads\/2017\/05\/img_1727-768x1024.jpg 768w\" sizes=\"(max-width: 3024px) 100vw, 3024px\" \/><\/a><\/p>\n","protected":false},"excerpt":{"rendered":"<p>Wenn der Schnittlauch bl\u00fchen darf, sind seine Bl\u00fcten ein gro\u00dfer Magnet f\u00fcr die Bienen! Es w\u00e4re also sehr sch\u00f6n, wenn ihr in euren Kr\u00e4uterg\u00e4rten den Schnittlauch ruhig einmal bis zur Bl\u00fcte kommen lassen w\u00fcrdet! Dann das Gesumme und Gebrumme anschauen zu k\u00f6nnen, lohnt sich! Hier ein paar Bilder zum Beweis, [&hellip;]<\/p>\n","protected":false},"author":1,"featured_media":398,"comment_status":"open","ping_status":"open","sticky":false,"template":"","format":"standard","meta":{"jetpack_post_was_ever_published":false,"_jetpack_newsletter_access":"","jetpack_publicize_message":"","jetpack_is_tweetstorm":false,"jetpack_publicize_feature_enabled":true,"jetpack_social_post_already_shared":false,"jetpack_social_options":{"image_generator_settings":{"template":"highway","enabled":false}}},"categories":[2,3],"tags":[29,17,66],"jetpack_publicize_connections":[],"jetpack_featured_media_url":"http:\/\/imkerei-watermeyer.de\/wp-content\/uploads\/2017\/05\/img_1731.jpg","jetpack_sharing_enabled":true,"jetpack_shortlink":"https:\/\/wp.me\/p9uDaz-6v","jetpack_likes_enabled":true,"jetpack-related-posts":[{"id":78,"url":"http:\/\/imkerei-watermeyer.de\/?p=78","url_meta":{"origin":403,"position":0},"title":"L\u00f6wenzahn","author":"Homeraner","date":"April 28, 2015","format":false,"excerpt":"Es ist doch immer wieder sch\u00f6n, wenn der L\u00f6wenzahn irgendwo doch bl\u00fchen darf und nicht dem Spritzmittel oder dem Rasenm\u00e4her zum Opfer f\u00e4llt. Gerade jetzt im Fr\u00fchjahr ist er ein wichtiger Nektar- und Pollenlieferant f\u00fcr die Bienen.","rel":"","context":"\u00c4hnlicher Beitrag","block_context":{"text":"\u00c4hnlicher Beitrag","link":""},"img":{"alt_text":"","src":"https:\/\/i0.wp.com\/imkerei-watermeyer.de\/wp-content\/uploads\/2015\/04\/cropped-PICT1159-220x300.jpg?resize=350%2C200","width":350,"height":200},"classes":[]},{"id":501,"url":"http:\/\/imkerei-watermeyer.de\/?p=501","url_meta":{"origin":403,"position":1},"title":"1. richtig warme Fr\u00fchlingstag","author":"Homeraner","date":"April 17, 2018","format":false,"excerpt":"Heute ist hier im Teutoburger Wald der erste richtig warme Fr\u00fchlingstag mit Temperaturen \u00fcber 20 Grad Celsius. Nicht nur wir Menschen haben das Bed\u00fcrfnis, bei dem warmen Wetter m\u00f6glichst viel Zeit drau\u00dfen zu verbringen. Auch die Bienen zieht es aus dem Stock raus und flei\u00dfig werden Pollen und Nektar gesammelt.\u2026","rel":"","context":"In &quot;Bienenbilder&quot;","block_context":{"text":"Bienenbilder","link":"http:\/\/imkerei-watermeyer.de\/?cat=2"},"img":{"alt_text":"","src":"https:\/\/i0.wp.com\/imkerei-watermeyer.de\/wp-content\/uploads\/2018\/04\/img_0740.jpg?resize=350%2C200","width":350,"height":200,"srcset":"https:\/\/i0.wp.com\/imkerei-watermeyer.de\/wp-content\/uploads\/2018\/04\/img_0740.jpg?resize=350%2C200 1x, https:\/\/i0.wp.com\/imkerei-watermeyer.de\/wp-content\/uploads\/2018\/04\/img_0740.jpg?resize=700%2C400 2x, https:\/\/i0.wp.com\/imkerei-watermeyer.de\/wp-content\/uploads\/2018\/04\/img_0740.jpg?resize=1050%2C600 3x, https:\/\/i0.wp.com\/imkerei-watermeyer.de\/wp-content\/uploads\/2018\/04\/img_0740.jpg?resize=1400%2C800 4x"},"classes":[]},{"id":328,"url":"http:\/\/imkerei-watermeyer.de\/?p=328","url_meta":{"origin":403,"position":2},"title":"Lindenbl\u00fcte","author":"Homeraner","date":"Juni 30, 2016","format":false,"excerpt":"Derzeit steht eine der wichtigsten Trachtpflanzen f\u00fcr die Bienen in voller Bl\u00fcte. Die Linde. Das folgende Bild habe ich an der A2 an der Rastst\u00e4tte Bottrop aufgenommen als endlich mal wieder die Sonne raus kam. Reiner Lindenhonig aus dem Nektar der Bl\u00fcten ist ein sehr heller, kaum kristallisierender Honig und\u2026","rel":"","context":"In &quot;Bienenbilder&quot;","block_context":{"text":"Bienenbilder","link":"http:\/\/imkerei-watermeyer.de\/?cat=2"},"img":{"alt_text":"","src":"https:\/\/i0.wp.com\/imkerei-watermeyer.de\/wp-content\/uploads\/2016\/06\/img_1337.jpg?resize=350%2C200","width":350,"height":200,"srcset":"https:\/\/i0.wp.com\/imkerei-watermeyer.de\/wp-content\/uploads\/2016\/06\/img_1337.jpg?resize=350%2C200 1x, https:\/\/i0.wp.com\/imkerei-watermeyer.de\/wp-content\/uploads\/2016\/06\/img_1337.jpg?resize=700%2C400 2x, https:\/\/i0.wp.com\/imkerei-watermeyer.de\/wp-content\/uploads\/2016\/06\/img_1337.jpg?resize=1050%2C600 3x, https:\/\/i0.wp.com\/imkerei-watermeyer.de\/wp-content\/uploads\/2016\/06\/img_1337.jpg?resize=1400%2C800 4x"},"classes":[]},{"id":115,"url":"http:\/\/imkerei-watermeyer.de\/?p=115","url_meta":{"origin":403,"position":3},"title":"Best\u00e4ubte Best\u00e4uberin","author":"Homeraner","date":"Mai 1, 2015","format":false,"excerpt":"Ich habe heute die feiert\u00e4gliche Mittagsruhe genutzt und bin in unserem Garten auf Fotopirsch gegangen. Der dort bl\u00fchende Garten ist derzeit Zielgebiet unserer Bienen. Dort sammeln die flei\u00dfigen Flugbienen reichlich Nektar und die auf dem\u00a0Bild zu sehende Biene Pollen. Bei den beiden Aufnahmen kann man ziemlich gut die sogenannten Pollenh\u00f6schen\u2026","rel":"","context":"In &quot;Anatomie der Biene&quot;","block_context":{"text":"Anatomie der Biene","link":"http:\/\/imkerei-watermeyer.de\/?cat=11"},"img":{"alt_text":"","src":"https:\/\/i0.wp.com\/imkerei-watermeyer.de\/wp-content\/uploads\/2015\/05\/PICT1259-300x225.jpg?resize=350%2C200","width":350,"height":200},"classes":[]},{"id":213,"url":"http:\/\/imkerei-watermeyer.de\/?p=213","url_meta":{"origin":403,"position":4},"title":"Die Sonne(nblume) lacht","author":"Homeraner","date":"August 13, 2015","format":false,"excerpt":"\u00dcblicherweise werden die Bienen nach der letzten Ernte im Juli f\u00fcr den Winter vorbereitet. Das hei\u00dft, dass die Bienenv\u00f6lker nach der Lindenbl\u00fcte mit Ameisens\u00e4ure gegen die Varroamilbe behandelt werden und ihr Winterfutter als Ausgleich f\u00fcr den entnommenen Honig bekommen. Bei unseren V\u00f6lkern bei uns zuhause warten wir allerdings noch aus\u2026","rel":"","context":"In &quot;Bienenbilder&quot;","block_context":{"text":"Bienenbilder","link":"http:\/\/imkerei-watermeyer.de\/?cat=2"},"img":{"alt_text":"","src":"https:\/\/i0.wp.com\/imkerei-watermeyer.de\/wp-content\/uploads\/2015\/08\/IMG_4103-0.jpg?resize=350%2C200","width":350,"height":200,"srcset":"https:\/\/i0.wp.com\/imkerei-watermeyer.de\/wp-content\/uploads\/2015\/08\/IMG_4103-0.jpg?resize=350%2C200 1x, https:\/\/i0.wp.com\/imkerei-watermeyer.de\/wp-content\/uploads\/2015\/08\/IMG_4103-0.jpg?resize=700%2C400 2x, https:\/\/i0.wp.com\/imkerei-watermeyer.de\/wp-content\/uploads\/2015\/08\/IMG_4103-0.jpg?resize=1050%2C600 3x, https:\/\/i0.wp.com\/imkerei-watermeyer.de\/wp-content\/uploads\/2015\/08\/IMG_4103-0.jpg?resize=1400%2C800 4x"},"classes":[]},{"id":429,"url":"http:\/\/imkerei-watermeyer.de\/?p=429","url_meta":{"origin":403,"position":5},"title":"Naturzoo Rheine","author":"Homeraner","date":"Juli 10, 2017","format":false,"excerpt":"Der Naturzoo in Rheine bietet neben liebevoll hergerichteten Tiergehegen herrliche Gr\u00fcnanlagen mit wunderbaren Stauden- und Blumenbeeten f\u00fcr Schmetterlinge, Bienen und jede Menge anderer Insekten. Wenn man sich etwas Zeit nimmt und an einem dieser vielen Beete f\u00fcr einen Moment verweilt, kann man wie wir bei unserem Sonntagsausflug dem emsigen Treiben\u2026","rel":"","context":"In &quot;Bienenbilder&quot;","block_context":{"text":"Bienenbilder","link":"http:\/\/imkerei-watermeyer.de\/?cat=2"},"img":{"alt_text":"","src":"https:\/\/i0.wp.com\/imkerei-watermeyer.de\/wp-content\/uploads\/2017\/07\/img_2770.jpg?resize=350%2C200","width":350,"height":200,"srcset":"https:\/\/i0.wp.com\/imkerei-watermeyer.de\/wp-content\/uploads\/2017\/07\/img_2770.jpg?resize=350%2C200 1x, https:\/\/i0.wp.com\/imkerei-watermeyer.de\/wp-content\/uploads\/2017\/07\/img_2770.jpg?resize=700%2C400 2x, https:\/\/i0.wp.com\/imkerei-watermeyer.de\/wp-content\/uploads\/2017\/07\/img_2770.jpg?resize=1050%2C600 3x, https:\/\/i0.wp.com\/imkerei-watermeyer.de\/wp-content\/uploads\/2017\/07\/img_2770.jpg?resize=1400%2C800 4x"},"classes":[]}],"_links":{"self":[{"href":"http:\/\/imkerei-watermeyer.de\/index.php?rest_route=\/wp\/v2\/posts\/403"}],"collection":[{"href":"http:\/\/imkerei-watermeyer.de\/index.php?rest_route=\/wp\/v2\/posts"}],"about":[{"href":"http:\/\/imkerei-watermeyer.de\/index.php?rest_route=\/wp\/v2\/types\/post"}],"author":[{"embeddable":true,"href":"http:\/\/imkerei-watermeyer.de\/index.php?rest_route=\/wp\/v2\/users\/1"}],"replies":[{"embeddable":true,"href":"http:\/\/imkerei-watermeyer.de\/index.php?rest_route=%2Fwp%2Fv2%2Fcomments&post=403"}],"version-history":[{"count":1,"href":"http:\/\/imkerei-watermeyer.de\/index.php?rest_route=\/wp\/v2\/posts\/403\/revisions"}],"predecessor-version":[{"id":404,"href":"http:\/\/imkerei-watermeyer.de\/index.php?rest_route=\/wp\/v2\/posts\/403\/revisions\/404"}],"wp:featuredmedia":[{"embeddable":true,"href":"http:\/\/imkerei-watermeyer.de\/index.php?rest_route=\/wp\/v2\/media\/398"}],"wp:attachment":[{"href":"http:\/\/imkerei-watermeyer.de\/index.php?rest_route=%2Fwp%2Fv2%2Fmedia&parent=403"}],"wp:term":[{"taxonomy":"category","embeddable":true,"href":"http:\/\/imkerei-watermeyer.de\/index.php?rest_route=%2Fwp%2Fv2%2Fcategories&post=403"},{"taxonomy":"post_tag","embeddable":true,"href":"http:\/\/imkerei-watermeyer.de\/index.php?rest_route=%2Fwp%2Fv2%2Ftags&post=403"}],"curies":[{"name":"wp","href":"https:\/\/api.w.org\/{rel}","templated":true}]}}