{"id":378,"date":"2017-05-07T04:05:51","date_gmt":"2017-05-07T04:05:51","guid":{"rendered":"http:\/\/imkerei-watermeyer.de\/?p=378"},"modified":"2017-05-04T04:11:40","modified_gmt":"2017-05-04T04:11:40","slug":"erfolgreich-bestaeubt","status":"publish","type":"post","link":"http:\/\/imkerei-watermeyer.de\/?p=378","title":{"rendered":"Erfolgreich best\u00e4ubt"},"content":{"rendered":"<p>Kurz vor Ostern war ich in unserem Garten auf Fotosafari und hatte Fotos von den Bl\u00fcten an den Beerenstr\u00e4uchern und den Birnenb\u00e4umchen gemacht.<\/p>\n<p><div id=\"attachment_373\" style=\"width: 3034px\" class=\"wp-caption alignnone\"><a href=\"http:\/\/imkerei-watermeyer.de\/wp-content\/uploads\/2017\/05\/img_0513.jpg\"><img aria-describedby=\"caption-attachment-373\" data-attachment-id=\"373\" data-permalink=\"http:\/\/imkerei-watermeyer.de\/?attachment_id=373\" data-orig-file=\"http:\/\/imkerei-watermeyer.de\/wp-content\/uploads\/2017\/05\/img_0513.jpg\" data-orig-size=\"3024,4032\" data-comments-opened=\"1\" data-image-meta=\"{&quot;aperture&quot;:&quot;1.8&quot;,&quot;credit&quot;:&quot;&quot;,&quot;camera&quot;:&quot;iPhone 7&quot;,&quot;caption&quot;:&quot;&quot;,&quot;created_timestamp&quot;:&quot;1491739946&quot;,&quot;copyright&quot;:&quot;&quot;,&quot;focal_length&quot;:&quot;3.99&quot;,&quot;iso&quot;:&quot;20&quot;,&quot;shutter_speed&quot;:&quot;0.00060606060606061&quot;,&quot;title&quot;:&quot;&quot;,&quot;orientation&quot;:&quot;1&quot;}\" data-image-title=\"img_0513.jpg\" data-image-description=\"\" data-image-caption=\"\" data-medium-file=\"http:\/\/imkerei-watermeyer.de\/wp-content\/uploads\/2017\/05\/img_0513-225x300.jpg\" data-large-file=\"http:\/\/imkerei-watermeyer.de\/wp-content\/uploads\/2017\/05\/img_0513-768x1024.jpg\" decoding=\"async\" loading=\"lazy\" width=\"3024\" height=\"4032\" alt=\"\" src=\"http:\/\/imkerei-watermeyer.de\/wp-content\/uploads\/2017\/05\/img_0513.jpg\" title=\"\" class=\"size-full wp-image-373\" srcset=\"http:\/\/imkerei-watermeyer.de\/wp-content\/uploads\/2017\/05\/img_0513.jpg 3024w, http:\/\/imkerei-watermeyer.de\/wp-content\/uploads\/2017\/05\/img_0513-225x300.jpg 225w, http:\/\/imkerei-watermeyer.de\/wp-content\/uploads\/2017\/05\/img_0513-768x1024.jpg 768w\" sizes=\"(max-width: 3024px) 100vw, 3024px\" \/><\/a><p id=\"caption-attachment-373\" class=\"wp-caption-text\">Birne<\/p><\/div><div id=\"attachment_371\" style=\"width: 3034px\" class=\"wp-caption alignnone\"><a href=\"http:\/\/imkerei-watermeyer.de\/wp-content\/uploads\/2017\/05\/img_0506.jpg\"><img aria-describedby=\"caption-attachment-371\" data-attachment-id=\"371\" data-permalink=\"http:\/\/imkerei-watermeyer.de\/?attachment_id=371\" data-orig-file=\"http:\/\/imkerei-watermeyer.de\/wp-content\/uploads\/2017\/05\/img_0506.jpg\" data-orig-size=\"3024,4032\" data-comments-opened=\"1\" data-image-meta=\"{&quot;aperture&quot;:&quot;1.8&quot;,&quot;credit&quot;:&quot;&quot;,&quot;camera&quot;:&quot;iPhone 7&quot;,&quot;caption&quot;:&quot;&quot;,&quot;created_timestamp&quot;:&quot;1491738788&quot;,&quot;copyright&quot;:&quot;&quot;,&quot;focal_length&quot;:&quot;3.99&quot;,&quot;iso&quot;:&quot;20&quot;,&quot;shutter_speed&quot;:&quot;0.0012121212121212&quot;,&quot;title&quot;:&quot;&quot;,&quot;orientation&quot;:&quot;1&quot;}\" data-image-title=\"img_0506.jpg\" data-image-description=\"\" data-image-caption=\"\" data-medium-file=\"http:\/\/imkerei-watermeyer.de\/wp-content\/uploads\/2017\/05\/img_0506-225x300.jpg\" data-large-file=\"http:\/\/imkerei-watermeyer.de\/wp-content\/uploads\/2017\/05\/img_0506-768x1024.jpg\" decoding=\"async\" loading=\"lazy\" width=\"3024\" height=\"4032\" alt=\"\" src=\"http:\/\/imkerei-watermeyer.de\/wp-content\/uploads\/2017\/05\/img_0506.jpg\" title=\"\" class=\"size-full wp-image-371\" srcset=\"http:\/\/imkerei-watermeyer.de\/wp-content\/uploads\/2017\/05\/img_0506.jpg 3024w, http:\/\/imkerei-watermeyer.de\/wp-content\/uploads\/2017\/05\/img_0506-225x300.jpg 225w, http:\/\/imkerei-watermeyer.de\/wp-content\/uploads\/2017\/05\/img_0506-768x1024.jpg 768w\" sizes=\"(max-width: 3024px) 100vw, 3024px\" \/><\/a><p id=\"caption-attachment-371\" class=\"wp-caption-text\">Johannisbeere<\/p><\/div><div id=\"attachment_372\" style=\"width: 3034px\" class=\"wp-caption alignnone\"><a href=\"http:\/\/imkerei-watermeyer.de\/wp-content\/uploads\/2017\/05\/img_0505.jpg\"><img aria-describedby=\"caption-attachment-372\" data-attachment-id=\"372\" data-permalink=\"http:\/\/imkerei-watermeyer.de\/?attachment_id=372\" data-orig-file=\"http:\/\/imkerei-watermeyer.de\/wp-content\/uploads\/2017\/05\/img_0505.jpg\" data-orig-size=\"3024,4032\" data-comments-opened=\"1\" data-image-meta=\"{&quot;aperture&quot;:&quot;1.8&quot;,&quot;credit&quot;:&quot;&quot;,&quot;camera&quot;:&quot;iPhone 7&quot;,&quot;caption&quot;:&quot;&quot;,&quot;created_timestamp&quot;:&quot;1491738783&quot;,&quot;copyright&quot;:&quot;&quot;,&quot;focal_length&quot;:&quot;3.99&quot;,&quot;iso&quot;:&quot;20&quot;,&quot;shutter_speed&quot;:&quot;0.0010341261633919&quot;,&quot;title&quot;:&quot;&quot;,&quot;orientation&quot;:&quot;1&quot;}\" data-image-title=\"img_0505.jpg\" data-image-description=\"\" data-image-caption=\"\" data-medium-file=\"http:\/\/imkerei-watermeyer.de\/wp-content\/uploads\/2017\/05\/img_0505-225x300.jpg\" data-large-file=\"http:\/\/imkerei-watermeyer.de\/wp-content\/uploads\/2017\/05\/img_0505-768x1024.jpg\" decoding=\"async\" loading=\"lazy\" width=\"3024\" height=\"4032\" alt=\"\" src=\"http:\/\/imkerei-watermeyer.de\/wp-content\/uploads\/2017\/05\/img_0505.jpg\" title=\"\" class=\"size-full wp-image-372\" srcset=\"http:\/\/imkerei-watermeyer.de\/wp-content\/uploads\/2017\/05\/img_0505.jpg 3024w, http:\/\/imkerei-watermeyer.de\/wp-content\/uploads\/2017\/05\/img_0505-225x300.jpg 225w, http:\/\/imkerei-watermeyer.de\/wp-content\/uploads\/2017\/05\/img_0505-768x1024.jpg 768w\" sizes=\"(max-width: 3024px) 100vw, 3024px\" \/><\/a><p id=\"caption-attachment-372\" class=\"wp-caption-text\">Johannisbeere<\/p><\/div><div id=\"attachment_374\" style=\"width: 3034px\" class=\"wp-caption alignnone\"><a href=\"http:\/\/imkerei-watermeyer.de\/wp-content\/uploads\/2017\/05\/img_0504.jpg\"><img aria-describedby=\"caption-attachment-374\" data-attachment-id=\"374\" data-permalink=\"http:\/\/imkerei-watermeyer.de\/?attachment_id=374\" data-orig-file=\"http:\/\/imkerei-watermeyer.de\/wp-content\/uploads\/2017\/05\/img_0504.jpg\" data-orig-size=\"3024,4032\" data-comments-opened=\"1\" data-image-meta=\"{&quot;aperture&quot;:&quot;1.8&quot;,&quot;credit&quot;:&quot;&quot;,&quot;camera&quot;:&quot;iPhone 7&quot;,&quot;caption&quot;:&quot;&quot;,&quot;created_timestamp&quot;:&quot;1491738718&quot;,&quot;copyright&quot;:&quot;&quot;,&quot;focal_length&quot;:&quot;3.99&quot;,&quot;iso&quot;:&quot;20&quot;,&quot;shutter_speed&quot;:&quot;0.00093984962406015&quot;,&quot;title&quot;:&quot;&quot;,&quot;orientation&quot;:&quot;1&quot;}\" data-image-title=\"img_0504.jpg\" data-image-description=\"\" data-image-caption=\"\" data-medium-file=\"http:\/\/imkerei-watermeyer.de\/wp-content\/uploads\/2017\/05\/img_0504-225x300.jpg\" data-large-file=\"http:\/\/imkerei-watermeyer.de\/wp-content\/uploads\/2017\/05\/img_0504-768x1024.jpg\" decoding=\"async\" loading=\"lazy\" width=\"3024\" height=\"4032\" alt=\"\" src=\"http:\/\/imkerei-watermeyer.de\/wp-content\/uploads\/2017\/05\/img_0504.jpg\" title=\"\" class=\"size-full wp-image-374\" srcset=\"http:\/\/imkerei-watermeyer.de\/wp-content\/uploads\/2017\/05\/img_0504.jpg 3024w, http:\/\/imkerei-watermeyer.de\/wp-content\/uploads\/2017\/05\/img_0504-225x300.jpg 225w, http:\/\/imkerei-watermeyer.de\/wp-content\/uploads\/2017\/05\/img_0504-768x1024.jpg 768w\" sizes=\"(max-width: 3024px) 100vw, 3024px\" \/><\/a><p id=\"caption-attachment-374\" class=\"wp-caption-text\">Stachelbeere<\/p><\/div><br \/>\nAm 30.4. konnte ich dann bei einem weiteren Rundgang im Garten feststellen, dass erfolgreich best\u00e4ubt wurde ;-)!<\/p>\n<p><div id=\"attachment_377\" style=\"width: 3034px\" class=\"wp-caption alignnone\"><a href=\"http:\/\/imkerei-watermeyer.de\/wp-content\/uploads\/2017\/05\/img_1174.jpg\"><img aria-describedby=\"caption-attachment-377\" data-attachment-id=\"377\" data-permalink=\"http:\/\/imkerei-watermeyer.de\/?attachment_id=377\" data-orig-file=\"http:\/\/imkerei-watermeyer.de\/wp-content\/uploads\/2017\/05\/img_1174.jpg\" data-orig-size=\"3024,4032\" data-comments-opened=\"1\" data-image-meta=\"{&quot;aperture&quot;:&quot;1.8&quot;,&quot;credit&quot;:&quot;&quot;,&quot;camera&quot;:&quot;iPhone 7&quot;,&quot;caption&quot;:&quot;&quot;,&quot;created_timestamp&quot;:&quot;1493488866&quot;,&quot;copyright&quot;:&quot;&quot;,&quot;focal_length&quot;:&quot;3.99&quot;,&quot;iso&quot;:&quot;20&quot;,&quot;shutter_speed&quot;:&quot;0.0050251256281407&quot;,&quot;title&quot;:&quot;&quot;,&quot;orientation&quot;:&quot;1&quot;}\" data-image-title=\"img_1174.jpg\" data-image-description=\"\" data-image-caption=\"\" data-medium-file=\"http:\/\/imkerei-watermeyer.de\/wp-content\/uploads\/2017\/05\/img_1174-225x300.jpg\" data-large-file=\"http:\/\/imkerei-watermeyer.de\/wp-content\/uploads\/2017\/05\/img_1174-768x1024.jpg\" decoding=\"async\" loading=\"lazy\" width=\"3024\" height=\"4032\" alt=\"\" src=\"http:\/\/imkerei-watermeyer.de\/wp-content\/uploads\/2017\/05\/img_1174.jpg\" title=\"\" class=\"size-full wp-image-377\" srcset=\"http:\/\/imkerei-watermeyer.de\/wp-content\/uploads\/2017\/05\/img_1174.jpg 3024w, http:\/\/imkerei-watermeyer.de\/wp-content\/uploads\/2017\/05\/img_1174-225x300.jpg 225w, http:\/\/imkerei-watermeyer.de\/wp-content\/uploads\/2017\/05\/img_1174-768x1024.jpg 768w\" sizes=\"(max-width: 3024px) 100vw, 3024px\" \/><\/a><p id=\"caption-attachment-377\" class=\"wp-caption-text\">Stachelbeeren<\/p><\/div><div id=\"attachment_375\" style=\"width: 2106px\" class=\"wp-caption alignnone\"><a href=\"http:\/\/imkerei-watermeyer.de\/wp-content\/uploads\/2017\/05\/img_1175.jpg\"><img aria-describedby=\"caption-attachment-375\" data-attachment-id=\"375\" data-permalink=\"http:\/\/imkerei-watermeyer.de\/?attachment_id=375\" data-orig-file=\"http:\/\/imkerei-watermeyer.de\/wp-content\/uploads\/2017\/05\/img_1175.jpg\" data-orig-size=\"2096,3724\" data-comments-opened=\"1\" data-image-meta=\"{&quot;aperture&quot;:&quot;0&quot;,&quot;credit&quot;:&quot;&quot;,&quot;camera&quot;:&quot;&quot;,&quot;caption&quot;:&quot;&quot;,&quot;created_timestamp&quot;:&quot;0&quot;,&quot;copyright&quot;:&quot;&quot;,&quot;focal_length&quot;:&quot;0&quot;,&quot;iso&quot;:&quot;0&quot;,&quot;shutter_speed&quot;:&quot;0&quot;,&quot;title&quot;:&quot;&quot;,&quot;orientation&quot;:&quot;1&quot;}\" data-image-title=\"img_1175.jpg\" data-image-description=\"\" data-image-caption=\"\" data-medium-file=\"http:\/\/imkerei-watermeyer.de\/wp-content\/uploads\/2017\/05\/img_1175-169x300.jpg\" data-large-file=\"http:\/\/imkerei-watermeyer.de\/wp-content\/uploads\/2017\/05\/img_1175-576x1024.jpg\" decoding=\"async\" loading=\"lazy\" width=\"2096\" height=\"3724\" alt=\"\" src=\"http:\/\/imkerei-watermeyer.de\/wp-content\/uploads\/2017\/05\/img_1175.jpg\" title=\"\" class=\"size-full wp-image-375\" srcset=\"http:\/\/imkerei-watermeyer.de\/wp-content\/uploads\/2017\/05\/img_1175.jpg 2096w, http:\/\/imkerei-watermeyer.de\/wp-content\/uploads\/2017\/05\/img_1175-169x300.jpg 169w, http:\/\/imkerei-watermeyer.de\/wp-content\/uploads\/2017\/05\/img_1175-768x1365.jpg 768w, http:\/\/imkerei-watermeyer.de\/wp-content\/uploads\/2017\/05\/img_1175-576x1024.jpg 576w\" sizes=\"(max-width: 2096px) 100vw, 2096px\" \/><\/a><p id=\"caption-attachment-375\" class=\"wp-caption-text\">Johannisbeeren<\/p><\/div><div id=\"attachment_376\" style=\"width: 2106px\" class=\"wp-caption alignnone\"><a href=\"http:\/\/imkerei-watermeyer.de\/wp-content\/uploads\/2017\/05\/img_1176.jpg\"><img aria-describedby=\"caption-attachment-376\" data-attachment-id=\"376\" data-permalink=\"http:\/\/imkerei-watermeyer.de\/?attachment_id=376\" data-orig-file=\"http:\/\/imkerei-watermeyer.de\/wp-content\/uploads\/2017\/05\/img_1176.jpg\" data-orig-size=\"2096,3724\" data-comments-opened=\"1\" data-image-meta=\"{&quot;aperture&quot;:&quot;0&quot;,&quot;credit&quot;:&quot;&quot;,&quot;camera&quot;:&quot;&quot;,&quot;caption&quot;:&quot;&quot;,&quot;created_timestamp&quot;:&quot;0&quot;,&quot;copyright&quot;:&quot;&quot;,&quot;focal_length&quot;:&quot;0&quot;,&quot;iso&quot;:&quot;0&quot;,&quot;shutter_speed&quot;:&quot;0&quot;,&quot;title&quot;:&quot;&quot;,&quot;orientation&quot;:&quot;1&quot;}\" data-image-title=\"img_1176.jpg\" data-image-description=\"\" data-image-caption=\"\" data-medium-file=\"http:\/\/imkerei-watermeyer.de\/wp-content\/uploads\/2017\/05\/img_1176-169x300.jpg\" data-large-file=\"http:\/\/imkerei-watermeyer.de\/wp-content\/uploads\/2017\/05\/img_1176-576x1024.jpg\" decoding=\"async\" loading=\"lazy\" width=\"2096\" height=\"3724\" alt=\"\" src=\"http:\/\/imkerei-watermeyer.de\/wp-content\/uploads\/2017\/05\/img_1176.jpg\" title=\"\" class=\"size-full wp-image-376\" srcset=\"http:\/\/imkerei-watermeyer.de\/wp-content\/uploads\/2017\/05\/img_1176.jpg 2096w, http:\/\/imkerei-watermeyer.de\/wp-content\/uploads\/2017\/05\/img_1176-169x300.jpg 169w, http:\/\/imkerei-watermeyer.de\/wp-content\/uploads\/2017\/05\/img_1176-768x1365.jpg 768w, http:\/\/imkerei-watermeyer.de\/wp-content\/uploads\/2017\/05\/img_1176-576x1024.jpg 576w\" sizes=\"(max-width: 2096px) 100vw, 2096px\" \/><\/a><p id=\"caption-attachment-376\" class=\"wp-caption-text\">Birne<\/p><\/div><\/p>\n","protected":false},"excerpt":{"rendered":"<p>Kurz vor Ostern war ich in unserem Garten auf Fotosafari und hatte Fotos von den Bl\u00fcten an den Beerenstr\u00e4uchern und den Birnenb\u00e4umchen gemacht. Am 30.4. konnte ich dann bei einem weiteren Rundgang im Garten feststellen, dass erfolgreich best\u00e4ubt wurde ;-)!<\/p>\n","protected":false},"author":1,"featured_media":381,"comment_status":"open","ping_status":"open","sticky":false,"template":"","format":"standard","meta":{"jetpack_post_was_ever_published":false,"_jetpack_newsletter_access":"","jetpack_publicize_message":"","jetpack_is_tweetstorm":false,"jetpack_publicize_feature_enabled":true,"jetpack_social_post_already_shared":false,"jetpack_social_options":{"image_generator_settings":{"template":"highway","enabled":false}}},"categories":[2,3],"tags":[64,63],"jetpack_publicize_connections":[],"jetpack_featured_media_url":"http:\/\/imkerei-watermeyer.de\/wp-content\/uploads\/2017\/05\/img_0513-1.jpg","jetpack_sharing_enabled":true,"jetpack_shortlink":"https:\/\/wp.me\/p9uDaz-66","jetpack_likes_enabled":true,"jetpack-related-posts":[{"id":227,"url":"http:\/\/imkerei-watermeyer.de\/?p=227","url_meta":{"origin":378,"position":0},"title":"Wenn man ihn denn l\u00e4sst,&#8230;","author":"Homeraner","date":"Oktober 25, 2015","format":false,"excerpt":"...bl\u00fcht der Efeu im September\/Oktober. Dann bietet das sonst als lebloses Friedhofskraut bekannte Rankgew\u00e4chs den Bienen eine letzte Nektarnahrung, bevor die lange bl\u00fctenlose Winterzeit beginnt. Da der Efeu aufgrund seines schnellen Wuchses und seiner Verwendung als gr\u00fcne Wand meist Jahr f\u00fcr Jahr zur\u00fcckgeschnitten wird, k\u00f6nnen sich meistens keine Bl\u00fcten bilden.\u2026","rel":"","context":"In &quot;Natur&quot;","block_context":{"text":"Natur","link":"http:\/\/imkerei-watermeyer.de\/?cat=3"},"img":{"alt_text":"","src":"https:\/\/i0.wp.com\/imkerei-watermeyer.de\/wp-content\/uploads\/2015\/10\/IMG_5332-0.jpg?resize=350%2C200","width":350,"height":200,"srcset":"https:\/\/i0.wp.com\/imkerei-watermeyer.de\/wp-content\/uploads\/2015\/10\/IMG_5332-0.jpg?resize=350%2C200 1x, https:\/\/i0.wp.com\/imkerei-watermeyer.de\/wp-content\/uploads\/2015\/10\/IMG_5332-0.jpg?resize=700%2C400 2x, https:\/\/i0.wp.com\/imkerei-watermeyer.de\/wp-content\/uploads\/2015\/10\/IMG_5332-0.jpg?resize=1050%2C600 3x, https:\/\/i0.wp.com\/imkerei-watermeyer.de\/wp-content\/uploads\/2015\/10\/IMG_5332-0.jpg?resize=1400%2C800 4x"},"classes":[]},{"id":328,"url":"http:\/\/imkerei-watermeyer.de\/?p=328","url_meta":{"origin":378,"position":1},"title":"Lindenbl\u00fcte","author":"Homeraner","date":"Juni 30, 2016","format":false,"excerpt":"Derzeit steht eine der wichtigsten Trachtpflanzen f\u00fcr die Bienen in voller Bl\u00fcte. Die Linde. Das folgende Bild habe ich an der A2 an der Rastst\u00e4tte Bottrop aufgenommen als endlich mal wieder die Sonne raus kam. Reiner Lindenhonig aus dem Nektar der Bl\u00fcten ist ein sehr heller, kaum kristallisierender Honig und\u2026","rel":"","context":"In &quot;Bienenbilder&quot;","block_context":{"text":"Bienenbilder","link":"http:\/\/imkerei-watermeyer.de\/?cat=2"},"img":{"alt_text":"","src":"https:\/\/i0.wp.com\/imkerei-watermeyer.de\/wp-content\/uploads\/2016\/06\/img_1337.jpg?resize=350%2C200","width":350,"height":200,"srcset":"https:\/\/i0.wp.com\/imkerei-watermeyer.de\/wp-content\/uploads\/2016\/06\/img_1337.jpg?resize=350%2C200 1x, https:\/\/i0.wp.com\/imkerei-watermeyer.de\/wp-content\/uploads\/2016\/06\/img_1337.jpg?resize=700%2C400 2x, https:\/\/i0.wp.com\/imkerei-watermeyer.de\/wp-content\/uploads\/2016\/06\/img_1337.jpg?resize=1050%2C600 3x, https:\/\/i0.wp.com\/imkerei-watermeyer.de\/wp-content\/uploads\/2016\/06\/img_1337.jpg?resize=1400%2C800 4x"},"classes":[]},{"id":434,"url":"http:\/\/imkerei-watermeyer.de\/?p=434","url_meta":{"origin":378,"position":2},"title":"Jetzt auch auf YouTube","author":"Homeraner","date":"Juli 12, 2017","format":false,"excerpt":"Da ich hier nicht vern\u00fcnftig Videos hochladen kann, habe ich mir nun ein YouTube-Konto zugelegt, damit ich auch den Leuten ohne Facebook meine Videos zeigen kann. Einfach den folgenden Link klicken und ihr gelangt zum Video: Bienen im Naturzoo Rheine","rel":"","context":"In &quot;Bienenbilder&quot;","block_context":{"text":"Bienenbilder","link":"http:\/\/imkerei-watermeyer.de\/?cat=2"},"img":{"alt_text":"","src":"https:\/\/i0.wp.com\/imkerei-watermeyer.de\/wp-content\/uploads\/2017\/07\/img_3122.jpg?resize=350%2C200","width":350,"height":200,"srcset":"https:\/\/i0.wp.com\/imkerei-watermeyer.de\/wp-content\/uploads\/2017\/07\/img_3122.jpg?resize=350%2C200 1x, https:\/\/i0.wp.com\/imkerei-watermeyer.de\/wp-content\/uploads\/2017\/07\/img_3122.jpg?resize=700%2C400 2x"},"classes":[]},{"id":689,"url":"http:\/\/imkerei-watermeyer.de\/?p=689","url_meta":{"origin":378,"position":3},"title":"Lavendellik\u00f6r","author":"laggenbiene","date":"August 4, 2019","format":false,"excerpt":"Der Lavendel bl\u00fcht - auch auf unserer Terrasse! Das emsige Treiben auf den Bl\u00fctenst\u00e4nden ist herrlich anzusehen. Ich habe mir diese Woche mal ein kreatives Rezept geschnappt zum \"Verwerten\" der duftenden Bl\u00fcten und einen Lavendellik\u00f6r angesetzt. Hier lest ihr \u00fcber das Rezept.","rel":"","context":"In &quot;Getr\u00e4nke&quot;","block_context":{"text":"Getr\u00e4nke","link":"http:\/\/imkerei-watermeyer.de\/?cat=115"},"img":{"alt_text":"","src":"https:\/\/i0.wp.com\/imkerei-watermeyer.de\/wp-content\/uploads\/2019\/08\/dsc00416.jpg?resize=350%2C200","width":350,"height":200,"srcset":"https:\/\/i0.wp.com\/imkerei-watermeyer.de\/wp-content\/uploads\/2019\/08\/dsc00416.jpg?resize=350%2C200 1x, https:\/\/i0.wp.com\/imkerei-watermeyer.de\/wp-content\/uploads\/2019\/08\/dsc00416.jpg?resize=700%2C400 2x, https:\/\/i0.wp.com\/imkerei-watermeyer.de\/wp-content\/uploads\/2019\/08\/dsc00416.jpg?resize=1050%2C600 3x, https:\/\/i0.wp.com\/imkerei-watermeyer.de\/wp-content\/uploads\/2019\/08\/dsc00416.jpg?resize=1400%2C800 4x"},"classes":[]},{"id":403,"url":"http:\/\/imkerei-watermeyer.de\/?p=403","url_meta":{"origin":378,"position":4},"title":"Wenn der Schnittlauch bl\u00fchen darf","author":"Homeraner","date":"Mai 21, 2017","format":false,"excerpt":"Wenn der Schnittlauch bl\u00fchen darf, sind seine Bl\u00fcten ein gro\u00dfer Magnet f\u00fcr die Bienen! Es w\u00e4re also sehr sch\u00f6n, wenn ihr in euren Kr\u00e4uterg\u00e4rten den Schnittlauch ruhig einmal bis zur Bl\u00fcte kommen lassen w\u00fcrdet! Dann das Gesumme und Gebrumme anschauen zu k\u00f6nnen, lohnt sich! Hier ein paar Bilder zum Beweis,\u2026","rel":"","context":"In &quot;Bienenbilder&quot;","block_context":{"text":"Bienenbilder","link":"http:\/\/imkerei-watermeyer.de\/?cat=2"},"img":{"alt_text":"","src":"https:\/\/i0.wp.com\/imkerei-watermeyer.de\/wp-content\/uploads\/2017\/05\/img_1731.jpg?resize=350%2C200","width":350,"height":200,"srcset":"https:\/\/i0.wp.com\/imkerei-watermeyer.de\/wp-content\/uploads\/2017\/05\/img_1731.jpg?resize=350%2C200 1x, https:\/\/i0.wp.com\/imkerei-watermeyer.de\/wp-content\/uploads\/2017\/05\/img_1731.jpg?resize=700%2C400 2x, https:\/\/i0.wp.com\/imkerei-watermeyer.de\/wp-content\/uploads\/2017\/05\/img_1731.jpg?resize=1050%2C600 3x, https:\/\/i0.wp.com\/imkerei-watermeyer.de\/wp-content\/uploads\/2017\/05\/img_1731.jpg?resize=1400%2C800 4x"},"classes":[]},{"id":334,"url":"http:\/\/imkerei-watermeyer.de\/?p=334","url_meta":{"origin":378,"position":5},"title":"Die erste Bl\u00fcte","author":"Homeraner","date":"August 9, 2016","format":false,"excerpt":"Nachdem wir vor 5 Jahren zweij\u00e4hrige Pflanzen gekauft haben, bl\u00fcht nun die erste samthaarige Stinkesche in unserem Garten. Der lateinische Name lautet Euodia hupehensis. So weit so gut. Die eigentliche Bedeutung f\u00fcr uns Imker zeigt aber die viel nettere Bezeichnung dieser Pflanze - Bienenbaum! Der Bienenbaum bl\u00fcht je nach Sorte\u2026","rel":"","context":"In &quot;Natur&quot;","block_context":{"text":"Natur","link":"http:\/\/imkerei-watermeyer.de\/?cat=3"},"img":{"alt_text":"","src":"https:\/\/i0.wp.com\/imkerei-watermeyer.de\/wp-content\/uploads\/2016\/08\/img_2505.jpg?resize=350%2C200","width":350,"height":200,"srcset":"https:\/\/i0.wp.com\/imkerei-watermeyer.de\/wp-content\/uploads\/2016\/08\/img_2505.jpg?resize=350%2C200 1x, https:\/\/i0.wp.com\/imkerei-watermeyer.de\/wp-content\/uploads\/2016\/08\/img_2505.jpg?resize=700%2C400 2x, https:\/\/i0.wp.com\/imkerei-watermeyer.de\/wp-content\/uploads\/2016\/08\/img_2505.jpg?resize=1050%2C600 3x, https:\/\/i0.wp.com\/imkerei-watermeyer.de\/wp-content\/uploads\/2016\/08\/img_2505.jpg?resize=1400%2C800 4x"},"classes":[]}],"_links":{"self":[{"href":"http:\/\/imkerei-watermeyer.de\/index.php?rest_route=\/wp\/v2\/posts\/378"}],"collection":[{"href":"http:\/\/imkerei-watermeyer.de\/index.php?rest_route=\/wp\/v2\/posts"}],"about":[{"href":"http:\/\/imkerei-watermeyer.de\/index.php?rest_route=\/wp\/v2\/types\/post"}],"author":[{"embeddable":true,"href":"http:\/\/imkerei-watermeyer.de\/index.php?rest_route=\/wp\/v2\/users\/1"}],"replies":[{"embeddable":true,"href":"http:\/\/imkerei-watermeyer.de\/index.php?rest_route=%2Fwp%2Fv2%2Fcomments&post=378"}],"version-history":[{"count":2,"href":"http:\/\/imkerei-watermeyer.de\/index.php?rest_route=\/wp\/v2\/posts\/378\/revisions"}],"predecessor-version":[{"id":382,"href":"http:\/\/imkerei-watermeyer.de\/index.php?rest_route=\/wp\/v2\/posts\/378\/revisions\/382"}],"wp:featuredmedia":[{"embeddable":true,"href":"http:\/\/imkerei-watermeyer.de\/index.php?rest_route=\/wp\/v2\/media\/381"}],"wp:attachment":[{"href":"http:\/\/imkerei-watermeyer.de\/index.php?rest_route=%2Fwp%2Fv2%2Fmedia&parent=378"}],"wp:term":[{"taxonomy":"category","embeddable":true,"href":"http:\/\/imkerei-watermeyer.de\/index.php?rest_route=%2Fwp%2Fv2%2Fcategories&post=378"},{"taxonomy":"post_tag","embeddable":true,"href":"http:\/\/imkerei-watermeyer.de\/index.php?rest_route=%2Fwp%2Fv2%2Ftags&post=378"}],"curies":[{"name":"wp","href":"https:\/\/api.w.org\/{rel}","templated":true}]}}