{"id":369,"date":"2017-05-03T16:40:22","date_gmt":"2017-05-03T16:40:22","guid":{"rendered":"http:\/\/imkerei-watermeyer.de\/?p=369"},"modified":"2017-05-03T16:40:22","modified_gmt":"2017-05-03T16:40:22","slug":"futterkranzprobe","status":"publish","type":"post","link":"http:\/\/imkerei-watermeyer.de\/?p=369","title":{"rendered":"Futterkranzprobe\u00a0"},"content":{"rendered":"<p>Da ich in diesem Jahr einen Teil meiner Bienenv\u00f6lker aus dem Kreis Borken heraus bewegen werde, bin ich gerade dabei, die daf\u00fcr erforderlichen Unterlagen zusammenzustellen.<br \/>\nAls ersten Schritt hat ein Bienensachverst\u00e4ndiger eine sogenannte Futterkranzprobe aus meinen Bienenv\u00f6lkern gezogen. Bei dieser werden mindestens 50g Futterwaben inklusive eingetragenem Honig aus dem Randbereich der Futterwaben entnommen.<br \/>\nDiese entnommene Probe wird nun zu einem zertifizierten Institut geschickt, welches diese auf die Sporen der amerikanischen Faulbrut untersuchen wird.<br \/>\nSollte bei dieser Untersuchung keine Sporen festgestellt werden, kann ich damit zum zust\u00e4ndigen Veterin\u00e4ramt gehen und ein Gesundheitszeugnis f\u00fcr meinen Bienenstand beantragen. Sollten Sporen nachgewiesen werden, wird das Ergebnis direkt vom Institut an den zust\u00e4ndigen Veterin\u00e4r gemeldet!<br \/>\nAus diesem Grund muss die entsprechende Veterin\u00e4rsamtsnummer von mir bei der eingesendeten Probe mit angegeben werden.<br \/>\nDas Gesundheitszeugnis ist Pflicht, wenn man als Imker die Grenzen des eigenen Veterin\u00e4ramtsbezirkes &#8211; in meinem Fall die des Landkreises Borken &#8211; verlassen m\u00f6chte.<br \/>\nAufgrund von Seuchen wie der Faulbrut ist es auch so wichtig, dass die Bienenst\u00e4nde ordnungsgem\u00e4\u00df bei der Tierseuchenkasse gemeldet sind!<\/p>\n<div id=\"attachment_367\" style=\"width: 3734px\" class=\"wp-caption alignnone\"><a href=\"http:\/\/imkerei-watermeyer.de\/wp-content\/uploads\/2017\/05\/img_1211-3.jpg\"><img aria-describedby=\"caption-attachment-367\" data-attachment-id=\"367\" data-permalink=\"http:\/\/imkerei-watermeyer.de\/?attachment_id=367\" data-orig-file=\"http:\/\/imkerei-watermeyer.de\/wp-content\/uploads\/2017\/05\/img_1211-3.jpg\" data-orig-size=\"3724,2096\" data-comments-opened=\"1\" data-image-meta=\"{&quot;aperture&quot;:&quot;0&quot;,&quot;credit&quot;:&quot;&quot;,&quot;camera&quot;:&quot;&quot;,&quot;caption&quot;:&quot;&quot;,&quot;created_timestamp&quot;:&quot;0&quot;,&quot;copyright&quot;:&quot;&quot;,&quot;focal_length&quot;:&quot;0&quot;,&quot;iso&quot;:&quot;0&quot;,&quot;shutter_speed&quot;:&quot;0&quot;,&quot;title&quot;:&quot;&quot;,&quot;orientation&quot;:&quot;1&quot;}\" data-image-title=\"img_1211-3.jpg\" data-image-description=\"\" data-image-caption=\"\" data-medium-file=\"http:\/\/imkerei-watermeyer.de\/wp-content\/uploads\/2017\/05\/img_1211-3-300x169.jpg\" data-large-file=\"http:\/\/imkerei-watermeyer.de\/wp-content\/uploads\/2017\/05\/img_1211-3-1024x576.jpg\" decoding=\"async\" loading=\"lazy\" width=\"3724\" height=\"2096\" alt=\"\" src=\"http:\/\/imkerei-watermeyer.de\/wp-content\/uploads\/2017\/05\/img_1211-3.jpg\" title=\"\" class=\"size-full wp-image-367\" srcset=\"http:\/\/imkerei-watermeyer.de\/wp-content\/uploads\/2017\/05\/img_1211-3.jpg 3724w, http:\/\/imkerei-watermeyer.de\/wp-content\/uploads\/2017\/05\/img_1211-3-300x169.jpg 300w, http:\/\/imkerei-watermeyer.de\/wp-content\/uploads\/2017\/05\/img_1211-3-768x432.jpg 768w, http:\/\/imkerei-watermeyer.de\/wp-content\/uploads\/2017\/05\/img_1211-3-1024x576.jpg 1024w\" sizes=\"(max-width: 3724px) 100vw, 3724px\" \/><\/a><p id=\"caption-attachment-367\" class=\"wp-caption-text\">Bienenflug am Flugloch<\/p><\/div>\n","protected":false},"excerpt":{"rendered":"<p>Da ich in diesem Jahr einen Teil meiner Bienenv\u00f6lker aus dem Kreis Borken heraus bewegen werde, bin ich gerade dabei, die daf\u00fcr erforderlichen Unterlagen zusammenzustellen. Als ersten Schritt hat ein Bienensachverst\u00e4ndiger eine sogenannte Futterkranzprobe aus meinen Bienenv\u00f6lkern gezogen. Bei dieser werden mindestens 50g Futterwaben inklusive eingetragenem Honig aus dem Randbereich [&hellip;]<\/p>\n","protected":false},"author":1,"featured_media":368,"comment_status":"open","ping_status":"open","sticky":false,"template":"","format":"standard","meta":{"jetpack_post_was_ever_published":false,"_jetpack_newsletter_access":"","jetpack_publicize_message":"","jetpack_is_tweetstorm":false,"jetpack_publicize_feature_enabled":true,"jetpack_social_post_already_shared":false,"jetpack_social_options":{"image_generator_settings":{"template":"highway","enabled":false}}},"categories":[47],"tags":[62,60,61],"jetpack_publicize_connections":[],"jetpack_featured_media_url":"http:\/\/imkerei-watermeyer.de\/wp-content\/uploads\/2017\/05\/img_1211-4.jpg","jetpack_sharing_enabled":true,"jetpack_shortlink":"https:\/\/wp.me\/p9uDaz-5X","jetpack_likes_enabled":true,"jetpack-related-posts":[{"id":1197,"url":"http:\/\/imkerei-watermeyer.de\/?p=1197","url_meta":{"origin":369,"position":0},"title":"It\u2019s a long way\u2026","author":"Homeraner","date":"Mai 31, 2022","format":false,"excerpt":"Es ist wirklich ein langer Weg gewesen, aber jetzt ist es endlich geschafft. Cees hat seine Zuchtzulassung im Verein f\u00fcr Deutsche Spitze erhalten. Das bedeutet, dass er zuk\u00fcnftig zum Erhalt dieser alten, vom Aussterben bedrohten Haustierrasse als Deckr\u00fcde beitragen darf. Vorab, der Besitzer muss nat\u00fcrlich Mitglied im Verein f\u00fcr Deutsche\u2026","rel":"","context":"In &quot;Gro\u00dfspitze&quot;","block_context":{"text":"Gro\u00dfspitze","link":"http:\/\/imkerei-watermeyer.de\/?cat=192"},"img":{"alt_text":"","src":"https:\/\/i0.wp.com\/imkerei-watermeyer.de\/wp-content\/uploads\/2022\/05\/img_6947-scaled.jpg?resize=350%2C200","width":350,"height":200,"srcset":"https:\/\/i0.wp.com\/imkerei-watermeyer.de\/wp-content\/uploads\/2022\/05\/img_6947-scaled.jpg?resize=350%2C200 1x, https:\/\/i0.wp.com\/imkerei-watermeyer.de\/wp-content\/uploads\/2022\/05\/img_6947-scaled.jpg?resize=700%2C400 2x, https:\/\/i0.wp.com\/imkerei-watermeyer.de\/wp-content\/uploads\/2022\/05\/img_6947-scaled.jpg?resize=1050%2C600 3x, https:\/\/i0.wp.com\/imkerei-watermeyer.de\/wp-content\/uploads\/2022\/05\/img_6947-scaled.jpg?resize=1400%2C800 4x"},"classes":[]},{"id":153,"url":"http:\/\/imkerei-watermeyer.de\/?p=153","url_meta":{"origin":369,"position":1},"title":"Vatertag bei den Bienen","author":"Homeraner","date":"Mai 14, 2015","format":false,"excerpt":"Zugegebenerma\u00dfen sind die Bilder, die ich euch heute vorstelle, schon gestern entstanden. Auf den Bildern k\u00f6nnt ihr beobachten, wie Drohnenbrut schl\u00fcpft. Waben mit Drohnenbrut erkennt ihr daran, dass die Waben mit einem Buckel verdeckelt sind, w\u00e4hrend die Waben mit Arbeiterinnenbrut glatt verdeckelt ist. Au\u00dferdem sind die Waben f\u00fcr die Drohnen\u2026","rel":"","context":"In &quot;Bienenbilder&quot;","block_context":{"text":"Bienenbilder","link":"http:\/\/imkerei-watermeyer.de\/?cat=2"},"img":{"alt_text":"","src":"https:\/\/i0.wp.com\/imkerei-watermeyer.de\/wp-content\/uploads\/2015\/05\/IMG_2124-300x225.jpg?resize=350%2C200","width":350,"height":200},"classes":[]},{"id":750,"url":"http:\/\/imkerei-watermeyer.de\/?p=750","url_meta":{"origin":369,"position":2},"title":"Selbstgemachter Rosmarinsirup &#8211; ein Klassiker","author":"laggenbiene","date":"August 25, 2019","format":false,"excerpt":"Jeder hat seine Lieblingsrezepte... zu meinen geh\u00f6rt unter anderen Rosmarinsirup. Rosmarin ist eines der Gew\u00e4chse, welches bei mir sehr zuverl\u00e4ssig und unkompliziert den Winter \u00fcbersteht. Daher ist dieser bei uns immer in rauen Mengen frisch vorhanden. Neben den \"\u00fcblichen Verwertungsmethoden\" wie Trocknen, Kr\u00e4utersalz, Kr\u00e4uter\u00f6l und so weiter, mag ich gerne\u2026","rel":"","context":"In &quot;Getr\u00e4nke&quot;","block_context":{"text":"Getr\u00e4nke","link":"http:\/\/imkerei-watermeyer.de\/?cat=115"},"img":{"alt_text":"","src":"https:\/\/i0.wp.com\/imkerei-watermeyer.de\/wp-content\/uploads\/2019\/08\/dsc00671.jpg?resize=350%2C200","width":350,"height":200,"srcset":"https:\/\/i0.wp.com\/imkerei-watermeyer.de\/wp-content\/uploads\/2019\/08\/dsc00671.jpg?resize=350%2C200 1x, https:\/\/i0.wp.com\/imkerei-watermeyer.de\/wp-content\/uploads\/2019\/08\/dsc00671.jpg?resize=700%2C400 2x, https:\/\/i0.wp.com\/imkerei-watermeyer.de\/wp-content\/uploads\/2019\/08\/dsc00671.jpg?resize=1050%2C600 3x, https:\/\/i0.wp.com\/imkerei-watermeyer.de\/wp-content\/uploads\/2019\/08\/dsc00671.jpg?resize=1400%2C800 4x"},"classes":[]},{"id":689,"url":"http:\/\/imkerei-watermeyer.de\/?p=689","url_meta":{"origin":369,"position":3},"title":"Lavendellik\u00f6r","author":"laggenbiene","date":"August 4, 2019","format":false,"excerpt":"Der Lavendel bl\u00fcht - auch auf unserer Terrasse! Das emsige Treiben auf den Bl\u00fctenst\u00e4nden ist herrlich anzusehen. Ich habe mir diese Woche mal ein kreatives Rezept geschnappt zum \"Verwerten\" der duftenden Bl\u00fcten und einen Lavendellik\u00f6r angesetzt. Hier lest ihr \u00fcber das Rezept.","rel":"","context":"In &quot;Getr\u00e4nke&quot;","block_context":{"text":"Getr\u00e4nke","link":"http:\/\/imkerei-watermeyer.de\/?cat=115"},"img":{"alt_text":"","src":"https:\/\/i0.wp.com\/imkerei-watermeyer.de\/wp-content\/uploads\/2019\/08\/dsc00416.jpg?resize=350%2C200","width":350,"height":200,"srcset":"https:\/\/i0.wp.com\/imkerei-watermeyer.de\/wp-content\/uploads\/2019\/08\/dsc00416.jpg?resize=350%2C200 1x, https:\/\/i0.wp.com\/imkerei-watermeyer.de\/wp-content\/uploads\/2019\/08\/dsc00416.jpg?resize=700%2C400 2x, https:\/\/i0.wp.com\/imkerei-watermeyer.de\/wp-content\/uploads\/2019\/08\/dsc00416.jpg?resize=1050%2C600 3x, https:\/\/i0.wp.com\/imkerei-watermeyer.de\/wp-content\/uploads\/2019\/08\/dsc00416.jpg?resize=1400%2C800 4x"},"classes":[]},{"id":534,"url":"http:\/\/imkerei-watermeyer.de\/?p=534","url_meta":{"origin":369,"position":4},"title":"Die erste Honigernte 2018","author":"Homeraner","date":"Mai 10, 2018","format":false,"excerpt":"Heute konnte ich den ersten Honig 2018 schleudern. Nachdem ich gestern die R\u00e4hmchen bei den Bienen herausgeholt hatte, folgten heute noch ein paar Arbeitsschritte, bevor der Honig flie\u00dfen konnte. 1. Das Entdeckeln Dabei werden mit einer Gabel die Wachsdeckel von den Waben mit dem fertigen Honig entfernt: Honigr\u00e4hmchen mit verdeckelten\u2026","rel":"","context":"In &quot;Arbeiten rund ums Volk&quot;","block_context":{"text":"Arbeiten rund ums Volk","link":"http:\/\/imkerei-watermeyer.de\/?cat=47"},"img":{"alt_text":"","src":"https:\/\/i0.wp.com\/imkerei-watermeyer.de\/wp-content\/uploads\/2018\/05\/5b72911e-6824-4434-a637-05b4e8ce633a.jpg?resize=350%2C200","width":350,"height":200,"srcset":"https:\/\/i0.wp.com\/imkerei-watermeyer.de\/wp-content\/uploads\/2018\/05\/5b72911e-6824-4434-a637-05b4e8ce633a.jpg?resize=350%2C200 1x, https:\/\/i0.wp.com\/imkerei-watermeyer.de\/wp-content\/uploads\/2018\/05\/5b72911e-6824-4434-a637-05b4e8ce633a.jpg?resize=700%2C400 2x, https:\/\/i0.wp.com\/imkerei-watermeyer.de\/wp-content\/uploads\/2018\/05\/5b72911e-6824-4434-a637-05b4e8ce633a.jpg?resize=1050%2C600 3x, https:\/\/i0.wp.com\/imkerei-watermeyer.de\/wp-content\/uploads\/2018\/05\/5b72911e-6824-4434-a637-05b4e8ce633a.jpg?resize=1400%2C800 4x"},"classes":[]},{"id":251,"url":"http:\/\/imkerei-watermeyer.de\/?p=251","url_meta":{"origin":369,"position":5},"title":"Gezeichnete K\u00f6nigin","author":"Homeraner","date":"Januar 5, 2016","format":false,"excerpt":"\u00a0Inspiriert vom morgigen Dreik\u00f6nigstag m\u00f6chte ich den Artikel mit einem kleinen Suchbild beginnen. Bei all dem Durcheinander und Wirrwarr auf dem R\u00e4hmchen d\u00fcrfte euch in der Bildmitte etwas auffallen.\u00a0 In der Bildmitte ist eine Biene mit einem roten Punkt auf dem R\u00fccken. Diese Biene unterscheidet sich von allen anderen Bienen\u2026","rel":"","context":"In &quot;Anatomie der Biene&quot;","block_context":{"text":"Anatomie der Biene","link":"http:\/\/imkerei-watermeyer.de\/?cat=11"},"img":{"alt_text":"","src":"https:\/\/i0.wp.com\/imkerei-watermeyer.de\/wp-content\/uploads\/2016\/01\/img_2806-3.jpeg?resize=350%2C200","width":350,"height":200,"srcset":"https:\/\/i0.wp.com\/imkerei-watermeyer.de\/wp-content\/uploads\/2016\/01\/img_2806-3.jpeg?resize=350%2C200 1x, https:\/\/i0.wp.com\/imkerei-watermeyer.de\/wp-content\/uploads\/2016\/01\/img_2806-3.jpeg?resize=700%2C400 2x, https:\/\/i0.wp.com\/imkerei-watermeyer.de\/wp-content\/uploads\/2016\/01\/img_2806-3.jpeg?resize=1050%2C600 3x, https:\/\/i0.wp.com\/imkerei-watermeyer.de\/wp-content\/uploads\/2016\/01\/img_2806-3.jpeg?resize=1400%2C800 4x"},"classes":[]}],"_links":{"self":[{"href":"http:\/\/imkerei-watermeyer.de\/index.php?rest_route=\/wp\/v2\/posts\/369"}],"collection":[{"href":"http:\/\/imkerei-watermeyer.de\/index.php?rest_route=\/wp\/v2\/posts"}],"about":[{"href":"http:\/\/imkerei-watermeyer.de\/index.php?rest_route=\/wp\/v2\/types\/post"}],"author":[{"embeddable":true,"href":"http:\/\/imkerei-watermeyer.de\/index.php?rest_route=\/wp\/v2\/users\/1"}],"replies":[{"embeddable":true,"href":"http:\/\/imkerei-watermeyer.de\/index.php?rest_route=%2Fwp%2Fv2%2Fcomments&post=369"}],"version-history":[{"count":1,"href":"http:\/\/imkerei-watermeyer.de\/index.php?rest_route=\/wp\/v2\/posts\/369\/revisions"}],"predecessor-version":[{"id":370,"href":"http:\/\/imkerei-watermeyer.de\/index.php?rest_route=\/wp\/v2\/posts\/369\/revisions\/370"}],"wp:featuredmedia":[{"embeddable":true,"href":"http:\/\/imkerei-watermeyer.de\/index.php?rest_route=\/wp\/v2\/media\/368"}],"wp:attachment":[{"href":"http:\/\/imkerei-watermeyer.de\/index.php?rest_route=%2Fwp%2Fv2%2Fmedia&parent=369"}],"wp:term":[{"taxonomy":"category","embeddable":true,"href":"http:\/\/imkerei-watermeyer.de\/index.php?rest_route=%2Fwp%2Fv2%2Fcategories&post=369"},{"taxonomy":"post_tag","embeddable":true,"href":"http:\/\/imkerei-watermeyer.de\/index.php?rest_route=%2Fwp%2Fv2%2Ftags&post=369"}],"curies":[{"name":"wp","href":"https:\/\/api.w.org\/{rel}","templated":true}]}}