{"id":365,"date":"2017-04-23T07:06:13","date_gmt":"2017-04-23T07:06:13","guid":{"rendered":"http:\/\/imkerei-watermeyer.de\/?p=365"},"modified":"2017-04-23T07:06:53","modified_gmt":"2017-04-23T07:06:53","slug":"honigraum-aufsetzen","status":"publish","type":"post","link":"http:\/\/imkerei-watermeyer.de\/?p=365","title":{"rendered":"Honigraum aufsetzen"},"content":{"rendered":"<p>Nachdem ich eine erste Durchsicht gewagt hatte, habe ich mich p\u00fcnktlich zur Kirschbl\u00fcte dazu entschlossen, den Honigraum auf das Volk bei uns zuhause aufzusetzen.<\/p>\n<p>Die Kirschbl\u00fcte zeigt den Zeitpunkt an, zu dem die erste nutzbare Tracht (ausreichende Nektarmenge) f\u00fcr die Bienen durch die Obstbl\u00fcte zur Verf\u00fcgung steht. In diesem Jahr konnten meine Bienen zuhause aber davon profitieren, dass wir viele warme Tage im M\u00e4rz hatten und die Weide und die verbliebenen Gr\u00fcnd\u00fcngerfl\u00e4chen (Raps) bereits ein reiches Futterangebot boten.<\/p>\n<p>Dementsprechend gab es auch schon den ersten frisch verdeckelten Honig im Volk. Diesen habe ich allerdings nicht geerntet, um das Volk erstmal zu voller St\u00e4rke wachsen zu lassen.<\/p>\n<div id=\"attachment_362\" style=\"width: 670px\" class=\"wp-caption alignnone\"><img aria-describedby=\"caption-attachment-362\" data-attachment-id=\"362\" data-permalink=\"http:\/\/imkerei-watermeyer.de\/?attachment_id=362\" data-orig-file=\"http:\/\/imkerei-watermeyer.de\/wp-content\/uploads\/2017\/04\/IMG_0456-e1492930499373.jpg\" data-orig-size=\"3024,4032\" data-comments-opened=\"1\" data-image-meta=\"{&quot;aperture&quot;:&quot;1.8&quot;,&quot;credit&quot;:&quot;&quot;,&quot;camera&quot;:&quot;iPhone 7&quot;,&quot;caption&quot;:&quot;&quot;,&quot;created_timestamp&quot;:&quot;1491677348&quot;,&quot;copyright&quot;:&quot;&quot;,&quot;focal_length&quot;:&quot;3.99&quot;,&quot;iso&quot;:&quot;20&quot;,&quot;shutter_speed&quot;:&quot;0.00069979006298111&quot;,&quot;title&quot;:&quot;&quot;,&quot;orientation&quot;:&quot;6&quot;}\" data-image-title=\"IMG_0456\" data-image-description=\"\" data-image-caption=\"\" data-medium-file=\"http:\/\/imkerei-watermeyer.de\/wp-content\/uploads\/2017\/04\/IMG_0456-e1492930499373-225x300.jpg\" data-large-file=\"http:\/\/imkerei-watermeyer.de\/wp-content\/uploads\/2017\/04\/IMG_0456-e1492930499373-768x1024.jpg\" decoding=\"async\" loading=\"lazy\" class=\"wp-image-362 size-large\" src=\"http:\/\/imkerei-watermeyer.de\/wp-content\/uploads\/2017\/04\/IMG_0456-e1492930499373-768x1024.jpg\" alt=\"\" width=\"660\" height=\"880\" srcset=\"http:\/\/imkerei-watermeyer.de\/wp-content\/uploads\/2017\/04\/IMG_0456-e1492930499373-768x1024.jpg 768w, http:\/\/imkerei-watermeyer.de\/wp-content\/uploads\/2017\/04\/IMG_0456-e1492930499373-225x300.jpg 225w\" sizes=\"(max-width: 660px) 100vw, 660px\" \/><p id=\"caption-attachment-362\" class=\"wp-caption-text\">Erster frisch verdeckelter Honig<\/p><\/div>\n<div id=\"attachment_363\" style=\"width: 670px\" class=\"wp-caption aligncenter\"><a href=\"http:\/\/imkerei-watermeyer.de\/wp-content\/uploads\/2017\/04\/IMG_0454-e1492930455110.jpg\"><img aria-describedby=\"caption-attachment-363\" data-attachment-id=\"363\" data-permalink=\"http:\/\/imkerei-watermeyer.de\/?attachment_id=363\" data-orig-file=\"http:\/\/imkerei-watermeyer.de\/wp-content\/uploads\/2017\/04\/IMG_0454-e1492930455110.jpg\" data-orig-size=\"3024,4032\" data-comments-opened=\"1\" data-image-meta=\"{&quot;aperture&quot;:&quot;1.8&quot;,&quot;credit&quot;:&quot;&quot;,&quot;camera&quot;:&quot;iPhone 7&quot;,&quot;caption&quot;:&quot;&quot;,&quot;created_timestamp&quot;:&quot;1491677317&quot;,&quot;copyright&quot;:&quot;&quot;,&quot;focal_length&quot;:&quot;3.99&quot;,&quot;iso&quot;:&quot;20&quot;,&quot;shutter_speed&quot;:&quot;0.0010341261633919&quot;,&quot;title&quot;:&quot;&quot;,&quot;orientation&quot;:&quot;6&quot;}\" data-image-title=\"IMG_0454\" data-image-description=\"\" data-image-caption=\"\" data-medium-file=\"http:\/\/imkerei-watermeyer.de\/wp-content\/uploads\/2017\/04\/IMG_0454-e1492930455110-225x300.jpg\" data-large-file=\"http:\/\/imkerei-watermeyer.de\/wp-content\/uploads\/2017\/04\/IMG_0454-e1492930455110-768x1024.jpg\" decoding=\"async\" loading=\"lazy\" class=\"wp-image-363 size-large\" src=\"http:\/\/imkerei-watermeyer.de\/wp-content\/uploads\/2017\/04\/IMG_0454-e1492930455110-768x1024.jpg\" alt=\"\" width=\"660\" height=\"880\" srcset=\"http:\/\/imkerei-watermeyer.de\/wp-content\/uploads\/2017\/04\/IMG_0454-e1492930455110-768x1024.jpg 768w, http:\/\/imkerei-watermeyer.de\/wp-content\/uploads\/2017\/04\/IMG_0454-e1492930455110-225x300.jpg 225w\" sizes=\"(max-width: 660px) 100vw, 660px\" \/><\/a><p id=\"caption-attachment-363\" class=\"wp-caption-text\">Durchsicht des Brutraums<\/p><\/div>\n<p>Etwas Sorge macht mir, dass es zu einem Versorgungsloch f\u00fcr die Bienen zwischen der Obstbl\u00fcte im Fr\u00fchjahr und der Bl\u00fcte von Kastanie und Linde im Juni kommen wird. Die dann eigentlich bl\u00fchenden Wiesen und insbesondere der L\u00f6wenzahn sind in der intensiv genutzten Umgebung leider nur sehr schwer zu finden.<\/p>\n<div id=\"attachment_364\" style=\"width: 670px\" class=\"wp-caption aligncenter\"><a href=\"http:\/\/imkerei-watermeyer.de\/wp-content\/uploads\/2017\/04\/IMG_0451-e1492930419318.jpg\"><img aria-describedby=\"caption-attachment-364\" data-attachment-id=\"364\" data-permalink=\"http:\/\/imkerei-watermeyer.de\/?attachment_id=364\" data-orig-file=\"http:\/\/imkerei-watermeyer.de\/wp-content\/uploads\/2017\/04\/IMG_0451-e1492930419318.jpg\" data-orig-size=\"3024,4032\" data-comments-opened=\"1\" data-image-meta=\"{&quot;aperture&quot;:&quot;1.8&quot;,&quot;credit&quot;:&quot;&quot;,&quot;camera&quot;:&quot;iPhone 7&quot;,&quot;caption&quot;:&quot;&quot;,&quot;created_timestamp&quot;:&quot;1491677289&quot;,&quot;copyright&quot;:&quot;&quot;,&quot;focal_length&quot;:&quot;3.99&quot;,&quot;iso&quot;:&quot;20&quot;,&quot;shutter_speed&quot;:&quot;0.00097087378640777&quot;,&quot;title&quot;:&quot;&quot;,&quot;orientation&quot;:&quot;6&quot;}\" data-image-title=\"IMG_0451\" data-image-description=\"\" data-image-caption=\"\" data-medium-file=\"http:\/\/imkerei-watermeyer.de\/wp-content\/uploads\/2017\/04\/IMG_0451-e1492930419318-225x300.jpg\" data-large-file=\"http:\/\/imkerei-watermeyer.de\/wp-content\/uploads\/2017\/04\/IMG_0451-e1492930419318-768x1024.jpg\" decoding=\"async\" loading=\"lazy\" class=\"wp-image-364 size-large\" src=\"http:\/\/imkerei-watermeyer.de\/wp-content\/uploads\/2017\/04\/IMG_0451-e1492930419318-768x1024.jpg\" alt=\"\" width=\"660\" height=\"880\" srcset=\"http:\/\/imkerei-watermeyer.de\/wp-content\/uploads\/2017\/04\/IMG_0451-e1492930419318-768x1024.jpg 768w, http:\/\/imkerei-watermeyer.de\/wp-content\/uploads\/2017\/04\/IMG_0451-e1492930419318-225x300.jpg 225w\" sizes=\"(max-width: 660px) 100vw, 660px\" \/><\/a><p id=\"caption-attachment-364\" class=\"wp-caption-text\">Aufsetzen des Honigraums<\/p><\/div>\n","protected":false},"excerpt":{"rendered":"<p>Nachdem ich eine erste Durchsicht gewagt hatte, habe ich mich p\u00fcnktlich zur Kirschbl\u00fcte dazu entschlossen, den Honigraum auf das Volk bei uns zuhause aufzusetzen. Die Kirschbl\u00fcte zeigt den Zeitpunkt an, zu dem die erste nutzbare Tracht (ausreichende Nektarmenge) f\u00fcr die Bienen durch die Obstbl\u00fcte zur Verf\u00fcgung steht. In diesem Jahr [&hellip;]<\/p>\n","protected":false},"author":1,"featured_media":362,"comment_status":"open","ping_status":"open","sticky":false,"template":"","format":"standard","meta":{"jetpack_post_was_ever_published":false,"_jetpack_newsletter_access":"","jetpack_publicize_message":"","jetpack_is_tweetstorm":false,"jetpack_publicize_feature_enabled":true,"jetpack_social_post_already_shared":false,"jetpack_social_options":{"image_generator_settings":{"template":"highway","enabled":false}}},"categories":[47,4,1],"tags":[24],"jetpack_publicize_connections":[],"jetpack_featured_media_url":"http:\/\/imkerei-watermeyer.de\/wp-content\/uploads\/2017\/04\/IMG_0456-e1492930499373.jpg","jetpack_sharing_enabled":true,"jetpack_shortlink":"https:\/\/wp.me\/p9uDaz-5T","jetpack_likes_enabled":true,"jetpack-related-posts":[{"id":150,"url":"http:\/\/imkerei-watermeyer.de\/?p=150","url_meta":{"origin":365,"position":0},"title":"Biene zum Anfassen","author":"Homeraner","date":"Mai 13, 2015","format":false,"excerpt":"Heute war ich mal wieder an unseren Bienen.\u00a0Die Kontrolle der Drohnenr\u00e4hmchen und der Schwarmneigung standen an - und nat\u00fcrlich wirft man dabei auch schon einmal einen Blick in die oberste Etage der Beute, um zu kontrollieren, ob schon Honig eingetragen wurde. Zu den Drohnenr\u00e4hmchen werde ich die Tage noch einen\u2026","rel":"","context":"In &quot;Anatomie der Biene&quot;","block_context":{"text":"Anatomie der Biene","link":"http:\/\/imkerei-watermeyer.de\/?cat=11"},"img":{"alt_text":"","src":"https:\/\/i0.wp.com\/imkerei-watermeyer.de\/wp-content\/uploads\/2015\/05\/IMG_2130-300x225.jpg?resize=350%2C200","width":350,"height":200},"classes":[]},{"id":317,"url":"http:\/\/imkerei-watermeyer.de\/?p=317","url_meta":{"origin":365,"position":1},"title":"Unsere Honigsaison beginnt\u00a0","author":"Homeraner","date":"April 17, 2016","format":false,"excerpt":"Heute hat f\u00fcr uns die Honigsaison 2016 begonnen. Da mittlerweile die Obstbl\u00fcte begonnen hat, haben wir heute auf unser Volk zuhause den Honigraum auf die beiden Brutr\u00e4ume drauf gesetzt. Zuerst wird der Deckel und der sogenannte Abdeckfix (die durchsichtige Folie auf dem Brutr\u00e4ume) von den beiden Brutzargen abgenommen.\u00a0 Der Abdeckfix\u2026","rel":"","context":"In &quot;Arbeiten rund ums Volk&quot;","block_context":{"text":"Arbeiten rund ums Volk","link":"http:\/\/imkerei-watermeyer.de\/?cat=47"},"img":{"alt_text":"","src":"https:\/\/i0.wp.com\/imkerei-watermeyer.de\/wp-content\/uploads\/2016\/04\/img_9512-1.jpg?resize=350%2C200","width":350,"height":200,"srcset":"https:\/\/i0.wp.com\/imkerei-watermeyer.de\/wp-content\/uploads\/2016\/04\/img_9512-1.jpg?resize=350%2C200 1x, https:\/\/i0.wp.com\/imkerei-watermeyer.de\/wp-content\/uploads\/2016\/04\/img_9512-1.jpg?resize=700%2C400 2x, https:\/\/i0.wp.com\/imkerei-watermeyer.de\/wp-content\/uploads\/2016\/04\/img_9512-1.jpg?resize=1050%2C600 3x, https:\/\/i0.wp.com\/imkerei-watermeyer.de\/wp-content\/uploads\/2016\/04\/img_9512-1.jpg?resize=1400%2C800 4x"},"classes":[]},{"id":159,"url":"http:\/\/imkerei-watermeyer.de\/?p=159","url_meta":{"origin":365,"position":2},"title":"Es dauert nicht mehr lang","author":"Homeraner","date":"Mai 21, 2015","format":false,"excerpt":"\u00a0Am letzten Donnerstag hatte ich unsere V\u00f6lker durchgeschaut und insbesondere ein Auge in die Honigr\u00e4ume geworfen. Bei einem Volk sah es schon recht vielversprechend aus und ein Gro\u00dfteil der R\u00e4hmchen im Honigraum war schon zur H\u00e4lfte verdeckelt.\u00a0 Das bedeutet, dass der Honig in den Waben reif ist und bevorratet werden\u2026","rel":"","context":"\u00c4hnlicher Beitrag","block_context":{"text":"\u00c4hnlicher Beitrag","link":""},"img":{"alt_text":"","src":"","width":0,"height":0},"classes":[]},{"id":534,"url":"http:\/\/imkerei-watermeyer.de\/?p=534","url_meta":{"origin":365,"position":3},"title":"Die erste Honigernte 2018","author":"Homeraner","date":"Mai 10, 2018","format":false,"excerpt":"Heute konnte ich den ersten Honig 2018 schleudern. Nachdem ich gestern die R\u00e4hmchen bei den Bienen herausgeholt hatte, folgten heute noch ein paar Arbeitsschritte, bevor der Honig flie\u00dfen konnte. 1. Das Entdeckeln Dabei werden mit einer Gabel die Wachsdeckel von den Waben mit dem fertigen Honig entfernt: Honigr\u00e4hmchen mit verdeckelten\u2026","rel":"","context":"In &quot;Arbeiten rund ums Volk&quot;","block_context":{"text":"Arbeiten rund ums Volk","link":"http:\/\/imkerei-watermeyer.de\/?cat=47"},"img":{"alt_text":"","src":"https:\/\/i0.wp.com\/imkerei-watermeyer.de\/wp-content\/uploads\/2018\/05\/5b72911e-6824-4434-a637-05b4e8ce633a.jpg?resize=350%2C200","width":350,"height":200,"srcset":"https:\/\/i0.wp.com\/imkerei-watermeyer.de\/wp-content\/uploads\/2018\/05\/5b72911e-6824-4434-a637-05b4e8ce633a.jpg?resize=350%2C200 1x, https:\/\/i0.wp.com\/imkerei-watermeyer.de\/wp-content\/uploads\/2018\/05\/5b72911e-6824-4434-a637-05b4e8ce633a.jpg?resize=700%2C400 2x, https:\/\/i0.wp.com\/imkerei-watermeyer.de\/wp-content\/uploads\/2018\/05\/5b72911e-6824-4434-a637-05b4e8ce633a.jpg?resize=1050%2C600 3x, https:\/\/i0.wp.com\/imkerei-watermeyer.de\/wp-content\/uploads\/2018\/05\/5b72911e-6824-4434-a637-05b4e8ce633a.jpg?resize=1400%2C800 4x"},"classes":[]},{"id":218,"url":"http:\/\/imkerei-watermeyer.de\/?p=218","url_meta":{"origin":365,"position":4},"title":"Einwintern","author":"Homeraner","date":"August 31, 2015","format":false,"excerpt":"Morgen werden wieder Spekulatius und Dominosteine Einzug in deutsche Superm\u00e4rkte halten und der meteorologische Herbst beginnt. Der Hochsommer verabschiedet sich gerade bei uns mit Blitz und Donner. Doch wir Imker sind schon einen Schritt weiter! Im August stand bei unseren V\u00f6lkern das sogenannte Einwintern auf dem Programm. Zu den Arbeiten\u2026","rel":"","context":"In &quot;Blick ins Volk&quot;","block_context":{"text":"Blick ins Volk","link":"http:\/\/imkerei-watermeyer.de\/?cat=4"},"img":{"alt_text":"","src":"https:\/\/i0.wp.com\/imkerei-watermeyer.de\/wp-content\/uploads\/2015\/08\/IMG_4358-0.jpg?resize=350%2C200","width":350,"height":200,"srcset":"https:\/\/i0.wp.com\/imkerei-watermeyer.de\/wp-content\/uploads\/2015\/08\/IMG_4358-0.jpg?resize=350%2C200 1x, https:\/\/i0.wp.com\/imkerei-watermeyer.de\/wp-content\/uploads\/2015\/08\/IMG_4358-0.jpg?resize=700%2C400 2x, https:\/\/i0.wp.com\/imkerei-watermeyer.de\/wp-content\/uploads\/2015\/08\/IMG_4358-0.jpg?resize=1050%2C600 3x, https:\/\/i0.wp.com\/imkerei-watermeyer.de\/wp-content\/uploads\/2015\/08\/IMG_4358-0.jpg?resize=1400%2C800 4x"},"classes":[]},{"id":449,"url":"http:\/\/imkerei-watermeyer.de\/?p=449","url_meta":{"origin":365,"position":5},"title":"Honigernte die 2.","author":"Homeraner","date":"August 5, 2017","format":false,"excerpt":"Am Mittwoch habe ich mit der 2. Honigernte begonnen. Dank der sch\u00f6nen Blumenwiese bei meiner Schulfreundin konnten die Bienen trotz der schlechten Lindentracht noch etwas Honig einsammeln. Morgen werde ich noch in Raesfeld ernten und dann wird geschleudert. Ich rechne mit etwa 20kg Honig. Nicht all zu viel, aber besser\u2026","rel":"","context":"In &quot;Arbeiten rund ums Volk&quot;","block_context":{"text":"Arbeiten rund ums Volk","link":"http:\/\/imkerei-watermeyer.de\/?cat=47"},"img":{"alt_text":"","src":"https:\/\/i0.wp.com\/imkerei-watermeyer.de\/wp-content\/uploads\/2017\/08\/img_3568.jpg?resize=350%2C200","width":350,"height":200,"srcset":"https:\/\/i0.wp.com\/imkerei-watermeyer.de\/wp-content\/uploads\/2017\/08\/img_3568.jpg?resize=350%2C200 1x, https:\/\/i0.wp.com\/imkerei-watermeyer.de\/wp-content\/uploads\/2017\/08\/img_3568.jpg?resize=700%2C400 2x, https:\/\/i0.wp.com\/imkerei-watermeyer.de\/wp-content\/uploads\/2017\/08\/img_3568.jpg?resize=1050%2C600 3x, https:\/\/i0.wp.com\/imkerei-watermeyer.de\/wp-content\/uploads\/2017\/08\/img_3568.jpg?resize=1400%2C800 4x"},"classes":[]}],"_links":{"self":[{"href":"http:\/\/imkerei-watermeyer.de\/index.php?rest_route=\/wp\/v2\/posts\/365"}],"collection":[{"href":"http:\/\/imkerei-watermeyer.de\/index.php?rest_route=\/wp\/v2\/posts"}],"about":[{"href":"http:\/\/imkerei-watermeyer.de\/index.php?rest_route=\/wp\/v2\/types\/post"}],"author":[{"embeddable":true,"href":"http:\/\/imkerei-watermeyer.de\/index.php?rest_route=\/wp\/v2\/users\/1"}],"replies":[{"embeddable":true,"href":"http:\/\/imkerei-watermeyer.de\/index.php?rest_route=%2Fwp%2Fv2%2Fcomments&post=365"}],"version-history":[{"count":1,"href":"http:\/\/imkerei-watermeyer.de\/index.php?rest_route=\/wp\/v2\/posts\/365\/revisions"}],"predecessor-version":[{"id":366,"href":"http:\/\/imkerei-watermeyer.de\/index.php?rest_route=\/wp\/v2\/posts\/365\/revisions\/366"}],"wp:featuredmedia":[{"embeddable":true,"href":"http:\/\/imkerei-watermeyer.de\/index.php?rest_route=\/wp\/v2\/media\/362"}],"wp:attachment":[{"href":"http:\/\/imkerei-watermeyer.de\/index.php?rest_route=%2Fwp%2Fv2%2Fmedia&parent=365"}],"wp:term":[{"taxonomy":"category","embeddable":true,"href":"http:\/\/imkerei-watermeyer.de\/index.php?rest_route=%2Fwp%2Fv2%2Fcategories&post=365"},{"taxonomy":"post_tag","embeddable":true,"href":"http:\/\/imkerei-watermeyer.de\/index.php?rest_route=%2Fwp%2Fv2%2Ftags&post=365"}],"curies":[{"name":"wp","href":"https:\/\/api.w.org\/{rel}","templated":true}]}}