{"id":359,"date":"2017-04-30T06:25:00","date_gmt":"2017-04-30T06:25:00","guid":{"rendered":"http:\/\/imkerei-watermeyer.de\/?p=359"},"modified":"2017-04-23T06:46:45","modified_gmt":"2017-04-23T06:46:45","slug":"ableger-bilden","status":"publish","type":"post","link":"http:\/\/imkerei-watermeyer.de\/?p=359","title":{"rendered":"Ableger bilden"},"content":{"rendered":"<p>Da ich in diesem Jahr nur mit 2 Bienenv\u00f6lkern starte, habe ich mich dazu entschieden, den bislang guten Start meiner schon recht starken V\u00f6lker in den Fr\u00fchling dazu zu nutzen, fr\u00fchzeitig Ableger zu bilden.<\/p>\n<p>Ich orientiere mich dabei an der sogenannten Ein-Waben-Ableger-Methode bzw. dem Sammelableger.<\/p>\n<p>W\u00e4hrend ich zuhause nur eine Brutwabe und eine Futterwabe aus dem Wirtschaftsvolk entnommen habe, habe ich an meinem Standort in der Baumschule zwei Brutwaben entnommen, damit ich sowohl bald schl\u00fcpfende als auch noch ganz frische Brut f\u00fcr die K\u00f6niginnennachzucht in dem Ableger habe. Zuhause hatte ich das Gl\u00fcck, dass beides auf einer Wabe vorhanden war.<\/p>\n<div id=\"attachment_358\" style=\"width: 670px\" class=\"wp-caption aligncenter\"><a href=\"http:\/\/imkerei-watermeyer.de\/wp-content\/uploads\/2017\/04\/IMG_0794.jpg\"><img aria-describedby=\"caption-attachment-358\" data-attachment-id=\"358\" data-permalink=\"http:\/\/imkerei-watermeyer.de\/?attachment_id=358\" data-orig-file=\"http:\/\/imkerei-watermeyer.de\/wp-content\/uploads\/2017\/04\/IMG_0794.jpg\" data-orig-size=\"2016,1512\" data-comments-opened=\"1\" data-image-meta=\"{&quot;aperture&quot;:&quot;1.8&quot;,&quot;credit&quot;:&quot;&quot;,&quot;camera&quot;:&quot;iPhone 7&quot;,&quot;caption&quot;:&quot;&quot;,&quot;created_timestamp&quot;:&quot;1492438123&quot;,&quot;copyright&quot;:&quot;&quot;,&quot;focal_length&quot;:&quot;3.99&quot;,&quot;iso&quot;:&quot;20&quot;,&quot;shutter_speed&quot;:&quot;0.00023998080153588&quot;,&quot;title&quot;:&quot;&quot;,&quot;orientation&quot;:&quot;3&quot;}\" data-image-title=\"IMG_0794\" data-image-description=\"\" data-image-caption=\"\" data-medium-file=\"http:\/\/imkerei-watermeyer.de\/wp-content\/uploads\/2017\/04\/IMG_0794-300x225.jpg\" data-large-file=\"http:\/\/imkerei-watermeyer.de\/wp-content\/uploads\/2017\/04\/IMG_0794-1024x768.jpg\" decoding=\"async\" loading=\"lazy\" class=\"wp-image-358 size-large\" src=\"http:\/\/imkerei-watermeyer.de\/wp-content\/uploads\/2017\/04\/IMG_0794-1024x768.jpg\" alt=\"\" width=\"660\" height=\"495\" srcset=\"http:\/\/imkerei-watermeyer.de\/wp-content\/uploads\/2017\/04\/IMG_0794-1024x768.jpg 1024w, http:\/\/imkerei-watermeyer.de\/wp-content\/uploads\/2017\/04\/IMG_0794-300x225.jpg 300w, http:\/\/imkerei-watermeyer.de\/wp-content\/uploads\/2017\/04\/IMG_0794-768x576.jpg 768w, http:\/\/imkerei-watermeyer.de\/wp-content\/uploads\/2017\/04\/IMG_0794.jpg 2016w\" sizes=\"(max-width: 660px) 100vw, 660px\" \/><\/a><p id=\"caption-attachment-358\" class=\"wp-caption-text\">Futterwabe mit Winterfutter<\/p><\/div>\n<div id=\"attachment_357\" style=\"width: 670px\" class=\"wp-caption aligncenter\"><a href=\"http:\/\/imkerei-watermeyer.de\/wp-content\/uploads\/2017\/04\/IMG_0792.jpg\"><img aria-describedby=\"caption-attachment-357\" data-attachment-id=\"357\" data-permalink=\"http:\/\/imkerei-watermeyer.de\/?attachment_id=357\" data-orig-file=\"http:\/\/imkerei-watermeyer.de\/wp-content\/uploads\/2017\/04\/IMG_0792.jpg\" data-orig-size=\"2016,1512\" data-comments-opened=\"1\" data-image-meta=\"{&quot;aperture&quot;:&quot;1.8&quot;,&quot;credit&quot;:&quot;&quot;,&quot;camera&quot;:&quot;iPhone 7&quot;,&quot;caption&quot;:&quot;&quot;,&quot;created_timestamp&quot;:&quot;1492438077&quot;,&quot;copyright&quot;:&quot;&quot;,&quot;focal_length&quot;:&quot;3.99&quot;,&quot;iso&quot;:&quot;20&quot;,&quot;shutter_speed&quot;:&quot;0.0017543859649123&quot;,&quot;title&quot;:&quot;&quot;,&quot;orientation&quot;:&quot;3&quot;}\" data-image-title=\"IMG_0792\" data-image-description=\"\" data-image-caption=\"\" data-medium-file=\"http:\/\/imkerei-watermeyer.de\/wp-content\/uploads\/2017\/04\/IMG_0792-300x225.jpg\" data-large-file=\"http:\/\/imkerei-watermeyer.de\/wp-content\/uploads\/2017\/04\/IMG_0792-1024x768.jpg\" decoding=\"async\" loading=\"lazy\" class=\"wp-image-357 size-large\" src=\"http:\/\/imkerei-watermeyer.de\/wp-content\/uploads\/2017\/04\/IMG_0792-1024x768.jpg\" alt=\"\" width=\"660\" height=\"495\" srcset=\"http:\/\/imkerei-watermeyer.de\/wp-content\/uploads\/2017\/04\/IMG_0792-1024x768.jpg 1024w, http:\/\/imkerei-watermeyer.de\/wp-content\/uploads\/2017\/04\/IMG_0792-300x225.jpg 300w, http:\/\/imkerei-watermeyer.de\/wp-content\/uploads\/2017\/04\/IMG_0792-768x576.jpg 768w, http:\/\/imkerei-watermeyer.de\/wp-content\/uploads\/2017\/04\/IMG_0792.jpg 2016w\" sizes=\"(max-width: 660px) 100vw, 660px\" \/><\/a><p id=\"caption-attachment-357\" class=\"wp-caption-text\">Brutwabe mit verdeckelter Brut<\/p><\/div>\n<div id=\"attachment_355\" style=\"width: 670px\" class=\"wp-caption aligncenter\"><a href=\"http:\/\/imkerei-watermeyer.de\/wp-content\/uploads\/2017\/04\/IMG_0788.jpg\"><img aria-describedby=\"caption-attachment-355\" data-attachment-id=\"355\" data-permalink=\"http:\/\/imkerei-watermeyer.de\/?attachment_id=355\" data-orig-file=\"http:\/\/imkerei-watermeyer.de\/wp-content\/uploads\/2017\/04\/IMG_0788.jpg\" data-orig-size=\"2016,1512\" data-comments-opened=\"1\" data-image-meta=\"{&quot;aperture&quot;:&quot;1.8&quot;,&quot;credit&quot;:&quot;&quot;,&quot;camera&quot;:&quot;iPhone 7&quot;,&quot;caption&quot;:&quot;&quot;,&quot;created_timestamp&quot;:&quot;1492438031&quot;,&quot;copyright&quot;:&quot;&quot;,&quot;focal_length&quot;:&quot;3.99&quot;,&quot;iso&quot;:&quot;20&quot;,&quot;shutter_speed&quot;:&quot;0.0062111801242236&quot;,&quot;title&quot;:&quot;&quot;,&quot;orientation&quot;:&quot;1&quot;}\" data-image-title=\"IMG_0788\" data-image-description=\"\" data-image-caption=\"\" data-medium-file=\"http:\/\/imkerei-watermeyer.de\/wp-content\/uploads\/2017\/04\/IMG_0788-300x225.jpg\" data-large-file=\"http:\/\/imkerei-watermeyer.de\/wp-content\/uploads\/2017\/04\/IMG_0788-1024x768.jpg\" decoding=\"async\" loading=\"lazy\" class=\"wp-image-355 size-large\" src=\"http:\/\/imkerei-watermeyer.de\/wp-content\/uploads\/2017\/04\/IMG_0788-1024x768.jpg\" alt=\"\" width=\"660\" height=\"495\" srcset=\"http:\/\/imkerei-watermeyer.de\/wp-content\/uploads\/2017\/04\/IMG_0788-1024x768.jpg 1024w, http:\/\/imkerei-watermeyer.de\/wp-content\/uploads\/2017\/04\/IMG_0788-300x225.jpg 300w, http:\/\/imkerei-watermeyer.de\/wp-content\/uploads\/2017\/04\/IMG_0788-768x576.jpg 768w, http:\/\/imkerei-watermeyer.de\/wp-content\/uploads\/2017\/04\/IMG_0788.jpg 2016w\" sizes=\"(max-width: 660px) 100vw, 660px\" \/><\/a><p id=\"caption-attachment-355\" class=\"wp-caption-text\">Wabe mit Futter und frischer Brut (leider nicht auf dem Foto erkennbar)303<\/p><\/div>\n","protected":false},"excerpt":{"rendered":"<p>Da ich in diesem Jahr nur mit 2 Bienenv\u00f6lkern starte, habe ich mich dazu entschieden, den bislang guten Start meiner schon recht starken V\u00f6lker in den Fr\u00fchling dazu zu nutzen, fr\u00fchzeitig Ableger zu bilden. Ich orientiere mich dabei an der sogenannten Ein-Waben-Ableger-Methode bzw. dem Sammelableger. W\u00e4hrend ich zuhause nur eine [&hellip;]<\/p>\n","protected":false},"author":1,"featured_media":356,"comment_status":"open","ping_status":"open","sticky":false,"template":"","format":"standard","meta":{"jetpack_post_was_ever_published":false,"_jetpack_newsletter_access":"","jetpack_publicize_message":"","jetpack_is_tweetstorm":false,"jetpack_publicize_feature_enabled":true,"jetpack_social_post_already_shared":false,"jetpack_social_options":{"image_generator_settings":{"template":"highway","enabled":false}}},"categories":[47,2,4],"tags":[59,5],"jetpack_publicize_connections":[],"jetpack_featured_media_url":"http:\/\/imkerei-watermeyer.de\/wp-content\/uploads\/2017\/04\/IMG_0791.jpg","jetpack_sharing_enabled":true,"jetpack_shortlink":"https:\/\/wp.me\/p9uDaz-5N","jetpack_likes_enabled":true,"jetpack-related-posts":[{"id":365,"url":"http:\/\/imkerei-watermeyer.de\/?p=365","url_meta":{"origin":359,"position":0},"title":"Honigraum aufsetzen","author":"Homeraner","date":"April 23, 2017","format":false,"excerpt":"Nachdem ich eine erste Durchsicht gewagt hatte, habe ich mich p\u00fcnktlich zur Kirschbl\u00fcte dazu entschlossen, den Honigraum auf das Volk bei uns zuhause aufzusetzen. Die Kirschbl\u00fcte zeigt den Zeitpunkt an, zu dem die erste nutzbare Tracht (ausreichende Nektarmenge) f\u00fcr die Bienen durch die Obstbl\u00fcte zur Verf\u00fcgung steht. In diesem Jahr\u2026","rel":"","context":"In &quot;Arbeiten rund ums Volk&quot;","block_context":{"text":"Arbeiten rund ums Volk","link":"http:\/\/imkerei-watermeyer.de\/?cat=47"},"img":{"alt_text":"","src":"https:\/\/i0.wp.com\/imkerei-watermeyer.de\/wp-content\/uploads\/2017\/04\/IMG_0456-e1492930499373.jpg?resize=350%2C200","width":350,"height":200,"srcset":"https:\/\/i0.wp.com\/imkerei-watermeyer.de\/wp-content\/uploads\/2017\/04\/IMG_0456-e1492930499373.jpg?resize=350%2C200 1x, https:\/\/i0.wp.com\/imkerei-watermeyer.de\/wp-content\/uploads\/2017\/04\/IMG_0456-e1492930499373.jpg?resize=700%2C400 2x, https:\/\/i0.wp.com\/imkerei-watermeyer.de\/wp-content\/uploads\/2017\/04\/IMG_0456-e1492930499373.jpg?resize=1050%2C600 3x, https:\/\/i0.wp.com\/imkerei-watermeyer.de\/wp-content\/uploads\/2017\/04\/IMG_0456-e1492930499373.jpg?resize=1400%2C800 4x"},"classes":[]},{"id":153,"url":"http:\/\/imkerei-watermeyer.de\/?p=153","url_meta":{"origin":359,"position":1},"title":"Vatertag bei den Bienen","author":"Homeraner","date":"Mai 14, 2015","format":false,"excerpt":"Zugegebenerma\u00dfen sind die Bilder, die ich euch heute vorstelle, schon gestern entstanden. Auf den Bildern k\u00f6nnt ihr beobachten, wie Drohnenbrut schl\u00fcpft. Waben mit Drohnenbrut erkennt ihr daran, dass die Waben mit einem Buckel verdeckelt sind, w\u00e4hrend die Waben mit Arbeiterinnenbrut glatt verdeckelt ist. Au\u00dferdem sind die Waben f\u00fcr die Drohnen\u2026","rel":"","context":"In &quot;Bienenbilder&quot;","block_context":{"text":"Bienenbilder","link":"http:\/\/imkerei-watermeyer.de\/?cat=2"},"img":{"alt_text":"","src":"https:\/\/i0.wp.com\/imkerei-watermeyer.de\/wp-content\/uploads\/2015\/05\/IMG_2124-300x225.jpg?resize=350%2C200","width":350,"height":200},"classes":[]},{"id":766,"url":"http:\/\/imkerei-watermeyer.de\/?p=766","url_meta":{"origin":359,"position":2},"title":"Bienenwachs als Allrounder &#8211; nat\u00fcrliche, selbstgemachte Lippenpflege!","author":"laggenbiene","date":"September 1, 2019","format":false,"excerpt":"Das war eine spannende Erfahrung! Selbstgemachtes Lippenbalsam mit Bienenwachs und aus nur 5 nat\u00fcrlichen Zutaten ganz einfach hergestellt! Ich bin wahnsinnig stolz auf mich und begeistert vom Ergebnis ;-) Das kinderleichte Rezept findet ihr auf unserem Laggenbiene-Blog - LINK in der Bio","rel":"","context":"In &quot;Bienenprodukte&quot;","block_context":{"text":"Bienenprodukte","link":"http:\/\/imkerei-watermeyer.de\/?cat=150"},"img":{"alt_text":"","src":"https:\/\/i0.wp.com\/imkerei-watermeyer.de\/wp-content\/uploads\/2019\/09\/dsc00693-1.jpg?resize=350%2C200","width":350,"height":200,"srcset":"https:\/\/i0.wp.com\/imkerei-watermeyer.de\/wp-content\/uploads\/2019\/09\/dsc00693-1.jpg?resize=350%2C200 1x, https:\/\/i0.wp.com\/imkerei-watermeyer.de\/wp-content\/uploads\/2019\/09\/dsc00693-1.jpg?resize=700%2C400 2x, https:\/\/i0.wp.com\/imkerei-watermeyer.de\/wp-content\/uploads\/2019\/09\/dsc00693-1.jpg?resize=1050%2C600 3x, https:\/\/i0.wp.com\/imkerei-watermeyer.de\/wp-content\/uploads\/2019\/09\/dsc00693-1.jpg?resize=1400%2C800 4x"},"classes":[]},{"id":438,"url":"http:\/\/imkerei-watermeyer.de\/?p=438","url_meta":{"origin":359,"position":3},"title":"K\u00f6nigin gesichtet","author":"Homeraner","date":"August 2, 2017","format":false,"excerpt":"Am letzten Wochenende habe ich es nach \u00fcber 25 Jahren mal wieder ins LWL-Freilichtmuseum Detmold geschafft. Es war hochinteressant, all die alten H\u00f6fe aus Westfalen und dem Lipperland zu sehen. All die gut durchdachten L\u00f6sungen, die unsere Vorfahren schon vor mehreren hundert Jahren parat hatten. Besonderes Augenmerk habe ich als\u2026","rel":"","context":"In &quot;Bienenbilder&quot;","block_context":{"text":"Bienenbilder","link":"http:\/\/imkerei-watermeyer.de\/?cat=2"},"img":{"alt_text":"","src":"https:\/\/i0.wp.com\/imkerei-watermeyer.de\/wp-content\/uploads\/2017\/08\/img_3375.jpg?resize=350%2C200","width":350,"height":200,"srcset":"https:\/\/i0.wp.com\/imkerei-watermeyer.de\/wp-content\/uploads\/2017\/08\/img_3375.jpg?resize=350%2C200 1x, https:\/\/i0.wp.com\/imkerei-watermeyer.de\/wp-content\/uploads\/2017\/08\/img_3375.jpg?resize=700%2C400 2x, https:\/\/i0.wp.com\/imkerei-watermeyer.de\/wp-content\/uploads\/2017\/08\/img_3375.jpg?resize=1050%2C600 3x, https:\/\/i0.wp.com\/imkerei-watermeyer.de\/wp-content\/uploads\/2017\/08\/img_3375.jpg?resize=1400%2C800 4x"},"classes":[]},{"id":150,"url":"http:\/\/imkerei-watermeyer.de\/?p=150","url_meta":{"origin":359,"position":4},"title":"Biene zum Anfassen","author":"Homeraner","date":"Mai 13, 2015","format":false,"excerpt":"Heute war ich mal wieder an unseren Bienen.\u00a0Die Kontrolle der Drohnenr\u00e4hmchen und der Schwarmneigung standen an - und nat\u00fcrlich wirft man dabei auch schon einmal einen Blick in die oberste Etage der Beute, um zu kontrollieren, ob schon Honig eingetragen wurde. Zu den Drohnenr\u00e4hmchen werde ich die Tage noch einen\u2026","rel":"","context":"In &quot;Anatomie der Biene&quot;","block_context":{"text":"Anatomie der Biene","link":"http:\/\/imkerei-watermeyer.de\/?cat=11"},"img":{"alt_text":"","src":"https:\/\/i0.wp.com\/imkerei-watermeyer.de\/wp-content\/uploads\/2015\/05\/IMG_2130-300x225.jpg?resize=350%2C200","width":350,"height":200},"classes":[]},{"id":449,"url":"http:\/\/imkerei-watermeyer.de\/?p=449","url_meta":{"origin":359,"position":5},"title":"Honigernte die 2.","author":"Homeraner","date":"August 5, 2017","format":false,"excerpt":"Am Mittwoch habe ich mit der 2. Honigernte begonnen. Dank der sch\u00f6nen Blumenwiese bei meiner Schulfreundin konnten die Bienen trotz der schlechten Lindentracht noch etwas Honig einsammeln. Morgen werde ich noch in Raesfeld ernten und dann wird geschleudert. Ich rechne mit etwa 20kg Honig. Nicht all zu viel, aber besser\u2026","rel":"","context":"In &quot;Arbeiten rund ums Volk&quot;","block_context":{"text":"Arbeiten rund ums Volk","link":"http:\/\/imkerei-watermeyer.de\/?cat=47"},"img":{"alt_text":"","src":"https:\/\/i0.wp.com\/imkerei-watermeyer.de\/wp-content\/uploads\/2017\/08\/img_3568.jpg?resize=350%2C200","width":350,"height":200,"srcset":"https:\/\/i0.wp.com\/imkerei-watermeyer.de\/wp-content\/uploads\/2017\/08\/img_3568.jpg?resize=350%2C200 1x, https:\/\/i0.wp.com\/imkerei-watermeyer.de\/wp-content\/uploads\/2017\/08\/img_3568.jpg?resize=700%2C400 2x, https:\/\/i0.wp.com\/imkerei-watermeyer.de\/wp-content\/uploads\/2017\/08\/img_3568.jpg?resize=1050%2C600 3x, https:\/\/i0.wp.com\/imkerei-watermeyer.de\/wp-content\/uploads\/2017\/08\/img_3568.jpg?resize=1400%2C800 4x"},"classes":[]}],"_links":{"self":[{"href":"http:\/\/imkerei-watermeyer.de\/index.php?rest_route=\/wp\/v2\/posts\/359"}],"collection":[{"href":"http:\/\/imkerei-watermeyer.de\/index.php?rest_route=\/wp\/v2\/posts"}],"about":[{"href":"http:\/\/imkerei-watermeyer.de\/index.php?rest_route=\/wp\/v2\/types\/post"}],"author":[{"embeddable":true,"href":"http:\/\/imkerei-watermeyer.de\/index.php?rest_route=\/wp\/v2\/users\/1"}],"replies":[{"embeddable":true,"href":"http:\/\/imkerei-watermeyer.de\/index.php?rest_route=%2Fwp%2Fv2%2Fcomments&post=359"}],"version-history":[{"count":2,"href":"http:\/\/imkerei-watermeyer.de\/index.php?rest_route=\/wp\/v2\/posts\/359\/revisions"}],"predecessor-version":[{"id":361,"href":"http:\/\/imkerei-watermeyer.de\/index.php?rest_route=\/wp\/v2\/posts\/359\/revisions\/361"}],"wp:featuredmedia":[{"embeddable":true,"href":"http:\/\/imkerei-watermeyer.de\/index.php?rest_route=\/wp\/v2\/media\/356"}],"wp:attachment":[{"href":"http:\/\/imkerei-watermeyer.de\/index.php?rest_route=%2Fwp%2Fv2%2Fmedia&parent=359"}],"wp:term":[{"taxonomy":"category","embeddable":true,"href":"http:\/\/imkerei-watermeyer.de\/index.php?rest_route=%2Fwp%2Fv2%2Fcategories&post=359"},{"taxonomy":"post_tag","embeddable":true,"href":"http:\/\/imkerei-watermeyer.de\/index.php?rest_route=%2Fwp%2Fv2%2Ftags&post=359"}],"curies":[{"name":"wp","href":"https:\/\/api.w.org\/{rel}","templated":true}]}}