{"id":348,"date":"2017-03-17T19:56:46","date_gmt":"2017-03-17T19:56:46","guid":{"rendered":"http:\/\/imkerei-watermeyer.de\/?p=348"},"modified":"2017-03-17T19:56:46","modified_gmt":"2017-03-17T19:56:46","slug":"neues-etikett-raesfelder-wabenquell","status":"publish","type":"post","link":"http:\/\/imkerei-watermeyer.de\/?p=348","title":{"rendered":"Neues Etikett &#8211; Raesfelder Wabenquell"},"content":{"rendered":"<p>Schon lange war ich ungl\u00fccklich mit den auf dem Markt verf\u00fcgbaren Honigetiketten und das meiner Meinung nach zu biedere Etikett des Deutschen Imkerbunds kam f\u00fcr mich aufgrund seiner mangelnden Aussagekraft auch nicht in Frage.<\/p>\n<p>Ich wollte ein Etikett, dass die herausragenden Eigenschaften des Naturproduktes Imkerhonig widerspiegelt. Das Edle und Hochwertige. Daher war f\u00fcr mich klar, dass ich ein schwarzes Etikett haben wollte, welches im Zusammenspiel mit dem &#8222;goldenen&#8220; Honig besonders edel wirken soll. Ansonsten keine Spielereien, sondern klare Formen und ruhig etwas au\u00dfergew\u00f6hnlich.<\/p>\n<p>Da wir gerade auch unseren Zwinger zur Zucht von Gro\u00dfspitzen gegr\u00fcndet haben (besser gesagt meine Frau Ina) und dieser nun &#8222;vom Bienenbaum&#8220; hei\u00dft, lag es nahe, auch auf dem Etikett eine Verbindung zwischen unseren Spitzen und den Bienen herzustellen. Nachdem ich mir die Grundidee \u00fcberlegt hatte, machte sich mein Vater daran, diese zeichnerisch umzusetzen.<\/p>\n<p><a href=\"http:\/\/imkerei-watermeyer.de\/wp-content\/uploads\/2017\/03\/Entwurf.jpg\"><img data-attachment-id=\"349\" data-permalink=\"http:\/\/imkerei-watermeyer.de\/?attachment_id=349\" data-orig-file=\"http:\/\/imkerei-watermeyer.de\/wp-content\/uploads\/2017\/03\/Entwurf.jpg\" data-orig-size=\"3264,2448\" data-comments-opened=\"1\" data-image-meta=\"{&quot;aperture&quot;:&quot;0&quot;,&quot;credit&quot;:&quot;&quot;,&quot;camera&quot;:&quot;&quot;,&quot;caption&quot;:&quot;&quot;,&quot;created_timestamp&quot;:&quot;0&quot;,&quot;copyright&quot;:&quot;&quot;,&quot;focal_length&quot;:&quot;0&quot;,&quot;iso&quot;:&quot;0&quot;,&quot;shutter_speed&quot;:&quot;0&quot;,&quot;title&quot;:&quot;&quot;,&quot;orientation&quot;:&quot;1&quot;}\" data-image-title=\"Entwurf\" data-image-description=\"\" data-image-caption=\"\" data-medium-file=\"http:\/\/imkerei-watermeyer.de\/wp-content\/uploads\/2017\/03\/Entwurf-300x225.jpg\" data-large-file=\"http:\/\/imkerei-watermeyer.de\/wp-content\/uploads\/2017\/03\/Entwurf-1024x768.jpg\" decoding=\"async\" loading=\"lazy\" class=\"size-medium wp-image-349 aligncenter\" src=\"http:\/\/imkerei-watermeyer.de\/wp-content\/uploads\/2017\/03\/Entwurf-300x225.jpg\" alt=\"\" width=\"300\" height=\"225\" srcset=\"http:\/\/imkerei-watermeyer.de\/wp-content\/uploads\/2017\/03\/Entwurf-300x225.jpg 300w, http:\/\/imkerei-watermeyer.de\/wp-content\/uploads\/2017\/03\/Entwurf-768x576.jpg 768w, http:\/\/imkerei-watermeyer.de\/wp-content\/uploads\/2017\/03\/Entwurf-1024x768.jpg 1024w\" sizes=\"(max-width: 300px) 100vw, 300px\" \/><\/a><\/p>\n<p>Mit dieser zeichnerischen Umsetzung konnte ich dann mit einem Online-Etikettenservice Kontakt aufnehmen und dieser hat mir wirklich super meine Idee digitalisiert und dann auch ausgedruckt. Klar sind diese Etiketten etwas teurer als die Allerweltsetiketten von der Stange, aber ein besonderes Produkt darf auch ein besonderes Etikett haben!<\/p>\n<p>Und somit ist dieses Etikett entstanden:<\/p>\n<div id=\"attachment_350\" style=\"width: 310px\" class=\"wp-caption aligncenter\"><a href=\"http:\/\/imkerei-watermeyer.de\/wp-content\/uploads\/2017\/03\/Etikett.jpg\"><img aria-describedby=\"caption-attachment-350\" data-attachment-id=\"350\" data-permalink=\"http:\/\/imkerei-watermeyer.de\/?attachment_id=350\" data-orig-file=\"http:\/\/imkerei-watermeyer.de\/wp-content\/uploads\/2017\/03\/Etikett.jpg\" data-orig-size=\"4032,3024\" data-comments-opened=\"1\" data-image-meta=\"{&quot;aperture&quot;:&quot;0&quot;,&quot;credit&quot;:&quot;&quot;,&quot;camera&quot;:&quot;&quot;,&quot;caption&quot;:&quot;&quot;,&quot;created_timestamp&quot;:&quot;0&quot;,&quot;copyright&quot;:&quot;&quot;,&quot;focal_length&quot;:&quot;0&quot;,&quot;iso&quot;:&quot;0&quot;,&quot;shutter_speed&quot;:&quot;0&quot;,&quot;title&quot;:&quot;&quot;,&quot;orientation&quot;:&quot;1&quot;}\" data-image-title=\"Etikett\" data-image-description=\"\" data-image-caption=\"\" data-medium-file=\"http:\/\/imkerei-watermeyer.de\/wp-content\/uploads\/2017\/03\/Etikett-300x225.jpg\" data-large-file=\"http:\/\/imkerei-watermeyer.de\/wp-content\/uploads\/2017\/03\/Etikett-1024x768.jpg\" decoding=\"async\" loading=\"lazy\" class=\"wp-image-350 size-medium\" src=\"http:\/\/imkerei-watermeyer.de\/wp-content\/uploads\/2017\/03\/Etikett-300x225.jpg\" alt=\"\" width=\"300\" height=\"225\" srcset=\"http:\/\/imkerei-watermeyer.de\/wp-content\/uploads\/2017\/03\/Etikett-300x225.jpg 300w, http:\/\/imkerei-watermeyer.de\/wp-content\/uploads\/2017\/03\/Etikett-768x576.jpg 768w, http:\/\/imkerei-watermeyer.de\/wp-content\/uploads\/2017\/03\/Etikett-1024x768.jpg 1024w\" sizes=\"(max-width: 300px) 100vw, 300px\" \/><\/a><p id=\"caption-attachment-350\" class=\"wp-caption-text\">Mein neues Hongietikett<\/p><\/div>\n<p>Ich w\u00fcrde mich freuen, wenn ihr mir eure Meinung dazu schicken w\u00fcrdet!<\/p>\n<p>\u00dcbrigens, wie das folgende Foto zeigt, gibt es durchaus einen Bezug zwischen unseren Hunden und den Bienen ;-)!<\/p>\n<div id=\"attachment_351\" style=\"width: 235px\" class=\"wp-caption aligncenter\"><a href=\"http:\/\/imkerei-watermeyer.de\/wp-content\/uploads\/2017\/03\/Bella-an-den-Bienen.jpg\"><img aria-describedby=\"caption-attachment-351\" data-attachment-id=\"351\" data-permalink=\"http:\/\/imkerei-watermeyer.de\/?attachment_id=351\" data-orig-file=\"http:\/\/imkerei-watermeyer.de\/wp-content\/uploads\/2017\/03\/Bella-an-den-Bienen.jpg\" data-orig-size=\"3024,4032\" data-comments-opened=\"1\" data-image-meta=\"{&quot;aperture&quot;:&quot;0&quot;,&quot;credit&quot;:&quot;&quot;,&quot;camera&quot;:&quot;&quot;,&quot;caption&quot;:&quot;&quot;,&quot;created_timestamp&quot;:&quot;0&quot;,&quot;copyright&quot;:&quot;&quot;,&quot;focal_length&quot;:&quot;0&quot;,&quot;iso&quot;:&quot;0&quot;,&quot;shutter_speed&quot;:&quot;0&quot;,&quot;title&quot;:&quot;&quot;,&quot;orientation&quot;:&quot;0&quot;}\" data-image-title=\"Bella an den Bienen\" data-image-description=\"\" data-image-caption=\"&lt;p&gt;Bella ist neugierig&lt;\/p&gt;\n\" data-medium-file=\"http:\/\/imkerei-watermeyer.de\/wp-content\/uploads\/2017\/03\/Bella-an-den-Bienen-225x300.jpg\" data-large-file=\"http:\/\/imkerei-watermeyer.de\/wp-content\/uploads\/2017\/03\/Bella-an-den-Bienen-768x1024.jpg\" decoding=\"async\" loading=\"lazy\" class=\"size-medium wp-image-351\" src=\"http:\/\/imkerei-watermeyer.de\/wp-content\/uploads\/2017\/03\/Bella-an-den-Bienen-225x300.jpg\" alt=\"\" width=\"225\" height=\"300\" srcset=\"http:\/\/imkerei-watermeyer.de\/wp-content\/uploads\/2017\/03\/Bella-an-den-Bienen-225x300.jpg 225w, http:\/\/imkerei-watermeyer.de\/wp-content\/uploads\/2017\/03\/Bella-an-den-Bienen-768x1024.jpg 768w\" sizes=\"(max-width: 225px) 100vw, 225px\" \/><\/a><p id=\"caption-attachment-351\" class=\"wp-caption-text\">Bella ist neugierig<\/p><\/div>\n","protected":false},"excerpt":{"rendered":"<p>Schon lange war ich ungl\u00fccklich mit den auf dem Markt verf\u00fcgbaren Honigetiketten und das meiner Meinung nach zu biedere Etikett des Deutschen Imkerbunds kam f\u00fcr mich aufgrund seiner mangelnden Aussagekraft auch nicht in Frage. Ich wollte ein Etikett, dass die herausragenden Eigenschaften des Naturproduktes Imkerhonig widerspiegelt. Das Edle und Hochwertige. [&hellip;]<\/p>\n","protected":false},"author":1,"featured_media":350,"comment_status":"open","ping_status":"open","sticky":false,"template":"","format":"standard","meta":{"jetpack_post_was_ever_published":false,"_jetpack_newsletter_access":"","jetpack_publicize_message":"","jetpack_is_tweetstorm":false,"jetpack_publicize_feature_enabled":true,"jetpack_social_post_already_shared":false,"jetpack_social_options":{"image_generator_settings":{"template":"highway","enabled":false}}},"categories":[33],"tags":[58,24,57],"jetpack_publicize_connections":[],"jetpack_featured_media_url":"http:\/\/imkerei-watermeyer.de\/wp-content\/uploads\/2017\/03\/Etikett.jpg","jetpack_sharing_enabled":true,"jetpack_shortlink":"https:\/\/wp.me\/p9uDaz-5C","jetpack_likes_enabled":true,"jetpack-related-posts":[{"id":614,"url":"http:\/\/imkerei-watermeyer.de\/?p=614","url_meta":{"origin":348,"position":0},"title":"Aller Anfang ist &#8211; Rosmarin und Knoblauch&#8230;!","author":"laggenbiene","date":"Juli 14, 2019","format":false,"excerpt":"Ein allererster Blogbeitrag ist nicht einfach auszusuchen - muss es \"knallen\"? - muss es tiefgr\u00fcndig sein? - muss es besonders professionell wirken? Nein! Auch wenn man sich das schon vorher immer wie ein Mantra sagt - es dann auch wirklich zu beherzigen, ist die andere Sache... ;-) Es hat mich\u2026","rel":"","context":"In &quot;Kr\u00e4uter und Gew\u00fcrze&quot;","block_context":{"text":"Kr\u00e4uter und Gew\u00fcrze","link":"http:\/\/imkerei-watermeyer.de\/?cat=82"},"img":{"alt_text":"","src":"https:\/\/i0.wp.com\/imkerei-watermeyer.de\/wp-content\/uploads\/2019\/07\/org_dsc00145.jpg?resize=350%2C200","width":350,"height":200,"srcset":"https:\/\/i0.wp.com\/imkerei-watermeyer.de\/wp-content\/uploads\/2019\/07\/org_dsc00145.jpg?resize=350%2C200 1x, https:\/\/i0.wp.com\/imkerei-watermeyer.de\/wp-content\/uploads\/2019\/07\/org_dsc00145.jpg?resize=700%2C400 2x, https:\/\/i0.wp.com\/imkerei-watermeyer.de\/wp-content\/uploads\/2019\/07\/org_dsc00145.jpg?resize=1050%2C600 3x, https:\/\/i0.wp.com\/imkerei-watermeyer.de\/wp-content\/uploads\/2019\/07\/org_dsc00145.jpg?resize=1400%2C800 4x"},"classes":[]},{"id":150,"url":"http:\/\/imkerei-watermeyer.de\/?p=150","url_meta":{"origin":348,"position":1},"title":"Biene zum Anfassen","author":"Homeraner","date":"Mai 13, 2015","format":false,"excerpt":"Heute war ich mal wieder an unseren Bienen.\u00a0Die Kontrolle der Drohnenr\u00e4hmchen und der Schwarmneigung standen an - und nat\u00fcrlich wirft man dabei auch schon einmal einen Blick in die oberste Etage der Beute, um zu kontrollieren, ob schon Honig eingetragen wurde. Zu den Drohnenr\u00e4hmchen werde ich die Tage noch einen\u2026","rel":"","context":"In &quot;Anatomie der Biene&quot;","block_context":{"text":"Anatomie der Biene","link":"http:\/\/imkerei-watermeyer.de\/?cat=11"},"img":{"alt_text":"","src":"https:\/\/i0.wp.com\/imkerei-watermeyer.de\/wp-content\/uploads\/2015\/05\/IMG_2130-300x225.jpg?resize=350%2C200","width":350,"height":200},"classes":[]},{"id":544,"url":"http:\/\/imkerei-watermeyer.de\/?p=544","url_meta":{"origin":348,"position":2},"title":"Backen mit Honig","author":"Homeraner","date":"Dezember 23, 2018","format":false,"excerpt":"Nachdem ich nun lange Zeit nichts mehr von mir habe h\u00f6ren lassen, finde ich nun endlich wieder Zeit, euch \u00fcber mein Hobby die Imkerei zu unterrichten. Heute m\u00f6chte ich euch anhand eines Hefezopfes zeigen, wie gut man mit Honig backen kann. Irgendwie hat mich n\u00e4mlich der Ehrgeiz gepackt, den normalen\u2026","rel":"","context":"In \"backen\"","block_context":{"text":"backen","link":"http:\/\/imkerei-watermeyer.de\/?tag=backen"},"img":{"alt_text":"","src":"https:\/\/i0.wp.com\/imkerei-watermeyer.de\/wp-content\/uploads\/2018\/12\/img_3164.jpg?resize=350%2C200","width":350,"height":200,"srcset":"https:\/\/i0.wp.com\/imkerei-watermeyer.de\/wp-content\/uploads\/2018\/12\/img_3164.jpg?resize=350%2C200 1x, https:\/\/i0.wp.com\/imkerei-watermeyer.de\/wp-content\/uploads\/2018\/12\/img_3164.jpg?resize=700%2C400 2x, https:\/\/i0.wp.com\/imkerei-watermeyer.de\/wp-content\/uploads\/2018\/12\/img_3164.jpg?resize=1050%2C600 3x, https:\/\/i0.wp.com\/imkerei-watermeyer.de\/wp-content\/uploads\/2018\/12\/img_3164.jpg?resize=1400%2C800 4x"},"classes":[]},{"id":455,"url":"http:\/\/imkerei-watermeyer.de\/?p=455","url_meta":{"origin":348,"position":3},"title":"So unterschiedlich kann Honig sein","author":"Homeraner","date":"August 7, 2017","format":false,"excerpt":"Es mag ein \"Vorteil\" der industriellen Produktion sein, dass die meisten Lebensmittel heutzutage immer gleich schmecken und standardisiert sind. Auch auf den Honig bekannter Marken trifft dies zu.\u00a0 Was f\u00fcr die einen ein unabdingbarer Vorteil ist, ist f\u00fcr andere einfach nur langweilig. Wer sich darauf einlassen m\u00f6chte, dass zum Beispiel\u2026","rel":"","context":"In &quot;Honig-Vermarktung&quot;","block_context":{"text":"Honig-Vermarktung","link":"http:\/\/imkerei-watermeyer.de\/?cat=33"},"img":{"alt_text":"","src":"https:\/\/i0.wp.com\/imkerei-watermeyer.de\/wp-content\/uploads\/2017\/08\/img_3628.jpg?resize=350%2C200","width":350,"height":200,"srcset":"https:\/\/i0.wp.com\/imkerei-watermeyer.de\/wp-content\/uploads\/2017\/08\/img_3628.jpg?resize=350%2C200 1x, https:\/\/i0.wp.com\/imkerei-watermeyer.de\/wp-content\/uploads\/2017\/08\/img_3628.jpg?resize=700%2C400 2x"},"classes":[]},{"id":1305,"url":"http:\/\/imkerei-watermeyer.de\/?p=1305","url_meta":{"origin":348,"position":4},"title":"Amy und Cees","author":"laggenbiene","date":"Juli 22, 2025","format":false,"excerpt":"Wie in meinem Beitrag \u00fcber unser Ausstellungsjahr 2024 geschrieben, haben wir bei der internationalen Hundeausstellung CACIB Kassel die Z\u00fcchterin Silvia Bayer und ihre H\u00fcndin Amy kennengelernt. Silvia war so angetan von unserem Cees, dass sie diesen unbedingt f\u00fcr den ersten Wurf von Amy als Deckr\u00fcden haben wollte. Amy selber zeigte\u2026","rel":"","context":"In &quot;Gro\u00dfspitze&quot;","block_context":{"text":"Gro\u00dfspitze","link":"http:\/\/imkerei-watermeyer.de\/?cat=192"},"img":{"alt_text":"","src":"https:\/\/i0.wp.com\/imkerei-watermeyer.de\/wp-content\/uploads\/2025\/07\/4935508b-cf53-4634-bad5-78ed7046baae-1.jpg?resize=350%2C200","width":350,"height":200,"srcset":"https:\/\/i0.wp.com\/imkerei-watermeyer.de\/wp-content\/uploads\/2025\/07\/4935508b-cf53-4634-bad5-78ed7046baae-1.jpg?resize=350%2C200 1x, https:\/\/i0.wp.com\/imkerei-watermeyer.de\/wp-content\/uploads\/2025\/07\/4935508b-cf53-4634-bad5-78ed7046baae-1.jpg?resize=700%2C400 2x, https:\/\/i0.wp.com\/imkerei-watermeyer.de\/wp-content\/uploads\/2025\/07\/4935508b-cf53-4634-bad5-78ed7046baae-1.jpg?resize=1050%2C600 3x, https:\/\/i0.wp.com\/imkerei-watermeyer.de\/wp-content\/uploads\/2025\/07\/4935508b-cf53-4634-bad5-78ed7046baae-1.jpg?resize=1400%2C800 4x"},"classes":[]},{"id":655,"url":"http:\/\/imkerei-watermeyer.de\/?p=655","url_meta":{"origin":348,"position":5},"title":"Honigernte &#8211; Sp\u00e4ttracht","author":"Homeraner","date":"Juli 21, 2019","format":false,"excerpt":"Am letzten Mittwoch konnten wir wieder Honig ernten. W\u00e4hrend der Lindenbl\u00fcte konnten die Bienen so einiges an Nektar eintragen und in M\u00fcnster-Amelsb\u00fcren haben sie sich auch flei\u00dfig an der dort angelegten Blumenwiese bedient. Biene in der Wildblumenwiese Die Bienen haben das k\u00e4ltere Wetter der Tage zuvor genutzt und haben den\u2026","rel":"","context":"In &quot;Bienenbilder&quot;","block_context":{"text":"Bienenbilder","link":"http:\/\/imkerei-watermeyer.de\/?cat=2"},"img":{"alt_text":"","src":"https:\/\/i0.wp.com\/imkerei-watermeyer.de\/wp-content\/uploads\/2019\/07\/dsc00166-5.jpg?resize=350%2C200","width":350,"height":200,"srcset":"https:\/\/i0.wp.com\/imkerei-watermeyer.de\/wp-content\/uploads\/2019\/07\/dsc00166-5.jpg?resize=350%2C200 1x, https:\/\/i0.wp.com\/imkerei-watermeyer.de\/wp-content\/uploads\/2019\/07\/dsc00166-5.jpg?resize=700%2C400 2x, https:\/\/i0.wp.com\/imkerei-watermeyer.de\/wp-content\/uploads\/2019\/07\/dsc00166-5.jpg?resize=1050%2C600 3x, https:\/\/i0.wp.com\/imkerei-watermeyer.de\/wp-content\/uploads\/2019\/07\/dsc00166-5.jpg?resize=1400%2C800 4x"},"classes":[]}],"_links":{"self":[{"href":"http:\/\/imkerei-watermeyer.de\/index.php?rest_route=\/wp\/v2\/posts\/348"}],"collection":[{"href":"http:\/\/imkerei-watermeyer.de\/index.php?rest_route=\/wp\/v2\/posts"}],"about":[{"href":"http:\/\/imkerei-watermeyer.de\/index.php?rest_route=\/wp\/v2\/types\/post"}],"author":[{"embeddable":true,"href":"http:\/\/imkerei-watermeyer.de\/index.php?rest_route=\/wp\/v2\/users\/1"}],"replies":[{"embeddable":true,"href":"http:\/\/imkerei-watermeyer.de\/index.php?rest_route=%2Fwp%2Fv2%2Fcomments&post=348"}],"version-history":[{"count":1,"href":"http:\/\/imkerei-watermeyer.de\/index.php?rest_route=\/wp\/v2\/posts\/348\/revisions"}],"predecessor-version":[{"id":352,"href":"http:\/\/imkerei-watermeyer.de\/index.php?rest_route=\/wp\/v2\/posts\/348\/revisions\/352"}],"wp:featuredmedia":[{"embeddable":true,"href":"http:\/\/imkerei-watermeyer.de\/index.php?rest_route=\/wp\/v2\/media\/350"}],"wp:attachment":[{"href":"http:\/\/imkerei-watermeyer.de\/index.php?rest_route=%2Fwp%2Fv2%2Fmedia&parent=348"}],"wp:term":[{"taxonomy":"category","embeddable":true,"href":"http:\/\/imkerei-watermeyer.de\/index.php?rest_route=%2Fwp%2Fv2%2Fcategories&post=348"},{"taxonomy":"post_tag","embeddable":true,"href":"http:\/\/imkerei-watermeyer.de\/index.php?rest_route=%2Fwp%2Fv2%2Ftags&post=348"}],"curies":[{"name":"wp","href":"https:\/\/api.w.org\/{rel}","templated":true}]}}