{"id":345,"date":"2016-10-01T12:31:14","date_gmt":"2016-10-01T12:31:14","guid":{"rendered":"http:\/\/imkerei-watermeyer.de\/?p=345"},"modified":"2016-10-01T12:31:14","modified_gmt":"2016-10-01T12:31:14","slug":"hochbetrieb-im-efeu","status":"publish","type":"post","link":"http:\/\/imkerei-watermeyer.de\/?p=345","title":{"rendered":"Hochbetrieb im Efeu\u00a0"},"content":{"rendered":"<p>Wie im letzten Jahr bin ich auch nun wieder fasziniert, wie viele Bienen und andere Insekten durch den bl\u00fchenden Efeu angelockt werden.<\/p>\n<p>Bei angenehmen 16 Grad Celsius, Sonnenschein und kaum vorhandenen Wind herrscht reges Treiben an den Efeubl\u00fcten:<\/p>\n<p>\u200b\u200b<br \/>\n<video webkit-playsinline=\"\" poster=\"\" onclick=\"\" src=\"http:\/\/imkerei-watermeyer.de\/wp-content\/uploads\/2016\/10\/img_4496.mov\" controls=\"controls\" preload=\"metadata\"><\/video>\u200b<\/p>\n<p>\u200b\u200b<br \/>\nAuf der sehr gut gemachten Internetseite&nbsp;<a href=\"http:\/\/www.die-honigmacher.de\">Die Honigmacher<\/a>&nbsp;k\u00f6nnt ihr neben vielen wissenswerten Informationen \u00fcber die Bienen auch einiges \u00fcber Pflanzen und deren Nutzen f\u00fcr die Bienen erfahren. So gibt es im sogenannten Herbarium auch einen Steckbrief zum Efeu:&nbsp;<a href=\"http:\/\/www.die-honigmacher.de\/kurs2\/pflanze_6.html\">Steckbrief Efeu<\/a>.<\/p>\n<p>H\u00e4ttet ihr sonst gewusst, dass der Efeu ein reiches Angebot an Nektar und Pollen f\u00fcr die Bienen parat h\u00e4lt?<\/p>\n<p>Hier noch ein paar Bienensuchbilder aus unserem Efeu (einfach \u00f6ffnen und zur Not etwas rein zoomen):<\/p>\n<p><a href=\"http:\/\/imkerei-watermeyer.de\/wp-content\/uploads\/2016\/10\/img_4470.jpg\"><img data-attachment-id=\"341\" data-permalink=\"http:\/\/imkerei-watermeyer.de\/?attachment_id=341\" data-orig-file=\"http:\/\/imkerei-watermeyer.de\/wp-content\/uploads\/2016\/10\/img_4470.jpg\" data-orig-size=\"3264,2448\" data-comments-opened=\"1\" data-image-meta=\"{&quot;aperture&quot;:&quot;2.2&quot;,&quot;credit&quot;:&quot;&quot;,&quot;camera&quot;:&quot;iPhone 6&quot;,&quot;caption&quot;:&quot;&quot;,&quot;created_timestamp&quot;:&quot;1475252652&quot;,&quot;copyright&quot;:&quot;&quot;,&quot;focal_length&quot;:&quot;4.15&quot;,&quot;iso&quot;:&quot;32&quot;,&quot;shutter_speed&quot;:&quot;0.0019960079840319&quot;,&quot;title&quot;:&quot;&quot;,&quot;orientation&quot;:&quot;1&quot;}\" data-image-title=\"img_4470.jpg\" data-image-description=\"\" data-image-caption=\"\" data-medium-file=\"http:\/\/imkerei-watermeyer.de\/wp-content\/uploads\/2016\/10\/img_4470-300x225.jpg\" data-large-file=\"http:\/\/imkerei-watermeyer.de\/wp-content\/uploads\/2016\/10\/img_4470-1024x768.jpg\" decoding=\"async\" loading=\"lazy\" src=\"http:\/\/imkerei-watermeyer.de\/wp-content\/uploads\/2016\/10\/img_4470.jpg\" alt=\"\" width=\"3264\" height=\"2448\" class=\"alignnone size-full wp-image-341\" srcset=\"http:\/\/imkerei-watermeyer.de\/wp-content\/uploads\/2016\/10\/img_4470.jpg 3264w, http:\/\/imkerei-watermeyer.de\/wp-content\/uploads\/2016\/10\/img_4470-300x225.jpg 300w, http:\/\/imkerei-watermeyer.de\/wp-content\/uploads\/2016\/10\/img_4470-1024x768.jpg 1024w\" sizes=\"(max-width: 3264px) 100vw, 3264px\" \/><\/a><a href=\"http:\/\/imkerei-watermeyer.de\/wp-content\/uploads\/2016\/10\/img_4472.jpg\"><img data-attachment-id=\"342\" data-permalink=\"http:\/\/imkerei-watermeyer.de\/?attachment_id=342\" data-orig-file=\"http:\/\/imkerei-watermeyer.de\/wp-content\/uploads\/2016\/10\/img_4472.jpg\" data-orig-size=\"3264,2448\" data-comments-opened=\"1\" data-image-meta=\"{&quot;aperture&quot;:&quot;2.2&quot;,&quot;credit&quot;:&quot;&quot;,&quot;camera&quot;:&quot;iPhone 6&quot;,&quot;caption&quot;:&quot;&quot;,&quot;created_timestamp&quot;:&quot;1475252657&quot;,&quot;copyright&quot;:&quot;&quot;,&quot;focal_length&quot;:&quot;4.15&quot;,&quot;iso&quot;:&quot;32&quot;,&quot;shutter_speed&quot;:&quot;0.0013404825737265&quot;,&quot;title&quot;:&quot;&quot;,&quot;orientation&quot;:&quot;1&quot;}\" data-image-title=\"img_4472.jpg\" data-image-description=\"\" data-image-caption=\"\" data-medium-file=\"http:\/\/imkerei-watermeyer.de\/wp-content\/uploads\/2016\/10\/img_4472-300x225.jpg\" data-large-file=\"http:\/\/imkerei-watermeyer.de\/wp-content\/uploads\/2016\/10\/img_4472-1024x768.jpg\" decoding=\"async\" loading=\"lazy\" src=\"http:\/\/imkerei-watermeyer.de\/wp-content\/uploads\/2016\/10\/img_4472.jpg\" alt=\"\" width=\"3264\" height=\"2448\" class=\"alignnone size-full wp-image-342\" srcset=\"http:\/\/imkerei-watermeyer.de\/wp-content\/uploads\/2016\/10\/img_4472.jpg 3264w, http:\/\/imkerei-watermeyer.de\/wp-content\/uploads\/2016\/10\/img_4472-300x225.jpg 300w, http:\/\/imkerei-watermeyer.de\/wp-content\/uploads\/2016\/10\/img_4472-1024x768.jpg 1024w\" sizes=\"(max-width: 3264px) 100vw, 3264px\" \/><\/a><a href=\"http:\/\/imkerei-watermeyer.de\/wp-content\/uploads\/2016\/10\/img_4474.jpg\"><img data-attachment-id=\"343\" data-permalink=\"http:\/\/imkerei-watermeyer.de\/?attachment_id=343\" data-orig-file=\"http:\/\/imkerei-watermeyer.de\/wp-content\/uploads\/2016\/10\/img_4474.jpg\" data-orig-size=\"3264,2448\" data-comments-opened=\"1\" data-image-meta=\"{&quot;aperture&quot;:&quot;2.2&quot;,&quot;credit&quot;:&quot;&quot;,&quot;camera&quot;:&quot;iPhone 6&quot;,&quot;caption&quot;:&quot;&quot;,&quot;created_timestamp&quot;:&quot;1475252666&quot;,&quot;copyright&quot;:&quot;&quot;,&quot;focal_length&quot;:&quot;4.15&quot;,&quot;iso&quot;:&quot;32&quot;,&quot;shutter_speed&quot;:&quot;0.0015174506828528&quot;,&quot;title&quot;:&quot;&quot;,&quot;orientation&quot;:&quot;1&quot;}\" data-image-title=\"img_4474.jpg\" data-image-description=\"\" data-image-caption=\"\" data-medium-file=\"http:\/\/imkerei-watermeyer.de\/wp-content\/uploads\/2016\/10\/img_4474-300x225.jpg\" data-large-file=\"http:\/\/imkerei-watermeyer.de\/wp-content\/uploads\/2016\/10\/img_4474-1024x768.jpg\" decoding=\"async\" loading=\"lazy\" src=\"http:\/\/imkerei-watermeyer.de\/wp-content\/uploads\/2016\/10\/img_4474.jpg\" alt=\"\" width=\"3264\" height=\"2448\" class=\"alignnone size-full wp-image-343\" srcset=\"http:\/\/imkerei-watermeyer.de\/wp-content\/uploads\/2016\/10\/img_4474.jpg 3264w, http:\/\/imkerei-watermeyer.de\/wp-content\/uploads\/2016\/10\/img_4474-300x225.jpg 300w, http:\/\/imkerei-watermeyer.de\/wp-content\/uploads\/2016\/10\/img_4474-1024x768.jpg 1024w\" sizes=\"(max-width: 3264px) 100vw, 3264px\" \/><\/a><\/p>\n","protected":false},"excerpt":{"rendered":"<p>Wie im letzten Jahr bin ich auch nun wieder fasziniert, wie viele Bienen und andere Insekten durch den bl\u00fchenden Efeu angelockt werden. Bei angenehmen 16 Grad Celsius, Sonnenschein und kaum vorhandenen Wind herrscht reges Treiben an den Efeubl\u00fcten: \u200b\u200b \u200b \u200b\u200b Auf der sehr gut gemachten Internetseite&nbsp;Die Honigmacher&nbsp;k\u00f6nnt ihr neben [&hellip;]<\/p>\n","protected":false},"author":1,"featured_media":0,"comment_status":"open","ping_status":"open","sticky":false,"template":"","format":"standard","meta":{"jetpack_post_was_ever_published":false,"_jetpack_newsletter_access":"","jetpack_publicize_message":"","jetpack_is_tweetstorm":false,"jetpack_publicize_feature_enabled":true,"jetpack_social_post_already_shared":false,"jetpack_social_options":{"image_generator_settings":{"template":"highway","enabled":false}}},"categories":[2,3],"tags":[44,30,56],"jetpack_publicize_connections":[],"jetpack_featured_media_url":"","jetpack_sharing_enabled":true,"jetpack_shortlink":"https:\/\/wp.me\/p9uDaz-5z","jetpack_likes_enabled":true,"jetpack-related-posts":[{"id":227,"url":"http:\/\/imkerei-watermeyer.de\/?p=227","url_meta":{"origin":345,"position":0},"title":"Wenn man ihn denn l\u00e4sst,&#8230;","author":"Homeraner","date":"Oktober 25, 2015","format":false,"excerpt":"...bl\u00fcht der Efeu im September\/Oktober. Dann bietet das sonst als lebloses Friedhofskraut bekannte Rankgew\u00e4chs den Bienen eine letzte Nektarnahrung, bevor die lange bl\u00fctenlose Winterzeit beginnt. Da der Efeu aufgrund seines schnellen Wuchses und seiner Verwendung als gr\u00fcne Wand meist Jahr f\u00fcr Jahr zur\u00fcckgeschnitten wird, k\u00f6nnen sich meistens keine Bl\u00fcten bilden.\u2026","rel":"","context":"In &quot;Natur&quot;","block_context":{"text":"Natur","link":"http:\/\/imkerei-watermeyer.de\/?cat=3"},"img":{"alt_text":"","src":"https:\/\/i0.wp.com\/imkerei-watermeyer.de\/wp-content\/uploads\/2015\/10\/IMG_5332-0.jpg?resize=350%2C200","width":350,"height":200,"srcset":"https:\/\/i0.wp.com\/imkerei-watermeyer.de\/wp-content\/uploads\/2015\/10\/IMG_5332-0.jpg?resize=350%2C200 1x, https:\/\/i0.wp.com\/imkerei-watermeyer.de\/wp-content\/uploads\/2015\/10\/IMG_5332-0.jpg?resize=700%2C400 2x, https:\/\/i0.wp.com\/imkerei-watermeyer.de\/wp-content\/uploads\/2015\/10\/IMG_5332-0.jpg?resize=1050%2C600 3x, https:\/\/i0.wp.com\/imkerei-watermeyer.de\/wp-content\/uploads\/2015\/10\/IMG_5332-0.jpg?resize=1400%2C800 4x"},"classes":[]},{"id":236,"url":"http:\/\/imkerei-watermeyer.de\/?p=236","url_meta":{"origin":345,"position":1},"title":"Die gro\u00dfe Cousine\u00a0","author":"Homeraner","date":"November 9, 2015","format":false,"excerpt":"Bienen und Wespen geh\u00f6ren innerhalb der Insekten zur gleichen Gruppe. Beide geh\u00f6ren zur Gruppe der Hautfl\u00fcgler. W\u00e4hrend die Deutsche Wespe und die gemeine Wespe ungef\u00e4hr die Gr\u00f6\u00dfe einer Honigbiene haben und der breiten Bev\u00f6lkerung wegen ihrer ungebetenen Gastbesuche an hochsommerlichen Kaffeetafeln und Grillveranstaltungen bekannt sind, ist deren gro\u00dfe Schwester den\u2026","rel":"","context":"In &quot;Bienenbilder&quot;","block_context":{"text":"Bienenbilder","link":"http:\/\/imkerei-watermeyer.de\/?cat=2"},"img":{"alt_text":"","src":"https:\/\/i0.wp.com\/imkerei-watermeyer.de\/wp-content\/uploads\/2015\/11\/IMG_5331.jpg?resize=350%2C200","width":350,"height":200,"srcset":"https:\/\/i0.wp.com\/imkerei-watermeyer.de\/wp-content\/uploads\/2015\/11\/IMG_5331.jpg?resize=350%2C200 1x, https:\/\/i0.wp.com\/imkerei-watermeyer.de\/wp-content\/uploads\/2015\/11\/IMG_5331.jpg?resize=700%2C400 2x, https:\/\/i0.wp.com\/imkerei-watermeyer.de\/wp-content\/uploads\/2015\/11\/IMG_5331.jpg?resize=1050%2C600 3x, https:\/\/i0.wp.com\/imkerei-watermeyer.de\/wp-content\/uploads\/2015\/11\/IMG_5331.jpg?resize=1400%2C800 4x"},"classes":[]},{"id":879,"url":"http:\/\/imkerei-watermeyer.de\/?p=879","url_meta":{"origin":345,"position":2},"title":"Erste Ver\u00e4nderungen im neuen Garten","author":"Homeraner","date":"Mai 3, 2020","format":false,"excerpt":"Nachdem wir Anfang Februar ein neues Zuhause f\u00fcr die Laggenbiene gekauft haben, hat Daniel seine freie Zeit im April dazu genutzt, erste Ver\u00e4nderungen im Garten anzugehen. Vor unseren \u00c4nderungen Am Aufgang zum Haus war ein Beet komplett mit Efeu zugewuchert und Ahorn und Birke hatten sich dort wild ausges\u00e4t. Dieses\u2026","rel":"","context":"In &quot;Garten&quot;","block_context":{"text":"Garten","link":"http:\/\/imkerei-watermeyer.de\/?cat=163"},"img":{"alt_text":"","src":"https:\/\/i0.wp.com\/imkerei-watermeyer.de\/wp-content\/uploads\/2020\/04\/img_7107.jpg?resize=350%2C200","width":350,"height":200,"srcset":"https:\/\/i0.wp.com\/imkerei-watermeyer.de\/wp-content\/uploads\/2020\/04\/img_7107.jpg?resize=350%2C200 1x, https:\/\/i0.wp.com\/imkerei-watermeyer.de\/wp-content\/uploads\/2020\/04\/img_7107.jpg?resize=700%2C400 2x, https:\/\/i0.wp.com\/imkerei-watermeyer.de\/wp-content\/uploads\/2020\/04\/img_7107.jpg?resize=1050%2C600 3x, https:\/\/i0.wp.com\/imkerei-watermeyer.de\/wp-content\/uploads\/2020\/04\/img_7107.jpg?resize=1400%2C800 4x"},"classes":[]},{"id":153,"url":"http:\/\/imkerei-watermeyer.de\/?p=153","url_meta":{"origin":345,"position":3},"title":"Vatertag bei den Bienen","author":"Homeraner","date":"Mai 14, 2015","format":false,"excerpt":"Zugegebenerma\u00dfen sind die Bilder, die ich euch heute vorstelle, schon gestern entstanden. Auf den Bildern k\u00f6nnt ihr beobachten, wie Drohnenbrut schl\u00fcpft. Waben mit Drohnenbrut erkennt ihr daran, dass die Waben mit einem Buckel verdeckelt sind, w\u00e4hrend die Waben mit Arbeiterinnenbrut glatt verdeckelt ist. Au\u00dferdem sind die Waben f\u00fcr die Drohnen\u2026","rel":"","context":"In &quot;Bienenbilder&quot;","block_context":{"text":"Bienenbilder","link":"http:\/\/imkerei-watermeyer.de\/?cat=2"},"img":{"alt_text":"","src":"https:\/\/i0.wp.com\/imkerei-watermeyer.de\/wp-content\/uploads\/2015\/05\/IMG_2124-300x225.jpg?resize=350%2C200","width":350,"height":200},"classes":[]},{"id":438,"url":"http:\/\/imkerei-watermeyer.de\/?p=438","url_meta":{"origin":345,"position":4},"title":"K\u00f6nigin gesichtet","author":"Homeraner","date":"August 2, 2017","format":false,"excerpt":"Am letzten Wochenende habe ich es nach \u00fcber 25 Jahren mal wieder ins LWL-Freilichtmuseum Detmold geschafft. Es war hochinteressant, all die alten H\u00f6fe aus Westfalen und dem Lipperland zu sehen. All die gut durchdachten L\u00f6sungen, die unsere Vorfahren schon vor mehreren hundert Jahren parat hatten. Besonderes Augenmerk habe ich als\u2026","rel":"","context":"In &quot;Bienenbilder&quot;","block_context":{"text":"Bienenbilder","link":"http:\/\/imkerei-watermeyer.de\/?cat=2"},"img":{"alt_text":"","src":"https:\/\/i0.wp.com\/imkerei-watermeyer.de\/wp-content\/uploads\/2017\/08\/img_3375.jpg?resize=350%2C200","width":350,"height":200,"srcset":"https:\/\/i0.wp.com\/imkerei-watermeyer.de\/wp-content\/uploads\/2017\/08\/img_3375.jpg?resize=350%2C200 1x, https:\/\/i0.wp.com\/imkerei-watermeyer.de\/wp-content\/uploads\/2017\/08\/img_3375.jpg?resize=700%2C400 2x, https:\/\/i0.wp.com\/imkerei-watermeyer.de\/wp-content\/uploads\/2017\/08\/img_3375.jpg?resize=1050%2C600 3x, https:\/\/i0.wp.com\/imkerei-watermeyer.de\/wp-content\/uploads\/2017\/08\/img_3375.jpg?resize=1400%2C800 4x"},"classes":[]},{"id":150,"url":"http:\/\/imkerei-watermeyer.de\/?p=150","url_meta":{"origin":345,"position":5},"title":"Biene zum Anfassen","author":"Homeraner","date":"Mai 13, 2015","format":false,"excerpt":"Heute war ich mal wieder an unseren Bienen.\u00a0Die Kontrolle der Drohnenr\u00e4hmchen und der Schwarmneigung standen an - und nat\u00fcrlich wirft man dabei auch schon einmal einen Blick in die oberste Etage der Beute, um zu kontrollieren, ob schon Honig eingetragen wurde. Zu den Drohnenr\u00e4hmchen werde ich die Tage noch einen\u2026","rel":"","context":"In &quot;Anatomie der Biene&quot;","block_context":{"text":"Anatomie der Biene","link":"http:\/\/imkerei-watermeyer.de\/?cat=11"},"img":{"alt_text":"","src":"https:\/\/i0.wp.com\/imkerei-watermeyer.de\/wp-content\/uploads\/2015\/05\/IMG_2130-300x225.jpg?resize=350%2C200","width":350,"height":200},"classes":[]}],"_links":{"self":[{"href":"http:\/\/imkerei-watermeyer.de\/index.php?rest_route=\/wp\/v2\/posts\/345"}],"collection":[{"href":"http:\/\/imkerei-watermeyer.de\/index.php?rest_route=\/wp\/v2\/posts"}],"about":[{"href":"http:\/\/imkerei-watermeyer.de\/index.php?rest_route=\/wp\/v2\/types\/post"}],"author":[{"embeddable":true,"href":"http:\/\/imkerei-watermeyer.de\/index.php?rest_route=\/wp\/v2\/users\/1"}],"replies":[{"embeddable":true,"href":"http:\/\/imkerei-watermeyer.de\/index.php?rest_route=%2Fwp%2Fv2%2Fcomments&post=345"}],"version-history":[{"count":1,"href":"http:\/\/imkerei-watermeyer.de\/index.php?rest_route=\/wp\/v2\/posts\/345\/revisions"}],"predecessor-version":[{"id":346,"href":"http:\/\/imkerei-watermeyer.de\/index.php?rest_route=\/wp\/v2\/posts\/345\/revisions\/346"}],"wp:attachment":[{"href":"http:\/\/imkerei-watermeyer.de\/index.php?rest_route=%2Fwp%2Fv2%2Fmedia&parent=345"}],"wp:term":[{"taxonomy":"category","embeddable":true,"href":"http:\/\/imkerei-watermeyer.de\/index.php?rest_route=%2Fwp%2Fv2%2Fcategories&post=345"},{"taxonomy":"post_tag","embeddable":true,"href":"http:\/\/imkerei-watermeyer.de\/index.php?rest_route=%2Fwp%2Fv2%2Ftags&post=345"}],"curies":[{"name":"wp","href":"https:\/\/api.w.org\/{rel}","templated":true}]}}