{"id":338,"date":"2016-09-01T15:40:48","date_gmt":"2016-09-01T15:40:48","guid":{"rendered":"http:\/\/imkerei-watermeyer.de\/?p=338"},"modified":"2016-09-01T15:40:48","modified_gmt":"2016-09-01T15:40:48","slug":"beim-discounter-gibt-es-spekulatius","status":"publish","type":"post","link":"http:\/\/imkerei-watermeyer.de\/?p=338","title":{"rendered":"Beim Discounter gibt es Spekulatius&#8230;"},"content":{"rendered":"<p>&#8230; und die Bienen? Die sind schon einen Schritt weiter!<\/p>\n<p>Mit Varroabehandlung und Futtergabe werden die Bienenv\u00f6lker nach der Bl\u00fcte der letzten gro\u00dfen Tracht (bei uns in der Gegend die Lindenbl\u00fcte) bereits Ende Juli und im August eingewintert.<\/p>\n<p><div id=\"attachment_336\" style=\"width: 2458px\" class=\"wp-caption alignnone\"><a href=\"http:\/\/imkerei-watermeyer.de\/wp-content\/uploads\/2016\/09\/img_3407.jpg\"><img aria-describedby=\"caption-attachment-336\" data-attachment-id=\"336\" data-permalink=\"http:\/\/imkerei-watermeyer.de\/?attachment_id=336\" data-orig-file=\"http:\/\/imkerei-watermeyer.de\/wp-content\/uploads\/2016\/09\/img_3407.jpg\" data-orig-size=\"2448,3264\" data-comments-opened=\"1\" data-image-meta=\"{&quot;aperture&quot;:&quot;2.2&quot;,&quot;credit&quot;:&quot;&quot;,&quot;camera&quot;:&quot;iPhone 6&quot;,&quot;caption&quot;:&quot;&quot;,&quot;created_timestamp&quot;:&quot;1472586350&quot;,&quot;copyright&quot;:&quot;&quot;,&quot;focal_length&quot;:&quot;4.15&quot;,&quot;iso&quot;:&quot;40&quot;,&quot;shutter_speed&quot;:&quot;0.01&quot;,&quot;title&quot;:&quot;&quot;,&quot;orientation&quot;:&quot;1&quot;}\" data-image-title=\"img_3407.jpg\" data-image-description=\"\" data-image-caption=\"\" data-medium-file=\"http:\/\/imkerei-watermeyer.de\/wp-content\/uploads\/2016\/09\/img_3407-225x300.jpg\" data-large-file=\"http:\/\/imkerei-watermeyer.de\/wp-content\/uploads\/2016\/09\/img_3407-768x1024.jpg\" decoding=\"async\" loading=\"lazy\" width=\"2448\" height=\"3264\" alt=\"\" src=\"http:\/\/imkerei-watermeyer.de\/wp-content\/uploads\/2016\/09\/img_3407.jpg\" title=\"Futterklotz\" class=\"size-full wp-image-336\" srcset=\"http:\/\/imkerei-watermeyer.de\/wp-content\/uploads\/2016\/09\/img_3407.jpg 2448w, http:\/\/imkerei-watermeyer.de\/wp-content\/uploads\/2016\/09\/img_3407-225x300.jpg 225w, http:\/\/imkerei-watermeyer.de\/wp-content\/uploads\/2016\/09\/img_3407-768x1024.jpg 768w\" sizes=\"(max-width: 2448px) 100vw, 2448px\" \/><\/a><p id=\"caption-attachment-336\" class=\"wp-caption-text\">Einf\u00fcttern mit Futterteig<\/p><\/div><br \/>\nAuf dem Bild ist zu sehen, wie Ina einen 15kg schweren Futterteigklotz auf die obere Brutzarge setzt. Der Futterteig dient den Bienen als Ersatz f\u00fcr den entnommenen Honig.<\/p>\n<p>Links auf dem Bild ist ein sogenannter Liebig-Dispenser zu erkennen. Dieser war zuvor auf der Brutzarge aufgestellt. Auf der quadratischen Grundplatte befindet sich eine Papierauflage, auf die wiederum eine Flasche mit Ameisens\u00e4ure \u00fcberkopf &nbsp;aufgesetzt wird. Das Papier saugt die Ameisens\u00e4ure auf und \u00fcber die Oberfl\u00e4che des Papiers verdunstet die S\u00e4ure in der Bienenbeute. Die S\u00e4urekonzentration in der Beute wird je nach Au\u00dfentemperatur \u00fcber die Papiergr\u00f6\u00dfe gesteuert.<\/p>\n<p>Die Wirkungsweise der Ameisens\u00e4urebehandlung beruht darauf, dass die Varroamilben empfindlicher auf die S\u00e4ure reagieren als die Honigbienen und schon bei geringeren Konzentrationen in der Luft im Bienenvolk gesch\u00e4digt werden.<\/p>\n<p>Das kaum noch Papier auf der Grundplatte vorhanden ist, liegt am Putztrieb der Bienen, die nach dem vollst\u00e4ndigen Verdunsten der S\u00e4ure das Papier weg geknabbert haben.<\/p>\n","protected":false},"excerpt":{"rendered":"<p>&#8230; und die Bienen? Die sind schon einen Schritt weiter! Mit Varroabehandlung und Futtergabe werden die Bienenv\u00f6lker nach der Bl\u00fcte der letzten gro\u00dfen Tracht (bei uns in der Gegend die Lindenbl\u00fcte) bereits Ende Juli und im August eingewintert. Auf dem Bild ist zu sehen, wie Ina einen 15kg schweren Futterteigklotz [&hellip;]<\/p>\n","protected":false},"author":1,"featured_media":337,"comment_status":"open","ping_status":"open","sticky":false,"template":"","format":"standard","meta":{"jetpack_post_was_ever_published":false,"_jetpack_newsletter_access":"","jetpack_publicize_message":"","jetpack_is_tweetstorm":false,"jetpack_publicize_feature_enabled":true,"jetpack_social_post_already_shared":false,"jetpack_social_options":{"image_generator_settings":{"template":"highway","enabled":false}}},"categories":[47,20],"tags":[54,55,21],"jetpack_publicize_connections":[],"jetpack_featured_media_url":"http:\/\/imkerei-watermeyer.de\/wp-content\/uploads\/2016\/09\/img_3408.jpg","jetpack_sharing_enabled":true,"jetpack_shortlink":"https:\/\/wp.me\/p9uDaz-5s","jetpack_likes_enabled":true,"jetpack-related-posts":[{"id":458,"url":"http:\/\/imkerei-watermeyer.de\/?p=458","url_meta":{"origin":338,"position":0},"title":"Winterbehandlung","author":"Homeraner","date":"Dezember 19, 2017","format":false,"excerpt":"Die Temperaturen in diesem Dezember waren endlich mal wieder nach meinem Geschmack! Nicht, dass ich die Temperaturen rund um den Gefrierpunkt sonderlich mag, aber die Bienen kommen bei diesen Temperaturen zur Ruhe und sammeln sich in einer Traube, um sich gegenseitig zu w\u00e4rmen. Auf dem folgenden Bild habe ich versucht,\u2026","rel":"","context":"In &quot;Arbeiten rund ums Volk&quot;","block_context":{"text":"Arbeiten rund ums Volk","link":"http:\/\/imkerei-watermeyer.de\/?cat=47"},"img":{"alt_text":"","src":"https:\/\/i0.wp.com\/imkerei-watermeyer.de\/wp-content\/uploads\/2017\/12\/img_5926.jpg?resize=350%2C200","width":350,"height":200,"srcset":"https:\/\/i0.wp.com\/imkerei-watermeyer.de\/wp-content\/uploads\/2017\/12\/img_5926.jpg?resize=350%2C200 1x, https:\/\/i0.wp.com\/imkerei-watermeyer.de\/wp-content\/uploads\/2017\/12\/img_5926.jpg?resize=700%2C400 2x, https:\/\/i0.wp.com\/imkerei-watermeyer.de\/wp-content\/uploads\/2017\/12\/img_5926.jpg?resize=1050%2C600 3x, https:\/\/i0.wp.com\/imkerei-watermeyer.de\/wp-content\/uploads\/2017\/12\/img_5926.jpg?resize=1400%2C800 4x"},"classes":[]},{"id":153,"url":"http:\/\/imkerei-watermeyer.de\/?p=153","url_meta":{"origin":338,"position":1},"title":"Vatertag bei den Bienen","author":"Homeraner","date":"Mai 14, 2015","format":false,"excerpt":"Zugegebenerma\u00dfen sind die Bilder, die ich euch heute vorstelle, schon gestern entstanden. Auf den Bildern k\u00f6nnt ihr beobachten, wie Drohnenbrut schl\u00fcpft. Waben mit Drohnenbrut erkennt ihr daran, dass die Waben mit einem Buckel verdeckelt sind, w\u00e4hrend die Waben mit Arbeiterinnenbrut glatt verdeckelt ist. Au\u00dferdem sind die Waben f\u00fcr die Drohnen\u2026","rel":"","context":"In &quot;Bienenbilder&quot;","block_context":{"text":"Bienenbilder","link":"http:\/\/imkerei-watermeyer.de\/?cat=2"},"img":{"alt_text":"","src":"https:\/\/i0.wp.com\/imkerei-watermeyer.de\/wp-content\/uploads\/2015\/05\/IMG_2124-300x225.jpg?resize=350%2C200","width":350,"height":200},"classes":[]},{"id":218,"url":"http:\/\/imkerei-watermeyer.de\/?p=218","url_meta":{"origin":338,"position":2},"title":"Einwintern","author":"Homeraner","date":"August 31, 2015","format":false,"excerpt":"Morgen werden wieder Spekulatius und Dominosteine Einzug in deutsche Superm\u00e4rkte halten und der meteorologische Herbst beginnt. Der Hochsommer verabschiedet sich gerade bei uns mit Blitz und Donner. Doch wir Imker sind schon einen Schritt weiter! Im August stand bei unseren V\u00f6lkern das sogenannte Einwintern auf dem Programm. Zu den Arbeiten\u2026","rel":"","context":"In &quot;Blick ins Volk&quot;","block_context":{"text":"Blick ins Volk","link":"http:\/\/imkerei-watermeyer.de\/?cat=4"},"img":{"alt_text":"","src":"https:\/\/i0.wp.com\/imkerei-watermeyer.de\/wp-content\/uploads\/2015\/08\/IMG_4358-0.jpg?resize=350%2C200","width":350,"height":200,"srcset":"https:\/\/i0.wp.com\/imkerei-watermeyer.de\/wp-content\/uploads\/2015\/08\/IMG_4358-0.jpg?resize=350%2C200 1x, https:\/\/i0.wp.com\/imkerei-watermeyer.de\/wp-content\/uploads\/2015\/08\/IMG_4358-0.jpg?resize=700%2C400 2x, https:\/\/i0.wp.com\/imkerei-watermeyer.de\/wp-content\/uploads\/2015\/08\/IMG_4358-0.jpg?resize=1050%2C600 3x, https:\/\/i0.wp.com\/imkerei-watermeyer.de\/wp-content\/uploads\/2015\/08\/IMG_4358-0.jpg?resize=1400%2C800 4x"},"classes":[]},{"id":257,"url":"http:\/\/imkerei-watermeyer.de\/?p=257","url_meta":{"origin":338,"position":3},"title":"Lieber sp\u00e4t, als gar nicht &#8211; die Winterbehandlung","author":"Homeraner","date":"Februar 3, 2016","format":false,"excerpt":"Gerade noch rechtzeitig konnten wir noch die fr\u00fcher angedachte Winterbehandlung der Bienenv\u00f6lker gegen die Varroamilbe durchf\u00fchren. Damit die Behandlung sinnvoll durchgef\u00fchrt werden kann, soll das Volk ohne Brut sein und in Winterruhe traubenf\u00f6rmig eng beieinander sitzen. Dies ist allerdings nur bei konstanten Temperaturen unter 5 Grad Celsius der Fall. Ab\u2026","rel":"","context":"In &quot;Blick ins Volk&quot;","block_context":{"text":"Blick ins Volk","link":"http:\/\/imkerei-watermeyer.de\/?cat=4"},"img":{"alt_text":"","src":"","width":0,"height":0},"classes":[]},{"id":251,"url":"http:\/\/imkerei-watermeyer.de\/?p=251","url_meta":{"origin":338,"position":4},"title":"Gezeichnete K\u00f6nigin","author":"Homeraner","date":"Januar 5, 2016","format":false,"excerpt":"\u00a0Inspiriert vom morgigen Dreik\u00f6nigstag m\u00f6chte ich den Artikel mit einem kleinen Suchbild beginnen. Bei all dem Durcheinander und Wirrwarr auf dem R\u00e4hmchen d\u00fcrfte euch in der Bildmitte etwas auffallen.\u00a0 In der Bildmitte ist eine Biene mit einem roten Punkt auf dem R\u00fccken. Diese Biene unterscheidet sich von allen anderen Bienen\u2026","rel":"","context":"In &quot;Anatomie der Biene&quot;","block_context":{"text":"Anatomie der Biene","link":"http:\/\/imkerei-watermeyer.de\/?cat=11"},"img":{"alt_text":"","src":"https:\/\/i0.wp.com\/imkerei-watermeyer.de\/wp-content\/uploads\/2016\/01\/img_2806-3.jpeg?resize=350%2C200","width":350,"height":200,"srcset":"https:\/\/i0.wp.com\/imkerei-watermeyer.de\/wp-content\/uploads\/2016\/01\/img_2806-3.jpeg?resize=350%2C200 1x, https:\/\/i0.wp.com\/imkerei-watermeyer.de\/wp-content\/uploads\/2016\/01\/img_2806-3.jpeg?resize=700%2C400 2x, https:\/\/i0.wp.com\/imkerei-watermeyer.de\/wp-content\/uploads\/2016\/01\/img_2806-3.jpeg?resize=1050%2C600 3x, https:\/\/i0.wp.com\/imkerei-watermeyer.de\/wp-content\/uploads\/2016\/01\/img_2806-3.jpeg?resize=1400%2C800 4x"},"classes":[]},{"id":438,"url":"http:\/\/imkerei-watermeyer.de\/?p=438","url_meta":{"origin":338,"position":5},"title":"K\u00f6nigin gesichtet","author":"Homeraner","date":"August 2, 2017","format":false,"excerpt":"Am letzten Wochenende habe ich es nach \u00fcber 25 Jahren mal wieder ins LWL-Freilichtmuseum Detmold geschafft. Es war hochinteressant, all die alten H\u00f6fe aus Westfalen und dem Lipperland zu sehen. All die gut durchdachten L\u00f6sungen, die unsere Vorfahren schon vor mehreren hundert Jahren parat hatten. Besonderes Augenmerk habe ich als\u2026","rel":"","context":"In &quot;Bienenbilder&quot;","block_context":{"text":"Bienenbilder","link":"http:\/\/imkerei-watermeyer.de\/?cat=2"},"img":{"alt_text":"","src":"https:\/\/i0.wp.com\/imkerei-watermeyer.de\/wp-content\/uploads\/2017\/08\/img_3375.jpg?resize=350%2C200","width":350,"height":200,"srcset":"https:\/\/i0.wp.com\/imkerei-watermeyer.de\/wp-content\/uploads\/2017\/08\/img_3375.jpg?resize=350%2C200 1x, https:\/\/i0.wp.com\/imkerei-watermeyer.de\/wp-content\/uploads\/2017\/08\/img_3375.jpg?resize=700%2C400 2x, https:\/\/i0.wp.com\/imkerei-watermeyer.de\/wp-content\/uploads\/2017\/08\/img_3375.jpg?resize=1050%2C600 3x, https:\/\/i0.wp.com\/imkerei-watermeyer.de\/wp-content\/uploads\/2017\/08\/img_3375.jpg?resize=1400%2C800 4x"},"classes":[]}],"_links":{"self":[{"href":"http:\/\/imkerei-watermeyer.de\/index.php?rest_route=\/wp\/v2\/posts\/338"}],"collection":[{"href":"http:\/\/imkerei-watermeyer.de\/index.php?rest_route=\/wp\/v2\/posts"}],"about":[{"href":"http:\/\/imkerei-watermeyer.de\/index.php?rest_route=\/wp\/v2\/types\/post"}],"author":[{"embeddable":true,"href":"http:\/\/imkerei-watermeyer.de\/index.php?rest_route=\/wp\/v2\/users\/1"}],"replies":[{"embeddable":true,"href":"http:\/\/imkerei-watermeyer.de\/index.php?rest_route=%2Fwp%2Fv2%2Fcomments&post=338"}],"version-history":[{"count":1,"href":"http:\/\/imkerei-watermeyer.de\/index.php?rest_route=\/wp\/v2\/posts\/338\/revisions"}],"predecessor-version":[{"id":339,"href":"http:\/\/imkerei-watermeyer.de\/index.php?rest_route=\/wp\/v2\/posts\/338\/revisions\/339"}],"wp:featuredmedia":[{"embeddable":true,"href":"http:\/\/imkerei-watermeyer.de\/index.php?rest_route=\/wp\/v2\/media\/337"}],"wp:attachment":[{"href":"http:\/\/imkerei-watermeyer.de\/index.php?rest_route=%2Fwp%2Fv2%2Fmedia&parent=338"}],"wp:term":[{"taxonomy":"category","embeddable":true,"href":"http:\/\/imkerei-watermeyer.de\/index.php?rest_route=%2Fwp%2Fv2%2Fcategories&post=338"},{"taxonomy":"post_tag","embeddable":true,"href":"http:\/\/imkerei-watermeyer.de\/index.php?rest_route=%2Fwp%2Fv2%2Ftags&post=338"}],"curies":[{"name":"wp","href":"https:\/\/api.w.org\/{rel}","templated":true}]}}