{"id":328,"date":"2016-06-30T21:27:17","date_gmt":"2016-06-30T21:27:17","guid":{"rendered":"http:\/\/imkerei-watermeyer.de\/?p=328"},"modified":"2016-06-30T21:27:17","modified_gmt":"2016-06-30T21:27:17","slug":"lindenbluete","status":"publish","type":"post","link":"http:\/\/imkerei-watermeyer.de\/?p=328","title":{"rendered":"Lindenbl\u00fcte"},"content":{"rendered":"<p>Derzeit steht eine der wichtigsten Trachtpflanzen f\u00fcr die Bienen in voller Bl\u00fcte. Die Linde.<\/p>\n<p>Das folgende Bild habe ich an der A2 an der Rastst\u00e4tte Bottrop aufgenommen als endlich mal wieder die Sonne raus kam.<\/p>\n<p><div id=\"attachment_327\" style=\"width: 2458px\" class=\"wp-caption alignnone\"><a href=\"http:\/\/imkerei-watermeyer.de\/wp-content\/uploads\/2016\/06\/img_1337-1.jpg\"><img aria-describedby=\"caption-attachment-327\" data-attachment-id=\"327\" data-permalink=\"http:\/\/imkerei-watermeyer.de\/?attachment_id=327\" data-orig-file=\"http:\/\/imkerei-watermeyer.de\/wp-content\/uploads\/2016\/06\/img_1337-1.jpg\" data-orig-size=\"2448,3264\" data-comments-opened=\"1\" data-image-meta=\"{&quot;aperture&quot;:&quot;2.2&quot;,&quot;credit&quot;:&quot;&quot;,&quot;camera&quot;:&quot;&quot;,&quot;caption&quot;:&quot;&quot;,&quot;created_timestamp&quot;:&quot;0&quot;,&quot;copyright&quot;:&quot;&quot;,&quot;focal_length&quot;:&quot;4.15&quot;,&quot;iso&quot;:&quot;32&quot;,&quot;shutter_speed&quot;:&quot;0.0076923076923077&quot;,&quot;title&quot;:&quot;&quot;,&quot;orientation&quot;:&quot;1&quot;}\" data-image-title=\"img_1337-1.jpg\" data-image-description=\"\" data-image-caption=\"\" data-medium-file=\"http:\/\/imkerei-watermeyer.de\/wp-content\/uploads\/2016\/06\/img_1337-1-225x300.jpg\" data-large-file=\"http:\/\/imkerei-watermeyer.de\/wp-content\/uploads\/2016\/06\/img_1337-1-768x1024.jpg\" decoding=\"async\" loading=\"lazy\" width=\"2448\" height=\"3264\" alt=\"\" src=\"http:\/\/imkerei-watermeyer.de\/wp-content\/uploads\/2016\/06\/img_1337-1.jpg\" title=\"Lindenbl\u00fcte\" class=\"size-full wp-image-327\" srcset=\"http:\/\/imkerei-watermeyer.de\/wp-content\/uploads\/2016\/06\/img_1337-1.jpg 2448w, http:\/\/imkerei-watermeyer.de\/wp-content\/uploads\/2016\/06\/img_1337-1-225x300.jpg 225w, http:\/\/imkerei-watermeyer.de\/wp-content\/uploads\/2016\/06\/img_1337-1-768x1024.jpg 768w\" sizes=\"(max-width: 2448px) 100vw, 2448px\" \/><\/a><p id=\"caption-attachment-327\" class=\"wp-caption-text\">Lindenbl\u00fcte mit Sammlerin<\/p><\/div><br \/>\nReiner Lindenhonig aus dem Nektar der Bl\u00fcten ist ein sehr heller, kaum kristallisierender Honig und wird dann Lindenbl\u00fctenhonig genannt. Allerdings sammeln die Bienen meistens nicht nur den Nektar der Bl\u00fcten, sondern sie sammeln auch gleichzeitig die zuckerhaltigen Ausscheidungen der Blattl\u00e4use auf den Linden. Diese Ausscheidungen der Blattl\u00e4use wird Honigtau genannt. Er ist ein Hauptbestandteil des dunklen Waldhonigs.<\/p>\n<p>Bei einer Mischung aus Honigtau und Lindenbl\u00fctenhonig spricht man vom Lindenhonig. Je h\u00f6her der Honigtauanteil am Honig ist, desto dunkler und w\u00fcrziger ist der Lindenhonig.<\/p>\n<p>Da einer unserer Standorte in unmittelbarer N\u00e4he zu einer Lindenallee liegt, hoffen wir, dass wir dort Lindenhonig ernten k\u00f6nnen &#8211; wenn es denn das Wetter zul\u00e4sst!<\/p>\n","protected":false},"excerpt":{"rendered":"<p>Derzeit steht eine der wichtigsten Trachtpflanzen f\u00fcr die Bienen in voller Bl\u00fcte. Die Linde. Das folgende Bild habe ich an der A2 an der Rastst\u00e4tte Bottrop aufgenommen als endlich mal wieder die Sonne raus kam. Reiner Lindenhonig aus dem Nektar der Bl\u00fcten ist ein sehr heller, kaum kristallisierender Honig und [&hellip;]<\/p>\n","protected":false},"author":1,"featured_media":326,"comment_status":"open","ping_status":"open","sticky":false,"template":"","format":"standard","meta":{"jetpack_post_was_ever_published":false,"_jetpack_newsletter_access":"","jetpack_publicize_message":"","jetpack_is_tweetstorm":false,"jetpack_publicize_feature_enabled":true,"jetpack_social_post_already_shared":false,"jetpack_social_options":{"image_generator_settings":{"template":"highway","enabled":false}}},"categories":[2,3],"tags":[],"jetpack_publicize_connections":[],"jetpack_featured_media_url":"http:\/\/imkerei-watermeyer.de\/wp-content\/uploads\/2016\/06\/img_1337.jpg","jetpack_sharing_enabled":true,"jetpack_shortlink":"https:\/\/wp.me\/p9uDaz-5i","jetpack_likes_enabled":true,"jetpack-related-posts":[{"id":655,"url":"http:\/\/imkerei-watermeyer.de\/?p=655","url_meta":{"origin":328,"position":0},"title":"Honigernte &#8211; Sp\u00e4ttracht","author":"Homeraner","date":"Juli 21, 2019","format":false,"excerpt":"Am letzten Mittwoch konnten wir wieder Honig ernten. W\u00e4hrend der Lindenbl\u00fcte konnten die Bienen so einiges an Nektar eintragen und in M\u00fcnster-Amelsb\u00fcren haben sie sich auch flei\u00dfig an der dort angelegten Blumenwiese bedient. Biene in der Wildblumenwiese Die Bienen haben das k\u00e4ltere Wetter der Tage zuvor genutzt und haben den\u2026","rel":"","context":"In &quot;Bienenbilder&quot;","block_context":{"text":"Bienenbilder","link":"http:\/\/imkerei-watermeyer.de\/?cat=2"},"img":{"alt_text":"","src":"https:\/\/i0.wp.com\/imkerei-watermeyer.de\/wp-content\/uploads\/2019\/07\/dsc00166-5.jpg?resize=350%2C200","width":350,"height":200,"srcset":"https:\/\/i0.wp.com\/imkerei-watermeyer.de\/wp-content\/uploads\/2019\/07\/dsc00166-5.jpg?resize=350%2C200 1x, https:\/\/i0.wp.com\/imkerei-watermeyer.de\/wp-content\/uploads\/2019\/07\/dsc00166-5.jpg?resize=700%2C400 2x, https:\/\/i0.wp.com\/imkerei-watermeyer.de\/wp-content\/uploads\/2019\/07\/dsc00166-5.jpg?resize=1050%2C600 3x, https:\/\/i0.wp.com\/imkerei-watermeyer.de\/wp-content\/uploads\/2019\/07\/dsc00166-5.jpg?resize=1400%2C800 4x"},"classes":[]},{"id":396,"url":"http:\/\/imkerei-watermeyer.de\/?p=396","url_meta":{"origin":328,"position":1},"title":"Beinwell\u00a0","author":"Homeraner","date":"Mai 9, 2017","format":false,"excerpt":"Bei uns neben der Terasse stehen mehrere Beinwellpflanzen. Laut der Internetseite die-Honigmacher.de\u00a0liefert Beinwell nur m\u00e4\u00dfig Nektar und geringe Pollenmengen. Allerdings bl\u00fcht er von Mai bis August. Die Pflanze ist sehr ausdauernd und breitet sich wie Unkraut aus. Aufgrund der zahlreichen blau-violetten Bl\u00fcten ist diese mehrj\u00e4hrige Pflanze aber dennoch ein optischer\u2026","rel":"","context":"In &quot;Bienenbilder&quot;","block_context":{"text":"Bienenbilder","link":"http:\/\/imkerei-watermeyer.de\/?cat=2"},"img":{"alt_text":"","src":"https:\/\/i0.wp.com\/imkerei-watermeyer.de\/wp-content\/uploads\/2017\/05\/img_1527.jpg?resize=350%2C200","width":350,"height":200,"srcset":"https:\/\/i0.wp.com\/imkerei-watermeyer.de\/wp-content\/uploads\/2017\/05\/img_1527.jpg?resize=350%2C200 1x, https:\/\/i0.wp.com\/imkerei-watermeyer.de\/wp-content\/uploads\/2017\/05\/img_1527.jpg?resize=700%2C400 2x, https:\/\/i0.wp.com\/imkerei-watermeyer.de\/wp-content\/uploads\/2017\/05\/img_1527.jpg?resize=1050%2C600 3x, https:\/\/i0.wp.com\/imkerei-watermeyer.de\/wp-content\/uploads\/2017\/05\/img_1527.jpg?resize=1400%2C800 4x"},"classes":[]},{"id":334,"url":"http:\/\/imkerei-watermeyer.de\/?p=334","url_meta":{"origin":328,"position":2},"title":"Die erste Bl\u00fcte","author":"Homeraner","date":"August 9, 2016","format":false,"excerpt":"Nachdem wir vor 5 Jahren zweij\u00e4hrige Pflanzen gekauft haben, bl\u00fcht nun die erste samthaarige Stinkesche in unserem Garten. Der lateinische Name lautet Euodia hupehensis. So weit so gut. Die eigentliche Bedeutung f\u00fcr uns Imker zeigt aber die viel nettere Bezeichnung dieser Pflanze - Bienenbaum! Der Bienenbaum bl\u00fcht je nach Sorte\u2026","rel":"","context":"In &quot;Natur&quot;","block_context":{"text":"Natur","link":"http:\/\/imkerei-watermeyer.de\/?cat=3"},"img":{"alt_text":"","src":"https:\/\/i0.wp.com\/imkerei-watermeyer.de\/wp-content\/uploads\/2016\/08\/img_2505.jpg?resize=350%2C200","width":350,"height":200,"srcset":"https:\/\/i0.wp.com\/imkerei-watermeyer.de\/wp-content\/uploads\/2016\/08\/img_2505.jpg?resize=350%2C200 1x, https:\/\/i0.wp.com\/imkerei-watermeyer.de\/wp-content\/uploads\/2016\/08\/img_2505.jpg?resize=700%2C400 2x, https:\/\/i0.wp.com\/imkerei-watermeyer.de\/wp-content\/uploads\/2016\/08\/img_2505.jpg?resize=1050%2C600 3x, https:\/\/i0.wp.com\/imkerei-watermeyer.de\/wp-content\/uploads\/2016\/08\/img_2505.jpg?resize=1400%2C800 4x"},"classes":[]},{"id":213,"url":"http:\/\/imkerei-watermeyer.de\/?p=213","url_meta":{"origin":328,"position":3},"title":"Die Sonne(nblume) lacht","author":"Homeraner","date":"August 13, 2015","format":false,"excerpt":"\u00dcblicherweise werden die Bienen nach der letzten Ernte im Juli f\u00fcr den Winter vorbereitet. Das hei\u00dft, dass die Bienenv\u00f6lker nach der Lindenbl\u00fcte mit Ameisens\u00e4ure gegen die Varroamilbe behandelt werden und ihr Winterfutter als Ausgleich f\u00fcr den entnommenen Honig bekommen. Bei unseren V\u00f6lkern bei uns zuhause warten wir allerdings noch aus\u2026","rel":"","context":"In &quot;Bienenbilder&quot;","block_context":{"text":"Bienenbilder","link":"http:\/\/imkerei-watermeyer.de\/?cat=2"},"img":{"alt_text":"","src":"https:\/\/i0.wp.com\/imkerei-watermeyer.de\/wp-content\/uploads\/2015\/08\/IMG_4103-0.jpg?resize=350%2C200","width":350,"height":200,"srcset":"https:\/\/i0.wp.com\/imkerei-watermeyer.de\/wp-content\/uploads\/2015\/08\/IMG_4103-0.jpg?resize=350%2C200 1x, https:\/\/i0.wp.com\/imkerei-watermeyer.de\/wp-content\/uploads\/2015\/08\/IMG_4103-0.jpg?resize=700%2C400 2x, https:\/\/i0.wp.com\/imkerei-watermeyer.de\/wp-content\/uploads\/2015\/08\/IMG_4103-0.jpg?resize=1050%2C600 3x, https:\/\/i0.wp.com\/imkerei-watermeyer.de\/wp-content\/uploads\/2015\/08\/IMG_4103-0.jpg?resize=1400%2C800 4x"},"classes":[]},{"id":309,"url":"http:\/\/imkerei-watermeyer.de\/?p=309","url_meta":{"origin":328,"position":4},"title":"Besuch von der gro\u00dfen Schwester\u00a0","author":"Homeraner","date":"April 14, 2016","format":false,"excerpt":"\u00a0W\u00e4hrend drau\u00dfen der Fr\u00fchling durchstartet, sind nicht nur die Bienen unterwegs. Auch die gro\u00dfen Schwestern die Hummeln sind nun wieder unterwegs. Anders als bei den Bienen \u00fcberwintern bei den Hummeln nur die K\u00f6niginnen und nicht das ganze Volk. Dementsprechend wachsen die Hummelv\u00f6lker im Fr\u00fchling erst langsam heran, w\u00e4hrend die Bienen\u2026","rel":"","context":"In &quot;Natur&quot;","block_context":{"text":"Natur","link":"http:\/\/imkerei-watermeyer.de\/?cat=3"},"img":{"alt_text":"","src":"https:\/\/i0.wp.com\/imkerei-watermeyer.de\/wp-content\/uploads\/2016\/04\/img_9321.jpg?resize=350%2C200","width":350,"height":200,"srcset":"https:\/\/i0.wp.com\/imkerei-watermeyer.de\/wp-content\/uploads\/2016\/04\/img_9321.jpg?resize=350%2C200 1x, https:\/\/i0.wp.com\/imkerei-watermeyer.de\/wp-content\/uploads\/2016\/04\/img_9321.jpg?resize=700%2C400 2x, https:\/\/i0.wp.com\/imkerei-watermeyer.de\/wp-content\/uploads\/2016\/04\/img_9321.jpg?resize=1050%2C600 3x, https:\/\/i0.wp.com\/imkerei-watermeyer.de\/wp-content\/uploads\/2016\/04\/img_9321.jpg?resize=1400%2C800 4x"},"classes":[]},{"id":227,"url":"http:\/\/imkerei-watermeyer.de\/?p=227","url_meta":{"origin":328,"position":5},"title":"Wenn man ihn denn l\u00e4sst,&#8230;","author":"Homeraner","date":"Oktober 25, 2015","format":false,"excerpt":"...bl\u00fcht der Efeu im September\/Oktober. Dann bietet das sonst als lebloses Friedhofskraut bekannte Rankgew\u00e4chs den Bienen eine letzte Nektarnahrung, bevor die lange bl\u00fctenlose Winterzeit beginnt. Da der Efeu aufgrund seines schnellen Wuchses und seiner Verwendung als gr\u00fcne Wand meist Jahr f\u00fcr Jahr zur\u00fcckgeschnitten wird, k\u00f6nnen sich meistens keine Bl\u00fcten bilden.\u2026","rel":"","context":"In &quot;Natur&quot;","block_context":{"text":"Natur","link":"http:\/\/imkerei-watermeyer.de\/?cat=3"},"img":{"alt_text":"","src":"https:\/\/i0.wp.com\/imkerei-watermeyer.de\/wp-content\/uploads\/2015\/10\/IMG_5332-0.jpg?resize=350%2C200","width":350,"height":200,"srcset":"https:\/\/i0.wp.com\/imkerei-watermeyer.de\/wp-content\/uploads\/2015\/10\/IMG_5332-0.jpg?resize=350%2C200 1x, https:\/\/i0.wp.com\/imkerei-watermeyer.de\/wp-content\/uploads\/2015\/10\/IMG_5332-0.jpg?resize=700%2C400 2x, https:\/\/i0.wp.com\/imkerei-watermeyer.de\/wp-content\/uploads\/2015\/10\/IMG_5332-0.jpg?resize=1050%2C600 3x, https:\/\/i0.wp.com\/imkerei-watermeyer.de\/wp-content\/uploads\/2015\/10\/IMG_5332-0.jpg?resize=1400%2C800 4x"},"classes":[]}],"_links":{"self":[{"href":"http:\/\/imkerei-watermeyer.de\/index.php?rest_route=\/wp\/v2\/posts\/328"}],"collection":[{"href":"http:\/\/imkerei-watermeyer.de\/index.php?rest_route=\/wp\/v2\/posts"}],"about":[{"href":"http:\/\/imkerei-watermeyer.de\/index.php?rest_route=\/wp\/v2\/types\/post"}],"author":[{"embeddable":true,"href":"http:\/\/imkerei-watermeyer.de\/index.php?rest_route=\/wp\/v2\/users\/1"}],"replies":[{"embeddable":true,"href":"http:\/\/imkerei-watermeyer.de\/index.php?rest_route=%2Fwp%2Fv2%2Fcomments&post=328"}],"version-history":[{"count":1,"href":"http:\/\/imkerei-watermeyer.de\/index.php?rest_route=\/wp\/v2\/posts\/328\/revisions"}],"predecessor-version":[{"id":329,"href":"http:\/\/imkerei-watermeyer.de\/index.php?rest_route=\/wp\/v2\/posts\/328\/revisions\/329"}],"wp:featuredmedia":[{"embeddable":true,"href":"http:\/\/imkerei-watermeyer.de\/index.php?rest_route=\/wp\/v2\/media\/326"}],"wp:attachment":[{"href":"http:\/\/imkerei-watermeyer.de\/index.php?rest_route=%2Fwp%2Fv2%2Fmedia&parent=328"}],"wp:term":[{"taxonomy":"category","embeddable":true,"href":"http:\/\/imkerei-watermeyer.de\/index.php?rest_route=%2Fwp%2Fv2%2Fcategories&post=328"},{"taxonomy":"post_tag","embeddable":true,"href":"http:\/\/imkerei-watermeyer.de\/index.php?rest_route=%2Fwp%2Fv2%2Ftags&post=328"}],"curies":[{"name":"wp","href":"https:\/\/api.w.org\/{rel}","templated":true}]}}