{"id":317,"date":"2016-04-17T19:28:21","date_gmt":"2016-04-17T19:28:21","guid":{"rendered":"http:\/\/imkerei-watermeyer.de\/?p=317"},"modified":"2016-04-17T19:34:41","modified_gmt":"2016-04-17T19:34:41","slug":"unsere-honigsaison-beginnt","status":"publish","type":"post","link":"http:\/\/imkerei-watermeyer.de\/?p=317","title":{"rendered":"Unsere Honigsaison beginnt\u00a0"},"content":{"rendered":"<p>Heute hat f\u00fcr uns die Honigsaison 2016 begonnen. Da mittlerweile die Obstbl\u00fcte begonnen hat, haben wir heute auf unser Volk zuhause den Honigraum auf die beiden Brutr\u00e4ume drauf gesetzt.<\/p>\n<p>Zuerst wird der Deckel und der sogenannte Abdeckfix (die durchsichtige Folie auf dem Brutr\u00e4ume) von den beiden Brutzargen abgenommen.&nbsp;<\/p>\n<p>Der Abdeckfix dient dazu, dass die Bienen nicht ihre Waben in den Hohlraum zwischen Deckel und R\u00e4hmchen bauen.<\/p>\n<p>Als Zarge wird eine Etage einer Bienenkiste bezeichnet. \u00dcblicherweise hat eine Bienenkiste 2-4 Etagen (Zargen). W\u00e4hrend des Winters werden die Honigetagen entfernt und das Volk \u00fcberwintert in den beiden unteren Zargen, in denen die Brut und die Pollenvorr\u00e4te angeordnet sind.<\/p>\n<p>M\u00f6glichst weit weg vom Eingang unten an der Kiste, wird der Honig oben in der Bienenkiste eingelagert. Beginnt nun die Bl\u00fctezeit mit der Obstbaumbl\u00fcte, dann wird die 3. Etage, der sogenannte Honigraum, auf die ersten zwei Zargen aufgesetzt.<\/p>\n<p>&nbsp;<div style=\"width: 2458px\" class=\"wp-caption alignnone\"><a href=\"http:\/\/imkerei-watermeyer.de\/wp-content\/uploads\/2016\/04\/img_9512-1.jpg\"><img decoding=\"async\" loading=\"lazy\" width=\"2448\" height=\"3264\" alt=\"\" src=\"http:\/\/imkerei-watermeyer.de\/wp-content\/uploads\/2016\/04\/img_9512-1.jpg\" title=\"Abnehmen des Deckels und des Abdeckfix\" class=\"size-custom\"><\/a><p class=\"wp-caption-text\">Abnehmen des Deckels und des Abdeckfix<\/p><\/div><br \/>\nDer Honigraum soll frei von Brut bleiben und wird daher mit einem Absperrgitter aus Metall oder Kunststoff von den Brutetagen abgetrennt. Die Arbeiterinnen k\u00f6nnen dieses Gitter passieren, durchschl\u00fcpfen und den Honig nach oben tragen. Die gr\u00f6\u00dfere K\u00f6nigin hingegen passt nicht durch das Gitter und kann somit keine Eier in die Etagen oberhalb des Absperrgitters legen.<\/p>\n<p>Der Honigraum muss brutfrei bleiben, damit die Waben sp\u00e4ter ausgeschleudert werden k\u00f6nnen, ohne Brut in den Honig zu bekommen.<br \/>\n&nbsp;&nbsp;<div style=\"width: 2458px\" class=\"wp-caption alignnone\"><a href=\"http:\/\/imkerei-watermeyer.de\/wp-content\/uploads\/2016\/04\/img_9513.jpg\"><img decoding=\"async\" loading=\"lazy\" width=\"2448\" height=\"3264\" alt=\"\" src=\"http:\/\/imkerei-watermeyer.de\/wp-content\/uploads\/2016\/04\/img_9513.jpg\" title=\"Auflegen des Absperrgitters\" class=\"size-custom\"><\/a><p class=\"wp-caption-text\">Auflegen des Absperrgitters<\/p><\/div>&nbsp;&nbsp;<br \/>\n<div style=\"width: 2458px\" class=\"wp-caption alignnone\"><a href=\"http:\/\/imkerei-watermeyer.de\/wp-content\/uploads\/2016\/04\/img_9514.jpg\"><img decoding=\"async\" loading=\"lazy\" width=\"2448\" height=\"3264\" alt=\"\" src=\"http:\/\/imkerei-watermeyer.de\/wp-content\/uploads\/2016\/04\/img_9514.jpg\" title=\"Aufsetzen des Honigraums\" class=\"size-custom\"><\/a><p class=\"wp-caption-text\">Aufsetzen des Honigraums<\/p><\/div>&nbsp;<\/p>\n<p>Wenn das Absperrgitter b\u00fcndig auf der 2. Brutetage liegt, wird der Honigraum darauf gesetzt. F\u00fcr den Honigraum werden nur saubere kaum benutzte oder frisch im Winter gel\u00f6tete R\u00e4hmchen verwendet.<br \/>\n&nbsp;<a href=\"http:\/\/imkerei-watermeyer.de\/wp-content\/uploads\/2016\/04\/img_9516-1.jpg\"><img decoding=\"async\" src=\"http:\/\/imkerei-watermeyer.de\/wp-content\/uploads\/2016\/04\/img_9516-1.jpg\" alt=\"\"><\/a>&nbsp;&nbsp;<\/p>\n<p>Haben die Bienen eine sehr ertragreiche Tracht zur Verf\u00fcgung, kann die Bienenkiste auch noch mit einem 2. Honigraum auf 4 Zargen erweitert werden. Das ist bei uns im s\u00fcdwestlichen M\u00fcnsterland aber eher selten, da es bei uns keine gro\u00dfen Nahrungsquellen (Tracht) mit viel Nektar gleichzeitig gibt. In Gegenden mit ausgedehnten Rapsfeldern oder Robinienw\u00e4ldern hingegen, wird h\u00e4ufig ein zweiter Honigraum verwendet.<\/p>\n<p>&nbsp;<\/p>\n","protected":false},"excerpt":{"rendered":"<p>Heute hat f\u00fcr uns die Honigsaison 2016 begonnen. Da mittlerweile die Obstbl\u00fcte begonnen hat, haben wir heute auf unser Volk zuhause den Honigraum auf die beiden Brutr\u00e4ume drauf gesetzt. Zuerst wird der Deckel und der sogenannte Abdeckfix (die durchsichtige Folie auf dem Brutr\u00e4ume) von den beiden Brutzargen abgenommen.&nbsp; Der Abdeckfix [&hellip;]<\/p>\n","protected":false},"author":1,"featured_media":0,"comment_status":"open","ping_status":"open","sticky":false,"template":"","format":"standard","meta":{"jetpack_post_was_ever_published":false,"_jetpack_newsletter_access":"","jetpack_publicize_message":"","jetpack_is_tweetstorm":false,"jetpack_publicize_feature_enabled":true,"jetpack_social_post_already_shared":false,"jetpack_social_options":{"image_generator_settings":{"template":"highway","enabled":false}}},"categories":[47],"tags":[53,24,52],"jetpack_publicize_connections":[],"jetpack_featured_media_url":"","jetpack_sharing_enabled":true,"jetpack_shortlink":"https:\/\/wp.me\/p9uDaz-57","jetpack_likes_enabled":true,"jetpack-related-posts":[{"id":169,"url":"http:\/\/imkerei-watermeyer.de\/?p=169","url_meta":{"origin":317,"position":0},"title":"Der erste Honig 2015","author":"Homeraner","date":"Juni 1, 2015","format":false,"excerpt":"Heute war es endlich soweit. Wir konnten heute den ersten Honig ernten und schleudern. Um den Honig ernten zu k\u00f6nnen, muss er trocken genug sein. Wenn der Honig trocken genug ist, spritzt er nicht mehr aus den Zellen, wenn man das R\u00e4hmchen sch\u00fcttelt, bzw. die Bienen verdeckeln die Honigzellen. Bevor\u2026","rel":"","context":"\u00c4hnlicher Beitrag","block_context":{"text":"\u00c4hnlicher Beitrag","link":""},"img":{"alt_text":"","src":"","width":0,"height":0},"classes":[]},{"id":115,"url":"http:\/\/imkerei-watermeyer.de\/?p=115","url_meta":{"origin":317,"position":1},"title":"Best\u00e4ubte Best\u00e4uberin","author":"Homeraner","date":"Mai 1, 2015","format":false,"excerpt":"Ich habe heute die feiert\u00e4gliche Mittagsruhe genutzt und bin in unserem Garten auf Fotopirsch gegangen. Der dort bl\u00fchende Garten ist derzeit Zielgebiet unserer Bienen. Dort sammeln die flei\u00dfigen Flugbienen reichlich Nektar und die auf dem\u00a0Bild zu sehende Biene Pollen. Bei den beiden Aufnahmen kann man ziemlich gut die sogenannten Pollenh\u00f6schen\u2026","rel":"","context":"In &quot;Anatomie der Biene&quot;","block_context":{"text":"Anatomie der Biene","link":"http:\/\/imkerei-watermeyer.de\/?cat=11"},"img":{"alt_text":"","src":"https:\/\/i0.wp.com\/imkerei-watermeyer.de\/wp-content\/uploads\/2015\/05\/PICT1259-300x225.jpg?resize=350%2C200","width":350,"height":200},"classes":[]},{"id":365,"url":"http:\/\/imkerei-watermeyer.de\/?p=365","url_meta":{"origin":317,"position":2},"title":"Honigraum aufsetzen","author":"Homeraner","date":"April 23, 2017","format":false,"excerpt":"Nachdem ich eine erste Durchsicht gewagt hatte, habe ich mich p\u00fcnktlich zur Kirschbl\u00fcte dazu entschlossen, den Honigraum auf das Volk bei uns zuhause aufzusetzen. Die Kirschbl\u00fcte zeigt den Zeitpunkt an, zu dem die erste nutzbare Tracht (ausreichende Nektarmenge) f\u00fcr die Bienen durch die Obstbl\u00fcte zur Verf\u00fcgung steht. In diesem Jahr\u2026","rel":"","context":"In &quot;Arbeiten rund ums Volk&quot;","block_context":{"text":"Arbeiten rund ums Volk","link":"http:\/\/imkerei-watermeyer.de\/?cat=47"},"img":{"alt_text":"","src":"https:\/\/i0.wp.com\/imkerei-watermeyer.de\/wp-content\/uploads\/2017\/04\/IMG_0456-e1492930499373.jpg?resize=350%2C200","width":350,"height":200,"srcset":"https:\/\/i0.wp.com\/imkerei-watermeyer.de\/wp-content\/uploads\/2017\/04\/IMG_0456-e1492930499373.jpg?resize=350%2C200 1x, https:\/\/i0.wp.com\/imkerei-watermeyer.de\/wp-content\/uploads\/2017\/04\/IMG_0456-e1492930499373.jpg?resize=700%2C400 2x, https:\/\/i0.wp.com\/imkerei-watermeyer.de\/wp-content\/uploads\/2017\/04\/IMG_0456-e1492930499373.jpg?resize=1050%2C600 3x, https:\/\/i0.wp.com\/imkerei-watermeyer.de\/wp-content\/uploads\/2017\/04\/IMG_0456-e1492930499373.jpg?resize=1400%2C800 4x"},"classes":[]},{"id":218,"url":"http:\/\/imkerei-watermeyer.de\/?p=218","url_meta":{"origin":317,"position":3},"title":"Einwintern","author":"Homeraner","date":"August 31, 2015","format":false,"excerpt":"Morgen werden wieder Spekulatius und Dominosteine Einzug in deutsche Superm\u00e4rkte halten und der meteorologische Herbst beginnt. Der Hochsommer verabschiedet sich gerade bei uns mit Blitz und Donner. Doch wir Imker sind schon einen Schritt weiter! Im August stand bei unseren V\u00f6lkern das sogenannte Einwintern auf dem Programm. Zu den Arbeiten\u2026","rel":"","context":"In &quot;Blick ins Volk&quot;","block_context":{"text":"Blick ins Volk","link":"http:\/\/imkerei-watermeyer.de\/?cat=4"},"img":{"alt_text":"","src":"https:\/\/i0.wp.com\/imkerei-watermeyer.de\/wp-content\/uploads\/2015\/08\/IMG_4358-0.jpg?resize=350%2C200","width":350,"height":200,"srcset":"https:\/\/i0.wp.com\/imkerei-watermeyer.de\/wp-content\/uploads\/2015\/08\/IMG_4358-0.jpg?resize=350%2C200 1x, https:\/\/i0.wp.com\/imkerei-watermeyer.de\/wp-content\/uploads\/2015\/08\/IMG_4358-0.jpg?resize=700%2C400 2x, https:\/\/i0.wp.com\/imkerei-watermeyer.de\/wp-content\/uploads\/2015\/08\/IMG_4358-0.jpg?resize=1050%2C600 3x, https:\/\/i0.wp.com\/imkerei-watermeyer.de\/wp-content\/uploads\/2015\/08\/IMG_4358-0.jpg?resize=1400%2C800 4x"},"classes":[]},{"id":534,"url":"http:\/\/imkerei-watermeyer.de\/?p=534","url_meta":{"origin":317,"position":4},"title":"Die erste Honigernte 2018","author":"Homeraner","date":"Mai 10, 2018","format":false,"excerpt":"Heute konnte ich den ersten Honig 2018 schleudern. Nachdem ich gestern die R\u00e4hmchen bei den Bienen herausgeholt hatte, folgten heute noch ein paar Arbeitsschritte, bevor der Honig flie\u00dfen konnte. 1. Das Entdeckeln Dabei werden mit einer Gabel die Wachsdeckel von den Waben mit dem fertigen Honig entfernt: Honigr\u00e4hmchen mit verdeckelten\u2026","rel":"","context":"In &quot;Arbeiten rund ums Volk&quot;","block_context":{"text":"Arbeiten rund ums Volk","link":"http:\/\/imkerei-watermeyer.de\/?cat=47"},"img":{"alt_text":"","src":"https:\/\/i0.wp.com\/imkerei-watermeyer.de\/wp-content\/uploads\/2018\/05\/5b72911e-6824-4434-a637-05b4e8ce633a.jpg?resize=350%2C200","width":350,"height":200,"srcset":"https:\/\/i0.wp.com\/imkerei-watermeyer.de\/wp-content\/uploads\/2018\/05\/5b72911e-6824-4434-a637-05b4e8ce633a.jpg?resize=350%2C200 1x, https:\/\/i0.wp.com\/imkerei-watermeyer.de\/wp-content\/uploads\/2018\/05\/5b72911e-6824-4434-a637-05b4e8ce633a.jpg?resize=700%2C400 2x, https:\/\/i0.wp.com\/imkerei-watermeyer.de\/wp-content\/uploads\/2018\/05\/5b72911e-6824-4434-a637-05b4e8ce633a.jpg?resize=1050%2C600 3x, https:\/\/i0.wp.com\/imkerei-watermeyer.de\/wp-content\/uploads\/2018\/05\/5b72911e-6824-4434-a637-05b4e8ce633a.jpg?resize=1400%2C800 4x"},"classes":[]},{"id":338,"url":"http:\/\/imkerei-watermeyer.de\/?p=338","url_meta":{"origin":317,"position":5},"title":"Beim Discounter gibt es Spekulatius&#8230;","author":"Homeraner","date":"September 1, 2016","format":false,"excerpt":"... und die Bienen? Die sind schon einen Schritt weiter! Mit Varroabehandlung und Futtergabe werden die Bienenv\u00f6lker nach der Bl\u00fcte der letzten gro\u00dfen Tracht (bei uns in der Gegend die Lindenbl\u00fcte) bereits Ende Juli und im August eingewintert. Auf dem Bild ist zu sehen, wie Ina einen 15kg schweren Futterteigklotz\u2026","rel":"","context":"In &quot;Arbeiten rund ums Volk&quot;","block_context":{"text":"Arbeiten rund ums Volk","link":"http:\/\/imkerei-watermeyer.de\/?cat=47"},"img":{"alt_text":"","src":"https:\/\/i0.wp.com\/imkerei-watermeyer.de\/wp-content\/uploads\/2016\/09\/img_3408.jpg?resize=350%2C200","width":350,"height":200,"srcset":"https:\/\/i0.wp.com\/imkerei-watermeyer.de\/wp-content\/uploads\/2016\/09\/img_3408.jpg?resize=350%2C200 1x, https:\/\/i0.wp.com\/imkerei-watermeyer.de\/wp-content\/uploads\/2016\/09\/img_3408.jpg?resize=700%2C400 2x, https:\/\/i0.wp.com\/imkerei-watermeyer.de\/wp-content\/uploads\/2016\/09\/img_3408.jpg?resize=1050%2C600 3x, https:\/\/i0.wp.com\/imkerei-watermeyer.de\/wp-content\/uploads\/2016\/09\/img_3408.jpg?resize=1400%2C800 4x"},"classes":[]}],"_links":{"self":[{"href":"http:\/\/imkerei-watermeyer.de\/index.php?rest_route=\/wp\/v2\/posts\/317"}],"collection":[{"href":"http:\/\/imkerei-watermeyer.de\/index.php?rest_route=\/wp\/v2\/posts"}],"about":[{"href":"http:\/\/imkerei-watermeyer.de\/index.php?rest_route=\/wp\/v2\/types\/post"}],"author":[{"embeddable":true,"href":"http:\/\/imkerei-watermeyer.de\/index.php?rest_route=\/wp\/v2\/users\/1"}],"replies":[{"embeddable":true,"href":"http:\/\/imkerei-watermeyer.de\/index.php?rest_route=%2Fwp%2Fv2%2Fcomments&post=317"}],"version-history":[{"count":2,"href":"http:\/\/imkerei-watermeyer.de\/index.php?rest_route=\/wp\/v2\/posts\/317\/revisions"}],"predecessor-version":[{"id":319,"href":"http:\/\/imkerei-watermeyer.de\/index.php?rest_route=\/wp\/v2\/posts\/317\/revisions\/319"}],"wp:attachment":[{"href":"http:\/\/imkerei-watermeyer.de\/index.php?rest_route=%2Fwp%2Fv2%2Fmedia&parent=317"}],"wp:term":[{"taxonomy":"category","embeddable":true,"href":"http:\/\/imkerei-watermeyer.de\/index.php?rest_route=%2Fwp%2Fv2%2Fcategories&post=317"},{"taxonomy":"post_tag","embeddable":true,"href":"http:\/\/imkerei-watermeyer.de\/index.php?rest_route=%2Fwp%2Fv2%2Ftags&post=317"}],"curies":[{"name":"wp","href":"https:\/\/api.w.org\/{rel}","templated":true}]}}