{"id":309,"date":"2016-04-14T04:52:10","date_gmt":"2016-04-14T04:52:10","guid":{"rendered":"http:\/\/imkerei-watermeyer.de\/?p=309"},"modified":"2016-04-14T04:52:10","modified_gmt":"2016-04-14T04:52:10","slug":"besuch-von-der-grossen-schwester","status":"publish","type":"post","link":"http:\/\/imkerei-watermeyer.de\/?p=309","title":{"rendered":"Besuch von der gro\u00dfen Schwester\u00a0"},"content":{"rendered":"<p>&nbsp;W\u00e4hrend drau\u00dfen der Fr\u00fchling durchstartet, sind nicht nur die Bienen unterwegs. Auch die gro\u00dfen Schwestern die Hummeln sind nun wieder unterwegs.<\/p>\n<p>Anders als bei den Bienen \u00fcberwintern bei den Hummeln nur die K\u00f6niginnen und nicht das ganze Volk. Dementsprechend wachsen die Hummelv\u00f6lker im Fr\u00fchling erst langsam heran, w\u00e4hrend die Bienen direkt in gro\u00dfer Zahl starten.<\/p>\n<p>Hummeln haben einen l\u00e4ngeren Saugr\u00fcssel als Bienen und k\u00f6nnen so auch Bl\u00fcten nutzen, bei denen Bienen nicht an den Nektar kommen. Im Einzelvergleich ist eine Hummel auch eine effektivere Best\u00e4uberin als die Honigbiene. Jedoch sorgt die pure Anzahl der Bienen daf\u00fcr, dass ein Bienenvolk deutlich mehr best\u00e4ubt als ein Hummelvolk.<\/p>\n<p>Aufgrund ihrer friedfertigen Art werden Hummeln \u00fcbrigens auch als Best\u00e4uber in Gew\u00e4chsh\u00e4usern eingesetzt.<\/p>\n<p>Nun am Wochenende hatten sich zwei Hummeln in unseren Wintergarten verflogen. F\u00fcr mich nat\u00fcrlich die perfekte Gelegenheit ein paar Gro\u00dfaufnahmen zu machen:<\/p>\n<p>&nbsp;<a href=\"http:\/\/imkerei-watermeyer.de\/wp-content\/uploads\/2016\/04\/img_9318.jpg\"><img decoding=\"async\" loading=\"lazy\" width=\"2448\" height=\"3264\" alt=\"\" src=\"http:\/\/imkerei-watermeyer.de\/wp-content\/uploads\/2016\/04\/img_9318.jpg\" title=\"\" class=\"size-custom\"><\/a>&nbsp;&nbsp;<br \/>\n<a href=\"http:\/\/imkerei-watermeyer.de\/wp-content\/uploads\/2016\/04\/img_9315.jpg\"><img decoding=\"async\" src=\"http:\/\/imkerei-watermeyer.de\/wp-content\/uploads\/2016\/04\/img_9315.jpg\" alt=\"\"><\/a>&nbsp;&nbsp;<a href=\"http:\/\/imkerei-watermeyer.de\/wp-content\/uploads\/2016\/04\/img_9313.jpg\"><img decoding=\"async\" src=\"http:\/\/imkerei-watermeyer.de\/wp-content\/uploads\/2016\/04\/img_9313.jpg\" alt=\"\"><\/a>&nbsp;<\/p>\n","protected":false},"excerpt":{"rendered":"<p>&nbsp;W\u00e4hrend drau\u00dfen der Fr\u00fchling durchstartet, sind nicht nur die Bienen unterwegs. Auch die gro\u00dfen Schwestern die Hummeln sind nun wieder unterwegs. Anders als bei den Bienen \u00fcberwintern bei den Hummeln nur die K\u00f6niginnen und nicht das ganze Volk. Dementsprechend wachsen die Hummelv\u00f6lker im Fr\u00fchling erst langsam heran, w\u00e4hrend die Bienen [&hellip;]<\/p>\n","protected":false},"author":1,"featured_media":308,"comment_status":"open","ping_status":"open","sticky":false,"template":"","format":"standard","meta":{"jetpack_post_was_ever_published":false,"_jetpack_newsletter_access":"","jetpack_publicize_message":"","jetpack_is_tweetstorm":false,"jetpack_publicize_feature_enabled":true,"jetpack_social_post_already_shared":false,"jetpack_social_options":{"image_generator_settings":{"template":"highway","enabled":false}}},"categories":[3],"tags":[16],"jetpack_publicize_connections":[],"jetpack_featured_media_url":"http:\/\/imkerei-watermeyer.de\/wp-content\/uploads\/2016\/04\/img_9321.jpg","jetpack_sharing_enabled":true,"jetpack_shortlink":"https:\/\/wp.me\/p9uDaz-4Z","jetpack_likes_enabled":true,"jetpack-related-posts":[{"id":153,"url":"http:\/\/imkerei-watermeyer.de\/?p=153","url_meta":{"origin":309,"position":0},"title":"Vatertag bei den Bienen","author":"Homeraner","date":"Mai 14, 2015","format":false,"excerpt":"Zugegebenerma\u00dfen sind die Bilder, die ich euch heute vorstelle, schon gestern entstanden. Auf den Bildern k\u00f6nnt ihr beobachten, wie Drohnenbrut schl\u00fcpft. Waben mit Drohnenbrut erkennt ihr daran, dass die Waben mit einem Buckel verdeckelt sind, w\u00e4hrend die Waben mit Arbeiterinnenbrut glatt verdeckelt ist. Au\u00dferdem sind die Waben f\u00fcr die Drohnen\u2026","rel":"","context":"In &quot;Bienenbilder&quot;","block_context":{"text":"Bienenbilder","link":"http:\/\/imkerei-watermeyer.de\/?cat=2"},"img":{"alt_text":"","src":"https:\/\/i0.wp.com\/imkerei-watermeyer.de\/wp-content\/uploads\/2015\/05\/IMG_2124-300x225.jpg?resize=350%2C200","width":350,"height":200},"classes":[]},{"id":396,"url":"http:\/\/imkerei-watermeyer.de\/?p=396","url_meta":{"origin":309,"position":1},"title":"Beinwell\u00a0","author":"Homeraner","date":"Mai 9, 2017","format":false,"excerpt":"Bei uns neben der Terasse stehen mehrere Beinwellpflanzen. Laut der Internetseite die-Honigmacher.de\u00a0liefert Beinwell nur m\u00e4\u00dfig Nektar und geringe Pollenmengen. Allerdings bl\u00fcht er von Mai bis August. Die Pflanze ist sehr ausdauernd und breitet sich wie Unkraut aus. Aufgrund der zahlreichen blau-violetten Bl\u00fcten ist diese mehrj\u00e4hrige Pflanze aber dennoch ein optischer\u2026","rel":"","context":"In &quot;Bienenbilder&quot;","block_context":{"text":"Bienenbilder","link":"http:\/\/imkerei-watermeyer.de\/?cat=2"},"img":{"alt_text":"","src":"https:\/\/i0.wp.com\/imkerei-watermeyer.de\/wp-content\/uploads\/2017\/05\/img_1527.jpg?resize=350%2C200","width":350,"height":200,"srcset":"https:\/\/i0.wp.com\/imkerei-watermeyer.de\/wp-content\/uploads\/2017\/05\/img_1527.jpg?resize=350%2C200 1x, https:\/\/i0.wp.com\/imkerei-watermeyer.de\/wp-content\/uploads\/2017\/05\/img_1527.jpg?resize=700%2C400 2x, https:\/\/i0.wp.com\/imkerei-watermeyer.de\/wp-content\/uploads\/2017\/05\/img_1527.jpg?resize=1050%2C600 3x, https:\/\/i0.wp.com\/imkerei-watermeyer.de\/wp-content\/uploads\/2017\/05\/img_1527.jpg?resize=1400%2C800 4x"},"classes":[]},{"id":87,"url":"http:\/\/imkerei-watermeyer.de\/?p=87","url_meta":{"origin":309,"position":2},"title":"Ableger und Schw\u00e4rme","author":"Homeraner","date":"April 29, 2015","format":false,"excerpt":"Gestern hatten wir Versammlung von unserem \u00f6rtlichen Imkerverein. Neben all den organisatorischen Dingen, die im Vereinsleben in Deutschland so \u00fcblich sind, standen auch noch imkerspezifische Organisation und Erfahrungsaustausch auf der Tagesordnung. Zur imkerspezifischen Organisation geh\u00f6rt zu dieser Jahreszeit zum Beispiel, dass die gemeinschaftliche Milchs\u00e4urebestellung abgestimmt wird. Mit Milchs\u00e4ure werden die\u2026","rel":"","context":"In &quot;Bienenbilder&quot;","block_context":{"text":"Bienenbilder","link":"http:\/\/imkerei-watermeyer.de\/?cat=2"},"img":{"alt_text":"","src":"https:\/\/i0.wp.com\/imkerei-watermeyer.de\/wp-content\/uploads\/2015\/04\/e8f9d297c5c9ea878af2b96c6d0aa4b2-300x225.jpg?resize=350%2C200","width":350,"height":200},"classes":[]},{"id":187,"url":"http:\/\/imkerei-watermeyer.de\/?p=187","url_meta":{"origin":309,"position":3},"title":"Schwarmkontrolle &#8211; Wieso die Kippkontrolle nicht reicht!","author":"Homeraner","date":"Juli 6, 2015","format":false,"excerpt":"Bei der Schwarmkontrolle kontrolliert der Imker die unteren 2 Etagen einer Bienenbeute und schaut nach, ob die Bienen sogenannte Weiselzellen gebaut haben oder gerade bauen. In den Weiselzellen ziehen die Bienen neue K\u00f6niginnen heran. Dabei handelt es sich urspr\u00fcnglich genau wie bei einer Arbeiterinnenzelle, um ein normales befruchtetes Ei, welches\u2026","rel":"","context":"In &quot;Blick ins Volk&quot;","block_context":{"text":"Blick ins Volk","link":"http:\/\/imkerei-watermeyer.de\/?cat=4"},"img":{"alt_text":"","src":"https:\/\/i0.wp.com\/imkerei-watermeyer.de\/wp-content\/uploads\/2015\/07\/IMG_2729.jpg?resize=350%2C200","width":350,"height":200,"srcset":"https:\/\/i0.wp.com\/imkerei-watermeyer.de\/wp-content\/uploads\/2015\/07\/IMG_2729.jpg?resize=350%2C200 1x, https:\/\/i0.wp.com\/imkerei-watermeyer.de\/wp-content\/uploads\/2015\/07\/IMG_2729.jpg?resize=700%2C400 2x, https:\/\/i0.wp.com\/imkerei-watermeyer.de\/wp-content\/uploads\/2015\/07\/IMG_2729.jpg?resize=1050%2C600 3x, https:\/\/i0.wp.com\/imkerei-watermeyer.de\/wp-content\/uploads\/2015\/07\/IMG_2729.jpg?resize=1400%2C800 4x"},"classes":[]},{"id":548,"url":"http:\/\/imkerei-watermeyer.de\/?p=548","url_meta":{"origin":309,"position":4},"title":"Das Bienenjahr beginnt","author":"Homeraner","date":"M\u00e4rz 22, 2019","format":false,"excerpt":"Heute hat es das Thermometer bei uns in Laggenbeck fast bis an die 20 Grad Celsius geschafft. Die Natur explodiert f\u00f6rmlich bei dieser warmen Witterung und auch die Bienen werden auch immer aktiver. Beobachtet man die Aktivit\u00e4ten am Flugloch, sind immer wieder auch Bienen mit Pollen an den Beinen zu\u2026","rel":"","context":"In &quot;Bienenbilder&quot;","block_context":{"text":"Bienenbilder","link":"http:\/\/imkerei-watermeyer.de\/?cat=2"},"img":{"alt_text":"","src":"https:\/\/i0.wp.com\/imkerei-watermeyer.de\/wp-content\/uploads\/2019\/03\/img_3628.jpg?resize=350%2C200","width":350,"height":200,"srcset":"https:\/\/i0.wp.com\/imkerei-watermeyer.de\/wp-content\/uploads\/2019\/03\/img_3628.jpg?resize=350%2C200 1x, https:\/\/i0.wp.com\/imkerei-watermeyer.de\/wp-content\/uploads\/2019\/03\/img_3628.jpg?resize=700%2C400 2x, https:\/\/i0.wp.com\/imkerei-watermeyer.de\/wp-content\/uploads\/2019\/03\/img_3628.jpg?resize=1050%2C600 3x, https:\/\/i0.wp.com\/imkerei-watermeyer.de\/wp-content\/uploads\/2019\/03\/img_3628.jpg?resize=1400%2C800 4x"},"classes":[]},{"id":218,"url":"http:\/\/imkerei-watermeyer.de\/?p=218","url_meta":{"origin":309,"position":5},"title":"Einwintern","author":"Homeraner","date":"August 31, 2015","format":false,"excerpt":"Morgen werden wieder Spekulatius und Dominosteine Einzug in deutsche Superm\u00e4rkte halten und der meteorologische Herbst beginnt. Der Hochsommer verabschiedet sich gerade bei uns mit Blitz und Donner. Doch wir Imker sind schon einen Schritt weiter! Im August stand bei unseren V\u00f6lkern das sogenannte Einwintern auf dem Programm. Zu den Arbeiten\u2026","rel":"","context":"In &quot;Blick ins Volk&quot;","block_context":{"text":"Blick ins Volk","link":"http:\/\/imkerei-watermeyer.de\/?cat=4"},"img":{"alt_text":"","src":"https:\/\/i0.wp.com\/imkerei-watermeyer.de\/wp-content\/uploads\/2015\/08\/IMG_4358-0.jpg?resize=350%2C200","width":350,"height":200,"srcset":"https:\/\/i0.wp.com\/imkerei-watermeyer.de\/wp-content\/uploads\/2015\/08\/IMG_4358-0.jpg?resize=350%2C200 1x, https:\/\/i0.wp.com\/imkerei-watermeyer.de\/wp-content\/uploads\/2015\/08\/IMG_4358-0.jpg?resize=700%2C400 2x, https:\/\/i0.wp.com\/imkerei-watermeyer.de\/wp-content\/uploads\/2015\/08\/IMG_4358-0.jpg?resize=1050%2C600 3x, https:\/\/i0.wp.com\/imkerei-watermeyer.de\/wp-content\/uploads\/2015\/08\/IMG_4358-0.jpg?resize=1400%2C800 4x"},"classes":[]}],"_links":{"self":[{"href":"http:\/\/imkerei-watermeyer.de\/index.php?rest_route=\/wp\/v2\/posts\/309"}],"collection":[{"href":"http:\/\/imkerei-watermeyer.de\/index.php?rest_route=\/wp\/v2\/posts"}],"about":[{"href":"http:\/\/imkerei-watermeyer.de\/index.php?rest_route=\/wp\/v2\/types\/post"}],"author":[{"embeddable":true,"href":"http:\/\/imkerei-watermeyer.de\/index.php?rest_route=\/wp\/v2\/users\/1"}],"replies":[{"embeddable":true,"href":"http:\/\/imkerei-watermeyer.de\/index.php?rest_route=%2Fwp%2Fv2%2Fcomments&post=309"}],"version-history":[{"count":1,"href":"http:\/\/imkerei-watermeyer.de\/index.php?rest_route=\/wp\/v2\/posts\/309\/revisions"}],"predecessor-version":[{"id":310,"href":"http:\/\/imkerei-watermeyer.de\/index.php?rest_route=\/wp\/v2\/posts\/309\/revisions\/310"}],"wp:featuredmedia":[{"embeddable":true,"href":"http:\/\/imkerei-watermeyer.de\/index.php?rest_route=\/wp\/v2\/media\/308"}],"wp:attachment":[{"href":"http:\/\/imkerei-watermeyer.de\/index.php?rest_route=%2Fwp%2Fv2%2Fmedia&parent=309"}],"wp:term":[{"taxonomy":"category","embeddable":true,"href":"http:\/\/imkerei-watermeyer.de\/index.php?rest_route=%2Fwp%2Fv2%2Fcategories&post=309"},{"taxonomy":"post_tag","embeddable":true,"href":"http:\/\/imkerei-watermeyer.de\/index.php?rest_route=%2Fwp%2Fv2%2Ftags&post=309"}],"curies":[{"name":"wp","href":"https:\/\/api.w.org\/{rel}","templated":true}]}}