{"id":261,"date":"2016-03-15T10:49:17","date_gmt":"2016-03-15T10:49:17","guid":{"rendered":"http:\/\/imkerei-watermeyer.de\/?p=261"},"modified":"2016-03-15T10:49:39","modified_gmt":"2016-03-15T10:49:39","slug":"vorfruehling-endlich","status":"publish","type":"post","link":"http:\/\/imkerei-watermeyer.de\/?p=261","title":{"rendered":"Vorfr\u00fchling &#8211; Endlich!"},"content":{"rendered":"<p>Die letzten 3 Tage hatten wir herrlich sonniges Wetter hier im westlichen M\u00fcnsterland. Im Schatten war es zwar noch knackig kalt, bei dem klaren Wetter konnten die Sonnenstrahlen aber schon ihre neu gewonnene Kraft demonstrieren und die Natur zum Leben erwecken und so sind auch unsere Bienen fl\u00fcgge geworden.<\/p>\n<p>&nbsp;<div style=\"width: 3274px\" class=\"wp-caption alignnone\"><a href=\"http:\/\/imkerei-watermeyer.de\/wp-content\/uploads\/2016\/03\/img_8487.jpg\"><img decoding=\"async\" loading=\"lazy\" width=\"3264\" height=\"2448\" alt=\"\" src=\"http:\/\/imkerei-watermeyer.de\/wp-content\/uploads\/2016\/03\/img_8487.jpg\" title=\"Bienenflug an der Beute\" class=\"size-custom\"><\/a><p class=\"wp-caption-text\">Bienenflug im Vorfr\u00fchling<\/p><\/div><br \/>\n&nbsp;&nbsp;<br \/>\n&nbsp;<\/p>\n","protected":false},"excerpt":{"rendered":"<p>Die letzten 3 Tage hatten wir herrlich sonniges Wetter hier im westlichen M\u00fcnsterland. Im Schatten war es zwar noch knackig kalt, bei dem klaren Wetter konnten die Sonnenstrahlen aber schon ihre neu gewonnene Kraft demonstrieren und die Natur zum Leben erwecken und so sind auch unsere Bienen fl\u00fcgge geworden. &nbsp; [&hellip;]<\/p>\n","protected":false},"author":1,"featured_media":260,"comment_status":"open","ping_status":"open","sticky":false,"template":"","format":"video","meta":{"jetpack_post_was_ever_published":false,"_jetpack_newsletter_access":"","jetpack_publicize_message":"","jetpack_is_tweetstorm":false,"jetpack_publicize_feature_enabled":true,"jetpack_social_post_already_shared":false,"jetpack_social_options":{"image_generator_settings":{"template":"highway","enabled":false}}},"categories":[2,3],"tags":[46,29,44,45],"jetpack_publicize_connections":[],"jetpack_featured_media_url":"http:\/\/imkerei-watermeyer.de\/wp-content\/uploads\/2016\/03\/img_8487-1.jpg","jetpack_sharing_enabled":true,"jetpack_shortlink":"https:\/\/wp.me\/p9uDaz-4d","jetpack_likes_enabled":true,"jetpack-related-posts":[{"id":501,"url":"http:\/\/imkerei-watermeyer.de\/?p=501","url_meta":{"origin":261,"position":0},"title":"1. richtig warme Fr\u00fchlingstag","author":"Homeraner","date":"April 17, 2018","format":false,"excerpt":"Heute ist hier im Teutoburger Wald der erste richtig warme Fr\u00fchlingstag mit Temperaturen \u00fcber 20 Grad Celsius. Nicht nur wir Menschen haben das Bed\u00fcrfnis, bei dem warmen Wetter m\u00f6glichst viel Zeit drau\u00dfen zu verbringen. Auch die Bienen zieht es aus dem Stock raus und flei\u00dfig werden Pollen und Nektar gesammelt.\u2026","rel":"","context":"In &quot;Bienenbilder&quot;","block_context":{"text":"Bienenbilder","link":"http:\/\/imkerei-watermeyer.de\/?cat=2"},"img":{"alt_text":"","src":"https:\/\/i0.wp.com\/imkerei-watermeyer.de\/wp-content\/uploads\/2018\/04\/img_0740.jpg?resize=350%2C200","width":350,"height":200,"srcset":"https:\/\/i0.wp.com\/imkerei-watermeyer.de\/wp-content\/uploads\/2018\/04\/img_0740.jpg?resize=350%2C200 1x, https:\/\/i0.wp.com\/imkerei-watermeyer.de\/wp-content\/uploads\/2018\/04\/img_0740.jpg?resize=700%2C400 2x, https:\/\/i0.wp.com\/imkerei-watermeyer.de\/wp-content\/uploads\/2018\/04\/img_0740.jpg?resize=1050%2C600 3x, https:\/\/i0.wp.com\/imkerei-watermeyer.de\/wp-content\/uploads\/2018\/04\/img_0740.jpg?resize=1400%2C800 4x"},"classes":[]},{"id":482,"url":"http:\/\/imkerei-watermeyer.de\/?p=482","url_meta":{"origin":261,"position":1},"title":"Die Hasel bl\u00fcht","author":"Homeraner","date":"Januar 9, 2018","format":false,"excerpt":"Auch bei Temperaturen nur knapp \u00fcber dem Gefrierpunkt beginnt nun schon so fr\u00fch im Jahr die Natur zu erwachen. Mit der Haselnuss erbl\u00fcht die Fauna. Bei den Temperaturen von weit unter 10 Grad Celsius sind nat\u00fcrlich noch keine Bienen unterwegs, aber sp\u00e4ter im Jahr, wenn die Temperaturen den Bienenflug erlauben,\u2026","rel":"","context":"In &quot;Natur&quot;","block_context":{"text":"Natur","link":"http:\/\/imkerei-watermeyer.de\/?cat=3"},"img":{"alt_text":"","src":"https:\/\/i0.wp.com\/imkerei-watermeyer.de\/wp-content\/uploads\/2018\/01\/img_0010.jpg?resize=350%2C200","width":350,"height":200,"srcset":"https:\/\/i0.wp.com\/imkerei-watermeyer.de\/wp-content\/uploads\/2018\/01\/img_0010.jpg?resize=350%2C200 1x, https:\/\/i0.wp.com\/imkerei-watermeyer.de\/wp-content\/uploads\/2018\/01\/img_0010.jpg?resize=700%2C400 2x, https:\/\/i0.wp.com\/imkerei-watermeyer.de\/wp-content\/uploads\/2018\/01\/img_0010.jpg?resize=1050%2C600 3x, https:\/\/i0.wp.com\/imkerei-watermeyer.de\/wp-content\/uploads\/2018\/01\/img_0010.jpg?resize=1400%2C800 4x"},"classes":[]},{"id":345,"url":"http:\/\/imkerei-watermeyer.de\/?p=345","url_meta":{"origin":261,"position":2},"title":"Hochbetrieb im Efeu\u00a0","author":"Homeraner","date":"Oktober 1, 2016","format":false,"excerpt":"Wie im letzten Jahr bin ich auch nun wieder fasziniert, wie viele Bienen und andere Insekten durch den bl\u00fchenden Efeu angelockt werden. Bei angenehmen 16 Grad Celsius, Sonnenschein und kaum vorhandenen Wind herrscht reges Treiben an den Efeubl\u00fcten: \u200b\u200b \u200b \u200b\u200b Auf der sehr gut gemachten Internetseite\u00a0Die Honigmacher\u00a0k\u00f6nnt ihr neben\u2026","rel":"","context":"In &quot;Bienenbilder&quot;","block_context":{"text":"Bienenbilder","link":"http:\/\/imkerei-watermeyer.de\/?cat=2"},"img":{"alt_text":"","src":"https:\/\/i0.wp.com\/imkerei-watermeyer.de\/wp-content\/uploads\/2016\/10\/img_4474.jpg?resize=350%2C200","width":350,"height":200,"srcset":"https:\/\/i0.wp.com\/imkerei-watermeyer.de\/wp-content\/uploads\/2016\/10\/img_4474.jpg?resize=350%2C200 1x, https:\/\/i0.wp.com\/imkerei-watermeyer.de\/wp-content\/uploads\/2016\/10\/img_4474.jpg?resize=700%2C400 2x, https:\/\/i0.wp.com\/imkerei-watermeyer.de\/wp-content\/uploads\/2016\/10\/img_4474.jpg?resize=1050%2C600 3x, https:\/\/i0.wp.com\/imkerei-watermeyer.de\/wp-content\/uploads\/2016\/10\/img_4474.jpg?resize=1400%2C800 4x"},"classes":[]},{"id":236,"url":"http:\/\/imkerei-watermeyer.de\/?p=236","url_meta":{"origin":261,"position":3},"title":"Die gro\u00dfe Cousine\u00a0","author":"Homeraner","date":"November 9, 2015","format":false,"excerpt":"Bienen und Wespen geh\u00f6ren innerhalb der Insekten zur gleichen Gruppe. Beide geh\u00f6ren zur Gruppe der Hautfl\u00fcgler. W\u00e4hrend die Deutsche Wespe und die gemeine Wespe ungef\u00e4hr die Gr\u00f6\u00dfe einer Honigbiene haben und der breiten Bev\u00f6lkerung wegen ihrer ungebetenen Gastbesuche an hochsommerlichen Kaffeetafeln und Grillveranstaltungen bekannt sind, ist deren gro\u00dfe Schwester den\u2026","rel":"","context":"In &quot;Bienenbilder&quot;","block_context":{"text":"Bienenbilder","link":"http:\/\/imkerei-watermeyer.de\/?cat=2"},"img":{"alt_text":"","src":"https:\/\/i0.wp.com\/imkerei-watermeyer.de\/wp-content\/uploads\/2015\/11\/IMG_5331.jpg?resize=350%2C200","width":350,"height":200,"srcset":"https:\/\/i0.wp.com\/imkerei-watermeyer.de\/wp-content\/uploads\/2015\/11\/IMG_5331.jpg?resize=350%2C200 1x, https:\/\/i0.wp.com\/imkerei-watermeyer.de\/wp-content\/uploads\/2015\/11\/IMG_5331.jpg?resize=700%2C400 2x, https:\/\/i0.wp.com\/imkerei-watermeyer.de\/wp-content\/uploads\/2015\/11\/IMG_5331.jpg?resize=1050%2C600 3x, https:\/\/i0.wp.com\/imkerei-watermeyer.de\/wp-content\/uploads\/2015\/11\/IMG_5331.jpg?resize=1400%2C800 4x"},"classes":[]},{"id":548,"url":"http:\/\/imkerei-watermeyer.de\/?p=548","url_meta":{"origin":261,"position":4},"title":"Das Bienenjahr beginnt","author":"Homeraner","date":"M\u00e4rz 22, 2019","format":false,"excerpt":"Heute hat es das Thermometer bei uns in Laggenbeck fast bis an die 20 Grad Celsius geschafft. Die Natur explodiert f\u00f6rmlich bei dieser warmen Witterung und auch die Bienen werden auch immer aktiver. Beobachtet man die Aktivit\u00e4ten am Flugloch, sind immer wieder auch Bienen mit Pollen an den Beinen zu\u2026","rel":"","context":"In &quot;Bienenbilder&quot;","block_context":{"text":"Bienenbilder","link":"http:\/\/imkerei-watermeyer.de\/?cat=2"},"img":{"alt_text":"","src":"https:\/\/i0.wp.com\/imkerei-watermeyer.de\/wp-content\/uploads\/2019\/03\/img_3628.jpg?resize=350%2C200","width":350,"height":200,"srcset":"https:\/\/i0.wp.com\/imkerei-watermeyer.de\/wp-content\/uploads\/2019\/03\/img_3628.jpg?resize=350%2C200 1x, https:\/\/i0.wp.com\/imkerei-watermeyer.de\/wp-content\/uploads\/2019\/03\/img_3628.jpg?resize=700%2C400 2x, https:\/\/i0.wp.com\/imkerei-watermeyer.de\/wp-content\/uploads\/2019\/03\/img_3628.jpg?resize=1050%2C600 3x, https:\/\/i0.wp.com\/imkerei-watermeyer.de\/wp-content\/uploads\/2019\/03\/img_3628.jpg?resize=1400%2C800 4x"},"classes":[]},{"id":470,"url":"http:\/\/imkerei-watermeyer.de\/?p=470","url_meta":{"origin":261,"position":5},"title":"Umzug","author":"Homeraner","date":"Dezember 25, 2017","format":false,"excerpt":"In 2017 hat sich vieles in meinem Leben ge\u00e4ndert und so kam es, dass ich im Fr\u00fchjahr ins Tecklenburger Land gezogen bin. Zum Gl\u00fcck hatte mich eine Schulfreundin aus M\u00fcnster gefragt, ob ich nicht Bienen bei ihr hinstellen k\u00f6nnte, denn so hatte ich die ben\u00f6tigten Untersuchungen und Papiere fr\u00fchzeitig in\u2026","rel":"","context":"In &quot;Arbeiten rund ums Volk&quot;","block_context":{"text":"Arbeiten rund ums Volk","link":"http:\/\/imkerei-watermeyer.de\/?cat=47"},"img":{"alt_text":"","src":"https:\/\/i0.wp.com\/imkerei-watermeyer.de\/wp-content\/uploads\/2017\/12\/img_5993.jpg?resize=350%2C200","width":350,"height":200,"srcset":"https:\/\/i0.wp.com\/imkerei-watermeyer.de\/wp-content\/uploads\/2017\/12\/img_5993.jpg?resize=350%2C200 1x, https:\/\/i0.wp.com\/imkerei-watermeyer.de\/wp-content\/uploads\/2017\/12\/img_5993.jpg?resize=700%2C400 2x, https:\/\/i0.wp.com\/imkerei-watermeyer.de\/wp-content\/uploads\/2017\/12\/img_5993.jpg?resize=1050%2C600 3x, https:\/\/i0.wp.com\/imkerei-watermeyer.de\/wp-content\/uploads\/2017\/12\/img_5993.jpg?resize=1400%2C800 4x"},"classes":[]}],"_links":{"self":[{"href":"http:\/\/imkerei-watermeyer.de\/index.php?rest_route=\/wp\/v2\/posts\/261"}],"collection":[{"href":"http:\/\/imkerei-watermeyer.de\/index.php?rest_route=\/wp\/v2\/posts"}],"about":[{"href":"http:\/\/imkerei-watermeyer.de\/index.php?rest_route=\/wp\/v2\/types\/post"}],"author":[{"embeddable":true,"href":"http:\/\/imkerei-watermeyer.de\/index.php?rest_route=\/wp\/v2\/users\/1"}],"replies":[{"embeddable":true,"href":"http:\/\/imkerei-watermeyer.de\/index.php?rest_route=%2Fwp%2Fv2%2Fcomments&post=261"}],"version-history":[{"count":1,"href":"http:\/\/imkerei-watermeyer.de\/index.php?rest_route=\/wp\/v2\/posts\/261\/revisions"}],"predecessor-version":[{"id":262,"href":"http:\/\/imkerei-watermeyer.de\/index.php?rest_route=\/wp\/v2\/posts\/261\/revisions\/262"}],"wp:featuredmedia":[{"embeddable":true,"href":"http:\/\/imkerei-watermeyer.de\/index.php?rest_route=\/wp\/v2\/media\/260"}],"wp:attachment":[{"href":"http:\/\/imkerei-watermeyer.de\/index.php?rest_route=%2Fwp%2Fv2%2Fmedia&parent=261"}],"wp:term":[{"taxonomy":"category","embeddable":true,"href":"http:\/\/imkerei-watermeyer.de\/index.php?rest_route=%2Fwp%2Fv2%2Fcategories&post=261"},{"taxonomy":"post_tag","embeddable":true,"href":"http:\/\/imkerei-watermeyer.de\/index.php?rest_route=%2Fwp%2Fv2%2Ftags&post=261"}],"curies":[{"name":"wp","href":"https:\/\/api.w.org\/{rel}","templated":true}]}}