{"id":213,"date":"2015-08-13T16:05:09","date_gmt":"2015-08-13T16:05:09","guid":{"rendered":"http:\/\/imkerei-watermeyer.de\/?p=213"},"modified":"2015-08-13T16:16:05","modified_gmt":"2015-08-13T16:16:05","slug":"die-sonnenblume-lacht","status":"publish","type":"post","link":"http:\/\/imkerei-watermeyer.de\/?p=213","title":{"rendered":"Die Sonne(nblume) lacht"},"content":{"rendered":"<p>\u00dcblicherweise werden die Bienen nach der letzten Ernte im Juli f\u00fcr den Winter vorbereitet. Das hei\u00dft, dass die Bienenv\u00f6lker nach der Lindenbl\u00fcte mit Ameisens\u00e4ure gegen die Varroamilbe behandelt werden und ihr Winterfutter als Ausgleich f\u00fcr den entnommenen Honig bekommen.<\/p>\n<p>Bei unseren V\u00f6lkern bei uns zuhause warten wir allerdings noch aus gutem Grund mit dem Einwintern. Ca. 500m Luftlinie entfernt von unseren Bienenv\u00f6lkern ist n\u00e4mlich ein kleines Bienenparadies in den letzten Wochen herangewachsen.<\/p>\n<p>&nbsp;<div style=\"width: 3010px\" class=\"wp-caption alignnone\"><a href=\"http:\/\/imkerei-watermeyer.de\/wp-content\/uploads\/2015\/08\/IMG_4103.jpg\"><img decoding=\"async\" loading=\"lazy\" width=\"3000\" height=\"2250\" alt=\"\" src=\"http:\/\/imkerei-watermeyer.de\/wp-content\/uploads\/2015\/08\/IMG_4103.jpg\" title=\"Sonnenblumenfeld\" class=\"size-custom\"><\/a><p class=\"wp-caption-text\">Sonnenblumenfeld in Homer<\/p><\/div><br \/>\nDie Sonnenblumen auf dem Feld bieten unseren V\u00f6lkern reichlich Nektar und Pollen. Wenn wir Gl\u00fcck haben, k\u00f6nnen wir in diesem Jahr sogar Sonnenblumenhonig ernten. Wir sind wirklich sehr gespannt, ob das klappt. Die Bienen haben die Sonnenblumen jedenfalls schon entdeckt. Wahnsinn, wie viele Bienen dort unterwegs sind!<\/p>\n<p>&nbsp;<a href=\"http:\/\/imkerei-watermeyer.de\/wp-content\/uploads\/2015\/08\/IMG_4104.jpg\"><img decoding=\"async\" src=\"http:\/\/imkerei-watermeyer.de\/wp-content\/uploads\/2015\/08\/IMG_4104.jpg\" alt=\"\"><\/a>&nbsp;&nbsp;<br \/>\n<a href=\"http:\/\/imkerei-watermeyer.de\/wp-content\/uploads\/2015\/08\/IMG_4108.jpg\"><img decoding=\"async\" src=\"http:\/\/imkerei-watermeyer.de\/wp-content\/uploads\/2015\/08\/IMG_4108.jpg\" alt=\"\"><\/a>&nbsp;&nbsp;<a href=\"http:\/\/imkerei-watermeyer.de\/wp-content\/uploads\/2015\/08\/IMG_4112.jpg\"><img decoding=\"async\" src=\"http:\/\/imkerei-watermeyer.de\/wp-content\/uploads\/2015\/08\/IMG_4112.jpg\" alt=\"\"><\/a>&nbsp;<\/p>\n","protected":false},"excerpt":{"rendered":"<p>\u00dcblicherweise werden die Bienen nach der letzten Ernte im Juli f\u00fcr den Winter vorbereitet. Das hei\u00dft, dass die Bienenv\u00f6lker nach der Lindenbl\u00fcte mit Ameisens\u00e4ure gegen die Varroamilbe behandelt werden und ihr Winterfutter als Ausgleich f\u00fcr den entnommenen Honig bekommen. Bei unseren V\u00f6lkern bei uns zuhause warten wir allerdings noch aus [&hellip;]<\/p>\n","protected":false},"author":1,"featured_media":212,"comment_status":"open","ping_status":"open","sticky":false,"template":"","format":"standard","meta":{"jetpack_post_was_ever_published":false,"_jetpack_newsletter_access":"","jetpack_publicize_message":"","jetpack_is_tweetstorm":false,"jetpack_publicize_feature_enabled":true,"jetpack_social_post_already_shared":false,"jetpack_social_options":{"image_generator_settings":{"template":"highway","enabled":false}}},"categories":[2,3],"tags":[29,17,28],"jetpack_publicize_connections":[],"jetpack_featured_media_url":"http:\/\/imkerei-watermeyer.de\/wp-content\/uploads\/2015\/08\/IMG_4103-0.jpg","jetpack_sharing_enabled":true,"jetpack_shortlink":"https:\/\/wp.me\/p9uDaz-3r","jetpack_likes_enabled":true,"jetpack-related-posts":[{"id":218,"url":"http:\/\/imkerei-watermeyer.de\/?p=218","url_meta":{"origin":213,"position":0},"title":"Einwintern","author":"Homeraner","date":"August 31, 2015","format":false,"excerpt":"Morgen werden wieder Spekulatius und Dominosteine Einzug in deutsche Superm\u00e4rkte halten und der meteorologische Herbst beginnt. Der Hochsommer verabschiedet sich gerade bei uns mit Blitz und Donner. Doch wir Imker sind schon einen Schritt weiter! Im August stand bei unseren V\u00f6lkern das sogenannte Einwintern auf dem Programm. Zu den Arbeiten\u2026","rel":"","context":"In &quot;Blick ins Volk&quot;","block_context":{"text":"Blick ins Volk","link":"http:\/\/imkerei-watermeyer.de\/?cat=4"},"img":{"alt_text":"","src":"https:\/\/i0.wp.com\/imkerei-watermeyer.de\/wp-content\/uploads\/2015\/08\/IMG_4358-0.jpg?resize=350%2C200","width":350,"height":200,"srcset":"https:\/\/i0.wp.com\/imkerei-watermeyer.de\/wp-content\/uploads\/2015\/08\/IMG_4358-0.jpg?resize=350%2C200 1x, https:\/\/i0.wp.com\/imkerei-watermeyer.de\/wp-content\/uploads\/2015\/08\/IMG_4358-0.jpg?resize=700%2C400 2x, https:\/\/i0.wp.com\/imkerei-watermeyer.de\/wp-content\/uploads\/2015\/08\/IMG_4358-0.jpg?resize=1050%2C600 3x, https:\/\/i0.wp.com\/imkerei-watermeyer.de\/wp-content\/uploads\/2015\/08\/IMG_4358-0.jpg?resize=1400%2C800 4x"},"classes":[]},{"id":655,"url":"http:\/\/imkerei-watermeyer.de\/?p=655","url_meta":{"origin":213,"position":1},"title":"Honigernte &#8211; Sp\u00e4ttracht","author":"Homeraner","date":"Juli 21, 2019","format":false,"excerpt":"Am letzten Mittwoch konnten wir wieder Honig ernten. W\u00e4hrend der Lindenbl\u00fcte konnten die Bienen so einiges an Nektar eintragen und in M\u00fcnster-Amelsb\u00fcren haben sie sich auch flei\u00dfig an der dort angelegten Blumenwiese bedient. Biene in der Wildblumenwiese Die Bienen haben das k\u00e4ltere Wetter der Tage zuvor genutzt und haben den\u2026","rel":"","context":"In &quot;Bienenbilder&quot;","block_context":{"text":"Bienenbilder","link":"http:\/\/imkerei-watermeyer.de\/?cat=2"},"img":{"alt_text":"","src":"https:\/\/i0.wp.com\/imkerei-watermeyer.de\/wp-content\/uploads\/2019\/07\/dsc00166-5.jpg?resize=350%2C200","width":350,"height":200,"srcset":"https:\/\/i0.wp.com\/imkerei-watermeyer.de\/wp-content\/uploads\/2019\/07\/dsc00166-5.jpg?resize=350%2C200 1x, https:\/\/i0.wp.com\/imkerei-watermeyer.de\/wp-content\/uploads\/2019\/07\/dsc00166-5.jpg?resize=700%2C400 2x, https:\/\/i0.wp.com\/imkerei-watermeyer.de\/wp-content\/uploads\/2019\/07\/dsc00166-5.jpg?resize=1050%2C600 3x, https:\/\/i0.wp.com\/imkerei-watermeyer.de\/wp-content\/uploads\/2019\/07\/dsc00166-5.jpg?resize=1400%2C800 4x"},"classes":[]},{"id":1277,"url":"http:\/\/imkerei-watermeyer.de\/?p=1277","url_meta":{"origin":213,"position":2},"title":"Update Imkerei","author":"laggenbiene","date":"Juni 10, 2024","format":false,"excerpt":"In unserer Imkerei hat sich seit dem letzten Jahr einiges getan. Die Bienenv\u00f6lker sind Ende 2023 nach Amelsb\u00fcren zu Daniels Trauzeugin Petra aufs Land gezogen. Der Umzug wurde n\u00f6tig, da Daniel aufgrund seines beruflichen Stresses Unterst\u00fctzung bei den Bienen ben\u00f6tigte. Petra interessierte sich eh schon f\u00fcrs Imkern und so war\u2026","rel":"","context":"In &quot;Imkereibeitr\u00e4ge&quot;","block_context":{"text":"Imkereibeitr\u00e4ge","link":"http:\/\/imkerei-watermeyer.de\/?cat=104"},"img":{"alt_text":"","src":"https:\/\/i0.wp.com\/imkerei-watermeyer.de\/wp-content\/uploads\/2024\/06\/0ef752fe-7856-4d75-83c5-12b5d6df4312-1.jpg?resize=350%2C200","width":350,"height":200,"srcset":"https:\/\/i0.wp.com\/imkerei-watermeyer.de\/wp-content\/uploads\/2024\/06\/0ef752fe-7856-4d75-83c5-12b5d6df4312-1.jpg?resize=350%2C200 1x, https:\/\/i0.wp.com\/imkerei-watermeyer.de\/wp-content\/uploads\/2024\/06\/0ef752fe-7856-4d75-83c5-12b5d6df4312-1.jpg?resize=700%2C400 2x"},"classes":[]},{"id":159,"url":"http:\/\/imkerei-watermeyer.de\/?p=159","url_meta":{"origin":213,"position":3},"title":"Es dauert nicht mehr lang","author":"Homeraner","date":"Mai 21, 2015","format":false,"excerpt":"\u00a0Am letzten Donnerstag hatte ich unsere V\u00f6lker durchgeschaut und insbesondere ein Auge in die Honigr\u00e4ume geworfen. Bei einem Volk sah es schon recht vielversprechend aus und ein Gro\u00dfteil der R\u00e4hmchen im Honigraum war schon zur H\u00e4lfte verdeckelt.\u00a0 Das bedeutet, dass der Honig in den Waben reif ist und bevorratet werden\u2026","rel":"","context":"\u00c4hnlicher Beitrag","block_context":{"text":"\u00c4hnlicher Beitrag","link":""},"img":{"alt_text":"","src":"","width":0,"height":0},"classes":[]},{"id":121,"url":"http:\/\/imkerei-watermeyer.de\/?p=121","url_meta":{"origin":213,"position":4},"title":"Kastanienbl\u00fcte Teil 1","author":"Homeraner","date":"Mai 5, 2015","format":false,"excerpt":"Die Rosskastanie in unserem Garten ist mittlerweile in voller Bl\u00fcte. Es ist wunderbar abends einfach ruhig unter dem Baum zu stehen und dem Summen der Bienen und Hummeln zu lauschen. Die Rosskastanie ist f\u00fcr uns ein Zeichen, wann bei uns in der Gegend die sogenannte Fr\u00fchtracht vorbei ist und zum\u2026","rel":"","context":"In &quot;Natur&quot;","block_context":{"text":"Natur","link":"http:\/\/imkerei-watermeyer.de\/?cat=3"},"img":{"alt_text":"","src":"https:\/\/i0.wp.com\/imkerei-watermeyer.de\/wp-content\/uploads\/2015\/05\/Rosskastanie-in-Bl\u00c3\u00bcte-e1430851906289-225x300.jpg?resize=350%2C200","width":350,"height":200},"classes":[]},{"id":187,"url":"http:\/\/imkerei-watermeyer.de\/?p=187","url_meta":{"origin":213,"position":5},"title":"Schwarmkontrolle &#8211; Wieso die Kippkontrolle nicht reicht!","author":"Homeraner","date":"Juli 6, 2015","format":false,"excerpt":"Bei der Schwarmkontrolle kontrolliert der Imker die unteren 2 Etagen einer Bienenbeute und schaut nach, ob die Bienen sogenannte Weiselzellen gebaut haben oder gerade bauen. In den Weiselzellen ziehen die Bienen neue K\u00f6niginnen heran. Dabei handelt es sich urspr\u00fcnglich genau wie bei einer Arbeiterinnenzelle, um ein normales befruchtetes Ei, welches\u2026","rel":"","context":"In &quot;Blick ins Volk&quot;","block_context":{"text":"Blick ins Volk","link":"http:\/\/imkerei-watermeyer.de\/?cat=4"},"img":{"alt_text":"","src":"https:\/\/i0.wp.com\/imkerei-watermeyer.de\/wp-content\/uploads\/2015\/07\/IMG_2729.jpg?resize=350%2C200","width":350,"height":200,"srcset":"https:\/\/i0.wp.com\/imkerei-watermeyer.de\/wp-content\/uploads\/2015\/07\/IMG_2729.jpg?resize=350%2C200 1x, https:\/\/i0.wp.com\/imkerei-watermeyer.de\/wp-content\/uploads\/2015\/07\/IMG_2729.jpg?resize=700%2C400 2x, https:\/\/i0.wp.com\/imkerei-watermeyer.de\/wp-content\/uploads\/2015\/07\/IMG_2729.jpg?resize=1050%2C600 3x, https:\/\/i0.wp.com\/imkerei-watermeyer.de\/wp-content\/uploads\/2015\/07\/IMG_2729.jpg?resize=1400%2C800 4x"},"classes":[]}],"_links":{"self":[{"href":"http:\/\/imkerei-watermeyer.de\/index.php?rest_route=\/wp\/v2\/posts\/213"}],"collection":[{"href":"http:\/\/imkerei-watermeyer.de\/index.php?rest_route=\/wp\/v2\/posts"}],"about":[{"href":"http:\/\/imkerei-watermeyer.de\/index.php?rest_route=\/wp\/v2\/types\/post"}],"author":[{"embeddable":true,"href":"http:\/\/imkerei-watermeyer.de\/index.php?rest_route=\/wp\/v2\/users\/1"}],"replies":[{"embeddable":true,"href":"http:\/\/imkerei-watermeyer.de\/index.php?rest_route=%2Fwp%2Fv2%2Fcomments&post=213"}],"version-history":[{"count":2,"href":"http:\/\/imkerei-watermeyer.de\/index.php?rest_route=\/wp\/v2\/posts\/213\/revisions"}],"predecessor-version":[{"id":215,"href":"http:\/\/imkerei-watermeyer.de\/index.php?rest_route=\/wp\/v2\/posts\/213\/revisions\/215"}],"wp:featuredmedia":[{"embeddable":true,"href":"http:\/\/imkerei-watermeyer.de\/index.php?rest_route=\/wp\/v2\/media\/212"}],"wp:attachment":[{"href":"http:\/\/imkerei-watermeyer.de\/index.php?rest_route=%2Fwp%2Fv2%2Fmedia&parent=213"}],"wp:term":[{"taxonomy":"category","embeddable":true,"href":"http:\/\/imkerei-watermeyer.de\/index.php?rest_route=%2Fwp%2Fv2%2Fcategories&post=213"},{"taxonomy":"post_tag","embeddable":true,"href":"http:\/\/imkerei-watermeyer.de\/index.php?rest_route=%2Fwp%2Fv2%2Ftags&post=213"}],"curies":[{"name":"wp","href":"https:\/\/api.w.org\/{rel}","templated":true}]}}