{"id":206,"date":"2015-08-09T08:45:34","date_gmt":"2015-08-09T08:45:34","guid":{"rendered":"http:\/\/imkerei-watermeyer.de\/?p=206"},"modified":"2015-08-09T08:45:34","modified_gmt":"2015-08-09T08:45:34","slug":"sonntags-in-der-kuerbisbluete","status":"publish","type":"post","link":"http:\/\/imkerei-watermeyer.de\/?p=206","title":{"rendered":"Sonntags in der K\u00fcrbisbl\u00fcte\u00a0"},"content":{"rendered":"<p>Heute Morgen haben wir einen kleinen Sonntagssonnenscheinspaziergang durch unseren Garten gemacht.<\/p>\n<p>Unter anderem haben wir dabei unsere K\u00fcrbispflanze inspiziert. \u00dcblicherweise findet man ja immer nur eine Biene je Bl\u00fcte. Das hat allerdings nichts damit zu tun, dass Bienen egoistisch w\u00e4ren und keine andere Biene neben sich dulden w\u00fcrden! Es ist schlicht und ergreifend ein Platzproblem.<\/p>\n<p>Wieso ich darauf komme und was das mit unserer K\u00fcrbispflanze zu tun hat? Ganz einfach:<\/p>\n<p>&nbsp;<div style=\"width: 2260px\" class=\"wp-caption alignnone\"><a href=\"http:\/\/imkerei-watermeyer.de\/wp-content\/uploads\/2015\/08\/IMG_3974.jpg\"><img decoding=\"async\" loading=\"lazy\" width=\"2250\" height=\"3000\" alt=\"\" src=\"http:\/\/imkerei-watermeyer.de\/wp-content\/uploads\/2015\/08\/IMG_3974.jpg\" title=\"Bienen in K\u00fcrbisbl\u00fcte\" class=\"size-custom\"><\/a><p class=\"wp-caption-text\">Bienen in K\u00fcrbisbl\u00fcte<\/p><\/div>&nbsp;<br \/>\nIst die Bl\u00fcte wie beim K\u00fcrbis gro\u00df genug, dann sammeln die Bienen auch schon mal zu dritt.<\/p>\n","protected":false},"excerpt":{"rendered":"<p>Heute Morgen haben wir einen kleinen Sonntagssonnenscheinspaziergang durch unseren Garten gemacht. Unter anderem haben wir dabei unsere K\u00fcrbispflanze inspiziert. \u00dcblicherweise findet man ja immer nur eine Biene je Bl\u00fcte. Das hat allerdings nichts damit zu tun, dass Bienen egoistisch w\u00e4ren und keine andere Biene neben sich dulden w\u00fcrden! Es ist [&hellip;]<\/p>\n","protected":false},"author":1,"featured_media":0,"comment_status":"open","ping_status":"open","sticky":false,"template":"","format":"standard","meta":{"jetpack_post_was_ever_published":false,"_jetpack_newsletter_access":"","jetpack_publicize_message":"","jetpack_is_tweetstorm":false,"jetpack_publicize_feature_enabled":true,"jetpack_social_post_already_shared":false,"jetpack_social_options":{"image_generator_settings":{"template":"highway","enabled":false}}},"categories":[2,3],"tags":[25,17,26,27],"jetpack_publicize_connections":[],"jetpack_featured_media_url":"","jetpack_sharing_enabled":true,"jetpack_shortlink":"https:\/\/wp.me\/p9uDaz-3k","jetpack_likes_enabled":true,"jetpack-related-posts":[{"id":213,"url":"http:\/\/imkerei-watermeyer.de\/?p=213","url_meta":{"origin":206,"position":0},"title":"Die Sonne(nblume) lacht","author":"Homeraner","date":"August 13, 2015","format":false,"excerpt":"\u00dcblicherweise werden die Bienen nach der letzten Ernte im Juli f\u00fcr den Winter vorbereitet. Das hei\u00dft, dass die Bienenv\u00f6lker nach der Lindenbl\u00fcte mit Ameisens\u00e4ure gegen die Varroamilbe behandelt werden und ihr Winterfutter als Ausgleich f\u00fcr den entnommenen Honig bekommen. Bei unseren V\u00f6lkern bei uns zuhause warten wir allerdings noch aus\u2026","rel":"","context":"In &quot;Bienenbilder&quot;","block_context":{"text":"Bienenbilder","link":"http:\/\/imkerei-watermeyer.de\/?cat=2"},"img":{"alt_text":"","src":"https:\/\/i0.wp.com\/imkerei-watermeyer.de\/wp-content\/uploads\/2015\/08\/IMG_4103-0.jpg?resize=350%2C200","width":350,"height":200,"srcset":"https:\/\/i0.wp.com\/imkerei-watermeyer.de\/wp-content\/uploads\/2015\/08\/IMG_4103-0.jpg?resize=350%2C200 1x, https:\/\/i0.wp.com\/imkerei-watermeyer.de\/wp-content\/uploads\/2015\/08\/IMG_4103-0.jpg?resize=700%2C400 2x, https:\/\/i0.wp.com\/imkerei-watermeyer.de\/wp-content\/uploads\/2015\/08\/IMG_4103-0.jpg?resize=1050%2C600 3x, https:\/\/i0.wp.com\/imkerei-watermeyer.de\/wp-content\/uploads\/2015\/08\/IMG_4103-0.jpg?resize=1400%2C800 4x"},"classes":[]},{"id":115,"url":"http:\/\/imkerei-watermeyer.de\/?p=115","url_meta":{"origin":206,"position":1},"title":"Best\u00e4ubte Best\u00e4uberin","author":"Homeraner","date":"Mai 1, 2015","format":false,"excerpt":"Ich habe heute die feiert\u00e4gliche Mittagsruhe genutzt und bin in unserem Garten auf Fotopirsch gegangen. Der dort bl\u00fchende Garten ist derzeit Zielgebiet unserer Bienen. Dort sammeln die flei\u00dfigen Flugbienen reichlich Nektar und die auf dem\u00a0Bild zu sehende Biene Pollen. Bei den beiden Aufnahmen kann man ziemlich gut die sogenannten Pollenh\u00f6schen\u2026","rel":"","context":"In &quot;Anatomie der Biene&quot;","block_context":{"text":"Anatomie der Biene","link":"http:\/\/imkerei-watermeyer.de\/?cat=11"},"img":{"alt_text":"","src":"https:\/\/i0.wp.com\/imkerei-watermeyer.de\/wp-content\/uploads\/2015\/05\/PICT1259-300x225.jpg?resize=350%2C200","width":350,"height":200},"classes":[]},{"id":501,"url":"http:\/\/imkerei-watermeyer.de\/?p=501","url_meta":{"origin":206,"position":2},"title":"1. richtig warme Fr\u00fchlingstag","author":"Homeraner","date":"April 17, 2018","format":false,"excerpt":"Heute ist hier im Teutoburger Wald der erste richtig warme Fr\u00fchlingstag mit Temperaturen \u00fcber 20 Grad Celsius. Nicht nur wir Menschen haben das Bed\u00fcrfnis, bei dem warmen Wetter m\u00f6glichst viel Zeit drau\u00dfen zu verbringen. Auch die Bienen zieht es aus dem Stock raus und flei\u00dfig werden Pollen und Nektar gesammelt.\u2026","rel":"","context":"In &quot;Bienenbilder&quot;","block_context":{"text":"Bienenbilder","link":"http:\/\/imkerei-watermeyer.de\/?cat=2"},"img":{"alt_text":"","src":"https:\/\/i0.wp.com\/imkerei-watermeyer.de\/wp-content\/uploads\/2018\/04\/img_0740.jpg?resize=350%2C200","width":350,"height":200,"srcset":"https:\/\/i0.wp.com\/imkerei-watermeyer.de\/wp-content\/uploads\/2018\/04\/img_0740.jpg?resize=350%2C200 1x, https:\/\/i0.wp.com\/imkerei-watermeyer.de\/wp-content\/uploads\/2018\/04\/img_0740.jpg?resize=700%2C400 2x, https:\/\/i0.wp.com\/imkerei-watermeyer.de\/wp-content\/uploads\/2018\/04\/img_0740.jpg?resize=1050%2C600 3x, https:\/\/i0.wp.com\/imkerei-watermeyer.de\/wp-content\/uploads\/2018\/04\/img_0740.jpg?resize=1400%2C800 4x"},"classes":[]},{"id":403,"url":"http:\/\/imkerei-watermeyer.de\/?p=403","url_meta":{"origin":206,"position":3},"title":"Wenn der Schnittlauch bl\u00fchen darf","author":"Homeraner","date":"Mai 21, 2017","format":false,"excerpt":"Wenn der Schnittlauch bl\u00fchen darf, sind seine Bl\u00fcten ein gro\u00dfer Magnet f\u00fcr die Bienen! Es w\u00e4re also sehr sch\u00f6n, wenn ihr in euren Kr\u00e4uterg\u00e4rten den Schnittlauch ruhig einmal bis zur Bl\u00fcte kommen lassen w\u00fcrdet! Dann das Gesumme und Gebrumme anschauen zu k\u00f6nnen, lohnt sich! Hier ein paar Bilder zum Beweis,\u2026","rel":"","context":"In &quot;Bienenbilder&quot;","block_context":{"text":"Bienenbilder","link":"http:\/\/imkerei-watermeyer.de\/?cat=2"},"img":{"alt_text":"","src":"https:\/\/i0.wp.com\/imkerei-watermeyer.de\/wp-content\/uploads\/2017\/05\/img_1731.jpg?resize=350%2C200","width":350,"height":200,"srcset":"https:\/\/i0.wp.com\/imkerei-watermeyer.de\/wp-content\/uploads\/2017\/05\/img_1731.jpg?resize=350%2C200 1x, https:\/\/i0.wp.com\/imkerei-watermeyer.de\/wp-content\/uploads\/2017\/05\/img_1731.jpg?resize=700%2C400 2x, https:\/\/i0.wp.com\/imkerei-watermeyer.de\/wp-content\/uploads\/2017\/05\/img_1731.jpg?resize=1050%2C600 3x, https:\/\/i0.wp.com\/imkerei-watermeyer.de\/wp-content\/uploads\/2017\/05\/img_1731.jpg?resize=1400%2C800 4x"},"classes":[]},{"id":334,"url":"http:\/\/imkerei-watermeyer.de\/?p=334","url_meta":{"origin":206,"position":4},"title":"Die erste Bl\u00fcte","author":"Homeraner","date":"August 9, 2016","format":false,"excerpt":"Nachdem wir vor 5 Jahren zweij\u00e4hrige Pflanzen gekauft haben, bl\u00fcht nun die erste samthaarige Stinkesche in unserem Garten. Der lateinische Name lautet Euodia hupehensis. So weit so gut. Die eigentliche Bedeutung f\u00fcr uns Imker zeigt aber die viel nettere Bezeichnung dieser Pflanze - Bienenbaum! Der Bienenbaum bl\u00fcht je nach Sorte\u2026","rel":"","context":"In &quot;Natur&quot;","block_context":{"text":"Natur","link":"http:\/\/imkerei-watermeyer.de\/?cat=3"},"img":{"alt_text":"","src":"https:\/\/i0.wp.com\/imkerei-watermeyer.de\/wp-content\/uploads\/2016\/08\/img_2505.jpg?resize=350%2C200","width":350,"height":200,"srcset":"https:\/\/i0.wp.com\/imkerei-watermeyer.de\/wp-content\/uploads\/2016\/08\/img_2505.jpg?resize=350%2C200 1x, https:\/\/i0.wp.com\/imkerei-watermeyer.de\/wp-content\/uploads\/2016\/08\/img_2505.jpg?resize=700%2C400 2x, https:\/\/i0.wp.com\/imkerei-watermeyer.de\/wp-content\/uploads\/2016\/08\/img_2505.jpg?resize=1050%2C600 3x, https:\/\/i0.wp.com\/imkerei-watermeyer.de\/wp-content\/uploads\/2016\/08\/img_2505.jpg?resize=1400%2C800 4x"},"classes":[]},{"id":181,"url":"http:\/\/imkerei-watermeyer.de\/?p=181","url_meta":{"origin":206,"position":5},"title":"Guter Grund!","author":"Homeraner","date":"Juli 2, 2015","format":false,"excerpt":"\u00a0Zugegebenerma\u00dfen gab es in letzter Zeit kaum neue Beitr\u00e4ge auf unserer Seite. Das hatte aber einen sehr guten Grund! Wir waren viel an den Bienen und konnten dabei neues Material f\u00fcr die Homepage und vor allem Honig sammeln! Bei uns Zuhause konnten wir einen ganz besonderen Honig ernten. Unsere Bienen\u2026","rel":"","context":"Mit 1 Kommentar","block_context":{"text":"Mit 1 Kommentar","link":"http:\/\/imkerei-watermeyer.de\/?p=181#comments"},"img":{"alt_text":"","src":"","width":0,"height":0},"classes":[]}],"_links":{"self":[{"href":"http:\/\/imkerei-watermeyer.de\/index.php?rest_route=\/wp\/v2\/posts\/206"}],"collection":[{"href":"http:\/\/imkerei-watermeyer.de\/index.php?rest_route=\/wp\/v2\/posts"}],"about":[{"href":"http:\/\/imkerei-watermeyer.de\/index.php?rest_route=\/wp\/v2\/types\/post"}],"author":[{"embeddable":true,"href":"http:\/\/imkerei-watermeyer.de\/index.php?rest_route=\/wp\/v2\/users\/1"}],"replies":[{"embeddable":true,"href":"http:\/\/imkerei-watermeyer.de\/index.php?rest_route=%2Fwp%2Fv2%2Fcomments&post=206"}],"version-history":[{"count":1,"href":"http:\/\/imkerei-watermeyer.de\/index.php?rest_route=\/wp\/v2\/posts\/206\/revisions"}],"predecessor-version":[{"id":207,"href":"http:\/\/imkerei-watermeyer.de\/index.php?rest_route=\/wp\/v2\/posts\/206\/revisions\/207"}],"wp:attachment":[{"href":"http:\/\/imkerei-watermeyer.de\/index.php?rest_route=%2Fwp%2Fv2%2Fmedia&parent=206"}],"wp:term":[{"taxonomy":"category","embeddable":true,"href":"http:\/\/imkerei-watermeyer.de\/index.php?rest_route=%2Fwp%2Fv2%2Fcategories&post=206"},{"taxonomy":"post_tag","embeddable":true,"href":"http:\/\/imkerei-watermeyer.de\/index.php?rest_route=%2Fwp%2Fv2%2Ftags&post=206"}],"curies":[{"name":"wp","href":"https:\/\/api.w.org\/{rel}","templated":true}]}}