{"id":181,"date":"2015-07-02T11:09:40","date_gmt":"2015-07-02T11:09:40","guid":{"rendered":"http:\/\/imkerei-watermeyer.de\/?p=181"},"modified":"2015-07-02T11:09:40","modified_gmt":"2015-07-02T11:09:40","slug":"guter-grund","status":"publish","type":"post","link":"http:\/\/imkerei-watermeyer.de\/?p=181","title":{"rendered":"Guter Grund!"},"content":{"rendered":"<p>&nbsp;Zugegebenerma\u00dfen gab es in letzter Zeit kaum neue Beitr\u00e4ge auf unserer Seite. Das hatte aber einen sehr guten Grund!<\/p>\n<p>Wir waren viel an den Bienen und konnten dabei neues Material f\u00fcr die Homepage und vor allem Honig sammeln!<\/p>\n<p>Bei uns Zuhause konnten wir einen ganz besonderen Honig ernten. Unsere Bienen haben n\u00e4mlich vor allem die Esskastanienb\u00e4ume in unserer Nachbarschaft besucht.<\/p>\n<p>Diese standen bzw. stehen noch in voller Bl\u00fcte.<\/p>\n<p>&nbsp;<a href=\"http:\/\/imkerei-watermeyer.de\/wp-content\/uploads\/2015\/07\/IMG_2950.jpg\"><img decoding=\"async\" src=\"http:\/\/imkerei-watermeyer.de\/wp-content\/uploads\/2015\/07\/IMG_2950.jpg\" alt=\"\"><\/a>&nbsp;<br \/>\nHonig mit einem hohen Anteil an Edelkastanien-Nektar zeichnet sich nicht nur durch seine dunkle Farbe, sondern vor allem durch seinen markanten Geschmack aus.<\/p>\n<p><a href=\"http:\/\/imkerei-watermeyer.de\/wp-content\/uploads\/2015\/07\/IMG_3104-2.jpg\"><img decoding=\"async\" src=\"http:\/\/imkerei-watermeyer.de\/wp-content\/uploads\/2015\/07\/IMG_3104-2.jpg\" alt=\"\"><\/a>&nbsp;<\/p>\n<p>Esskastanienhonig ist nicht sehr s\u00fc\u00df und hat eine &#8211; wenn man ihn \u00e4hnlich wie eine Schokolade bezeichnen m\u00f6chte &#8211; zartbittere Note. Er ist ein wunderbares Beispiel daf\u00fcr, wie vielf\u00e4ltig Honig schmecken kann. Er steht somit in krassem Widerspruch zu der s\u00fc\u00dfen Fl\u00fcssigkeit aus den Quetschtuben im Supermarkt.<\/p>\n<p>Dieser Honig eignet sich hervorragend als S\u00fc\u00dfung f\u00fcrs morgendliche M\u00fcsli und harmoniert erstklassig mit griechischem Honig. Auch zu gebackenem Ziegenk\u00e4se w\u00e4re dieser Honig meine erste Wahl, da er dem K\u00e4se das notwendige Gegengewicht entgegen setzt.<\/p>\n<p>Also wenn ihr die M\u00f6glichkeit habt, Honig mit Esskastanienanteil zu probieren, dann solltet ihr diese nutzen! Es wird eure Augen und Geschmacksknospen f\u00fcr die Vielf\u00e4ltigkeit von Honig \u00f6ffnen!<\/p>\n","protected":false},"excerpt":{"rendered":"<p>&nbsp;Zugegebenerma\u00dfen gab es in letzter Zeit kaum neue Beitr\u00e4ge auf unserer Seite. Das hatte aber einen sehr guten Grund! Wir waren viel an den Bienen und konnten dabei neues Material f\u00fcr die Homepage und vor allem Honig sammeln! Bei uns Zuhause konnten wir einen ganz besonderen Honig ernten. Unsere Bienen [&hellip;]<\/p>\n","protected":false},"author":1,"featured_media":0,"comment_status":"open","ping_status":"open","sticky":false,"template":"","format":"standard","meta":{"jetpack_post_was_ever_published":false,"_jetpack_newsletter_access":"","jetpack_publicize_message":"","jetpack_is_tweetstorm":false,"jetpack_publicize_feature_enabled":true,"jetpack_social_post_already_shared":false,"jetpack_social_options":{"image_generator_settings":{"template":"highway","enabled":false}}},"categories":[1],"tags":[],"jetpack_publicize_connections":[],"jetpack_featured_media_url":"","jetpack_sharing_enabled":true,"jetpack_shortlink":"https:\/\/wp.me\/p9uDaz-2V","jetpack_likes_enabled":true,"jetpack-related-posts":[{"id":655,"url":"http:\/\/imkerei-watermeyer.de\/?p=655","url_meta":{"origin":181,"position":0},"title":"Honigernte &#8211; Sp\u00e4ttracht","author":"Homeraner","date":"Juli 21, 2019","format":false,"excerpt":"Am letzten Mittwoch konnten wir wieder Honig ernten. W\u00e4hrend der Lindenbl\u00fcte konnten die Bienen so einiges an Nektar eintragen und in M\u00fcnster-Amelsb\u00fcren haben sie sich auch flei\u00dfig an der dort angelegten Blumenwiese bedient. Biene in der Wildblumenwiese Die Bienen haben das k\u00e4ltere Wetter der Tage zuvor genutzt und haben den\u2026","rel":"","context":"In &quot;Bienenbilder&quot;","block_context":{"text":"Bienenbilder","link":"http:\/\/imkerei-watermeyer.de\/?cat=2"},"img":{"alt_text":"","src":"https:\/\/i0.wp.com\/imkerei-watermeyer.de\/wp-content\/uploads\/2019\/07\/dsc00166-5.jpg?resize=350%2C200","width":350,"height":200,"srcset":"https:\/\/i0.wp.com\/imkerei-watermeyer.de\/wp-content\/uploads\/2019\/07\/dsc00166-5.jpg?resize=350%2C200 1x, https:\/\/i0.wp.com\/imkerei-watermeyer.de\/wp-content\/uploads\/2019\/07\/dsc00166-5.jpg?resize=700%2C400 2x, https:\/\/i0.wp.com\/imkerei-watermeyer.de\/wp-content\/uploads\/2019\/07\/dsc00166-5.jpg?resize=1050%2C600 3x, https:\/\/i0.wp.com\/imkerei-watermeyer.de\/wp-content\/uploads\/2019\/07\/dsc00166-5.jpg?resize=1400%2C800 4x"},"classes":[]},{"id":218,"url":"http:\/\/imkerei-watermeyer.de\/?p=218","url_meta":{"origin":181,"position":1},"title":"Einwintern","author":"Homeraner","date":"August 31, 2015","format":false,"excerpt":"Morgen werden wieder Spekulatius und Dominosteine Einzug in deutsche Superm\u00e4rkte halten und der meteorologische Herbst beginnt. Der Hochsommer verabschiedet sich gerade bei uns mit Blitz und Donner. Doch wir Imker sind schon einen Schritt weiter! Im August stand bei unseren V\u00f6lkern das sogenannte Einwintern auf dem Programm. Zu den Arbeiten\u2026","rel":"","context":"In &quot;Blick ins Volk&quot;","block_context":{"text":"Blick ins Volk","link":"http:\/\/imkerei-watermeyer.de\/?cat=4"},"img":{"alt_text":"","src":"https:\/\/i0.wp.com\/imkerei-watermeyer.de\/wp-content\/uploads\/2015\/08\/IMG_4358-0.jpg?resize=350%2C200","width":350,"height":200,"srcset":"https:\/\/i0.wp.com\/imkerei-watermeyer.de\/wp-content\/uploads\/2015\/08\/IMG_4358-0.jpg?resize=350%2C200 1x, https:\/\/i0.wp.com\/imkerei-watermeyer.de\/wp-content\/uploads\/2015\/08\/IMG_4358-0.jpg?resize=700%2C400 2x, https:\/\/i0.wp.com\/imkerei-watermeyer.de\/wp-content\/uploads\/2015\/08\/IMG_4358-0.jpg?resize=1050%2C600 3x, https:\/\/i0.wp.com\/imkerei-watermeyer.de\/wp-content\/uploads\/2015\/08\/IMG_4358-0.jpg?resize=1400%2C800 4x"},"classes":[]},{"id":455,"url":"http:\/\/imkerei-watermeyer.de\/?p=455","url_meta":{"origin":181,"position":2},"title":"So unterschiedlich kann Honig sein","author":"Homeraner","date":"August 7, 2017","format":false,"excerpt":"Es mag ein \"Vorteil\" der industriellen Produktion sein, dass die meisten Lebensmittel heutzutage immer gleich schmecken und standardisiert sind. Auch auf den Honig bekannter Marken trifft dies zu.\u00a0 Was f\u00fcr die einen ein unabdingbarer Vorteil ist, ist f\u00fcr andere einfach nur langweilig. Wer sich darauf einlassen m\u00f6chte, dass zum Beispiel\u2026","rel":"","context":"In &quot;Honig-Vermarktung&quot;","block_context":{"text":"Honig-Vermarktung","link":"http:\/\/imkerei-watermeyer.de\/?cat=33"},"img":{"alt_text":"","src":"https:\/\/i0.wp.com\/imkerei-watermeyer.de\/wp-content\/uploads\/2017\/08\/img_3628.jpg?resize=350%2C200","width":350,"height":200,"srcset":"https:\/\/i0.wp.com\/imkerei-watermeyer.de\/wp-content\/uploads\/2017\/08\/img_3628.jpg?resize=350%2C200 1x, https:\/\/i0.wp.com\/imkerei-watermeyer.de\/wp-content\/uploads\/2017\/08\/img_3628.jpg?resize=700%2C400 2x"},"classes":[]},{"id":365,"url":"http:\/\/imkerei-watermeyer.de\/?p=365","url_meta":{"origin":181,"position":3},"title":"Honigraum aufsetzen","author":"Homeraner","date":"April 23, 2017","format":false,"excerpt":"Nachdem ich eine erste Durchsicht gewagt hatte, habe ich mich p\u00fcnktlich zur Kirschbl\u00fcte dazu entschlossen, den Honigraum auf das Volk bei uns zuhause aufzusetzen. Die Kirschbl\u00fcte zeigt den Zeitpunkt an, zu dem die erste nutzbare Tracht (ausreichende Nektarmenge) f\u00fcr die Bienen durch die Obstbl\u00fcte zur Verf\u00fcgung steht. In diesem Jahr\u2026","rel":"","context":"In &quot;Arbeiten rund ums Volk&quot;","block_context":{"text":"Arbeiten rund ums Volk","link":"http:\/\/imkerei-watermeyer.de\/?cat=47"},"img":{"alt_text":"","src":"https:\/\/i0.wp.com\/imkerei-watermeyer.de\/wp-content\/uploads\/2017\/04\/IMG_0456-e1492930499373.jpg?resize=350%2C200","width":350,"height":200,"srcset":"https:\/\/i0.wp.com\/imkerei-watermeyer.de\/wp-content\/uploads\/2017\/04\/IMG_0456-e1492930499373.jpg?resize=350%2C200 1x, https:\/\/i0.wp.com\/imkerei-watermeyer.de\/wp-content\/uploads\/2017\/04\/IMG_0456-e1492930499373.jpg?resize=700%2C400 2x, https:\/\/i0.wp.com\/imkerei-watermeyer.de\/wp-content\/uploads\/2017\/04\/IMG_0456-e1492930499373.jpg?resize=1050%2C600 3x, https:\/\/i0.wp.com\/imkerei-watermeyer.de\/wp-content\/uploads\/2017\/04\/IMG_0456-e1492930499373.jpg?resize=1400%2C800 4x"},"classes":[]},{"id":169,"url":"http:\/\/imkerei-watermeyer.de\/?p=169","url_meta":{"origin":181,"position":4},"title":"Der erste Honig 2015","author":"Homeraner","date":"Juni 1, 2015","format":false,"excerpt":"Heute war es endlich soweit. Wir konnten heute den ersten Honig ernten und schleudern. Um den Honig ernten zu k\u00f6nnen, muss er trocken genug sein. Wenn der Honig trocken genug ist, spritzt er nicht mehr aus den Zellen, wenn man das R\u00e4hmchen sch\u00fcttelt, bzw. die Bienen verdeckeln die Honigzellen. Bevor\u2026","rel":"","context":"\u00c4hnlicher Beitrag","block_context":{"text":"\u00c4hnlicher Beitrag","link":""},"img":{"alt_text":"","src":"","width":0,"height":0},"classes":[]},{"id":328,"url":"http:\/\/imkerei-watermeyer.de\/?p=328","url_meta":{"origin":181,"position":5},"title":"Lindenbl\u00fcte","author":"Homeraner","date":"Juni 30, 2016","format":false,"excerpt":"Derzeit steht eine der wichtigsten Trachtpflanzen f\u00fcr die Bienen in voller Bl\u00fcte. Die Linde. Das folgende Bild habe ich an der A2 an der Rastst\u00e4tte Bottrop aufgenommen als endlich mal wieder die Sonne raus kam. Reiner Lindenhonig aus dem Nektar der Bl\u00fcten ist ein sehr heller, kaum kristallisierender Honig und\u2026","rel":"","context":"In &quot;Bienenbilder&quot;","block_context":{"text":"Bienenbilder","link":"http:\/\/imkerei-watermeyer.de\/?cat=2"},"img":{"alt_text":"","src":"https:\/\/i0.wp.com\/imkerei-watermeyer.de\/wp-content\/uploads\/2016\/06\/img_1337.jpg?resize=350%2C200","width":350,"height":200,"srcset":"https:\/\/i0.wp.com\/imkerei-watermeyer.de\/wp-content\/uploads\/2016\/06\/img_1337.jpg?resize=350%2C200 1x, https:\/\/i0.wp.com\/imkerei-watermeyer.de\/wp-content\/uploads\/2016\/06\/img_1337.jpg?resize=700%2C400 2x, https:\/\/i0.wp.com\/imkerei-watermeyer.de\/wp-content\/uploads\/2016\/06\/img_1337.jpg?resize=1050%2C600 3x, https:\/\/i0.wp.com\/imkerei-watermeyer.de\/wp-content\/uploads\/2016\/06\/img_1337.jpg?resize=1400%2C800 4x"},"classes":[]}],"_links":{"self":[{"href":"http:\/\/imkerei-watermeyer.de\/index.php?rest_route=\/wp\/v2\/posts\/181"}],"collection":[{"href":"http:\/\/imkerei-watermeyer.de\/index.php?rest_route=\/wp\/v2\/posts"}],"about":[{"href":"http:\/\/imkerei-watermeyer.de\/index.php?rest_route=\/wp\/v2\/types\/post"}],"author":[{"embeddable":true,"href":"http:\/\/imkerei-watermeyer.de\/index.php?rest_route=\/wp\/v2\/users\/1"}],"replies":[{"embeddable":true,"href":"http:\/\/imkerei-watermeyer.de\/index.php?rest_route=%2Fwp%2Fv2%2Fcomments&post=181"}],"version-history":[{"count":1,"href":"http:\/\/imkerei-watermeyer.de\/index.php?rest_route=\/wp\/v2\/posts\/181\/revisions"}],"predecessor-version":[{"id":182,"href":"http:\/\/imkerei-watermeyer.de\/index.php?rest_route=\/wp\/v2\/posts\/181\/revisions\/182"}],"wp:attachment":[{"href":"http:\/\/imkerei-watermeyer.de\/index.php?rest_route=%2Fwp%2Fv2%2Fmedia&parent=181"}],"wp:term":[{"taxonomy":"category","embeddable":true,"href":"http:\/\/imkerei-watermeyer.de\/index.php?rest_route=%2Fwp%2Fv2%2Fcategories&post=181"},{"taxonomy":"post_tag","embeddable":true,"href":"http:\/\/imkerei-watermeyer.de\/index.php?rest_route=%2Fwp%2Fv2%2Ftags&post=181"}],"curies":[{"name":"wp","href":"https:\/\/api.w.org\/{rel}","templated":true}]}}