{"id":175,"date":"2015-06-09T10:02:33","date_gmt":"2015-06-09T10:02:33","guid":{"rendered":"http:\/\/imkerei-watermeyer.de\/?p=175"},"modified":"2015-06-09T10:02:33","modified_gmt":"2015-06-09T10:02:33","slug":"nicht-nur-nektar","status":"publish","type":"post","link":"http:\/\/imkerei-watermeyer.de\/?p=175","title":{"rendered":"Nicht nur Nektar!"},"content":{"rendered":"<p>Wer glaubt, dass Bienen nur Nektar sammeln, um daraus Honig zu machen, der liegt verkehrt.<\/p>\n<p>Wie die Ameisen auf dem Bild sammeln Bienen n\u00e4mlich auch die zuckerhaltigen Ausscheidungen von Blattl\u00e4usen &#8211; den sogenannten Honigtau.<\/p>\n<p>&nbsp;<a href=\"http:\/\/imkerei-watermeyer.de\/wp-content\/uploads\/2015\/06\/IMG_2588.jpg\"><img decoding=\"async\" src=\"http:\/\/imkerei-watermeyer.de\/wp-content\/uploads\/2015\/06\/IMG_2588.jpg\" alt=\"\"><\/a>&nbsp;<br \/>\nInsbesondere wenn im Sommer Fichten und Tannen von Blattl\u00e4usen befallen sind, k\u00f6nnen die Bienen dort besonders viel Honigtau sammeln.<\/p>\n","protected":false},"excerpt":{"rendered":"<p>Wer glaubt, dass Bienen nur Nektar sammeln, um daraus Honig zu machen, der liegt verkehrt. Wie die Ameisen auf dem Bild sammeln Bienen n\u00e4mlich auch die zuckerhaltigen Ausscheidungen von Blattl\u00e4usen &#8211; den sogenannten Honigtau. &nbsp;&nbsp; Insbesondere wenn im Sommer Fichten und Tannen von Blattl\u00e4usen befallen sind, k\u00f6nnen die Bienen dort [&hellip;]<\/p>\n","protected":false},"author":1,"featured_media":0,"comment_status":"open","ping_status":"open","sticky":false,"template":"","format":"standard","meta":{"jetpack_post_was_ever_published":false,"_jetpack_newsletter_access":"","jetpack_publicize_message":"","jetpack_is_tweetstorm":false,"jetpack_publicize_feature_enabled":true,"jetpack_social_post_already_shared":false,"jetpack_social_options":{"image_generator_settings":{"template":"highway","enabled":false}}},"categories":[1],"tags":[],"jetpack_publicize_connections":[],"jetpack_featured_media_url":"","jetpack_sharing_enabled":true,"jetpack_shortlink":"https:\/\/wp.me\/p9uDaz-2P","jetpack_likes_enabled":true,"jetpack-related-posts":[{"id":328,"url":"http:\/\/imkerei-watermeyer.de\/?p=328","url_meta":{"origin":175,"position":0},"title":"Lindenbl\u00fcte","author":"Homeraner","date":"Juni 30, 2016","format":false,"excerpt":"Derzeit steht eine der wichtigsten Trachtpflanzen f\u00fcr die Bienen in voller Bl\u00fcte. Die Linde. Das folgende Bild habe ich an der A2 an der Rastst\u00e4tte Bottrop aufgenommen als endlich mal wieder die Sonne raus kam. Reiner Lindenhonig aus dem Nektar der Bl\u00fcten ist ein sehr heller, kaum kristallisierender Honig und\u2026","rel":"","context":"In &quot;Bienenbilder&quot;","block_context":{"text":"Bienenbilder","link":"http:\/\/imkerei-watermeyer.de\/?cat=2"},"img":{"alt_text":"","src":"https:\/\/i0.wp.com\/imkerei-watermeyer.de\/wp-content\/uploads\/2016\/06\/img_1337.jpg?resize=350%2C200","width":350,"height":200,"srcset":"https:\/\/i0.wp.com\/imkerei-watermeyer.de\/wp-content\/uploads\/2016\/06\/img_1337.jpg?resize=350%2C200 1x, https:\/\/i0.wp.com\/imkerei-watermeyer.de\/wp-content\/uploads\/2016\/06\/img_1337.jpg?resize=700%2C400 2x, https:\/\/i0.wp.com\/imkerei-watermeyer.de\/wp-content\/uploads\/2016\/06\/img_1337.jpg?resize=1050%2C600 3x, https:\/\/i0.wp.com\/imkerei-watermeyer.de\/wp-content\/uploads\/2016\/06\/img_1337.jpg?resize=1400%2C800 4x"},"classes":[]},{"id":206,"url":"http:\/\/imkerei-watermeyer.de\/?p=206","url_meta":{"origin":175,"position":1},"title":"Sonntags in der K\u00fcrbisbl\u00fcte\u00a0","author":"Homeraner","date":"August 9, 2015","format":false,"excerpt":"Heute Morgen haben wir einen kleinen Sonntagssonnenscheinspaziergang durch unseren Garten gemacht. Unter anderem haben wir dabei unsere K\u00fcrbispflanze inspiziert. \u00dcblicherweise findet man ja immer nur eine Biene je Bl\u00fcte. Das hat allerdings nichts damit zu tun, dass Bienen egoistisch w\u00e4ren und keine andere Biene neben sich dulden w\u00fcrden! Es ist\u2026","rel":"","context":"In &quot;Bienenbilder&quot;","block_context":{"text":"Bienenbilder","link":"http:\/\/imkerei-watermeyer.de\/?cat=2"},"img":{"alt_text":"","src":"https:\/\/i0.wp.com\/imkerei-watermeyer.de\/wp-content\/uploads\/2015\/08\/IMG_3974.jpg?resize=350%2C200","width":350,"height":200,"srcset":"https:\/\/i0.wp.com\/imkerei-watermeyer.de\/wp-content\/uploads\/2015\/08\/IMG_3974.jpg?resize=350%2C200 1x, https:\/\/i0.wp.com\/imkerei-watermeyer.de\/wp-content\/uploads\/2015\/08\/IMG_3974.jpg?resize=700%2C400 2x, https:\/\/i0.wp.com\/imkerei-watermeyer.de\/wp-content\/uploads\/2015\/08\/IMG_3974.jpg?resize=1050%2C600 3x, https:\/\/i0.wp.com\/imkerei-watermeyer.de\/wp-content\/uploads\/2015\/08\/IMG_3974.jpg?resize=1400%2C800 4x"},"classes":[]},{"id":181,"url":"http:\/\/imkerei-watermeyer.de\/?p=181","url_meta":{"origin":175,"position":2},"title":"Guter Grund!","author":"Homeraner","date":"Juli 2, 2015","format":false,"excerpt":"\u00a0Zugegebenerma\u00dfen gab es in letzter Zeit kaum neue Beitr\u00e4ge auf unserer Seite. Das hatte aber einen sehr guten Grund! Wir waren viel an den Bienen und konnten dabei neues Material f\u00fcr die Homepage und vor allem Honig sammeln! Bei uns Zuhause konnten wir einen ganz besonderen Honig ernten. Unsere Bienen\u2026","rel":"","context":"Mit 1 Kommentar","block_context":{"text":"Mit 1 Kommentar","link":"http:\/\/imkerei-watermeyer.de\/?p=181#comments"},"img":{"alt_text":"","src":"","width":0,"height":0},"classes":[]},{"id":309,"url":"http:\/\/imkerei-watermeyer.de\/?p=309","url_meta":{"origin":175,"position":3},"title":"Besuch von der gro\u00dfen Schwester\u00a0","author":"Homeraner","date":"April 14, 2016","format":false,"excerpt":"\u00a0W\u00e4hrend drau\u00dfen der Fr\u00fchling durchstartet, sind nicht nur die Bienen unterwegs. Auch die gro\u00dfen Schwestern die Hummeln sind nun wieder unterwegs. Anders als bei den Bienen \u00fcberwintern bei den Hummeln nur die K\u00f6niginnen und nicht das ganze Volk. Dementsprechend wachsen die Hummelv\u00f6lker im Fr\u00fchling erst langsam heran, w\u00e4hrend die Bienen\u2026","rel":"","context":"In &quot;Natur&quot;","block_context":{"text":"Natur","link":"http:\/\/imkerei-watermeyer.de\/?cat=3"},"img":{"alt_text":"","src":"https:\/\/i0.wp.com\/imkerei-watermeyer.de\/wp-content\/uploads\/2016\/04\/img_9321.jpg?resize=350%2C200","width":350,"height":200,"srcset":"https:\/\/i0.wp.com\/imkerei-watermeyer.de\/wp-content\/uploads\/2016\/04\/img_9321.jpg?resize=350%2C200 1x, https:\/\/i0.wp.com\/imkerei-watermeyer.de\/wp-content\/uploads\/2016\/04\/img_9321.jpg?resize=700%2C400 2x, https:\/\/i0.wp.com\/imkerei-watermeyer.de\/wp-content\/uploads\/2016\/04\/img_9321.jpg?resize=1050%2C600 3x, https:\/\/i0.wp.com\/imkerei-watermeyer.de\/wp-content\/uploads\/2016\/04\/img_9321.jpg?resize=1400%2C800 4x"},"classes":[]},{"id":115,"url":"http:\/\/imkerei-watermeyer.de\/?p=115","url_meta":{"origin":175,"position":4},"title":"Best\u00e4ubte Best\u00e4uberin","author":"Homeraner","date":"Mai 1, 2015","format":false,"excerpt":"Ich habe heute die feiert\u00e4gliche Mittagsruhe genutzt und bin in unserem Garten auf Fotopirsch gegangen. Der dort bl\u00fchende Garten ist derzeit Zielgebiet unserer Bienen. Dort sammeln die flei\u00dfigen Flugbienen reichlich Nektar und die auf dem\u00a0Bild zu sehende Biene Pollen. Bei den beiden Aufnahmen kann man ziemlich gut die sogenannten Pollenh\u00f6schen\u2026","rel":"","context":"In &quot;Anatomie der Biene&quot;","block_context":{"text":"Anatomie der Biene","link":"http:\/\/imkerei-watermeyer.de\/?cat=11"},"img":{"alt_text":"","src":"https:\/\/i0.wp.com\/imkerei-watermeyer.de\/wp-content\/uploads\/2015\/05\/PICT1259-300x225.jpg?resize=350%2C200","width":350,"height":200},"classes":[]},{"id":458,"url":"http:\/\/imkerei-watermeyer.de\/?p=458","url_meta":{"origin":175,"position":5},"title":"Winterbehandlung","author":"Homeraner","date":"Dezember 19, 2017","format":false,"excerpt":"Die Temperaturen in diesem Dezember waren endlich mal wieder nach meinem Geschmack! Nicht, dass ich die Temperaturen rund um den Gefrierpunkt sonderlich mag, aber die Bienen kommen bei diesen Temperaturen zur Ruhe und sammeln sich in einer Traube, um sich gegenseitig zu w\u00e4rmen. Auf dem folgenden Bild habe ich versucht,\u2026","rel":"","context":"In &quot;Arbeiten rund ums Volk&quot;","block_context":{"text":"Arbeiten rund ums Volk","link":"http:\/\/imkerei-watermeyer.de\/?cat=47"},"img":{"alt_text":"","src":"https:\/\/i0.wp.com\/imkerei-watermeyer.de\/wp-content\/uploads\/2017\/12\/img_5926.jpg?resize=350%2C200","width":350,"height":200,"srcset":"https:\/\/i0.wp.com\/imkerei-watermeyer.de\/wp-content\/uploads\/2017\/12\/img_5926.jpg?resize=350%2C200 1x, https:\/\/i0.wp.com\/imkerei-watermeyer.de\/wp-content\/uploads\/2017\/12\/img_5926.jpg?resize=700%2C400 2x, https:\/\/i0.wp.com\/imkerei-watermeyer.de\/wp-content\/uploads\/2017\/12\/img_5926.jpg?resize=1050%2C600 3x, https:\/\/i0.wp.com\/imkerei-watermeyer.de\/wp-content\/uploads\/2017\/12\/img_5926.jpg?resize=1400%2C800 4x"},"classes":[]}],"_links":{"self":[{"href":"http:\/\/imkerei-watermeyer.de\/index.php?rest_route=\/wp\/v2\/posts\/175"}],"collection":[{"href":"http:\/\/imkerei-watermeyer.de\/index.php?rest_route=\/wp\/v2\/posts"}],"about":[{"href":"http:\/\/imkerei-watermeyer.de\/index.php?rest_route=\/wp\/v2\/types\/post"}],"author":[{"embeddable":true,"href":"http:\/\/imkerei-watermeyer.de\/index.php?rest_route=\/wp\/v2\/users\/1"}],"replies":[{"embeddable":true,"href":"http:\/\/imkerei-watermeyer.de\/index.php?rest_route=%2Fwp%2Fv2%2Fcomments&post=175"}],"version-history":[{"count":1,"href":"http:\/\/imkerei-watermeyer.de\/index.php?rest_route=\/wp\/v2\/posts\/175\/revisions"}],"predecessor-version":[{"id":176,"href":"http:\/\/imkerei-watermeyer.de\/index.php?rest_route=\/wp\/v2\/posts\/175\/revisions\/176"}],"wp:attachment":[{"href":"http:\/\/imkerei-watermeyer.de\/index.php?rest_route=%2Fwp%2Fv2%2Fmedia&parent=175"}],"wp:term":[{"taxonomy":"category","embeddable":true,"href":"http:\/\/imkerei-watermeyer.de\/index.php?rest_route=%2Fwp%2Fv2%2Fcategories&post=175"},{"taxonomy":"post_tag","embeddable":true,"href":"http:\/\/imkerei-watermeyer.de\/index.php?rest_route=%2Fwp%2Fv2%2Ftags&post=175"}],"curies":[{"name":"wp","href":"https:\/\/api.w.org\/{rel}","templated":true}]}}