{"id":159,"date":"2015-05-21T10:52:44","date_gmt":"2015-05-21T10:52:44","guid":{"rendered":"http:\/\/imkerei-watermeyer.de\/?p=159"},"modified":"2015-05-21T10:52:44","modified_gmt":"2015-05-21T10:52:44","slug":"es-dauert-nicht-mehr-lang","status":"publish","type":"post","link":"http:\/\/imkerei-watermeyer.de\/?p=159","title":{"rendered":"Es dauert nicht mehr lang"},"content":{"rendered":"<p>&nbsp;Am letzten Donnerstag hatte ich unsere V\u00f6lker durchgeschaut und insbesondere ein Auge in die Honigr\u00e4ume geworfen.<\/p>\n<p>Bei einem Volk sah es schon recht vielversprechend aus und ein Gro\u00dfteil der R\u00e4hmchen im Honigraum war schon zur H\u00e4lfte verdeckelt.&nbsp;<\/p>\n<p>Das bedeutet, dass der Honig in den Waben reif ist und bevorratet werden kann.<\/p>\n<p>Allerdings war noch zu viel frischer (feuchter) unverdeckekter Honig dabei. Dieser hat noch einen zu hohen Wassergehalt und w\u00fcrde nach der Ernte schlecht werden und g\u00e4ren.<\/p>\n<p>Nach den letzten Tagen mit Regenwetter k\u00f6nnte es sein, dass die Bienen beim Innendienst den Honig getrocknet haben und wir ihn jetzt ernten k\u00f6nnen.<\/p>\n<p>Etwas wird der Honig allerdings noch warten m\u00fcssen, da erst einmal unser Familienzuwachs und die Mama zuhause ankommen m\u00fcssen.<\/p>\n<p>Um euch die Zeit etwas zu verk\u00fcrzen ein paar Fotos von heute Mittag. Hummeln an unseren Beinwell-Pflanzen.<\/p>\n<p><a href=\"http:\/\/imkerei-watermeyer.de\/wp-content\/uploads\/2015\/05\/IMG_2262.jpg\"><img decoding=\"async\" src=\"http:\/\/imkerei-watermeyer.de\/wp-content\/uploads\/2015\/05\/IMG_2262.jpg\" alt=\"\"><\/a>&nbsp;&nbsp;<a href=\"http:\/\/imkerei-watermeyer.de\/wp-content\/uploads\/2015\/05\/IMG_2258.jpg\"><img decoding=\"async\" src=\"http:\/\/imkerei-watermeyer.de\/wp-content\/uploads\/2015\/05\/IMG_2258.jpg\" alt=\"\"><\/a>&nbsp;&nbsp;<a href=\"http:\/\/imkerei-watermeyer.de\/wp-content\/uploads\/2015\/05\/IMG_2259.jpg\"><img decoding=\"async\" src=\"http:\/\/imkerei-watermeyer.de\/wp-content\/uploads\/2015\/05\/IMG_2259.jpg\" alt=\"\"><\/a>&nbsp;<\/p>\n","protected":false},"excerpt":{"rendered":"<p>&nbsp;Am letzten Donnerstag hatte ich unsere V\u00f6lker durchgeschaut und insbesondere ein Auge in die Honigr\u00e4ume geworfen. Bei einem Volk sah es schon recht vielversprechend aus und ein Gro\u00dfteil der R\u00e4hmchen im Honigraum war schon zur H\u00e4lfte verdeckelt.&nbsp; Das bedeutet, dass der Honig in den Waben reif ist und bevorratet werden [&hellip;]<\/p>\n","protected":false},"author":1,"featured_media":0,"comment_status":"open","ping_status":"open","sticky":false,"template":"","format":"standard","meta":{"jetpack_post_was_ever_published":false,"_jetpack_newsletter_access":"","jetpack_publicize_message":"","jetpack_is_tweetstorm":false,"jetpack_publicize_feature_enabled":true,"jetpack_social_post_already_shared":false,"jetpack_social_options":{"image_generator_settings":{"template":"highway","enabled":false}}},"categories":[1],"tags":[],"jetpack_publicize_connections":[],"jetpack_featured_media_url":"","jetpack_sharing_enabled":true,"jetpack_shortlink":"https:\/\/wp.me\/p9uDaz-2z","jetpack_likes_enabled":true,"jetpack-related-posts":[{"id":614,"url":"http:\/\/imkerei-watermeyer.de\/?p=614","url_meta":{"origin":159,"position":0},"title":"Aller Anfang ist &#8211; Rosmarin und Knoblauch&#8230;!","author":"laggenbiene","date":"Juli 14, 2019","format":false,"excerpt":"Ein allererster Blogbeitrag ist nicht einfach auszusuchen - muss es \"knallen\"? - muss es tiefgr\u00fcndig sein? - muss es besonders professionell wirken? Nein! Auch wenn man sich das schon vorher immer wie ein Mantra sagt - es dann auch wirklich zu beherzigen, ist die andere Sache... ;-) Es hat mich\u2026","rel":"","context":"In &quot;Kr\u00e4uter und Gew\u00fcrze&quot;","block_context":{"text":"Kr\u00e4uter und Gew\u00fcrze","link":"http:\/\/imkerei-watermeyer.de\/?cat=82"},"img":{"alt_text":"","src":"https:\/\/i0.wp.com\/imkerei-watermeyer.de\/wp-content\/uploads\/2019\/07\/org_dsc00145.jpg?resize=350%2C200","width":350,"height":200,"srcset":"https:\/\/i0.wp.com\/imkerei-watermeyer.de\/wp-content\/uploads\/2019\/07\/org_dsc00145.jpg?resize=350%2C200 1x, https:\/\/i0.wp.com\/imkerei-watermeyer.de\/wp-content\/uploads\/2019\/07\/org_dsc00145.jpg?resize=700%2C400 2x, https:\/\/i0.wp.com\/imkerei-watermeyer.de\/wp-content\/uploads\/2019\/07\/org_dsc00145.jpg?resize=1050%2C600 3x, https:\/\/i0.wp.com\/imkerei-watermeyer.de\/wp-content\/uploads\/2019\/07\/org_dsc00145.jpg?resize=1400%2C800 4x"},"classes":[]},{"id":1277,"url":"http:\/\/imkerei-watermeyer.de\/?p=1277","url_meta":{"origin":159,"position":1},"title":"Update Imkerei","author":"laggenbiene","date":"Juni 10, 2024","format":false,"excerpt":"In unserer Imkerei hat sich seit dem letzten Jahr einiges getan. Die Bienenv\u00f6lker sind Ende 2023 nach Amelsb\u00fcren zu Daniels Trauzeugin Petra aufs Land gezogen. Der Umzug wurde n\u00f6tig, da Daniel aufgrund seines beruflichen Stresses Unterst\u00fctzung bei den Bienen ben\u00f6tigte. Petra interessierte sich eh schon f\u00fcrs Imkern und so war\u2026","rel":"","context":"In &quot;Imkereibeitr\u00e4ge&quot;","block_context":{"text":"Imkereibeitr\u00e4ge","link":"http:\/\/imkerei-watermeyer.de\/?cat=104"},"img":{"alt_text":"","src":"https:\/\/i0.wp.com\/imkerei-watermeyer.de\/wp-content\/uploads\/2024\/06\/0ef752fe-7856-4d75-83c5-12b5d6df4312-1.jpg?resize=350%2C200","width":350,"height":200,"srcset":"https:\/\/i0.wp.com\/imkerei-watermeyer.de\/wp-content\/uploads\/2024\/06\/0ef752fe-7856-4d75-83c5-12b5d6df4312-1.jpg?resize=350%2C200 1x, https:\/\/i0.wp.com\/imkerei-watermeyer.de\/wp-content\/uploads\/2024\/06\/0ef752fe-7856-4d75-83c5-12b5d6df4312-1.jpg?resize=700%2C400 2x"},"classes":[]},{"id":655,"url":"http:\/\/imkerei-watermeyer.de\/?p=655","url_meta":{"origin":159,"position":2},"title":"Honigernte &#8211; Sp\u00e4ttracht","author":"Homeraner","date":"Juli 21, 2019","format":false,"excerpt":"Am letzten Mittwoch konnten wir wieder Honig ernten. W\u00e4hrend der Lindenbl\u00fcte konnten die Bienen so einiges an Nektar eintragen und in M\u00fcnster-Amelsb\u00fcren haben sie sich auch flei\u00dfig an der dort angelegten Blumenwiese bedient. Biene in der Wildblumenwiese Die Bienen haben das k\u00e4ltere Wetter der Tage zuvor genutzt und haben den\u2026","rel":"","context":"In &quot;Bienenbilder&quot;","block_context":{"text":"Bienenbilder","link":"http:\/\/imkerei-watermeyer.de\/?cat=2"},"img":{"alt_text":"","src":"https:\/\/i0.wp.com\/imkerei-watermeyer.de\/wp-content\/uploads\/2019\/07\/dsc00166-5.jpg?resize=350%2C200","width":350,"height":200,"srcset":"https:\/\/i0.wp.com\/imkerei-watermeyer.de\/wp-content\/uploads\/2019\/07\/dsc00166-5.jpg?resize=350%2C200 1x, https:\/\/i0.wp.com\/imkerei-watermeyer.de\/wp-content\/uploads\/2019\/07\/dsc00166-5.jpg?resize=700%2C400 2x, https:\/\/i0.wp.com\/imkerei-watermeyer.de\/wp-content\/uploads\/2019\/07\/dsc00166-5.jpg?resize=1050%2C600 3x, https:\/\/i0.wp.com\/imkerei-watermeyer.de\/wp-content\/uploads\/2019\/07\/dsc00166-5.jpg?resize=1400%2C800 4x"},"classes":[]},{"id":996,"url":"http:\/\/imkerei-watermeyer.de\/?p=996","url_meta":{"origin":159,"position":3},"title":"Honiglik\u00f6r aus Entdeckelungswachs","author":"Homeraner","date":"Juni 3, 2020","format":false,"excerpt":"Der Fr\u00fchjahrshonig braucht noch etwas, aber daf\u00fcr ist der Honiglik\u00f6r schon fertig!Er hat ein wundervolles Honigaroma, aber auch ordentlich Bums durch den Wodka! F\u00fcr den Honiglik\u00f6r haben wir das Entdeckelungswachs, das beim Entdeckeln der Honigwaben anf\u00e4llt, mit Wodka aufgegossen und mit Bio-Zitronen aromatisiert. An dem Entdeckelungswachs haftet n\u00e4mlich noch ordentlich\u2026","rel":"","context":"In &quot;Getr\u00e4nke&quot;","block_context":{"text":"Getr\u00e4nke","link":"http:\/\/imkerei-watermeyer.de\/?cat=115"},"img":{"alt_text":"","src":"https:\/\/i0.wp.com\/imkerei-watermeyer.de\/wp-content\/uploads\/2020\/06\/img_7481-2-scaled.jpg?resize=350%2C200","width":350,"height":200,"srcset":"https:\/\/i0.wp.com\/imkerei-watermeyer.de\/wp-content\/uploads\/2020\/06\/img_7481-2-scaled.jpg?resize=350%2C200 1x, https:\/\/i0.wp.com\/imkerei-watermeyer.de\/wp-content\/uploads\/2020\/06\/img_7481-2-scaled.jpg?resize=700%2C400 2x, https:\/\/i0.wp.com\/imkerei-watermeyer.de\/wp-content\/uploads\/2020\/06\/img_7481-2-scaled.jpg?resize=1050%2C600 3x, https:\/\/i0.wp.com\/imkerei-watermeyer.de\/wp-content\/uploads\/2020\/06\/img_7481-2-scaled.jpg?resize=1400%2C800 4x"},"classes":[]},{"id":338,"url":"http:\/\/imkerei-watermeyer.de\/?p=338","url_meta":{"origin":159,"position":4},"title":"Beim Discounter gibt es Spekulatius&#8230;","author":"Homeraner","date":"September 1, 2016","format":false,"excerpt":"... und die Bienen? Die sind schon einen Schritt weiter! Mit Varroabehandlung und Futtergabe werden die Bienenv\u00f6lker nach der Bl\u00fcte der letzten gro\u00dfen Tracht (bei uns in der Gegend die Lindenbl\u00fcte) bereits Ende Juli und im August eingewintert. Auf dem Bild ist zu sehen, wie Ina einen 15kg schweren Futterteigklotz\u2026","rel":"","context":"In &quot;Arbeiten rund ums Volk&quot;","block_context":{"text":"Arbeiten rund ums Volk","link":"http:\/\/imkerei-watermeyer.de\/?cat=47"},"img":{"alt_text":"","src":"https:\/\/i0.wp.com\/imkerei-watermeyer.de\/wp-content\/uploads\/2016\/09\/img_3408.jpg?resize=350%2C200","width":350,"height":200,"srcset":"https:\/\/i0.wp.com\/imkerei-watermeyer.de\/wp-content\/uploads\/2016\/09\/img_3408.jpg?resize=350%2C200 1x, https:\/\/i0.wp.com\/imkerei-watermeyer.de\/wp-content\/uploads\/2016\/09\/img_3408.jpg?resize=700%2C400 2x, https:\/\/i0.wp.com\/imkerei-watermeyer.de\/wp-content\/uploads\/2016\/09\/img_3408.jpg?resize=1050%2C600 3x, https:\/\/i0.wp.com\/imkerei-watermeyer.de\/wp-content\/uploads\/2016\/09\/img_3408.jpg?resize=1400%2C800 4x"},"classes":[]},{"id":213,"url":"http:\/\/imkerei-watermeyer.de\/?p=213","url_meta":{"origin":159,"position":5},"title":"Die Sonne(nblume) lacht","author":"Homeraner","date":"August 13, 2015","format":false,"excerpt":"\u00dcblicherweise werden die Bienen nach der letzten Ernte im Juli f\u00fcr den Winter vorbereitet. Das hei\u00dft, dass die Bienenv\u00f6lker nach der Lindenbl\u00fcte mit Ameisens\u00e4ure gegen die Varroamilbe behandelt werden und ihr Winterfutter als Ausgleich f\u00fcr den entnommenen Honig bekommen. Bei unseren V\u00f6lkern bei uns zuhause warten wir allerdings noch aus\u2026","rel":"","context":"In &quot;Bienenbilder&quot;","block_context":{"text":"Bienenbilder","link":"http:\/\/imkerei-watermeyer.de\/?cat=2"},"img":{"alt_text":"","src":"https:\/\/i0.wp.com\/imkerei-watermeyer.de\/wp-content\/uploads\/2015\/08\/IMG_4103-0.jpg?resize=350%2C200","width":350,"height":200,"srcset":"https:\/\/i0.wp.com\/imkerei-watermeyer.de\/wp-content\/uploads\/2015\/08\/IMG_4103-0.jpg?resize=350%2C200 1x, https:\/\/i0.wp.com\/imkerei-watermeyer.de\/wp-content\/uploads\/2015\/08\/IMG_4103-0.jpg?resize=700%2C400 2x, https:\/\/i0.wp.com\/imkerei-watermeyer.de\/wp-content\/uploads\/2015\/08\/IMG_4103-0.jpg?resize=1050%2C600 3x, https:\/\/i0.wp.com\/imkerei-watermeyer.de\/wp-content\/uploads\/2015\/08\/IMG_4103-0.jpg?resize=1400%2C800 4x"},"classes":[]}],"_links":{"self":[{"href":"http:\/\/imkerei-watermeyer.de\/index.php?rest_route=\/wp\/v2\/posts\/159"}],"collection":[{"href":"http:\/\/imkerei-watermeyer.de\/index.php?rest_route=\/wp\/v2\/posts"}],"about":[{"href":"http:\/\/imkerei-watermeyer.de\/index.php?rest_route=\/wp\/v2\/types\/post"}],"author":[{"embeddable":true,"href":"http:\/\/imkerei-watermeyer.de\/index.php?rest_route=\/wp\/v2\/users\/1"}],"replies":[{"embeddable":true,"href":"http:\/\/imkerei-watermeyer.de\/index.php?rest_route=%2Fwp%2Fv2%2Fcomments&post=159"}],"version-history":[{"count":1,"href":"http:\/\/imkerei-watermeyer.de\/index.php?rest_route=\/wp\/v2\/posts\/159\/revisions"}],"predecessor-version":[{"id":160,"href":"http:\/\/imkerei-watermeyer.de\/index.php?rest_route=\/wp\/v2\/posts\/159\/revisions\/160"}],"wp:attachment":[{"href":"http:\/\/imkerei-watermeyer.de\/index.php?rest_route=%2Fwp%2Fv2%2Fmedia&parent=159"}],"wp:term":[{"taxonomy":"category","embeddable":true,"href":"http:\/\/imkerei-watermeyer.de\/index.php?rest_route=%2Fwp%2Fv2%2Fcategories&post=159"},{"taxonomy":"post_tag","embeddable":true,"href":"http:\/\/imkerei-watermeyer.de\/index.php?rest_route=%2Fwp%2Fv2%2Ftags&post=159"}],"curies":[{"name":"wp","href":"https:\/\/api.w.org\/{rel}","templated":true}]}}