{"id":153,"date":"2015-05-14T13:01:39","date_gmt":"2015-05-14T13:01:39","guid":{"rendered":"http:\/\/imkerei-watermeyer.de\/?p=153"},"modified":"2015-05-14T13:01:39","modified_gmt":"2015-05-14T13:01:39","slug":"vatertag-bei-den-bienen","status":"publish","type":"post","link":"http:\/\/imkerei-watermeyer.de\/?p=153","title":{"rendered":"Vatertag bei den Bienen"},"content":{"rendered":"<p>Zugegebenerma\u00dfen sind die Bilder, die ich euch heute vorstelle, schon gestern entstanden. Auf den Bildern k\u00f6nnt ihr beobachten, wie Drohnenbrut schl\u00fcpft.<a href=\"http:\/\/imkerei-watermeyer.de\/wp-content\/uploads\/2015\/05\/IMG_2124.jpg\"><br \/>\n<\/a><\/p>\n<div id=\"attachment_148\" style=\"width: 310px\" class=\"wp-caption aligncenter\"><a href=\"http:\/\/imkerei-watermeyer.de\/wp-content\/uploads\/2015\/05\/IMG_2124.jpg\"><img aria-describedby=\"caption-attachment-148\" data-attachment-id=\"148\" data-permalink=\"http:\/\/imkerei-watermeyer.de\/?attachment_id=148\" data-orig-file=\"http:\/\/imkerei-watermeyer.de\/wp-content\/uploads\/2015\/05\/IMG_2124.jpg\" data-orig-size=\"3264,2448\" data-comments-opened=\"1\" data-image-meta=\"{&quot;aperture&quot;:&quot;2.2&quot;,&quot;credit&quot;:&quot;&quot;,&quot;camera&quot;:&quot;iPhone 6&quot;,&quot;caption&quot;:&quot;&quot;,&quot;created_timestamp&quot;:&quot;1431539972&quot;,&quot;copyright&quot;:&quot;&quot;,&quot;focal_length&quot;:&quot;4.15&quot;,&quot;iso&quot;:&quot;32&quot;,&quot;shutter_speed&quot;:&quot;0.0010615711252654&quot;,&quot;title&quot;:&quot;&quot;,&quot;orientation&quot;:&quot;6&quot;}\" data-image-title=\"schl\u00fcpfende Drohnenbrut1\" data-image-description=\"\" data-image-caption=\"&lt;p&gt;schl\u00fcpfende Drohnen 1&lt;\/p&gt;\n\" data-medium-file=\"http:\/\/imkerei-watermeyer.de\/wp-content\/uploads\/2015\/05\/IMG_2124-300x225.jpg\" data-large-file=\"http:\/\/imkerei-watermeyer.de\/wp-content\/uploads\/2015\/05\/IMG_2124-1024x768.jpg\" decoding=\"async\" loading=\"lazy\" class=\"size-medium wp-image-148 aligncenter\" src=\"http:\/\/imkerei-watermeyer.de\/wp-content\/uploads\/2015\/05\/IMG_2124-300x225.jpg\" alt=\"schl\u00fcpfende Drohnen 1\" width=\"300\" height=\"225\" srcset=\"http:\/\/imkerei-watermeyer.de\/wp-content\/uploads\/2015\/05\/IMG_2124-300x225.jpg 300w, http:\/\/imkerei-watermeyer.de\/wp-content\/uploads\/2015\/05\/IMG_2124-1024x768.jpg 1024w\" sizes=\"(max-width: 300px) 100vw, 300px\" \/><\/a><p id=\"caption-attachment-148\" class=\"wp-caption-text\">schl\u00fcpfende Drohnen 1<\/p><\/div>\n<p>Waben mit Drohnenbrut erkennt ihr daran, dass die Waben mit einem Buckel verdeckelt sind, w\u00e4hrend die Waben mit Arbeiterinnenbrut glatt verdeckelt ist. Au\u00dferdem sind die Waben f\u00fcr die Drohnen etwas gr\u00f6\u00dfer als die anderen Zellen, die f\u00fcr die Honigeinlagerung, den Pollen oder die Arbeiterinnenbrut genutzt werden.<\/p>\n<div id=\"attachment_147\" style=\"width: 310px\" class=\"wp-caption aligncenter\"><a href=\"http:\/\/imkerei-watermeyer.de\/wp-content\/uploads\/2015\/05\/IMG_2123.jpg\"><img aria-describedby=\"caption-attachment-147\" data-attachment-id=\"147\" data-permalink=\"http:\/\/imkerei-watermeyer.de\/?attachment_id=147\" data-orig-file=\"http:\/\/imkerei-watermeyer.de\/wp-content\/uploads\/2015\/05\/IMG_2123.jpg\" data-orig-size=\"3264,2448\" data-comments-opened=\"1\" data-image-meta=\"{&quot;aperture&quot;:&quot;2.2&quot;,&quot;credit&quot;:&quot;&quot;,&quot;camera&quot;:&quot;iPhone 6&quot;,&quot;caption&quot;:&quot;&quot;,&quot;created_timestamp&quot;:&quot;1431539967&quot;,&quot;copyright&quot;:&quot;&quot;,&quot;focal_length&quot;:&quot;4.15&quot;,&quot;iso&quot;:&quot;32&quot;,&quot;shutter_speed&quot;:&quot;0.001187648456057&quot;,&quot;title&quot;:&quot;&quot;,&quot;orientation&quot;:&quot;6&quot;}\" data-image-title=\"schl\u00fcpfende Drohnenbrut2\" data-image-description=\"\" data-image-caption=\"&lt;p&gt;schl\u00fcpfende Drohnen 2&lt;\/p&gt;\n\" data-medium-file=\"http:\/\/imkerei-watermeyer.de\/wp-content\/uploads\/2015\/05\/IMG_2123-300x225.jpg\" data-large-file=\"http:\/\/imkerei-watermeyer.de\/wp-content\/uploads\/2015\/05\/IMG_2123-1024x768.jpg\" decoding=\"async\" loading=\"lazy\" class=\"size-medium wp-image-147\" src=\"http:\/\/imkerei-watermeyer.de\/wp-content\/uploads\/2015\/05\/IMG_2123-300x225.jpg\" alt=\"schl\u00fcpfende Drohnen 2\" width=\"300\" height=\"225\" srcset=\"http:\/\/imkerei-watermeyer.de\/wp-content\/uploads\/2015\/05\/IMG_2123-300x225.jpg 300w, http:\/\/imkerei-watermeyer.de\/wp-content\/uploads\/2015\/05\/IMG_2123-1024x768.jpg 1024w\" sizes=\"(max-width: 300px) 100vw, 300px\" \/><\/a><p id=\"caption-attachment-147\" class=\"wp-caption-text\">schl\u00fcpfende Drohnen 2<\/p><\/div>\n<p>Drohnenwaben bauen die Bienen dort im Stock, wo Ihnen vom Imker keine Vorgaben f\u00fcr den Wabenbau gemacht wurden. Setzt der Imker R\u00e4hmchen mit eingel\u00f6teten Mittelw\u00e4nden ein, dann bauen die Bienen auf dem Muster auf, dass auf den Mittelw\u00e4nden aus Wachs oder Plastik eingedruckt wurde. Am Rand dieser Mittelw\u00e4nde oder unter- oder oberhalb von R\u00e4hmchen, nutzen die Bienen die M\u00f6glichkeiten zur freien Entfaltung und bauen dort als sogenannten Wildbau weitere Zellen und dann ganz besonders gerne Drohnenzellen.<\/p>\n<p>Bei der Behandlung gegen die Varroamilbe nutzt der Imker den Umstand, dass die Drohnenzellen am meisten von der Milbe befallen werden. Ab Ende April setzt der Imker je nach Witterung ein R\u00e4hmchen ohne Mittelwand in die Bienenkiste, um den Bienen besonders viel Platz f\u00fcr die Drohnenzellen anzubieten. Nach einer Woche wird ein zweites R\u00e4hmchen ohne Mittelwand eingesetzt und kontrolliert, ob im ersten leeren R\u00e4hmchen schon Drohnenzellen und -brut angelegt wurde. Ist dies der Fall, dann wird nach einer weiteren Woche das erste R\u00e4hmchen mit der dann verdeckelten Drohnenbrut entnommen. In den verdeckelten Zellen befinden sich n\u00e4mlich nicht nur die k\u00fcnftigen Drohnen, sondern auch besonders viele neue Milben.<\/p>\n<p>Dadurch, dass der Imker nun die noch verdeckelte Drohnenbrut entnimmt, sch\u00f6pft er auch eine gro\u00dfe Menge Varroamilben ab, die sonst sein Volk weiter schw\u00e4chen w\u00fcrden. Die Kehrseite dieser Behandlung ist allerdings, dass dadurch nat\u00fcrlich auch die in den Zellen befindliche Drohnenbrut vernichtet wird.<\/p>\n<p>Drohnen f\u00fcr den Erhalt des Volkes haben die Bienen allerdings immer noch an den oben beschriebenen Stellen im Volk nachgezogen.<\/p>\n<p>Bei dem Drohnenr\u00e4hmchen, welches ich gestern fotografiert habe, war ich f\u00fcr die Varroabehandlung allerdings etwas zu sp\u00e4t dran. Die Drohnen knabberten sich schon aus ihren Zellen und schl\u00fcpften gerade, als ich kontrollieren wollte.<\/p>\n<div id=\"attachment_146\" style=\"width: 310px\" class=\"wp-caption aligncenter\"><a href=\"http:\/\/imkerei-watermeyer.de\/wp-content\/uploads\/2015\/05\/IMG_2122.jpg\"><img aria-describedby=\"caption-attachment-146\" data-attachment-id=\"146\" data-permalink=\"http:\/\/imkerei-watermeyer.de\/?attachment_id=146\" data-orig-file=\"http:\/\/imkerei-watermeyer.de\/wp-content\/uploads\/2015\/05\/IMG_2122.jpg\" data-orig-size=\"3264,2448\" data-comments-opened=\"1\" data-image-meta=\"{&quot;aperture&quot;:&quot;2.2&quot;,&quot;credit&quot;:&quot;&quot;,&quot;camera&quot;:&quot;iPhone 6&quot;,&quot;caption&quot;:&quot;&quot;,&quot;created_timestamp&quot;:&quot;1431539962&quot;,&quot;copyright&quot;:&quot;&quot;,&quot;focal_length&quot;:&quot;4.15&quot;,&quot;iso&quot;:&quot;32&quot;,&quot;shutter_speed&quot;:&quot;0.00088495575221239&quot;,&quot;title&quot;:&quot;&quot;,&quot;orientation&quot;:&quot;6&quot;}\" data-image-title=\"schl\u00fcpfende Drohnenbrut3\" data-image-description=\"\" data-image-caption=\"&lt;p&gt;schl\u00fcpfende Drohnen und Brut&lt;\/p&gt;\n\" data-medium-file=\"http:\/\/imkerei-watermeyer.de\/wp-content\/uploads\/2015\/05\/IMG_2122-300x225.jpg\" data-large-file=\"http:\/\/imkerei-watermeyer.de\/wp-content\/uploads\/2015\/05\/IMG_2122-1024x768.jpg\" decoding=\"async\" loading=\"lazy\" class=\"size-medium wp-image-146\" src=\"http:\/\/imkerei-watermeyer.de\/wp-content\/uploads\/2015\/05\/IMG_2122-300x225.jpg\" alt=\"schl\u00fcpfende Drohnen und Brut\" width=\"300\" height=\"225\" srcset=\"http:\/\/imkerei-watermeyer.de\/wp-content\/uploads\/2015\/05\/IMG_2122-300x225.jpg 300w, http:\/\/imkerei-watermeyer.de\/wp-content\/uploads\/2015\/05\/IMG_2122-1024x768.jpg 1024w\" sizes=\"(max-width: 300px) 100vw, 300px\" \/><\/a><p id=\"caption-attachment-146\" class=\"wp-caption-text\">schl\u00fcpfende Drohnen und Brut<\/p><\/div>\n<p>Auf dem letzten Bild k\u00f6nnt ihr neben den gerade schl\u00fcpfenden Drohnen auch noch unverdeckelte Brut im unteren Bildbereich sehen. Die Larven liegen aufgerollt im Futtersaft und sobald sie gro\u00df genug sind, werden die Arbeiterinnen auch diese Zellen verdeckeln.<\/p>\n<p>Wie immer k\u00f6nnt ihr euch die Bilder vergr\u00f6\u00dfert angucken, wenn ihr auf die Bilder klickt.<\/p>\n<p>Euch allen noch einen sonnigen Vatertag!<\/p>\n","protected":false},"excerpt":{"rendered":"<p>Zugegebenerma\u00dfen sind die Bilder, die ich euch heute vorstelle, schon gestern entstanden. Auf den Bildern k\u00f6nnt ihr beobachten, wie Drohnenbrut schl\u00fcpft. Waben mit Drohnenbrut erkennt ihr daran, dass die Waben mit einem Buckel verdeckelt sind, w\u00e4hrend die Waben mit Arbeiterinnenbrut glatt verdeckelt ist. Au\u00dferdem sind die Waben f\u00fcr die Drohnen [&hellip;]<\/p>\n","protected":false},"author":1,"featured_media":0,"comment_status":"open","ping_status":"open","sticky":false,"template":"","format":"standard","meta":{"jetpack_post_was_ever_published":false,"_jetpack_newsletter_access":"","jetpack_publicize_message":"","jetpack_is_tweetstorm":false,"jetpack_publicize_feature_enabled":true,"jetpack_social_post_already_shared":false,"jetpack_social_options":{"image_generator_settings":{"template":"highway","enabled":false}}},"categories":[2,4,20],"tags":[5,18,21],"jetpack_publicize_connections":[],"jetpack_featured_media_url":"","jetpack_sharing_enabled":true,"jetpack_shortlink":"https:\/\/wp.me\/p9uDaz-2t","jetpack_likes_enabled":true,"jetpack-related-posts":[{"id":655,"url":"http:\/\/imkerei-watermeyer.de\/?p=655","url_meta":{"origin":153,"position":0},"title":"Honigernte &#8211; Sp\u00e4ttracht","author":"Homeraner","date":"Juli 21, 2019","format":false,"excerpt":"Am letzten Mittwoch konnten wir wieder Honig ernten. W\u00e4hrend der Lindenbl\u00fcte konnten die Bienen so einiges an Nektar eintragen und in M\u00fcnster-Amelsb\u00fcren haben sie sich auch flei\u00dfig an der dort angelegten Blumenwiese bedient. Biene in der Wildblumenwiese Die Bienen haben das k\u00e4ltere Wetter der Tage zuvor genutzt und haben den\u2026","rel":"","context":"In &quot;Bienenbilder&quot;","block_context":{"text":"Bienenbilder","link":"http:\/\/imkerei-watermeyer.de\/?cat=2"},"img":{"alt_text":"","src":"https:\/\/i0.wp.com\/imkerei-watermeyer.de\/wp-content\/uploads\/2019\/07\/dsc00166-5.jpg?resize=350%2C200","width":350,"height":200,"srcset":"https:\/\/i0.wp.com\/imkerei-watermeyer.de\/wp-content\/uploads\/2019\/07\/dsc00166-5.jpg?resize=350%2C200 1x, https:\/\/i0.wp.com\/imkerei-watermeyer.de\/wp-content\/uploads\/2019\/07\/dsc00166-5.jpg?resize=700%2C400 2x, https:\/\/i0.wp.com\/imkerei-watermeyer.de\/wp-content\/uploads\/2019\/07\/dsc00166-5.jpg?resize=1050%2C600 3x, https:\/\/i0.wp.com\/imkerei-watermeyer.de\/wp-content\/uploads\/2019\/07\/dsc00166-5.jpg?resize=1400%2C800 4x"},"classes":[]},{"id":317,"url":"http:\/\/imkerei-watermeyer.de\/?p=317","url_meta":{"origin":153,"position":1},"title":"Unsere Honigsaison beginnt\u00a0","author":"Homeraner","date":"April 17, 2016","format":false,"excerpt":"Heute hat f\u00fcr uns die Honigsaison 2016 begonnen. Da mittlerweile die Obstbl\u00fcte begonnen hat, haben wir heute auf unser Volk zuhause den Honigraum auf die beiden Brutr\u00e4ume drauf gesetzt. Zuerst wird der Deckel und der sogenannte Abdeckfix (die durchsichtige Folie auf dem Brutr\u00e4ume) von den beiden Brutzargen abgenommen.\u00a0 Der Abdeckfix\u2026","rel":"","context":"In &quot;Arbeiten rund ums Volk&quot;","block_context":{"text":"Arbeiten rund ums Volk","link":"http:\/\/imkerei-watermeyer.de\/?cat=47"},"img":{"alt_text":"","src":"https:\/\/i0.wp.com\/imkerei-watermeyer.de\/wp-content\/uploads\/2016\/04\/img_9512-1.jpg?resize=350%2C200","width":350,"height":200,"srcset":"https:\/\/i0.wp.com\/imkerei-watermeyer.de\/wp-content\/uploads\/2016\/04\/img_9512-1.jpg?resize=350%2C200 1x, https:\/\/i0.wp.com\/imkerei-watermeyer.de\/wp-content\/uploads\/2016\/04\/img_9512-1.jpg?resize=700%2C400 2x, https:\/\/i0.wp.com\/imkerei-watermeyer.de\/wp-content\/uploads\/2016\/04\/img_9512-1.jpg?resize=1050%2C600 3x, https:\/\/i0.wp.com\/imkerei-watermeyer.de\/wp-content\/uploads\/2016\/04\/img_9512-1.jpg?resize=1400%2C800 4x"},"classes":[]},{"id":534,"url":"http:\/\/imkerei-watermeyer.de\/?p=534","url_meta":{"origin":153,"position":2},"title":"Die erste Honigernte 2018","author":"Homeraner","date":"Mai 10, 2018","format":false,"excerpt":"Heute konnte ich den ersten Honig 2018 schleudern. Nachdem ich gestern die R\u00e4hmchen bei den Bienen herausgeholt hatte, folgten heute noch ein paar Arbeitsschritte, bevor der Honig flie\u00dfen konnte. 1. Das Entdeckeln Dabei werden mit einer Gabel die Wachsdeckel von den Waben mit dem fertigen Honig entfernt: Honigr\u00e4hmchen mit verdeckelten\u2026","rel":"","context":"In &quot;Arbeiten rund ums Volk&quot;","block_context":{"text":"Arbeiten rund ums Volk","link":"http:\/\/imkerei-watermeyer.de\/?cat=47"},"img":{"alt_text":"","src":"https:\/\/i0.wp.com\/imkerei-watermeyer.de\/wp-content\/uploads\/2018\/05\/5b72911e-6824-4434-a637-05b4e8ce633a.jpg?resize=350%2C200","width":350,"height":200,"srcset":"https:\/\/i0.wp.com\/imkerei-watermeyer.de\/wp-content\/uploads\/2018\/05\/5b72911e-6824-4434-a637-05b4e8ce633a.jpg?resize=350%2C200 1x, https:\/\/i0.wp.com\/imkerei-watermeyer.de\/wp-content\/uploads\/2018\/05\/5b72911e-6824-4434-a637-05b4e8ce633a.jpg?resize=700%2C400 2x, https:\/\/i0.wp.com\/imkerei-watermeyer.de\/wp-content\/uploads\/2018\/05\/5b72911e-6824-4434-a637-05b4e8ce633a.jpg?resize=1050%2C600 3x, https:\/\/i0.wp.com\/imkerei-watermeyer.de\/wp-content\/uploads\/2018\/05\/5b72911e-6824-4434-a637-05b4e8ce633a.jpg?resize=1400%2C800 4x"},"classes":[]},{"id":458,"url":"http:\/\/imkerei-watermeyer.de\/?p=458","url_meta":{"origin":153,"position":3},"title":"Winterbehandlung","author":"Homeraner","date":"Dezember 19, 2017","format":false,"excerpt":"Die Temperaturen in diesem Dezember waren endlich mal wieder nach meinem Geschmack! Nicht, dass ich die Temperaturen rund um den Gefrierpunkt sonderlich mag, aber die Bienen kommen bei diesen Temperaturen zur Ruhe und sammeln sich in einer Traube, um sich gegenseitig zu w\u00e4rmen. Auf dem folgenden Bild habe ich versucht,\u2026","rel":"","context":"In &quot;Arbeiten rund ums Volk&quot;","block_context":{"text":"Arbeiten rund ums Volk","link":"http:\/\/imkerei-watermeyer.de\/?cat=47"},"img":{"alt_text":"","src":"https:\/\/i0.wp.com\/imkerei-watermeyer.de\/wp-content\/uploads\/2017\/12\/img_5926.jpg?resize=350%2C200","width":350,"height":200,"srcset":"https:\/\/i0.wp.com\/imkerei-watermeyer.de\/wp-content\/uploads\/2017\/12\/img_5926.jpg?resize=350%2C200 1x, https:\/\/i0.wp.com\/imkerei-watermeyer.de\/wp-content\/uploads\/2017\/12\/img_5926.jpg?resize=700%2C400 2x, https:\/\/i0.wp.com\/imkerei-watermeyer.de\/wp-content\/uploads\/2017\/12\/img_5926.jpg?resize=1050%2C600 3x, https:\/\/i0.wp.com\/imkerei-watermeyer.de\/wp-content\/uploads\/2017\/12\/img_5926.jpg?resize=1400%2C800 4x"},"classes":[]},{"id":303,"url":"http:\/\/imkerei-watermeyer.de\/?p=303","url_meta":{"origin":153,"position":4},"title":"Letzte Vorbereitungen","author":"Homeraner","date":"April 5, 2016","format":false,"excerpt":"Drau\u00dfen beginnt es an immer mehr Stellen zu bl\u00fchen und nach den fr\u00fch bl\u00fchenden Haselnussstr\u00e4uchern und Weiden, steht nun die Kirschbl\u00fcte kurz bevor. Zeit, die letzten Vorbereitungen f\u00fcr die neue Honigsaison abzuschlie\u00dfen. Eine wichtige Rolle bei diesen Vorbereitungen spielt dieses Werkzeug: Mit dem Wabenl\u00f6ter werden die Mittelw\u00e4nde aus Wachs mit\u2026","rel":"","context":"In &quot;Arbeiten rund ums Volk&quot;","block_context":{"text":"Arbeiten rund ums Volk","link":"http:\/\/imkerei-watermeyer.de\/?cat=47"},"img":{"alt_text":"","src":"https:\/\/i0.wp.com\/imkerei-watermeyer.de\/wp-content\/uploads\/2016\/04\/img_9182-11-225x300.jpg?resize=350%2C200","width":350,"height":200},"classes":[]},{"id":150,"url":"http:\/\/imkerei-watermeyer.de\/?p=150","url_meta":{"origin":153,"position":5},"title":"Biene zum Anfassen","author":"Homeraner","date":"Mai 13, 2015","format":false,"excerpt":"Heute war ich mal wieder an unseren Bienen.\u00a0Die Kontrolle der Drohnenr\u00e4hmchen und der Schwarmneigung standen an - und nat\u00fcrlich wirft man dabei auch schon einmal einen Blick in die oberste Etage der Beute, um zu kontrollieren, ob schon Honig eingetragen wurde. Zu den Drohnenr\u00e4hmchen werde ich die Tage noch einen\u2026","rel":"","context":"In &quot;Anatomie der Biene&quot;","block_context":{"text":"Anatomie der Biene","link":"http:\/\/imkerei-watermeyer.de\/?cat=11"},"img":{"alt_text":"","src":"https:\/\/i0.wp.com\/imkerei-watermeyer.de\/wp-content\/uploads\/2015\/05\/IMG_2130-300x225.jpg?resize=350%2C200","width":350,"height":200},"classes":[]}],"_links":{"self":[{"href":"http:\/\/imkerei-watermeyer.de\/index.php?rest_route=\/wp\/v2\/posts\/153"}],"collection":[{"href":"http:\/\/imkerei-watermeyer.de\/index.php?rest_route=\/wp\/v2\/posts"}],"about":[{"href":"http:\/\/imkerei-watermeyer.de\/index.php?rest_route=\/wp\/v2\/types\/post"}],"author":[{"embeddable":true,"href":"http:\/\/imkerei-watermeyer.de\/index.php?rest_route=\/wp\/v2\/users\/1"}],"replies":[{"embeddable":true,"href":"http:\/\/imkerei-watermeyer.de\/index.php?rest_route=%2Fwp%2Fv2%2Fcomments&post=153"}],"version-history":[{"count":2,"href":"http:\/\/imkerei-watermeyer.de\/index.php?rest_route=\/wp\/v2\/posts\/153\/revisions"}],"predecessor-version":[{"id":155,"href":"http:\/\/imkerei-watermeyer.de\/index.php?rest_route=\/wp\/v2\/posts\/153\/revisions\/155"}],"wp:attachment":[{"href":"http:\/\/imkerei-watermeyer.de\/index.php?rest_route=%2Fwp%2Fv2%2Fmedia&parent=153"}],"wp:term":[{"taxonomy":"category","embeddable":true,"href":"http:\/\/imkerei-watermeyer.de\/index.php?rest_route=%2Fwp%2Fv2%2Fcategories&post=153"},{"taxonomy":"post_tag","embeddable":true,"href":"http:\/\/imkerei-watermeyer.de\/index.php?rest_route=%2Fwp%2Fv2%2Ftags&post=153"}],"curies":[{"name":"wp","href":"https:\/\/api.w.org\/{rel}","templated":true}]}}