{"id":150,"date":"2015-05-13T19:20:31","date_gmt":"2015-05-13T19:20:31","guid":{"rendered":"http:\/\/imkerei-watermeyer.de\/?p=150"},"modified":"2015-05-13T19:46:18","modified_gmt":"2015-05-13T19:46:18","slug":"biene-zum-anfassen","status":"publish","type":"post","link":"http:\/\/imkerei-watermeyer.de\/?p=150","title":{"rendered":"Biene zum Anfassen"},"content":{"rendered":"<p>Heute war ich mal wieder an unseren Bienen.\u00a0Die Kontrolle der Drohnenr\u00e4hmchen und der Schwarmneigung standen an &#8211; und nat\u00fcrlich wirft man dabei auch schon einmal einen Blick in die oberste Etage der Beute, um zu kontrollieren, ob schon Honig eingetragen wurde.<\/p>\n<p>Zu den Drohnenr\u00e4hmchen werde ich die Tage noch einen separaten Eintrag verfassen und auch zur Schwarmneigung werde ich bei gegebenen Anlass noch etwas schreiben. Aber heute soll etwas anderes im Vordergrund stehen.<\/p>\n<p>Heute hatte ich das Gl\u00fcck, dass ich ein Drohnenr\u00e4hmchen aus einem Volk genommen habe, aus dem gerade Drohnen schl\u00fcpften. F\u00fcr die, die es noch nicht wissen, als Drohnen bezeichnet man die m\u00e4nnlichen Bienen, die f\u00fcr das Volk keinen anderen Sinn haben, als sich mit einer K\u00f6nigin zu paaren und dann drauf zu gehen. Diese Taugenichtse f\u00fcr den Alltag werden deshalb auch von den flei\u00dfigen Arbeiterinnen vor dem Winter aus dem Volk vertrieben.<\/p>\n<p>Die Drohnen tragen keinen Nektar oder Pollen ein, putzen nicht die Waben, schwitzen kein Wachs aus und beteiligen sich nicht an der Verteidigung des Volkes. F\u00fcr letztgenanntes haben die Drohnen aber zumindest eine Ausrede. Im Gegensatz zu ihren weiblichen Artgenossen haben sie n\u00e4mlich keinen Stachel.<\/p>\n<p>Diesen Umstand habe ich mir heute zu Nutzen gemacht, um euch eine Drohne mal aus der N\u00e4he zeigen zu k\u00f6nnen. Ich habe eine frisch geschl\u00fcpfte Drohne auf meine Hand laufen lassen und sie dann vor die Kamera gehalten. Das Resultat seht ihr hier (f\u00fcr eine gr\u00f6\u00dfere Ansicht einfach das Bild anklicken):<\/p>\n<div id=\"attachment_149\" style=\"width: 310px\" class=\"wp-caption aligncenter\"><a href=\"http:\/\/imkerei-watermeyer.de\/wp-content\/uploads\/2015\/05\/IMG_2130.jpg\"><img aria-describedby=\"caption-attachment-149\" data-attachment-id=\"149\" data-permalink=\"http:\/\/imkerei-watermeyer.de\/?attachment_id=149\" data-orig-file=\"http:\/\/imkerei-watermeyer.de\/wp-content\/uploads\/2015\/05\/IMG_2130.jpg\" data-orig-size=\"3264,2448\" data-comments-opened=\"1\" data-image-meta=\"{&quot;aperture&quot;:&quot;2.2&quot;,&quot;credit&quot;:&quot;&quot;,&quot;camera&quot;:&quot;iPhone 6&quot;,&quot;caption&quot;:&quot;&quot;,&quot;created_timestamp&quot;:&quot;1431540160&quot;,&quot;copyright&quot;:&quot;&quot;,&quot;focal_length&quot;:&quot;4.15&quot;,&quot;iso&quot;:&quot;32&quot;,&quot;shutter_speed&quot;:&quot;0.00063211125158028&quot;,&quot;title&quot;:&quot;&quot;,&quot;orientation&quot;:&quot;6&quot;}\" data-image-title=\"Drohne auf der flachen Hand\" data-image-description=\"\" data-image-caption=\"&lt;p&gt;Drohne von oben&lt;\/p&gt;\n\" data-medium-file=\"http:\/\/imkerei-watermeyer.de\/wp-content\/uploads\/2015\/05\/IMG_2130-300x225.jpg\" data-large-file=\"http:\/\/imkerei-watermeyer.de\/wp-content\/uploads\/2015\/05\/IMG_2130-1024x768.jpg\" decoding=\"async\" loading=\"lazy\" class=\"size-medium wp-image-149\" src=\"http:\/\/imkerei-watermeyer.de\/wp-content\/uploads\/2015\/05\/IMG_2130-300x225.jpg\" alt=\"Drohne von oben\" width=\"300\" height=\"225\" srcset=\"http:\/\/imkerei-watermeyer.de\/wp-content\/uploads\/2015\/05\/IMG_2130-300x225.jpg 300w, http:\/\/imkerei-watermeyer.de\/wp-content\/uploads\/2015\/05\/IMG_2130-1024x768.jpg 1024w\" sizes=\"(max-width: 300px) 100vw, 300px\" \/><\/a><p id=\"caption-attachment-149\" class=\"wp-caption-text\">Drohne von oben<\/p><\/div>\n<div id=\"attachment_145\" style=\"width: 310px\" class=\"wp-caption aligncenter\"><a href=\"http:\/\/imkerei-watermeyer.de\/wp-content\/uploads\/2015\/05\/IMG_2113.jpg\"><img aria-describedby=\"caption-attachment-145\" data-attachment-id=\"145\" data-permalink=\"http:\/\/imkerei-watermeyer.de\/?attachment_id=145\" data-orig-file=\"http:\/\/imkerei-watermeyer.de\/wp-content\/uploads\/2015\/05\/IMG_2113.jpg\" data-orig-size=\"3264,2448\" data-comments-opened=\"1\" data-image-meta=\"{&quot;aperture&quot;:&quot;2.2&quot;,&quot;credit&quot;:&quot;&quot;,&quot;camera&quot;:&quot;iPhone 6&quot;,&quot;caption&quot;:&quot;&quot;,&quot;created_timestamp&quot;:&quot;1431539625&quot;,&quot;copyright&quot;:&quot;&quot;,&quot;focal_length&quot;:&quot;4.15&quot;,&quot;iso&quot;:&quot;32&quot;,&quot;shutter_speed&quot;:&quot;0.00053106744556559&quot;,&quot;title&quot;:&quot;&quot;,&quot;orientation&quot;:&quot;6&quot;}\" data-image-title=\"Drohne auf den Fingern\" data-image-description=\"\" data-image-caption=\"&lt;p&gt;Drohne von vorne&lt;\/p&gt;\n\" data-medium-file=\"http:\/\/imkerei-watermeyer.de\/wp-content\/uploads\/2015\/05\/IMG_2113-300x225.jpg\" data-large-file=\"http:\/\/imkerei-watermeyer.de\/wp-content\/uploads\/2015\/05\/IMG_2113-1024x768.jpg\" decoding=\"async\" loading=\"lazy\" class=\"size-medium wp-image-145\" src=\"http:\/\/imkerei-watermeyer.de\/wp-content\/uploads\/2015\/05\/IMG_2113-300x225.jpg\" alt=\"Drohne von vorne\" width=\"300\" height=\"225\" srcset=\"http:\/\/imkerei-watermeyer.de\/wp-content\/uploads\/2015\/05\/IMG_2113-300x225.jpg 300w, http:\/\/imkerei-watermeyer.de\/wp-content\/uploads\/2015\/05\/IMG_2113-1024x768.jpg 1024w\" sizes=\"(max-width: 300px) 100vw, 300px\" \/><\/a><p id=\"caption-attachment-145\" class=\"wp-caption-text\">Drohne von vorne<\/p><\/div>\n<div id=\"attachment_144\" style=\"width: 310px\" class=\"wp-caption aligncenter\"><a href=\"http:\/\/imkerei-watermeyer.de\/wp-content\/uploads\/2015\/05\/IMG_2110.jpg\"><img aria-describedby=\"caption-attachment-144\" data-attachment-id=\"144\" data-permalink=\"http:\/\/imkerei-watermeyer.de\/?attachment_id=144\" data-orig-file=\"http:\/\/imkerei-watermeyer.de\/wp-content\/uploads\/2015\/05\/IMG_2110.jpg\" data-orig-size=\"3264,2448\" data-comments-opened=\"1\" data-image-meta=\"{&quot;aperture&quot;:&quot;2.2&quot;,&quot;credit&quot;:&quot;&quot;,&quot;camera&quot;:&quot;iPhone 6&quot;,&quot;caption&quot;:&quot;&quot;,&quot;created_timestamp&quot;:&quot;1431539604&quot;,&quot;copyright&quot;:&quot;&quot;,&quot;focal_length&quot;:&quot;4.15&quot;,&quot;iso&quot;:&quot;32&quot;,&quot;shutter_speed&quot;:&quot;0.0020242914979757&quot;,&quot;title&quot;:&quot;&quot;,&quot;orientation&quot;:&quot;6&quot;}\" data-image-title=\"Drohne am Ringfinger\" data-image-description=\"\" data-image-caption=\"&lt;p&gt;Drohne von der Seite&lt;\/p&gt;\n\" data-medium-file=\"http:\/\/imkerei-watermeyer.de\/wp-content\/uploads\/2015\/05\/IMG_2110-300x225.jpg\" data-large-file=\"http:\/\/imkerei-watermeyer.de\/wp-content\/uploads\/2015\/05\/IMG_2110-1024x768.jpg\" decoding=\"async\" loading=\"lazy\" class=\"size-medium wp-image-144\" src=\"http:\/\/imkerei-watermeyer.de\/wp-content\/uploads\/2015\/05\/IMG_2110-300x225.jpg\" alt=\"Drohne von der Seite\" width=\"300\" height=\"225\" srcset=\"http:\/\/imkerei-watermeyer.de\/wp-content\/uploads\/2015\/05\/IMG_2110-300x225.jpg 300w, http:\/\/imkerei-watermeyer.de\/wp-content\/uploads\/2015\/05\/IMG_2110-1024x768.jpg 1024w\" sizes=\"(max-width: 300px) 100vw, 300px\" \/><\/a><p id=\"caption-attachment-144\" class=\"wp-caption-text\">Drohne von der Seite<\/p><\/div>\n<p>Wie ihr an den Bildern sicherlich gut erkennen k\u00f6nnt, haben Drohnen ein leicht zu erkennendes Merkmal. Sie haben n\u00e4mlich im Gegensatz zu den weiblichen Bienen gro\u00dfe Facettenaugen, die denen einer Fliege recht \u00e4hnlich sehen. Neben einer Arbeiterin f\u00e4llt zudem auf, dass die m\u00e4nnliche Biene etwas gr\u00f6\u00dfer ist.<\/p>\n<p>Im n\u00e4chsten Beitrag habe ich dann noch ganz besondere Aufnahmen aus dem Bienenvolk f\u00fcr euch. Ein Blick in den Drohnen-Krei\u00dfsaal.<\/p>\n","protected":false},"excerpt":{"rendered":"<p>Heute war ich mal wieder an unseren Bienen.\u00a0Die Kontrolle der Drohnenr\u00e4hmchen und der Schwarmneigung standen an &#8211; und nat\u00fcrlich wirft man dabei auch schon einmal einen Blick in die oberste Etage der Beute, um zu kontrollieren, ob schon Honig eingetragen wurde. Zu den Drohnenr\u00e4hmchen werde ich die Tage noch einen [&hellip;]<\/p>\n","protected":false},"author":1,"featured_media":0,"comment_status":"open","ping_status":"open","sticky":false,"template":"","format":"standard","meta":{"jetpack_post_was_ever_published":false,"_jetpack_newsletter_access":"","jetpack_publicize_message":"","jetpack_is_tweetstorm":false,"jetpack_publicize_feature_enabled":true,"jetpack_social_post_already_shared":false,"jetpack_social_options":{"image_generator_settings":{"template":"highway","enabled":false}}},"categories":[11,2],"tags":[19,18],"jetpack_publicize_connections":[],"jetpack_featured_media_url":"","jetpack_sharing_enabled":true,"jetpack_shortlink":"https:\/\/wp.me\/p9uDaz-2q","jetpack_likes_enabled":true,"jetpack-related-posts":[{"id":153,"url":"http:\/\/imkerei-watermeyer.de\/?p=153","url_meta":{"origin":150,"position":0},"title":"Vatertag bei den Bienen","author":"Homeraner","date":"Mai 14, 2015","format":false,"excerpt":"Zugegebenerma\u00dfen sind die Bilder, die ich euch heute vorstelle, schon gestern entstanden. Auf den Bildern k\u00f6nnt ihr beobachten, wie Drohnenbrut schl\u00fcpft. Waben mit Drohnenbrut erkennt ihr daran, dass die Waben mit einem Buckel verdeckelt sind, w\u00e4hrend die Waben mit Arbeiterinnenbrut glatt verdeckelt ist. Au\u00dferdem sind die Waben f\u00fcr die Drohnen\u2026","rel":"","context":"In &quot;Bienenbilder&quot;","block_context":{"text":"Bienenbilder","link":"http:\/\/imkerei-watermeyer.de\/?cat=2"},"img":{"alt_text":"","src":"https:\/\/i0.wp.com\/imkerei-watermeyer.de\/wp-content\/uploads\/2015\/05\/IMG_2124-300x225.jpg?resize=350%2C200","width":350,"height":200},"classes":[]},{"id":251,"url":"http:\/\/imkerei-watermeyer.de\/?p=251","url_meta":{"origin":150,"position":1},"title":"Gezeichnete K\u00f6nigin","author":"Homeraner","date":"Januar 5, 2016","format":false,"excerpt":"\u00a0Inspiriert vom morgigen Dreik\u00f6nigstag m\u00f6chte ich den Artikel mit einem kleinen Suchbild beginnen. Bei all dem Durcheinander und Wirrwarr auf dem R\u00e4hmchen d\u00fcrfte euch in der Bildmitte etwas auffallen.\u00a0 In der Bildmitte ist eine Biene mit einem roten Punkt auf dem R\u00fccken. Diese Biene unterscheidet sich von allen anderen Bienen\u2026","rel":"","context":"In &quot;Anatomie der Biene&quot;","block_context":{"text":"Anatomie der Biene","link":"http:\/\/imkerei-watermeyer.de\/?cat=11"},"img":{"alt_text":"","src":"https:\/\/i0.wp.com\/imkerei-watermeyer.de\/wp-content\/uploads\/2016\/01\/img_2806-3.jpeg?resize=350%2C200","width":350,"height":200,"srcset":"https:\/\/i0.wp.com\/imkerei-watermeyer.de\/wp-content\/uploads\/2016\/01\/img_2806-3.jpeg?resize=350%2C200 1x, https:\/\/i0.wp.com\/imkerei-watermeyer.de\/wp-content\/uploads\/2016\/01\/img_2806-3.jpeg?resize=700%2C400 2x, https:\/\/i0.wp.com\/imkerei-watermeyer.de\/wp-content\/uploads\/2016\/01\/img_2806-3.jpeg?resize=1050%2C600 3x, https:\/\/i0.wp.com\/imkerei-watermeyer.de\/wp-content\/uploads\/2016\/01\/img_2806-3.jpeg?resize=1400%2C800 4x"},"classes":[]},{"id":449,"url":"http:\/\/imkerei-watermeyer.de\/?p=449","url_meta":{"origin":150,"position":2},"title":"Honigernte die 2.","author":"Homeraner","date":"August 5, 2017","format":false,"excerpt":"Am Mittwoch habe ich mit der 2. Honigernte begonnen. Dank der sch\u00f6nen Blumenwiese bei meiner Schulfreundin konnten die Bienen trotz der schlechten Lindentracht noch etwas Honig einsammeln. Morgen werde ich noch in Raesfeld ernten und dann wird geschleudert. Ich rechne mit etwa 20kg Honig. Nicht all zu viel, aber besser\u2026","rel":"","context":"In &quot;Arbeiten rund ums Volk&quot;","block_context":{"text":"Arbeiten rund ums Volk","link":"http:\/\/imkerei-watermeyer.de\/?cat=47"},"img":{"alt_text":"","src":"https:\/\/i0.wp.com\/imkerei-watermeyer.de\/wp-content\/uploads\/2017\/08\/img_3568.jpg?resize=350%2C200","width":350,"height":200,"srcset":"https:\/\/i0.wp.com\/imkerei-watermeyer.de\/wp-content\/uploads\/2017\/08\/img_3568.jpg?resize=350%2C200 1x, https:\/\/i0.wp.com\/imkerei-watermeyer.de\/wp-content\/uploads\/2017\/08\/img_3568.jpg?resize=700%2C400 2x, https:\/\/i0.wp.com\/imkerei-watermeyer.de\/wp-content\/uploads\/2017\/08\/img_3568.jpg?resize=1050%2C600 3x, https:\/\/i0.wp.com\/imkerei-watermeyer.de\/wp-content\/uploads\/2017\/08\/img_3568.jpg?resize=1400%2C800 4x"},"classes":[]},{"id":438,"url":"http:\/\/imkerei-watermeyer.de\/?p=438","url_meta":{"origin":150,"position":3},"title":"K\u00f6nigin gesichtet","author":"Homeraner","date":"August 2, 2017","format":false,"excerpt":"Am letzten Wochenende habe ich es nach \u00fcber 25 Jahren mal wieder ins LWL-Freilichtmuseum Detmold geschafft. Es war hochinteressant, all die alten H\u00f6fe aus Westfalen und dem Lipperland zu sehen. All die gut durchdachten L\u00f6sungen, die unsere Vorfahren schon vor mehreren hundert Jahren parat hatten. Besonderes Augenmerk habe ich als\u2026","rel":"","context":"In &quot;Bienenbilder&quot;","block_context":{"text":"Bienenbilder","link":"http:\/\/imkerei-watermeyer.de\/?cat=2"},"img":{"alt_text":"","src":"https:\/\/i0.wp.com\/imkerei-watermeyer.de\/wp-content\/uploads\/2017\/08\/img_3375.jpg?resize=350%2C200","width":350,"height":200,"srcset":"https:\/\/i0.wp.com\/imkerei-watermeyer.de\/wp-content\/uploads\/2017\/08\/img_3375.jpg?resize=350%2C200 1x, https:\/\/i0.wp.com\/imkerei-watermeyer.de\/wp-content\/uploads\/2017\/08\/img_3375.jpg?resize=700%2C400 2x, https:\/\/i0.wp.com\/imkerei-watermeyer.de\/wp-content\/uploads\/2017\/08\/img_3375.jpg?resize=1050%2C600 3x, https:\/\/i0.wp.com\/imkerei-watermeyer.de\/wp-content\/uploads\/2017\/08\/img_3375.jpg?resize=1400%2C800 4x"},"classes":[]},{"id":115,"url":"http:\/\/imkerei-watermeyer.de\/?p=115","url_meta":{"origin":150,"position":4},"title":"Best\u00e4ubte Best\u00e4uberin","author":"Homeraner","date":"Mai 1, 2015","format":false,"excerpt":"Ich habe heute die feiert\u00e4gliche Mittagsruhe genutzt und bin in unserem Garten auf Fotopirsch gegangen. Der dort bl\u00fchende Garten ist derzeit Zielgebiet unserer Bienen. Dort sammeln die flei\u00dfigen Flugbienen reichlich Nektar und die auf dem\u00a0Bild zu sehende Biene Pollen. Bei den beiden Aufnahmen kann man ziemlich gut die sogenannten Pollenh\u00f6schen\u2026","rel":"","context":"In &quot;Anatomie der Biene&quot;","block_context":{"text":"Anatomie der Biene","link":"http:\/\/imkerei-watermeyer.de\/?cat=11"},"img":{"alt_text":"","src":"https:\/\/i0.wp.com\/imkerei-watermeyer.de\/wp-content\/uploads\/2015\/05\/PICT1259-300x225.jpg?resize=350%2C200","width":350,"height":200},"classes":[]},{"id":159,"url":"http:\/\/imkerei-watermeyer.de\/?p=159","url_meta":{"origin":150,"position":5},"title":"Es dauert nicht mehr lang","author":"Homeraner","date":"Mai 21, 2015","format":false,"excerpt":"\u00a0Am letzten Donnerstag hatte ich unsere V\u00f6lker durchgeschaut und insbesondere ein Auge in die Honigr\u00e4ume geworfen. Bei einem Volk sah es schon recht vielversprechend aus und ein Gro\u00dfteil der R\u00e4hmchen im Honigraum war schon zur H\u00e4lfte verdeckelt.\u00a0 Das bedeutet, dass der Honig in den Waben reif ist und bevorratet werden\u2026","rel":"","context":"\u00c4hnlicher Beitrag","block_context":{"text":"\u00c4hnlicher Beitrag","link":""},"img":{"alt_text":"","src":"","width":0,"height":0},"classes":[]}],"_links":{"self":[{"href":"http:\/\/imkerei-watermeyer.de\/index.php?rest_route=\/wp\/v2\/posts\/150"}],"collection":[{"href":"http:\/\/imkerei-watermeyer.de\/index.php?rest_route=\/wp\/v2\/posts"}],"about":[{"href":"http:\/\/imkerei-watermeyer.de\/index.php?rest_route=\/wp\/v2\/types\/post"}],"author":[{"embeddable":true,"href":"http:\/\/imkerei-watermeyer.de\/index.php?rest_route=\/wp\/v2\/users\/1"}],"replies":[{"embeddable":true,"href":"http:\/\/imkerei-watermeyer.de\/index.php?rest_route=%2Fwp%2Fv2%2Fcomments&post=150"}],"version-history":[{"count":2,"href":"http:\/\/imkerei-watermeyer.de\/index.php?rest_route=\/wp\/v2\/posts\/150\/revisions"}],"predecessor-version":[{"id":152,"href":"http:\/\/imkerei-watermeyer.de\/index.php?rest_route=\/wp\/v2\/posts\/150\/revisions\/152"}],"wp:attachment":[{"href":"http:\/\/imkerei-watermeyer.de\/index.php?rest_route=%2Fwp%2Fv2%2Fmedia&parent=150"}],"wp:term":[{"taxonomy":"category","embeddable":true,"href":"http:\/\/imkerei-watermeyer.de\/index.php?rest_route=%2Fwp%2Fv2%2Fcategories&post=150"},{"taxonomy":"post_tag","embeddable":true,"href":"http:\/\/imkerei-watermeyer.de\/index.php?rest_route=%2Fwp%2Fv2%2Ftags&post=150"}],"curies":[{"name":"wp","href":"https:\/\/api.w.org\/{rel}","templated":true}]}}