{"id":137,"date":"2015-05-09T10:13:06","date_gmt":"2015-05-09T10:13:06","guid":{"rendered":"http:\/\/imkerei-watermeyer.de\/?p=137"},"modified":"2015-05-09T10:27:47","modified_gmt":"2015-05-09T10:27:47","slug":"summen-und-brummen-im-kastanienbaum","status":"publish","type":"post","link":"http:\/\/imkerei-watermeyer.de\/?p=137","title":{"rendered":"Summen und Brummen im Kastanienbaum"},"content":{"rendered":"<p>Gestern Abend habe ich mir die Zeit genommen und bin an unserem Kastanienbaum auf Fotopirsch gegangen. Das Summen und Brummen klang einfach zu verlockend in meinen Ohren.<\/p>\n<p>Viele Bl\u00fcten sind schon von Insekten besucht worden und ihre Mitte hat sich schon rosarot verf\u00e4rbt. Bei genauem Hinsehen kann man sogar auf den Bildern die enstehenden Fr\u00fcchte erkennen.<\/p>\n<p>Auf dem ersten Foto ist der &#8222;R\u00fcssel&#8220; der Biene gut zu erkennen. (Um das Bild vergr\u00f6\u00dfert anzuschauen einfach anklicken \ud83d\ude09 )<\/p>\n<div id=\"attachment_136\" style=\"width: 310px\" class=\"wp-caption aligncenter\"><a href=\"http:\/\/imkerei-watermeyer.de\/wp-content\/uploads\/2015\/05\/PICT1306.jpg\"><img aria-describedby=\"caption-attachment-136\" data-attachment-id=\"136\" data-permalink=\"http:\/\/imkerei-watermeyer.de\/?attachment_id=136\" data-orig-file=\"http:\/\/imkerei-watermeyer.de\/wp-content\/uploads\/2015\/05\/PICT1306.jpg\" data-orig-size=\"2048,1536\" data-comments-opened=\"1\" data-image-meta=\"{&quot;aperture&quot;:&quot;3.5&quot;,&quot;credit&quot;:&quot;&quot;,&quot;camera&quot;:&quot;DiMAGE Z1&quot;,&quot;caption&quot;:&quot;MINOLTA DIGITAL CAMERA&quot;,&quot;created_timestamp&quot;:&quot;1431105627&quot;,&quot;copyright&quot;:&quot;&quot;,&quot;focal_length&quot;:&quot;9.7&quot;,&quot;iso&quot;:&quot;50&quot;,&quot;shutter_speed&quot;:&quot;0.016666666666667&quot;,&quot;title&quot;:&quot;MINOLTA DIGITAL CAMERA&quot;,&quot;orientation&quot;:&quot;1&quot;}\" data-image-title=\"Kastanienbl\u00fcte Biene kopf\u00fcber\" data-image-description=\"\" data-image-caption=\"&lt;p&gt;Biene beim Nektarsammeln in einer Kastanienbl\u00fcte&lt;\/p&gt;\n\" data-medium-file=\"http:\/\/imkerei-watermeyer.de\/wp-content\/uploads\/2015\/05\/PICT1306-300x225.jpg\" data-large-file=\"http:\/\/imkerei-watermeyer.de\/wp-content\/uploads\/2015\/05\/PICT1306-1024x768.jpg\" decoding=\"async\" loading=\"lazy\" class=\"size-medium wp-image-136\" src=\"http:\/\/imkerei-watermeyer.de\/wp-content\/uploads\/2015\/05\/PICT1306-300x225.jpg\" alt=\"Biene beim Nektarsammeln in einer Kastanienbl\u00fcte\" width=\"300\" height=\"225\" srcset=\"http:\/\/imkerei-watermeyer.de\/wp-content\/uploads\/2015\/05\/PICT1306-300x225.jpg 300w, http:\/\/imkerei-watermeyer.de\/wp-content\/uploads\/2015\/05\/PICT1306-1024x768.jpg 1024w, http:\/\/imkerei-watermeyer.de\/wp-content\/uploads\/2015\/05\/PICT1306.jpg 2048w\" sizes=\"(max-width: 300px) 100vw, 300px\" \/><\/a><p id=\"caption-attachment-136\" class=\"wp-caption-text\">Biene beim Nektarsammeln in einer Kastanienbl\u00fcte<\/p><\/div>\n<p>Trotz des Windes und der dadurch wackelnden Bl\u00e4tter konnte ich mit unserer alten Minolta Dimage Z3 ein paar nette Bilder schie\u00dfen. Sch\u00f6n kann man auf dem n\u00e4chsten Bild die F\u00fchler der Biene erkennen.<\/p>\n<div id=\"attachment_135\" style=\"width: 310px\" class=\"wp-caption aligncenter\"><a href=\"http:\/\/imkerei-watermeyer.de\/wp-content\/uploads\/2015\/05\/PICT1302-e1431165623388.jpg\"><img aria-describedby=\"caption-attachment-135\" data-attachment-id=\"135\" data-permalink=\"http:\/\/imkerei-watermeyer.de\/?attachment_id=135\" data-orig-file=\"http:\/\/imkerei-watermeyer.de\/wp-content\/uploads\/2015\/05\/PICT1302-e1431165623388.jpg\" data-orig-size=\"1080,885\" data-comments-opened=\"1\" data-image-meta=\"{&quot;aperture&quot;:&quot;3.5&quot;,&quot;credit&quot;:&quot;&quot;,&quot;camera&quot;:&quot;DiMAGE Z1&quot;,&quot;caption&quot;:&quot;MINOLTA DIGITAL CAMERA&quot;,&quot;created_timestamp&quot;:&quot;1431105555&quot;,&quot;copyright&quot;:&quot;&quot;,&quot;focal_length&quot;:&quot;14.5&quot;,&quot;iso&quot;:&quot;125&quot;,&quot;shutter_speed&quot;:&quot;0.01&quot;,&quot;title&quot;:&quot;MINOLTA DIGITAL CAMERA&quot;,&quot;orientation&quot;:&quot;1&quot;}\" data-image-title=\"Kastanienbl\u00fcte Biene\" data-image-description=\"\" data-image-caption=\"&lt;p&gt;Biene beim Nektarsammeln an eine Kastanienbl\u00fcte mit Pollen am K\u00f6rper&lt;\/p&gt;\n\" data-medium-file=\"http:\/\/imkerei-watermeyer.de\/wp-content\/uploads\/2015\/05\/PICT1302-e1431165623388-300x246.jpg\" data-large-file=\"http:\/\/imkerei-watermeyer.de\/wp-content\/uploads\/2015\/05\/PICT1302-e1431165623388-1024x839.jpg\" decoding=\"async\" loading=\"lazy\" class=\"size-medium wp-image-135\" src=\"http:\/\/imkerei-watermeyer.de\/wp-content\/uploads\/2015\/05\/PICT1302-e1431165623388-300x246.jpg\" alt=\"Biene beim Nektarsammeln an eine Kastanienbl\u00fcte mit Pollen am K\u00f6rper\" width=\"300\" height=\"246\" srcset=\"http:\/\/imkerei-watermeyer.de\/wp-content\/uploads\/2015\/05\/PICT1302-e1431165623388-300x246.jpg 300w, http:\/\/imkerei-watermeyer.de\/wp-content\/uploads\/2015\/05\/PICT1302-e1431165623388-1024x839.jpg 1024w, http:\/\/imkerei-watermeyer.de\/wp-content\/uploads\/2015\/05\/PICT1302-e1431165623388.jpg 1080w\" sizes=\"(max-width: 300px) 100vw, 300px\" \/><\/a><p id=\"caption-attachment-135\" class=\"wp-caption-text\">Biene beim Nektarsammeln an einer Kastanienbl\u00fcte mit Pollen am K\u00f6rper<\/p><\/div>\n<div id=\"attachment_134\" style=\"width: 310px\" class=\"wp-caption aligncenter\"><a href=\"http:\/\/imkerei-watermeyer.de\/wp-content\/uploads\/2015\/05\/PICT12581.jpg\"><img aria-describedby=\"caption-attachment-134\" data-attachment-id=\"134\" data-permalink=\"http:\/\/imkerei-watermeyer.de\/?attachment_id=134\" data-orig-file=\"http:\/\/imkerei-watermeyer.de\/wp-content\/uploads\/2015\/05\/PICT12581.jpg\" data-orig-size=\"2048,1536\" data-comments-opened=\"1\" data-image-meta=\"{&quot;aperture&quot;:&quot;5.6&quot;,&quot;credit&quot;:&quot;&quot;,&quot;camera&quot;:&quot;DiMAGE Z1&quot;,&quot;caption&quot;:&quot;MINOLTA DIGITAL CAMERA&quot;,&quot;created_timestamp&quot;:&quot;1431104732&quot;,&quot;copyright&quot;:&quot;&quot;,&quot;focal_length&quot;:&quot;49.8&quot;,&quot;iso&quot;:&quot;100&quot;,&quot;shutter_speed&quot;:&quot;0.004&quot;,&quot;title&quot;:&quot;MINOLTA DIGITAL CAMERA&quot;,&quot;orientation&quot;:&quot;1&quot;}\" data-image-title=\"Kastanienbl\u00fcte Hummel\" data-image-description=\"\" data-image-caption=\"&lt;p&gt;Hummel beim Nektarsammeln an einer Kastanienbl\u00fcte&lt;\/p&gt;\n\" data-medium-file=\"http:\/\/imkerei-watermeyer.de\/wp-content\/uploads\/2015\/05\/PICT12581-300x225.jpg\" data-large-file=\"http:\/\/imkerei-watermeyer.de\/wp-content\/uploads\/2015\/05\/PICT12581-1024x768.jpg\" decoding=\"async\" loading=\"lazy\" class=\"size-medium wp-image-134\" src=\"http:\/\/imkerei-watermeyer.de\/wp-content\/uploads\/2015\/05\/PICT12581-300x225.jpg\" alt=\"Hummel beim Nektarsammeln an einer Kastanienbl\u00fcte\" width=\"300\" height=\"225\" srcset=\"http:\/\/imkerei-watermeyer.de\/wp-content\/uploads\/2015\/05\/PICT12581-300x225.jpg 300w, http:\/\/imkerei-watermeyer.de\/wp-content\/uploads\/2015\/05\/PICT12581-1024x768.jpg 1024w, http:\/\/imkerei-watermeyer.de\/wp-content\/uploads\/2015\/05\/PICT12581.jpg 2048w\" sizes=\"(max-width: 300px) 100vw, 300px\" \/><\/a><p id=\"caption-attachment-134\" class=\"wp-caption-text\">Hummel beim Nektarsammeln an einer Kastanienbl\u00fcte<\/p><\/div>\n","protected":false},"excerpt":{"rendered":"<p>Gestern Abend habe ich mir die Zeit genommen und bin an unserem Kastanienbaum auf Fotopirsch gegangen. Das Summen und Brummen klang einfach zu verlockend in meinen Ohren. Viele Bl\u00fcten sind schon von Insekten besucht worden und ihre Mitte hat sich schon rosarot verf\u00e4rbt. Bei genauem Hinsehen kann man sogar auf [&hellip;]<\/p>\n","protected":false},"author":1,"featured_media":0,"comment_status":"open","ping_status":"open","sticky":false,"template":"","format":"standard","meta":{"jetpack_post_was_ever_published":false,"_jetpack_newsletter_access":"","jetpack_publicize_message":"","jetpack_is_tweetstorm":false,"jetpack_publicize_feature_enabled":true,"jetpack_social_post_already_shared":false,"jetpack_social_options":{"image_generator_settings":{"template":"highway","enabled":false}}},"categories":[2,3],"tags":[17,16,13],"jetpack_publicize_connections":[],"jetpack_featured_media_url":"","jetpack_sharing_enabled":true,"jetpack_shortlink":"https:\/\/wp.me\/p9uDaz-2d","jetpack_likes_enabled":true,"jetpack-related-posts":[{"id":115,"url":"http:\/\/imkerei-watermeyer.de\/?p=115","url_meta":{"origin":137,"position":0},"title":"Best\u00e4ubte Best\u00e4uberin","author":"Homeraner","date":"Mai 1, 2015","format":false,"excerpt":"Ich habe heute die feiert\u00e4gliche Mittagsruhe genutzt und bin in unserem Garten auf Fotopirsch gegangen. Der dort bl\u00fchende Garten ist derzeit Zielgebiet unserer Bienen. Dort sammeln die flei\u00dfigen Flugbienen reichlich Nektar und die auf dem\u00a0Bild zu sehende Biene Pollen. Bei den beiden Aufnahmen kann man ziemlich gut die sogenannten Pollenh\u00f6schen\u2026","rel":"","context":"In &quot;Anatomie der Biene&quot;","block_context":{"text":"Anatomie der Biene","link":"http:\/\/imkerei-watermeyer.de\/?cat=11"},"img":{"alt_text":"","src":"https:\/\/i0.wp.com\/imkerei-watermeyer.de\/wp-content\/uploads\/2015\/05\/PICT1259-300x225.jpg?resize=350%2C200","width":350,"height":200},"classes":[]},{"id":150,"url":"http:\/\/imkerei-watermeyer.de\/?p=150","url_meta":{"origin":137,"position":1},"title":"Biene zum Anfassen","author":"Homeraner","date":"Mai 13, 2015","format":false,"excerpt":"Heute war ich mal wieder an unseren Bienen.\u00a0Die Kontrolle der Drohnenr\u00e4hmchen und der Schwarmneigung standen an - und nat\u00fcrlich wirft man dabei auch schon einmal einen Blick in die oberste Etage der Beute, um zu kontrollieren, ob schon Honig eingetragen wurde. Zu den Drohnenr\u00e4hmchen werde ich die Tage noch einen\u2026","rel":"","context":"In &quot;Anatomie der Biene&quot;","block_context":{"text":"Anatomie der Biene","link":"http:\/\/imkerei-watermeyer.de\/?cat=11"},"img":{"alt_text":"","src":"https:\/\/i0.wp.com\/imkerei-watermeyer.de\/wp-content\/uploads\/2015\/05\/IMG_2130-300x225.jpg?resize=350%2C200","width":350,"height":200},"classes":[]},{"id":251,"url":"http:\/\/imkerei-watermeyer.de\/?p=251","url_meta":{"origin":137,"position":2},"title":"Gezeichnete K\u00f6nigin","author":"Homeraner","date":"Januar 5, 2016","format":false,"excerpt":"\u00a0Inspiriert vom morgigen Dreik\u00f6nigstag m\u00f6chte ich den Artikel mit einem kleinen Suchbild beginnen. Bei all dem Durcheinander und Wirrwarr auf dem R\u00e4hmchen d\u00fcrfte euch in der Bildmitte etwas auffallen.\u00a0 In der Bildmitte ist eine Biene mit einem roten Punkt auf dem R\u00fccken. Diese Biene unterscheidet sich von allen anderen Bienen\u2026","rel":"","context":"In &quot;Anatomie der Biene&quot;","block_context":{"text":"Anatomie der Biene","link":"http:\/\/imkerei-watermeyer.de\/?cat=11"},"img":{"alt_text":"","src":"https:\/\/i0.wp.com\/imkerei-watermeyer.de\/wp-content\/uploads\/2016\/01\/img_2806-3.jpeg?resize=350%2C200","width":350,"height":200,"srcset":"https:\/\/i0.wp.com\/imkerei-watermeyer.de\/wp-content\/uploads\/2016\/01\/img_2806-3.jpeg?resize=350%2C200 1x, https:\/\/i0.wp.com\/imkerei-watermeyer.de\/wp-content\/uploads\/2016\/01\/img_2806-3.jpeg?resize=700%2C400 2x, https:\/\/i0.wp.com\/imkerei-watermeyer.de\/wp-content\/uploads\/2016\/01\/img_2806-3.jpeg?resize=1050%2C600 3x, https:\/\/i0.wp.com\/imkerei-watermeyer.de\/wp-content\/uploads\/2016\/01\/img_2806-3.jpeg?resize=1400%2C800 4x"},"classes":[]},{"id":338,"url":"http:\/\/imkerei-watermeyer.de\/?p=338","url_meta":{"origin":137,"position":3},"title":"Beim Discounter gibt es Spekulatius&#8230;","author":"Homeraner","date":"September 1, 2016","format":false,"excerpt":"... und die Bienen? Die sind schon einen Schritt weiter! Mit Varroabehandlung und Futtergabe werden die Bienenv\u00f6lker nach der Bl\u00fcte der letzten gro\u00dfen Tracht (bei uns in der Gegend die Lindenbl\u00fcte) bereits Ende Juli und im August eingewintert. Auf dem Bild ist zu sehen, wie Ina einen 15kg schweren Futterteigklotz\u2026","rel":"","context":"In &quot;Arbeiten rund ums Volk&quot;","block_context":{"text":"Arbeiten rund ums Volk","link":"http:\/\/imkerei-watermeyer.de\/?cat=47"},"img":{"alt_text":"","src":"https:\/\/i0.wp.com\/imkerei-watermeyer.de\/wp-content\/uploads\/2016\/09\/img_3408.jpg?resize=350%2C200","width":350,"height":200,"srcset":"https:\/\/i0.wp.com\/imkerei-watermeyer.de\/wp-content\/uploads\/2016\/09\/img_3408.jpg?resize=350%2C200 1x, https:\/\/i0.wp.com\/imkerei-watermeyer.de\/wp-content\/uploads\/2016\/09\/img_3408.jpg?resize=700%2C400 2x, https:\/\/i0.wp.com\/imkerei-watermeyer.de\/wp-content\/uploads\/2016\/09\/img_3408.jpg?resize=1050%2C600 3x, https:\/\/i0.wp.com\/imkerei-watermeyer.de\/wp-content\/uploads\/2016\/09\/img_3408.jpg?resize=1400%2C800 4x"},"classes":[]},{"id":227,"url":"http:\/\/imkerei-watermeyer.de\/?p=227","url_meta":{"origin":137,"position":4},"title":"Wenn man ihn denn l\u00e4sst,&#8230;","author":"Homeraner","date":"Oktober 25, 2015","format":false,"excerpt":"...bl\u00fcht der Efeu im September\/Oktober. Dann bietet das sonst als lebloses Friedhofskraut bekannte Rankgew\u00e4chs den Bienen eine letzte Nektarnahrung, bevor die lange bl\u00fctenlose Winterzeit beginnt. Da der Efeu aufgrund seines schnellen Wuchses und seiner Verwendung als gr\u00fcne Wand meist Jahr f\u00fcr Jahr zur\u00fcckgeschnitten wird, k\u00f6nnen sich meistens keine Bl\u00fcten bilden.\u2026","rel":"","context":"In &quot;Natur&quot;","block_context":{"text":"Natur","link":"http:\/\/imkerei-watermeyer.de\/?cat=3"},"img":{"alt_text":"","src":"https:\/\/i0.wp.com\/imkerei-watermeyer.de\/wp-content\/uploads\/2015\/10\/IMG_5332-0.jpg?resize=350%2C200","width":350,"height":200,"srcset":"https:\/\/i0.wp.com\/imkerei-watermeyer.de\/wp-content\/uploads\/2015\/10\/IMG_5332-0.jpg?resize=350%2C200 1x, https:\/\/i0.wp.com\/imkerei-watermeyer.de\/wp-content\/uploads\/2015\/10\/IMG_5332-0.jpg?resize=700%2C400 2x, https:\/\/i0.wp.com\/imkerei-watermeyer.de\/wp-content\/uploads\/2015\/10\/IMG_5332-0.jpg?resize=1050%2C600 3x, https:\/\/i0.wp.com\/imkerei-watermeyer.de\/wp-content\/uploads\/2015\/10\/IMG_5332-0.jpg?resize=1400%2C800 4x"},"classes":[]},{"id":455,"url":"http:\/\/imkerei-watermeyer.de\/?p=455","url_meta":{"origin":137,"position":5},"title":"So unterschiedlich kann Honig sein","author":"Homeraner","date":"August 7, 2017","format":false,"excerpt":"Es mag ein \"Vorteil\" der industriellen Produktion sein, dass die meisten Lebensmittel heutzutage immer gleich schmecken und standardisiert sind. Auch auf den Honig bekannter Marken trifft dies zu.\u00a0 Was f\u00fcr die einen ein unabdingbarer Vorteil ist, ist f\u00fcr andere einfach nur langweilig. Wer sich darauf einlassen m\u00f6chte, dass zum Beispiel\u2026","rel":"","context":"In &quot;Honig-Vermarktung&quot;","block_context":{"text":"Honig-Vermarktung","link":"http:\/\/imkerei-watermeyer.de\/?cat=33"},"img":{"alt_text":"","src":"https:\/\/i0.wp.com\/imkerei-watermeyer.de\/wp-content\/uploads\/2017\/08\/img_3628.jpg?resize=350%2C200","width":350,"height":200,"srcset":"https:\/\/i0.wp.com\/imkerei-watermeyer.de\/wp-content\/uploads\/2017\/08\/img_3628.jpg?resize=350%2C200 1x, https:\/\/i0.wp.com\/imkerei-watermeyer.de\/wp-content\/uploads\/2017\/08\/img_3628.jpg?resize=700%2C400 2x"},"classes":[]}],"_links":{"self":[{"href":"http:\/\/imkerei-watermeyer.de\/index.php?rest_route=\/wp\/v2\/posts\/137"}],"collection":[{"href":"http:\/\/imkerei-watermeyer.de\/index.php?rest_route=\/wp\/v2\/posts"}],"about":[{"href":"http:\/\/imkerei-watermeyer.de\/index.php?rest_route=\/wp\/v2\/types\/post"}],"author":[{"embeddable":true,"href":"http:\/\/imkerei-watermeyer.de\/index.php?rest_route=\/wp\/v2\/users\/1"}],"replies":[{"embeddable":true,"href":"http:\/\/imkerei-watermeyer.de\/index.php?rest_route=%2Fwp%2Fv2%2Fcomments&post=137"}],"version-history":[{"count":4,"href":"http:\/\/imkerei-watermeyer.de\/index.php?rest_route=\/wp\/v2\/posts\/137\/revisions"}],"predecessor-version":[{"id":141,"href":"http:\/\/imkerei-watermeyer.de\/index.php?rest_route=\/wp\/v2\/posts\/137\/revisions\/141"}],"wp:attachment":[{"href":"http:\/\/imkerei-watermeyer.de\/index.php?rest_route=%2Fwp%2Fv2%2Fmedia&parent=137"}],"wp:term":[{"taxonomy":"category","embeddable":true,"href":"http:\/\/imkerei-watermeyer.de\/index.php?rest_route=%2Fwp%2Fv2%2Fcategories&post=137"},{"taxonomy":"post_tag","embeddable":true,"href":"http:\/\/imkerei-watermeyer.de\/index.php?rest_route=%2Fwp%2Fv2%2Ftags&post=137"}],"curies":[{"name":"wp","href":"https:\/\/api.w.org\/{rel}","templated":true}]}}