{"id":1305,"date":"2025-07-22T20:06:01","date_gmt":"2025-07-22T20:06:01","guid":{"rendered":"https:\/\/imkerei-watermeyer.de\/?p=1305"},"modified":"2025-07-22T20:06:02","modified_gmt":"2025-07-22T20:06:02","slug":"amy-und-cees","status":"publish","type":"post","link":"http:\/\/imkerei-watermeyer.de\/?p=1305","title":{"rendered":"Amy und Cees"},"content":{"rendered":"\n<p>Wie in meinem Beitrag \u00fcber unser Ausstellungsjahr 2024 geschrieben, haben wir bei der internationalen Hundeausstellung CACIB Kassel die Z\u00fcchterin Silvia Bayer und ihre H\u00fcndin Amy kennengelernt.<\/p>\n\n\n\n<p>Silvia war so angetan von unserem Cees, dass sie diesen unbedingt f\u00fcr den ersten Wurf von Amy als Deckr\u00fcden haben wollte. Amy selber zeigte sich damals noch sehr skeptisch und wollte ihr Frauchen und deren Streicheleinheiten an diesem Tag noch nicht mit Cees teilen.<\/p>\n\n\n\n<p>Die Ausstellung in Kassel war f\u00fcr Amy die erste auf dem Weg zur Zuchtzulassung. Mit dem Ergebnis aus Kassel und sp\u00e4ter im Jahr mit dem Ergebnis aus Dorsten und den erfolgreich absolvierten medizinischen Untersuchungen konnte Silvia die Zuchtzulassung f\u00fcr Amy beantragen und bekam diese nat\u00fcrlich auch.<\/p>\n\n\n\n<figure class=\"wp-block-image size-large\"><img data-attachment-id=\"1292\" data-permalink=\"http:\/\/imkerei-watermeyer.de\/?attachment_id=1292\" data-orig-file=\"http:\/\/imkerei-watermeyer.de\/wp-content\/uploads\/2025\/07\/img_9288-1.jpg\" data-orig-size=\"2000,976\" data-comments-opened=\"1\" data-image-meta=\"{&quot;aperture&quot;:&quot;0&quot;,&quot;credit&quot;:&quot;&quot;,&quot;camera&quot;:&quot;&quot;,&quot;caption&quot;:&quot;&quot;,&quot;created_timestamp&quot;:&quot;0&quot;,&quot;copyright&quot;:&quot;&quot;,&quot;focal_length&quot;:&quot;0&quot;,&quot;iso&quot;:&quot;0&quot;,&quot;shutter_speed&quot;:&quot;0&quot;,&quot;title&quot;:&quot;&quot;,&quot;orientation&quot;:&quot;1&quot;}\" data-image-title=\"img_9288-1\" data-image-description=\"\" data-image-caption=\"\" data-medium-file=\"http:\/\/imkerei-watermeyer.de\/wp-content\/uploads\/2025\/07\/img_9288-1-300x146.jpg\" data-large-file=\"http:\/\/imkerei-watermeyer.de\/wp-content\/uploads\/2025\/07\/img_9288-1-1024x500.jpg\" decoding=\"async\" loading=\"lazy\" width=\"1024\" height=\"500\" src=\"https:\/\/imkerei-watermeyer.de\/wp-content\/uploads\/2025\/07\/img_9288-1-1024x500.jpg\" class=\"wp-image-1292\" srcset=\"http:\/\/imkerei-watermeyer.de\/wp-content\/uploads\/2025\/07\/img_9288-1-1024x500.jpg 1024w, http:\/\/imkerei-watermeyer.de\/wp-content\/uploads\/2025\/07\/img_9288-1-300x146.jpg 300w, http:\/\/imkerei-watermeyer.de\/wp-content\/uploads\/2025\/07\/img_9288-1-768x375.jpg 768w, http:\/\/imkerei-watermeyer.de\/wp-content\/uploads\/2025\/07\/img_9288-1-1536x750.jpg 1536w, http:\/\/imkerei-watermeyer.de\/wp-content\/uploads\/2025\/07\/img_9288-1.jpg 2000w\" sizes=\"(max-width: 1024px) 100vw, 1024px\" \/><figcaption class=\"wp-element-caption\">Wurfplanung von Cees und Amy mit der Spitzdatenbank <\/figcaption><\/figure>\n\n\n\n<p>Soweit war dann auch alles vorbereitet und es wurde geplant, die n\u00e4chste L\u00e4ufigkeit von Amy f\u00fcr ein Date der beiden zu nutzen. Amy hat dabei ein super Timing hingelegt, denn sie wurde genau so l\u00e4ufig, dass ich nach unserem Berlin-Urlaub und vor einer betrieblichen Schulung mit Cees nach Zierenberg fahren konnte.<\/p>\n\n\n\n<p>\u00dcblicherweise f\u00e4hrt die H\u00fcndin ja eigentlich zum R\u00fcden, aber da wir Cees und Amy Ruhe g\u00f6nnen wollten, die Ihnen C\u00e4sar bei uns zuhause nicht gelassen h\u00e4tte, fuhr in diesem Fall der R\u00fcde zur H\u00fcndin.<\/p>\n\n\n\n<p>Kaum angekommen, war von der fr\u00fcheren Zur\u00fcckhaltung von Amy nicht mehr wirklich etwas zu sp\u00fcren. Freudig wurde Cees empfangen und direkt zum Spielen aufgefordert.<\/p>\n\n\n\n<figure class=\"wp-block-image size-large\"><img data-attachment-id=\"1293\" data-permalink=\"http:\/\/imkerei-watermeyer.de\/?attachment_id=1293\" data-orig-file=\"http:\/\/imkerei-watermeyer.de\/wp-content\/uploads\/2025\/07\/da8cba30-731e-4e92-a310-383219ec84f4-1.jpg\" data-orig-size=\"2000,1500\" data-comments-opened=\"1\" data-image-meta=\"{&quot;aperture&quot;:&quot;0&quot;,&quot;credit&quot;:&quot;&quot;,&quot;camera&quot;:&quot;&quot;,&quot;caption&quot;:&quot;&quot;,&quot;created_timestamp&quot;:&quot;0&quot;,&quot;copyright&quot;:&quot;&quot;,&quot;focal_length&quot;:&quot;0&quot;,&quot;iso&quot;:&quot;0&quot;,&quot;shutter_speed&quot;:&quot;0&quot;,&quot;title&quot;:&quot;&quot;,&quot;orientation&quot;:&quot;1&quot;}\" data-image-title=\"da8cba30-731e-4e92-a310-383219ec84f4-1\" data-image-description=\"\" data-image-caption=\"\" data-medium-file=\"http:\/\/imkerei-watermeyer.de\/wp-content\/uploads\/2025\/07\/da8cba30-731e-4e92-a310-383219ec84f4-1-300x225.jpg\" data-large-file=\"http:\/\/imkerei-watermeyer.de\/wp-content\/uploads\/2025\/07\/da8cba30-731e-4e92-a310-383219ec84f4-1-1024x768.jpg\" decoding=\"async\" loading=\"lazy\" width=\"1024\" height=\"768\" src=\"https:\/\/imkerei-watermeyer.de\/wp-content\/uploads\/2025\/07\/da8cba30-731e-4e92-a310-383219ec84f4-1-1024x768.jpg\" class=\"wp-image-1293\" srcset=\"http:\/\/imkerei-watermeyer.de\/wp-content\/uploads\/2025\/07\/da8cba30-731e-4e92-a310-383219ec84f4-1-1024x768.jpg 1024w, http:\/\/imkerei-watermeyer.de\/wp-content\/uploads\/2025\/07\/da8cba30-731e-4e92-a310-383219ec84f4-1-300x225.jpg 300w, http:\/\/imkerei-watermeyer.de\/wp-content\/uploads\/2025\/07\/da8cba30-731e-4e92-a310-383219ec84f4-1-768x576.jpg 768w, http:\/\/imkerei-watermeyer.de\/wp-content\/uploads\/2025\/07\/da8cba30-731e-4e92-a310-383219ec84f4-1-1536x1152.jpg 1536w, http:\/\/imkerei-watermeyer.de\/wp-content\/uploads\/2025\/07\/da8cba30-731e-4e92-a310-383219ec84f4-1.jpg 2000w\" sizes=\"(max-width: 1024px) 100vw, 1024px\" \/><figcaption class=\"wp-element-caption\">Cees und Amy beim Date in Zierenberg<\/figcaption><\/figure>\n\n\n\n<p>Das Interesse der beiden steigerte sich immer weiter, so dass auch das Werben immer eindringlicher wurde.<\/p>\n\n\n\n<figure class=\"wp-block-image size-large\"><img data-attachment-id=\"1294\" data-permalink=\"http:\/\/imkerei-watermeyer.de\/?attachment_id=1294\" data-orig-file=\"http:\/\/imkerei-watermeyer.de\/wp-content\/uploads\/2025\/07\/4a1231b0-3e63-432c-b67e-403c837d82af-1.jpg\" data-orig-size=\"2000,1500\" data-comments-opened=\"1\" data-image-meta=\"{&quot;aperture&quot;:&quot;0&quot;,&quot;credit&quot;:&quot;&quot;,&quot;camera&quot;:&quot;&quot;,&quot;caption&quot;:&quot;&quot;,&quot;created_timestamp&quot;:&quot;0&quot;,&quot;copyright&quot;:&quot;&quot;,&quot;focal_length&quot;:&quot;0&quot;,&quot;iso&quot;:&quot;0&quot;,&quot;shutter_speed&quot;:&quot;0&quot;,&quot;title&quot;:&quot;&quot;,&quot;orientation&quot;:&quot;1&quot;}\" data-image-title=\"4a1231b0-3e63-432c-b67e-403c837d82af-1\" data-image-description=\"\" data-image-caption=\"\" data-medium-file=\"http:\/\/imkerei-watermeyer.de\/wp-content\/uploads\/2025\/07\/4a1231b0-3e63-432c-b67e-403c837d82af-1-300x225.jpg\" data-large-file=\"http:\/\/imkerei-watermeyer.de\/wp-content\/uploads\/2025\/07\/4a1231b0-3e63-432c-b67e-403c837d82af-1-1024x768.jpg\" decoding=\"async\" loading=\"lazy\" width=\"1024\" height=\"768\" src=\"https:\/\/imkerei-watermeyer.de\/wp-content\/uploads\/2025\/07\/4a1231b0-3e63-432c-b67e-403c837d82af-1-1024x768.jpg\" class=\"wp-image-1294\" srcset=\"http:\/\/imkerei-watermeyer.de\/wp-content\/uploads\/2025\/07\/4a1231b0-3e63-432c-b67e-403c837d82af-1-1024x768.jpg 1024w, http:\/\/imkerei-watermeyer.de\/wp-content\/uploads\/2025\/07\/4a1231b0-3e63-432c-b67e-403c837d82af-1-300x225.jpg 300w, http:\/\/imkerei-watermeyer.de\/wp-content\/uploads\/2025\/07\/4a1231b0-3e63-432c-b67e-403c837d82af-1-768x576.jpg 768w, http:\/\/imkerei-watermeyer.de\/wp-content\/uploads\/2025\/07\/4a1231b0-3e63-432c-b67e-403c837d82af-1-1536x1152.jpg 1536w, http:\/\/imkerei-watermeyer.de\/wp-content\/uploads\/2025\/07\/4a1231b0-3e63-432c-b67e-403c837d82af-1.jpg 2000w\" sizes=\"(max-width: 1024px) 100vw, 1024px\" \/><figcaption class=\"wp-element-caption\">Cees imponiert Amy<\/figcaption><\/figure>\n\n\n\n<p>Amy fing an, Cees alle Ecken des weitl\u00e4ufigen Grundst\u00fccks zu zeigen und letzten Endes kamen die beiden dann auch erfolgreich zusammen.<\/p>\n\n\n\n<p>Die Schwangerschaft wurde nach 4 Wochen per Ultraschall beim Tierarzt best\u00e4tigt. Amy wurde immer runder und trug einen formidablen Babybauch mit sich rum.<\/p>\n\n\n\n<figure class=\"wp-block-image size-large\"><img data-attachment-id=\"1295\" data-permalink=\"http:\/\/imkerei-watermeyer.de\/?attachment_id=1295\" data-orig-file=\"http:\/\/imkerei-watermeyer.de\/wp-content\/uploads\/2025\/07\/8de9ff32-ff10-46f1-b940-8a47c79d8c5d-1.jpg\" data-orig-size=\"2000,1500\" data-comments-opened=\"1\" data-image-meta=\"{&quot;aperture&quot;:&quot;0&quot;,&quot;credit&quot;:&quot;&quot;,&quot;camera&quot;:&quot;&quot;,&quot;caption&quot;:&quot;&quot;,&quot;created_timestamp&quot;:&quot;1747250305&quot;,&quot;copyright&quot;:&quot;&quot;,&quot;focal_length&quot;:&quot;0&quot;,&quot;iso&quot;:&quot;0&quot;,&quot;shutter_speed&quot;:&quot;0&quot;,&quot;title&quot;:&quot;&quot;,&quot;orientation&quot;:&quot;1&quot;}\" data-image-title=\"8de9ff32-ff10-46f1-b940-8a47c79d8c5d-1\" data-image-description=\"\" data-image-caption=\"\" data-medium-file=\"http:\/\/imkerei-watermeyer.de\/wp-content\/uploads\/2025\/07\/8de9ff32-ff10-46f1-b940-8a47c79d8c5d-1-300x225.jpg\" data-large-file=\"http:\/\/imkerei-watermeyer.de\/wp-content\/uploads\/2025\/07\/8de9ff32-ff10-46f1-b940-8a47c79d8c5d-1-1024x768.jpg\" decoding=\"async\" loading=\"lazy\" width=\"1024\" height=\"768\" src=\"https:\/\/imkerei-watermeyer.de\/wp-content\/uploads\/2025\/07\/8de9ff32-ff10-46f1-b940-8a47c79d8c5d-1-1024x768.jpg\" class=\"wp-image-1295\" srcset=\"http:\/\/imkerei-watermeyer.de\/wp-content\/uploads\/2025\/07\/8de9ff32-ff10-46f1-b940-8a47c79d8c5d-1-1024x768.jpg 1024w, http:\/\/imkerei-watermeyer.de\/wp-content\/uploads\/2025\/07\/8de9ff32-ff10-46f1-b940-8a47c79d8c5d-1-300x225.jpg 300w, http:\/\/imkerei-watermeyer.de\/wp-content\/uploads\/2025\/07\/8de9ff32-ff10-46f1-b940-8a47c79d8c5d-1-768x576.jpg 768w, http:\/\/imkerei-watermeyer.de\/wp-content\/uploads\/2025\/07\/8de9ff32-ff10-46f1-b940-8a47c79d8c5d-1-1536x1152.jpg 1536w, http:\/\/imkerei-watermeyer.de\/wp-content\/uploads\/2025\/07\/8de9ff32-ff10-46f1-b940-8a47c79d8c5d-1.jpg 2000w\" sizes=\"(max-width: 1024px) 100vw, 1024px\" \/><figcaption class=\"wp-element-caption\">Amy und ihr Babybauch<\/figcaption><\/figure>\n\n\n\n<p>Am 21.5.24 lie\u00df Silvia den Babybauch von Amy r\u00f6ntgen, um abkl\u00e4ren zu lassen, wie viele Welpen geboren werden w\u00fcrden. Bevor ihr weiterlest, k\u00f6nnt ihr ja einmal versuchen, zu z\u00e4hlen, wie viele Babies dort in Amys Bauch waren.<\/p>\n\n\n\n<figure class=\"wp-block-image size-large\"><img data-attachment-id=\"1296\" data-permalink=\"http:\/\/imkerei-watermeyer.de\/?attachment_id=1296\" data-orig-file=\"http:\/\/imkerei-watermeyer.de\/wp-content\/uploads\/2025\/07\/3026fb5c-47d6-4308-aa32-ec5fb82eab5f-1.jpg\" data-orig-size=\"2000,1500\" data-comments-opened=\"1\" data-image-meta=\"{&quot;aperture&quot;:&quot;0&quot;,&quot;credit&quot;:&quot;&quot;,&quot;camera&quot;:&quot;&quot;,&quot;caption&quot;:&quot;&quot;,&quot;created_timestamp&quot;:&quot;1747819395&quot;,&quot;copyright&quot;:&quot;&quot;,&quot;focal_length&quot;:&quot;0&quot;,&quot;iso&quot;:&quot;0&quot;,&quot;shutter_speed&quot;:&quot;0&quot;,&quot;title&quot;:&quot;&quot;,&quot;orientation&quot;:&quot;1&quot;}\" data-image-title=\"3026fb5c-47d6-4308-aa32-ec5fb82eab5f-1\" data-image-description=\"\" data-image-caption=\"\" data-medium-file=\"http:\/\/imkerei-watermeyer.de\/wp-content\/uploads\/2025\/07\/3026fb5c-47d6-4308-aa32-ec5fb82eab5f-1-300x225.jpg\" data-large-file=\"http:\/\/imkerei-watermeyer.de\/wp-content\/uploads\/2025\/07\/3026fb5c-47d6-4308-aa32-ec5fb82eab5f-1-1024x768.jpg\" decoding=\"async\" loading=\"lazy\" width=\"1024\" height=\"768\" src=\"https:\/\/imkerei-watermeyer.de\/wp-content\/uploads\/2025\/07\/3026fb5c-47d6-4308-aa32-ec5fb82eab5f-1-1024x768.jpg\" class=\"wp-image-1296\" srcset=\"http:\/\/imkerei-watermeyer.de\/wp-content\/uploads\/2025\/07\/3026fb5c-47d6-4308-aa32-ec5fb82eab5f-1-1024x768.jpg 1024w, http:\/\/imkerei-watermeyer.de\/wp-content\/uploads\/2025\/07\/3026fb5c-47d6-4308-aa32-ec5fb82eab5f-1-300x225.jpg 300w, http:\/\/imkerei-watermeyer.de\/wp-content\/uploads\/2025\/07\/3026fb5c-47d6-4308-aa32-ec5fb82eab5f-1-768x576.jpg 768w, http:\/\/imkerei-watermeyer.de\/wp-content\/uploads\/2025\/07\/3026fb5c-47d6-4308-aa32-ec5fb82eab5f-1-1536x1152.jpg 1536w, http:\/\/imkerei-watermeyer.de\/wp-content\/uploads\/2025\/07\/3026fb5c-47d6-4308-aa32-ec5fb82eab5f-1.jpg 2000w\" sizes=\"(max-width: 1024px) 100vw, 1024px\" \/><figcaption class=\"wp-element-caption\">R\u00f6ntgenaufnahme von Amys Babybauch <\/figcaption><\/figure>\n\n\n\n<p>Bereits einen Tag sp\u00e4ter am 22.5.25 war es dann auch schon soweit. Etwas fr\u00fcher als erwartet erblickten 7 Welpen (6 R\u00fcden und 1 H\u00fcndin) das Licht der Welt.<\/p>\n\n\n\n<figure class=\"wp-block-image size-large\"><img data-attachment-id=\"1297\" data-permalink=\"http:\/\/imkerei-watermeyer.de\/?attachment_id=1297\" data-orig-file=\"http:\/\/imkerei-watermeyer.de\/wp-content\/uploads\/2025\/07\/c987daa1-7213-4c04-9585-686fe16d2181-1.jpg\" data-orig-size=\"2000,1500\" data-comments-opened=\"1\" data-image-meta=\"{&quot;aperture&quot;:&quot;0&quot;,&quot;credit&quot;:&quot;&quot;,&quot;camera&quot;:&quot;&quot;,&quot;caption&quot;:&quot;&quot;,&quot;created_timestamp&quot;:&quot;1747940994&quot;,&quot;copyright&quot;:&quot;&quot;,&quot;focal_length&quot;:&quot;0&quot;,&quot;iso&quot;:&quot;0&quot;,&quot;shutter_speed&quot;:&quot;0&quot;,&quot;title&quot;:&quot;&quot;,&quot;orientation&quot;:&quot;1&quot;}\" data-image-title=\"c987daa1-7213-4c04-9585-686fe16d2181-1\" data-image-description=\"\" data-image-caption=\"\" data-medium-file=\"http:\/\/imkerei-watermeyer.de\/wp-content\/uploads\/2025\/07\/c987daa1-7213-4c04-9585-686fe16d2181-1-300x225.jpg\" data-large-file=\"http:\/\/imkerei-watermeyer.de\/wp-content\/uploads\/2025\/07\/c987daa1-7213-4c04-9585-686fe16d2181-1-1024x768.jpg\" decoding=\"async\" loading=\"lazy\" width=\"1024\" height=\"768\" src=\"https:\/\/imkerei-watermeyer.de\/wp-content\/uploads\/2025\/07\/c987daa1-7213-4c04-9585-686fe16d2181-1-1024x768.jpg\" class=\"wp-image-1297\" srcset=\"http:\/\/imkerei-watermeyer.de\/wp-content\/uploads\/2025\/07\/c987daa1-7213-4c04-9585-686fe16d2181-1-1024x768.jpg 1024w, http:\/\/imkerei-watermeyer.de\/wp-content\/uploads\/2025\/07\/c987daa1-7213-4c04-9585-686fe16d2181-1-300x225.jpg 300w, http:\/\/imkerei-watermeyer.de\/wp-content\/uploads\/2025\/07\/c987daa1-7213-4c04-9585-686fe16d2181-1-768x576.jpg 768w, http:\/\/imkerei-watermeyer.de\/wp-content\/uploads\/2025\/07\/c987daa1-7213-4c04-9585-686fe16d2181-1-1536x1152.jpg 1536w, http:\/\/imkerei-watermeyer.de\/wp-content\/uploads\/2025\/07\/c987daa1-7213-4c04-9585-686fe16d2181-1.jpg 2000w\" sizes=\"(max-width: 1024px) 100vw, 1024px\" \/><figcaption class=\"wp-element-caption\">Amy und die 7 Welpen<\/figcaption><\/figure>\n\n\n\n<p>Nach leichten Anfangsschwierigkeiten entwickelten sich alle Welpen pr\u00e4chtig. Silvia hielt uns und die Welpeninteressenten fortlaufend mit Fotos aus der Welpenkiste auf dem Laufenden. <\/p>\n\n\n\n<figure class=\"wp-block-image size-large\"><img data-attachment-id=\"1299\" data-permalink=\"http:\/\/imkerei-watermeyer.de\/?attachment_id=1299\" data-orig-file=\"http:\/\/imkerei-watermeyer.de\/wp-content\/uploads\/2025\/07\/d77d3aaa-dfb1-4139-a58b-5c63c6e577c7-1.jpg\" data-orig-size=\"1500,2000\" data-comments-opened=\"1\" data-image-meta=\"{&quot;aperture&quot;:&quot;0&quot;,&quot;credit&quot;:&quot;&quot;,&quot;camera&quot;:&quot;&quot;,&quot;caption&quot;:&quot;&quot;,&quot;created_timestamp&quot;:&quot;1748636730&quot;,&quot;copyright&quot;:&quot;&quot;,&quot;focal_length&quot;:&quot;0&quot;,&quot;iso&quot;:&quot;0&quot;,&quot;shutter_speed&quot;:&quot;0&quot;,&quot;title&quot;:&quot;&quot;,&quot;orientation&quot;:&quot;1&quot;}\" data-image-title=\"d77d3aaa-dfb1-4139-a58b-5c63c6e577c7-1\" data-image-description=\"\" data-image-caption=\"\" data-medium-file=\"http:\/\/imkerei-watermeyer.de\/wp-content\/uploads\/2025\/07\/d77d3aaa-dfb1-4139-a58b-5c63c6e577c7-1-225x300.jpg\" data-large-file=\"http:\/\/imkerei-watermeyer.de\/wp-content\/uploads\/2025\/07\/d77d3aaa-dfb1-4139-a58b-5c63c6e577c7-1-768x1024.jpg\" decoding=\"async\" loading=\"lazy\" width=\"768\" height=\"1024\" src=\"https:\/\/imkerei-watermeyer.de\/wp-content\/uploads\/2025\/07\/d77d3aaa-dfb1-4139-a58b-5c63c6e577c7-1-768x1024.jpg\" class=\"wp-image-1299\" srcset=\"http:\/\/imkerei-watermeyer.de\/wp-content\/uploads\/2025\/07\/d77d3aaa-dfb1-4139-a58b-5c63c6e577c7-1-768x1024.jpg 768w, http:\/\/imkerei-watermeyer.de\/wp-content\/uploads\/2025\/07\/d77d3aaa-dfb1-4139-a58b-5c63c6e577c7-1-225x300.jpg 225w, http:\/\/imkerei-watermeyer.de\/wp-content\/uploads\/2025\/07\/d77d3aaa-dfb1-4139-a58b-5c63c6e577c7-1-1152x1536.jpg 1152w, http:\/\/imkerei-watermeyer.de\/wp-content\/uploads\/2025\/07\/d77d3aaa-dfb1-4139-a58b-5c63c6e577c7-1.jpg 1500w\" sizes=\"(max-width: 768px) 100vw, 768px\" \/><figcaption class=\"wp-element-caption\">Amy mit den Welpen in der Wurfkiste<\/figcaption><\/figure>\n\n\n\n<p>Fr\u00fch schon zeigte sich, dass die Kleinen das kr\u00e4ftige Pigment der Eltern vererbt bekommen haben.<\/p>\n\n\n\n<figure class=\"wp-block-image size-large\"><img data-attachment-id=\"1298\" data-permalink=\"http:\/\/imkerei-watermeyer.de\/?attachment_id=1298\" data-orig-file=\"http:\/\/imkerei-watermeyer.de\/wp-content\/uploads\/2025\/07\/5908c726-090e-49d5-83f5-0bb4c761f5bd-1.jpg\" data-orig-size=\"2000,1500\" data-comments-opened=\"1\" data-image-meta=\"{&quot;aperture&quot;:&quot;0&quot;,&quot;credit&quot;:&quot;&quot;,&quot;camera&quot;:&quot;&quot;,&quot;caption&quot;:&quot;&quot;,&quot;created_timestamp&quot;:&quot;0&quot;,&quot;copyright&quot;:&quot;&quot;,&quot;focal_length&quot;:&quot;0&quot;,&quot;iso&quot;:&quot;0&quot;,&quot;shutter_speed&quot;:&quot;0&quot;,&quot;title&quot;:&quot;&quot;,&quot;orientation&quot;:&quot;1&quot;}\" data-image-title=\"5908c726-090e-49d5-83f5-0bb4c761f5bd-1\" data-image-description=\"\" data-image-caption=\"\" data-medium-file=\"http:\/\/imkerei-watermeyer.de\/wp-content\/uploads\/2025\/07\/5908c726-090e-49d5-83f5-0bb4c761f5bd-1-300x225.jpg\" data-large-file=\"http:\/\/imkerei-watermeyer.de\/wp-content\/uploads\/2025\/07\/5908c726-090e-49d5-83f5-0bb4c761f5bd-1-1024x768.jpg\" decoding=\"async\" loading=\"lazy\" width=\"1024\" height=\"768\" src=\"https:\/\/imkerei-watermeyer.de\/wp-content\/uploads\/2025\/07\/5908c726-090e-49d5-83f5-0bb4c761f5bd-1-1024x768.jpg\" class=\"wp-image-1298\" srcset=\"http:\/\/imkerei-watermeyer.de\/wp-content\/uploads\/2025\/07\/5908c726-090e-49d5-83f5-0bb4c761f5bd-1-1024x768.jpg 1024w, http:\/\/imkerei-watermeyer.de\/wp-content\/uploads\/2025\/07\/5908c726-090e-49d5-83f5-0bb4c761f5bd-1-300x225.jpg 300w, http:\/\/imkerei-watermeyer.de\/wp-content\/uploads\/2025\/07\/5908c726-090e-49d5-83f5-0bb4c761f5bd-1-768x576.jpg 768w, http:\/\/imkerei-watermeyer.de\/wp-content\/uploads\/2025\/07\/5908c726-090e-49d5-83f5-0bb4c761f5bd-1-1536x1152.jpg 1536w, http:\/\/imkerei-watermeyer.de\/wp-content\/uploads\/2025\/07\/5908c726-090e-49d5-83f5-0bb4c761f5bd-1.jpg 2000w\" sizes=\"(max-width: 1024px) 100vw, 1024px\" \/><figcaption class=\"wp-element-caption\">Schwarz werdendes Welpen-N\u00e4schen<\/figcaption><\/figure>\n\n\n\n<p>Je gr\u00f6\u00dfer die Kleinen wurden, desto agiler wurden sie und es ging auch zum ersten Mal nach drau\u00dfen.<\/p>\n\n\n\n<figure class=\"wp-block-image size-large\"><img data-attachment-id=\"1300\" data-permalink=\"http:\/\/imkerei-watermeyer.de\/?attachment_id=1300\" data-orig-file=\"http:\/\/imkerei-watermeyer.de\/wp-content\/uploads\/2025\/07\/59818255-7f08-4f4a-bcda-639b02a094d6-1.jpg\" data-orig-size=\"2000,1500\" data-comments-opened=\"1\" data-image-meta=\"{&quot;aperture&quot;:&quot;0&quot;,&quot;credit&quot;:&quot;&quot;,&quot;camera&quot;:&quot;&quot;,&quot;caption&quot;:&quot;&quot;,&quot;created_timestamp&quot;:&quot;1750110357&quot;,&quot;copyright&quot;:&quot;&quot;,&quot;focal_length&quot;:&quot;0&quot;,&quot;iso&quot;:&quot;0&quot;,&quot;shutter_speed&quot;:&quot;0&quot;,&quot;title&quot;:&quot;&quot;,&quot;orientation&quot;:&quot;1&quot;}\" data-image-title=\"59818255-7f08-4f4a-bcda-639b02a094d6-1\" data-image-description=\"\" data-image-caption=\"\" data-medium-file=\"http:\/\/imkerei-watermeyer.de\/wp-content\/uploads\/2025\/07\/59818255-7f08-4f4a-bcda-639b02a094d6-1-300x225.jpg\" data-large-file=\"http:\/\/imkerei-watermeyer.de\/wp-content\/uploads\/2025\/07\/59818255-7f08-4f4a-bcda-639b02a094d6-1-1024x768.jpg\" decoding=\"async\" loading=\"lazy\" width=\"1024\" height=\"768\" src=\"https:\/\/imkerei-watermeyer.de\/wp-content\/uploads\/2025\/07\/59818255-7f08-4f4a-bcda-639b02a094d6-1-1024x768.jpg\" class=\"wp-image-1300\" srcset=\"http:\/\/imkerei-watermeyer.de\/wp-content\/uploads\/2025\/07\/59818255-7f08-4f4a-bcda-639b02a094d6-1-1024x768.jpg 1024w, http:\/\/imkerei-watermeyer.de\/wp-content\/uploads\/2025\/07\/59818255-7f08-4f4a-bcda-639b02a094d6-1-300x225.jpg 300w, http:\/\/imkerei-watermeyer.de\/wp-content\/uploads\/2025\/07\/59818255-7f08-4f4a-bcda-639b02a094d6-1-768x576.jpg 768w, http:\/\/imkerei-watermeyer.de\/wp-content\/uploads\/2025\/07\/59818255-7f08-4f4a-bcda-639b02a094d6-1-1536x1152.jpg 1536w, http:\/\/imkerei-watermeyer.de\/wp-content\/uploads\/2025\/07\/59818255-7f08-4f4a-bcda-639b02a094d6-1.jpg 2000w\" sizes=\"(max-width: 1024px) 100vw, 1024px\" \/><figcaption class=\"wp-element-caption\">Amy mit den Welpen im Garten <\/figcaption><\/figure>\n\n\n\n<p>An Fronleichnam konnten wir die Kleinen und Amy dann in Zierenberg besuchen. Cees interessierte sich dabei allerdings mehr f\u00fcr Amy und Silvias andere H\u00fcndin als f\u00fcr seinen eigenen Nachwuchs (M\u00e4nner!).<\/p>\n\n\n\n<figure class=\"wp-block-image size-large\"><img data-attachment-id=\"1301\" data-permalink=\"http:\/\/imkerei-watermeyer.de\/?attachment_id=1301\" data-orig-file=\"http:\/\/imkerei-watermeyer.de\/wp-content\/uploads\/2025\/07\/img_8528.jpg\" data-orig-size=\"1500,2000\" data-comments-opened=\"1\" data-image-meta=\"{&quot;aperture&quot;:&quot;1.6&quot;,&quot;credit&quot;:&quot;&quot;,&quot;camera&quot;:&quot;iPhone 13&quot;,&quot;caption&quot;:&quot;&quot;,&quot;created_timestamp&quot;:&quot;1750339862&quot;,&quot;copyright&quot;:&quot;&quot;,&quot;focal_length&quot;:&quot;5.1&quot;,&quot;iso&quot;:&quot;64&quot;,&quot;shutter_speed&quot;:&quot;0.0082644628099174&quot;,&quot;title&quot;:&quot;&quot;,&quot;orientation&quot;:&quot;1&quot;}\" data-image-title=\"img_8528\" data-image-description=\"\" data-image-caption=\"\" data-medium-file=\"http:\/\/imkerei-watermeyer.de\/wp-content\/uploads\/2025\/07\/img_8528-225x300.jpg\" data-large-file=\"http:\/\/imkerei-watermeyer.de\/wp-content\/uploads\/2025\/07\/img_8528-768x1024.jpg\" decoding=\"async\" loading=\"lazy\" width=\"768\" height=\"1024\" src=\"https:\/\/imkerei-watermeyer.de\/wp-content\/uploads\/2025\/07\/img_8528-768x1024.jpg\" class=\"wp-image-1301\" srcset=\"http:\/\/imkerei-watermeyer.de\/wp-content\/uploads\/2025\/07\/img_8528-768x1024.jpg 768w, http:\/\/imkerei-watermeyer.de\/wp-content\/uploads\/2025\/07\/img_8528-225x300.jpg 225w, http:\/\/imkerei-watermeyer.de\/wp-content\/uploads\/2025\/07\/img_8528-1152x1536.jpg 1152w, http:\/\/imkerei-watermeyer.de\/wp-content\/uploads\/2025\/07\/img_8528.jpg 1500w\" sizes=\"(max-width: 768px) 100vw, 768px\" \/><figcaption class=\"wp-element-caption\">Cees und Silvias H\u00fcndinnen <\/figcaption><\/figure>\n\n\n\n<p>So hatten wir aber freie Bahn und konnten uns in Ruhe die Welpen anschauen.<\/p>\n\n\n\n<figure class=\"wp-block-image size-large\"><img data-attachment-id=\"1302\" data-permalink=\"http:\/\/imkerei-watermeyer.de\/?attachment_id=1302\" data-orig-file=\"http:\/\/imkerei-watermeyer.de\/wp-content\/uploads\/2025\/07\/img_8535.jpg\" data-orig-size=\"2000,1500\" data-comments-opened=\"1\" data-image-meta=\"{&quot;aperture&quot;:&quot;1.6&quot;,&quot;credit&quot;:&quot;&quot;,&quot;camera&quot;:&quot;iPhone 13&quot;,&quot;caption&quot;:&quot;&quot;,&quot;created_timestamp&quot;:&quot;1750345877&quot;,&quot;copyright&quot;:&quot;&quot;,&quot;focal_length&quot;:&quot;5.1&quot;,&quot;iso&quot;:&quot;50&quot;,&quot;shutter_speed&quot;:&quot;0.00069396252602359&quot;,&quot;title&quot;:&quot;&quot;,&quot;orientation&quot;:&quot;1&quot;}\" data-image-title=\"img_8535\" data-image-description=\"\" data-image-caption=\"\" data-medium-file=\"http:\/\/imkerei-watermeyer.de\/wp-content\/uploads\/2025\/07\/img_8535-300x225.jpg\" data-large-file=\"http:\/\/imkerei-watermeyer.de\/wp-content\/uploads\/2025\/07\/img_8535-1024x768.jpg\" decoding=\"async\" loading=\"lazy\" width=\"1024\" height=\"768\" src=\"https:\/\/imkerei-watermeyer.de\/wp-content\/uploads\/2025\/07\/img_8535-1024x768.jpg\" class=\"wp-image-1302\" srcset=\"http:\/\/imkerei-watermeyer.de\/wp-content\/uploads\/2025\/07\/img_8535-1024x768.jpg 1024w, http:\/\/imkerei-watermeyer.de\/wp-content\/uploads\/2025\/07\/img_8535-300x225.jpg 300w, http:\/\/imkerei-watermeyer.de\/wp-content\/uploads\/2025\/07\/img_8535-768x576.jpg 768w, http:\/\/imkerei-watermeyer.de\/wp-content\/uploads\/2025\/07\/img_8535-1536x1152.jpg 1536w, http:\/\/imkerei-watermeyer.de\/wp-content\/uploads\/2025\/07\/img_8535.jpg 2000w\" sizes=\"(max-width: 1024px) 100vw, 1024px\" \/><figcaption class=\"wp-element-caption\">Ganz m\u00fc\u00fc\u00fc\u00fc\u00fcder Welpe<\/figcaption><\/figure>\n\n\n\n<figure class=\"wp-block-image size-large\"><img data-attachment-id=\"1303\" data-permalink=\"http:\/\/imkerei-watermeyer.de\/?attachment_id=1303\" data-orig-file=\"http:\/\/imkerei-watermeyer.de\/wp-content\/uploads\/2025\/07\/img_8501.jpg\" data-orig-size=\"1500,2000\" data-comments-opened=\"1\" data-image-meta=\"{&quot;aperture&quot;:&quot;1.6&quot;,&quot;credit&quot;:&quot;&quot;,&quot;camera&quot;:&quot;iPhone 13&quot;,&quot;caption&quot;:&quot;&quot;,&quot;created_timestamp&quot;:&quot;1750330753&quot;,&quot;copyright&quot;:&quot;&quot;,&quot;focal_length&quot;:&quot;5.1&quot;,&quot;iso&quot;:&quot;125&quot;,&quot;shutter_speed&quot;:&quot;0.0081967213114754&quot;,&quot;title&quot;:&quot;&quot;,&quot;orientation&quot;:&quot;1&quot;}\" data-image-title=\"img_8501\" data-image-description=\"\" data-image-caption=\"\" data-medium-file=\"http:\/\/imkerei-watermeyer.de\/wp-content\/uploads\/2025\/07\/img_8501-225x300.jpg\" data-large-file=\"http:\/\/imkerei-watermeyer.de\/wp-content\/uploads\/2025\/07\/img_8501-768x1024.jpg\" decoding=\"async\" loading=\"lazy\" width=\"768\" height=\"1024\" src=\"https:\/\/imkerei-watermeyer.de\/wp-content\/uploads\/2025\/07\/img_8501-768x1024.jpg\" class=\"wp-image-1303\" srcset=\"http:\/\/imkerei-watermeyer.de\/wp-content\/uploads\/2025\/07\/img_8501-768x1024.jpg 768w, http:\/\/imkerei-watermeyer.de\/wp-content\/uploads\/2025\/07\/img_8501-225x300.jpg 225w, http:\/\/imkerei-watermeyer.de\/wp-content\/uploads\/2025\/07\/img_8501-1152x1536.jpg 1152w, http:\/\/imkerei-watermeyer.de\/wp-content\/uploads\/2025\/07\/img_8501.jpg 1500w\" sizes=\"(max-width: 768px) 100vw, 768px\" \/><figcaption class=\"wp-element-caption\">Ina mit Welpen auf dem Arm<\/figcaption><\/figure>\n\n\n\n<p>Trotzdem diese kleinen Eisb\u00e4ren wahnsinnig niedlich waren, konnten wir widerstehen und es bleibt bei unseren 2 Haudegen.<\/p>\n\n\n\n<p>Wir hoffen aber, dass zumindest ein oder zwei S\u00f6hne von Cees diesem als Deckr\u00fcden nachfolgen werden.<\/p>\n\n\n\n<figure class=\"wp-block-image size-large\"><img data-attachment-id=\"1304\" data-permalink=\"http:\/\/imkerei-watermeyer.de\/?attachment_id=1304\" data-orig-file=\"http:\/\/imkerei-watermeyer.de\/wp-content\/uploads\/2025\/07\/1060797-1.jpg\" data-orig-size=\"2000,1502\" data-comments-opened=\"1\" data-image-meta=\"{&quot;aperture&quot;:&quot;6.3&quot;,&quot;credit&quot;:&quot;&quot;,&quot;camera&quot;:&quot;DMC-G81&quot;,&quot;caption&quot;:&quot;&quot;,&quot;created_timestamp&quot;:&quot;1752683408&quot;,&quot;copyright&quot;:&quot;&quot;,&quot;focal_length&quot;:&quot;28&quot;,&quot;iso&quot;:&quot;200&quot;,&quot;shutter_speed&quot;:&quot;0.005&quot;,&quot;title&quot;:&quot;&quot;,&quot;orientation&quot;:&quot;1&quot;}\" data-image-title=\"1060797-1\" data-image-description=\"\" data-image-caption=\"\" data-medium-file=\"http:\/\/imkerei-watermeyer.de\/wp-content\/uploads\/2025\/07\/1060797-1-300x225.jpg\" data-large-file=\"http:\/\/imkerei-watermeyer.de\/wp-content\/uploads\/2025\/07\/1060797-1-1024x769.jpg\" decoding=\"async\" loading=\"lazy\" width=\"1024\" height=\"769\" src=\"https:\/\/imkerei-watermeyer.de\/wp-content\/uploads\/2025\/07\/1060797-1-1024x769.jpg\" class=\"wp-image-1304\" srcset=\"http:\/\/imkerei-watermeyer.de\/wp-content\/uploads\/2025\/07\/1060797-1-1024x769.jpg 1024w, http:\/\/imkerei-watermeyer.de\/wp-content\/uploads\/2025\/07\/1060797-1-300x225.jpg 300w, http:\/\/imkerei-watermeyer.de\/wp-content\/uploads\/2025\/07\/1060797-1-768x577.jpg 768w, http:\/\/imkerei-watermeyer.de\/wp-content\/uploads\/2025\/07\/1060797-1-1536x1154.jpg 1536w, http:\/\/imkerei-watermeyer.de\/wp-content\/uploads\/2025\/07\/1060797-1.jpg 2000w\" sizes=\"(max-width: 1024px) 100vw, 1024px\" \/><figcaption class=\"wp-element-caption\">C\u00e4sar und Cees<\/figcaption><\/figure>\n\n\n\n<p>F\u00fcr heute war es das schon wieder, aber seid gespannt, denn demn\u00e4chst gibt es wieder etwas Spannendes zu Cees und C\u00e4sar zu berichten.<\/p>\n","protected":false},"excerpt":{"rendered":"<p>Wie in meinem Beitrag \u00fcber unser Ausstellungsjahr 2024 geschrieben, haben wir bei der internationalen Hundeausstellung CACIB Kassel die Z\u00fcchterin Silvia Bayer und ihre H\u00fcndin Amy kennengelernt. Silvia war so angetan von unserem Cees, dass sie diesen unbedingt f\u00fcr den ersten Wurf von Amy als Deckr\u00fcden haben wollte. Amy selber zeigte [&hellip;]<\/p>\n","protected":false},"author":3,"featured_media":1291,"comment_status":"open","ping_status":"open","sticky":false,"template":"","format":"standard","meta":{"jetpack_post_was_ever_published":false,"_jetpack_newsletter_access":"","jetpack_publicize_message":"","jetpack_is_tweetstorm":false,"jetpack_publicize_feature_enabled":true,"jetpack_social_post_already_shared":true,"jetpack_social_options":{"image_generator_settings":{"template":"highway","enabled":false}}},"categories":[192],"tags":[204,202,58,194,218],"jetpack_publicize_connections":[],"jetpack_featured_media_url":"http:\/\/imkerei-watermeyer.de\/wp-content\/uploads\/2025\/07\/4935508b-cf53-4634-bad5-78ed7046baae-1.jpg","jetpack_sharing_enabled":true,"jetpack_shortlink":"https:\/\/wp.me\/p9uDaz-l3","jetpack_likes_enabled":true,"jetpack-related-posts":[{"id":1289,"url":"http:\/\/imkerei-watermeyer.de\/?p=1289","url_meta":{"origin":1305,"position":0},"title":"Titel \u00fcber Titel","author":"laggenbiene","date":"Juli 21, 2025","format":false,"excerpt":"Ich habe keine Ahnung, was mich dabei geritten hat, in 2024 mit Cees und C\u00e4sar an so vielen Ausstellungen teilzunehmen. In Kassel im Januar war ich noch alleine mit Cees. Es war eine erfolgreiche Ausstellung f\u00fcr uns. Cees wurde Best Of Breed und vor allem haben wir Silvia Bayer mit\u2026","rel":"","context":"In &quot;Ausstellungen&quot;","block_context":{"text":"Ausstellungen","link":"http:\/\/imkerei-watermeyer.de\/?cat=213"},"img":{"alt_text":"","src":"https:\/\/i0.wp.com\/imkerei-watermeyer.de\/wp-content\/uploads\/2025\/07\/img_6658.jpg?resize=350%2C200","width":350,"height":200,"srcset":"https:\/\/i0.wp.com\/imkerei-watermeyer.de\/wp-content\/uploads\/2025\/07\/img_6658.jpg?resize=350%2C200 1x, https:\/\/i0.wp.com\/imkerei-watermeyer.de\/wp-content\/uploads\/2025\/07\/img_6658.jpg?resize=700%2C400 2x, https:\/\/i0.wp.com\/imkerei-watermeyer.de\/wp-content\/uploads\/2025\/07\/img_6658.jpg?resize=1050%2C600 3x, https:\/\/i0.wp.com\/imkerei-watermeyer.de\/wp-content\/uploads\/2025\/07\/img_6658.jpg?resize=1400%2C800 4x"},"classes":[]},{"id":1197,"url":"http:\/\/imkerei-watermeyer.de\/?p=1197","url_meta":{"origin":1305,"position":1},"title":"It\u2019s a long way\u2026","author":"Homeraner","date":"Mai 31, 2022","format":false,"excerpt":"Es ist wirklich ein langer Weg gewesen, aber jetzt ist es endlich geschafft. Cees hat seine Zuchtzulassung im Verein f\u00fcr Deutsche Spitze erhalten. Das bedeutet, dass er zuk\u00fcnftig zum Erhalt dieser alten, vom Aussterben bedrohten Haustierrasse als Deckr\u00fcde beitragen darf. Vorab, der Besitzer muss nat\u00fcrlich Mitglied im Verein f\u00fcr Deutsche\u2026","rel":"","context":"In &quot;Gro\u00dfspitze&quot;","block_context":{"text":"Gro\u00dfspitze","link":"http:\/\/imkerei-watermeyer.de\/?cat=192"},"img":{"alt_text":"","src":"https:\/\/i0.wp.com\/imkerei-watermeyer.de\/wp-content\/uploads\/2022\/05\/img_6947-scaled.jpg?resize=350%2C200","width":350,"height":200,"srcset":"https:\/\/i0.wp.com\/imkerei-watermeyer.de\/wp-content\/uploads\/2022\/05\/img_6947-scaled.jpg?resize=350%2C200 1x, https:\/\/i0.wp.com\/imkerei-watermeyer.de\/wp-content\/uploads\/2022\/05\/img_6947-scaled.jpg?resize=700%2C400 2x, https:\/\/i0.wp.com\/imkerei-watermeyer.de\/wp-content\/uploads\/2022\/05\/img_6947-scaled.jpg?resize=1050%2C600 3x, https:\/\/i0.wp.com\/imkerei-watermeyer.de\/wp-content\/uploads\/2022\/05\/img_6947-scaled.jpg?resize=1400%2C800 4x"},"classes":[]},{"id":1269,"url":"http:\/\/imkerei-watermeyer.de\/?p=1269","url_meta":{"origin":1305,"position":2},"title":"Cees und C\u00e4sar sind Europasieger","author":"laggenbiene","date":"Mai 31, 2024","format":false,"excerpt":"Cees und C\u00e4sar haben einen sehr erfolgreichen Start in das Ausstellungsjahr 2024 hingelegt. Mit Cees war ich bei den internationalen Hundeausstellungen (CACIB) in Kassel, Lingen und in Dortmund (Fr\u00fchjahrssieger- und Europasiegerausstellung). Cees bei der Ausstellung in Kassel Bei jeder Ausstellung wurde Cees mit der H\u00f6chstnote \u201evorz\u00fcglich\u201c bewertet und als bester\u2026","rel":"","context":"In &quot;Ausstellungen&quot;","block_context":{"text":"Ausstellungen","link":"http:\/\/imkerei-watermeyer.de\/?cat=213"},"img":{"alt_text":"","src":"https:\/\/i0.wp.com\/imkerei-watermeyer.de\/wp-content\/uploads\/2024\/05\/img_5055.jpg?resize=350%2C200","width":350,"height":200,"srcset":"https:\/\/i0.wp.com\/imkerei-watermeyer.de\/wp-content\/uploads\/2024\/05\/img_5055.jpg?resize=350%2C200 1x, https:\/\/i0.wp.com\/imkerei-watermeyer.de\/wp-content\/uploads\/2024\/05\/img_5055.jpg?resize=700%2C400 2x, https:\/\/i0.wp.com\/imkerei-watermeyer.de\/wp-content\/uploads\/2024\/05\/img_5055.jpg?resize=1050%2C600 3x, https:\/\/i0.wp.com\/imkerei-watermeyer.de\/wp-content\/uploads\/2024\/05\/img_5055.jpg?resize=1400%2C800 4x"},"classes":[]},{"id":1254,"url":"http:\/\/imkerei-watermeyer.de\/?p=1254","url_meta":{"origin":1305,"position":3},"title":"Sch\u00f6nster Wei\u00dfer Gro\u00dfspitz \ud83c\uddf3\ud83c\uddf1 2023","author":"laggenbiene","date":"Februar 9, 2024","format":false,"excerpt":"Unser Cees hat es tats\u00e4chlich geschafft und ist als Winner of Winners bei den Wei\u00dfen Gro\u00dfspitzen 2023 in den Niederlanden ausgezeichnet worden. Dieser Titel bedeutet, dass Cees bei den Hundeausstellungen in den Niederlanden im Jahr 2023 die meisten Punkte aller Hunde seiner Rasse gesammelt hat. Plakette des WoW-Winnaar 2023 Cees\u2026","rel":"","context":"In &quot;Gro\u00dfspitze&quot;","block_context":{"text":"Gro\u00dfspitze","link":"http:\/\/imkerei-watermeyer.de\/?cat=192"},"img":{"alt_text":"","src":"https:\/\/i0.wp.com\/imkerei-watermeyer.de\/wp-content\/uploads\/2024\/02\/img_4596-2-1.jpg?resize=350%2C200","width":350,"height":200,"srcset":"https:\/\/i0.wp.com\/imkerei-watermeyer.de\/wp-content\/uploads\/2024\/02\/img_4596-2-1.jpg?resize=350%2C200 1x, https:\/\/i0.wp.com\/imkerei-watermeyer.de\/wp-content\/uploads\/2024\/02\/img_4596-2-1.jpg?resize=700%2C400 2x"},"classes":[]},{"id":150,"url":"http:\/\/imkerei-watermeyer.de\/?p=150","url_meta":{"origin":1305,"position":4},"title":"Biene zum Anfassen","author":"Homeraner","date":"Mai 13, 2015","format":false,"excerpt":"Heute war ich mal wieder an unseren Bienen.\u00a0Die Kontrolle der Drohnenr\u00e4hmchen und der Schwarmneigung standen an - und nat\u00fcrlich wirft man dabei auch schon einmal einen Blick in die oberste Etage der Beute, um zu kontrollieren, ob schon Honig eingetragen wurde. Zu den Drohnenr\u00e4hmchen werde ich die Tage noch einen\u2026","rel":"","context":"In &quot;Anatomie der Biene&quot;","block_context":{"text":"Anatomie der Biene","link":"http:\/\/imkerei-watermeyer.de\/?cat=11"},"img":{"alt_text":"","src":"https:\/\/i0.wp.com\/imkerei-watermeyer.de\/wp-content\/uploads\/2015\/05\/IMG_2130-300x225.jpg?resize=350%2C200","width":350,"height":200},"classes":[]},{"id":669,"url":"http:\/\/imkerei-watermeyer.de\/?p=669","url_meta":{"origin":1305,"position":5},"title":"Das Insektenhotel","author":"Homeraner","date":"Juli 28, 2019","format":false,"excerpt":"Wie letztens auf unserem Instagram-Account angek\u00fcndigt, haben wir in den Sommerferien zusammen mit den Kindern ein Insektenhotel gebaut. Sicher keine Profi-Variante, sicher gibt es einige Dinge, die verbesserungsw\u00fcrdig w\u00e4ren, aber es ist halt selbstgemacht. Die Idee dazu kam uns bei einem unserer Besuche in Bielefeld bei Inas Eltern. Dort nisten\u2026","rel":"","context":"In &quot;Natur&quot;","block_context":{"text":"Natur","link":"http:\/\/imkerei-watermeyer.de\/?cat=3"},"img":{"alt_text":"","src":"https:\/\/i0.wp.com\/imkerei-watermeyer.de\/wp-content\/uploads\/2019\/07\/dsc00386-e1564310785592.jpg?resize=350%2C200","width":350,"height":200,"srcset":"https:\/\/i0.wp.com\/imkerei-watermeyer.de\/wp-content\/uploads\/2019\/07\/dsc00386-e1564310785592.jpg?resize=350%2C200 1x, https:\/\/i0.wp.com\/imkerei-watermeyer.de\/wp-content\/uploads\/2019\/07\/dsc00386-e1564310785592.jpg?resize=700%2C400 2x, https:\/\/i0.wp.com\/imkerei-watermeyer.de\/wp-content\/uploads\/2019\/07\/dsc00386-e1564310785592.jpg?resize=1050%2C600 3x, https:\/\/i0.wp.com\/imkerei-watermeyer.de\/wp-content\/uploads\/2019\/07\/dsc00386-e1564310785592.jpg?resize=1400%2C800 4x"},"classes":[]}],"_links":{"self":[{"href":"http:\/\/imkerei-watermeyer.de\/index.php?rest_route=\/wp\/v2\/posts\/1305"}],"collection":[{"href":"http:\/\/imkerei-watermeyer.de\/index.php?rest_route=\/wp\/v2\/posts"}],"about":[{"href":"http:\/\/imkerei-watermeyer.de\/index.php?rest_route=\/wp\/v2\/types\/post"}],"author":[{"embeddable":true,"href":"http:\/\/imkerei-watermeyer.de\/index.php?rest_route=\/wp\/v2\/users\/3"}],"replies":[{"embeddable":true,"href":"http:\/\/imkerei-watermeyer.de\/index.php?rest_route=%2Fwp%2Fv2%2Fcomments&post=1305"}],"version-history":[{"count":1,"href":"http:\/\/imkerei-watermeyer.de\/index.php?rest_route=\/wp\/v2\/posts\/1305\/revisions"}],"predecessor-version":[{"id":1306,"href":"http:\/\/imkerei-watermeyer.de\/index.php?rest_route=\/wp\/v2\/posts\/1305\/revisions\/1306"}],"wp:featuredmedia":[{"embeddable":true,"href":"http:\/\/imkerei-watermeyer.de\/index.php?rest_route=\/wp\/v2\/media\/1291"}],"wp:attachment":[{"href":"http:\/\/imkerei-watermeyer.de\/index.php?rest_route=%2Fwp%2Fv2%2Fmedia&parent=1305"}],"wp:term":[{"taxonomy":"category","embeddable":true,"href":"http:\/\/imkerei-watermeyer.de\/index.php?rest_route=%2Fwp%2Fv2%2Fcategories&post=1305"},{"taxonomy":"post_tag","embeddable":true,"href":"http:\/\/imkerei-watermeyer.de\/index.php?rest_route=%2Fwp%2Fv2%2Ftags&post=1305"}],"curies":[{"name":"wp","href":"https:\/\/api.w.org\/{rel}","templated":true}]}}