{"id":1289,"date":"2025-07-21T14:03:14","date_gmt":"2025-07-21T14:03:14","guid":{"rendered":"https:\/\/imkerei-watermeyer.de\/?p=1289"},"modified":"2025-07-21T14:03:14","modified_gmt":"2025-07-21T14:03:14","slug":"titel-ueber-titel","status":"publish","type":"post","link":"http:\/\/imkerei-watermeyer.de\/?p=1289","title":{"rendered":"Titel \u00fcber Titel"},"content":{"rendered":"\n<p>Ich habe keine Ahnung, was mich dabei geritten hat, in 2024 mit Cees und C\u00e4sar an so vielen Ausstellungen teilzunehmen. <\/p>\n\n\n\n<p>In Kassel im Januar war ich noch alleine mit Cees. Es war eine erfolgreiche Ausstellung f\u00fcr uns. Cees wurde Best Of Breed und vor allem haben wir Silvia Bayer mit ihrer H\u00fcndin Amy kennengelernt. Silvia war so angetan von Cees, dass sie ihn unbedingt f\u00fcr den ersten Wurf von Amy haben wollte.<\/p>\n\n\n\n<figure class=\"wp-block-image size-large\"><img data-attachment-id=\"1278\" data-permalink=\"http:\/\/imkerei-watermeyer.de\/?attachment_id=1278\" data-orig-file=\"http:\/\/imkerei-watermeyer.de\/wp-content\/uploads\/2025\/07\/img_4466.jpg\" data-orig-size=\"1500,2000\" data-comments-opened=\"1\" data-image-meta=\"{&quot;aperture&quot;:&quot;1.6&quot;,&quot;credit&quot;:&quot;&quot;,&quot;camera&quot;:&quot;iPhone 13&quot;,&quot;caption&quot;:&quot;&quot;,&quot;created_timestamp&quot;:&quot;1705160202&quot;,&quot;copyright&quot;:&quot;&quot;,&quot;focal_length&quot;:&quot;5.1&quot;,&quot;iso&quot;:&quot;125&quot;,&quot;shutter_speed&quot;:&quot;0.02&quot;,&quot;title&quot;:&quot;&quot;,&quot;orientation&quot;:&quot;1&quot;}\" data-image-title=\"img_4466\" data-image-description=\"\" data-image-caption=\"\" data-medium-file=\"http:\/\/imkerei-watermeyer.de\/wp-content\/uploads\/2025\/07\/img_4466-225x300.jpg\" data-large-file=\"http:\/\/imkerei-watermeyer.de\/wp-content\/uploads\/2025\/07\/img_4466-768x1024.jpg\" decoding=\"async\" loading=\"lazy\" width=\"768\" height=\"1024\" src=\"https:\/\/imkerei-watermeyer.de\/wp-content\/uploads\/2025\/07\/img_4466-768x1024.jpg\" class=\"wp-image-1278\" srcset=\"http:\/\/imkerei-watermeyer.de\/wp-content\/uploads\/2025\/07\/img_4466-768x1024.jpg 768w, http:\/\/imkerei-watermeyer.de\/wp-content\/uploads\/2025\/07\/img_4466-225x300.jpg 225w, http:\/\/imkerei-watermeyer.de\/wp-content\/uploads\/2025\/07\/img_4466-1152x1536.jpg 1152w, http:\/\/imkerei-watermeyer.de\/wp-content\/uploads\/2025\/07\/img_4466.jpg 1500w\" sizes=\"(max-width: 768px) 100vw, 768px\" \/><figcaption class=\"wp-element-caption\">Cees bei der Ausstellung in Kassel<\/figcaption><\/figure>\n\n\n\n<p>Nach Kassel bekam ich dann meine Krebs-Diagnose. Ein ziemlicher Tiefschlag, denn auch wenn ich aufgrund meiner Morbus-Crohn-Erkrankung schon Leid mit meinem Darm gewohnt war, war das dann doch noch einmal eine neue Qualit\u00e4t.<\/p>\n\n\n\n<p>Nach der erfolgreichen Operation und noch vor Beginn der Chemotherapie war ich dann mit Cees und C\u00e4sar in Lingen zur internationalen Hundeausstellung (CACIB).<\/p>\n\n\n\n<p>Auch hier wurde Cees wieder BOB, w\u00e4hrend C\u00e4sar mit einem vorz\u00fcglich auf den 2.Platz bei den Schwarzen Gro\u00dfspitzen kam. Die Ausstellung in Lingen brachte aber auch die Erkenntnis, dass der Fahrradanh\u00e4nger nicht geeignet f\u00fcr eine Ausstellung mit beiden Hunden ist. Der Anh\u00e4nger ist C\u00e4sar nicht gewachsen, wenn er zu Cees und mir m\u00f6chte.<\/p>\n\n\n\n<figure class=\"wp-block-image size-large\"><img data-attachment-id=\"1279\" data-permalink=\"http:\/\/imkerei-watermeyer.de\/?attachment_id=1279\" data-orig-file=\"http:\/\/imkerei-watermeyer.de\/wp-content\/uploads\/2025\/07\/img_5043.jpg\" data-orig-size=\"1500,2000\" data-comments-opened=\"1\" data-image-meta=\"{&quot;aperture&quot;:&quot;1.6&quot;,&quot;credit&quot;:&quot;&quot;,&quot;camera&quot;:&quot;iPhone 13&quot;,&quot;caption&quot;:&quot;&quot;,&quot;created_timestamp&quot;:&quot;1713613384&quot;,&quot;copyright&quot;:&quot;&quot;,&quot;focal_length&quot;:&quot;5.1&quot;,&quot;iso&quot;:&quot;320&quot;,&quot;shutter_speed&quot;:&quot;0.02&quot;,&quot;title&quot;:&quot;&quot;,&quot;orientation&quot;:&quot;1&quot;}\" data-image-title=\"img_5043\" data-image-description=\"\" data-image-caption=\"\" data-medium-file=\"http:\/\/imkerei-watermeyer.de\/wp-content\/uploads\/2025\/07\/img_5043-225x300.jpg\" data-large-file=\"http:\/\/imkerei-watermeyer.de\/wp-content\/uploads\/2025\/07\/img_5043-768x1024.jpg\" decoding=\"async\" loading=\"lazy\" width=\"768\" height=\"1024\" src=\"https:\/\/imkerei-watermeyer.de\/wp-content\/uploads\/2025\/07\/img_5043-768x1024.jpg\" class=\"wp-image-1279\" srcset=\"http:\/\/imkerei-watermeyer.de\/wp-content\/uploads\/2025\/07\/img_5043-768x1024.jpg 768w, http:\/\/imkerei-watermeyer.de\/wp-content\/uploads\/2025\/07\/img_5043-225x300.jpg 225w, http:\/\/imkerei-watermeyer.de\/wp-content\/uploads\/2025\/07\/img_5043-1152x1536.jpg 1152w, http:\/\/imkerei-watermeyer.de\/wp-content\/uploads\/2025\/07\/img_5043.jpg 1500w\" sizes=\"(max-width: 768px) 100vw, 768px\" \/><figcaption class=\"wp-element-caption\">C\u00e4sar nimmt den Fahrradanh\u00e4nger auseinander.<\/figcaption><\/figure>\n\n\n\n<p>Im Mai war ich dann mit Cees und C\u00e4sar bei der Fr\u00fchjahrs- und Europasiegerausstellung in den Dortmunder Westfalenhallen. \u00dcber diese beiden Ausstellungen gibt es bereits einen Bericht auf dieser Homepage.<\/p>\n\n\n\n<p>Im Juni lag unser Fokus dann auf Ausstellungen in den Niederlanden. Zuerst waren wir bei der Jubil\u00e4umsausstellung des Niederl\u00e4ndischen Spitz-Vereins in Zutphen. Dort wurden sowohl Cees als auch C\u00e4sar Vereinssieger und BOB ihrer jeweiligen Variet\u00e4t.<\/p>\n\n\n\n<figure class=\"wp-block-image size-large\"><img data-attachment-id=\"1280\" data-permalink=\"http:\/\/imkerei-watermeyer.de\/?attachment_id=1280\" data-orig-file=\"http:\/\/imkerei-watermeyer.de\/wp-content\/uploads\/2025\/07\/img_5547.jpg\" data-orig-size=\"1500,2000\" data-comments-opened=\"1\" data-image-meta=\"{&quot;aperture&quot;:&quot;1.6&quot;,&quot;credit&quot;:&quot;&quot;,&quot;camera&quot;:&quot;iPhone 13&quot;,&quot;caption&quot;:&quot;&quot;,&quot;created_timestamp&quot;:&quot;1719151638&quot;,&quot;copyright&quot;:&quot;&quot;,&quot;focal_length&quot;:&quot;5.1&quot;,&quot;iso&quot;:&quot;320&quot;,&quot;shutter_speed&quot;:&quot;0.02&quot;,&quot;title&quot;:&quot;&quot;,&quot;orientation&quot;:&quot;1&quot;}\" data-image-title=\"img_5547\" data-image-description=\"\" data-image-caption=\"\" data-medium-file=\"http:\/\/imkerei-watermeyer.de\/wp-content\/uploads\/2025\/07\/img_5547-225x300.jpg\" data-large-file=\"http:\/\/imkerei-watermeyer.de\/wp-content\/uploads\/2025\/07\/img_5547-768x1024.jpg\" decoding=\"async\" loading=\"lazy\" width=\"768\" height=\"1024\" src=\"https:\/\/imkerei-watermeyer.de\/wp-content\/uploads\/2025\/07\/img_5547-768x1024.jpg\" class=\"wp-image-1280\" srcset=\"http:\/\/imkerei-watermeyer.de\/wp-content\/uploads\/2025\/07\/img_5547-768x1024.jpg 768w, http:\/\/imkerei-watermeyer.de\/wp-content\/uploads\/2025\/07\/img_5547-225x300.jpg 225w, http:\/\/imkerei-watermeyer.de\/wp-content\/uploads\/2025\/07\/img_5547-1152x1536.jpg 1152w, http:\/\/imkerei-watermeyer.de\/wp-content\/uploads\/2025\/07\/img_5547.jpg 1500w\" sizes=\"(max-width: 768px) 100vw, 768px\" \/><figcaption class=\"wp-element-caption\">Cees und C\u00e4sar in Zutphen<\/figcaption><\/figure>\n\n\n\n<p>Eine Woche sp\u00e4ter war ich dann mit Cees und C\u00e4sar zur CACIB Arnhem. Bei sehr warmen Temperaturen wussten beide R\u00fcden wieder zu \u00fcberzeugen und wurden beide BOB. Einzig Herrchen schw\u00e4chelte bei der Hitze und lie\u00df sich von den vor Ort helfenden Sanit\u00e4tern wieder aufp\u00e4ppeln. Die Chemo forderte so langsam denn doch Tribut. <\/p>\n\n\n\n<figure class=\"wp-block-image size-large\"><img data-attachment-id=\"1281\" data-permalink=\"http:\/\/imkerei-watermeyer.de\/?attachment_id=1281\" data-orig-file=\"http:\/\/imkerei-watermeyer.de\/wp-content\/uploads\/2025\/07\/img_5608.jpg\" data-orig-size=\"1500,2000\" data-comments-opened=\"1\" data-image-meta=\"{&quot;aperture&quot;:&quot;2.2&quot;,&quot;credit&quot;:&quot;&quot;,&quot;camera&quot;:&quot;iPhone 13&quot;,&quot;caption&quot;:&quot;&quot;,&quot;created_timestamp&quot;:&quot;1719656773&quot;,&quot;copyright&quot;:&quot;&quot;,&quot;focal_length&quot;:&quot;2.71&quot;,&quot;iso&quot;:&quot;32&quot;,&quot;shutter_speed&quot;:&quot;0.0029940119760479&quot;,&quot;title&quot;:&quot;&quot;,&quot;orientation&quot;:&quot;1&quot;}\" data-image-title=\"img_5608\" data-image-description=\"\" data-image-caption=\"\" data-medium-file=\"http:\/\/imkerei-watermeyer.de\/wp-content\/uploads\/2025\/07\/img_5608-225x300.jpg\" data-large-file=\"http:\/\/imkerei-watermeyer.de\/wp-content\/uploads\/2025\/07\/img_5608-768x1024.jpg\" decoding=\"async\" loading=\"lazy\" width=\"768\" height=\"1024\" src=\"https:\/\/imkerei-watermeyer.de\/wp-content\/uploads\/2025\/07\/img_5608-768x1024.jpg\" class=\"wp-image-1281\" srcset=\"http:\/\/imkerei-watermeyer.de\/wp-content\/uploads\/2025\/07\/img_5608-768x1024.jpg 768w, http:\/\/imkerei-watermeyer.de\/wp-content\/uploads\/2025\/07\/img_5608-225x300.jpg 225w, http:\/\/imkerei-watermeyer.de\/wp-content\/uploads\/2025\/07\/img_5608-1152x1536.jpg 1152w, http:\/\/imkerei-watermeyer.de\/wp-content\/uploads\/2025\/07\/img_5608.jpg 1500w\" sizes=\"(max-width: 768px) 100vw, 768px\" \/><figcaption class=\"wp-element-caption\">Daniel bei der CACIB Arnhem<\/figcaption><\/figure>\n\n\n\n<p>Im Juli bin ich dann mit Verst\u00e4rkung durch Ina mit beiden R\u00fcden nach Gelsenkirchen zur German Winner Show gefahren. C\u00e4sar &#8211; unser Nasentier &#8211; litt bei der Ausstellung unter dem hervorragend nach l\u00e4ufigen H\u00fcndinnen duftenden Ring und dem f\u00fcr ihn zust\u00e4ndigen unf\u00e4higen Preisrichter.<\/p>\n\n\n\n<p>Cees hatte mehr Gl\u00fcck mit Ring und Richterin und wurde wieder BOB.<\/p>\n\n\n\n<figure class=\"wp-block-image size-large\"><img data-attachment-id=\"1283\" data-permalink=\"http:\/\/imkerei-watermeyer.de\/?attachment_id=1283\" data-orig-file=\"http:\/\/imkerei-watermeyer.de\/wp-content\/uploads\/2025\/07\/img_5803-1.jpg\" data-orig-size=\"2000,1500\" data-comments-opened=\"1\" data-image-meta=\"{&quot;aperture&quot;:&quot;1.6&quot;,&quot;credit&quot;:&quot;&quot;,&quot;camera&quot;:&quot;iPhone 13&quot;,&quot;caption&quot;:&quot;&quot;,&quot;created_timestamp&quot;:&quot;1722081123&quot;,&quot;copyright&quot;:&quot;&quot;,&quot;focal_length&quot;:&quot;5.1&quot;,&quot;iso&quot;:&quot;50&quot;,&quot;shutter_speed&quot;:&quot;0.00079872204472843&quot;,&quot;title&quot;:&quot;&quot;,&quot;orientation&quot;:&quot;1&quot;}\" data-image-title=\"img_5803-1\" data-image-description=\"\" data-image-caption=\"\" data-medium-file=\"http:\/\/imkerei-watermeyer.de\/wp-content\/uploads\/2025\/07\/img_5803-1-300x225.jpg\" data-large-file=\"http:\/\/imkerei-watermeyer.de\/wp-content\/uploads\/2025\/07\/img_5803-1-1024x768.jpg\" decoding=\"async\" loading=\"lazy\" width=\"1024\" height=\"768\" src=\"https:\/\/imkerei-watermeyer.de\/wp-content\/uploads\/2025\/07\/img_5803-1-1024x768.jpg\" class=\"wp-image-1283\" srcset=\"http:\/\/imkerei-watermeyer.de\/wp-content\/uploads\/2025\/07\/img_5803-1-1024x768.jpg 1024w, http:\/\/imkerei-watermeyer.de\/wp-content\/uploads\/2025\/07\/img_5803-1-300x225.jpg 300w, http:\/\/imkerei-watermeyer.de\/wp-content\/uploads\/2025\/07\/img_5803-1-768x576.jpg 768w, http:\/\/imkerei-watermeyer.de\/wp-content\/uploads\/2025\/07\/img_5803-1-1536x1152.jpg 1536w, http:\/\/imkerei-watermeyer.de\/wp-content\/uploads\/2025\/07\/img_5803-1.jpg 2000w\" sizes=\"(max-width: 1024px) 100vw, 1024px\" \/><figcaption class=\"wp-element-caption\">Cees bei der German Winner Show in Gelsenkirchen<\/figcaption><\/figure>\n\n\n\n<p>Da ich mir f\u00fcr Cees vorgenommen hatte, den internationalen (Sch\u00f6nheits)Champion zu erreichen, sind wir mit den R\u00fcden im August nach Belgien gefahren. W\u00e4hrend Ina den Trip f\u00fcr einen Ausflug nach Br\u00fcssel nutzte, ging ich mit Cees und C\u00e4sar zur CACIB Mechelen.<\/p>\n\n\n\n<p>Cees und C\u00e4sar pr\u00e4sentierten sich wieder tadellos und wurden beide BOB. <\/p>\n\n\n\n<figure class=\"wp-block-image size-large\"><img data-attachment-id=\"1284\" data-permalink=\"http:\/\/imkerei-watermeyer.de\/?attachment_id=1284\" data-orig-file=\"http:\/\/imkerei-watermeyer.de\/wp-content\/uploads\/2025\/07\/img_6168-1.jpg\" data-orig-size=\"1110,1556\" data-comments-opened=\"1\" data-image-meta=\"{&quot;aperture&quot;:&quot;0&quot;,&quot;credit&quot;:&quot;&quot;,&quot;camera&quot;:&quot;&quot;,&quot;caption&quot;:&quot;&quot;,&quot;created_timestamp&quot;:&quot;0&quot;,&quot;copyright&quot;:&quot;&quot;,&quot;focal_length&quot;:&quot;0&quot;,&quot;iso&quot;:&quot;0&quot;,&quot;shutter_speed&quot;:&quot;0&quot;,&quot;title&quot;:&quot;&quot;,&quot;orientation&quot;:&quot;1&quot;}\" data-image-title=\"img_6168-1\" data-image-description=\"\" data-image-caption=\"\" data-medium-file=\"http:\/\/imkerei-watermeyer.de\/wp-content\/uploads\/2025\/07\/img_6168-1-214x300.jpg\" data-large-file=\"http:\/\/imkerei-watermeyer.de\/wp-content\/uploads\/2025\/07\/img_6168-1-730x1024.jpg\" decoding=\"async\" loading=\"lazy\" width=\"730\" height=\"1024\" src=\"https:\/\/imkerei-watermeyer.de\/wp-content\/uploads\/2025\/07\/img_6168-1-730x1024.jpg\" class=\"wp-image-1284\" srcset=\"http:\/\/imkerei-watermeyer.de\/wp-content\/uploads\/2025\/07\/img_6168-1-730x1024.jpg 730w, http:\/\/imkerei-watermeyer.de\/wp-content\/uploads\/2025\/07\/img_6168-1-214x300.jpg 214w, http:\/\/imkerei-watermeyer.de\/wp-content\/uploads\/2025\/07\/img_6168-1-768x1077.jpg 768w, http:\/\/imkerei-watermeyer.de\/wp-content\/uploads\/2025\/07\/img_6168-1-1096x1536.jpg 1096w, http:\/\/imkerei-watermeyer.de\/wp-content\/uploads\/2025\/07\/img_6168-1.jpg 1110w\" sizes=\"(max-width: 730px) 100vw, 730px\" \/><figcaption class=\"wp-element-caption\">C\u00e4sars Urkunde CACIB Mechelen<\/figcaption><\/figure>\n\n\n\n<p>Mit dem Sieg bei dieser belgischen Ausstellung hatte Cees nun alle Anforderungen des internationalen Hundeverbandes FCI erf\u00fcllt und ich konnte damit den Titel des Internationalen Champions f\u00fcr ihn beantragen.<\/p>\n\n\n\n<figure class=\"wp-block-image size-large\"><img data-attachment-id=\"1286\" data-permalink=\"http:\/\/imkerei-watermeyer.de\/?attachment_id=1286\" data-orig-file=\"http:\/\/imkerei-watermeyer.de\/wp-content\/uploads\/2025\/07\/img_6599-1.jpg\" data-orig-size=\"2000,1500\" data-comments-opened=\"1\" data-image-meta=\"{&quot;aperture&quot;:&quot;1.6&quot;,&quot;credit&quot;:&quot;&quot;,&quot;camera&quot;:&quot;iPhone 13&quot;,&quot;caption&quot;:&quot;&quot;,&quot;created_timestamp&quot;:&quot;1731843866&quot;,&quot;copyright&quot;:&quot;&quot;,&quot;focal_length&quot;:&quot;5.1&quot;,&quot;iso&quot;:&quot;32&quot;,&quot;shutter_speed&quot;:&quot;0.0017064846416382&quot;,&quot;title&quot;:&quot;&quot;,&quot;orientation&quot;:&quot;1&quot;}\" data-image-title=\"img_6599-1\" data-image-description=\"\" data-image-caption=\"\" data-medium-file=\"http:\/\/imkerei-watermeyer.de\/wp-content\/uploads\/2025\/07\/img_6599-1-300x225.jpg\" data-large-file=\"http:\/\/imkerei-watermeyer.de\/wp-content\/uploads\/2025\/07\/img_6599-1-1024x768.jpg\" decoding=\"async\" loading=\"lazy\" width=\"1024\" height=\"768\" src=\"https:\/\/imkerei-watermeyer.de\/wp-content\/uploads\/2025\/07\/img_6599-1-1024x768.jpg\" class=\"wp-image-1286\" srcset=\"http:\/\/imkerei-watermeyer.de\/wp-content\/uploads\/2025\/07\/img_6599-1-1024x768.jpg 1024w, http:\/\/imkerei-watermeyer.de\/wp-content\/uploads\/2025\/07\/img_6599-1-300x225.jpg 300w, http:\/\/imkerei-watermeyer.de\/wp-content\/uploads\/2025\/07\/img_6599-1-768x576.jpg 768w, http:\/\/imkerei-watermeyer.de\/wp-content\/uploads\/2025\/07\/img_6599-1-1536x1152.jpg 1536w, http:\/\/imkerei-watermeyer.de\/wp-content\/uploads\/2025\/07\/img_6599-1.jpg 2000w\" sizes=\"(max-width: 1024px) 100vw, 1024px\" \/><figcaption class=\"wp-element-caption\">Cees Urkunde als Internationaler Champion<\/figcaption><\/figure>\n\n\n\n<p>C\u00e4sar h\u00e4tte theoretisch nun auch alle Wertungskriterien erf\u00fcllt (4x CACIB-Sieger in mindestens 3 verschiedenen L\u00e4ndern bei mindestens 3 verschiedenen Preisrichtern), aber leider ist er ein Registerhund ohne kompletten Stammbaum im Sinne des FCI und kann somit leider kein internationaler Champion werden.<\/p>\n\n\n\n<p>Zum Jahresende hin ging es zuerst nochmal nach Dortmund zur Bundessiegerausstellung. Cees wurde trotz starker Konkurrenz wieder BOB. C\u00e4sar musste sich in einem engen Stechen knapp geschlagen geben und wurde 2. mit V2. Danach waren wir noch in Leeuwarden zur CACIB Dutch Winner. Hier wurden beide Hunde wieder BOB.<\/p>\n\n\n\n<figure class=\"wp-block-image size-large\"><img data-attachment-id=\"1287\" data-permalink=\"http:\/\/imkerei-watermeyer.de\/?attachment_id=1287\" data-orig-file=\"http:\/\/imkerei-watermeyer.de\/wp-content\/uploads\/2025\/07\/img_6658.jpg\" data-orig-size=\"2000,1500\" data-comments-opened=\"1\" data-image-meta=\"{&quot;aperture&quot;:&quot;1.6&quot;,&quot;credit&quot;:&quot;&quot;,&quot;camera&quot;:&quot;iPhone 13&quot;,&quot;caption&quot;:&quot;&quot;,&quot;created_timestamp&quot;:&quot;1733045920&quot;,&quot;copyright&quot;:&quot;&quot;,&quot;focal_length&quot;:&quot;5.1&quot;,&quot;iso&quot;:&quot;500&quot;,&quot;shutter_speed&quot;:&quot;0.03030303030303&quot;,&quot;title&quot;:&quot;&quot;,&quot;orientation&quot;:&quot;1&quot;}\" data-image-title=\"img_6658\" data-image-description=\"\" data-image-caption=\"\" data-medium-file=\"http:\/\/imkerei-watermeyer.de\/wp-content\/uploads\/2025\/07\/img_6658-300x225.jpg\" data-large-file=\"http:\/\/imkerei-watermeyer.de\/wp-content\/uploads\/2025\/07\/img_6658-1024x768.jpg\" decoding=\"async\" loading=\"lazy\" width=\"1024\" height=\"768\" src=\"https:\/\/imkerei-watermeyer.de\/wp-content\/uploads\/2025\/07\/img_6658-1024x768.jpg\" class=\"wp-image-1287\" srcset=\"http:\/\/imkerei-watermeyer.de\/wp-content\/uploads\/2025\/07\/img_6658-1024x768.jpg 1024w, http:\/\/imkerei-watermeyer.de\/wp-content\/uploads\/2025\/07\/img_6658-300x225.jpg 300w, http:\/\/imkerei-watermeyer.de\/wp-content\/uploads\/2025\/07\/img_6658-768x576.jpg 768w, http:\/\/imkerei-watermeyer.de\/wp-content\/uploads\/2025\/07\/img_6658-1536x1152.jpg 1536w, http:\/\/imkerei-watermeyer.de\/wp-content\/uploads\/2025\/07\/img_6658.jpg 2000w\" sizes=\"(max-width: 1024px) 100vw, 1024px\" \/><figcaption class=\"wp-element-caption\">C\u00e4sar und Cees in Leeuwarden<\/figcaption><\/figure>\n\n\n\n<p>Durch die Siege in Leeuwarden war auch klar, dass Cees und C\u00e4sar zum erfolgreichsten Hund ihrer Variet\u00e4t (Winner Of Winners) in den Niederlanden 2024 werden. Cees konnte damit seinen Titel aus 2025 verteidigen.<\/p>\n\n\n\n<p>Cees hat in 2024 jede Ausstellung als BOB abgeschlossen, an der er teilgenommen hat. Kritiker k\u00f6nnten jetzt kritisieren, dass er oftmals auch nur wenig Konkurrenz hatte, aber diese Kritiker sollten auch bedenken, dass er jedes Mal zuerst einmal die Bestnote vorz\u00fcglich erreichen musste, um BOB werden zu k\u00f6nnen.<\/p>\n\n\n\n<figure class=\"wp-block-image size-large\"><img data-attachment-id=\"1288\" data-permalink=\"http:\/\/imkerei-watermeyer.de\/?attachment_id=1288\" data-orig-file=\"http:\/\/imkerei-watermeyer.de\/wp-content\/uploads\/2025\/07\/img_6674.jpg\" data-orig-size=\"2000,1500\" data-comments-opened=\"1\" data-image-meta=\"{&quot;aperture&quot;:&quot;1.6&quot;,&quot;credit&quot;:&quot;&quot;,&quot;camera&quot;:&quot;iPhone 13&quot;,&quot;caption&quot;:&quot;&quot;,&quot;created_timestamp&quot;:&quot;1733297931&quot;,&quot;copyright&quot;:&quot;&quot;,&quot;focal_length&quot;:&quot;5.1&quot;,&quot;iso&quot;:&quot;160&quot;,&quot;shutter_speed&quot;:&quot;0.02&quot;,&quot;title&quot;:&quot;&quot;,&quot;orientation&quot;:&quot;1&quot;}\" data-image-title=\"img_6674\" data-image-description=\"\" data-image-caption=\"\" data-medium-file=\"http:\/\/imkerei-watermeyer.de\/wp-content\/uploads\/2025\/07\/img_6674-300x225.jpg\" data-large-file=\"http:\/\/imkerei-watermeyer.de\/wp-content\/uploads\/2025\/07\/img_6674-1024x768.jpg\" decoding=\"async\" loading=\"lazy\" width=\"1024\" height=\"768\" src=\"https:\/\/imkerei-watermeyer.de\/wp-content\/uploads\/2025\/07\/img_6674-1024x768.jpg\" class=\"wp-image-1288\" srcset=\"http:\/\/imkerei-watermeyer.de\/wp-content\/uploads\/2025\/07\/img_6674-1024x768.jpg 1024w, http:\/\/imkerei-watermeyer.de\/wp-content\/uploads\/2025\/07\/img_6674-300x225.jpg 300w, http:\/\/imkerei-watermeyer.de\/wp-content\/uploads\/2025\/07\/img_6674-768x576.jpg 768w, http:\/\/imkerei-watermeyer.de\/wp-content\/uploads\/2025\/07\/img_6674-1536x1152.jpg 1536w, http:\/\/imkerei-watermeyer.de\/wp-content\/uploads\/2025\/07\/img_6674.jpg 2000w\" sizes=\"(max-width: 1024px) 100vw, 1024px\" \/><figcaption class=\"wp-element-caption\">Ein Teil der Titel von Cees in 2024<\/figcaption><\/figure>\n\n\n\n<p>Das Wichtigste an diesen Ausstellungen ist aber das, was daraus entstehen kann. Zum Beispiel ein Date von Cees mit einer wunderbaren Hundedame. Aber das ist ein Thema f\u00fcr einen anderen Blogbeitrag\u2026 \ud83d\ude09<\/p>\n","protected":false},"excerpt":{"rendered":"<p>Ich habe keine Ahnung, was mich dabei geritten hat, in 2024 mit Cees und C\u00e4sar an so vielen Ausstellungen teilzunehmen. In Kassel im Januar war ich noch alleine mit Cees. Es war eine erfolgreiche Ausstellung f\u00fcr uns. Cees wurde Best Of Breed und vor allem haben wir Silvia Bayer mit [&hellip;]<\/p>\n","protected":false},"author":3,"featured_media":1287,"comment_status":"open","ping_status":"open","sticky":false,"template":"","format":"standard","meta":{"jetpack_post_was_ever_published":false,"_jetpack_newsletter_access":"","jetpack_publicize_message":"","jetpack_is_tweetstorm":false,"jetpack_publicize_feature_enabled":true,"jetpack_social_post_already_shared":true,"jetpack_social_options":{"image_generator_settings":{"template":"highway","enabled":false}}},"categories":[213,192],"tags":[202,197,58,193,194,217,200],"jetpack_publicize_connections":[],"jetpack_featured_media_url":"http:\/\/imkerei-watermeyer.de\/wp-content\/uploads\/2025\/07\/img_6658.jpg","jetpack_sharing_enabled":true,"jetpack_shortlink":"https:\/\/wp.me\/p9uDaz-kN","jetpack_likes_enabled":true,"jetpack-related-posts":[{"id":1269,"url":"http:\/\/imkerei-watermeyer.de\/?p=1269","url_meta":{"origin":1289,"position":0},"title":"Cees und C\u00e4sar sind Europasieger","author":"laggenbiene","date":"Mai 31, 2024","format":false,"excerpt":"Cees und C\u00e4sar haben einen sehr erfolgreichen Start in das Ausstellungsjahr 2024 hingelegt. Mit Cees war ich bei den internationalen Hundeausstellungen (CACIB) in Kassel, Lingen und in Dortmund (Fr\u00fchjahrssieger- und Europasiegerausstellung). Cees bei der Ausstellung in Kassel Bei jeder Ausstellung wurde Cees mit der H\u00f6chstnote \u201evorz\u00fcglich\u201c bewertet und als bester\u2026","rel":"","context":"In &quot;Ausstellungen&quot;","block_context":{"text":"Ausstellungen","link":"http:\/\/imkerei-watermeyer.de\/?cat=213"},"img":{"alt_text":"","src":"https:\/\/i0.wp.com\/imkerei-watermeyer.de\/wp-content\/uploads\/2024\/05\/img_5055.jpg?resize=350%2C200","width":350,"height":200,"srcset":"https:\/\/i0.wp.com\/imkerei-watermeyer.de\/wp-content\/uploads\/2024\/05\/img_5055.jpg?resize=350%2C200 1x, https:\/\/i0.wp.com\/imkerei-watermeyer.de\/wp-content\/uploads\/2024\/05\/img_5055.jpg?resize=700%2C400 2x, https:\/\/i0.wp.com\/imkerei-watermeyer.de\/wp-content\/uploads\/2024\/05\/img_5055.jpg?resize=1050%2C600 3x, https:\/\/i0.wp.com\/imkerei-watermeyer.de\/wp-content\/uploads\/2024\/05\/img_5055.jpg?resize=1400%2C800 4x"},"classes":[]},{"id":1305,"url":"http:\/\/imkerei-watermeyer.de\/?p=1305","url_meta":{"origin":1289,"position":1},"title":"Amy und Cees","author":"laggenbiene","date":"Juli 22, 2025","format":false,"excerpt":"Wie in meinem Beitrag \u00fcber unser Ausstellungsjahr 2024 geschrieben, haben wir bei der internationalen Hundeausstellung CACIB Kassel die Z\u00fcchterin Silvia Bayer und ihre H\u00fcndin Amy kennengelernt. Silvia war so angetan von unserem Cees, dass sie diesen unbedingt f\u00fcr den ersten Wurf von Amy als Deckr\u00fcden haben wollte. Amy selber zeigte\u2026","rel":"","context":"In &quot;Gro\u00dfspitze&quot;","block_context":{"text":"Gro\u00dfspitze","link":"http:\/\/imkerei-watermeyer.de\/?cat=192"},"img":{"alt_text":"","src":"https:\/\/i0.wp.com\/imkerei-watermeyer.de\/wp-content\/uploads\/2025\/07\/4935508b-cf53-4634-bad5-78ed7046baae-1.jpg?resize=350%2C200","width":350,"height":200,"srcset":"https:\/\/i0.wp.com\/imkerei-watermeyer.de\/wp-content\/uploads\/2025\/07\/4935508b-cf53-4634-bad5-78ed7046baae-1.jpg?resize=350%2C200 1x, https:\/\/i0.wp.com\/imkerei-watermeyer.de\/wp-content\/uploads\/2025\/07\/4935508b-cf53-4634-bad5-78ed7046baae-1.jpg?resize=700%2C400 2x, https:\/\/i0.wp.com\/imkerei-watermeyer.de\/wp-content\/uploads\/2025\/07\/4935508b-cf53-4634-bad5-78ed7046baae-1.jpg?resize=1050%2C600 3x, https:\/\/i0.wp.com\/imkerei-watermeyer.de\/wp-content\/uploads\/2025\/07\/4935508b-cf53-4634-bad5-78ed7046baae-1.jpg?resize=1400%2C800 4x"},"classes":[]},{"id":1254,"url":"http:\/\/imkerei-watermeyer.de\/?p=1254","url_meta":{"origin":1289,"position":2},"title":"Sch\u00f6nster Wei\u00dfer Gro\u00dfspitz \ud83c\uddf3\ud83c\uddf1 2023","author":"laggenbiene","date":"Februar 9, 2024","format":false,"excerpt":"Unser Cees hat es tats\u00e4chlich geschafft und ist als Winner of Winners bei den Wei\u00dfen Gro\u00dfspitzen 2023 in den Niederlanden ausgezeichnet worden. Dieser Titel bedeutet, dass Cees bei den Hundeausstellungen in den Niederlanden im Jahr 2023 die meisten Punkte aller Hunde seiner Rasse gesammelt hat. Plakette des WoW-Winnaar 2023 Cees\u2026","rel":"","context":"In &quot;Gro\u00dfspitze&quot;","block_context":{"text":"Gro\u00dfspitze","link":"http:\/\/imkerei-watermeyer.de\/?cat=192"},"img":{"alt_text":"","src":"https:\/\/i0.wp.com\/imkerei-watermeyer.de\/wp-content\/uploads\/2024\/02\/img_4596-2-1.jpg?resize=350%2C200","width":350,"height":200,"srcset":"https:\/\/i0.wp.com\/imkerei-watermeyer.de\/wp-content\/uploads\/2024\/02\/img_4596-2-1.jpg?resize=350%2C200 1x, https:\/\/i0.wp.com\/imkerei-watermeyer.de\/wp-content\/uploads\/2024\/02\/img_4596-2-1.jpg?resize=700%2C400 2x"},"classes":[]},{"id":1197,"url":"http:\/\/imkerei-watermeyer.de\/?p=1197","url_meta":{"origin":1289,"position":3},"title":"It\u2019s a long way\u2026","author":"Homeraner","date":"Mai 31, 2022","format":false,"excerpt":"Es ist wirklich ein langer Weg gewesen, aber jetzt ist es endlich geschafft. Cees hat seine Zuchtzulassung im Verein f\u00fcr Deutsche Spitze erhalten. Das bedeutet, dass er zuk\u00fcnftig zum Erhalt dieser alten, vom Aussterben bedrohten Haustierrasse als Deckr\u00fcde beitragen darf. Vorab, der Besitzer muss nat\u00fcrlich Mitglied im Verein f\u00fcr Deutsche\u2026","rel":"","context":"In &quot;Gro\u00dfspitze&quot;","block_context":{"text":"Gro\u00dfspitze","link":"http:\/\/imkerei-watermeyer.de\/?cat=192"},"img":{"alt_text":"","src":"https:\/\/i0.wp.com\/imkerei-watermeyer.de\/wp-content\/uploads\/2022\/05\/img_6947-scaled.jpg?resize=350%2C200","width":350,"height":200,"srcset":"https:\/\/i0.wp.com\/imkerei-watermeyer.de\/wp-content\/uploads\/2022\/05\/img_6947-scaled.jpg?resize=350%2C200 1x, https:\/\/i0.wp.com\/imkerei-watermeyer.de\/wp-content\/uploads\/2022\/05\/img_6947-scaled.jpg?resize=700%2C400 2x, https:\/\/i0.wp.com\/imkerei-watermeyer.de\/wp-content\/uploads\/2022\/05\/img_6947-scaled.jpg?resize=1050%2C600 3x, https:\/\/i0.wp.com\/imkerei-watermeyer.de\/wp-content\/uploads\/2022\/05\/img_6947-scaled.jpg?resize=1400%2C800 4x"},"classes":[]},{"id":150,"url":"http:\/\/imkerei-watermeyer.de\/?p=150","url_meta":{"origin":1289,"position":4},"title":"Biene zum Anfassen","author":"Homeraner","date":"Mai 13, 2015","format":false,"excerpt":"Heute war ich mal wieder an unseren Bienen.\u00a0Die Kontrolle der Drohnenr\u00e4hmchen und der Schwarmneigung standen an - und nat\u00fcrlich wirft man dabei auch schon einmal einen Blick in die oberste Etage der Beute, um zu kontrollieren, ob schon Honig eingetragen wurde. Zu den Drohnenr\u00e4hmchen werde ich die Tage noch einen\u2026","rel":"","context":"In &quot;Anatomie der Biene&quot;","block_context":{"text":"Anatomie der Biene","link":"http:\/\/imkerei-watermeyer.de\/?cat=11"},"img":{"alt_text":"","src":"https:\/\/i0.wp.com\/imkerei-watermeyer.de\/wp-content\/uploads\/2015\/05\/IMG_2130-300x225.jpg?resize=350%2C200","width":350,"height":200},"classes":[]},{"id":348,"url":"http:\/\/imkerei-watermeyer.de\/?p=348","url_meta":{"origin":1289,"position":5},"title":"Neues Etikett &#8211; Raesfelder Wabenquell","author":"Homeraner","date":"M\u00e4rz 17, 2017","format":false,"excerpt":"Schon lange war ich ungl\u00fccklich mit den auf dem Markt verf\u00fcgbaren Honigetiketten und das meiner Meinung nach zu biedere Etikett des Deutschen Imkerbunds kam f\u00fcr mich aufgrund seiner mangelnden Aussagekraft auch nicht in Frage. Ich wollte ein Etikett, dass die herausragenden Eigenschaften des Naturproduktes Imkerhonig widerspiegelt. Das Edle und Hochwertige.\u2026","rel":"","context":"In &quot;Honig-Vermarktung&quot;","block_context":{"text":"Honig-Vermarktung","link":"http:\/\/imkerei-watermeyer.de\/?cat=33"},"img":{"alt_text":"","src":"https:\/\/i0.wp.com\/imkerei-watermeyer.de\/wp-content\/uploads\/2017\/03\/Etikett.jpg?resize=350%2C200","width":350,"height":200,"srcset":"https:\/\/i0.wp.com\/imkerei-watermeyer.de\/wp-content\/uploads\/2017\/03\/Etikett.jpg?resize=350%2C200 1x, https:\/\/i0.wp.com\/imkerei-watermeyer.de\/wp-content\/uploads\/2017\/03\/Etikett.jpg?resize=700%2C400 2x, https:\/\/i0.wp.com\/imkerei-watermeyer.de\/wp-content\/uploads\/2017\/03\/Etikett.jpg?resize=1050%2C600 3x, https:\/\/i0.wp.com\/imkerei-watermeyer.de\/wp-content\/uploads\/2017\/03\/Etikett.jpg?resize=1400%2C800 4x"},"classes":[]}],"_links":{"self":[{"href":"http:\/\/imkerei-watermeyer.de\/index.php?rest_route=\/wp\/v2\/posts\/1289"}],"collection":[{"href":"http:\/\/imkerei-watermeyer.de\/index.php?rest_route=\/wp\/v2\/posts"}],"about":[{"href":"http:\/\/imkerei-watermeyer.de\/index.php?rest_route=\/wp\/v2\/types\/post"}],"author":[{"embeddable":true,"href":"http:\/\/imkerei-watermeyer.de\/index.php?rest_route=\/wp\/v2\/users\/3"}],"replies":[{"embeddable":true,"href":"http:\/\/imkerei-watermeyer.de\/index.php?rest_route=%2Fwp%2Fv2%2Fcomments&post=1289"}],"version-history":[{"count":1,"href":"http:\/\/imkerei-watermeyer.de\/index.php?rest_route=\/wp\/v2\/posts\/1289\/revisions"}],"predecessor-version":[{"id":1290,"href":"http:\/\/imkerei-watermeyer.de\/index.php?rest_route=\/wp\/v2\/posts\/1289\/revisions\/1290"}],"wp:featuredmedia":[{"embeddable":true,"href":"http:\/\/imkerei-watermeyer.de\/index.php?rest_route=\/wp\/v2\/media\/1287"}],"wp:attachment":[{"href":"http:\/\/imkerei-watermeyer.de\/index.php?rest_route=%2Fwp%2Fv2%2Fmedia&parent=1289"}],"wp:term":[{"taxonomy":"category","embeddable":true,"href":"http:\/\/imkerei-watermeyer.de\/index.php?rest_route=%2Fwp%2Fv2%2Fcategories&post=1289"},{"taxonomy":"post_tag","embeddable":true,"href":"http:\/\/imkerei-watermeyer.de\/index.php?rest_route=%2Fwp%2Fv2%2Ftags&post=1289"}],"curies":[{"name":"wp","href":"https:\/\/api.w.org\/{rel}","templated":true}]}}