{"id":1277,"date":"2024-06-10T07:32:48","date_gmt":"2024-06-10T07:32:48","guid":{"rendered":"https:\/\/imkerei-watermeyer.de\/?p=1277"},"modified":"2024-06-10T07:32:48","modified_gmt":"2024-06-10T07:32:48","slug":"update-imkerei","status":"publish","type":"post","link":"http:\/\/imkerei-watermeyer.de\/?p=1277","title":{"rendered":"Update Imkerei"},"content":{"rendered":"\n<p>In unserer Imkerei hat sich seit dem letzten Jahr einiges getan. Die Bienenv\u00f6lker sind Ende 2023 nach Amelsb\u00fcren zu Daniels Trauzeugin Petra aufs Land gezogen. <\/p>\n\n\n\n<p>Der Umzug wurde n\u00f6tig, da Daniel aufgrund seines beruflichen Stresses Unterst\u00fctzung bei den Bienen ben\u00f6tigte. Petra interessierte sich eh schon f\u00fcrs Imkern und so war der Umzug beschlossene Sache.<\/p>\n\n\n\n<figure class=\"wp-block-image size-large\"><img data-attachment-id=\"1271\" data-permalink=\"http:\/\/imkerei-watermeyer.de\/?attachment_id=1271\" data-orig-file=\"http:\/\/imkerei-watermeyer.de\/wp-content\/uploads\/2024\/06\/f5395563-6a5d-4577-b4db-319fbdb0bce6-1.jpg\" data-orig-size=\"1500,2000\" data-comments-opened=\"1\" data-image-meta=\"{&quot;aperture&quot;:&quot;0&quot;,&quot;credit&quot;:&quot;&quot;,&quot;camera&quot;:&quot;&quot;,&quot;caption&quot;:&quot;&quot;,&quot;created_timestamp&quot;:&quot;0&quot;,&quot;copyright&quot;:&quot;&quot;,&quot;focal_length&quot;:&quot;0&quot;,&quot;iso&quot;:&quot;0&quot;,&quot;shutter_speed&quot;:&quot;0&quot;,&quot;title&quot;:&quot;&quot;,&quot;orientation&quot;:&quot;1&quot;}\" data-image-title=\"f5395563-6a5d-4577-b4db-319fbdb0bce6-1\" data-image-description=\"\" data-image-caption=\"\" data-medium-file=\"http:\/\/imkerei-watermeyer.de\/wp-content\/uploads\/2024\/06\/f5395563-6a5d-4577-b4db-319fbdb0bce6-1-225x300.jpg\" data-large-file=\"http:\/\/imkerei-watermeyer.de\/wp-content\/uploads\/2024\/06\/f5395563-6a5d-4577-b4db-319fbdb0bce6-1-768x1024.jpg\" decoding=\"async\" loading=\"lazy\" width=\"768\" height=\"1024\" src=\"https:\/\/imkerei-watermeyer.de\/wp-content\/uploads\/2024\/06\/f5395563-6a5d-4577-b4db-319fbdb0bce6-1-768x1024.jpg\" class=\"wp-image-1271\" srcset=\"http:\/\/imkerei-watermeyer.de\/wp-content\/uploads\/2024\/06\/f5395563-6a5d-4577-b4db-319fbdb0bce6-1-768x1024.jpg 768w, http:\/\/imkerei-watermeyer.de\/wp-content\/uploads\/2024\/06\/f5395563-6a5d-4577-b4db-319fbdb0bce6-1-225x300.jpg 225w, http:\/\/imkerei-watermeyer.de\/wp-content\/uploads\/2024\/06\/f5395563-6a5d-4577-b4db-319fbdb0bce6-1-1152x1536.jpg 1152w, http:\/\/imkerei-watermeyer.de\/wp-content\/uploads\/2024\/06\/f5395563-6a5d-4577-b4db-319fbdb0bce6-1.jpg 1500w\" sizes=\"(max-width: 768px) 100vw, 768px\" \/><figcaption class=\"wp-element-caption\">Petra mit ihrer ersten Imkerausstattung<\/figcaption><\/figure>\n\n\n\n<p>Das die ben\u00f6tigte Unterst\u00fctzung noch viel n\u00f6tiger war als urspr\u00fcnglich gedacht, zeigte sich, als Daniel an Krebs erkrankte. Geschw\u00e4cht durch die Operation und die anschlie\u00dfende Chemotherapie konnte er nur beratend zur Seite stehen, w\u00e4hrend Petra unterst\u00fctzt von ihrem Sohnemann die Arbeiten an den V\u00f6lkern \u00fcbernahm.<\/p>\n\n\n\n<figure class=\"wp-block-image size-large\"><img data-attachment-id=\"1272\" data-permalink=\"http:\/\/imkerei-watermeyer.de\/?attachment_id=1272\" data-orig-file=\"http:\/\/imkerei-watermeyer.de\/wp-content\/uploads\/2024\/06\/68016bf4-7270-4e82-8bee-ea4ece7165e9-1.jpg\" data-orig-size=\"1500,2000\" data-comments-opened=\"1\" data-image-meta=\"{&quot;aperture&quot;:&quot;0&quot;,&quot;credit&quot;:&quot;&quot;,&quot;camera&quot;:&quot;&quot;,&quot;caption&quot;:&quot;&quot;,&quot;created_timestamp&quot;:&quot;1717869860&quot;,&quot;copyright&quot;:&quot;&quot;,&quot;focal_length&quot;:&quot;0&quot;,&quot;iso&quot;:&quot;0&quot;,&quot;shutter_speed&quot;:&quot;0&quot;,&quot;title&quot;:&quot;&quot;,&quot;orientation&quot;:&quot;1&quot;}\" data-image-title=\"68016bf4-7270-4e82-8bee-ea4ece7165e9-1\" data-image-description=\"\" data-image-caption=\"\" data-medium-file=\"http:\/\/imkerei-watermeyer.de\/wp-content\/uploads\/2024\/06\/68016bf4-7270-4e82-8bee-ea4ece7165e9-1-225x300.jpg\" data-large-file=\"http:\/\/imkerei-watermeyer.de\/wp-content\/uploads\/2024\/06\/68016bf4-7270-4e82-8bee-ea4ece7165e9-1-768x1024.jpg\" decoding=\"async\" loading=\"lazy\" width=\"768\" height=\"1024\" src=\"https:\/\/imkerei-watermeyer.de\/wp-content\/uploads\/2024\/06\/68016bf4-7270-4e82-8bee-ea4ece7165e9-1-768x1024.jpg\" class=\"wp-image-1272\" srcset=\"http:\/\/imkerei-watermeyer.de\/wp-content\/uploads\/2024\/06\/68016bf4-7270-4e82-8bee-ea4ece7165e9-1-768x1024.jpg 768w, http:\/\/imkerei-watermeyer.de\/wp-content\/uploads\/2024\/06\/68016bf4-7270-4e82-8bee-ea4ece7165e9-1-225x300.jpg 225w, http:\/\/imkerei-watermeyer.de\/wp-content\/uploads\/2024\/06\/68016bf4-7270-4e82-8bee-ea4ece7165e9-1-1152x1536.jpg 1152w, http:\/\/imkerei-watermeyer.de\/wp-content\/uploads\/2024\/06\/68016bf4-7270-4e82-8bee-ea4ece7165e9-1.jpg 1500w\" sizes=\"(max-width: 768px) 100vw, 768px\" \/><figcaption class=\"wp-element-caption\">Petra und ihr Sohn arbeiten an den Bienenv\u00f6lkern<\/figcaption><\/figure>\n\n\n\n<p>Am letzten Wochenende war es dann soweit und in Amelsb\u00fcren konnte der erste Honig geerntet werden. Petra brachte die Honigr\u00e4hmchen zu uns nach Laggenbeck und gemeinsam mit Daniel konnte der erste Honig geschleudert werden.<\/p>\n\n\n\n<figure class=\"wp-block-image size-large\"><img data-attachment-id=\"1273\" data-permalink=\"http:\/\/imkerei-watermeyer.de\/?attachment_id=1273\" data-orig-file=\"http:\/\/imkerei-watermeyer.de\/wp-content\/uploads\/2024\/06\/d0faf053-9517-4014-9d8e-da75d3edaedf-1.jpg\" data-orig-size=\"1200,1600\" data-comments-opened=\"1\" data-image-meta=\"{&quot;aperture&quot;:&quot;0&quot;,&quot;credit&quot;:&quot;&quot;,&quot;camera&quot;:&quot;&quot;,&quot;caption&quot;:&quot;&quot;,&quot;created_timestamp&quot;:&quot;0&quot;,&quot;copyright&quot;:&quot;&quot;,&quot;focal_length&quot;:&quot;0&quot;,&quot;iso&quot;:&quot;0&quot;,&quot;shutter_speed&quot;:&quot;0&quot;,&quot;title&quot;:&quot;&quot;,&quot;orientation&quot;:&quot;1&quot;}\" data-image-title=\"d0faf053-9517-4014-9d8e-da75d3edaedf-1\" data-image-description=\"\" data-image-caption=\"\" data-medium-file=\"http:\/\/imkerei-watermeyer.de\/wp-content\/uploads\/2024\/06\/d0faf053-9517-4014-9d8e-da75d3edaedf-1-225x300.jpg\" data-large-file=\"http:\/\/imkerei-watermeyer.de\/wp-content\/uploads\/2024\/06\/d0faf053-9517-4014-9d8e-da75d3edaedf-1-768x1024.jpg\" decoding=\"async\" loading=\"lazy\" width=\"768\" height=\"1024\" src=\"https:\/\/imkerei-watermeyer.de\/wp-content\/uploads\/2024\/06\/d0faf053-9517-4014-9d8e-da75d3edaedf-1-768x1024.jpg\" class=\"wp-image-1273\" srcset=\"http:\/\/imkerei-watermeyer.de\/wp-content\/uploads\/2024\/06\/d0faf053-9517-4014-9d8e-da75d3edaedf-1-768x1024.jpg 768w, http:\/\/imkerei-watermeyer.de\/wp-content\/uploads\/2024\/06\/d0faf053-9517-4014-9d8e-da75d3edaedf-1-225x300.jpg 225w, http:\/\/imkerei-watermeyer.de\/wp-content\/uploads\/2024\/06\/d0faf053-9517-4014-9d8e-da75d3edaedf-1-1152x1536.jpg 1152w, http:\/\/imkerei-watermeyer.de\/wp-content\/uploads\/2024\/06\/d0faf053-9517-4014-9d8e-da75d3edaedf-1.jpg 1200w\" sizes=\"(max-width: 768px) 100vw, 768px\" \/><figcaption class=\"wp-element-caption\">Honigernte in Amelsb\u00fcren<\/figcaption><\/figure>\n\n\n\n<p>Etwas mehr als 40kg konnten wir in diesem Durchgang schleudern.<\/p>\n\n\n\n<figure class=\"wp-block-image size-large\"><img data-attachment-id=\"1274\" data-permalink=\"http:\/\/imkerei-watermeyer.de\/?attachment_id=1274\" data-orig-file=\"http:\/\/imkerei-watermeyer.de\/wp-content\/uploads\/2024\/06\/36829353-a575-4d4c-8a57-c11f3d80e16d-1.jpg\" data-orig-size=\"1600,1200\" data-comments-opened=\"1\" data-image-meta=\"{&quot;aperture&quot;:&quot;0&quot;,&quot;credit&quot;:&quot;&quot;,&quot;camera&quot;:&quot;&quot;,&quot;caption&quot;:&quot;&quot;,&quot;created_timestamp&quot;:&quot;1717869891&quot;,&quot;copyright&quot;:&quot;&quot;,&quot;focal_length&quot;:&quot;0&quot;,&quot;iso&quot;:&quot;0&quot;,&quot;shutter_speed&quot;:&quot;0&quot;,&quot;title&quot;:&quot;&quot;,&quot;orientation&quot;:&quot;1&quot;}\" data-image-title=\"36829353-a575-4d4c-8a57-c11f3d80e16d-1\" data-image-description=\"\" data-image-caption=\"\" data-medium-file=\"http:\/\/imkerei-watermeyer.de\/wp-content\/uploads\/2024\/06\/36829353-a575-4d4c-8a57-c11f3d80e16d-1-300x225.jpg\" data-large-file=\"http:\/\/imkerei-watermeyer.de\/wp-content\/uploads\/2024\/06\/36829353-a575-4d4c-8a57-c11f3d80e16d-1-1024x768.jpg\" decoding=\"async\" loading=\"lazy\" width=\"1024\" height=\"768\" src=\"https:\/\/imkerei-watermeyer.de\/wp-content\/uploads\/2024\/06\/36829353-a575-4d4c-8a57-c11f3d80e16d-1-1024x768.jpg\" class=\"wp-image-1274\" srcset=\"http:\/\/imkerei-watermeyer.de\/wp-content\/uploads\/2024\/06\/36829353-a575-4d4c-8a57-c11f3d80e16d-1-1024x768.jpg 1024w, http:\/\/imkerei-watermeyer.de\/wp-content\/uploads\/2024\/06\/36829353-a575-4d4c-8a57-c11f3d80e16d-1-300x225.jpg 300w, http:\/\/imkerei-watermeyer.de\/wp-content\/uploads\/2024\/06\/36829353-a575-4d4c-8a57-c11f3d80e16d-1-768x576.jpg 768w, http:\/\/imkerei-watermeyer.de\/wp-content\/uploads\/2024\/06\/36829353-a575-4d4c-8a57-c11f3d80e16d-1-1536x1152.jpg 1536w, http:\/\/imkerei-watermeyer.de\/wp-content\/uploads\/2024\/06\/36829353-a575-4d4c-8a57-c11f3d80e16d-1.jpg 1600w\" sizes=\"(max-width: 1024px) 100vw, 1024px\" \/><figcaption class=\"wp-element-caption\">Entdeckelte R\u00e4hmchen in der Schleuder<\/figcaption><\/figure>\n\n\n\n<p>Die kleinen Helfer durften schon direkt vom Entdeckelungsgeschirr naschen. Gro\u00dfe Honigliebhaber brauchen noch etwas Geduld. Erst muss der Honig noch kristallisieren und dann cremig ger\u00fchrt werden und dann wird er f\u00fcr den Verkauf abgef\u00fcllt.<\/p>\n\n\n\n<figure class=\"wp-block-image size-large\"><img data-attachment-id=\"1275\" data-permalink=\"http:\/\/imkerei-watermeyer.de\/?attachment_id=1275\" data-orig-file=\"http:\/\/imkerei-watermeyer.de\/wp-content\/uploads\/2024\/06\/bf85aef3-3243-4531-95b5-20ea197c6d0a-1.jpg\" data-orig-size=\"1200,1600\" data-comments-opened=\"1\" data-image-meta=\"{&quot;aperture&quot;:&quot;0&quot;,&quot;credit&quot;:&quot;&quot;,&quot;camera&quot;:&quot;&quot;,&quot;caption&quot;:&quot;&quot;,&quot;created_timestamp&quot;:&quot;1717869937&quot;,&quot;copyright&quot;:&quot;&quot;,&quot;focal_length&quot;:&quot;0&quot;,&quot;iso&quot;:&quot;0&quot;,&quot;shutter_speed&quot;:&quot;0&quot;,&quot;title&quot;:&quot;&quot;,&quot;orientation&quot;:&quot;1&quot;}\" data-image-title=\"bf85aef3-3243-4531-95b5-20ea197c6d0a-1\" data-image-description=\"\" data-image-caption=\"\" data-medium-file=\"http:\/\/imkerei-watermeyer.de\/wp-content\/uploads\/2024\/06\/bf85aef3-3243-4531-95b5-20ea197c6d0a-1-225x300.jpg\" data-large-file=\"http:\/\/imkerei-watermeyer.de\/wp-content\/uploads\/2024\/06\/bf85aef3-3243-4531-95b5-20ea197c6d0a-1-768x1024.jpg\" decoding=\"async\" loading=\"lazy\" width=\"768\" height=\"1024\" src=\"https:\/\/imkerei-watermeyer.de\/wp-content\/uploads\/2024\/06\/bf85aef3-3243-4531-95b5-20ea197c6d0a-1-768x1024.jpg\" class=\"wp-image-1275\" srcset=\"http:\/\/imkerei-watermeyer.de\/wp-content\/uploads\/2024\/06\/bf85aef3-3243-4531-95b5-20ea197c6d0a-1-768x1024.jpg 768w, http:\/\/imkerei-watermeyer.de\/wp-content\/uploads\/2024\/06\/bf85aef3-3243-4531-95b5-20ea197c6d0a-1-225x300.jpg 225w, http:\/\/imkerei-watermeyer.de\/wp-content\/uploads\/2024\/06\/bf85aef3-3243-4531-95b5-20ea197c6d0a-1-1152x1536.jpg 1152w, http:\/\/imkerei-watermeyer.de\/wp-content\/uploads\/2024\/06\/bf85aef3-3243-4531-95b5-20ea197c6d0a-1.jpg 1200w\" sizes=\"(max-width: 768px) 100vw, 768px\" \/><figcaption class=\"wp-element-caption\">Die Kinder durften auch etwas Naschen<\/figcaption><\/figure>\n","protected":false},"excerpt":{"rendered":"<p>In unserer Imkerei hat sich seit dem letzten Jahr einiges getan. Die Bienenv\u00f6lker sind Ende 2023 nach Amelsb\u00fcren zu Daniels Trauzeugin Petra aufs Land gezogen. Der Umzug wurde n\u00f6tig, da Daniel aufgrund seines beruflichen Stresses Unterst\u00fctzung bei den Bienen ben\u00f6tigte. Petra interessierte sich eh schon f\u00fcrs Imkern und so war [&hellip;]<\/p>\n","protected":false},"author":3,"featured_media":1276,"comment_status":"open","ping_status":"open","sticky":false,"template":"","format":"standard","meta":{"jetpack_post_was_ever_published":false,"_jetpack_newsletter_access":"","jetpack_publicize_message":"","jetpack_is_tweetstorm":false,"jetpack_publicize_feature_enabled":true,"jetpack_social_post_already_shared":true,"jetpack_social_options":{"image_generator_settings":{"template":"highway","enabled":false}}},"categories":[104],"tags":[91,29,24,95,94,31],"jetpack_publicize_connections":[],"jetpack_featured_media_url":"http:\/\/imkerei-watermeyer.de\/wp-content\/uploads\/2024\/06\/0ef752fe-7856-4d75-83c5-12b5d6df4312-1.jpg","jetpack_sharing_enabled":true,"jetpack_shortlink":"https:\/\/wp.me\/p9uDaz-kB","jetpack_likes_enabled":true,"jetpack-related-posts":[{"id":470,"url":"http:\/\/imkerei-watermeyer.de\/?p=470","url_meta":{"origin":1277,"position":0},"title":"Umzug","author":"Homeraner","date":"Dezember 25, 2017","format":false,"excerpt":"In 2017 hat sich vieles in meinem Leben ge\u00e4ndert und so kam es, dass ich im Fr\u00fchjahr ins Tecklenburger Land gezogen bin. Zum Gl\u00fcck hatte mich eine Schulfreundin aus M\u00fcnster gefragt, ob ich nicht Bienen bei ihr hinstellen k\u00f6nnte, denn so hatte ich die ben\u00f6tigten Untersuchungen und Papiere fr\u00fchzeitig in\u2026","rel":"","context":"In &quot;Arbeiten rund ums Volk&quot;","block_context":{"text":"Arbeiten rund ums Volk","link":"http:\/\/imkerei-watermeyer.de\/?cat=47"},"img":{"alt_text":"","src":"https:\/\/i0.wp.com\/imkerei-watermeyer.de\/wp-content\/uploads\/2017\/12\/img_5993.jpg?resize=350%2C200","width":350,"height":200,"srcset":"https:\/\/i0.wp.com\/imkerei-watermeyer.de\/wp-content\/uploads\/2017\/12\/img_5993.jpg?resize=350%2C200 1x, https:\/\/i0.wp.com\/imkerei-watermeyer.de\/wp-content\/uploads\/2017\/12\/img_5993.jpg?resize=700%2C400 2x, https:\/\/i0.wp.com\/imkerei-watermeyer.de\/wp-content\/uploads\/2017\/12\/img_5993.jpg?resize=1050%2C600 3x, https:\/\/i0.wp.com\/imkerei-watermeyer.de\/wp-content\/uploads\/2017\/12\/img_5993.jpg?resize=1400%2C800 4x"},"classes":[]},{"id":556,"url":"http:\/\/imkerei-watermeyer.de\/?p=556","url_meta":{"origin":1277,"position":1},"title":"Zuwachs und Reisetag","author":"Homeraner","date":"April 9, 2019","format":false,"excerpt":"Manchmal macht man sich ja vollkommen unn\u00f6tig Sorgen und so war es auch bei mir letzte Nacht. Die halbe Nacht habe ich mir schlaflos Gedanken gemacht, ob heute alles klappen w\u00fcrde. Nach langer Vorbereitung war es heute Morgen n\u00e4mlich endlich so weit und ich konnte Bienenv\u00f6lker an meinem Wunschstandort aufstellen.\u2026","rel":"","context":"In &quot;Arbeiten rund ums Volk&quot;","block_context":{"text":"Arbeiten rund ums Volk","link":"http:\/\/imkerei-watermeyer.de\/?cat=47"},"img":{"alt_text":"","src":"https:\/\/i0.wp.com\/imkerei-watermeyer.de\/wp-content\/uploads\/2019\/04\/img_3716.jpg?resize=350%2C200","width":350,"height":200,"srcset":"https:\/\/i0.wp.com\/imkerei-watermeyer.de\/wp-content\/uploads\/2019\/04\/img_3716.jpg?resize=350%2C200 1x, https:\/\/i0.wp.com\/imkerei-watermeyer.de\/wp-content\/uploads\/2019\/04\/img_3716.jpg?resize=700%2C400 2x, https:\/\/i0.wp.com\/imkerei-watermeyer.de\/wp-content\/uploads\/2019\/04\/img_3716.jpg?resize=1050%2C600 3x, https:\/\/i0.wp.com\/imkerei-watermeyer.de\/wp-content\/uploads\/2019\/04\/img_3716.jpg?resize=1400%2C800 4x"},"classes":[]},{"id":227,"url":"http:\/\/imkerei-watermeyer.de\/?p=227","url_meta":{"origin":1277,"position":2},"title":"Wenn man ihn denn l\u00e4sst,&#8230;","author":"Homeraner","date":"Oktober 25, 2015","format":false,"excerpt":"...bl\u00fcht der Efeu im September\/Oktober. Dann bietet das sonst als lebloses Friedhofskraut bekannte Rankgew\u00e4chs den Bienen eine letzte Nektarnahrung, bevor die lange bl\u00fctenlose Winterzeit beginnt. Da der Efeu aufgrund seines schnellen Wuchses und seiner Verwendung als gr\u00fcne Wand meist Jahr f\u00fcr Jahr zur\u00fcckgeschnitten wird, k\u00f6nnen sich meistens keine Bl\u00fcten bilden.\u2026","rel":"","context":"In &quot;Natur&quot;","block_context":{"text":"Natur","link":"http:\/\/imkerei-watermeyer.de\/?cat=3"},"img":{"alt_text":"","src":"https:\/\/i0.wp.com\/imkerei-watermeyer.de\/wp-content\/uploads\/2015\/10\/IMG_5332-0.jpg?resize=350%2C200","width":350,"height":200,"srcset":"https:\/\/i0.wp.com\/imkerei-watermeyer.de\/wp-content\/uploads\/2015\/10\/IMG_5332-0.jpg?resize=350%2C200 1x, https:\/\/i0.wp.com\/imkerei-watermeyer.de\/wp-content\/uploads\/2015\/10\/IMG_5332-0.jpg?resize=700%2C400 2x, https:\/\/i0.wp.com\/imkerei-watermeyer.de\/wp-content\/uploads\/2015\/10\/IMG_5332-0.jpg?resize=1050%2C600 3x, https:\/\/i0.wp.com\/imkerei-watermeyer.de\/wp-content\/uploads\/2015\/10\/IMG_5332-0.jpg?resize=1400%2C800 4x"},"classes":[]},{"id":338,"url":"http:\/\/imkerei-watermeyer.de\/?p=338","url_meta":{"origin":1277,"position":3},"title":"Beim Discounter gibt es Spekulatius&#8230;","author":"Homeraner","date":"September 1, 2016","format":false,"excerpt":"... und die Bienen? Die sind schon einen Schritt weiter! Mit Varroabehandlung und Futtergabe werden die Bienenv\u00f6lker nach der Bl\u00fcte der letzten gro\u00dfen Tracht (bei uns in der Gegend die Lindenbl\u00fcte) bereits Ende Juli und im August eingewintert. Auf dem Bild ist zu sehen, wie Ina einen 15kg schweren Futterteigklotz\u2026","rel":"","context":"In &quot;Arbeiten rund ums Volk&quot;","block_context":{"text":"Arbeiten rund ums Volk","link":"http:\/\/imkerei-watermeyer.de\/?cat=47"},"img":{"alt_text":"","src":"https:\/\/i0.wp.com\/imkerei-watermeyer.de\/wp-content\/uploads\/2016\/09\/img_3408.jpg?resize=350%2C200","width":350,"height":200,"srcset":"https:\/\/i0.wp.com\/imkerei-watermeyer.de\/wp-content\/uploads\/2016\/09\/img_3408.jpg?resize=350%2C200 1x, https:\/\/i0.wp.com\/imkerei-watermeyer.de\/wp-content\/uploads\/2016\/09\/img_3408.jpg?resize=700%2C400 2x, https:\/\/i0.wp.com\/imkerei-watermeyer.de\/wp-content\/uploads\/2016\/09\/img_3408.jpg?resize=1050%2C600 3x, https:\/\/i0.wp.com\/imkerei-watermeyer.de\/wp-content\/uploads\/2016\/09\/img_3408.jpg?resize=1400%2C800 4x"},"classes":[]},{"id":501,"url":"http:\/\/imkerei-watermeyer.de\/?p=501","url_meta":{"origin":1277,"position":4},"title":"1. richtig warme Fr\u00fchlingstag","author":"Homeraner","date":"April 17, 2018","format":false,"excerpt":"Heute ist hier im Teutoburger Wald der erste richtig warme Fr\u00fchlingstag mit Temperaturen \u00fcber 20 Grad Celsius. Nicht nur wir Menschen haben das Bed\u00fcrfnis, bei dem warmen Wetter m\u00f6glichst viel Zeit drau\u00dfen zu verbringen. Auch die Bienen zieht es aus dem Stock raus und flei\u00dfig werden Pollen und Nektar gesammelt.\u2026","rel":"","context":"In &quot;Bienenbilder&quot;","block_context":{"text":"Bienenbilder","link":"http:\/\/imkerei-watermeyer.de\/?cat=2"},"img":{"alt_text":"","src":"https:\/\/i0.wp.com\/imkerei-watermeyer.de\/wp-content\/uploads\/2018\/04\/img_0740.jpg?resize=350%2C200","width":350,"height":200,"srcset":"https:\/\/i0.wp.com\/imkerei-watermeyer.de\/wp-content\/uploads\/2018\/04\/img_0740.jpg?resize=350%2C200 1x, https:\/\/i0.wp.com\/imkerei-watermeyer.de\/wp-content\/uploads\/2018\/04\/img_0740.jpg?resize=700%2C400 2x, https:\/\/i0.wp.com\/imkerei-watermeyer.de\/wp-content\/uploads\/2018\/04\/img_0740.jpg?resize=1050%2C600 3x, https:\/\/i0.wp.com\/imkerei-watermeyer.de\/wp-content\/uploads\/2018\/04\/img_0740.jpg?resize=1400%2C800 4x"},"classes":[]},{"id":87,"url":"http:\/\/imkerei-watermeyer.de\/?p=87","url_meta":{"origin":1277,"position":5},"title":"Ableger und Schw\u00e4rme","author":"Homeraner","date":"April 29, 2015","format":false,"excerpt":"Gestern hatten wir Versammlung von unserem \u00f6rtlichen Imkerverein. Neben all den organisatorischen Dingen, die im Vereinsleben in Deutschland so \u00fcblich sind, standen auch noch imkerspezifische Organisation und Erfahrungsaustausch auf der Tagesordnung. Zur imkerspezifischen Organisation geh\u00f6rt zu dieser Jahreszeit zum Beispiel, dass die gemeinschaftliche Milchs\u00e4urebestellung abgestimmt wird. Mit Milchs\u00e4ure werden die\u2026","rel":"","context":"In &quot;Bienenbilder&quot;","block_context":{"text":"Bienenbilder","link":"http:\/\/imkerei-watermeyer.de\/?cat=2"},"img":{"alt_text":"","src":"https:\/\/i0.wp.com\/imkerei-watermeyer.de\/wp-content\/uploads\/2015\/04\/e8f9d297c5c9ea878af2b96c6d0aa4b2-300x225.jpg?resize=350%2C200","width":350,"height":200},"classes":[]}],"_links":{"self":[{"href":"http:\/\/imkerei-watermeyer.de\/index.php?rest_route=\/wp\/v2\/posts\/1277"}],"collection":[{"href":"http:\/\/imkerei-watermeyer.de\/index.php?rest_route=\/wp\/v2\/posts"}],"about":[{"href":"http:\/\/imkerei-watermeyer.de\/index.php?rest_route=\/wp\/v2\/types\/post"}],"author":[{"embeddable":true,"href":"http:\/\/imkerei-watermeyer.de\/index.php?rest_route=\/wp\/v2\/users\/3"}],"replies":[{"embeddable":true,"href":"http:\/\/imkerei-watermeyer.de\/index.php?rest_route=%2Fwp%2Fv2%2Fcomments&post=1277"}],"version-history":[{"count":0,"href":"http:\/\/imkerei-watermeyer.de\/index.php?rest_route=\/wp\/v2\/posts\/1277\/revisions"}],"wp:featuredmedia":[{"embeddable":true,"href":"http:\/\/imkerei-watermeyer.de\/index.php?rest_route=\/wp\/v2\/media\/1276"}],"wp:attachment":[{"href":"http:\/\/imkerei-watermeyer.de\/index.php?rest_route=%2Fwp%2Fv2%2Fmedia&parent=1277"}],"wp:term":[{"taxonomy":"category","embeddable":true,"href":"http:\/\/imkerei-watermeyer.de\/index.php?rest_route=%2Fwp%2Fv2%2Fcategories&post=1277"},{"taxonomy":"post_tag","embeddable":true,"href":"http:\/\/imkerei-watermeyer.de\/index.php?rest_route=%2Fwp%2Fv2%2Ftags&post=1277"}],"curies":[{"name":"wp","href":"https:\/\/api.w.org\/{rel}","templated":true}]}}