{"id":1269,"date":"2024-05-31T10:01:39","date_gmt":"2024-05-31T10:01:39","guid":{"rendered":"https:\/\/imkerei-watermeyer.de\/?p=1269"},"modified":"2024-05-31T10:01:39","modified_gmt":"2024-05-31T10:01:39","slug":"cees-und-caesar-sind-europasieger","status":"publish","type":"post","link":"http:\/\/imkerei-watermeyer.de\/?p=1269","title":{"rendered":"Cees und C\u00e4sar sind Europasieger"},"content":{"rendered":"\n<p>Cees und C\u00e4sar haben einen sehr erfolgreichen Start in das Ausstellungsjahr 2024 hingelegt.<\/p>\n\n\n\n<p>Mit Cees war ich bei den internationalen Hundeausstellungen (CACIB) in Kassel, Lingen und in Dortmund (Fr\u00fchjahrssieger- und Europasiegerausstellung). <\/p>\n\n\n\n<figure class=\"wp-block-image size-large\"><img data-attachment-id=\"1260\" data-permalink=\"http:\/\/imkerei-watermeyer.de\/?attachment_id=1260\" data-orig-file=\"http:\/\/imkerei-watermeyer.de\/wp-content\/uploads\/2024\/05\/img_4466.jpg\" data-orig-size=\"1500,2000\" data-comments-opened=\"1\" data-image-meta=\"{&quot;aperture&quot;:&quot;1.6&quot;,&quot;credit&quot;:&quot;&quot;,&quot;camera&quot;:&quot;iPhone 13&quot;,&quot;caption&quot;:&quot;&quot;,&quot;created_timestamp&quot;:&quot;1705160202&quot;,&quot;copyright&quot;:&quot;&quot;,&quot;focal_length&quot;:&quot;5.1&quot;,&quot;iso&quot;:&quot;125&quot;,&quot;shutter_speed&quot;:&quot;0.02&quot;,&quot;title&quot;:&quot;&quot;,&quot;orientation&quot;:&quot;1&quot;}\" data-image-title=\"img_4466\" data-image-description=\"\" data-image-caption=\"\" data-medium-file=\"http:\/\/imkerei-watermeyer.de\/wp-content\/uploads\/2024\/05\/img_4466-225x300.jpg\" data-large-file=\"http:\/\/imkerei-watermeyer.de\/wp-content\/uploads\/2024\/05\/img_4466-768x1024.jpg\" decoding=\"async\" loading=\"lazy\" width=\"768\" height=\"1024\" src=\"https:\/\/imkerei-watermeyer.de\/wp-content\/uploads\/2024\/05\/img_4466-768x1024.jpg\" class=\"wp-image-1260\" srcset=\"http:\/\/imkerei-watermeyer.de\/wp-content\/uploads\/2024\/05\/img_4466-768x1024.jpg 768w, http:\/\/imkerei-watermeyer.de\/wp-content\/uploads\/2024\/05\/img_4466-225x300.jpg 225w, http:\/\/imkerei-watermeyer.de\/wp-content\/uploads\/2024\/05\/img_4466-1152x1536.jpg 1152w, http:\/\/imkerei-watermeyer.de\/wp-content\/uploads\/2024\/05\/img_4466.jpg 1500w\" sizes=\"(max-width: 768px) 100vw, 768px\" \/><figcaption class=\"wp-element-caption\">Cees bei der Ausstellung in Kassel<\/figcaption><\/figure>\n\n\n\n<p>Bei jeder Ausstellung wurde Cees mit der H\u00f6chstnote \u201evorz\u00fcglich\u201c bewertet und als bester Hund seiner Rasse (BOB) ausgezeichnet. Durch den Sieg bei der Europasiegerausstellung hat Cees nun bereits im Mai die Anforderungen f\u00fcr den VDH-Jahressieger 2024 erf\u00fcllt. Er darf sich damit nicht nur Fr\u00fchjahrssieger und Europasieger nennen, sondern auch Jahressieger 2024.<\/p>\n\n\n\n<figure class=\"wp-block-image size-large\"><img data-attachment-id=\"1259\" data-permalink=\"http:\/\/imkerei-watermeyer.de\/?attachment_id=1259\" data-orig-file=\"http:\/\/imkerei-watermeyer.de\/wp-content\/uploads\/2024\/05\/13bfaae6-e4c5-4782-8cc5-69f7d2030baf-1.jpg\" data-orig-size=\"1154,1600\" data-comments-opened=\"1\" data-image-meta=\"{&quot;aperture&quot;:&quot;0&quot;,&quot;credit&quot;:&quot;&quot;,&quot;camera&quot;:&quot;&quot;,&quot;caption&quot;:&quot;&quot;,&quot;created_timestamp&quot;:&quot;0&quot;,&quot;copyright&quot;:&quot;&quot;,&quot;focal_length&quot;:&quot;0&quot;,&quot;iso&quot;:&quot;0&quot;,&quot;shutter_speed&quot;:&quot;0&quot;,&quot;title&quot;:&quot;&quot;,&quot;orientation&quot;:&quot;1&quot;}\" data-image-title=\"13bfaae6-e4c5-4782-8cc5-69f7d2030baf-1\" data-image-description=\"\" data-image-caption=\"\" data-medium-file=\"http:\/\/imkerei-watermeyer.de\/wp-content\/uploads\/2024\/05\/13bfaae6-e4c5-4782-8cc5-69f7d2030baf-1-216x300.jpg\" data-large-file=\"http:\/\/imkerei-watermeyer.de\/wp-content\/uploads\/2024\/05\/13bfaae6-e4c5-4782-8cc5-69f7d2030baf-1-739x1024.jpg\" decoding=\"async\" loading=\"lazy\" width=\"739\" height=\"1024\" src=\"https:\/\/imkerei-watermeyer.de\/wp-content\/uploads\/2024\/05\/13bfaae6-e4c5-4782-8cc5-69f7d2030baf-1-739x1024.jpg\" class=\"wp-image-1259\" srcset=\"http:\/\/imkerei-watermeyer.de\/wp-content\/uploads\/2024\/05\/13bfaae6-e4c5-4782-8cc5-69f7d2030baf-1-739x1024.jpg 739w, http:\/\/imkerei-watermeyer.de\/wp-content\/uploads\/2024\/05\/13bfaae6-e4c5-4782-8cc5-69f7d2030baf-1-216x300.jpg 216w, http:\/\/imkerei-watermeyer.de\/wp-content\/uploads\/2024\/05\/13bfaae6-e4c5-4782-8cc5-69f7d2030baf-1-768x1065.jpg 768w, http:\/\/imkerei-watermeyer.de\/wp-content\/uploads\/2024\/05\/13bfaae6-e4c5-4782-8cc5-69f7d2030baf-1-1108x1536.jpg 1108w, http:\/\/imkerei-watermeyer.de\/wp-content\/uploads\/2024\/05\/13bfaae6-e4c5-4782-8cc5-69f7d2030baf-1.jpg 1154w\" sizes=\"(max-width: 739px) 100vw, 739px\" \/><\/figure>\n\n\n\n<p>Mit C\u00e4sar war ich bei den 3 Ausstellungen in Lingen und in Dortmund. Auch er wurde jeweils mit einem \u201evorz\u00fcglich\u201c bewertet. Auch C\u00e4sar darf sich nun Fr\u00fchjahrssieger und Europasieger nennen. Mit den Anwartschaften, die er in Dortmund, Lingen und in Oldenburg im letzten Jahr erringen konnte, hat er nun die Anforderungen f\u00fcr den Deutschen Champion (VDH) erf\u00fcllt. Dank der Online-Plattform onlinedogshows.eu konnte ich den Titel umgehend beim VDH beantragen und habe ihn auch innerhalb von 2 Tagen (!) best\u00e4tigt bekommen. C\u00e4sar darf nun bei k\u00fcnftigen Ausstellungen genau so wie Cees in der Championklasse starten.<\/p>\n\n\n\n<figure class=\"wp-block-image size-large\"><img data-attachment-id=\"1261\" data-permalink=\"http:\/\/imkerei-watermeyer.de\/?attachment_id=1261\" data-orig-file=\"http:\/\/imkerei-watermeyer.de\/wp-content\/uploads\/2024\/05\/img_5402-1.jpg\" data-orig-size=\"1170,1630\" data-comments-opened=\"1\" data-image-meta=\"{&quot;aperture&quot;:&quot;0&quot;,&quot;credit&quot;:&quot;&quot;,&quot;camera&quot;:&quot;&quot;,&quot;caption&quot;:&quot;&quot;,&quot;created_timestamp&quot;:&quot;0&quot;,&quot;copyright&quot;:&quot;&quot;,&quot;focal_length&quot;:&quot;0&quot;,&quot;iso&quot;:&quot;0&quot;,&quot;shutter_speed&quot;:&quot;0&quot;,&quot;title&quot;:&quot;&quot;,&quot;orientation&quot;:&quot;1&quot;}\" data-image-title=\"img_5402-1\" data-image-description=\"\" data-image-caption=\"\" data-medium-file=\"http:\/\/imkerei-watermeyer.de\/wp-content\/uploads\/2024\/05\/img_5402-1-215x300.jpg\" data-large-file=\"http:\/\/imkerei-watermeyer.de\/wp-content\/uploads\/2024\/05\/img_5402-1-735x1024.jpg\" decoding=\"async\" loading=\"lazy\" width=\"735\" height=\"1024\" src=\"https:\/\/imkerei-watermeyer.de\/wp-content\/uploads\/2024\/05\/img_5402-1-735x1024.jpg\" class=\"wp-image-1261\" srcset=\"http:\/\/imkerei-watermeyer.de\/wp-content\/uploads\/2024\/05\/img_5402-1-735x1024.jpg 735w, http:\/\/imkerei-watermeyer.de\/wp-content\/uploads\/2024\/05\/img_5402-1-215x300.jpg 215w, http:\/\/imkerei-watermeyer.de\/wp-content\/uploads\/2024\/05\/img_5402-1-768x1070.jpg 768w, http:\/\/imkerei-watermeyer.de\/wp-content\/uploads\/2024\/05\/img_5402-1-1103x1536.jpg 1103w, http:\/\/imkerei-watermeyer.de\/wp-content\/uploads\/2024\/05\/img_5402-1.jpg 1170w\" sizes=\"(max-width: 735px) 100vw, 735px\" \/><\/figure>\n\n\n\n<p>Was mich aber besonders stolz macht, dass sind jetzt nicht (nur) die Titel! Mich freut es besonders, dass die Richter in ihren Berichten und auch im pers\u00f6nlichen Gespr\u00e4ch die freundliche Art von Cees und C\u00e4sar loben und sich dar\u00fcber freuen, dass die beiden sich so gut richten lassen.<\/p>\n\n\n\n<figure class=\"wp-block-image size-large\"><img data-attachment-id=\"1262\" data-permalink=\"http:\/\/imkerei-watermeyer.de\/?attachment_id=1262\" data-orig-file=\"http:\/\/imkerei-watermeyer.de\/wp-content\/uploads\/2024\/05\/52c77ba0-5b23-495e-8577-c533f7ed1eec-1.jpg\" data-orig-size=\"1125,2000\" data-comments-opened=\"1\" data-image-meta=\"{&quot;aperture&quot;:&quot;1.6&quot;,&quot;credit&quot;:&quot;&quot;,&quot;camera&quot;:&quot;iPhone 13&quot;,&quot;caption&quot;:&quot;&quot;,&quot;created_timestamp&quot;:&quot;1716548334&quot;,&quot;copyright&quot;:&quot;&quot;,&quot;focal_length&quot;:&quot;5.1&quot;,&quot;iso&quot;:&quot;500&quot;,&quot;shutter_speed&quot;:&quot;0.02&quot;,&quot;title&quot;:&quot;&quot;,&quot;orientation&quot;:&quot;1&quot;}\" data-image-title=\"52c77ba0-5b23-495e-8577-c533f7ed1eec-1\" data-image-description=\"\" data-image-caption=\"\" data-medium-file=\"http:\/\/imkerei-watermeyer.de\/wp-content\/uploads\/2024\/05\/52c77ba0-5b23-495e-8577-c533f7ed1eec-1-169x300.jpg\" data-large-file=\"http:\/\/imkerei-watermeyer.de\/wp-content\/uploads\/2024\/05\/52c77ba0-5b23-495e-8577-c533f7ed1eec-1-576x1024.jpg\" decoding=\"async\" loading=\"lazy\" width=\"576\" height=\"1024\" src=\"https:\/\/imkerei-watermeyer.de\/wp-content\/uploads\/2024\/05\/52c77ba0-5b23-495e-8577-c533f7ed1eec-1-576x1024.jpg\" class=\"wp-image-1262\" srcset=\"http:\/\/imkerei-watermeyer.de\/wp-content\/uploads\/2024\/05\/52c77ba0-5b23-495e-8577-c533f7ed1eec-1-576x1024.jpg 576w, http:\/\/imkerei-watermeyer.de\/wp-content\/uploads\/2024\/05\/52c77ba0-5b23-495e-8577-c533f7ed1eec-1-169x300.jpg 169w, http:\/\/imkerei-watermeyer.de\/wp-content\/uploads\/2024\/05\/52c77ba0-5b23-495e-8577-c533f7ed1eec-1-768x1365.jpg 768w, http:\/\/imkerei-watermeyer.de\/wp-content\/uploads\/2024\/05\/52c77ba0-5b23-495e-8577-c533f7ed1eec-1-864x1536.jpg 864w, http:\/\/imkerei-watermeyer.de\/wp-content\/uploads\/2024\/05\/52c77ba0-5b23-495e-8577-c533f7ed1eec-1.jpg 1125w\" sizes=\"(max-width: 576px) 100vw, 576px\" \/><figcaption class=\"wp-element-caption\">Cees und C\u00e4sar bei der Ausstellung in Dortmund &#8211; ich war alleine mit den beiden unterwegs, deswegen ging es nur mit K\u00e4fig<\/figcaption><\/figure>\n\n\n\n<p>Ich m\u00f6chte mich an dieser Stelle einmal bei den anderen Ausstellern aus unserer kleinen Spitzwelt bedanken, die mir mit Rat und Tat geholfen haben! Besonders erw\u00e4hnen m\u00f6chte ich dabei auch das Ringtraining unserer Gruppe in Essen, bei dem ich wertvolle Tipps hinsichtlich der Pr\u00e4sentation der Hunde bekommen habe!<\/p>\n\n\n\n<figure class=\"wp-block-image size-large\"><img data-attachment-id=\"1263\" data-permalink=\"http:\/\/imkerei-watermeyer.de\/?attachment_id=1263\" data-orig-file=\"http:\/\/imkerei-watermeyer.de\/wp-content\/uploads\/2024\/05\/img_5391-1.jpg\" data-orig-size=\"1386,2000\" data-comments-opened=\"1\" data-image-meta=\"{&quot;aperture&quot;:&quot;0&quot;,&quot;credit&quot;:&quot;&quot;,&quot;camera&quot;:&quot;&quot;,&quot;caption&quot;:&quot;&quot;,&quot;created_timestamp&quot;:&quot;0&quot;,&quot;copyright&quot;:&quot;&quot;,&quot;focal_length&quot;:&quot;0&quot;,&quot;iso&quot;:&quot;0&quot;,&quot;shutter_speed&quot;:&quot;0&quot;,&quot;title&quot;:&quot;&quot;,&quot;orientation&quot;:&quot;1&quot;}\" data-image-title=\"img_5391-1\" data-image-description=\"\" data-image-caption=\"\" data-medium-file=\"http:\/\/imkerei-watermeyer.de\/wp-content\/uploads\/2024\/05\/img_5391-1-208x300.jpg\" data-large-file=\"http:\/\/imkerei-watermeyer.de\/wp-content\/uploads\/2024\/05\/img_5391-1-710x1024.jpg\" decoding=\"async\" loading=\"lazy\" width=\"710\" height=\"1024\" src=\"https:\/\/imkerei-watermeyer.de\/wp-content\/uploads\/2024\/05\/img_5391-1-710x1024.jpg\" class=\"wp-image-1263\" srcset=\"http:\/\/imkerei-watermeyer.de\/wp-content\/uploads\/2024\/05\/img_5391-1-710x1024.jpg 710w, http:\/\/imkerei-watermeyer.de\/wp-content\/uploads\/2024\/05\/img_5391-1-208x300.jpg 208w, http:\/\/imkerei-watermeyer.de\/wp-content\/uploads\/2024\/05\/img_5391-1-768x1108.jpg 768w, http:\/\/imkerei-watermeyer.de\/wp-content\/uploads\/2024\/05\/img_5391-1-1064x1536.jpg 1064w, http:\/\/imkerei-watermeyer.de\/wp-content\/uploads\/2024\/05\/img_5391-1.jpg 1386w\" sizes=\"(max-width: 710px) 100vw, 710px\" \/><figcaption class=\"wp-element-caption\">Vielen Dank Monika f\u00fcr das tolle Foto, dass dein Bruder bei der Europasiegerausstellung von Cees und mir gemacht hat!<\/figcaption><\/figure>\n\n\n\n<figure class=\"wp-block-image size-large\"><img data-attachment-id=\"1265\" data-permalink=\"http:\/\/imkerei-watermeyer.de\/?attachment_id=1265\" data-orig-file=\"http:\/\/imkerei-watermeyer.de\/wp-content\/uploads\/2024\/05\/img_5377-1.jpg\" data-orig-size=\"1170,1629\" data-comments-opened=\"1\" data-image-meta=\"{&quot;aperture&quot;:&quot;0&quot;,&quot;credit&quot;:&quot;&quot;,&quot;camera&quot;:&quot;&quot;,&quot;caption&quot;:&quot;&quot;,&quot;created_timestamp&quot;:&quot;0&quot;,&quot;copyright&quot;:&quot;&quot;,&quot;focal_length&quot;:&quot;0&quot;,&quot;iso&quot;:&quot;0&quot;,&quot;shutter_speed&quot;:&quot;0&quot;,&quot;title&quot;:&quot;&quot;,&quot;orientation&quot;:&quot;1&quot;}\" data-image-title=\"img_5377-1\" data-image-description=\"\" data-image-caption=\"\" data-medium-file=\"http:\/\/imkerei-watermeyer.de\/wp-content\/uploads\/2024\/05\/img_5377-1-215x300.jpg\" data-large-file=\"http:\/\/imkerei-watermeyer.de\/wp-content\/uploads\/2024\/05\/img_5377-1-735x1024.jpg\" decoding=\"async\" loading=\"lazy\" width=\"735\" height=\"1024\" src=\"https:\/\/imkerei-watermeyer.de\/wp-content\/uploads\/2024\/05\/img_5377-1-735x1024.jpg\" class=\"wp-image-1265\" srcset=\"http:\/\/imkerei-watermeyer.de\/wp-content\/uploads\/2024\/05\/img_5377-1-735x1024.jpg 735w, http:\/\/imkerei-watermeyer.de\/wp-content\/uploads\/2024\/05\/img_5377-1-215x300.jpg 215w, http:\/\/imkerei-watermeyer.de\/wp-content\/uploads\/2024\/05\/img_5377-1-768x1069.jpg 768w, http:\/\/imkerei-watermeyer.de\/wp-content\/uploads\/2024\/05\/img_5377-1-1103x1536.jpg 1103w, http:\/\/imkerei-watermeyer.de\/wp-content\/uploads\/2024\/05\/img_5377-1.jpg 1170w\" sizes=\"(max-width: 735px) 100vw, 735px\" \/><\/figure>\n\n\n\n<figure class=\"wp-block-image size-large\"><img data-attachment-id=\"1266\" data-permalink=\"http:\/\/imkerei-watermeyer.de\/?attachment_id=1266\" data-orig-file=\"http:\/\/imkerei-watermeyer.de\/wp-content\/uploads\/2024\/05\/img_5376-1.jpg\" data-orig-size=\"1170,1627\" data-comments-opened=\"1\" data-image-meta=\"{&quot;aperture&quot;:&quot;0&quot;,&quot;credit&quot;:&quot;&quot;,&quot;camera&quot;:&quot;&quot;,&quot;caption&quot;:&quot;&quot;,&quot;created_timestamp&quot;:&quot;0&quot;,&quot;copyright&quot;:&quot;&quot;,&quot;focal_length&quot;:&quot;0&quot;,&quot;iso&quot;:&quot;0&quot;,&quot;shutter_speed&quot;:&quot;0&quot;,&quot;title&quot;:&quot;&quot;,&quot;orientation&quot;:&quot;1&quot;}\" data-image-title=\"img_5376-1\" data-image-description=\"\" data-image-caption=\"\" data-medium-file=\"http:\/\/imkerei-watermeyer.de\/wp-content\/uploads\/2024\/05\/img_5376-1-216x300.jpg\" data-large-file=\"http:\/\/imkerei-watermeyer.de\/wp-content\/uploads\/2024\/05\/img_5376-1-736x1024.jpg\" decoding=\"async\" loading=\"lazy\" width=\"736\" height=\"1024\" src=\"https:\/\/imkerei-watermeyer.de\/wp-content\/uploads\/2024\/05\/img_5376-1-736x1024.jpg\" class=\"wp-image-1266\" srcset=\"http:\/\/imkerei-watermeyer.de\/wp-content\/uploads\/2024\/05\/img_5376-1-736x1024.jpg 736w, http:\/\/imkerei-watermeyer.de\/wp-content\/uploads\/2024\/05\/img_5376-1-216x300.jpg 216w, http:\/\/imkerei-watermeyer.de\/wp-content\/uploads\/2024\/05\/img_5376-1-768x1068.jpg 768w, http:\/\/imkerei-watermeyer.de\/wp-content\/uploads\/2024\/05\/img_5376-1-1105x1536.jpg 1105w, http:\/\/imkerei-watermeyer.de\/wp-content\/uploads\/2024\/05\/img_5376-1.jpg 1170w\" sizes=\"(max-width: 736px) 100vw, 736px\" \/><\/figure>\n\n\n\n<figure class=\"wp-block-image size-large\"><img data-attachment-id=\"1267\" data-permalink=\"http:\/\/imkerei-watermeyer.de\/?attachment_id=1267\" data-orig-file=\"http:\/\/imkerei-watermeyer.de\/wp-content\/uploads\/2024\/05\/img_5347-1.jpg\" data-orig-size=\"1118,1630\" data-comments-opened=\"1\" data-image-meta=\"{&quot;aperture&quot;:&quot;0&quot;,&quot;credit&quot;:&quot;&quot;,&quot;camera&quot;:&quot;&quot;,&quot;caption&quot;:&quot;&quot;,&quot;created_timestamp&quot;:&quot;0&quot;,&quot;copyright&quot;:&quot;&quot;,&quot;focal_length&quot;:&quot;0&quot;,&quot;iso&quot;:&quot;0&quot;,&quot;shutter_speed&quot;:&quot;0&quot;,&quot;title&quot;:&quot;&quot;,&quot;orientation&quot;:&quot;1&quot;}\" data-image-title=\"img_5347-1\" data-image-description=\"\" data-image-caption=\"\" data-medium-file=\"http:\/\/imkerei-watermeyer.de\/wp-content\/uploads\/2024\/05\/img_5347-1-206x300.jpg\" data-large-file=\"http:\/\/imkerei-watermeyer.de\/wp-content\/uploads\/2024\/05\/img_5347-1-702x1024.jpg\" decoding=\"async\" loading=\"lazy\" width=\"702\" height=\"1024\" src=\"https:\/\/imkerei-watermeyer.de\/wp-content\/uploads\/2024\/05\/img_5347-1-702x1024.jpg\" class=\"wp-image-1267\" srcset=\"http:\/\/imkerei-watermeyer.de\/wp-content\/uploads\/2024\/05\/img_5347-1-702x1024.jpg 702w, http:\/\/imkerei-watermeyer.de\/wp-content\/uploads\/2024\/05\/img_5347-1-206x300.jpg 206w, http:\/\/imkerei-watermeyer.de\/wp-content\/uploads\/2024\/05\/img_5347-1-768x1120.jpg 768w, http:\/\/imkerei-watermeyer.de\/wp-content\/uploads\/2024\/05\/img_5347-1-1054x1536.jpg 1054w, http:\/\/imkerei-watermeyer.de\/wp-content\/uploads\/2024\/05\/img_5347-1.jpg 1118w\" sizes=\"(max-width: 702px) 100vw, 702px\" \/><\/figure>\n\n\n\n<figure class=\"wp-block-image size-large\"><img data-attachment-id=\"1268\" data-permalink=\"http:\/\/imkerei-watermeyer.de\/?attachment_id=1268\" data-orig-file=\"http:\/\/imkerei-watermeyer.de\/wp-content\/uploads\/2024\/05\/img_5346-1.jpg\" data-orig-size=\"1158,1625\" data-comments-opened=\"1\" data-image-meta=\"{&quot;aperture&quot;:&quot;0&quot;,&quot;credit&quot;:&quot;&quot;,&quot;camera&quot;:&quot;&quot;,&quot;caption&quot;:&quot;&quot;,&quot;created_timestamp&quot;:&quot;0&quot;,&quot;copyright&quot;:&quot;&quot;,&quot;focal_length&quot;:&quot;0&quot;,&quot;iso&quot;:&quot;0&quot;,&quot;shutter_speed&quot;:&quot;0&quot;,&quot;title&quot;:&quot;&quot;,&quot;orientation&quot;:&quot;1&quot;}\" data-image-title=\"img_5346-1\" data-image-description=\"\" data-image-caption=\"\" data-medium-file=\"http:\/\/imkerei-watermeyer.de\/wp-content\/uploads\/2024\/05\/img_5346-1-214x300.jpg\" data-large-file=\"http:\/\/imkerei-watermeyer.de\/wp-content\/uploads\/2024\/05\/img_5346-1-730x1024.jpg\" decoding=\"async\" loading=\"lazy\" width=\"730\" height=\"1024\" src=\"https:\/\/imkerei-watermeyer.de\/wp-content\/uploads\/2024\/05\/img_5346-1-730x1024.jpg\" class=\"wp-image-1268\" srcset=\"http:\/\/imkerei-watermeyer.de\/wp-content\/uploads\/2024\/05\/img_5346-1-730x1024.jpg 730w, http:\/\/imkerei-watermeyer.de\/wp-content\/uploads\/2024\/05\/img_5346-1-214x300.jpg 214w, http:\/\/imkerei-watermeyer.de\/wp-content\/uploads\/2024\/05\/img_5346-1-768x1078.jpg 768w, http:\/\/imkerei-watermeyer.de\/wp-content\/uploads\/2024\/05\/img_5346-1-1095x1536.jpg 1095w, http:\/\/imkerei-watermeyer.de\/wp-content\/uploads\/2024\/05\/img_5346-1.jpg 1158w\" sizes=\"(max-width: 730px) 100vw, 730px\" \/><\/figure>\n","protected":false},"excerpt":{"rendered":"<p>Cees und C\u00e4sar haben einen sehr erfolgreichen Start in das Ausstellungsjahr 2024 hingelegt. Mit Cees war ich bei den internationalen Hundeausstellungen (CACIB) in Kassel, Lingen und in Dortmund (Fr\u00fchjahrssieger- und Europasiegerausstellung). Bei jeder Ausstellung wurde Cees mit der H\u00f6chstnote \u201evorz\u00fcglich\u201c bewertet und als bester Hund seiner Rasse (BOB) ausgezeichnet. Durch [&hellip;]<\/p>\n","protected":false},"author":3,"featured_media":1264,"comment_status":"open","ping_status":"open","sticky":false,"template":"","format":"standard","meta":{"jetpack_post_was_ever_published":false,"_jetpack_newsletter_access":"","jetpack_publicize_message":"","jetpack_is_tweetstorm":false,"jetpack_publicize_feature_enabled":true,"jetpack_social_post_already_shared":true,"jetpack_social_options":{"image_generator_settings":{"template":"highway","enabled":false}}},"categories":[213],"tags":[204,214,216,215,58,194],"jetpack_publicize_connections":[],"jetpack_featured_media_url":"http:\/\/imkerei-watermeyer.de\/wp-content\/uploads\/2024\/05\/img_5055.jpg","jetpack_sharing_enabled":true,"jetpack_shortlink":"https:\/\/wp.me\/p9uDaz-kt","jetpack_likes_enabled":true,"jetpack-related-posts":[{"id":1289,"url":"http:\/\/imkerei-watermeyer.de\/?p=1289","url_meta":{"origin":1269,"position":0},"title":"Titel \u00fcber Titel","author":"laggenbiene","date":"Juli 21, 2025","format":false,"excerpt":"Ich habe keine Ahnung, was mich dabei geritten hat, in 2024 mit Cees und C\u00e4sar an so vielen Ausstellungen teilzunehmen. In Kassel im Januar war ich noch alleine mit Cees. Es war eine erfolgreiche Ausstellung f\u00fcr uns. Cees wurde Best Of Breed und vor allem haben wir Silvia Bayer mit\u2026","rel":"","context":"In &quot;Ausstellungen&quot;","block_context":{"text":"Ausstellungen","link":"http:\/\/imkerei-watermeyer.de\/?cat=213"},"img":{"alt_text":"","src":"https:\/\/i0.wp.com\/imkerei-watermeyer.de\/wp-content\/uploads\/2025\/07\/img_6658.jpg?resize=350%2C200","width":350,"height":200,"srcset":"https:\/\/i0.wp.com\/imkerei-watermeyer.de\/wp-content\/uploads\/2025\/07\/img_6658.jpg?resize=350%2C200 1x, https:\/\/i0.wp.com\/imkerei-watermeyer.de\/wp-content\/uploads\/2025\/07\/img_6658.jpg?resize=700%2C400 2x, https:\/\/i0.wp.com\/imkerei-watermeyer.de\/wp-content\/uploads\/2025\/07\/img_6658.jpg?resize=1050%2C600 3x, https:\/\/i0.wp.com\/imkerei-watermeyer.de\/wp-content\/uploads\/2025\/07\/img_6658.jpg?resize=1400%2C800 4x"},"classes":[]},{"id":1305,"url":"http:\/\/imkerei-watermeyer.de\/?p=1305","url_meta":{"origin":1269,"position":1},"title":"Amy und Cees","author":"laggenbiene","date":"Juli 22, 2025","format":false,"excerpt":"Wie in meinem Beitrag \u00fcber unser Ausstellungsjahr 2024 geschrieben, haben wir bei der internationalen Hundeausstellung CACIB Kassel die Z\u00fcchterin Silvia Bayer und ihre H\u00fcndin Amy kennengelernt. Silvia war so angetan von unserem Cees, dass sie diesen unbedingt f\u00fcr den ersten Wurf von Amy als Deckr\u00fcden haben wollte. Amy selber zeigte\u2026","rel":"","context":"In &quot;Gro\u00dfspitze&quot;","block_context":{"text":"Gro\u00dfspitze","link":"http:\/\/imkerei-watermeyer.de\/?cat=192"},"img":{"alt_text":"","src":"https:\/\/i0.wp.com\/imkerei-watermeyer.de\/wp-content\/uploads\/2025\/07\/4935508b-cf53-4634-bad5-78ed7046baae-1.jpg?resize=350%2C200","width":350,"height":200,"srcset":"https:\/\/i0.wp.com\/imkerei-watermeyer.de\/wp-content\/uploads\/2025\/07\/4935508b-cf53-4634-bad5-78ed7046baae-1.jpg?resize=350%2C200 1x, https:\/\/i0.wp.com\/imkerei-watermeyer.de\/wp-content\/uploads\/2025\/07\/4935508b-cf53-4634-bad5-78ed7046baae-1.jpg?resize=700%2C400 2x, https:\/\/i0.wp.com\/imkerei-watermeyer.de\/wp-content\/uploads\/2025\/07\/4935508b-cf53-4634-bad5-78ed7046baae-1.jpg?resize=1050%2C600 3x, https:\/\/i0.wp.com\/imkerei-watermeyer.de\/wp-content\/uploads\/2025\/07\/4935508b-cf53-4634-bad5-78ed7046baae-1.jpg?resize=1400%2C800 4x"},"classes":[]},{"id":1254,"url":"http:\/\/imkerei-watermeyer.de\/?p=1254","url_meta":{"origin":1269,"position":2},"title":"Sch\u00f6nster Wei\u00dfer Gro\u00dfspitz \ud83c\uddf3\ud83c\uddf1 2023","author":"laggenbiene","date":"Februar 9, 2024","format":false,"excerpt":"Unser Cees hat es tats\u00e4chlich geschafft und ist als Winner of Winners bei den Wei\u00dfen Gro\u00dfspitzen 2023 in den Niederlanden ausgezeichnet worden. Dieser Titel bedeutet, dass Cees bei den Hundeausstellungen in den Niederlanden im Jahr 2023 die meisten Punkte aller Hunde seiner Rasse gesammelt hat. Plakette des WoW-Winnaar 2023 Cees\u2026","rel":"","context":"In &quot;Gro\u00dfspitze&quot;","block_context":{"text":"Gro\u00dfspitze","link":"http:\/\/imkerei-watermeyer.de\/?cat=192"},"img":{"alt_text":"","src":"https:\/\/i0.wp.com\/imkerei-watermeyer.de\/wp-content\/uploads\/2024\/02\/img_4596-2-1.jpg?resize=350%2C200","width":350,"height":200,"srcset":"https:\/\/i0.wp.com\/imkerei-watermeyer.de\/wp-content\/uploads\/2024\/02\/img_4596-2-1.jpg?resize=350%2C200 1x, https:\/\/i0.wp.com\/imkerei-watermeyer.de\/wp-content\/uploads\/2024\/02\/img_4596-2-1.jpg?resize=700%2C400 2x"},"classes":[]},{"id":1197,"url":"http:\/\/imkerei-watermeyer.de\/?p=1197","url_meta":{"origin":1269,"position":3},"title":"It\u2019s a long way\u2026","author":"Homeraner","date":"Mai 31, 2022","format":false,"excerpt":"Es ist wirklich ein langer Weg gewesen, aber jetzt ist es endlich geschafft. Cees hat seine Zuchtzulassung im Verein f\u00fcr Deutsche Spitze erhalten. Das bedeutet, dass er zuk\u00fcnftig zum Erhalt dieser alten, vom Aussterben bedrohten Haustierrasse als Deckr\u00fcde beitragen darf. Vorab, der Besitzer muss nat\u00fcrlich Mitglied im Verein f\u00fcr Deutsche\u2026","rel":"","context":"In &quot;Gro\u00dfspitze&quot;","block_context":{"text":"Gro\u00dfspitze","link":"http:\/\/imkerei-watermeyer.de\/?cat=192"},"img":{"alt_text":"","src":"https:\/\/i0.wp.com\/imkerei-watermeyer.de\/wp-content\/uploads\/2022\/05\/img_6947-scaled.jpg?resize=350%2C200","width":350,"height":200,"srcset":"https:\/\/i0.wp.com\/imkerei-watermeyer.de\/wp-content\/uploads\/2022\/05\/img_6947-scaled.jpg?resize=350%2C200 1x, https:\/\/i0.wp.com\/imkerei-watermeyer.de\/wp-content\/uploads\/2022\/05\/img_6947-scaled.jpg?resize=700%2C400 2x, https:\/\/i0.wp.com\/imkerei-watermeyer.de\/wp-content\/uploads\/2022\/05\/img_6947-scaled.jpg?resize=1050%2C600 3x, https:\/\/i0.wp.com\/imkerei-watermeyer.de\/wp-content\/uploads\/2022\/05\/img_6947-scaled.jpg?resize=1400%2C800 4x"},"classes":[]},{"id":1241,"url":"http:\/\/imkerei-watermeyer.de\/?p=1241","url_meta":{"origin":1269,"position":4},"title":"C\u00e4sar ist Papa!","author":"Homeraner","date":"Juli 9, 2023","format":false,"excerpt":"Auch bei C\u00e4sar haben wir es zwischenzeitlich geschafft und er hat ebenfalls die Zuchtzulassung im Verein f\u00fcr Deutsche Spitze erhalten. Wir wussten es ja schon immer, dass C\u00e4sar ein ganz h\u00fcbscher schwarzer Gro\u00dfspitzr\u00fcde ist, aber bei den Ausstellungen, die wir im Jahr 2022 mit C\u00e4sar besucht hatten, ist er auch\u2026","rel":"","context":"In &quot;Gro\u00dfspitze&quot;","block_context":{"text":"Gro\u00dfspitze","link":"http:\/\/imkerei-watermeyer.de\/?cat=192"},"img":{"alt_text":"","src":"https:\/\/i0.wp.com\/imkerei-watermeyer.de\/wp-content\/uploads\/2023\/07\/image-461x1024-1-edited.png?resize=350%2C200","width":350,"height":200},"classes":[]},{"id":187,"url":"http:\/\/imkerei-watermeyer.de\/?p=187","url_meta":{"origin":1269,"position":5},"title":"Schwarmkontrolle &#8211; Wieso die Kippkontrolle nicht reicht!","author":"Homeraner","date":"Juli 6, 2015","format":false,"excerpt":"Bei der Schwarmkontrolle kontrolliert der Imker die unteren 2 Etagen einer Bienenbeute und schaut nach, ob die Bienen sogenannte Weiselzellen gebaut haben oder gerade bauen. In den Weiselzellen ziehen die Bienen neue K\u00f6niginnen heran. Dabei handelt es sich urspr\u00fcnglich genau wie bei einer Arbeiterinnenzelle, um ein normales befruchtetes Ei, welches\u2026","rel":"","context":"In &quot;Blick ins Volk&quot;","block_context":{"text":"Blick ins Volk","link":"http:\/\/imkerei-watermeyer.de\/?cat=4"},"img":{"alt_text":"","src":"https:\/\/i0.wp.com\/imkerei-watermeyer.de\/wp-content\/uploads\/2015\/07\/IMG_2729.jpg?resize=350%2C200","width":350,"height":200,"srcset":"https:\/\/i0.wp.com\/imkerei-watermeyer.de\/wp-content\/uploads\/2015\/07\/IMG_2729.jpg?resize=350%2C200 1x, https:\/\/i0.wp.com\/imkerei-watermeyer.de\/wp-content\/uploads\/2015\/07\/IMG_2729.jpg?resize=700%2C400 2x, https:\/\/i0.wp.com\/imkerei-watermeyer.de\/wp-content\/uploads\/2015\/07\/IMG_2729.jpg?resize=1050%2C600 3x, https:\/\/i0.wp.com\/imkerei-watermeyer.de\/wp-content\/uploads\/2015\/07\/IMG_2729.jpg?resize=1400%2C800 4x"},"classes":[]}],"_links":{"self":[{"href":"http:\/\/imkerei-watermeyer.de\/index.php?rest_route=\/wp\/v2\/posts\/1269"}],"collection":[{"href":"http:\/\/imkerei-watermeyer.de\/index.php?rest_route=\/wp\/v2\/posts"}],"about":[{"href":"http:\/\/imkerei-watermeyer.de\/index.php?rest_route=\/wp\/v2\/types\/post"}],"author":[{"embeddable":true,"href":"http:\/\/imkerei-watermeyer.de\/index.php?rest_route=\/wp\/v2\/users\/3"}],"replies":[{"embeddable":true,"href":"http:\/\/imkerei-watermeyer.de\/index.php?rest_route=%2Fwp%2Fv2%2Fcomments&post=1269"}],"version-history":[{"count":0,"href":"http:\/\/imkerei-watermeyer.de\/index.php?rest_route=\/wp\/v2\/posts\/1269\/revisions"}],"wp:featuredmedia":[{"embeddable":true,"href":"http:\/\/imkerei-watermeyer.de\/index.php?rest_route=\/wp\/v2\/media\/1264"}],"wp:attachment":[{"href":"http:\/\/imkerei-watermeyer.de\/index.php?rest_route=%2Fwp%2Fv2%2Fmedia&parent=1269"}],"wp:term":[{"taxonomy":"category","embeddable":true,"href":"http:\/\/imkerei-watermeyer.de\/index.php?rest_route=%2Fwp%2Fv2%2Fcategories&post=1269"},{"taxonomy":"post_tag","embeddable":true,"href":"http:\/\/imkerei-watermeyer.de\/index.php?rest_route=%2Fwp%2Fv2%2Ftags&post=1269"}],"curies":[{"name":"wp","href":"https:\/\/api.w.org\/{rel}","templated":true}]}}