{"id":1254,"date":"2024-02-09T14:56:34","date_gmt":"2024-02-09T14:56:34","guid":{"rendered":"http:\/\/imkerei-watermeyer.de\/?p=1254"},"modified":"2024-05-31T11:06:35","modified_gmt":"2024-05-31T11:06:35","slug":"schoenster-weisser-grossspitz-%f0%9f%87%b3%f0%9f%87%b1-2023","status":"publish","type":"post","link":"http:\/\/imkerei-watermeyer.de\/?p=1254","title":{"rendered":"Sch\u00f6nster Wei\u00dfer Gro\u00dfspitz \ud83c\uddf3\ud83c\uddf1 2023"},"content":{"rendered":"\n<p>Unser Cees hat es tats\u00e4chlich geschafft und ist als Winner of Winners bei den Wei\u00dfen Gro\u00dfspitzen 2023 in den Niederlanden ausgezeichnet worden. <\/p>\n\n\n\n<p>Dieser Titel bedeutet, dass Cees bei den Hundeausstellungen in den Niederlanden im Jahr 2023 die meisten Punkte aller Hunde seiner Rasse gesammelt hat.<\/p>\n\n\n\n<figure class=\"wp-block-image size-large\"><img data-attachment-id=\"1251\" data-permalink=\"http:\/\/imkerei-watermeyer.de\/?attachment_id=1251\" data-orig-file=\"http:\/\/imkerei-watermeyer.de\/wp-content\/uploads\/2024\/02\/img_4596-1.jpg\" data-orig-size=\"800,781\" data-comments-opened=\"1\" data-image-meta=\"{&quot;aperture&quot;:&quot;0&quot;,&quot;credit&quot;:&quot;&quot;,&quot;camera&quot;:&quot;&quot;,&quot;caption&quot;:&quot;&quot;,&quot;created_timestamp&quot;:&quot;0&quot;,&quot;copyright&quot;:&quot;&quot;,&quot;focal_length&quot;:&quot;0&quot;,&quot;iso&quot;:&quot;0&quot;,&quot;shutter_speed&quot;:&quot;0&quot;,&quot;title&quot;:&quot;&quot;,&quot;orientation&quot;:&quot;1&quot;}\" data-image-title=\"img_4596-1\" data-image-description=\"\" data-image-caption=\"\" data-medium-file=\"http:\/\/imkerei-watermeyer.de\/wp-content\/uploads\/2024\/02\/img_4596-1-300x293.jpg\" data-large-file=\"http:\/\/imkerei-watermeyer.de\/wp-content\/uploads\/2024\/02\/img_4596-1.jpg\" decoding=\"async\" loading=\"lazy\" width=\"800\" height=\"781\" src=\"http:\/\/imkerei-watermeyer.de\/wp-content\/uploads\/2024\/02\/img_4596-1.jpg\" alt=\"\" class=\"wp-image-1251\" srcset=\"http:\/\/imkerei-watermeyer.de\/wp-content\/uploads\/2024\/02\/img_4596-1.jpg 800w, http:\/\/imkerei-watermeyer.de\/wp-content\/uploads\/2024\/02\/img_4596-1-300x293.jpg 300w, http:\/\/imkerei-watermeyer.de\/wp-content\/uploads\/2024\/02\/img_4596-1-768x750.jpg 768w, http:\/\/imkerei-watermeyer.de\/wp-content\/uploads\/2024\/02\/img_4596-1-50x50.jpg 50w\" sizes=\"(max-width: 800px) 100vw, 800px\" \/><figcaption class=\"wp-element-caption\">Plakette des WoW-Winnaar 2023<\/figcaption><\/figure>\n\n\n\n<p>Cees geht gerne zu Ausstellungen und ist immer sehr freundlich zu den Preisrichtern. Deswegen hatten wir den Plan gefasst, mit ihm den internationalen Sch\u00f6nheitschampion anzugehen. <\/p>\n\n\n\n<p>Um diesen Titel zu erlangen, muss der Hund bei vier internationalen Hundeausstellungen (CACIB) in mindestens drei verschiedenen L\u00e4ndern und von mindestens drei verschiedenen Richtern Anwartschaften sammeln.<\/p>\n\n\n\n<p>In Oldenburg konnten wir im August 2023 zwei Anwartschaften von zwei verschiedenen Richtern sammeln. Da Cees ja in den Niederlanden geboren wurde und die  Ausstellungen in den Niederlanden f\u00fcr uns n\u00e4her sind als die meisten deutschen Ausstellungen, sind wir dann in die Niederlande gegangen, um das n\u00e4chste Land zu erledigen.<\/p>\n\n\n\n<p>Am 22.10. fuhr Daniel deshalb mit Cees nach Bleiswijk. Cees pr\u00e4sentierte sich wieder einmal vorz\u00fcglich und wurde auch dort bester seiner Rasse (Best of Breed &#8211; BoB).<\/p>\n\n\n\n<figure class=\"wp-block-image size-large\"><img data-attachment-id=\"1252\" data-permalink=\"http:\/\/imkerei-watermeyer.de\/?attachment_id=1252\" data-orig-file=\"http:\/\/imkerei-watermeyer.de\/wp-content\/uploads\/2024\/02\/img_3686-1.jpg\" data-orig-size=\"1170,1630\" data-comments-opened=\"1\" data-image-meta=\"{&quot;aperture&quot;:&quot;0&quot;,&quot;credit&quot;:&quot;&quot;,&quot;camera&quot;:&quot;&quot;,&quot;caption&quot;:&quot;&quot;,&quot;created_timestamp&quot;:&quot;0&quot;,&quot;copyright&quot;:&quot;&quot;,&quot;focal_length&quot;:&quot;0&quot;,&quot;iso&quot;:&quot;0&quot;,&quot;shutter_speed&quot;:&quot;0&quot;,&quot;title&quot;:&quot;&quot;,&quot;orientation&quot;:&quot;1&quot;}\" data-image-title=\"img_3686-1\" data-image-description=\"\" data-image-caption=\"\" data-medium-file=\"http:\/\/imkerei-watermeyer.de\/wp-content\/uploads\/2024\/02\/img_3686-1-215x300.jpg\" data-large-file=\"http:\/\/imkerei-watermeyer.de\/wp-content\/uploads\/2024\/02\/img_3686-1-735x1024.jpg\" decoding=\"async\" loading=\"lazy\" width=\"735\" height=\"1024\" src=\"http:\/\/imkerei-watermeyer.de\/wp-content\/uploads\/2024\/02\/img_3686-1-735x1024.jpg\" alt=\"\" class=\"wp-image-1252\" srcset=\"http:\/\/imkerei-watermeyer.de\/wp-content\/uploads\/2024\/02\/img_3686-1-735x1024.jpg 735w, http:\/\/imkerei-watermeyer.de\/wp-content\/uploads\/2024\/02\/img_3686-1-215x300.jpg 215w, http:\/\/imkerei-watermeyer.de\/wp-content\/uploads\/2024\/02\/img_3686-1-768x1070.jpg 768w, http:\/\/imkerei-watermeyer.de\/wp-content\/uploads\/2024\/02\/img_3686-1-1103x1536.jpg 1103w, http:\/\/imkerei-watermeyer.de\/wp-content\/uploads\/2024\/02\/img_3686-1.jpg 1170w\" sizes=\"(max-width: 735px) 100vw, 735px\" \/><\/figure>\n\n\n\n<p>Durch diesen Tagessieg befl\u00fcgelt meldeten wir dann auch f\u00fcr die Ausstellung in Leeuwarden. Da das Training vor der Ausstellung aufgrund einer Dienstreise von Daniel leider zu kurz kam, reichte es dort nur f\u00fcr ein \u201esehr gut\u201c. Mit dieser Platzierung kletterte Cees aber auf Platz 1 der niederl\u00e4ndischen Jahreswertung.<\/p>\n\n\n\n<figure class=\"wp-block-image size-large\"><img data-attachment-id=\"1257\" data-permalink=\"http:\/\/imkerei-watermeyer.de\/?attachment_id=1257\" data-orig-file=\"http:\/\/imkerei-watermeyer.de\/wp-content\/uploads\/2024\/02\/img_4592-1.jpg\" data-orig-size=\"1170,1620\" data-comments-opened=\"1\" data-image-meta=\"{&quot;aperture&quot;:&quot;0&quot;,&quot;credit&quot;:&quot;&quot;,&quot;camera&quot;:&quot;&quot;,&quot;caption&quot;:&quot;&quot;,&quot;created_timestamp&quot;:&quot;0&quot;,&quot;copyright&quot;:&quot;&quot;,&quot;focal_length&quot;:&quot;0&quot;,&quot;iso&quot;:&quot;0&quot;,&quot;shutter_speed&quot;:&quot;0&quot;,&quot;title&quot;:&quot;&quot;,&quot;orientation&quot;:&quot;1&quot;}\" data-image-title=\"img_4592-1\" data-image-description=\"\" data-image-caption=\"\" data-medium-file=\"http:\/\/imkerei-watermeyer.de\/wp-content\/uploads\/2024\/02\/img_4592-1-217x300.jpg\" data-large-file=\"http:\/\/imkerei-watermeyer.de\/wp-content\/uploads\/2024\/02\/img_4592-1-740x1024.jpg\" decoding=\"async\" loading=\"lazy\" width=\"740\" height=\"1024\" src=\"http:\/\/imkerei-watermeyer.de\/wp-content\/uploads\/2024\/02\/img_4592-1-740x1024.jpg\" alt=\"\" class=\"wp-image-1257\" srcset=\"http:\/\/imkerei-watermeyer.de\/wp-content\/uploads\/2024\/02\/img_4592-1-740x1024.jpg 740w, http:\/\/imkerei-watermeyer.de\/wp-content\/uploads\/2024\/02\/img_4592-1-217x300.jpg 217w, http:\/\/imkerei-watermeyer.de\/wp-content\/uploads\/2024\/02\/img_4592-1-768x1063.jpg 768w, http:\/\/imkerei-watermeyer.de\/wp-content\/uploads\/2024\/02\/img_4592-1-1109x1536.jpg 1109w, http:\/\/imkerei-watermeyer.de\/wp-content\/uploads\/2024\/02\/img_4592-1.jpg 1170w\" sizes=\"(max-width: 740px) 100vw, 740px\" \/><\/figure>\n\n\n\n<p>Aber losgel\u00f6st von allen Titeln &#8211; unser Cees ist f\u00fcr uns eh der Sch\u00f6nste! \ud83d\ude0d<\/p>\n\n\n\n<figure class=\"wp-block-image size-large\"><img data-attachment-id=\"1253\" data-permalink=\"http:\/\/imkerei-watermeyer.de\/?attachment_id=1253\" data-orig-file=\"http:\/\/imkerei-watermeyer.de\/wp-content\/uploads\/2024\/02\/img_9946-1.jpg\" data-orig-size=\"2000,1502\" data-comments-opened=\"1\" data-image-meta=\"{&quot;aperture&quot;:&quot;1.8&quot;,&quot;credit&quot;:&quot;&quot;,&quot;camera&quot;:&quot;DMC-G81&quot;,&quot;caption&quot;:&quot;&quot;,&quot;created_timestamp&quot;:&quot;1667727909&quot;,&quot;copyright&quot;:&quot;&quot;,&quot;focal_length&quot;:&quot;45&quot;,&quot;iso&quot;:&quot;200&quot;,&quot;shutter_speed&quot;:&quot;0.003125&quot;,&quot;title&quot;:&quot;&quot;,&quot;orientation&quot;:&quot;1&quot;}\" data-image-title=\"img_9946-1\" data-image-description=\"\" data-image-caption=\"\" data-medium-file=\"http:\/\/imkerei-watermeyer.de\/wp-content\/uploads\/2024\/02\/img_9946-1-300x225.jpg\" data-large-file=\"http:\/\/imkerei-watermeyer.de\/wp-content\/uploads\/2024\/02\/img_9946-1-1024x769.jpg\" decoding=\"async\" loading=\"lazy\" width=\"1024\" height=\"769\" src=\"http:\/\/imkerei-watermeyer.de\/wp-content\/uploads\/2024\/02\/img_9946-1-1024x769.jpg\" alt=\"\" class=\"wp-image-1253\" srcset=\"http:\/\/imkerei-watermeyer.de\/wp-content\/uploads\/2024\/02\/img_9946-1-1024x769.jpg 1024w, http:\/\/imkerei-watermeyer.de\/wp-content\/uploads\/2024\/02\/img_9946-1-300x225.jpg 300w, http:\/\/imkerei-watermeyer.de\/wp-content\/uploads\/2024\/02\/img_9946-1-768x577.jpg 768w, http:\/\/imkerei-watermeyer.de\/wp-content\/uploads\/2024\/02\/img_9946-1-1536x1154.jpg 1536w, http:\/\/imkerei-watermeyer.de\/wp-content\/uploads\/2024\/02\/img_9946-1.jpg 2000w\" sizes=\"(max-width: 1024px) 100vw, 1024px\" \/><figcaption class=\"wp-element-caption\">Unser Cees van Millus<\/figcaption><\/figure>\n","protected":false},"excerpt":{"rendered":"<p>Unser Cees hat es tats\u00e4chlich geschafft und ist als Winner of Winners bei den Wei\u00dfen Gro\u00dfspitzen 2023 in den Niederlanden ausgezeichnet worden. Dieser Titel bedeutet, dass Cees bei den Hundeausstellungen in den Niederlanden im Jahr 2023 die meisten Punkte aller Hunde seiner Rasse gesammelt hat. Cees geht gerne zu Ausstellungen [&hellip;]<\/p>\n","protected":false},"author":3,"featured_media":1255,"comment_status":"open","ping_status":"open","sticky":false,"template":"","format":"standard","meta":{"jetpack_post_was_ever_published":false,"_jetpack_newsletter_access":"","jetpack_publicize_message":"","jetpack_is_tweetstorm":false,"jetpack_publicize_feature_enabled":true,"jetpack_social_post_already_shared":true,"jetpack_social_options":{"image_generator_settings":{"template":"highway","enabled":false}}},"categories":[192,1],"tags":[204,202,197,58,211,199,193,212,203,90,89,194,196,198,200,109,195],"jetpack_publicize_connections":[],"jetpack_featured_media_url":"http:\/\/imkerei-watermeyer.de\/wp-content\/uploads\/2024\/02\/img_4596-2-1.jpg","jetpack_sharing_enabled":true,"jetpack_shortlink":"https:\/\/wp.me\/p9uDaz-ke","jetpack_likes_enabled":true,"jetpack-related-posts":[{"id":1289,"url":"http:\/\/imkerei-watermeyer.de\/?p=1289","url_meta":{"origin":1254,"position":0},"title":"Titel \u00fcber Titel","author":"laggenbiene","date":"Juli 21, 2025","format":false,"excerpt":"Ich habe keine Ahnung, was mich dabei geritten hat, in 2024 mit Cees und C\u00e4sar an so vielen Ausstellungen teilzunehmen. In Kassel im Januar war ich noch alleine mit Cees. Es war eine erfolgreiche Ausstellung f\u00fcr uns. Cees wurde Best Of Breed und vor allem haben wir Silvia Bayer mit\u2026","rel":"","context":"In &quot;Ausstellungen&quot;","block_context":{"text":"Ausstellungen","link":"http:\/\/imkerei-watermeyer.de\/?cat=213"},"img":{"alt_text":"","src":"https:\/\/i0.wp.com\/imkerei-watermeyer.de\/wp-content\/uploads\/2025\/07\/img_6658.jpg?resize=350%2C200","width":350,"height":200,"srcset":"https:\/\/i0.wp.com\/imkerei-watermeyer.de\/wp-content\/uploads\/2025\/07\/img_6658.jpg?resize=350%2C200 1x, https:\/\/i0.wp.com\/imkerei-watermeyer.de\/wp-content\/uploads\/2025\/07\/img_6658.jpg?resize=700%2C400 2x, https:\/\/i0.wp.com\/imkerei-watermeyer.de\/wp-content\/uploads\/2025\/07\/img_6658.jpg?resize=1050%2C600 3x, https:\/\/i0.wp.com\/imkerei-watermeyer.de\/wp-content\/uploads\/2025\/07\/img_6658.jpg?resize=1400%2C800 4x"},"classes":[]},{"id":1269,"url":"http:\/\/imkerei-watermeyer.de\/?p=1269","url_meta":{"origin":1254,"position":1},"title":"Cees und C\u00e4sar sind Europasieger","author":"laggenbiene","date":"Mai 31, 2024","format":false,"excerpt":"Cees und C\u00e4sar haben einen sehr erfolgreichen Start in das Ausstellungsjahr 2024 hingelegt. Mit Cees war ich bei den internationalen Hundeausstellungen (CACIB) in Kassel, Lingen und in Dortmund (Fr\u00fchjahrssieger- und Europasiegerausstellung). Cees bei der Ausstellung in Kassel Bei jeder Ausstellung wurde Cees mit der H\u00f6chstnote \u201evorz\u00fcglich\u201c bewertet und als bester\u2026","rel":"","context":"In &quot;Ausstellungen&quot;","block_context":{"text":"Ausstellungen","link":"http:\/\/imkerei-watermeyer.de\/?cat=213"},"img":{"alt_text":"","src":"https:\/\/i0.wp.com\/imkerei-watermeyer.de\/wp-content\/uploads\/2024\/05\/img_5055.jpg?resize=350%2C200","width":350,"height":200,"srcset":"https:\/\/i0.wp.com\/imkerei-watermeyer.de\/wp-content\/uploads\/2024\/05\/img_5055.jpg?resize=350%2C200 1x, https:\/\/i0.wp.com\/imkerei-watermeyer.de\/wp-content\/uploads\/2024\/05\/img_5055.jpg?resize=700%2C400 2x, https:\/\/i0.wp.com\/imkerei-watermeyer.de\/wp-content\/uploads\/2024\/05\/img_5055.jpg?resize=1050%2C600 3x, https:\/\/i0.wp.com\/imkerei-watermeyer.de\/wp-content\/uploads\/2024\/05\/img_5055.jpg?resize=1400%2C800 4x"},"classes":[]},{"id":1197,"url":"http:\/\/imkerei-watermeyer.de\/?p=1197","url_meta":{"origin":1254,"position":2},"title":"It\u2019s a long way\u2026","author":"Homeraner","date":"Mai 31, 2022","format":false,"excerpt":"Es ist wirklich ein langer Weg gewesen, aber jetzt ist es endlich geschafft. Cees hat seine Zuchtzulassung im Verein f\u00fcr Deutsche Spitze erhalten. Das bedeutet, dass er zuk\u00fcnftig zum Erhalt dieser alten, vom Aussterben bedrohten Haustierrasse als Deckr\u00fcde beitragen darf. Vorab, der Besitzer muss nat\u00fcrlich Mitglied im Verein f\u00fcr Deutsche\u2026","rel":"","context":"In &quot;Gro\u00dfspitze&quot;","block_context":{"text":"Gro\u00dfspitze","link":"http:\/\/imkerei-watermeyer.de\/?cat=192"},"img":{"alt_text":"","src":"https:\/\/i0.wp.com\/imkerei-watermeyer.de\/wp-content\/uploads\/2022\/05\/img_6947-scaled.jpg?resize=350%2C200","width":350,"height":200,"srcset":"https:\/\/i0.wp.com\/imkerei-watermeyer.de\/wp-content\/uploads\/2022\/05\/img_6947-scaled.jpg?resize=350%2C200 1x, https:\/\/i0.wp.com\/imkerei-watermeyer.de\/wp-content\/uploads\/2022\/05\/img_6947-scaled.jpg?resize=700%2C400 2x, https:\/\/i0.wp.com\/imkerei-watermeyer.de\/wp-content\/uploads\/2022\/05\/img_6947-scaled.jpg?resize=1050%2C600 3x, https:\/\/i0.wp.com\/imkerei-watermeyer.de\/wp-content\/uploads\/2022\/05\/img_6947-scaled.jpg?resize=1400%2C800 4x"},"classes":[]},{"id":1305,"url":"http:\/\/imkerei-watermeyer.de\/?p=1305","url_meta":{"origin":1254,"position":3},"title":"Amy und Cees","author":"laggenbiene","date":"Juli 22, 2025","format":false,"excerpt":"Wie in meinem Beitrag \u00fcber unser Ausstellungsjahr 2024 geschrieben, haben wir bei der internationalen Hundeausstellung CACIB Kassel die Z\u00fcchterin Silvia Bayer und ihre H\u00fcndin Amy kennengelernt. Silvia war so angetan von unserem Cees, dass sie diesen unbedingt f\u00fcr den ersten Wurf von Amy als Deckr\u00fcden haben wollte. Amy selber zeigte\u2026","rel":"","context":"In &quot;Gro\u00dfspitze&quot;","block_context":{"text":"Gro\u00dfspitze","link":"http:\/\/imkerei-watermeyer.de\/?cat=192"},"img":{"alt_text":"","src":"https:\/\/i0.wp.com\/imkerei-watermeyer.de\/wp-content\/uploads\/2025\/07\/4935508b-cf53-4634-bad5-78ed7046baae-1.jpg?resize=350%2C200","width":350,"height":200,"srcset":"https:\/\/i0.wp.com\/imkerei-watermeyer.de\/wp-content\/uploads\/2025\/07\/4935508b-cf53-4634-bad5-78ed7046baae-1.jpg?resize=350%2C200 1x, https:\/\/i0.wp.com\/imkerei-watermeyer.de\/wp-content\/uploads\/2025\/07\/4935508b-cf53-4634-bad5-78ed7046baae-1.jpg?resize=700%2C400 2x, https:\/\/i0.wp.com\/imkerei-watermeyer.de\/wp-content\/uploads\/2025\/07\/4935508b-cf53-4634-bad5-78ed7046baae-1.jpg?resize=1050%2C600 3x, https:\/\/i0.wp.com\/imkerei-watermeyer.de\/wp-content\/uploads\/2025\/07\/4935508b-cf53-4634-bad5-78ed7046baae-1.jpg?resize=1400%2C800 4x"},"classes":[]},{"id":1241,"url":"http:\/\/imkerei-watermeyer.de\/?p=1241","url_meta":{"origin":1254,"position":4},"title":"C\u00e4sar ist Papa!","author":"Homeraner","date":"Juli 9, 2023","format":false,"excerpt":"Auch bei C\u00e4sar haben wir es zwischenzeitlich geschafft und er hat ebenfalls die Zuchtzulassung im Verein f\u00fcr Deutsche Spitze erhalten. Wir wussten es ja schon immer, dass C\u00e4sar ein ganz h\u00fcbscher schwarzer Gro\u00dfspitzr\u00fcde ist, aber bei den Ausstellungen, die wir im Jahr 2022 mit C\u00e4sar besucht hatten, ist er auch\u2026","rel":"","context":"In &quot;Gro\u00dfspitze&quot;","block_context":{"text":"Gro\u00dfspitze","link":"http:\/\/imkerei-watermeyer.de\/?cat=192"},"img":{"alt_text":"","src":"https:\/\/i0.wp.com\/imkerei-watermeyer.de\/wp-content\/uploads\/2023\/07\/image-461x1024-1-edited.png?resize=350%2C200","width":350,"height":200},"classes":[]},{"id":548,"url":"http:\/\/imkerei-watermeyer.de\/?p=548","url_meta":{"origin":1254,"position":5},"title":"Das Bienenjahr beginnt","author":"Homeraner","date":"M\u00e4rz 22, 2019","format":false,"excerpt":"Heute hat es das Thermometer bei uns in Laggenbeck fast bis an die 20 Grad Celsius geschafft. Die Natur explodiert f\u00f6rmlich bei dieser warmen Witterung und auch die Bienen werden auch immer aktiver. Beobachtet man die Aktivit\u00e4ten am Flugloch, sind immer wieder auch Bienen mit Pollen an den Beinen zu\u2026","rel":"","context":"In &quot;Bienenbilder&quot;","block_context":{"text":"Bienenbilder","link":"http:\/\/imkerei-watermeyer.de\/?cat=2"},"img":{"alt_text":"","src":"https:\/\/i0.wp.com\/imkerei-watermeyer.de\/wp-content\/uploads\/2019\/03\/img_3628.jpg?resize=350%2C200","width":350,"height":200,"srcset":"https:\/\/i0.wp.com\/imkerei-watermeyer.de\/wp-content\/uploads\/2019\/03\/img_3628.jpg?resize=350%2C200 1x, https:\/\/i0.wp.com\/imkerei-watermeyer.de\/wp-content\/uploads\/2019\/03\/img_3628.jpg?resize=700%2C400 2x, https:\/\/i0.wp.com\/imkerei-watermeyer.de\/wp-content\/uploads\/2019\/03\/img_3628.jpg?resize=1050%2C600 3x, https:\/\/i0.wp.com\/imkerei-watermeyer.de\/wp-content\/uploads\/2019\/03\/img_3628.jpg?resize=1400%2C800 4x"},"classes":[]}],"_links":{"self":[{"href":"http:\/\/imkerei-watermeyer.de\/index.php?rest_route=\/wp\/v2\/posts\/1254"}],"collection":[{"href":"http:\/\/imkerei-watermeyer.de\/index.php?rest_route=\/wp\/v2\/posts"}],"about":[{"href":"http:\/\/imkerei-watermeyer.de\/index.php?rest_route=\/wp\/v2\/types\/post"}],"author":[{"embeddable":true,"href":"http:\/\/imkerei-watermeyer.de\/index.php?rest_route=\/wp\/v2\/users\/3"}],"replies":[{"embeddable":true,"href":"http:\/\/imkerei-watermeyer.de\/index.php?rest_route=%2Fwp%2Fv2%2Fcomments&post=1254"}],"version-history":[{"count":3,"href":"http:\/\/imkerei-watermeyer.de\/index.php?rest_route=\/wp\/v2\/posts\/1254\/revisions"}],"predecessor-version":[{"id":1270,"href":"http:\/\/imkerei-watermeyer.de\/index.php?rest_route=\/wp\/v2\/posts\/1254\/revisions\/1270"}],"wp:featuredmedia":[{"embeddable":true,"href":"http:\/\/imkerei-watermeyer.de\/index.php?rest_route=\/wp\/v2\/media\/1255"}],"wp:attachment":[{"href":"http:\/\/imkerei-watermeyer.de\/index.php?rest_route=%2Fwp%2Fv2%2Fmedia&parent=1254"}],"wp:term":[{"taxonomy":"category","embeddable":true,"href":"http:\/\/imkerei-watermeyer.de\/index.php?rest_route=%2Fwp%2Fv2%2Fcategories&post=1254"},{"taxonomy":"post_tag","embeddable":true,"href":"http:\/\/imkerei-watermeyer.de\/index.php?rest_route=%2Fwp%2Fv2%2Ftags&post=1254"}],"curies":[{"name":"wp","href":"https:\/\/api.w.org\/{rel}","templated":true}]}}