{"id":1241,"date":"2023-07-09T13:34:28","date_gmt":"2023-07-09T13:34:28","guid":{"rendered":"https:\/\/imkerei-watermeyer.de\/?p=1241"},"modified":"2023-07-09T13:38:55","modified_gmt":"2023-07-09T13:38:55","slug":"caesar-ist-papa","status":"publish","type":"post","link":"http:\/\/imkerei-watermeyer.de\/?p=1241","title":{"rendered":"C\u00e4sar ist Papa!"},"content":{"rendered":"\n<p>Auch bei C\u00e4sar haben wir es zwischenzeitlich geschafft und er hat ebenfalls die Zuchtzulassung im <a href=\"http:\/\/www.deutsche-spitze.de\" data-type=\"URL\" data-id=\"www.deutsche-spitze.de\" target=\"_blank\" rel=\"noreferrer noopener\">Verein f\u00fcr Deutsche Spitze<\/a> erhalten. Wir wussten es ja schon immer, dass C\u00e4sar ein ganz h\u00fcbscher schwarzer Gro\u00dfspitzr\u00fcde ist, aber bei den Ausstellungen, die wir im Jahr 2022 mit C\u00e4sar besucht hatten, ist er auch einigen Z\u00fcchterinnen positiv aufgefallen.<\/p>\n\n\n<div class=\"wp-block-image\">\n<figure class=\"aligncenter size-full\"><a href=\"https:\/\/imkerei-watermeyer.de\/wp-content\/uploads\/2023\/07\/7c86968f-23a7-48b3-969f-886aed1dcd9c.jpg\"><img data-attachment-id=\"1249\" data-permalink=\"http:\/\/imkerei-watermeyer.de\/?attachment_id=1249\" data-orig-file=\"http:\/\/imkerei-watermeyer.de\/wp-content\/uploads\/2023\/07\/7c86968f-23a7-48b3-969f-886aed1dcd9c.jpg\" data-orig-size=\"1024,769\" data-comments-opened=\"1\" data-image-meta=\"{&quot;aperture&quot;:&quot;0&quot;,&quot;credit&quot;:&quot;&quot;,&quot;camera&quot;:&quot;&quot;,&quot;caption&quot;:&quot;&quot;,&quot;created_timestamp&quot;:&quot;0&quot;,&quot;copyright&quot;:&quot;&quot;,&quot;focal_length&quot;:&quot;0&quot;,&quot;iso&quot;:&quot;0&quot;,&quot;shutter_speed&quot;:&quot;0&quot;,&quot;title&quot;:&quot;&quot;,&quot;orientation&quot;:&quot;0&quot;}\" data-image-title=\"7c86968f-23a7-48b3-969f-886aed1dcd9c\" data-image-description=\"\" data-image-caption=\"\" data-medium-file=\"http:\/\/imkerei-watermeyer.de\/wp-content\/uploads\/2023\/07\/7c86968f-23a7-48b3-969f-886aed1dcd9c-300x225.jpg\" data-large-file=\"http:\/\/imkerei-watermeyer.de\/wp-content\/uploads\/2023\/07\/7c86968f-23a7-48b3-969f-886aed1dcd9c.jpg\" decoding=\"async\" loading=\"lazy\" width=\"1024\" height=\"769\" src=\"https:\/\/imkerei-watermeyer.de\/wp-content\/uploads\/2023\/07\/7c86968f-23a7-48b3-969f-886aed1dcd9c.jpg\" alt=\"\" class=\"wp-image-1249\" srcset=\"http:\/\/imkerei-watermeyer.de\/wp-content\/uploads\/2023\/07\/7c86968f-23a7-48b3-969f-886aed1dcd9c.jpg 1024w, http:\/\/imkerei-watermeyer.de\/wp-content\/uploads\/2023\/07\/7c86968f-23a7-48b3-969f-886aed1dcd9c-300x225.jpg 300w, http:\/\/imkerei-watermeyer.de\/wp-content\/uploads\/2023\/07\/7c86968f-23a7-48b3-969f-886aed1dcd9c-768x577.jpg 768w\" sizes=\"(max-width: 1024px) 100vw, 1024px\" \/><\/a><figcaption class=\"wp-element-caption\">C\u00e4sar (Watermeyer)<\/figcaption><\/figure><\/div>\n\n\n<p>C\u00e4sar ist aber nicht nur \u00e4u\u00dferlich ein stattlicher R\u00fcde! Auch seine inneren Werte &#8211; sprich seine Genetik &#8211; wissen zu \u00fcberzeugen. Er ist einer der wenigen im Verein zugelassenen Deckr\u00fcden, der auf dem sogenannten K-Lokus reinerbig schwarz vererbt und gleichzeitig auch noch kein Schecktr\u00e4ger ist. Er ist somit ein Garant daf\u00fcr, dass nur Welpen geboren werden, die den zugelassen Farben im Verein f\u00fcr Deutsche Spitze entsprechen. Wenn ihr mehr \u00fcber die Farbgenetik bei den Gro\u00dfspitzen wissen wollt, findet ihr hier weitere Informationen: <a rel=\"noreferrer noopener\" href=\"https:\/\/www.spitzdatenbank.de\/db\/showpage.php?seite=s-w-grossspitz\" data-type=\"URL\" data-id=\"https:\/\/www.spitzdatenbank.de\/db\/showpage.php?seite=s-w-grossspitz\" target=\"_blank\">www.spitzdatenbank.de<\/a>.<\/p>\n\n\n\n<p>Im April sprach uns dann Renate Elgert &#8211; Schmidtke an. Sie w\u00fcrde gerne ihre H\u00fcndin <a href=\"https:\/\/www.grossspitzevonsalz-talheim.de\/alexi\/\" data-type=\"URL\" data-id=\"https:\/\/www.grossspitzevonsalz-talheim.de\/alexi\/\" target=\"_blank\" rel=\"noreferrer noopener\">Viasalis Alexi<\/a> mit unserem C\u00e4sar verpaaren. Da wir von vorherigen Ausstellungen wussten, wie sehr sich Renate und ihr Mann Lothar mit ihrer Zucht &#8222;<a href=\"https:\/\/www.grossspitzevonsalz-talheim.de\" data-type=\"URL\" data-id=\"https:\/\/www.grossspitzevonsalz-talheim.de\" target=\"_blank\" rel=\"noreferrer noopener\">Schwarze Gro\u00dfspitze von Salz-Talheim<\/a>&#8220; darum bem\u00fchen, dass auch die Welpen ihrer W\u00fcrfe zu Ausstellungen kommen, sagten wir gerne zu. Au\u00dferdem hatte diese Verpaarung den Reiz, dass es sowohl wei\u00dfe als auch schwarze Welpen geben k\u00f6nnte.<\/p>\n\n\n<div class=\"wp-block-image\">\n<figure class=\"aligncenter size-full\"><a href=\"https:\/\/imkerei-watermeyer.de\/wp-content\/uploads\/2023\/07\/85a53359-5b95-45ad-8cc9-472238f53cbd.jpg\"><img data-attachment-id=\"1248\" data-permalink=\"http:\/\/imkerei-watermeyer.de\/?attachment_id=1248\" data-orig-file=\"http:\/\/imkerei-watermeyer.de\/wp-content\/uploads\/2023\/07\/85a53359-5b95-45ad-8cc9-472238f53cbd.jpg\" data-orig-size=\"787,720\" data-comments-opened=\"1\" data-image-meta=\"{&quot;aperture&quot;:&quot;0&quot;,&quot;credit&quot;:&quot;&quot;,&quot;camera&quot;:&quot;&quot;,&quot;caption&quot;:&quot;&quot;,&quot;created_timestamp&quot;:&quot;0&quot;,&quot;copyright&quot;:&quot;&quot;,&quot;focal_length&quot;:&quot;0&quot;,&quot;iso&quot;:&quot;0&quot;,&quot;shutter_speed&quot;:&quot;0&quot;,&quot;title&quot;:&quot;&quot;,&quot;orientation&quot;:&quot;0&quot;}\" data-image-title=\"85a53359-5b95-45ad-8cc9-472238f53cbd\" data-image-description=\"\" data-image-caption=\"\" data-medium-file=\"http:\/\/imkerei-watermeyer.de\/wp-content\/uploads\/2023\/07\/85a53359-5b95-45ad-8cc9-472238f53cbd-300x274.jpg\" data-large-file=\"http:\/\/imkerei-watermeyer.de\/wp-content\/uploads\/2023\/07\/85a53359-5b95-45ad-8cc9-472238f53cbd.jpg\" decoding=\"async\" loading=\"lazy\" width=\"787\" height=\"720\" src=\"https:\/\/imkerei-watermeyer.de\/wp-content\/uploads\/2023\/07\/85a53359-5b95-45ad-8cc9-472238f53cbd.jpg\" alt=\"\" class=\"wp-image-1248\" srcset=\"http:\/\/imkerei-watermeyer.de\/wp-content\/uploads\/2023\/07\/85a53359-5b95-45ad-8cc9-472238f53cbd.jpg 787w, http:\/\/imkerei-watermeyer.de\/wp-content\/uploads\/2023\/07\/85a53359-5b95-45ad-8cc9-472238f53cbd-300x274.jpg 300w, http:\/\/imkerei-watermeyer.de\/wp-content\/uploads\/2023\/07\/85a53359-5b95-45ad-8cc9-472238f53cbd-768x703.jpg 768w\" sizes=\"(max-width: 787px) 100vw, 787px\" \/><\/a><figcaption class=\"wp-element-caption\">Viasalis Alexi &#8211; Foto: Renate Elgert-Schmidtke<\/figcaption><\/figure><\/div>\n\n\n<p>Mit der n\u00e4chsten L\u00e4ufigkeit Alexis ging es dann schneller als erwartet und bereits Anfang Mai kamen Renate und Lothar mit Alexi zu uns zu Besuch. C\u00e4sar war nat\u00fcrlich direkt Feuer und Flamme und bem\u00fchte sich redlich darum, die erfahrenere Alexi von seinen Qualit\u00e4ten als junger Deckr\u00fcde zu \u00fcberzeugen. Nachdem die beiden die ersten Stunden noch erfolglos probierten, klappte es dann mit den beiden und sie hingen zusammen.<\/p>\n\n\n\n<p>Vier Wochen danach hatte Alexi dann einen Ultraschall-Termin beim Tierarzt. Dieser best\u00e4tigte die Tr\u00e4chtigkeit und z\u00e4hlte 5 Welpen im Ultraschall. Damit k\u00fcndigten sich nun also f\u00fcr Ende Juni &#8211; Anfang Juli Welpen im Zwinger Salz-Talheim an.<\/p>\n\n\n<div class=\"wp-block-image\">\n<figure class=\"aligncenter size-large\"><a href=\"https:\/\/imkerei-watermeyer.de\/wp-content\/uploads\/2023\/07\/3ce7b3a9-d86f-469e-aaf7-66091683393a.jpg\"><img data-attachment-id=\"1247\" data-permalink=\"http:\/\/imkerei-watermeyer.de\/?attachment_id=1247\" data-orig-file=\"http:\/\/imkerei-watermeyer.de\/wp-content\/uploads\/2023\/07\/3ce7b3a9-d86f-469e-aaf7-66091683393a.jpg\" data-orig-size=\"1600,720\" data-comments-opened=\"1\" data-image-meta=\"{&quot;aperture&quot;:&quot;0&quot;,&quot;credit&quot;:&quot;&quot;,&quot;camera&quot;:&quot;&quot;,&quot;caption&quot;:&quot;&quot;,&quot;created_timestamp&quot;:&quot;0&quot;,&quot;copyright&quot;:&quot;&quot;,&quot;focal_length&quot;:&quot;0&quot;,&quot;iso&quot;:&quot;0&quot;,&quot;shutter_speed&quot;:&quot;0&quot;,&quot;title&quot;:&quot;&quot;,&quot;orientation&quot;:&quot;0&quot;}\" data-image-title=\"3ce7b3a9-d86f-469e-aaf7-66091683393a\" data-image-description=\"\" data-image-caption=\"\" data-medium-file=\"http:\/\/imkerei-watermeyer.de\/wp-content\/uploads\/2023\/07\/3ce7b3a9-d86f-469e-aaf7-66091683393a-300x135.jpg\" data-large-file=\"http:\/\/imkerei-watermeyer.de\/wp-content\/uploads\/2023\/07\/3ce7b3a9-d86f-469e-aaf7-66091683393a-1024x461.jpg\" decoding=\"async\" loading=\"lazy\" width=\"1024\" height=\"461\" src=\"https:\/\/imkerei-watermeyer.de\/wp-content\/uploads\/2023\/07\/3ce7b3a9-d86f-469e-aaf7-66091683393a-1024x461.jpg\" alt=\"\" class=\"wp-image-1247\" srcset=\"http:\/\/imkerei-watermeyer.de\/wp-content\/uploads\/2023\/07\/3ce7b3a9-d86f-469e-aaf7-66091683393a-1024x461.jpg 1024w, http:\/\/imkerei-watermeyer.de\/wp-content\/uploads\/2023\/07\/3ce7b3a9-d86f-469e-aaf7-66091683393a-300x135.jpg 300w, http:\/\/imkerei-watermeyer.de\/wp-content\/uploads\/2023\/07\/3ce7b3a9-d86f-469e-aaf7-66091683393a-768x346.jpg 768w, http:\/\/imkerei-watermeyer.de\/wp-content\/uploads\/2023\/07\/3ce7b3a9-d86f-469e-aaf7-66091683393a-1536x691.jpg 1536w, http:\/\/imkerei-watermeyer.de\/wp-content\/uploads\/2023\/07\/3ce7b3a9-d86f-469e-aaf7-66091683393a.jpg 1600w\" sizes=\"(max-width: 1024px) 100vw, 1024px\" \/><\/a><figcaption class=\"wp-element-caption\">Alexi ist tr\u00e4chtig, wie das Ultraschallbild beweist.<\/figcaption><\/figure><\/div>\n\n\n<p>Am 30.06.2023 war es dann soweit. Renate hatte uns bereits am Tag zuvor informiert, dass Alexi die Wurfbox bezogen hat und diese nicht mehr verlassen m\u00f6chte. In der Nacht ging es dann um 1:30 Uhr mit dem E-Wurf der Zuchtst\u00e4tte los:<\/p>\n\n\n\n<ul>\n<li>1:30 Uhr R\u00fcde, schwarz, 330g<\/li>\n\n\n\n<li>1:50 Uhr H\u00fcndin, schwarz, 330g<\/li>\n\n\n\n<li>2:15 Uhr R\u00fcde, wei\u00df, 290g<\/li>\n\n\n\n<li>2:30 Uhr H\u00fcndin, schwarz, 310g<\/li>\n\n\n\n<li>3:27 Uhr H\u00fcndin, wei\u00df, 300g<\/li>\n\n\n\n<li>3:55 Uhr R\u00fcde, schwarz, 330g<\/li>\n\n\n\n<li>4:00 Uhr R\u00fcde, wei\u00df, 330g<\/li>\n\n\n\n<li>5:00 Uhr H\u00fcndin, schwarz, 300g<\/li>\n<\/ul>\n\n\n<div class=\"wp-block-image\">\n<figure class=\"aligncenter size-full\"><a href=\"https:\/\/imkerei-watermeyer.de\/wp-content\/uploads\/2023\/07\/a11e1617-e962-47de-ae8e-4f952a3cd6f7.jpg\"><img data-attachment-id=\"1246\" data-permalink=\"http:\/\/imkerei-watermeyer.de\/?attachment_id=1246\" data-orig-file=\"http:\/\/imkerei-watermeyer.de\/wp-content\/uploads\/2023\/07\/a11e1617-e962-47de-ae8e-4f952a3cd6f7.jpg\" data-orig-size=\"720,990\" data-comments-opened=\"1\" data-image-meta=\"{&quot;aperture&quot;:&quot;0&quot;,&quot;credit&quot;:&quot;&quot;,&quot;camera&quot;:&quot;&quot;,&quot;caption&quot;:&quot;&quot;,&quot;created_timestamp&quot;:&quot;0&quot;,&quot;copyright&quot;:&quot;&quot;,&quot;focal_length&quot;:&quot;0&quot;,&quot;iso&quot;:&quot;0&quot;,&quot;shutter_speed&quot;:&quot;0&quot;,&quot;title&quot;:&quot;&quot;,&quot;orientation&quot;:&quot;0&quot;}\" data-image-title=\"a11e1617-e962-47de-ae8e-4f952a3cd6f7\" data-image-description=\"\" data-image-caption=\"\" data-medium-file=\"http:\/\/imkerei-watermeyer.de\/wp-content\/uploads\/2023\/07\/a11e1617-e962-47de-ae8e-4f952a3cd6f7-218x300.jpg\" data-large-file=\"http:\/\/imkerei-watermeyer.de\/wp-content\/uploads\/2023\/07\/a11e1617-e962-47de-ae8e-4f952a3cd6f7.jpg\" decoding=\"async\" loading=\"lazy\" width=\"720\" height=\"990\" src=\"https:\/\/imkerei-watermeyer.de\/wp-content\/uploads\/2023\/07\/a11e1617-e962-47de-ae8e-4f952a3cd6f7.jpg\" alt=\"\" class=\"wp-image-1246\" srcset=\"http:\/\/imkerei-watermeyer.de\/wp-content\/uploads\/2023\/07\/a11e1617-e962-47de-ae8e-4f952a3cd6f7.jpg 720w, http:\/\/imkerei-watermeyer.de\/wp-content\/uploads\/2023\/07\/a11e1617-e962-47de-ae8e-4f952a3cd6f7-218x300.jpg 218w\" sizes=\"(max-width: 720px) 100vw, 720px\" \/><\/a><figcaption class=\"wp-element-caption\">Alexi mit ihren Welpen &#8211; Foto: Renate Elgert-Schmidtke<\/figcaption><\/figure><\/div>\n\n\n<p>Wie ihr seht, sind es also sogar 8 Welpen geworden. 4 R\u00fcden und 4 H\u00fcndinnen und davon 5 schwarz und 3 wei\u00df. Wie meinte Renate scherzhaft in Bezug auf den Ultraschall-Termin: &#8222;Da hat der Tierarzt wohl die wei\u00dfen Welpen \u00fcbersehen \ud83d\ude09 .&#8220;<\/p>\n\n\n<div class=\"wp-block-image\">\n<figure class=\"aligncenter size-full\"><a href=\"https:\/\/imkerei-watermeyer.de\/wp-content\/uploads\/2023\/07\/image-461x1024-1.png\"><img data-attachment-id=\"1245\" data-permalink=\"http:\/\/imkerei-watermeyer.de\/?attachment_id=1245\" data-orig-file=\"http:\/\/imkerei-watermeyer.de\/wp-content\/uploads\/2023\/07\/image-461x1024-1-edited.png\" data-orig-size=\"603,461\" data-comments-opened=\"1\" data-image-meta=\"{&quot;aperture&quot;:&quot;0&quot;,&quot;credit&quot;:&quot;&quot;,&quot;camera&quot;:&quot;&quot;,&quot;caption&quot;:&quot;&quot;,&quot;created_timestamp&quot;:&quot;0&quot;,&quot;copyright&quot;:&quot;&quot;,&quot;focal_length&quot;:&quot;0&quot;,&quot;iso&quot;:&quot;0&quot;,&quot;shutter_speed&quot;:&quot;0&quot;,&quot;title&quot;:&quot;&quot;,&quot;orientation&quot;:&quot;0&quot;}\" data-image-title=\"image-461&#215;1024-1\" data-image-description=\"\" data-image-caption=\"\" data-medium-file=\"http:\/\/imkerei-watermeyer.de\/wp-content\/uploads\/2023\/07\/image-461x1024-1-edited-300x229.png\" data-large-file=\"http:\/\/imkerei-watermeyer.de\/wp-content\/uploads\/2023\/07\/image-461x1024-1-edited.png\" decoding=\"async\" loading=\"lazy\" width=\"603\" height=\"461\" src=\"https:\/\/imkerei-watermeyer.de\/wp-content\/uploads\/2023\/07\/image-461x1024-1-edited.png\" alt=\"\" class=\"wp-image-1245\" srcset=\"http:\/\/imkerei-watermeyer.de\/wp-content\/uploads\/2023\/07\/image-461x1024-1-edited.png 603w, http:\/\/imkerei-watermeyer.de\/wp-content\/uploads\/2023\/07\/image-461x1024-1-edited-300x229.png 300w\" sizes=\"(max-width: 603px) 100vw, 603px\" \/><\/a><figcaption class=\"wp-element-caption\">Die Welpen von Alexi und C\u00e4sar &#8211; Foto: Renate Elgert-Schmidtke<\/figcaption><\/figure><\/div>\n\n\n<p>Wie sich die Welpen weiter entwickeln, k\u00f6nnt ihr auf der Homepage <a href=\"https:\/\/www.grossspitzevonsalz-talheim.de\/welpen-2023-e-wurf\/\" target=\"_blank\" rel=\"noreferrer noopener\">https:\/\/www.grossspitzevonsalz-talheim.de\/welpen-2023-e-wurf\/<\/a> verfolgen.<\/p>\n\n\n\n<p>Wir selber werden im August zusammen mit C\u00e4sar die Welpen besuchen fahren und uns selber dann einen Eindruck von C\u00e4sars Kindern machen. Wir freuen uns schon so sehr darauf! <\/p>\n","protected":false},"excerpt":{"rendered":"<p>Auch bei C\u00e4sar haben wir es zwischenzeitlich geschafft und er hat ebenfalls die Zuchtzulassung im Verein f\u00fcr Deutsche Spitze erhalten. Wir wussten es ja schon immer, dass C\u00e4sar ein ganz h\u00fcbscher schwarzer Gro\u00dfspitzr\u00fcde ist, aber bei den Ausstellungen, die wir im Jahr 2022 mit C\u00e4sar besucht hatten, ist er auch [&hellip;]<\/p>\n","protected":false},"author":1,"featured_media":1245,"comment_status":"open","ping_status":"open","sticky":false,"template":"","format":"standard","meta":{"jetpack_post_was_ever_published":false,"_jetpack_newsletter_access":"","jetpack_publicize_message":"","jetpack_is_tweetstorm":false,"jetpack_publicize_feature_enabled":true,"jetpack_social_post_already_shared":true,"jetpack_social_options":{"image_generator_settings":{"template":"highway","enabled":false}}},"categories":[192],"tags":[210,209,206,208,197,58,89,194,198,200,109,195],"jetpack_publicize_connections":[],"jetpack_featured_media_url":"http:\/\/imkerei-watermeyer.de\/wp-content\/uploads\/2023\/07\/image-461x1024-1-edited.png","jetpack_sharing_enabled":true,"jetpack_shortlink":"https:\/\/wp.me\/p9uDaz-k1","jetpack_likes_enabled":true,"jetpack-related-posts":[{"id":1289,"url":"http:\/\/imkerei-watermeyer.de\/?p=1289","url_meta":{"origin":1241,"position":0},"title":"Titel \u00fcber Titel","author":"laggenbiene","date":"Juli 21, 2025","format":false,"excerpt":"Ich habe keine Ahnung, was mich dabei geritten hat, in 2024 mit Cees und C\u00e4sar an so vielen Ausstellungen teilzunehmen. In Kassel im Januar war ich noch alleine mit Cees. Es war eine erfolgreiche Ausstellung f\u00fcr uns. Cees wurde Best Of Breed und vor allem haben wir Silvia Bayer mit\u2026","rel":"","context":"In &quot;Ausstellungen&quot;","block_context":{"text":"Ausstellungen","link":"http:\/\/imkerei-watermeyer.de\/?cat=213"},"img":{"alt_text":"","src":"https:\/\/i0.wp.com\/imkerei-watermeyer.de\/wp-content\/uploads\/2025\/07\/img_6658.jpg?resize=350%2C200","width":350,"height":200,"srcset":"https:\/\/i0.wp.com\/imkerei-watermeyer.de\/wp-content\/uploads\/2025\/07\/img_6658.jpg?resize=350%2C200 1x, https:\/\/i0.wp.com\/imkerei-watermeyer.de\/wp-content\/uploads\/2025\/07\/img_6658.jpg?resize=700%2C400 2x, https:\/\/i0.wp.com\/imkerei-watermeyer.de\/wp-content\/uploads\/2025\/07\/img_6658.jpg?resize=1050%2C600 3x, https:\/\/i0.wp.com\/imkerei-watermeyer.de\/wp-content\/uploads\/2025\/07\/img_6658.jpg?resize=1400%2C800 4x"},"classes":[]},{"id":1197,"url":"http:\/\/imkerei-watermeyer.de\/?p=1197","url_meta":{"origin":1241,"position":1},"title":"It\u2019s a long way\u2026","author":"Homeraner","date":"Mai 31, 2022","format":false,"excerpt":"Es ist wirklich ein langer Weg gewesen, aber jetzt ist es endlich geschafft. Cees hat seine Zuchtzulassung im Verein f\u00fcr Deutsche Spitze erhalten. Das bedeutet, dass er zuk\u00fcnftig zum Erhalt dieser alten, vom Aussterben bedrohten Haustierrasse als Deckr\u00fcde beitragen darf. Vorab, der Besitzer muss nat\u00fcrlich Mitglied im Verein f\u00fcr Deutsche\u2026","rel":"","context":"In &quot;Gro\u00dfspitze&quot;","block_context":{"text":"Gro\u00dfspitze","link":"http:\/\/imkerei-watermeyer.de\/?cat=192"},"img":{"alt_text":"","src":"https:\/\/i0.wp.com\/imkerei-watermeyer.de\/wp-content\/uploads\/2022\/05\/img_6947-scaled.jpg?resize=350%2C200","width":350,"height":200,"srcset":"https:\/\/i0.wp.com\/imkerei-watermeyer.de\/wp-content\/uploads\/2022\/05\/img_6947-scaled.jpg?resize=350%2C200 1x, https:\/\/i0.wp.com\/imkerei-watermeyer.de\/wp-content\/uploads\/2022\/05\/img_6947-scaled.jpg?resize=700%2C400 2x, https:\/\/i0.wp.com\/imkerei-watermeyer.de\/wp-content\/uploads\/2022\/05\/img_6947-scaled.jpg?resize=1050%2C600 3x, https:\/\/i0.wp.com\/imkerei-watermeyer.de\/wp-content\/uploads\/2022\/05\/img_6947-scaled.jpg?resize=1400%2C800 4x"},"classes":[]},{"id":1269,"url":"http:\/\/imkerei-watermeyer.de\/?p=1269","url_meta":{"origin":1241,"position":2},"title":"Cees und C\u00e4sar sind Europasieger","author":"laggenbiene","date":"Mai 31, 2024","format":false,"excerpt":"Cees und C\u00e4sar haben einen sehr erfolgreichen Start in das Ausstellungsjahr 2024 hingelegt. Mit Cees war ich bei den internationalen Hundeausstellungen (CACIB) in Kassel, Lingen und in Dortmund (Fr\u00fchjahrssieger- und Europasiegerausstellung). Cees bei der Ausstellung in Kassel Bei jeder Ausstellung wurde Cees mit der H\u00f6chstnote \u201evorz\u00fcglich\u201c bewertet und als bester\u2026","rel":"","context":"In &quot;Ausstellungen&quot;","block_context":{"text":"Ausstellungen","link":"http:\/\/imkerei-watermeyer.de\/?cat=213"},"img":{"alt_text":"","src":"https:\/\/i0.wp.com\/imkerei-watermeyer.de\/wp-content\/uploads\/2024\/05\/img_5055.jpg?resize=350%2C200","width":350,"height":200,"srcset":"https:\/\/i0.wp.com\/imkerei-watermeyer.de\/wp-content\/uploads\/2024\/05\/img_5055.jpg?resize=350%2C200 1x, https:\/\/i0.wp.com\/imkerei-watermeyer.de\/wp-content\/uploads\/2024\/05\/img_5055.jpg?resize=700%2C400 2x, https:\/\/i0.wp.com\/imkerei-watermeyer.de\/wp-content\/uploads\/2024\/05\/img_5055.jpg?resize=1050%2C600 3x, https:\/\/i0.wp.com\/imkerei-watermeyer.de\/wp-content\/uploads\/2024\/05\/img_5055.jpg?resize=1400%2C800 4x"},"classes":[]},{"id":1305,"url":"http:\/\/imkerei-watermeyer.de\/?p=1305","url_meta":{"origin":1241,"position":3},"title":"Amy und Cees","author":"laggenbiene","date":"Juli 22, 2025","format":false,"excerpt":"Wie in meinem Beitrag \u00fcber unser Ausstellungsjahr 2024 geschrieben, haben wir bei der internationalen Hundeausstellung CACIB Kassel die Z\u00fcchterin Silvia Bayer und ihre H\u00fcndin Amy kennengelernt. Silvia war so angetan von unserem Cees, dass sie diesen unbedingt f\u00fcr den ersten Wurf von Amy als Deckr\u00fcden haben wollte. Amy selber zeigte\u2026","rel":"","context":"In &quot;Gro\u00dfspitze&quot;","block_context":{"text":"Gro\u00dfspitze","link":"http:\/\/imkerei-watermeyer.de\/?cat=192"},"img":{"alt_text":"","src":"https:\/\/i0.wp.com\/imkerei-watermeyer.de\/wp-content\/uploads\/2025\/07\/4935508b-cf53-4634-bad5-78ed7046baae-1.jpg?resize=350%2C200","width":350,"height":200,"srcset":"https:\/\/i0.wp.com\/imkerei-watermeyer.de\/wp-content\/uploads\/2025\/07\/4935508b-cf53-4634-bad5-78ed7046baae-1.jpg?resize=350%2C200 1x, https:\/\/i0.wp.com\/imkerei-watermeyer.de\/wp-content\/uploads\/2025\/07\/4935508b-cf53-4634-bad5-78ed7046baae-1.jpg?resize=700%2C400 2x, https:\/\/i0.wp.com\/imkerei-watermeyer.de\/wp-content\/uploads\/2025\/07\/4935508b-cf53-4634-bad5-78ed7046baae-1.jpg?resize=1050%2C600 3x, https:\/\/i0.wp.com\/imkerei-watermeyer.de\/wp-content\/uploads\/2025\/07\/4935508b-cf53-4634-bad5-78ed7046baae-1.jpg?resize=1400%2C800 4x"},"classes":[]},{"id":191,"url":"http:\/\/imkerei-watermeyer.de\/?p=191","url_meta":{"origin":1241,"position":4},"title":"Warum kein Sortenhonig?","author":"Homeraner","date":"Juli 18, 2015","format":false,"excerpt":"Ihr habt doch sicherlich schon einmal etwas von Lindenhonig, Kastanienhonig oder Rapshonig geh\u00f6rt oder? Das sind Bezeichnungen f\u00fcr sogenannte Sortenhonige. Ein Sortenhonig ist ein Honig, der nach einer bestimmten Tracht (Nektarquelle) benannt ist und von der Besonderheit dieses Nektars gepr\u00e4gt ist. Da sich der Kunde unter diesen Bezeichnungen etwas genaues\u2026","rel":"","context":"In &quot;Blick ins Volk&quot;","block_context":{"text":"Blick ins Volk","link":"http:\/\/imkerei-watermeyer.de\/?cat=4"},"img":{"alt_text":"","src":"https:\/\/i0.wp.com\/imkerei-watermeyer.de\/wp-content\/uploads\/2015\/07\/IMG_3287-0.jpg?resize=350%2C200","width":350,"height":200,"srcset":"https:\/\/i0.wp.com\/imkerei-watermeyer.de\/wp-content\/uploads\/2015\/07\/IMG_3287-0.jpg?resize=350%2C200 1x, https:\/\/i0.wp.com\/imkerei-watermeyer.de\/wp-content\/uploads\/2015\/07\/IMG_3287-0.jpg?resize=700%2C400 2x, https:\/\/i0.wp.com\/imkerei-watermeyer.de\/wp-content\/uploads\/2015\/07\/IMG_3287-0.jpg?resize=1050%2C600 3x, https:\/\/i0.wp.com\/imkerei-watermeyer.de\/wp-content\/uploads\/2015\/07\/IMG_3287-0.jpg?resize=1400%2C800 4x"},"classes":[]},{"id":614,"url":"http:\/\/imkerei-watermeyer.de\/?p=614","url_meta":{"origin":1241,"position":5},"title":"Aller Anfang ist &#8211; Rosmarin und Knoblauch&#8230;!","author":"laggenbiene","date":"Juli 14, 2019","format":false,"excerpt":"Ein allererster Blogbeitrag ist nicht einfach auszusuchen - muss es \"knallen\"? - muss es tiefgr\u00fcndig sein? - muss es besonders professionell wirken? Nein! Auch wenn man sich das schon vorher immer wie ein Mantra sagt - es dann auch wirklich zu beherzigen, ist die andere Sache... ;-) Es hat mich\u2026","rel":"","context":"In &quot;Kr\u00e4uter und Gew\u00fcrze&quot;","block_context":{"text":"Kr\u00e4uter und Gew\u00fcrze","link":"http:\/\/imkerei-watermeyer.de\/?cat=82"},"img":{"alt_text":"","src":"https:\/\/i0.wp.com\/imkerei-watermeyer.de\/wp-content\/uploads\/2019\/07\/org_dsc00145.jpg?resize=350%2C200","width":350,"height":200,"srcset":"https:\/\/i0.wp.com\/imkerei-watermeyer.de\/wp-content\/uploads\/2019\/07\/org_dsc00145.jpg?resize=350%2C200 1x, https:\/\/i0.wp.com\/imkerei-watermeyer.de\/wp-content\/uploads\/2019\/07\/org_dsc00145.jpg?resize=700%2C400 2x, https:\/\/i0.wp.com\/imkerei-watermeyer.de\/wp-content\/uploads\/2019\/07\/org_dsc00145.jpg?resize=1050%2C600 3x, https:\/\/i0.wp.com\/imkerei-watermeyer.de\/wp-content\/uploads\/2019\/07\/org_dsc00145.jpg?resize=1400%2C800 4x"},"classes":[]}],"_links":{"self":[{"href":"http:\/\/imkerei-watermeyer.de\/index.php?rest_route=\/wp\/v2\/posts\/1241"}],"collection":[{"href":"http:\/\/imkerei-watermeyer.de\/index.php?rest_route=\/wp\/v2\/posts"}],"about":[{"href":"http:\/\/imkerei-watermeyer.de\/index.php?rest_route=\/wp\/v2\/types\/post"}],"author":[{"embeddable":true,"href":"http:\/\/imkerei-watermeyer.de\/index.php?rest_route=\/wp\/v2\/users\/1"}],"replies":[{"embeddable":true,"href":"http:\/\/imkerei-watermeyer.de\/index.php?rest_route=%2Fwp%2Fv2%2Fcomments&post=1241"}],"version-history":[{"count":2,"href":"http:\/\/imkerei-watermeyer.de\/index.php?rest_route=\/wp\/v2\/posts\/1241\/revisions"}],"predecessor-version":[{"id":1250,"href":"http:\/\/imkerei-watermeyer.de\/index.php?rest_route=\/wp\/v2\/posts\/1241\/revisions\/1250"}],"wp:featuredmedia":[{"embeddable":true,"href":"http:\/\/imkerei-watermeyer.de\/index.php?rest_route=\/wp\/v2\/media\/1245"}],"wp:attachment":[{"href":"http:\/\/imkerei-watermeyer.de\/index.php?rest_route=%2Fwp%2Fv2%2Fmedia&parent=1241"}],"wp:term":[{"taxonomy":"category","embeddable":true,"href":"http:\/\/imkerei-watermeyer.de\/index.php?rest_route=%2Fwp%2Fv2%2Fcategories&post=1241"},{"taxonomy":"post_tag","embeddable":true,"href":"http:\/\/imkerei-watermeyer.de\/index.php?rest_route=%2Fwp%2Fv2%2Ftags&post=1241"}],"curies":[{"name":"wp","href":"https:\/\/api.w.org\/{rel}","templated":true}]}}