{"id":1197,"date":"2022-05-31T12:56:32","date_gmt":"2022-05-31T12:56:32","guid":{"rendered":"http:\/\/imkerei-watermeyer.de\/?p=1197"},"modified":"2022-05-31T13:23:59","modified_gmt":"2022-05-31T13:23:59","slug":"its-a-long-way","status":"publish","type":"post","link":"http:\/\/imkerei-watermeyer.de\/?p=1197","title":{"rendered":"It\u2019s a long way\u2026"},"content":{"rendered":"\n<p>Es ist wirklich ein langer Weg gewesen, aber jetzt ist es endlich geschafft. Cees hat seine Zuchtzulassung im Verein f\u00fcr Deutsche Spitze erhalten. Das bedeutet, dass er zuk\u00fcnftig zum Erhalt dieser alten, vom Aussterben bedrohten Haustierrasse als Deckr\u00fcde beitragen darf.<\/p>\n\n\n\n<p>Vorab, der Besitzer muss nat\u00fcrlich Mitglied im <a href=\"https:\/\/www.deutsche-spitze.de\/\">Verein f\u00fcr Deutsche Spitze<\/a> sein, damit sein Hund in dem Verein die Zuchtzulassung erhalten kann.<\/p>\n\n\n\n<p>Damit ein R\u00fcde die Zuchtzulassung erhalten kann, m\u00fcssen einige Bedingungen durch den Hund erf\u00fcllt sein.<\/p>\n\n\n\n<p>1. Der R\u00fcde muss aus einer vom <a href=\"http:\/\/www.fci.be\/de\/nomenclature\/\">FCI<\/a> (F\u00e9d\u00e9ration Cynologique Internationale) anerkannten Zucht stammen. Cees wurde in der Zucht \u201e<a href=\"http:\/\/www.kennelvanmillus.nl\">van Millus<\/a>\u201c in den Niederlanden geboren. <\/p>\n\n\n\n<figure class=\"wp-block-image size-large\"><img data-attachment-id=\"1196\" data-permalink=\"http:\/\/imkerei-watermeyer.de\/?attachment_id=1196\" data-orig-file=\"http:\/\/imkerei-watermeyer.de\/wp-content\/uploads\/2022\/05\/img_6908-2.jpg\" data-orig-size=\"739,739\" data-comments-opened=\"1\" data-image-meta=\"{&quot;aperture&quot;:&quot;0&quot;,&quot;credit&quot;:&quot;&quot;,&quot;camera&quot;:&quot;&quot;,&quot;caption&quot;:&quot;&quot;,&quot;created_timestamp&quot;:&quot;0&quot;,&quot;copyright&quot;:&quot;&quot;,&quot;focal_length&quot;:&quot;0&quot;,&quot;iso&quot;:&quot;0&quot;,&quot;shutter_speed&quot;:&quot;0&quot;,&quot;title&quot;:&quot;&quot;,&quot;orientation&quot;:&quot;1&quot;}\" data-image-title=\"img_6908\" data-image-description=\"\" data-image-caption=\"\" data-medium-file=\"http:\/\/imkerei-watermeyer.de\/wp-content\/uploads\/2022\/05\/img_6908-2-300x300.jpg\" data-large-file=\"http:\/\/imkerei-watermeyer.de\/wp-content\/uploads\/2022\/05\/img_6908-2.jpg\" decoding=\"async\" loading=\"lazy\" width=\"739\" height=\"739\" src=\"http:\/\/imkerei-watermeyer.de\/wp-content\/uploads\/2022\/05\/img_6908-2.jpg\" alt=\"\" class=\"wp-image-1196\" srcset=\"http:\/\/imkerei-watermeyer.de\/wp-content\/uploads\/2022\/05\/img_6908-2.jpg 739w, http:\/\/imkerei-watermeyer.de\/wp-content\/uploads\/2022\/05\/img_6908-2-300x300.jpg 300w, http:\/\/imkerei-watermeyer.de\/wp-content\/uploads\/2022\/05\/img_6908-2-150x150.jpg 150w, http:\/\/imkerei-watermeyer.de\/wp-content\/uploads\/2022\/05\/img_6908-2-75x75.jpg 75w\" sizes=\"(max-width: 739px) 100vw, 739px\" \/><figcaption>Der ganz kleine Cees<\/figcaption><\/figure>\n\n\n\n<p>Diese Zucht ist vom niederl\u00e4ndischen Verein innerhalb des FCI dem NSHB anerkannt. Somit hat Cees einen innerhalb des FCI anerkannten Stammbaum.<\/p>\n\n\n\n<figure class=\"wp-block-image size-large\"><img data-attachment-id=\"1198\" data-permalink=\"http:\/\/imkerei-watermeyer.de\/?attachment_id=1198\" data-orig-file=\"http:\/\/imkerei-watermeyer.de\/wp-content\/uploads\/2022\/05\/img_6953-1.jpg\" data-orig-size=\"720,960\" data-comments-opened=\"1\" data-image-meta=\"{&quot;aperture&quot;:&quot;0&quot;,&quot;credit&quot;:&quot;&quot;,&quot;camera&quot;:&quot;&quot;,&quot;caption&quot;:&quot;&quot;,&quot;created_timestamp&quot;:&quot;0&quot;,&quot;copyright&quot;:&quot;&quot;,&quot;focal_length&quot;:&quot;0&quot;,&quot;iso&quot;:&quot;0&quot;,&quot;shutter_speed&quot;:&quot;0&quot;,&quot;title&quot;:&quot;&quot;,&quot;orientation&quot;:&quot;1&quot;}\" data-image-title=\"img_6953\" data-image-description=\"\" data-image-caption=\"\" data-medium-file=\"http:\/\/imkerei-watermeyer.de\/wp-content\/uploads\/2022\/05\/img_6953-1-225x300.jpg\" data-large-file=\"http:\/\/imkerei-watermeyer.de\/wp-content\/uploads\/2022\/05\/img_6953-1.jpg\" decoding=\"async\" loading=\"lazy\" width=\"720\" height=\"960\" src=\"http:\/\/imkerei-watermeyer.de\/wp-content\/uploads\/2022\/05\/img_6953-1.jpg\" alt=\"\" class=\"wp-image-1198\" srcset=\"http:\/\/imkerei-watermeyer.de\/wp-content\/uploads\/2022\/05\/img_6953-1.jpg 720w, http:\/\/imkerei-watermeyer.de\/wp-content\/uploads\/2022\/05\/img_6953-1-225x300.jpg 225w\" sizes=\"(max-width: 720px) 100vw, 720px\" \/><figcaption>Cees niederl\u00e4ndischer Stammbaum<\/figcaption><\/figure>\n\n\n\n<p>1b. Da wir mit Cees in Deutschland z\u00fcchten wollen, ben\u00f6tigte er eine deutsche Zuchtbuchnummer. Diese kann beim Verein in Form einer \u00dcbernahme der niederl\u00e4ndischen Papiere ins deutsche Zuchtbuch beantragt werden. Dazu sind der niederl\u00e4ndischen Original-Stammbaum und die dazugeh\u00f6rigen Exportpapiere einzureichen. Wir haben zuerst die notwendigen Ausstellungen absolviert und haben dann die deutsche Zuchtbuchnummer beantragt. Im Nachhinein w\u00fcrden wir empfehlen es andersrum zu machen und m\u00f6glichst fr\u00fch die deutschen Papiere zu beantragen, da diese f\u00fcr Eintragungen wie zum Beispiel den Zahnstempel oder auch die HD-Untersuchung ben\u00f6tigt werden.<\/p>\n\n\n\n<p>2. Genetische Untersuchungen. Mittels dieser Untersuchungen muss nachgewiesen werden, dass der Hund frei von Erbkrankheiten ist. Zus\u00e4tzlich l\u00e4sst man dabei auch noch die Farbgenetik bestimmen. Cees ist reinerbig wei\u00df und frei von Erbkrankheiten.<\/p>\n\n\n\n<figure class=\"wp-block-image size-large\"><img data-attachment-id=\"1200\" data-permalink=\"http:\/\/imkerei-watermeyer.de\/?attachment_id=1200\" data-orig-file=\"http:\/\/imkerei-watermeyer.de\/wp-content\/uploads\/2022\/05\/img_6954-1.jpg\" data-orig-size=\"960,443\" data-comments-opened=\"1\" data-image-meta=\"{&quot;aperture&quot;:&quot;0&quot;,&quot;credit&quot;:&quot;&quot;,&quot;camera&quot;:&quot;&quot;,&quot;caption&quot;:&quot;&quot;,&quot;created_timestamp&quot;:&quot;0&quot;,&quot;copyright&quot;:&quot;&quot;,&quot;focal_length&quot;:&quot;0&quot;,&quot;iso&quot;:&quot;0&quot;,&quot;shutter_speed&quot;:&quot;0&quot;,&quot;title&quot;:&quot;&quot;,&quot;orientation&quot;:&quot;1&quot;}\" data-image-title=\"img_6954\" data-image-description=\"\" data-image-caption=\"\" data-medium-file=\"http:\/\/imkerei-watermeyer.de\/wp-content\/uploads\/2022\/05\/img_6954-1-300x138.jpg\" data-large-file=\"http:\/\/imkerei-watermeyer.de\/wp-content\/uploads\/2022\/05\/img_6954-1.jpg\" decoding=\"async\" loading=\"lazy\" width=\"960\" height=\"443\" src=\"http:\/\/imkerei-watermeyer.de\/wp-content\/uploads\/2022\/05\/img_6954-1.jpg\" alt=\"\" class=\"wp-image-1200\" srcset=\"http:\/\/imkerei-watermeyer.de\/wp-content\/uploads\/2022\/05\/img_6954-1.jpg 960w, http:\/\/imkerei-watermeyer.de\/wp-content\/uploads\/2022\/05\/img_6954-1-300x138.jpg 300w, http:\/\/imkerei-watermeyer.de\/wp-content\/uploads\/2022\/05\/img_6954-1-768x354.jpg 768w\" sizes=\"(max-width: 960px) 100vw, 960px\" \/><figcaption>Auszug aus dem Genuntersuchungsbericht bei LABOKLIN<\/figcaption><\/figure>\n\n\n\n<p>3. Richterbewertungen. Ein weiteres Kriterium f\u00fcr die Zuchtzulassung ist, dass der Hund von 2 verschiedenen Spezialzuchtrichtern mindestens mit der Note \u201esehr gut\u201c bewertet wird. Dabei ist \u201evorz\u00fcglich\u201c die beste Note und darunter kommt \u201esehr gut\u201c. Das bedeutet aber auch, dass mit dem Hund daf\u00fcr trainiert werden muss, damit er sich richtig pr\u00e4sentiert und auch seine Z\u00e4hne nachgucken l\u00e4sst. Mit Cees haben wir im Jahr 2021 an den Ausstellungen in Dorsten und Biere teilgenommen. Cees hat beide Male ein \u201evorz\u00fcglich\u201c erhalten und somit auch dieses Kriterium erf\u00fcllt.<\/p>\n\n\n\n<figure class=\"wp-block-image size-large\"><img data-attachment-id=\"1202\" data-permalink=\"http:\/\/imkerei-watermeyer.de\/?attachment_id=1202\" data-orig-file=\"http:\/\/imkerei-watermeyer.de\/wp-content\/uploads\/2022\/05\/img_6920-1.jpg\" data-orig-size=\"720,960\" data-comments-opened=\"1\" data-image-meta=\"{&quot;aperture&quot;:&quot;0&quot;,&quot;credit&quot;:&quot;&quot;,&quot;camera&quot;:&quot;&quot;,&quot;caption&quot;:&quot;&quot;,&quot;created_timestamp&quot;:&quot;0&quot;,&quot;copyright&quot;:&quot;&quot;,&quot;focal_length&quot;:&quot;0&quot;,&quot;iso&quot;:&quot;0&quot;,&quot;shutter_speed&quot;:&quot;0&quot;,&quot;title&quot;:&quot;&quot;,&quot;orientation&quot;:&quot;1&quot;}\" data-image-title=\"img_6920\" data-image-description=\"\" data-image-caption=\"\" data-medium-file=\"http:\/\/imkerei-watermeyer.de\/wp-content\/uploads\/2022\/05\/img_6920-1-225x300.jpg\" data-large-file=\"http:\/\/imkerei-watermeyer.de\/wp-content\/uploads\/2022\/05\/img_6920-1.jpg\" decoding=\"async\" loading=\"lazy\" width=\"720\" height=\"960\" src=\"http:\/\/imkerei-watermeyer.de\/wp-content\/uploads\/2022\/05\/img_6920-1.jpg\" alt=\"\" class=\"wp-image-1202\" srcset=\"http:\/\/imkerei-watermeyer.de\/wp-content\/uploads\/2022\/05\/img_6920-1.jpg 720w, http:\/\/imkerei-watermeyer.de\/wp-content\/uploads\/2022\/05\/img_6920-1-225x300.jpg 225w\" sizes=\"(max-width: 720px) 100vw, 720px\" \/><figcaption>Cees Auszeichnungen in Dorsten 2021<\/figcaption><\/figure>\n\n\n\n<figure class=\"wp-block-image size-large\"><img data-attachment-id=\"1206\" data-permalink=\"http:\/\/imkerei-watermeyer.de\/?attachment_id=1206\" data-orig-file=\"http:\/\/imkerei-watermeyer.de\/wp-content\/uploads\/2022\/05\/c408d6ef-c713-4009-aa5d-fce521d29249-1.jpg\" data-orig-size=\"2048,1536\" data-comments-opened=\"1\" data-image-meta=\"{&quot;aperture&quot;:&quot;0&quot;,&quot;credit&quot;:&quot;&quot;,&quot;camera&quot;:&quot;&quot;,&quot;caption&quot;:&quot;&quot;,&quot;created_timestamp&quot;:&quot;0&quot;,&quot;copyright&quot;:&quot;&quot;,&quot;focal_length&quot;:&quot;0&quot;,&quot;iso&quot;:&quot;0&quot;,&quot;shutter_speed&quot;:&quot;0&quot;,&quot;title&quot;:&quot;&quot;,&quot;orientation&quot;:&quot;1&quot;}\" data-image-title=\"c408d6ef-c713-4009-aa5d-fce521d29249\" data-image-description=\"\" data-image-caption=\"\" data-medium-file=\"http:\/\/imkerei-watermeyer.de\/wp-content\/uploads\/2022\/05\/c408d6ef-c713-4009-aa5d-fce521d29249-1-300x225.jpg\" data-large-file=\"http:\/\/imkerei-watermeyer.de\/wp-content\/uploads\/2022\/05\/c408d6ef-c713-4009-aa5d-fce521d29249-1-1024x768.jpg\" decoding=\"async\" loading=\"lazy\" width=\"1024\" height=\"768\" src=\"http:\/\/imkerei-watermeyer.de\/wp-content\/uploads\/2022\/05\/c408d6ef-c713-4009-aa5d-fce521d29249-1-1024x768.jpg\" alt=\"\" class=\"wp-image-1206\" srcset=\"http:\/\/imkerei-watermeyer.de\/wp-content\/uploads\/2022\/05\/c408d6ef-c713-4009-aa5d-fce521d29249-1-1024x768.jpg 1024w, http:\/\/imkerei-watermeyer.de\/wp-content\/uploads\/2022\/05\/c408d6ef-c713-4009-aa5d-fce521d29249-1-300x225.jpg 300w, http:\/\/imkerei-watermeyer.de\/wp-content\/uploads\/2022\/05\/c408d6ef-c713-4009-aa5d-fce521d29249-1-768x576.jpg 768w, http:\/\/imkerei-watermeyer.de\/wp-content\/uploads\/2022\/05\/c408d6ef-c713-4009-aa5d-fce521d29249-1-1536x1152.jpg 1536w, http:\/\/imkerei-watermeyer.de\/wp-content\/uploads\/2022\/05\/c408d6ef-c713-4009-aa5d-fce521d29249-1-1140x855.jpg 1140w, http:\/\/imkerei-watermeyer.de\/wp-content\/uploads\/2022\/05\/c408d6ef-c713-4009-aa5d-fce521d29249-1.jpg 2048w\" sizes=\"(max-width: 1024px) 100vw, 1024px\" \/><figcaption>Cees Auszeichnungen in Biere 2021<\/figcaption><\/figure>\n\n\n\n<p>4. Verhaltenspr\u00fcfung. Wenn der Hund bei einer Ausstellung ein sehr gut erhalten hat, kann er einem Spezialzuchtrichter zur Verhaltenspr\u00fcfung vorgestellt werden. Dabei wird der Charakter und das Wesen des Hundes \u00fcberpr\u00fcft.<\/p>\n\n\n\n<figure class=\"wp-block-image size-large\"><img data-attachment-id=\"1208\" data-permalink=\"http:\/\/imkerei-watermeyer.de\/?attachment_id=1208\" data-orig-file=\"http:\/\/imkerei-watermeyer.de\/wp-content\/uploads\/2022\/05\/img_3080-1-scaled.jpg\" data-orig-size=\"2171,2560\" data-comments-opened=\"1\" data-image-meta=\"{&quot;aperture&quot;:&quot;1.8&quot;,&quot;credit&quot;:&quot;&quot;,&quot;camera&quot;:&quot;iPhone XS&quot;,&quot;caption&quot;:&quot;&quot;,&quot;created_timestamp&quot;:&quot;1632060934&quot;,&quot;copyright&quot;:&quot;&quot;,&quot;focal_length&quot;:&quot;4.25&quot;,&quot;iso&quot;:&quot;25&quot;,&quot;shutter_speed&quot;:&quot;0.002710027100271&quot;,&quot;title&quot;:&quot;&quot;,&quot;orientation&quot;:&quot;1&quot;}\" data-image-title=\"img_3080\" data-image-description=\"\" data-image-caption=\"\" data-medium-file=\"http:\/\/imkerei-watermeyer.de\/wp-content\/uploads\/2022\/05\/img_3080-1-254x300.jpg\" data-large-file=\"http:\/\/imkerei-watermeyer.de\/wp-content\/uploads\/2022\/05\/img_3080-1-868x1024.jpg\" decoding=\"async\" loading=\"lazy\" width=\"868\" height=\"1024\" src=\"http:\/\/imkerei-watermeyer.de\/wp-content\/uploads\/2022\/05\/img_3080-1-868x1024.jpg\" alt=\"\" class=\"wp-image-1208\" srcset=\"http:\/\/imkerei-watermeyer.de\/wp-content\/uploads\/2022\/05\/img_3080-1-868x1024.jpg 868w, http:\/\/imkerei-watermeyer.de\/wp-content\/uploads\/2022\/05\/img_3080-1-254x300.jpg 254w, http:\/\/imkerei-watermeyer.de\/wp-content\/uploads\/2022\/05\/img_3080-1-768x906.jpg 768w, http:\/\/imkerei-watermeyer.de\/wp-content\/uploads\/2022\/05\/img_3080-1-1302x1536.jpg 1302w, http:\/\/imkerei-watermeyer.de\/wp-content\/uploads\/2022\/05\/img_3080-1-1737x2048.jpg 1737w, http:\/\/imkerei-watermeyer.de\/wp-content\/uploads\/2022\/05\/img_3080-1-1140x1344.jpg 1140w\" sizes=\"(max-width: 868px) 100vw, 868px\" \/><figcaption>Cees mit Ina bei der Ausstellung in Biere<\/figcaption><\/figure>\n\n\n\n<p>5. Zahnstempel. Daf\u00fcr untersucht ein Spezialzuchtrichter das Gebiss des Hundes auf Vollst\u00e4ndigkeit und rassetypische Form.<\/p>\n\n\n\n<p>6. R\u00f6ntgenuntersuchungen. Bei den Gro\u00dfspitzen muss die H\u00fcfte auf H\u00fcftdysplasie (HD) untersucht werden. Dazu wird der Hund sediert, damit er ruhig liegen bleibt. Die Untersuchung der Ellenbogen auf Dysplasie ist keine Pflicht, wird aber \u00fcblicherweise mitgemacht. Cees H\u00fcfte wurde mit HD-A2 bewertet. Dabei gilt es zu beachten, dass der HD-Grad alphabetisch bewertet wird. Nach HD-frei folgt HD-A, dann HD-B und so weiter. Die Stufen A und B werden dabei noch in A1,2 bzw. B1,2 unterschieden. Bis HD-B2 ist ein Gro\u00dfspitz uneingeschr\u00e4nkt zuchttauglich. Die Rllenbogenuntersuchung hat ein ED-0 bei Cees ergeben. Das bedeutet, dass er frei von Ellenbogen-Dysplasie ist.<\/p>\n\n\n\n<figure class=\"wp-block-image size-large\"><img data-attachment-id=\"1209\" data-permalink=\"http:\/\/imkerei-watermeyer.de\/?attachment_id=1209\" data-orig-file=\"http:\/\/imkerei-watermeyer.de\/wp-content\/uploads\/2022\/05\/img_5380-1-1-scaled.jpg\" data-orig-size=\"1920,2560\" data-comments-opened=\"1\" data-image-meta=\"{&quot;aperture&quot;:&quot;1.6&quot;,&quot;credit&quot;:&quot;&quot;,&quot;camera&quot;:&quot;iPhone 13&quot;,&quot;caption&quot;:&quot;&quot;,&quot;created_timestamp&quot;:&quot;1646995980&quot;,&quot;copyright&quot;:&quot;&quot;,&quot;focal_length&quot;:&quot;5.1&quot;,&quot;iso&quot;:&quot;50&quot;,&quot;shutter_speed&quot;:&quot;0.0022883295194508&quot;,&quot;title&quot;:&quot;&quot;,&quot;orientation&quot;:&quot;1&quot;}\" data-image-title=\"img_5380-1\" data-image-description=\"\" data-image-caption=\"\" data-medium-file=\"http:\/\/imkerei-watermeyer.de\/wp-content\/uploads\/2022\/05\/img_5380-1-1-225x300.jpg\" data-large-file=\"http:\/\/imkerei-watermeyer.de\/wp-content\/uploads\/2022\/05\/img_5380-1-1-768x1024.jpg\" decoding=\"async\" loading=\"lazy\" width=\"768\" height=\"1024\" src=\"http:\/\/imkerei-watermeyer.de\/wp-content\/uploads\/2022\/05\/img_5380-1-1-768x1024.jpg\" alt=\"\" class=\"wp-image-1209\" srcset=\"http:\/\/imkerei-watermeyer.de\/wp-content\/uploads\/2022\/05\/img_5380-1-1-768x1024.jpg 768w, http:\/\/imkerei-watermeyer.de\/wp-content\/uploads\/2022\/05\/img_5380-1-1-225x300.jpg 225w, http:\/\/imkerei-watermeyer.de\/wp-content\/uploads\/2022\/05\/img_5380-1-1-1152x1536.jpg 1152w, http:\/\/imkerei-watermeyer.de\/wp-content\/uploads\/2022\/05\/img_5380-1-1-1536x2048.jpg 1536w, http:\/\/imkerei-watermeyer.de\/wp-content\/uploads\/2022\/05\/img_5380-1-1-1140x1520.jpg 1140w, http:\/\/imkerei-watermeyer.de\/wp-content\/uploads\/2022\/05\/img_5380-1-1-scaled.jpg 1920w\" sizes=\"(max-width: 768px) 100vw, 768px\" \/><figcaption>Cees und C\u00e4sar warten auf Ina<\/figcaption><\/figure>\n\n\n\n<p>7. Zuchtzulassung beantragen. Zu guter letzt muss dann nat\u00fcrlich noch die Zuchtzulassung beantragt werden. Dazu werden die Dokumente f\u00fcr die Kriterien 1-6 beim Verein eingereicht. Sind alle Unterlagen vollst\u00e4ndig, dann wird durch die Hauptzuchtw\u00e4rtin des Vereins die Zuchtzulassung erteilt.<\/p>\n\n\n\n<p>F\u00fcr C\u00e4sar wird der Weg noch etwas anders sein, da er aus keiner FCI-Zucht kommt. Wie das alles bei ihm ablaufen wird, werden wir euch in einem anderen Beitrag berichten.<\/p>\n\n\n\n<p>Am 28.05.2022 haben wir nun die Zuchtzulassung f\u00fcr Cees erhalten. Die ersten Anfragen f\u00fcr ihn als Deckr\u00fcden sind nun auch schon eingegangen. Mal schauen, wann er sein erstes Date haben wird\u2026<\/p>\n\n\n\n<figure class=\"wp-block-embed is-type-rich is-provider-instagram wp-block-embed-instagram\"><div class=\"wp-block-embed__wrapper\">\n<blockquote class=\"instagram-media\" data-instgrm-captioned data-instgrm-permalink=\"https:\/\/www.instagram.com\/reel\/CeIZS9yIArN\/?utm_source=ig_embed&amp;utm_campaign=loading\" data-instgrm-version=\"14\" style=\" background:#FFF; border:0; border-radius:3px; box-shadow:0 0 1px 0 rgba(0,0,0,0.5),0 1px 10px 0 rgba(0,0,0,0.15); margin: 1px; max-width:658px; min-width:326px; padding:0; width:99.375%; width:-webkit-calc(100% - 2px); width:calc(100% - 2px);\"><div style=\"padding:16px;\"> <a href=\"https:\/\/www.instagram.com\/reel\/CeIZS9yIArN\/?utm_source=ig_embed&amp;utm_campaign=loading\" style=\" background:#FFFFFF; line-height:0; padding:0 0; text-align:center; text-decoration:none; width:100%;\" target=\"_blank\"> <div style=\" display: flex; flex-direction: row; align-items: center;\"> <div style=\"background-color: #F4F4F4; border-radius: 50%; flex-grow: 0; height: 40px; margin-right: 14px; width: 40px;\"><\/div> <div style=\"display: flex; flex-direction: column; flex-grow: 1; justify-content: center;\"> <div style=\" background-color: #F4F4F4; border-radius: 4px; flex-grow: 0; height: 14px; margin-bottom: 6px; width: 100px;\"><\/div> <div style=\" background-color: #F4F4F4; border-radius: 4px; flex-grow: 0; height: 14px; width: 60px;\"><\/div><\/div><\/div><div style=\"padding: 19% 0;\"><\/div> <div style=\"display:block; height:50px; margin:0 auto 12px; width:50px;\"><svg width=\"50px\" height=\"50px\" viewBox=\"0 0 60 60\" version=\"1.1\" xmlns=\"https:\/\/www.w3.org\/2000\/svg\" xmlns:xlink=\"https:\/\/www.w3.org\/1999\/xlink\"><g stroke=\"none\" stroke-width=\"1\" fill=\"none\" fill-rule=\"evenodd\"><g transform=\"translate(-511.000000, -20.000000)\" fill=\"#000000\"><g><path d=\"M556.869,30.41 C554.814,30.41 553.148,32.076 553.148,34.131 C553.148,36.186 554.814,37.852 556.869,37.852 C558.924,37.852 560.59,36.186 560.59,34.131 C560.59,32.076 558.924,30.41 556.869,30.41 M541,60.657 C535.114,60.657 530.342,55.887 530.342,50 C530.342,44.114 535.114,39.342 541,39.342 C546.887,39.342 551.658,44.114 551.658,50 C551.658,55.887 546.887,60.657 541,60.657 M541,33.886 C532.1,33.886 524.886,41.1 524.886,50 C524.886,58.899 532.1,66.113 541,66.113 C549.9,66.113 557.115,58.899 557.115,50 C557.115,41.1 549.9,33.886 541,33.886 M565.378,62.101 C565.244,65.022 564.756,66.606 564.346,67.663 C563.803,69.06 563.154,70.057 562.106,71.106 C561.058,72.155 560.06,72.803 558.662,73.347 C557.607,73.757 556.021,74.244 553.102,74.378 C549.944,74.521 548.997,74.552 541,74.552 C533.003,74.552 532.056,74.521 528.898,74.378 C525.979,74.244 524.393,73.757 523.338,73.347 C521.94,72.803 520.942,72.155 519.894,71.106 C518.846,70.057 518.197,69.06 517.654,67.663 C517.244,66.606 516.755,65.022 516.623,62.101 C516.479,58.943 516.448,57.996 516.448,50 C516.448,42.003 516.479,41.056 516.623,37.899 C516.755,34.978 517.244,33.391 517.654,32.338 C518.197,30.938 518.846,29.942 519.894,28.894 C520.942,27.846 521.94,27.196 523.338,26.654 C524.393,26.244 525.979,25.756 528.898,25.623 C532.057,25.479 533.004,25.448 541,25.448 C548.997,25.448 549.943,25.479 553.102,25.623 C556.021,25.756 557.607,26.244 558.662,26.654 C560.06,27.196 561.058,27.846 562.106,28.894 C563.154,29.942 563.803,30.938 564.346,32.338 C564.756,33.391 565.244,34.978 565.378,37.899 C565.522,41.056 565.552,42.003 565.552,50 C565.552,57.996 565.522,58.943 565.378,62.101 M570.82,37.631 C570.674,34.438 570.167,32.258 569.425,30.349 C568.659,28.377 567.633,26.702 565.965,25.035 C564.297,23.368 562.623,22.342 560.652,21.575 C558.743,20.834 556.562,20.326 553.369,20.18 C550.169,20.033 549.148,20 541,20 C532.853,20 531.831,20.033 528.631,20.18 C525.438,20.326 523.257,20.834 521.349,21.575 C519.376,22.342 517.703,23.368 516.035,25.035 C514.368,26.702 513.342,28.377 512.574,30.349 C511.834,32.258 511.326,34.438 511.181,37.631 C511.035,40.831 511,41.851 511,50 C511,58.147 511.035,59.17 511.181,62.369 C511.326,65.562 511.834,67.743 512.574,69.651 C513.342,71.625 514.368,73.296 516.035,74.965 C517.703,76.634 519.376,77.658 521.349,78.425 C523.257,79.167 525.438,79.673 528.631,79.82 C531.831,79.965 532.853,80.001 541,80.001 C549.148,80.001 550.169,79.965 553.369,79.82 C556.562,79.673 558.743,79.167 560.652,78.425 C562.623,77.658 564.297,76.634 565.965,74.965 C567.633,73.296 568.659,71.625 569.425,69.651 C570.167,67.743 570.674,65.562 570.82,62.369 C570.966,59.17 571,58.147 571,50 C571,41.851 570.966,40.831 570.82,37.631\"><\/path><\/g><\/g><\/g><\/svg><\/div><div style=\"padding-top: 8px;\"> <div style=\" color:#3897f0; font-family:Arial,sans-serif; font-size:14px; font-style:normal; font-weight:550; line-height:18px;\">View this post on Instagram<\/div><\/div><div style=\"padding: 12.5% 0;\"><\/div> <div style=\"display: flex; flex-direction: row; margin-bottom: 14px; align-items: center;\"><div> <div style=\"background-color: #F4F4F4; border-radius: 50%; height: 12.5px; width: 12.5px; transform: translateX(0px) translateY(7px);\"><\/div> <div style=\"background-color: #F4F4F4; height: 12.5px; transform: rotate(-45deg) translateX(3px) translateY(1px); width: 12.5px; flex-grow: 0; margin-right: 14px; margin-left: 2px;\"><\/div> <div style=\"background-color: #F4F4F4; border-radius: 50%; height: 12.5px; width: 12.5px; transform: translateX(9px) translateY(-18px);\"><\/div><\/div><div style=\"margin-left: 8px;\"> <div style=\" background-color: #F4F4F4; border-radius: 50%; flex-grow: 0; height: 20px; width: 20px;\"><\/div> <div style=\" width: 0; height: 0; border-top: 2px solid transparent; border-left: 6px solid #f4f4f4; border-bottom: 2px solid transparent; transform: translateX(16px) translateY(-4px) rotate(30deg)\"><\/div><\/div><div style=\"margin-left: auto;\"> <div style=\" width: 0px; border-top: 8px solid #F4F4F4; border-right: 8px solid transparent; transform: translateY(16px);\"><\/div> <div style=\" background-color: #F4F4F4; flex-grow: 0; height: 12px; width: 16px; transform: translateY(-4px);\"><\/div> <div style=\" width: 0; height: 0; border-top: 8px solid #F4F4F4; border-left: 8px solid transparent; transform: translateY(-4px) translateX(8px);\"><\/div><\/div><\/div> <div style=\"display: flex; flex-direction: column; flex-grow: 1; justify-content: center; margin-bottom: 24px;\"> <div style=\" background-color: #F4F4F4; border-radius: 4px; flex-grow: 0; height: 14px; margin-bottom: 6px; width: 224px;\"><\/div> <div style=\" background-color: #F4F4F4; border-radius: 4px; flex-grow: 0; height: 14px; width: 144px;\"><\/div><\/div><\/a><p style=\" color:#c9c8cd; font-family:Arial,sans-serif; font-size:14px; line-height:17px; margin-bottom:0; margin-top:8px; overflow:hidden; padding:8px 0 7px; text-align:center; text-overflow:ellipsis; white-space:nowrap;\"><a href=\"https:\/\/www.instagram.com\/reel\/CeIZS9yIArN\/?utm_source=ig_embed&amp;utm_campaign=loading\" style=\" color:#c9c8cd; font-family:Arial,sans-serif; font-size:14px; font-style:normal; font-weight:normal; line-height:17px; text-decoration:none;\" target=\"_blank\">A post shared by Cees van Millus (@cees_van_millus)<\/a><\/p><\/div><\/blockquote><script async src=\"\/\/platform.instagram.com\/en_US\/embeds.js\"><\/script>\n<\/div><\/figure>\n","protected":false},"excerpt":{"rendered":"<p>Es ist wirklich ein langer Weg gewesen, aber jetzt ist es endlich geschafft. Cees hat seine Zuchtzulassung im Verein f\u00fcr Deutsche Spitze erhalten. Das bedeutet, dass er zuk\u00fcnftig zum Erhalt dieser alten, vom Aussterben bedrohten Haustierrasse als Deckr\u00fcde beitragen darf. Vorab, der Besitzer muss nat\u00fcrlich Mitglied im Verein f\u00fcr Deutsche [&hellip;]<\/p>\n","protected":false},"author":1,"featured_media":1212,"comment_status":"open","ping_status":"open","sticky":false,"template":"","format":"standard","meta":{"jetpack_post_was_ever_published":false,"_jetpack_newsletter_access":"","jetpack_publicize_message":"","jetpack_is_tweetstorm":false,"jetpack_publicize_feature_enabled":true,"jetpack_social_post_already_shared":true,"jetpack_social_options":{"image_generator_settings":{"template":"highway","enabled":false}}},"categories":[192],"tags":[204,206,202,197,58,199,193,203,90,89,194,196,198,200,109,205,201,195],"jetpack_publicize_connections":[],"jetpack_featured_media_url":"http:\/\/imkerei-watermeyer.de\/wp-content\/uploads\/2022\/05\/img_6947-scaled.jpg","jetpack_sharing_enabled":true,"jetpack_shortlink":"https:\/\/wp.me\/p9uDaz-jj","jetpack_likes_enabled":true,"jetpack-related-posts":[{"id":1241,"url":"http:\/\/imkerei-watermeyer.de\/?p=1241","url_meta":{"origin":1197,"position":0},"title":"C\u00e4sar ist Papa!","author":"Homeraner","date":"Juli 9, 2023","format":false,"excerpt":"Auch bei C\u00e4sar haben wir es zwischenzeitlich geschafft und er hat ebenfalls die Zuchtzulassung im Verein f\u00fcr Deutsche Spitze erhalten. Wir wussten es ja schon immer, dass C\u00e4sar ein ganz h\u00fcbscher schwarzer Gro\u00dfspitzr\u00fcde ist, aber bei den Ausstellungen, die wir im Jahr 2022 mit C\u00e4sar besucht hatten, ist er auch\u2026","rel":"","context":"In &quot;Gro\u00dfspitze&quot;","block_context":{"text":"Gro\u00dfspitze","link":"http:\/\/imkerei-watermeyer.de\/?cat=192"},"img":{"alt_text":"","src":"https:\/\/i0.wp.com\/imkerei-watermeyer.de\/wp-content\/uploads\/2023\/07\/image-461x1024-1-edited.png?resize=350%2C200","width":350,"height":200},"classes":[]},{"id":614,"url":"http:\/\/imkerei-watermeyer.de\/?p=614","url_meta":{"origin":1197,"position":1},"title":"Aller Anfang ist &#8211; Rosmarin und Knoblauch&#8230;!","author":"laggenbiene","date":"Juli 14, 2019","format":false,"excerpt":"Ein allererster Blogbeitrag ist nicht einfach auszusuchen - muss es \"knallen\"? - muss es tiefgr\u00fcndig sein? - muss es besonders professionell wirken? Nein! Auch wenn man sich das schon vorher immer wie ein Mantra sagt - es dann auch wirklich zu beherzigen, ist die andere Sache... ;-) Es hat mich\u2026","rel":"","context":"In &quot;Kr\u00e4uter und Gew\u00fcrze&quot;","block_context":{"text":"Kr\u00e4uter und Gew\u00fcrze","link":"http:\/\/imkerei-watermeyer.de\/?cat=82"},"img":{"alt_text":"","src":"https:\/\/i0.wp.com\/imkerei-watermeyer.de\/wp-content\/uploads\/2019\/07\/org_dsc00145.jpg?resize=350%2C200","width":350,"height":200,"srcset":"https:\/\/i0.wp.com\/imkerei-watermeyer.de\/wp-content\/uploads\/2019\/07\/org_dsc00145.jpg?resize=350%2C200 1x, https:\/\/i0.wp.com\/imkerei-watermeyer.de\/wp-content\/uploads\/2019\/07\/org_dsc00145.jpg?resize=700%2C400 2x, https:\/\/i0.wp.com\/imkerei-watermeyer.de\/wp-content\/uploads\/2019\/07\/org_dsc00145.jpg?resize=1050%2C600 3x, https:\/\/i0.wp.com\/imkerei-watermeyer.de\/wp-content\/uploads\/2019\/07\/org_dsc00145.jpg?resize=1400%2C800 4x"},"classes":[]},{"id":879,"url":"http:\/\/imkerei-watermeyer.de\/?p=879","url_meta":{"origin":1197,"position":2},"title":"Erste Ver\u00e4nderungen im neuen Garten","author":"Homeraner","date":"Mai 3, 2020","format":false,"excerpt":"Nachdem wir Anfang Februar ein neues Zuhause f\u00fcr die Laggenbiene gekauft haben, hat Daniel seine freie Zeit im April dazu genutzt, erste Ver\u00e4nderungen im Garten anzugehen. Vor unseren \u00c4nderungen Am Aufgang zum Haus war ein Beet komplett mit Efeu zugewuchert und Ahorn und Birke hatten sich dort wild ausges\u00e4t. Dieses\u2026","rel":"","context":"In &quot;Garten&quot;","block_context":{"text":"Garten","link":"http:\/\/imkerei-watermeyer.de\/?cat=163"},"img":{"alt_text":"","src":"https:\/\/i0.wp.com\/imkerei-watermeyer.de\/wp-content\/uploads\/2020\/04\/img_7107.jpg?resize=350%2C200","width":350,"height":200,"srcset":"https:\/\/i0.wp.com\/imkerei-watermeyer.de\/wp-content\/uploads\/2020\/04\/img_7107.jpg?resize=350%2C200 1x, https:\/\/i0.wp.com\/imkerei-watermeyer.de\/wp-content\/uploads\/2020\/04\/img_7107.jpg?resize=700%2C400 2x, https:\/\/i0.wp.com\/imkerei-watermeyer.de\/wp-content\/uploads\/2020\/04\/img_7107.jpg?resize=1050%2C600 3x, https:\/\/i0.wp.com\/imkerei-watermeyer.de\/wp-content\/uploads\/2020\/04\/img_7107.jpg?resize=1400%2C800 4x"},"classes":[]},{"id":766,"url":"http:\/\/imkerei-watermeyer.de\/?p=766","url_meta":{"origin":1197,"position":3},"title":"Bienenwachs als Allrounder &#8211; nat\u00fcrliche, selbstgemachte Lippenpflege!","author":"laggenbiene","date":"September 1, 2019","format":false,"excerpt":"Das war eine spannende Erfahrung! Selbstgemachtes Lippenbalsam mit Bienenwachs und aus nur 5 nat\u00fcrlichen Zutaten ganz einfach hergestellt! Ich bin wahnsinnig stolz auf mich und begeistert vom Ergebnis ;-) Das kinderleichte Rezept findet ihr auf unserem Laggenbiene-Blog - LINK in der Bio","rel":"","context":"In &quot;Bienenprodukte&quot;","block_context":{"text":"Bienenprodukte","link":"http:\/\/imkerei-watermeyer.de\/?cat=150"},"img":{"alt_text":"","src":"https:\/\/i0.wp.com\/imkerei-watermeyer.de\/wp-content\/uploads\/2019\/09\/dsc00693-1.jpg?resize=350%2C200","width":350,"height":200,"srcset":"https:\/\/i0.wp.com\/imkerei-watermeyer.de\/wp-content\/uploads\/2019\/09\/dsc00693-1.jpg?resize=350%2C200 1x, https:\/\/i0.wp.com\/imkerei-watermeyer.de\/wp-content\/uploads\/2019\/09\/dsc00693-1.jpg?resize=700%2C400 2x, https:\/\/i0.wp.com\/imkerei-watermeyer.de\/wp-content\/uploads\/2019\/09\/dsc00693-1.jpg?resize=1050%2C600 3x, https:\/\/i0.wp.com\/imkerei-watermeyer.de\/wp-content\/uploads\/2019\/09\/dsc00693-1.jpg?resize=1400%2C800 4x"},"classes":[]},{"id":455,"url":"http:\/\/imkerei-watermeyer.de\/?p=455","url_meta":{"origin":1197,"position":4},"title":"So unterschiedlich kann Honig sein","author":"Homeraner","date":"August 7, 2017","format":false,"excerpt":"Es mag ein \"Vorteil\" der industriellen Produktion sein, dass die meisten Lebensmittel heutzutage immer gleich schmecken und standardisiert sind. Auch auf den Honig bekannter Marken trifft dies zu.\u00a0 Was f\u00fcr die einen ein unabdingbarer Vorteil ist, ist f\u00fcr andere einfach nur langweilig. Wer sich darauf einlassen m\u00f6chte, dass zum Beispiel\u2026","rel":"","context":"In &quot;Honig-Vermarktung&quot;","block_context":{"text":"Honig-Vermarktung","link":"http:\/\/imkerei-watermeyer.de\/?cat=33"},"img":{"alt_text":"","src":"https:\/\/i0.wp.com\/imkerei-watermeyer.de\/wp-content\/uploads\/2017\/08\/img_3628.jpg?resize=350%2C200","width":350,"height":200,"srcset":"https:\/\/i0.wp.com\/imkerei-watermeyer.de\/wp-content\/uploads\/2017\/08\/img_3628.jpg?resize=350%2C200 1x, https:\/\/i0.wp.com\/imkerei-watermeyer.de\/wp-content\/uploads\/2017\/08\/img_3628.jpg?resize=700%2C400 2x"},"classes":[]},{"id":191,"url":"http:\/\/imkerei-watermeyer.de\/?p=191","url_meta":{"origin":1197,"position":5},"title":"Warum kein Sortenhonig?","author":"Homeraner","date":"Juli 18, 2015","format":false,"excerpt":"Ihr habt doch sicherlich schon einmal etwas von Lindenhonig, Kastanienhonig oder Rapshonig geh\u00f6rt oder? Das sind Bezeichnungen f\u00fcr sogenannte Sortenhonige. Ein Sortenhonig ist ein Honig, der nach einer bestimmten Tracht (Nektarquelle) benannt ist und von der Besonderheit dieses Nektars gepr\u00e4gt ist. Da sich der Kunde unter diesen Bezeichnungen etwas genaues\u2026","rel":"","context":"In &quot;Blick ins Volk&quot;","block_context":{"text":"Blick ins Volk","link":"http:\/\/imkerei-watermeyer.de\/?cat=4"},"img":{"alt_text":"","src":"https:\/\/i0.wp.com\/imkerei-watermeyer.de\/wp-content\/uploads\/2015\/07\/IMG_3287-0.jpg?resize=350%2C200","width":350,"height":200,"srcset":"https:\/\/i0.wp.com\/imkerei-watermeyer.de\/wp-content\/uploads\/2015\/07\/IMG_3287-0.jpg?resize=350%2C200 1x, https:\/\/i0.wp.com\/imkerei-watermeyer.de\/wp-content\/uploads\/2015\/07\/IMG_3287-0.jpg?resize=700%2C400 2x, https:\/\/i0.wp.com\/imkerei-watermeyer.de\/wp-content\/uploads\/2015\/07\/IMG_3287-0.jpg?resize=1050%2C600 3x, https:\/\/i0.wp.com\/imkerei-watermeyer.de\/wp-content\/uploads\/2015\/07\/IMG_3287-0.jpg?resize=1400%2C800 4x"},"classes":[]}],"_links":{"self":[{"href":"http:\/\/imkerei-watermeyer.de\/index.php?rest_route=\/wp\/v2\/posts\/1197"}],"collection":[{"href":"http:\/\/imkerei-watermeyer.de\/index.php?rest_route=\/wp\/v2\/posts"}],"about":[{"href":"http:\/\/imkerei-watermeyer.de\/index.php?rest_route=\/wp\/v2\/types\/post"}],"author":[{"embeddable":true,"href":"http:\/\/imkerei-watermeyer.de\/index.php?rest_route=\/wp\/v2\/users\/1"}],"replies":[{"embeddable":true,"href":"http:\/\/imkerei-watermeyer.de\/index.php?rest_route=%2Fwp%2Fv2%2Fcomments&post=1197"}],"version-history":[{"count":7,"href":"http:\/\/imkerei-watermeyer.de\/index.php?rest_route=\/wp\/v2\/posts\/1197\/revisions"}],"predecessor-version":[{"id":1211,"href":"http:\/\/imkerei-watermeyer.de\/index.php?rest_route=\/wp\/v2\/posts\/1197\/revisions\/1211"}],"wp:featuredmedia":[{"embeddable":true,"href":"http:\/\/imkerei-watermeyer.de\/index.php?rest_route=\/wp\/v2\/media\/1212"}],"wp:attachment":[{"href":"http:\/\/imkerei-watermeyer.de\/index.php?rest_route=%2Fwp%2Fv2%2Fmedia&parent=1197"}],"wp:term":[{"taxonomy":"category","embeddable":true,"href":"http:\/\/imkerei-watermeyer.de\/index.php?rest_route=%2Fwp%2Fv2%2Fcategories&post=1197"},{"taxonomy":"post_tag","embeddable":true,"href":"http:\/\/imkerei-watermeyer.de\/index.php?rest_route=%2Fwp%2Fv2%2Ftags&post=1197"}],"curies":[{"name":"wp","href":"https:\/\/api.w.org\/{rel}","templated":true}]}}