{"id":1140,"date":"2021-07-22T18:32:45","date_gmt":"2021-07-22T18:32:45","guid":{"rendered":"http:\/\/imkerei-watermeyer.de\/?p=1140"},"modified":"2021-07-22T19:10:36","modified_gmt":"2021-07-22T19:10:36","slug":"baumwipfelpfad-bad-iburg","status":"publish","type":"post","link":"http:\/\/imkerei-watermeyer.de\/?p=1140","title":{"rendered":"Baumwipfelpfad Bad Iburg"},"content":{"rendered":"\n<p>Nachdem das Wetter an den letzten Tagen den Teutoburger Wald in den Teutoburger Regenwald verwandelt hatte, sollte es endlich ein paar Stunden (relativ) trocken bleiben. Diese Gelegenheit wollten wir uns nicht entgehen lassen und sind mit den Kindern losgezogen, um drau\u00dfen etwas zu unternehmen.<\/p>\n\n\n\n<p>Seit der Landesgartenschau 2018 gibt es in Bad Iburg einen Baumwipfelpfad, der einen hoch zwischen die Baumgipfel f\u00fchrt und einen v\u00f6llig neuen Blick auf den Wald und Bad Iburg mit seinen Sehensw\u00fcrdigkeiten erm\u00f6glicht. Also ab ins Auto und nach etwa 40 Minuten Fahrt waren wir da.<\/p>\n\n\n\n<p>Unterhalb des Startpunkts des Baumwipfelpfades gibt es einen gro\u00dfen PKW-Parkplatz mit \u00fcberschaubaren Parkgeb\u00fchren. Von dort sind es noch etwa 200-300m Kiesweg bis zur Kasse und dem Startpunkt. Der Weg f\u00fchrt durch wunderbare Staudenbeete des ehemaligen LaGa-Gel\u00e4ndes.<\/p>\n\n\n\n<figure class=\"wp-block-image size-large\"><img data-attachment-id=\"1102\" data-permalink=\"http:\/\/imkerei-watermeyer.de\/?attachment_id=1102\" data-orig-file=\"http:\/\/imkerei-watermeyer.de\/wp-content\/uploads\/2021\/07\/27f2c0cc-6d7e-4893-8c01-8bc843703353-scaled.jpg\" data-orig-size=\"1440,2560\" data-comments-opened=\"1\" data-image-meta=\"{&quot;aperture&quot;:&quot;1.8&quot;,&quot;credit&quot;:&quot;&quot;,&quot;camera&quot;:&quot;iPhone XS&quot;,&quot;caption&quot;:&quot;&quot;,&quot;created_timestamp&quot;:&quot;1626191213&quot;,&quot;copyright&quot;:&quot;&quot;,&quot;focal_length&quot;:&quot;4.25&quot;,&quot;iso&quot;:&quot;25&quot;,&quot;shutter_speed&quot;:&quot;0.00023397285914834&quot;,&quot;title&quot;:&quot;&quot;,&quot;orientation&quot;:&quot;1&quot;}\" data-image-title=\"27f2c0cc-6d7e-4893-8c01-8bc843703353\" data-image-description=\"\" data-image-caption=\"\" data-medium-file=\"http:\/\/imkerei-watermeyer.de\/wp-content\/uploads\/2021\/07\/27f2c0cc-6d7e-4893-8c01-8bc843703353-169x300.jpg\" data-large-file=\"http:\/\/imkerei-watermeyer.de\/wp-content\/uploads\/2021\/07\/27f2c0cc-6d7e-4893-8c01-8bc843703353-576x1024.jpg\" decoding=\"async\" loading=\"lazy\" width=\"576\" height=\"1024\" src=\"http:\/\/imkerei-watermeyer.de\/wp-content\/uploads\/2021\/07\/27f2c0cc-6d7e-4893-8c01-8bc843703353-576x1024.jpg\" alt=\"\" class=\"wp-image-1102\" srcset=\"http:\/\/imkerei-watermeyer.de\/wp-content\/uploads\/2021\/07\/27f2c0cc-6d7e-4893-8c01-8bc843703353-576x1024.jpg 576w, http:\/\/imkerei-watermeyer.de\/wp-content\/uploads\/2021\/07\/27f2c0cc-6d7e-4893-8c01-8bc843703353-169x300.jpg 169w, http:\/\/imkerei-watermeyer.de\/wp-content\/uploads\/2021\/07\/27f2c0cc-6d7e-4893-8c01-8bc843703353-768x1365.jpg 768w, http:\/\/imkerei-watermeyer.de\/wp-content\/uploads\/2021\/07\/27f2c0cc-6d7e-4893-8c01-8bc843703353-864x1536.jpg 864w, http:\/\/imkerei-watermeyer.de\/wp-content\/uploads\/2021\/07\/27f2c0cc-6d7e-4893-8c01-8bc843703353-1152x2048.jpg 1152w, http:\/\/imkerei-watermeyer.de\/wp-content\/uploads\/2021\/07\/27f2c0cc-6d7e-4893-8c01-8bc843703353-1140x2027.jpg 1140w, http:\/\/imkerei-watermeyer.de\/wp-content\/uploads\/2021\/07\/27f2c0cc-6d7e-4893-8c01-8bc843703353-scaled.jpg 1440w\" sizes=\"(max-width: 576px) 100vw, 576px\" \/><figcaption>Weg vom Parkplatz zum Baumwipfelpfad <\/figcaption><\/figure>\n\n\n\n<p>Der Einlass f\u00fcr unsere f\u00fcnfk\u00f6pfige Familie kostete 22\u20ac f\u00fcr ein Familienticket. Den Einstieg in den Baumwipfelpfad bildet ein Turm mit Aussichtsplattform, welche sogar noch etwas \u00fcber dem Weg zwischen den B\u00e4umen hindurch emporragt.<\/p>\n\n\n\n<figure class=\"wp-block-image size-large\"><img data-attachment-id=\"1107\" data-permalink=\"http:\/\/imkerei-watermeyer.de\/?attachment_id=1107\" data-orig-file=\"http:\/\/imkerei-watermeyer.de\/wp-content\/uploads\/2021\/07\/dsc02449-1-3-scaled.jpg\" data-orig-size=\"1920,2560\" data-comments-opened=\"1\" data-image-meta=\"{&quot;aperture&quot;:&quot;3.2&quot;,&quot;credit&quot;:&quot;&quot;,&quot;camera&quot;:&quot;DSC-HX400V&quot;,&quot;caption&quot;:&quot;&quot;,&quot;created_timestamp&quot;:&quot;1626192432&quot;,&quot;copyright&quot;:&quot;&quot;,&quot;focal_length&quot;:&quot;4.3&quot;,&quot;iso&quot;:&quot;80&quot;,&quot;shutter_speed&quot;:&quot;0.002&quot;,&quot;title&quot;:&quot;&quot;,&quot;orientation&quot;:&quot;1&quot;}\" data-image-title=\"dsc02449-1\" data-image-description=\"\" data-image-caption=\"\" data-medium-file=\"http:\/\/imkerei-watermeyer.de\/wp-content\/uploads\/2021\/07\/dsc02449-1-3-225x300.jpg\" data-large-file=\"http:\/\/imkerei-watermeyer.de\/wp-content\/uploads\/2021\/07\/dsc02449-1-3-768x1024.jpg\" decoding=\"async\" loading=\"lazy\" width=\"768\" height=\"1024\" src=\"http:\/\/imkerei-watermeyer.de\/wp-content\/uploads\/2021\/07\/dsc02449-1-3-768x1024.jpg\" alt=\"\" class=\"wp-image-1107\" srcset=\"http:\/\/imkerei-watermeyer.de\/wp-content\/uploads\/2021\/07\/dsc02449-1-3-768x1024.jpg 768w, http:\/\/imkerei-watermeyer.de\/wp-content\/uploads\/2021\/07\/dsc02449-1-3-225x300.jpg 225w, http:\/\/imkerei-watermeyer.de\/wp-content\/uploads\/2021\/07\/dsc02449-1-3-1152x1536.jpg 1152w, http:\/\/imkerei-watermeyer.de\/wp-content\/uploads\/2021\/07\/dsc02449-1-3-1536x2048.jpg 1536w, http:\/\/imkerei-watermeyer.de\/wp-content\/uploads\/2021\/07\/dsc02449-1-3-1140x1520.jpg 1140w, http:\/\/imkerei-watermeyer.de\/wp-content\/uploads\/2021\/07\/dsc02449-1-3-scaled.jpg 1920w\" sizes=\"(max-width: 768px) 100vw, 768px\" \/><figcaption>Aussichtsturm am Startpunkt des Baumwipfelpfads<\/figcaption><\/figure>\n\n\n\n<p>Den sicherlich imposantesten Anblick neben der Konstruktion des Baumwipfelpfades bietet sicherlich das Schloss Iburg mit der Benedektinerabtei oberhalb des Charlottensees.<\/p>\n\n\n\n<figure class=\"wp-block-image size-large\"><img data-attachment-id=\"1100\" data-permalink=\"http:\/\/imkerei-watermeyer.de\/?attachment_id=1100\" data-orig-file=\"http:\/\/imkerei-watermeyer.de\/wp-content\/uploads\/2021\/07\/dsc02455-1-scaled.jpg\" data-orig-size=\"2560,1920\" data-comments-opened=\"1\" data-image-meta=\"{&quot;aperture&quot;:&quot;3.5&quot;,&quot;credit&quot;:&quot;&quot;,&quot;camera&quot;:&quot;DSC-HX400V&quot;,&quot;caption&quot;:&quot;&quot;,&quot;created_timestamp&quot;:&quot;1626192786&quot;,&quot;copyright&quot;:&quot;&quot;,&quot;focal_length&quot;:&quot;10.05&quot;,&quot;iso&quot;:&quot;80&quot;,&quot;shutter_speed&quot;:&quot;0.001&quot;,&quot;title&quot;:&quot;&quot;,&quot;orientation&quot;:&quot;1&quot;}\" data-image-title=\"dsc02455-1\" data-image-description=\"\" data-image-caption=\"\" data-medium-file=\"http:\/\/imkerei-watermeyer.de\/wp-content\/uploads\/2021\/07\/dsc02455-1-300x225.jpg\" data-large-file=\"http:\/\/imkerei-watermeyer.de\/wp-content\/uploads\/2021\/07\/dsc02455-1-1024x768.jpg\" decoding=\"async\" loading=\"lazy\" width=\"1024\" height=\"768\" src=\"http:\/\/imkerei-watermeyer.de\/wp-content\/uploads\/2021\/07\/dsc02455-1-1024x768.jpg\" alt=\"\" class=\"wp-image-1100\" srcset=\"http:\/\/imkerei-watermeyer.de\/wp-content\/uploads\/2021\/07\/dsc02455-1-1024x768.jpg 1024w, http:\/\/imkerei-watermeyer.de\/wp-content\/uploads\/2021\/07\/dsc02455-1-300x225.jpg 300w, http:\/\/imkerei-watermeyer.de\/wp-content\/uploads\/2021\/07\/dsc02455-1-768x576.jpg 768w, http:\/\/imkerei-watermeyer.de\/wp-content\/uploads\/2021\/07\/dsc02455-1-1536x1152.jpg 1536w, http:\/\/imkerei-watermeyer.de\/wp-content\/uploads\/2021\/07\/dsc02455-1-2048x1536.jpg 2048w, http:\/\/imkerei-watermeyer.de\/wp-content\/uploads\/2021\/07\/dsc02455-1-1140x855.jpg 1140w\" sizes=\"(max-width: 1024px) 100vw, 1024px\" \/><figcaption>Schloss Iburg <\/figcaption><\/figure>\n\n\n\n<p>Wie bei dem Foto des Schlossbergs vielleicht zu erkennen ist, herrschte w\u00e4hrend unseres Besuchs echtes Waschk\u00fcchenwetter. Es regnete zwar nicht, aber die Luftfeuchtigkeit war extrem hoch. Das sich diese Energie am n\u00e4chsten Tag in nie da gewesenen Unwettern in NRW und Rheinland-Pfalz entladen sollte, k\u00fcndigte sich da vielleicht schon an.<\/p>\n\n\n\n<p>Der eigentliche Wipfelpfad f\u00fchrt coronabedingt derzeit nur als \u201eEinbahnstra\u00dfe\u201c durch die Baumkronen.<\/p>\n\n\n\n<figure class=\"wp-block-image size-large\"><img data-attachment-id=\"1126\" data-permalink=\"http:\/\/imkerei-watermeyer.de\/?attachment_id=1126\" data-orig-file=\"http:\/\/imkerei-watermeyer.de\/wp-content\/uploads\/2021\/07\/dsc02463-2-1-scaled.jpg\" data-orig-size=\"1920,2560\" data-comments-opened=\"1\" data-image-meta=\"{&quot;aperture&quot;:&quot;3.2&quot;,&quot;credit&quot;:&quot;&quot;,&quot;camera&quot;:&quot;DSC-HX400V&quot;,&quot;caption&quot;:&quot;&quot;,&quot;created_timestamp&quot;:&quot;1626193097&quot;,&quot;copyright&quot;:&quot;&quot;,&quot;focal_length&quot;:&quot;5.38&quot;,&quot;iso&quot;:&quot;80&quot;,&quot;shutter_speed&quot;:&quot;0.005&quot;,&quot;title&quot;:&quot;&quot;,&quot;orientation&quot;:&quot;1&quot;}\" data-image-title=\"dsc02463-2\" data-image-description=\"\" data-image-caption=\"\" data-medium-file=\"http:\/\/imkerei-watermeyer.de\/wp-content\/uploads\/2021\/07\/dsc02463-2-1-225x300.jpg\" data-large-file=\"http:\/\/imkerei-watermeyer.de\/wp-content\/uploads\/2021\/07\/dsc02463-2-1-768x1024.jpg\" decoding=\"async\" loading=\"lazy\" width=\"768\" height=\"1024\" src=\"http:\/\/imkerei-watermeyer.de\/wp-content\/uploads\/2021\/07\/dsc02463-2-1-768x1024.jpg\" alt=\"\" class=\"wp-image-1126\" srcset=\"http:\/\/imkerei-watermeyer.de\/wp-content\/uploads\/2021\/07\/dsc02463-2-1-768x1024.jpg 768w, http:\/\/imkerei-watermeyer.de\/wp-content\/uploads\/2021\/07\/dsc02463-2-1-225x300.jpg 225w, http:\/\/imkerei-watermeyer.de\/wp-content\/uploads\/2021\/07\/dsc02463-2-1-1152x1536.jpg 1152w, http:\/\/imkerei-watermeyer.de\/wp-content\/uploads\/2021\/07\/dsc02463-2-1-1536x2048.jpg 1536w, http:\/\/imkerei-watermeyer.de\/wp-content\/uploads\/2021\/07\/dsc02463-2-1-1140x1520.jpg 1140w, http:\/\/imkerei-watermeyer.de\/wp-content\/uploads\/2021\/07\/dsc02463-2-1-scaled.jpg 1920w\" sizes=\"(max-width: 768px) 100vw, 768px\" \/><\/figure>\n\n\n\n<p>Zahlreiche teils interaktive Lehrtafeln und Informationsst\u00e4nde zur umliegenden Natur und zum Teutoburger Wald und dessen Entstehung sind entlang des Weges angeordnet.<\/p>\n\n\n\n<figure class=\"wp-block-image size-large\"><img data-attachment-id=\"1146\" data-permalink=\"http:\/\/imkerei-watermeyer.de\/?attachment_id=1146\" data-orig-file=\"http:\/\/imkerei-watermeyer.de\/wp-content\/uploads\/2021\/07\/dsc02470-1-scaled.jpg\" data-orig-size=\"1920,2560\" data-comments-opened=\"1\" data-image-meta=\"{&quot;aperture&quot;:&quot;3.2&quot;,&quot;credit&quot;:&quot;&quot;,&quot;camera&quot;:&quot;DSC-HX400V&quot;,&quot;caption&quot;:&quot;&quot;,&quot;created_timestamp&quot;:&quot;1626193374&quot;,&quot;copyright&quot;:&quot;&quot;,&quot;focal_length&quot;:&quot;5.38&quot;,&quot;iso&quot;:&quot;80&quot;,&quot;shutter_speed&quot;:&quot;0.005&quot;,&quot;title&quot;:&quot;&quot;,&quot;orientation&quot;:&quot;1&quot;}\" data-image-title=\"dsc02470-1\" data-image-description=\"\" data-image-caption=\"\" data-medium-file=\"http:\/\/imkerei-watermeyer.de\/wp-content\/uploads\/2021\/07\/dsc02470-1-225x300.jpg\" data-large-file=\"http:\/\/imkerei-watermeyer.de\/wp-content\/uploads\/2021\/07\/dsc02470-1-768x1024.jpg\" decoding=\"async\" loading=\"lazy\" width=\"768\" height=\"1024\" src=\"http:\/\/imkerei-watermeyer.de\/wp-content\/uploads\/2021\/07\/dsc02470-1-768x1024.jpg\" alt=\"\" class=\"wp-image-1146\" srcset=\"http:\/\/imkerei-watermeyer.de\/wp-content\/uploads\/2021\/07\/dsc02470-1-768x1024.jpg 768w, http:\/\/imkerei-watermeyer.de\/wp-content\/uploads\/2021\/07\/dsc02470-1-225x300.jpg 225w, http:\/\/imkerei-watermeyer.de\/wp-content\/uploads\/2021\/07\/dsc02470-1-1152x1536.jpg 1152w, http:\/\/imkerei-watermeyer.de\/wp-content\/uploads\/2021\/07\/dsc02470-1-1536x2048.jpg 1536w, http:\/\/imkerei-watermeyer.de\/wp-content\/uploads\/2021\/07\/dsc02470-1-1140x1520.jpg 1140w, http:\/\/imkerei-watermeyer.de\/wp-content\/uploads\/2021\/07\/dsc02470-1-scaled.jpg 1920w\" sizes=\"(max-width: 768px) 100vw, 768px\" \/><figcaption>Interaktive Informationstafel<\/figcaption><\/figure>\n\n\n\n<figure class=\"wp-block-image size-large\"><img data-attachment-id=\"1155\" data-permalink=\"http:\/\/imkerei-watermeyer.de\/?attachment_id=1155\" data-orig-file=\"http:\/\/imkerei-watermeyer.de\/wp-content\/uploads\/2021\/07\/dsc02468-1-scaled.jpg\" data-orig-size=\"1920,2560\" data-comments-opened=\"1\" data-image-meta=\"{&quot;aperture&quot;:&quot;3.2&quot;,&quot;credit&quot;:&quot;&quot;,&quot;camera&quot;:&quot;DSC-HX400V&quot;,&quot;caption&quot;:&quot;&quot;,&quot;created_timestamp&quot;:&quot;1626193262&quot;,&quot;copyright&quot;:&quot;&quot;,&quot;focal_length&quot;:&quot;5.38&quot;,&quot;iso&quot;:&quot;80&quot;,&quot;shutter_speed&quot;:&quot;0.003125&quot;,&quot;title&quot;:&quot;&quot;,&quot;orientation&quot;:&quot;1&quot;}\" data-image-title=\"dsc02468\" data-image-description=\"\" data-image-caption=\"\" data-medium-file=\"http:\/\/imkerei-watermeyer.de\/wp-content\/uploads\/2021\/07\/dsc02468-1-225x300.jpg\" data-large-file=\"http:\/\/imkerei-watermeyer.de\/wp-content\/uploads\/2021\/07\/dsc02468-1-768x1024.jpg\" decoding=\"async\" loading=\"lazy\" width=\"768\" height=\"1024\" src=\"http:\/\/imkerei-watermeyer.de\/wp-content\/uploads\/2021\/07\/dsc02468-1-768x1024.jpg\" alt=\"\" class=\"wp-image-1155\" srcset=\"http:\/\/imkerei-watermeyer.de\/wp-content\/uploads\/2021\/07\/dsc02468-1-768x1024.jpg 768w, http:\/\/imkerei-watermeyer.de\/wp-content\/uploads\/2021\/07\/dsc02468-1-225x300.jpg 225w, http:\/\/imkerei-watermeyer.de\/wp-content\/uploads\/2021\/07\/dsc02468-1-1152x1536.jpg 1152w, http:\/\/imkerei-watermeyer.de\/wp-content\/uploads\/2021\/07\/dsc02468-1-1536x2048.jpg 1536w, http:\/\/imkerei-watermeyer.de\/wp-content\/uploads\/2021\/07\/dsc02468-1-1140x1520.jpg 1140w, http:\/\/imkerei-watermeyer.de\/wp-content\/uploads\/2021\/07\/dsc02468-1-scaled.jpg 1920w\" sizes=\"(max-width: 768px) 100vw, 768px\" \/><figcaption>Lehrtafel zur Entstehung des Teutoburger Waldes <\/figcaption><\/figure>\n\n\n\n<p>Hier ein paar Daten und Zahlen zum Iburger Baumwipfelpfad:<\/p>\n\n\n\n<ul><li>Der Pfad ist 439m lang.<\/li><li>Er ist 28m hoch.<\/li><li>600t Stahl und 250 Kubikmeter Holz wurden verarbeitet.<\/li><\/ul>\n\n\n\n<p>Wer noch mehr Informationen zu diesem f\u00fcr die ganze Familie interessanten Ausflugsziel lesen m\u00f6chte, findet diese auf der Website <a rel=\"noreferrer noopener\" href=\"https:\/\/www.baumwipfelpfad-badiburg.de\/\" target=\"_blank\">baumwipfelpfad-badiburg.de<\/a>.<\/p>\n\n\n\n<figure class=\"wp-block-image size-large\"><img data-attachment-id=\"1154\" data-permalink=\"http:\/\/imkerei-watermeyer.de\/?attachment_id=1154\" data-orig-file=\"http:\/\/imkerei-watermeyer.de\/wp-content\/uploads\/2021\/07\/dsc02474-scaled.jpg\" data-orig-size=\"2560,1920\" data-comments-opened=\"1\" data-image-meta=\"{&quot;aperture&quot;:&quot;5&quot;,&quot;credit&quot;:&quot;&quot;,&quot;camera&quot;:&quot;DSC-HX400V&quot;,&quot;caption&quot;:&quot;&quot;,&quot;created_timestamp&quot;:&quot;1626193563&quot;,&quot;copyright&quot;:&quot;&quot;,&quot;focal_length&quot;:&quot;36.34&quot;,&quot;iso&quot;:&quot;160&quot;,&quot;shutter_speed&quot;:&quot;0.004&quot;,&quot;title&quot;:&quot;&quot;,&quot;orientation&quot;:&quot;1&quot;}\" data-image-title=\"dsc02474\" data-image-description=\"\" data-image-caption=\"\" data-medium-file=\"http:\/\/imkerei-watermeyer.de\/wp-content\/uploads\/2021\/07\/dsc02474-300x225.jpg\" data-large-file=\"http:\/\/imkerei-watermeyer.de\/wp-content\/uploads\/2021\/07\/dsc02474-1024x768.jpg\" decoding=\"async\" loading=\"lazy\" width=\"1024\" height=\"768\" src=\"http:\/\/imkerei-watermeyer.de\/wp-content\/uploads\/2021\/07\/dsc02474-1024x768.jpg\" alt=\"\" class=\"wp-image-1154\" srcset=\"http:\/\/imkerei-watermeyer.de\/wp-content\/uploads\/2021\/07\/dsc02474-1024x768.jpg 1024w, http:\/\/imkerei-watermeyer.de\/wp-content\/uploads\/2021\/07\/dsc02474-300x225.jpg 300w, http:\/\/imkerei-watermeyer.de\/wp-content\/uploads\/2021\/07\/dsc02474-768x576.jpg 768w, http:\/\/imkerei-watermeyer.de\/wp-content\/uploads\/2021\/07\/dsc02474-1536x1152.jpg 1536w, http:\/\/imkerei-watermeyer.de\/wp-content\/uploads\/2021\/07\/dsc02474-2048x1536.jpg 2048w, http:\/\/imkerei-watermeyer.de\/wp-content\/uploads\/2021\/07\/dsc02474-1140x855.jpg 1140w\" sizes=\"(max-width: 1024px) 100vw, 1024px\" \/><figcaption>Hornisse auf dem Gel\u00e4nder des Weges<\/figcaption><\/figure>\n\n\n\n<p>Wenn ihr mehr \u00fcber uns und unsere Aktivit\u00e4ten erfahren wollt, empfehlen wir euch zus\u00e4tzlich zu unserer Website unseren Instagram-Account:<\/p>\n\n\n\n<figure class=\"wp-block-image\"><img data-attachment-id=\"1158\" data-permalink=\"http:\/\/imkerei-watermeyer.de\/?attachment_id=1158\" data-orig-file=\"http:\/\/imkerei-watermeyer.de\/wp-content\/uploads\/2021\/07\/1063388b-8695-4672-bd86-ca578657dc89-3983-000003eb01a8ef8b_file.jpg\" data-orig-size=\"750,1260\" data-comments-opened=\"1\" data-image-meta=\"{&quot;aperture&quot;:&quot;0&quot;,&quot;credit&quot;:&quot;&quot;,&quot;camera&quot;:&quot;&quot;,&quot;caption&quot;:&quot;&quot;,&quot;created_timestamp&quot;:&quot;0&quot;,&quot;copyright&quot;:&quot;&quot;,&quot;focal_length&quot;:&quot;0&quot;,&quot;iso&quot;:&quot;0&quot;,&quot;shutter_speed&quot;:&quot;0&quot;,&quot;title&quot;:&quot;&quot;,&quot;orientation&quot;:&quot;1&quot;}\" data-image-title=\"1063388b-8695-4672-bd86-ca578657dc89-3983-000003eb01a8ef8b_file\" data-image-description=\"\" data-image-caption=\"\" data-medium-file=\"http:\/\/imkerei-watermeyer.de\/wp-content\/uploads\/2021\/07\/1063388b-8695-4672-bd86-ca578657dc89-3983-000003eb01a8ef8b_file-179x300.jpg\" data-large-file=\"http:\/\/imkerei-watermeyer.de\/wp-content\/uploads\/2021\/07\/1063388b-8695-4672-bd86-ca578657dc89-3983-000003eb01a8ef8b_file-610x1024.jpg\" decoding=\"async\" loading=\"lazy\" width=\"750\" height=\"1260\" src=\"http:\/\/imkerei-watermeyer.de\/wp-content\/uploads\/2021\/07\/1063388b-8695-4672-bd86-ca578657dc89-3983-000003eb01a8ef8b_file.jpg\" alt=\"\" class=\"wp-image-1158\" srcset=\"http:\/\/imkerei-watermeyer.de\/wp-content\/uploads\/2021\/07\/1063388b-8695-4672-bd86-ca578657dc89-3983-000003eb01a8ef8b_file.jpg 750w, http:\/\/imkerei-watermeyer.de\/wp-content\/uploads\/2021\/07\/1063388b-8695-4672-bd86-ca578657dc89-3983-000003eb01a8ef8b_file-179x300.jpg 179w, http:\/\/imkerei-watermeyer.de\/wp-content\/uploads\/2021\/07\/1063388b-8695-4672-bd86-ca578657dc89-3983-000003eb01a8ef8b_file-610x1024.jpg 610w\" sizes=\"(max-width: 750px) 100vw, 750px\" \/><\/figure>\n","protected":false},"excerpt":{"rendered":"<p>Nachdem das Wetter an den letzten Tagen den Teutoburger Wald in den Teutoburger Regenwald verwandelt hatte, sollte es endlich ein paar Stunden (relativ) trocken bleiben. Diese Gelegenheit wollten wir uns nicht entgehen lassen und sind mit den Kindern losgezogen, um drau\u00dfen etwas zu unternehmen. Seit der Landesgartenschau 2018 gibt es [&hellip;]<\/p>\n","protected":false},"author":1,"featured_media":1143,"comment_status":"open","ping_status":"open","sticky":false,"template":"","format":"standard","meta":{"jetpack_post_was_ever_published":false,"_jetpack_newsletter_access":"","jetpack_publicize_message":"","jetpack_is_tweetstorm":false,"jetpack_publicize_feature_enabled":true,"jetpack_social_post_already_shared":true,"jetpack_social_options":{"image_generator_settings":{"template":"highway","enabled":false}}},"categories":[181],"tags":[146,186,182,158,183,31,188,190,191,187,111,189],"jetpack_publicize_connections":[],"jetpack_featured_media_url":"http:\/\/imkerei-watermeyer.de\/wp-content\/uploads\/2021\/07\/dsc02459-1-1-scaled.jpg","jetpack_sharing_enabled":true,"jetpack_shortlink":"https:\/\/wp.me\/p9uDaz-io","jetpack_likes_enabled":true,"jetpack-related-posts":[{"id":708,"url":"http:\/\/imkerei-watermeyer.de\/?p=708","url_meta":{"origin":1140,"position":0},"title":"Das Nasse Dreieck &#8211; Wandern im Teutoburger Wald","author":"Homeraner","date":"August 11, 2019","format":false,"excerpt":"Wie wir in unserem \"\u00dcber Uns\"-Bereich geschrieben haben, genie\u00dfen wir es, unseren Rucksack mit Proviant zu packen, die Wanderschuhe anzuziehen und dann im Teutoburger Wald eine Runde zu wandern. Wir sind ja beide keine Ur-Laggenbecker. W\u00e4hrend ich aus dem flachen Westm\u00fcnsterland stamme, kommt Ina ja immerhin aus dem \u00f6stlichen Teil\u2026","rel":"","context":"In &quot;Natur&quot;","block_context":{"text":"Natur","link":"http:\/\/imkerei-watermeyer.de\/?cat=3"},"img":{"alt_text":"","src":"https:\/\/i0.wp.com\/imkerei-watermeyer.de\/wp-content\/uploads\/2019\/08\/dsc00505.jpg?resize=350%2C200","width":350,"height":200,"srcset":"https:\/\/i0.wp.com\/imkerei-watermeyer.de\/wp-content\/uploads\/2019\/08\/dsc00505.jpg?resize=350%2C200 1x, https:\/\/i0.wp.com\/imkerei-watermeyer.de\/wp-content\/uploads\/2019\/08\/dsc00505.jpg?resize=700%2C400 2x, https:\/\/i0.wp.com\/imkerei-watermeyer.de\/wp-content\/uploads\/2019\/08\/dsc00505.jpg?resize=1050%2C600 3x, https:\/\/i0.wp.com\/imkerei-watermeyer.de\/wp-content\/uploads\/2019\/08\/dsc00505.jpg?resize=1400%2C800 4x"},"classes":[]},{"id":832,"url":"http:\/\/imkerei-watermeyer.de\/?p=832","url_meta":{"origin":1140,"position":1},"title":"Wandern mit M\u00fcnsterlandblick","author":"Homeraner","date":"September 15, 2019","format":false,"excerpt":"Wir waren wieder wandern! Dieses mal ging es mit herrlichen Blick \u00fcbers M\u00fcnsterland an den S\u00fcdhang von Tecklenburg. Den ganzen Bericht findet ihr unter: http:\/\/imkerei-watermeyer.de\/?p=832","rel":"","context":"In &quot;Wandern&quot;","block_context":{"text":"Wandern","link":"http:\/\/imkerei-watermeyer.de\/?cat=117"},"img":{"alt_text":"","src":"https:\/\/i0.wp.com\/imkerei-watermeyer.de\/wp-content\/uploads\/2019\/09\/dsc00856.jpg?resize=350%2C200","width":350,"height":200,"srcset":"https:\/\/i0.wp.com\/imkerei-watermeyer.de\/wp-content\/uploads\/2019\/09\/dsc00856.jpg?resize=350%2C200 1x, https:\/\/i0.wp.com\/imkerei-watermeyer.de\/wp-content\/uploads\/2019\/09\/dsc00856.jpg?resize=700%2C400 2x, https:\/\/i0.wp.com\/imkerei-watermeyer.de\/wp-content\/uploads\/2019\/09\/dsc00856.jpg?resize=1050%2C600 3x, https:\/\/i0.wp.com\/imkerei-watermeyer.de\/wp-content\/uploads\/2019\/09\/dsc00856.jpg?resize=1400%2C800 4x"},"classes":[]},{"id":501,"url":"http:\/\/imkerei-watermeyer.de\/?p=501","url_meta":{"origin":1140,"position":2},"title":"1. richtig warme Fr\u00fchlingstag","author":"Homeraner","date":"April 17, 2018","format":false,"excerpt":"Heute ist hier im Teutoburger Wald der erste richtig warme Fr\u00fchlingstag mit Temperaturen \u00fcber 20 Grad Celsius. Nicht nur wir Menschen haben das Bed\u00fcrfnis, bei dem warmen Wetter m\u00f6glichst viel Zeit drau\u00dfen zu verbringen. Auch die Bienen zieht es aus dem Stock raus und flei\u00dfig werden Pollen und Nektar gesammelt.\u2026","rel":"","context":"In &quot;Bienenbilder&quot;","block_context":{"text":"Bienenbilder","link":"http:\/\/imkerei-watermeyer.de\/?cat=2"},"img":{"alt_text":"","src":"https:\/\/i0.wp.com\/imkerei-watermeyer.de\/wp-content\/uploads\/2018\/04\/img_0740.jpg?resize=350%2C200","width":350,"height":200,"srcset":"https:\/\/i0.wp.com\/imkerei-watermeyer.de\/wp-content\/uploads\/2018\/04\/img_0740.jpg?resize=350%2C200 1x, https:\/\/i0.wp.com\/imkerei-watermeyer.de\/wp-content\/uploads\/2018\/04\/img_0740.jpg?resize=700%2C400 2x, https:\/\/i0.wp.com\/imkerei-watermeyer.de\/wp-content\/uploads\/2018\/04\/img_0740.jpg?resize=1050%2C600 3x, https:\/\/i0.wp.com\/imkerei-watermeyer.de\/wp-content\/uploads\/2018\/04\/img_0740.jpg?resize=1400%2C800 4x"},"classes":[]},{"id":655,"url":"http:\/\/imkerei-watermeyer.de\/?p=655","url_meta":{"origin":1140,"position":3},"title":"Honigernte &#8211; Sp\u00e4ttracht","author":"Homeraner","date":"Juli 21, 2019","format":false,"excerpt":"Am letzten Mittwoch konnten wir wieder Honig ernten. W\u00e4hrend der Lindenbl\u00fcte konnten die Bienen so einiges an Nektar eintragen und in M\u00fcnster-Amelsb\u00fcren haben sie sich auch flei\u00dfig an der dort angelegten Blumenwiese bedient. Biene in der Wildblumenwiese Die Bienen haben das k\u00e4ltere Wetter der Tage zuvor genutzt und haben den\u2026","rel":"","context":"In &quot;Bienenbilder&quot;","block_context":{"text":"Bienenbilder","link":"http:\/\/imkerei-watermeyer.de\/?cat=2"},"img":{"alt_text":"","src":"https:\/\/i0.wp.com\/imkerei-watermeyer.de\/wp-content\/uploads\/2019\/07\/dsc00166-5.jpg?resize=350%2C200","width":350,"height":200,"srcset":"https:\/\/i0.wp.com\/imkerei-watermeyer.de\/wp-content\/uploads\/2019\/07\/dsc00166-5.jpg?resize=350%2C200 1x, https:\/\/i0.wp.com\/imkerei-watermeyer.de\/wp-content\/uploads\/2019\/07\/dsc00166-5.jpg?resize=700%2C400 2x, https:\/\/i0.wp.com\/imkerei-watermeyer.de\/wp-content\/uploads\/2019\/07\/dsc00166-5.jpg?resize=1050%2C600 3x, https:\/\/i0.wp.com\/imkerei-watermeyer.de\/wp-content\/uploads\/2019\/07\/dsc00166-5.jpg?resize=1400%2C800 4x"},"classes":[]},{"id":932,"url":"http:\/\/imkerei-watermeyer.de\/?p=932","url_meta":{"origin":1140,"position":4},"title":"Endlich Zeit zum Hochbeetbau","author":"Homeraner","date":"Mai 27, 2020","format":false,"excerpt":"Im April hatte Daniel aufgrund seines Arbeitsplatzwechsels nicht nur Zeit zum Efeu rupfen, er konnte auch endlich daran gehen, die Hochbeete zu bauen. Lange haben Ina und Daniel \u00fcberlegt, ob sie selber die Materialien f\u00fcr die Hochbeete zusammenstellen sollen oder doch lieber einen Bausatz im Intern bestellen. Beim Blick auf\u2026","rel":"","context":"In &quot;Garten&quot;","block_context":{"text":"Garten","link":"http:\/\/imkerei-watermeyer.de\/?cat=163"},"img":{"alt_text":"","src":"https:\/\/i0.wp.com\/imkerei-watermeyer.de\/wp-content\/uploads\/2020\/05\/70bd2eed-d040-46ec-9e0e-6208e75e9fb0-27248-00000abd7a376f4f_-1-scaled.jpg?resize=350%2C200","width":350,"height":200,"srcset":"https:\/\/i0.wp.com\/imkerei-watermeyer.de\/wp-content\/uploads\/2020\/05\/70bd2eed-d040-46ec-9e0e-6208e75e9fb0-27248-00000abd7a376f4f_-1-scaled.jpg?resize=350%2C200 1x, https:\/\/i0.wp.com\/imkerei-watermeyer.de\/wp-content\/uploads\/2020\/05\/70bd2eed-d040-46ec-9e0e-6208e75e9fb0-27248-00000abd7a376f4f_-1-scaled.jpg?resize=700%2C400 2x, https:\/\/i0.wp.com\/imkerei-watermeyer.de\/wp-content\/uploads\/2020\/05\/70bd2eed-d040-46ec-9e0e-6208e75e9fb0-27248-00000abd7a376f4f_-1-scaled.jpg?resize=1050%2C600 3x, https:\/\/i0.wp.com\/imkerei-watermeyer.de\/wp-content\/uploads\/2020\/05\/70bd2eed-d040-46ec-9e0e-6208e75e9fb0-27248-00000abd7a376f4f_-1-scaled.jpg?resize=1400%2C800 4x"},"classes":[]},{"id":1289,"url":"http:\/\/imkerei-watermeyer.de\/?p=1289","url_meta":{"origin":1140,"position":5},"title":"Titel \u00fcber Titel","author":"laggenbiene","date":"Juli 21, 2025","format":false,"excerpt":"Ich habe keine Ahnung, was mich dabei geritten hat, in 2024 mit Cees und C\u00e4sar an so vielen Ausstellungen teilzunehmen. In Kassel im Januar war ich noch alleine mit Cees. Es war eine erfolgreiche Ausstellung f\u00fcr uns. Cees wurde Best Of Breed und vor allem haben wir Silvia Bayer mit\u2026","rel":"","context":"In &quot;Ausstellungen&quot;","block_context":{"text":"Ausstellungen","link":"http:\/\/imkerei-watermeyer.de\/?cat=213"},"img":{"alt_text":"","src":"https:\/\/i0.wp.com\/imkerei-watermeyer.de\/wp-content\/uploads\/2025\/07\/img_6658.jpg?resize=350%2C200","width":350,"height":200,"srcset":"https:\/\/i0.wp.com\/imkerei-watermeyer.de\/wp-content\/uploads\/2025\/07\/img_6658.jpg?resize=350%2C200 1x, https:\/\/i0.wp.com\/imkerei-watermeyer.de\/wp-content\/uploads\/2025\/07\/img_6658.jpg?resize=700%2C400 2x, https:\/\/i0.wp.com\/imkerei-watermeyer.de\/wp-content\/uploads\/2025\/07\/img_6658.jpg?resize=1050%2C600 3x, https:\/\/i0.wp.com\/imkerei-watermeyer.de\/wp-content\/uploads\/2025\/07\/img_6658.jpg?resize=1400%2C800 4x"},"classes":[]}],"_links":{"self":[{"href":"http:\/\/imkerei-watermeyer.de\/index.php?rest_route=\/wp\/v2\/posts\/1140"}],"collection":[{"href":"http:\/\/imkerei-watermeyer.de\/index.php?rest_route=\/wp\/v2\/posts"}],"about":[{"href":"http:\/\/imkerei-watermeyer.de\/index.php?rest_route=\/wp\/v2\/types\/post"}],"author":[{"embeddable":true,"href":"http:\/\/imkerei-watermeyer.de\/index.php?rest_route=\/wp\/v2\/users\/1"}],"replies":[{"embeddable":true,"href":"http:\/\/imkerei-watermeyer.de\/index.php?rest_route=%2Fwp%2Fv2%2Fcomments&post=1140"}],"version-history":[{"count":7,"href":"http:\/\/imkerei-watermeyer.de\/index.php?rest_route=\/wp\/v2\/posts\/1140\/revisions"}],"predecessor-version":[{"id":1159,"href":"http:\/\/imkerei-watermeyer.de\/index.php?rest_route=\/wp\/v2\/posts\/1140\/revisions\/1159"}],"wp:featuredmedia":[{"embeddable":true,"href":"http:\/\/imkerei-watermeyer.de\/index.php?rest_route=\/wp\/v2\/media\/1143"}],"wp:attachment":[{"href":"http:\/\/imkerei-watermeyer.de\/index.php?rest_route=%2Fwp%2Fv2%2Fmedia&parent=1140"}],"wp:term":[{"taxonomy":"category","embeddable":true,"href":"http:\/\/imkerei-watermeyer.de\/index.php?rest_route=%2Fwp%2Fv2%2Fcategories&post=1140"},{"taxonomy":"post_tag","embeddable":true,"href":"http:\/\/imkerei-watermeyer.de\/index.php?rest_route=%2Fwp%2Fv2%2Ftags&post=1140"}],"curies":[{"name":"wp","href":"https:\/\/api.w.org\/{rel}","templated":true}]}}